{"id":143758,"date":"2026-03-10T17:43:31","date_gmt":"2026-03-10T16:43:31","guid":{"rendered":"https:\/\/www.retaildetail.be\/?p=143758"},"modified":"2026-03-10T17:43:32","modified_gmt":"2026-03-10T16:43:32","slug":"reorganisation-chez-alken-maes-une-vingtaine-demplois-supprimes","status":"publish","type":"post","link":"https:\/\/www.retaildetail.be\/fr\/news\/food\/reorganisation-chez-alken-maes-une-vingtaine-demplois-supprimes\/","title":{"rendered":"R\u00e9organisation chez Alken-Maes : une vingtaine d&#8217;emplois supprim\u00e9s"},"content":{"rendered":"\n<p><strong>Alken-Maes<\/strong>, filiale de <strong>Heineken<\/strong>, supprime une vingtaine de postes administratifs. Les activit\u00e9s belges doivent collaborer plus \u00e9troitement avec la soci\u00e9t\u00e9 m\u00e8re n\u00e9erlandaise, comme annonc\u00e9 pr\u00e9c\u00e9demment.<\/p>\n\n\n\n<h2 class=\"wp-block-heading\">Int\u00e9gration plus \u00e9troite<\/h2>\n\n\n\n<p>Il s&rsquo;agit de fonctions administratives, notamment dans les domaines de la comptabilit\u00e9, des ressources humaines et des technologies de l&rsquo;information. Avec cette mesure, Alken-Maes souhaite mieux aligner son fonctionnement sur celui de Heineken aux Pays-Bas. <\/p>\n\n\n\n<p>Selon le PDG Kenny Willems, ces \u00e9conomies d&rsquo;\u00e9chelle permettent une organisation plus efficace, ce qui est n\u00e9cessaire dans un march\u00e9 de la bi\u00e8re en pleine mutation : \u00ab Il n&rsquo;est pas logique de d\u00e9velopper en Belgique des syst\u00e8mes et des processus distincts pour l&rsquo;informatique, la planification, les ressources humaines, les achats ou les finances. \u00bb<\/p>\n\n\n\n<p>D\u00e9but f\u00e9vrier, Alken-Maes avait d\u00e9j\u00e0 annonc\u00e9 <a href=\"https:\/\/www.retaildetail.be\/fr\/news\/food\/heineken-centralise-les-services-dalken-maes-aux-pays-bas-impact-sur-lemploi-incertain\/\">son intention de centraliser certaines activit\u00e9s administratives et logistiques<\/a> aux Pays-Bas, mais l&rsquo;impact concret sur l&#8217;emploi n&rsquo;\u00e9tait pas encore connu \u00e0 l&rsquo;\u00e9poque. L&rsquo;entreprise avait toutefois indiqu\u00e9 que l&rsquo;impact sur l&rsquo;organisation belge resterait \u00ab limit\u00e9 \u00bb et soulign\u00e9 que les brasseries ne seraient pas touch\u00e9es.<\/p>\n\n\n\n<p>Il n&rsquo;y aura pas de transfert complet vers les Pays-Bas, souligne Willems dans De Tijd. Ainsi, <a href=\"https:\/\/www.tijd.be\/ondernemen\/voeding-drank\/20-jobs-weg-bij-alken-maes-door-nauwere-samenwerking-met-heineken\/10651938.html\">la fiscalit\u00e9 continuera d&rsquo;\u00eatre g\u00e9r\u00e9e localement<\/a> par le d\u00e9partement financier, tandis que certaines fonctions centralis\u00e9es pourront \u00eatre occup\u00e9es par des employ\u00e9s belges.<\/p>\n\n\n\n<h2 class=\"wp-block-heading\">Des licenciements \u00e9galement aux Pays-Bas<\/h2>\n\n\n\n<p>La restructuration s&rsquo;inscrit \u00e9galement dans le cadre d&rsquo;une r\u00e9organisation plus large chez Heineken. Le brasseur est confront\u00e9 depuis un certain temps \u00e0 des r\u00e9sultats d\u00e9cevants et a annonc\u00e9 l&rsquo;ann\u00e9e derni\u00e8re une intervention entra\u00eenant la suppression de quatre cents emplois au si\u00e8ge social \u00e0 Amsterdam. Au niveau mondial, <a href=\"https:\/\/www.retaildetail.be\/fr\/news\/food\/heineken-supprime-jusqua-6-000-emplois-apres-une-annee-morose\/\">ce sont m\u00eame 5 000 \u00e0 6 000 emplois qui dispara\u00eetront cette ann\u00e9e.<\/a><\/p>\n\n\n\n<p>Dans un plan strat\u00e9gique quinquennal, Heineken met l&rsquo;accent sur cinq marques mondiales cl\u00e9s : Heineken, Tiger, Amstel, Desperados et Birra Moretti. Les marques belges ne font pas partie de ces priorit\u00e9s. Alken-Maes est pourtant le deuxi\u00e8me plus grand brasseur de Belgique, loin derri\u00e8re AB InBev. <\/p>\n\n\n\n<p>L&rsquo;entreprise a son si\u00e8ge social \u00e0 Malines et compte plus de six cents employ\u00e9s. Elle poss\u00e8de deux brasseries \u00e0 Alken (Limbourg) et Kobbegem (Brabant flamand), un producteur de cidre \u00e0 Aubel (province de Li\u00e8ge) et une malterie \u00e0 Puurs-Sint-Amands (province d&rsquo;Anvers).<\/p>\n","protected":false},"excerpt":{"rendered":"<p>Alken-Maes, filiale de Heineken, supprime une vingtaine de postes administratifs. Les activit\u00e9s belges doivent collaborer plus \u00e9troitement avec la soci\u00e9t\u00e9 m\u00e8re n\u00e9erlandaise, comme annonc\u00e9 pr\u00e9c\u00e9demment.<\/p>\n","protected":false},"author":5,"featured_media":143759,"comment_status":"closed","ping_status":"closed","sticky":false,"template":"","format":"standard","meta":{"_acf_changed":false,"inline_featured_image":false,"_jetpack_memberships_contains_paid_content":false,"footnotes":""},"categories":[18,24],"tags":[736,780],"people":[],"extra":[43],"company":[479,130],"topic":[332],"region":[226],"class_list":{"0":"post-143758","1":"post","2":"type-post","3":"status-publish","4":"format-standard","5":"has-post-thumbnail","6":"hentry","7":"category-food","9":"tag-bier","10":"tag-biere","11":"extra-plus","12":"company-alken-maes","13":"company-heineken","14":"topic-restructuration","15":"region-belgique"},"acf":[],"yoast_head":"<!-- This site is optimized with the Yoast SEO plugin v27.3 - https:\/\/yoast.com\/product\/yoast-seo-wordpress\/ -->\n<title>R\u00e9organisation chez Alken-Maes : une vingtaine d&#039;emplois supprim\u00e9s - RetailDetail BE<\/title>\n<meta name=\"description\" content=\"Alken-Maes, filiale de Heineken, supprime une vingtaine de postes administratifs. Les activit\u00e9s belges doivent collaborer plus \u00e9troitement avec la soci\u00e9t\u00e9 m\u00e8re n\u00e9erlandaise.\" \/>\n<meta name=\"robots\" content=\"index, follow, max-snippet:-1, max-image-preview:large, max-video-preview:-1\" \/>\n<link rel=\"canonical\" href=\"https:\/\/www.retaildetail.be\/fr\/news\/food\/reorganisation-chez-alken-maes-une-vingtaine-demplois-supprimes\/\" \/>\n<meta property=\"og:locale\" content=\"fr_FR\" \/>\n<meta property=\"og:type\" content=\"article\" \/>\n<meta property=\"og:title\" content=\"R\u00e9organisation chez Alken-Maes : une vingtaine d&#039;emplois supprim\u00e9s - RetailDetail BE\" \/>\n<meta property=\"og:description\" content=\"Alken-Maes, filiale de Heineken, supprime une vingtaine de postes administratifs. Les activit\u00e9s belges doivent collaborer plus \u00e9troitement avec la soci\u00e9t\u00e9 m\u00e8re n\u00e9erlandaise.\" \/>\n<meta property=\"og:url\" content=\"https:\/\/www.retaildetail.be\/fr\/news\/food\/reorganisation-chez-alken-maes-une-vingtaine-demplois-supprimes\/\" \/>\n<meta property=\"og:site_name\" content=\"RetailDetail BE\" \/>\n<meta property=\"article:published_time\" content=\"2026-03-10T16:43:31+00:00\" \/>\n<meta property=\"article:modified_time\" content=\"2026-03-10T16:43:32+00:00\" \/>\n<meta property=\"og:image\" content=\"https:\/\/www.retaildetail.be\/wp-content\/uploads\/2026\/03\/shutterstock_2418154765-Alken-Maes.jpg\" \/>\n\t<meta property=\"og:image:width\" content=\"1000\" \/>\n\t<meta property=\"og:image:height\" content=\"750\" \/>\n\t<meta property=\"og:image:type\" content=\"image\/jpeg\" \/>\n<meta name=\"author\" content=\"Pauline Neerman\" \/>\n<meta name=\"twitter:card\" content=\"summary_large_image\" \/>\n<meta name=\"twitter:label1\" content=\"\u00c9crit par\" \/>\n\t<meta name=\"twitter:data1\" content=\"Pauline Neerman\" \/>\n\t<meta name=\"twitter:label2\" content=\"Dur\u00e9e de lecture estim\u00e9e\" \/>\n\t<meta name=\"twitter:data2\" content=\"2 minutes\" \/>\n<script type=\"application\/ld+json\" class=\"yoast-schema-graph\">{\"@context\":\"https:\\\/\\\/schema.org\",\"@graph\":[{\"@type\":\"NewsArticle\",\"@id\":\"https:\\\/\\\/www.retaildetail.be\\\/fr\\\/news\\\/food\\\/reorganisation-chez-alken-maes-une-vingtaine-demplois-supprimes\\\/#article\",\"isPartOf\":{\"@id\":\"https:\\\/\\\/www.retaildetail.be\\\/fr\\\/news\\\/food\\\/reorganisation-chez-alken-maes-une-vingtaine-demplois-supprimes\\\/\"},\"author\":{\"name\":\"Pauline Neerman\",\"@id\":\"https:\\\/\\\/www.retaildetail.be\\\/nl\\\/#\\\/schema\\\/person\\\/66b54803fa10759039079458ea89e307\"},\"headline\":\"R\u00e9organisation chez Alken-Maes : une vingtaine d&#8217;emplois supprim\u00e9s\",\"datePublished\":\"2026-03-10T16:43:31+00:00\",\"dateModified\":\"2026-03-10T16:43:32+00:00\",\"mainEntityOfPage\":{\"@id\":\"https:\\\/\\\/www.retaildetail.be\\\/fr\\\/news\\\/food\\\/reorganisation-chez-alken-maes-une-vingtaine-demplois-supprimes\\\/\"},\"wordCount\":410,\"publisher\":{\"@id\":\"https:\\\/\\\/www.retaildetail.be\\\/nl\\\/#organization\"},\"image\":{\"@id\":\"https:\\\/\\\/www.retaildetail.be\\\/fr\\\/news\\\/food\\\/reorganisation-chez-alken-maes-une-vingtaine-demplois-supprimes\\\/#primaryimage\"},\"thumbnailUrl\":\"https:\\\/\\\/www.retaildetail.be\\\/wp-content\\\/uploads\\\/2026\\\/03\\\/shutterstock_2418154765-Alken-Maes.jpg\",\"keywords\":[\"Bier\",\"bi\u00e8re\"],\"articleSection\":[\"Food\",\"Food\"],\"inLanguage\":\"fr-FR\",\"copyrightYear\":\"2026\",\"copyrightHolder\":{\"@id\":\"https:\\\/\\\/www.retaildetail.be\\\/#organization\"}},{\"@type\":\"WebPage\",\"@id\":\"https:\\\/\\\/www.retaildetail.be\\\/fr\\\/news\\\/food\\\/reorganisation-chez-alken-maes-une-vingtaine-demplois-supprimes\\\/\",\"url\":\"https:\\\/\\\/www.retaildetail.be\\\/fr\\\/news\\\/food\\\/reorganisation-chez-alken-maes-une-vingtaine-demplois-supprimes\\\/\",\"name\":\"R\u00e9organisation chez Alken-Maes : une vingtaine d'emplois supprim\u00e9s - RetailDetail BE\",\"isPartOf\":{\"@id\":\"https:\\\/\\\/www.retaildetail.be\\\/nl\\\/#website\"},\"primaryImageOfPage\":{\"@id\":\"https:\\\/\\\/www.retaildetail.be\\\/fr\\\/news\\\/food\\\/reorganisation-chez-alken-maes-une-vingtaine-demplois-supprimes\\\/#primaryimage\"},\"image\":{\"@id\":\"https:\\\/\\\/www.retaildetail.be\\\/fr\\\/news\\\/food\\\/reorganisation-chez-alken-maes-une-vingtaine-demplois-supprimes\\\/#primaryimage\"},\"thumbnailUrl\":\"https:\\\/\\\/www.retaildetail.be\\\/wp-content\\\/uploads\\\/2026\\\/03\\\/shutterstock_2418154765-Alken-Maes.jpg\",\"datePublished\":\"2026-03-10T16:43:31+00:00\",\"dateModified\":\"2026-03-10T16:43:32+00:00\",\"description\":\"Alken-Maes, filiale de Heineken, supprime une vingtaine de postes administratifs. Les activit\u00e9s belges doivent collaborer plus \u00e9troitement avec la soci\u00e9t\u00e9 m\u00e8re n\u00e9erlandaise.\",\"breadcrumb\":{\"@id\":\"https:\\\/\\\/www.retaildetail.be\\\/fr\\\/news\\\/food\\\/reorganisation-chez-alken-maes-une-vingtaine-demplois-supprimes\\\/#breadcrumb\"},\"inLanguage\":\"fr-FR\",\"potentialAction\":[{\"@type\":\"ReadAction\",\"target\":[\"https:\\\/\\\/www.retaildetail.be\\\/fr\\\/news\\\/food\\\/reorganisation-chez-alken-maes-une-vingtaine-demplois-supprimes\\\/\"]}]},{\"@type\":\"ImageObject\",\"inLanguage\":\"fr-FR\",\"@id\":\"https:\\\/\\\/www.retaildetail.be\\\/fr\\\/news\\\/food\\\/reorganisation-chez-alken-maes-une-vingtaine-demplois-supprimes\\\/#primaryimage\",\"url\":\"https:\\\/\\\/www.retaildetail.be\\\/wp-content\\\/uploads\\\/2026\\\/03\\\/shutterstock_2418154765-Alken-Maes.jpg\",\"contentUrl\":\"https:\\\/\\\/www.retaildetail.be\\\/wp-content\\\/uploads\\\/2026\\\/03\\\/shutterstock_2418154765-Alken-Maes.jpg\",\"width\":1000,\"height\":750,\"caption\":\"\u00a9 Salparadis \\\/ Shutterstock.com\"},{\"@type\":\"BreadcrumbList\",\"@id\":\"https:\\\/\\\/www.retaildetail.be\\\/fr\\\/news\\\/food\\\/reorganisation-chez-alken-maes-une-vingtaine-demplois-supprimes\\\/#breadcrumb\",\"itemListElement\":[{\"@type\":\"ListItem\",\"position\":1,\"name\":\"Home\",\"item\":\"https:\\\/\\\/www.retaildetail.be\\\/fr\\\/\"},{\"@type\":\"ListItem\",\"position\":2,\"name\":\"R\u00e9organisation chez Alken-Maes : une vingtaine d&#8217;emplois supprim\u00e9s\"}]},{\"@type\":\"WebSite\",\"@id\":\"https:\\\/\\\/www.retaildetail.be\\\/nl\\\/#website\",\"url\":\"https:\\\/\\\/www.retaildetail.be\\\/nl\\\/\",\"name\":\"RetailDetail BE\",\"description\":\"News\",\"publisher\":{\"@id\":\"https:\\\/\\\/www.retaildetail.be\\\/nl\\\/#organization\"},\"potentialAction\":[{\"@type\":\"SearchAction\",\"target\":{\"@type\":\"EntryPoint\",\"urlTemplate\":\"https:\\\/\\\/www.retaildetail.be\\\/nl\\\/?s={search_term_string}\"},\"query-input\":{\"@type\":\"PropertyValueSpecification\",\"valueRequired\":true,\"valueName\":\"search_term_string\"}}],\"inLanguage\":\"fr-FR\"},{\"@type\":\"Organization\",\"@id\":\"https:\\\/\\\/www.retaildetail.be\\\/nl\\\/#organization\",\"name\":\"RetailDetail BE\",\"url\":\"https:\\\/\\\/www.retaildetail.be\\\/nl\\\/\",\"logo\":{\"@type\":\"ImageObject\",\"inLanguage\":\"fr-FR\",\"@id\":\"https:\\\/\\\/www.retaildetail.be\\\/nl\\\/#\\\/schema\\\/logo\\\/image\\\/\",\"url\":\"https:\\\/\\\/www.retaildetail.be\\\/wp-content\\\/uploads\\\/2022\\\/04\\\/logo.svg\",\"contentUrl\":\"https:\\\/\\\/www.retaildetail.be\\\/wp-content\\\/uploads\\\/2022\\\/04\\\/logo.svg\",\"width\":131,\"height\":70,\"caption\":\"RetailDetail BE\"},\"image\":{\"@id\":\"https:\\\/\\\/www.retaildetail.be\\\/nl\\\/#\\\/schema\\\/logo\\\/image\\\/\"}},{\"@type\":\"Person\",\"@id\":\"https:\\\/\\\/www.retaildetail.be\\\/nl\\\/#\\\/schema\\\/person\\\/66b54803fa10759039079458ea89e307\",\"name\":\"Pauline Neerman\",\"image\":{\"@type\":\"ImageObject\",\"inLanguage\":\"fr-FR\",\"@id\":\"https:\\\/\\\/secure.gravatar.com\\\/avatar\\\/58db22aee589a691f9603e5765ac06010427a923f9b2728b951eb7fe27214d70?s=96&d=mm&r=g\",\"url\":\"https:\\\/\\\/secure.gravatar.com\\\/avatar\\\/58db22aee589a691f9603e5765ac06010427a923f9b2728b951eb7fe27214d70?s=96&d=mm&r=g\",\"contentUrl\":\"https:\\\/\\\/secure.gravatar.com\\\/avatar\\\/58db22aee589a691f9603e5765ac06010427a923f9b2728b951eb7fe27214d70?s=96&d=mm&r=g\",\"caption\":\"Pauline Neerman\"},\"url\":\"https:\\\/\\\/www.retaildetail.be\\\/fr\\\/author\\\/paulineneerman\\\/\"}]}<\/script>\n<!-- \/ Yoast SEO plugin. -->","yoast_head_json":{"title":"R\u00e9organisation chez Alken-Maes : une vingtaine d'emplois supprim\u00e9s - RetailDetail BE","description":"Alken-Maes, filiale de Heineken, supprime une vingtaine de postes administratifs. Les activit\u00e9s belges doivent collaborer plus \u00e9troitement avec la soci\u00e9t\u00e9 m\u00e8re n\u00e9erlandaise.","robots":{"index":"index","follow":"follow","max-snippet":"max-snippet:-1","max-image-preview":"max-image-preview:large","max-video-preview":"max-video-preview:-1"},"canonical":"https:\/\/www.retaildetail.be\/fr\/news\/food\/reorganisation-chez-alken-maes-une-vingtaine-demplois-supprimes\/","og_locale":"fr_FR","og_type":"article","og_title":"R\u00e9organisation chez Alken-Maes : une vingtaine d'emplois supprim\u00e9s - RetailDetail BE","og_description":"Alken-Maes, filiale de Heineken, supprime une vingtaine de postes administratifs. Les activit\u00e9s belges doivent collaborer plus \u00e9troitement avec la soci\u00e9t\u00e9 m\u00e8re n\u00e9erlandaise.","og_url":"https:\/\/www.retaildetail.be\/fr\/news\/food\/reorganisation-chez-alken-maes-une-vingtaine-demplois-supprimes\/","og_site_name":"RetailDetail BE","article_published_time":"2026-03-10T16:43:31+00:00","article_modified_time":"2026-03-10T16:43:32+00:00","og_image":[{"width":1000,"height":750,"url":"https:\/\/www.retaildetail.be\/wp-content\/uploads\/2026\/03\/shutterstock_2418154765-Alken-Maes.jpg","type":"image\/jpeg"}],"author":"Pauline Neerman","twitter_card":"summary_large_image","twitter_misc":{"\u00c9crit par":"Pauline Neerman","Dur\u00e9e de lecture estim\u00e9e":"2 minutes"},"schema":{"@context":"https:\/\/schema.org","@graph":[{"@type":"NewsArticle","@id":"https:\/\/www.retaildetail.be\/fr\/news\/food\/reorganisation-chez-alken-maes-une-vingtaine-demplois-supprimes\/#article","isPartOf":{"@id":"https:\/\/www.retaildetail.be\/fr\/news\/food\/reorganisation-chez-alken-maes-une-vingtaine-demplois-supprimes\/"},"author":{"name":"Pauline Neerman","@id":"https:\/\/www.retaildetail.be\/nl\/#\/schema\/person\/66b54803fa10759039079458ea89e307"},"headline":"R\u00e9organisation chez Alken-Maes : une vingtaine d&#8217;emplois supprim\u00e9s","datePublished":"2026-03-10T16:43:31+00:00","dateModified":"2026-03-10T16:43:32+00:00","mainEntityOfPage":{"@id":"https:\/\/www.retaildetail.be\/fr\/news\/food\/reorganisation-chez-alken-maes-une-vingtaine-demplois-supprimes\/"},"wordCount":410,"publisher":{"@id":"https:\/\/www.retaildetail.be\/nl\/#organization"},"image":{"@id":"https:\/\/www.retaildetail.be\/fr\/news\/food\/reorganisation-chez-alken-maes-une-vingtaine-demplois-supprimes\/#primaryimage"},"thumbnailUrl":"https:\/\/www.retaildetail.be\/wp-content\/uploads\/2026\/03\/shutterstock_2418154765-Alken-Maes.jpg","keywords":["Bier","bi\u00e8re"],"articleSection":["Food","Food"],"inLanguage":"fr-FR","copyrightYear":"2026","copyrightHolder":{"@id":"https:\/\/www.retaildetail.be\/#organization"}},{"@type":"WebPage","@id":"https:\/\/www.retaildetail.be\/fr\/news\/food\/reorganisation-chez-alken-maes-une-vingtaine-demplois-supprimes\/","url":"https:\/\/www.retaildetail.be\/fr\/news\/food\/reorganisation-chez-alken-maes-une-vingtaine-demplois-supprimes\/","name":"R\u00e9organisation chez Alken-Maes : une vingtaine d'emplois supprim\u00e9s - RetailDetail BE","isPartOf":{"@id":"https:\/\/www.retaildetail.be\/nl\/#website"},"primaryImageOfPage":{"@id":"https:\/\/www.retaildetail.be\/fr\/news\/food\/reorganisation-chez-alken-maes-une-vingtaine-demplois-supprimes\/#primaryimage"},"image":{"@id":"https:\/\/www.retaildetail.be\/fr\/news\/food\/reorganisation-chez-alken-maes-une-vingtaine-demplois-supprimes\/#primaryimage"},"thumbnailUrl":"https:\/\/www.retaildetail.be\/wp-content\/uploads\/2026\/03\/shutterstock_2418154765-Alken-Maes.jpg","datePublished":"2026-03-10T16:43:31+00:00","dateModified":"2026-03-10T16:43:32+00:00","description":"Alken-Maes, filiale de Heineken, supprime une vingtaine de postes administratifs. Les activit\u00e9s belges doivent collaborer plus \u00e9troitement avec la soci\u00e9t\u00e9 m\u00e8re n\u00e9erlandaise.","breadcrumb":{"@id":"https:\/\/www.retaildetail.be\/fr\/news\/food\/reorganisation-chez-alken-maes-une-vingtaine-demplois-supprimes\/#breadcrumb"},"inLanguage":"fr-FR","potentialAction":[{"@type":"ReadAction","target":["https:\/\/www.retaildetail.be\/fr\/news\/food\/reorganisation-chez-alken-maes-une-vingtaine-demplois-supprimes\/"]}]},{"@type":"ImageObject","inLanguage":"fr-FR","@id":"https:\/\/www.retaildetail.be\/fr\/news\/food\/reorganisation-chez-alken-maes-une-vingtaine-demplois-supprimes\/#primaryimage","url":"https:\/\/www.retaildetail.be\/wp-content\/uploads\/2026\/03\/shutterstock_2418154765-Alken-Maes.jpg","contentUrl":"https:\/\/www.retaildetail.be\/wp-content\/uploads\/2026\/03\/shutterstock_2418154765-Alken-Maes.jpg","width":1000,"height":750,"caption":"\u00a9 Salparadis \/ Shutterstock.com"},{"@type":"BreadcrumbList","@id":"https:\/\/www.retaildetail.be\/fr\/news\/food\/reorganisation-chez-alken-maes-une-vingtaine-demplois-supprimes\/#breadcrumb","itemListElement":[{"@type":"ListItem","position":1,"name":"Home","item":"https:\/\/www.retaildetail.be\/fr\/"},{"@type":"ListItem","position":2,"name":"R\u00e9organisation chez Alken-Maes : une vingtaine d&#8217;emplois supprim\u00e9s"}]},{"@type":"WebSite","@id":"https:\/\/www.retaildetail.be\/nl\/#website","url":"https:\/\/www.retaildetail.be\/nl\/","name":"RetailDetail BE","description":"News","publisher":{"@id":"https:\/\/www.retaildetail.be\/nl\/#organization"},"potentialAction":[{"@type":"SearchAction","target":{"@type":"EntryPoint","urlTemplate":"https:\/\/www.retaildetail.be\/nl\/?s={search_term_string}"},"query-input":{"@type":"PropertyValueSpecification","valueRequired":true,"valueName":"search_term_string"}}],"inLanguage":"fr-FR"},{"@type":"Organization","@id":"https:\/\/www.retaildetail.be\/nl\/#organization","name":"RetailDetail BE","url":"https:\/\/www.retaildetail.be\/nl\/","logo":{"@type":"ImageObject","inLanguage":"fr-FR","@id":"https:\/\/www.retaildetail.be\/nl\/#\/schema\/logo\/image\/","url":"https:\/\/www.retaildetail.be\/wp-content\/uploads\/2022\/04\/logo.svg","contentUrl":"https:\/\/www.retaildetail.be\/wp-content\/uploads\/2022\/04\/logo.svg","width":131,"height":70,"caption":"RetailDetail BE"},"image":{"@id":"https:\/\/www.retaildetail.be\/nl\/#\/schema\/logo\/image\/"}},{"@type":"Person","@id":"https:\/\/www.retaildetail.be\/nl\/#\/schema\/person\/66b54803fa10759039079458ea89e307","name":"Pauline Neerman","image":{"@type":"ImageObject","inLanguage":"fr-FR","@id":"https:\/\/secure.gravatar.com\/avatar\/58db22aee589a691f9603e5765ac06010427a923f9b2728b951eb7fe27214d70?s=96&d=mm&r=g","url":"https:\/\/secure.gravatar.com\/avatar\/58db22aee589a691f9603e5765ac06010427a923f9b2728b951eb7fe27214d70?s=96&d=mm&r=g","contentUrl":"https:\/\/secure.gravatar.com\/avatar\/58db22aee589a691f9603e5765ac06010427a923f9b2728b951eb7fe27214d70?s=96&d=mm&r=g","caption":"Pauline Neerman"},"url":"https:\/\/www.retaildetail.be\/fr\/author\/paulineneerman\/"}]}},"jetpack_featured_media_url":"https:\/\/www.retaildetail.be\/wp-content\/uploads\/2026\/03\/shutterstock_2418154765-Alken-Maes.jpg","jetpack_sharing_enabled":true,"_links":{"self":[{"href":"https:\/\/www.retaildetail.be\/fr\/wp-json\/wp\/v2\/posts\/143758","targetHints":{"allow":["GET"]}}],"collection":[{"href":"https:\/\/www.retaildetail.be\/fr\/wp-json\/wp\/v2\/posts"}],"about":[{"href":"https:\/\/www.retaildetail.be\/fr\/wp-json\/wp\/v2\/types\/post"}],"author":[{"embeddable":true,"href":"https:\/\/www.retaildetail.be\/fr\/wp-json\/wp\/v2\/users\/5"}],"replies":[{"embeddable":true,"href":"https:\/\/www.retaildetail.be\/fr\/wp-json\/wp\/v2\/comments?post=143758"}],"version-history":[{"count":1,"href":"https:\/\/www.retaildetail.be\/fr\/wp-json\/wp\/v2\/posts\/143758\/revisions"}],"predecessor-version":[{"id":143760,"href":"https:\/\/www.retaildetail.be\/fr\/wp-json\/wp\/v2\/posts\/143758\/revisions\/143760"}],"wp:featuredmedia":[{"embeddable":true,"href":"https:\/\/www.retaildetail.be\/fr\/wp-json\/wp\/v2\/media\/143759"}],"wp:attachment":[{"href":"https:\/\/www.retaildetail.be\/fr\/wp-json\/wp\/v2\/media?parent=143758"}],"wp:term":[{"taxonomy":"category","embeddable":true,"href":"https:\/\/www.retaildetail.be\/fr\/wp-json\/wp\/v2\/categories?post=143758"},{"taxonomy":"post_tag","embeddable":true,"href":"https:\/\/www.retaildetail.be\/fr\/wp-json\/wp\/v2\/tags?post=143758"},{"taxonomy":"people","embeddable":true,"href":"https:\/\/www.retaildetail.be\/fr\/wp-json\/wp\/v2\/people?post=143758"},{"taxonomy":"extra","embeddable":true,"href":"https:\/\/www.retaildetail.be\/fr\/wp-json\/wp\/v2\/extra?post=143758"},{"taxonomy":"company","embeddable":true,"href":"https:\/\/www.retaildetail.be\/fr\/wp-json\/wp\/v2\/company?post=143758"},{"taxonomy":"topic","embeddable":true,"href":"https:\/\/www.retaildetail.be\/fr\/wp-json\/wp\/v2\/topic?post=143758"},{"taxonomy":"region","embeddable":true,"href":"https:\/\/www.retaildetail.be\/fr\/wp-json\/wp\/v2\/region?post=143758"}],"curies":[{"name":"wp","href":"https:\/\/api.w.org\/{rel}","templated":true}]}}