{"id":143777,"date":"2026-03-11T09:50:58","date_gmt":"2026-03-11T08:50:58","guid":{"rendered":"https:\/\/www.retaildetail.be\/?p=143777"},"modified":"2026-03-11T09:50:59","modified_gmt":"2026-03-11T08:50:59","slug":"dreamland-ouvre-ses-trois-premiers-magasins-dans-les-centres-commerciaux-cora-shopping","status":"publish","type":"post","link":"https:\/\/www.retaildetail.be\/fr\/news\/loisirs\/dreamland-ouvre-ses-trois-premiers-magasins-dans-les-centres-commerciaux-cora-shopping\/","title":{"rendered":"Dreamland ouvre ses trois premiers magasins dans les Cora Shopping"},"content":{"rendered":"\n<p>Le vendredi 13 mars, <strong>DreamLand <\/strong>ouvrira les portes de trois nouveaux magasins exp\u00e9rientiels sur les sites Shopping <strong>Cora<\/strong> \u00e0 Rocourt, Ch\u00e2telineau et La Louvi\u00e8re. Les autres sites suivront plus tard dans l&rsquo;ann\u00e9e.<\/p>\n\n\n\n<h2 class=\"wp-block-heading\">Des univers ludiques inspirants<\/h2>\n\n\n\n<p>DreamLand a conclu l&rsquo;ann\u00e9e derni\u00e8re un accord avec le promoteur immobilier Mitiska pour l&rsquo;ouverture de grands magasins <a href=\"https:\/\/www.retaildetail.be\/fr\/news\/loisirs\/dreamland-ouvre-des-magasins-sur-tous-les-anciens-sites-de-cora\/\">dans les sept anciens hypermarch\u00e9s Cora<\/a>. Les trois premiers ouvrent d\u00e9sormais leurs portes. Pour le d\u00e9taillant, il s&rsquo;agit en r\u00e9alit\u00e9 d&rsquo;un seul magasin suppl\u00e9mentaire, car \u00e0 Ch\u00e2telineau et La Louvi\u00e8re, il s&rsquo;agit de relocalisations de magasins existants.<\/p>\n\n\n\n<p>Les nouveaux magasins DreamLand proposent des univers ludiques inspirants et des shop-in-shops de grandes marques, dont les plus grands shop-in-shops Lego de Wallonie, une zone Jurassic World pleine d&rsquo;aventures, un magasin Schleich inspirant, un univers Playmobil complet, un magasin Sylvanian Families plein de charme et une zone d&rsquo;exp\u00e9rience Barbie et HotWheels tr\u00e8s compl\u00e8te.<\/p>\n\n\n\n<p>La cloche d&rsquo;anniversaire embl\u00e9matique de DreamLand occupera \u00e9galement une place de choix dans les magasins. Chaque enfant qui f\u00eate son anniversaire peut appuyer sur la cloche : une musique joyeuse retentit alors dans le magasin et l&rsquo;enfant re\u00e7oit une couronne d&rsquo;anniversaire festive et un petit cadeau.<\/p>\n\n\n\n<p>Avec ces nouveaux emplacements, le d\u00e9taillant compte d\u00e9sormais 93 magasins en Belgique et aux Pays-Bas.<\/p>\n","protected":false},"excerpt":{"rendered":"<p>Le vendredi 13 mars, DreamLand ouvrira les portes de trois nouveaux magasins exp\u00e9rientiels sur les sites Shopping Cora \u00e0 Rocourt, Ch\u00e2telineau et La Louvi\u00e8re. Les autres sites suivront plus tard dans l&rsquo;ann\u00e9e.<\/p>\n","protected":false},"author":3,"featured_media":143778,"comment_status":"closed","ping_status":"closed","sticky":false,"template":"","format":"standard","meta":{"_acf_changed":false,"inline_featured_image":false,"_jetpack_memberships_contains_paid_content":false,"footnotes":""},"categories":[28,20],"tags":[],"people":[],"extra":[],"company":[1031],"topic":[310],"region":[226],"class_list":["post-143777","post","type-post","status-publish","format-standard","has-post-thumbnail","hentry","category-loisirs","category-vrije-tijd","company-dreamland","topic-ouverture-de-magasin","region-belgique"],"acf":[],"yoast_head":"<!-- This site is optimized with the Yoast SEO plugin v27.3 - https:\/\/yoast.com\/product\/yoast-seo-wordpress\/ -->\n<title>Dreamland ouvre ses trois premiers magasins dans les Cora Shopping - RetailDetail BE<\/title>\n<meta name=\"description\" content=\"Le vendredi 13 mars, DreamLand ouvrira les portes de trois nouveaux magasins exp\u00e9rientiels sur les sites Shopping Cora \u00e0 Rocourt, Ch\u00e2telineau et La Louvi\u00e8re.\" \/>\n<meta name=\"robots\" content=\"index, follow, max-snippet:-1, max-image-preview:large, max-video-preview:-1\" \/>\n<link rel=\"canonical\" href=\"https:\/\/www.retaildetail.be\/fr\/news\/loisirs\/dreamland-ouvre-ses-trois-premiers-magasins-dans-les-centres-commerciaux-cora-shopping\/\" \/>\n<meta property=\"og:locale\" content=\"fr_FR\" \/>\n<meta property=\"og:type\" content=\"article\" \/>\n<meta property=\"og:title\" content=\"Dreamland ouvre ses trois premiers magasins dans les Cora Shopping - RetailDetail BE\" \/>\n<meta property=\"og:description\" content=\"Le vendredi 13 mars, DreamLand ouvrira les portes de trois nouveaux magasins exp\u00e9rientiels sur les sites Shopping Cora \u00e0 Rocourt, Ch\u00e2telineau et La Louvi\u00e8re.\" \/>\n<meta property=\"og:url\" content=\"https:\/\/www.retaildetail.be\/fr\/news\/loisirs\/dreamland-ouvre-ses-trois-premiers-magasins-dans-les-centres-commerciaux-cora-shopping\/\" \/>\n<meta property=\"og:site_name\" content=\"RetailDetail BE\" \/>\n<meta property=\"article:published_time\" content=\"2026-03-11T08:50:58+00:00\" \/>\n<meta property=\"article:modified_time\" content=\"2026-03-11T08:50:59+00:00\" \/>\n<meta property=\"og:image\" content=\"https:\/\/www.retaildetail.be\/wp-content\/uploads\/2026\/03\/DreamLand_Chatelineau-1.jpeg\" \/>\n\t<meta property=\"og:image:width\" content=\"1920\" \/>\n\t<meta property=\"og:image:height\" content=\"1080\" \/>\n\t<meta property=\"og:image:type\" content=\"image\/jpeg\" \/>\n<meta name=\"author\" content=\"Stefan Van Rompaey\" \/>\n<meta name=\"twitter:card\" content=\"summary_large_image\" \/>\n<meta name=\"twitter:label1\" content=\"\u00c9crit par\" \/>\n\t<meta name=\"twitter:data1\" content=\"Stefan Van Rompaey\" \/>\n\t<meta name=\"twitter:label2\" content=\"Dur\u00e9e de lecture estim\u00e9e\" \/>\n\t<meta name=\"twitter:data2\" content=\"1 minute\" \/>\n<script type=\"application\/ld+json\" class=\"yoast-schema-graph\">{\"@context\":\"https:\\\/\\\/schema.org\",\"@graph\":[{\"@type\":\"NewsArticle\",\"@id\":\"https:\\\/\\\/www.retaildetail.be\\\/fr\\\/news\\\/loisirs\\\/dreamland-ouvre-ses-trois-premiers-magasins-dans-les-centres-commerciaux-cora-shopping\\\/#article\",\"isPartOf\":{\"@id\":\"https:\\\/\\\/www.retaildetail.be\\\/fr\\\/news\\\/loisirs\\\/dreamland-ouvre-ses-trois-premiers-magasins-dans-les-centres-commerciaux-cora-shopping\\\/\"},\"author\":{\"name\":\"Stefan Van Rompaey\",\"@id\":\"https:\\\/\\\/www.retaildetail.be\\\/nl\\\/#\\\/schema\\\/person\\\/51aec6069c4416aa2f68b2e4ff3455df\"},\"headline\":\"Dreamland ouvre ses trois premiers magasins dans les Cora Shopping\",\"datePublished\":\"2026-03-11T08:50:58+00:00\",\"dateModified\":\"2026-03-11T08:50:59+00:00\",\"mainEntityOfPage\":{\"@id\":\"https:\\\/\\\/www.retaildetail.be\\\/fr\\\/news\\\/loisirs\\\/dreamland-ouvre-ses-trois-premiers-magasins-dans-les-centres-commerciaux-cora-shopping\\\/\"},\"wordCount\":241,\"publisher\":{\"@id\":\"https:\\\/\\\/www.retaildetail.be\\\/nl\\\/#organization\"},\"image\":{\"@id\":\"https:\\\/\\\/www.retaildetail.be\\\/fr\\\/news\\\/loisirs\\\/dreamland-ouvre-ses-trois-premiers-magasins-dans-les-centres-commerciaux-cora-shopping\\\/#primaryimage\"},\"thumbnailUrl\":\"https:\\\/\\\/www.retaildetail.be\\\/wp-content\\\/uploads\\\/2026\\\/03\\\/DreamLand_Chatelineau-1.jpeg\",\"articleSection\":[\"Loisirs\",\"Vrije tijd\"],\"inLanguage\":\"fr-FR\",\"copyrightYear\":\"2026\",\"copyrightHolder\":{\"@id\":\"https:\\\/\\\/www.retaildetail.be\\\/#organization\"}},{\"@type\":\"WebPage\",\"@id\":\"https:\\\/\\\/www.retaildetail.be\\\/fr\\\/news\\\/loisirs\\\/dreamland-ouvre-ses-trois-premiers-magasins-dans-les-centres-commerciaux-cora-shopping\\\/\",\"url\":\"https:\\\/\\\/www.retaildetail.be\\\/fr\\\/news\\\/loisirs\\\/dreamland-ouvre-ses-trois-premiers-magasins-dans-les-centres-commerciaux-cora-shopping\\\/\",\"name\":\"Dreamland ouvre ses trois premiers magasins dans les Cora Shopping - RetailDetail BE\",\"isPartOf\":{\"@id\":\"https:\\\/\\\/www.retaildetail.be\\\/nl\\\/#website\"},\"primaryImageOfPage\":{\"@id\":\"https:\\\/\\\/www.retaildetail.be\\\/fr\\\/news\\\/loisirs\\\/dreamland-ouvre-ses-trois-premiers-magasins-dans-les-centres-commerciaux-cora-shopping\\\/#primaryimage\"},\"image\":{\"@id\":\"https:\\\/\\\/www.retaildetail.be\\\/fr\\\/news\\\/loisirs\\\/dreamland-ouvre-ses-trois-premiers-magasins-dans-les-centres-commerciaux-cora-shopping\\\/#primaryimage\"},\"thumbnailUrl\":\"https:\\\/\\\/www.retaildetail.be\\\/wp-content\\\/uploads\\\/2026\\\/03\\\/DreamLand_Chatelineau-1.jpeg\",\"datePublished\":\"2026-03-11T08:50:58+00:00\",\"dateModified\":\"2026-03-11T08:50:59+00:00\",\"description\":\"Le vendredi 13 mars, DreamLand ouvrira les portes de trois nouveaux magasins exp\u00e9rientiels sur les sites Shopping Cora \u00e0 Rocourt, Ch\u00e2telineau et La Louvi\u00e8re.\",\"breadcrumb\":{\"@id\":\"https:\\\/\\\/www.retaildetail.be\\\/fr\\\/news\\\/loisirs\\\/dreamland-ouvre-ses-trois-premiers-magasins-dans-les-centres-commerciaux-cora-shopping\\\/#breadcrumb\"},\"inLanguage\":\"fr-FR\",\"potentialAction\":[{\"@type\":\"ReadAction\",\"target\":[\"https:\\\/\\\/www.retaildetail.be\\\/fr\\\/news\\\/loisirs\\\/dreamland-ouvre-ses-trois-premiers-magasins-dans-les-centres-commerciaux-cora-shopping\\\/\"]}]},{\"@type\":\"ImageObject\",\"inLanguage\":\"fr-FR\",\"@id\":\"https:\\\/\\\/www.retaildetail.be\\\/fr\\\/news\\\/loisirs\\\/dreamland-ouvre-ses-trois-premiers-magasins-dans-les-centres-commerciaux-cora-shopping\\\/#primaryimage\",\"url\":\"https:\\\/\\\/www.retaildetail.be\\\/wp-content\\\/uploads\\\/2026\\\/03\\\/DreamLand_Chatelineau-1.jpeg\",\"contentUrl\":\"https:\\\/\\\/www.retaildetail.be\\\/wp-content\\\/uploads\\\/2026\\\/03\\\/DreamLand_Chatelineau-1.jpeg\",\"width\":1920,\"height\":1080,\"caption\":\"DreamLand Ch\u00e2telineau\"},{\"@type\":\"BreadcrumbList\",\"@id\":\"https:\\\/\\\/www.retaildetail.be\\\/fr\\\/news\\\/loisirs\\\/dreamland-ouvre-ses-trois-premiers-magasins-dans-les-centres-commerciaux-cora-shopping\\\/#breadcrumb\",\"itemListElement\":[{\"@type\":\"ListItem\",\"position\":1,\"name\":\"Home\",\"item\":\"https:\\\/\\\/www.retaildetail.be\\\/fr\\\/\"},{\"@type\":\"ListItem\",\"position\":2,\"name\":\"Dreamland ouvre ses trois premiers magasins dans les Cora Shopping\"}]},{\"@type\":\"WebSite\",\"@id\":\"https:\\\/\\\/www.retaildetail.be\\\/nl\\\/#website\",\"url\":\"https:\\\/\\\/www.retaildetail.be\\\/nl\\\/\",\"name\":\"RetailDetail BE\",\"description\":\"News\",\"publisher\":{\"@id\":\"https:\\\/\\\/www.retaildetail.be\\\/nl\\\/#organization\"},\"potentialAction\":[{\"@type\":\"SearchAction\",\"target\":{\"@type\":\"EntryPoint\",\"urlTemplate\":\"https:\\\/\\\/www.retaildetail.be\\\/nl\\\/?s={search_term_string}\"},\"query-input\":{\"@type\":\"PropertyValueSpecification\",\"valueRequired\":true,\"valueName\":\"search_term_string\"}}],\"inLanguage\":\"fr-FR\"},{\"@type\":\"Organization\",\"@id\":\"https:\\\/\\\/www.retaildetail.be\\\/nl\\\/#organization\",\"name\":\"RetailDetail BE\",\"url\":\"https:\\\/\\\/www.retaildetail.be\\\/nl\\\/\",\"logo\":{\"@type\":\"ImageObject\",\"inLanguage\":\"fr-FR\",\"@id\":\"https:\\\/\\\/www.retaildetail.be\\\/nl\\\/#\\\/schema\\\/logo\\\/image\\\/\",\"url\":\"https:\\\/\\\/www.retaildetail.be\\\/wp-content\\\/uploads\\\/2022\\\/04\\\/logo.svg\",\"contentUrl\":\"https:\\\/\\\/www.retaildetail.be\\\/wp-content\\\/uploads\\\/2022\\\/04\\\/logo.svg\",\"width\":131,\"height\":70,\"caption\":\"RetailDetail BE\"},\"image\":{\"@id\":\"https:\\\/\\\/www.retaildetail.be\\\/nl\\\/#\\\/schema\\\/logo\\\/image\\\/\"}},{\"@type\":\"Person\",\"@id\":\"https:\\\/\\\/www.retaildetail.be\\\/nl\\\/#\\\/schema\\\/person\\\/51aec6069c4416aa2f68b2e4ff3455df\",\"name\":\"Stefan Van Rompaey\",\"image\":{\"@type\":\"ImageObject\",\"inLanguage\":\"fr-FR\",\"@id\":\"https:\\\/\\\/secure.gravatar.com\\\/avatar\\\/fbbb4a80a0f109888b2a5ab8ae255617499ecde533749b3ab2fa6c23b5d65dac?s=96&d=mm&r=g\",\"url\":\"https:\\\/\\\/secure.gravatar.com\\\/avatar\\\/fbbb4a80a0f109888b2a5ab8ae255617499ecde533749b3ab2fa6c23b5d65dac?s=96&d=mm&r=g\",\"contentUrl\":\"https:\\\/\\\/secure.gravatar.com\\\/avatar\\\/fbbb4a80a0f109888b2a5ab8ae255617499ecde533749b3ab2fa6c23b5d65dac?s=96&d=mm&r=g\",\"caption\":\"Stefan Van Rompaey\"},\"url\":\"https:\\\/\\\/www.retaildetail.be\\\/fr\\\/author\\\/stefanvanrompaey\\\/\"}]}<\/script>\n<!-- \/ Yoast SEO plugin. -->","yoast_head_json":{"title":"Dreamland ouvre ses trois premiers magasins dans les Cora Shopping - RetailDetail BE","description":"Le vendredi 13 mars, DreamLand ouvrira les portes de trois nouveaux magasins exp\u00e9rientiels sur les sites Shopping Cora \u00e0 Rocourt, Ch\u00e2telineau et La Louvi\u00e8re.","robots":{"index":"index","follow":"follow","max-snippet":"max-snippet:-1","max-image-preview":"max-image-preview:large","max-video-preview":"max-video-preview:-1"},"canonical":"https:\/\/www.retaildetail.be\/fr\/news\/loisirs\/dreamland-ouvre-ses-trois-premiers-magasins-dans-les-centres-commerciaux-cora-shopping\/","og_locale":"fr_FR","og_type":"article","og_title":"Dreamland ouvre ses trois premiers magasins dans les Cora Shopping - RetailDetail BE","og_description":"Le vendredi 13 mars, DreamLand ouvrira les portes de trois nouveaux magasins exp\u00e9rientiels sur les sites Shopping Cora \u00e0 Rocourt, Ch\u00e2telineau et La Louvi\u00e8re.","og_url":"https:\/\/www.retaildetail.be\/fr\/news\/loisirs\/dreamland-ouvre-ses-trois-premiers-magasins-dans-les-centres-commerciaux-cora-shopping\/","og_site_name":"RetailDetail BE","article_published_time":"2026-03-11T08:50:58+00:00","article_modified_time":"2026-03-11T08:50:59+00:00","og_image":[{"width":1920,"height":1080,"url":"https:\/\/www.retaildetail.be\/wp-content\/uploads\/2026\/03\/DreamLand_Chatelineau-1.jpeg","type":"image\/jpeg"}],"author":"Stefan Van Rompaey","twitter_card":"summary_large_image","twitter_misc":{"\u00c9crit par":"Stefan Van Rompaey","Dur\u00e9e de lecture estim\u00e9e":"1 minute"},"schema":{"@context":"https:\/\/schema.org","@graph":[{"@type":"NewsArticle","@id":"https:\/\/www.retaildetail.be\/fr\/news\/loisirs\/dreamland-ouvre-ses-trois-premiers-magasins-dans-les-centres-commerciaux-cora-shopping\/#article","isPartOf":{"@id":"https:\/\/www.retaildetail.be\/fr\/news\/loisirs\/dreamland-ouvre-ses-trois-premiers-magasins-dans-les-centres-commerciaux-cora-shopping\/"},"author":{"name":"Stefan Van Rompaey","@id":"https:\/\/www.retaildetail.be\/nl\/#\/schema\/person\/51aec6069c4416aa2f68b2e4ff3455df"},"headline":"Dreamland ouvre ses trois premiers magasins dans les Cora Shopping","datePublished":"2026-03-11T08:50:58+00:00","dateModified":"2026-03-11T08:50:59+00:00","mainEntityOfPage":{"@id":"https:\/\/www.retaildetail.be\/fr\/news\/loisirs\/dreamland-ouvre-ses-trois-premiers-magasins-dans-les-centres-commerciaux-cora-shopping\/"},"wordCount":241,"publisher":{"@id":"https:\/\/www.retaildetail.be\/nl\/#organization"},"image":{"@id":"https:\/\/www.retaildetail.be\/fr\/news\/loisirs\/dreamland-ouvre-ses-trois-premiers-magasins-dans-les-centres-commerciaux-cora-shopping\/#primaryimage"},"thumbnailUrl":"https:\/\/www.retaildetail.be\/wp-content\/uploads\/2026\/03\/DreamLand_Chatelineau-1.jpeg","articleSection":["Loisirs","Vrije tijd"],"inLanguage":"fr-FR","copyrightYear":"2026","copyrightHolder":{"@id":"https:\/\/www.retaildetail.be\/#organization"}},{"@type":"WebPage","@id":"https:\/\/www.retaildetail.be\/fr\/news\/loisirs\/dreamland-ouvre-ses-trois-premiers-magasins-dans-les-centres-commerciaux-cora-shopping\/","url":"https:\/\/www.retaildetail.be\/fr\/news\/loisirs\/dreamland-ouvre-ses-trois-premiers-magasins-dans-les-centres-commerciaux-cora-shopping\/","name":"Dreamland ouvre ses trois premiers magasins dans les Cora Shopping - RetailDetail BE","isPartOf":{"@id":"https:\/\/www.retaildetail.be\/nl\/#website"},"primaryImageOfPage":{"@id":"https:\/\/www.retaildetail.be\/fr\/news\/loisirs\/dreamland-ouvre-ses-trois-premiers-magasins-dans-les-centres-commerciaux-cora-shopping\/#primaryimage"},"image":{"@id":"https:\/\/www.retaildetail.be\/fr\/news\/loisirs\/dreamland-ouvre-ses-trois-premiers-magasins-dans-les-centres-commerciaux-cora-shopping\/#primaryimage"},"thumbnailUrl":"https:\/\/www.retaildetail.be\/wp-content\/uploads\/2026\/03\/DreamLand_Chatelineau-1.jpeg","datePublished":"2026-03-11T08:50:58+00:00","dateModified":"2026-03-11T08:50:59+00:00","description":"Le vendredi 13 mars, DreamLand ouvrira les portes de trois nouveaux magasins exp\u00e9rientiels sur les sites Shopping Cora \u00e0 Rocourt, Ch\u00e2telineau et La Louvi\u00e8re.","breadcrumb":{"@id":"https:\/\/www.retaildetail.be\/fr\/news\/loisirs\/dreamland-ouvre-ses-trois-premiers-magasins-dans-les-centres-commerciaux-cora-shopping\/#breadcrumb"},"inLanguage":"fr-FR","potentialAction":[{"@type":"ReadAction","target":["https:\/\/www.retaildetail.be\/fr\/news\/loisirs\/dreamland-ouvre-ses-trois-premiers-magasins-dans-les-centres-commerciaux-cora-shopping\/"]}]},{"@type":"ImageObject","inLanguage":"fr-FR","@id":"https:\/\/www.retaildetail.be\/fr\/news\/loisirs\/dreamland-ouvre-ses-trois-premiers-magasins-dans-les-centres-commerciaux-cora-shopping\/#primaryimage","url":"https:\/\/www.retaildetail.be\/wp-content\/uploads\/2026\/03\/DreamLand_Chatelineau-1.jpeg","contentUrl":"https:\/\/www.retaildetail.be\/wp-content\/uploads\/2026\/03\/DreamLand_Chatelineau-1.jpeg","width":1920,"height":1080,"caption":"DreamLand Ch\u00e2telineau"},{"@type":"BreadcrumbList","@id":"https:\/\/www.retaildetail.be\/fr\/news\/loisirs\/dreamland-ouvre-ses-trois-premiers-magasins-dans-les-centres-commerciaux-cora-shopping\/#breadcrumb","itemListElement":[{"@type":"ListItem","position":1,"name":"Home","item":"https:\/\/www.retaildetail.be\/fr\/"},{"@type":"ListItem","position":2,"name":"Dreamland ouvre ses trois premiers magasins dans les Cora Shopping"}]},{"@type":"WebSite","@id":"https:\/\/www.retaildetail.be\/nl\/#website","url":"https:\/\/www.retaildetail.be\/nl\/","name":"RetailDetail BE","description":"News","publisher":{"@id":"https:\/\/www.retaildetail.be\/nl\/#organization"},"potentialAction":[{"@type":"SearchAction","target":{"@type":"EntryPoint","urlTemplate":"https:\/\/www.retaildetail.be\/nl\/?s={search_term_string}"},"query-input":{"@type":"PropertyValueSpecification","valueRequired":true,"valueName":"search_term_string"}}],"inLanguage":"fr-FR"},{"@type":"Organization","@id":"https:\/\/www.retaildetail.be\/nl\/#organization","name":"RetailDetail BE","url":"https:\/\/www.retaildetail.be\/nl\/","logo":{"@type":"ImageObject","inLanguage":"fr-FR","@id":"https:\/\/www.retaildetail.be\/nl\/#\/schema\/logo\/image\/","url":"https:\/\/www.retaildetail.be\/wp-content\/uploads\/2022\/04\/logo.svg","contentUrl":"https:\/\/www.retaildetail.be\/wp-content\/uploads\/2022\/04\/logo.svg","width":131,"height":70,"caption":"RetailDetail BE"},"image":{"@id":"https:\/\/www.retaildetail.be\/nl\/#\/schema\/logo\/image\/"}},{"@type":"Person","@id":"https:\/\/www.retaildetail.be\/nl\/#\/schema\/person\/51aec6069c4416aa2f68b2e4ff3455df","name":"Stefan Van Rompaey","image":{"@type":"ImageObject","inLanguage":"fr-FR","@id":"https:\/\/secure.gravatar.com\/avatar\/fbbb4a80a0f109888b2a5ab8ae255617499ecde533749b3ab2fa6c23b5d65dac?s=96&d=mm&r=g","url":"https:\/\/secure.gravatar.com\/avatar\/fbbb4a80a0f109888b2a5ab8ae255617499ecde533749b3ab2fa6c23b5d65dac?s=96&d=mm&r=g","contentUrl":"https:\/\/secure.gravatar.com\/avatar\/fbbb4a80a0f109888b2a5ab8ae255617499ecde533749b3ab2fa6c23b5d65dac?s=96&d=mm&r=g","caption":"Stefan Van Rompaey"},"url":"https:\/\/www.retaildetail.be\/fr\/author\/stefanvanrompaey\/"}]}},"jetpack_featured_media_url":"https:\/\/www.retaildetail.be\/wp-content\/uploads\/2026\/03\/DreamLand_Chatelineau-1.jpeg","jetpack_sharing_enabled":true,"_links":{"self":[{"href":"https:\/\/www.retaildetail.be\/fr\/wp-json\/wp\/v2\/posts\/143777","targetHints":{"allow":["GET"]}}],"collection":[{"href":"https:\/\/www.retaildetail.be\/fr\/wp-json\/wp\/v2\/posts"}],"about":[{"href":"https:\/\/www.retaildetail.be\/fr\/wp-json\/wp\/v2\/types\/post"}],"author":[{"embeddable":true,"href":"https:\/\/www.retaildetail.be\/fr\/wp-json\/wp\/v2\/users\/3"}],"replies":[{"embeddable":true,"href":"https:\/\/www.retaildetail.be\/fr\/wp-json\/wp\/v2\/comments?post=143777"}],"version-history":[{"count":1,"href":"https:\/\/www.retaildetail.be\/fr\/wp-json\/wp\/v2\/posts\/143777\/revisions"}],"predecessor-version":[{"id":143779,"href":"https:\/\/www.retaildetail.be\/fr\/wp-json\/wp\/v2\/posts\/143777\/revisions\/143779"}],"wp:featuredmedia":[{"embeddable":true,"href":"https:\/\/www.retaildetail.be\/fr\/wp-json\/wp\/v2\/media\/143778"}],"wp:attachment":[{"href":"https:\/\/www.retaildetail.be\/fr\/wp-json\/wp\/v2\/media?parent=143777"}],"wp:term":[{"taxonomy":"category","embeddable":true,"href":"https:\/\/www.retaildetail.be\/fr\/wp-json\/wp\/v2\/categories?post=143777"},{"taxonomy":"post_tag","embeddable":true,"href":"https:\/\/www.retaildetail.be\/fr\/wp-json\/wp\/v2\/tags?post=143777"},{"taxonomy":"people","embeddable":true,"href":"https:\/\/www.retaildetail.be\/fr\/wp-json\/wp\/v2\/people?post=143777"},{"taxonomy":"extra","embeddable":true,"href":"https:\/\/www.retaildetail.be\/fr\/wp-json\/wp\/v2\/extra?post=143777"},{"taxonomy":"company","embeddable":true,"href":"https:\/\/www.retaildetail.be\/fr\/wp-json\/wp\/v2\/company?post=143777"},{"taxonomy":"topic","embeddable":true,"href":"https:\/\/www.retaildetail.be\/fr\/wp-json\/wp\/v2\/topic?post=143777"},{"taxonomy":"region","embeddable":true,"href":"https:\/\/www.retaildetail.be\/fr\/wp-json\/wp\/v2\/region?post=143777"}],"curies":[{"name":"wp","href":"https:\/\/api.w.org\/{rel}","templated":true}]}}