{"id":143782,"date":"2026-03-11T10:11:12","date_gmt":"2026-03-11T09:11:12","guid":{"rendered":"https:\/\/www.retaildetail.be\/?p=143782"},"modified":"2026-03-11T10:11:14","modified_gmt":"2026-03-11T09:11:14","slug":"troisieme-benefice-record-consecutif-pour-inditex","status":"publish","type":"post","link":"https:\/\/www.retaildetail.be\/fr\/news\/mode\/troisieme-benefice-record-consecutif-pour-inditex\/","title":{"rendered":"Troisi\u00e8me b\u00e9n\u00e9fice record cons\u00e9cutif pour Inditex"},"content":{"rendered":"\n<p><strong>Inditex<\/strong>, propri\u00e9taire de Zara, Bershka et Massimo Dutti, a de nouveau enregistr\u00e9 un b\u00e9n\u00e9fice record en 2025. C&rsquo;est la troisi\u00e8me ann\u00e9e cons\u00e9cutive, malgr\u00e9 la concurrence croissante des entreprises de mode ultra-rapide telles que Shein.<\/p>\n\n\n\n<h2 class=\"wp-block-heading\">Moins de magasins, plus de chiffre d&rsquo;affaires<\/h2>\n\n\n\n<p>Le b\u00e9n\u00e9fice net a augment\u00e9 de 6 % l&rsquo;ann\u00e9e derni\u00e8re pour atteindre 6,2 milliards d&rsquo;euros, tandis que le chiffre d&rsquo;affaires a progress\u00e9 de 3,2 % pour atteindre 39,9 milliards d&rsquo;euros. Les magasins et les canaux en ligne ont tous deux contribu\u00e9 \u00e0 cette croissance. Selon Inditex, les nouvelles collections ont \u00e9t\u00e9 bien accueillies par les clients. Le b\u00e9n\u00e9fice brut a augment\u00e9 de 3,9 % pour atteindre 23,2 milliards d&rsquo;euros, tandis que la marge brute s&rsquo;est \u00e9lev\u00e9e \u00e0 58,3 %.<\/p>\n\n\n\n<p>Zara reste de loin la principale source de revenus du groupe. La cha\u00eene, qui comprend Zara Home et Lefties, a r\u00e9alis\u00e9 un chiffre d&rsquo;affaires de 28,1 milliards d&rsquo;euros, contre 27,8 milliards d&rsquo;euros un an plus t\u00f4t. Ainsi, plus des deux tiers du chiffre d&rsquo;affaires total du groupe Inditex proviennent de la formule Zara.<\/p>\n\n\n\n<p>Depuis plusieurs ann\u00e9es, Inditex mise \u00e9galement sur une strat\u00e9gie visant \u00e0 r\u00e9duire le nombre de magasins, tout en augmentant la surface commerciale totale et la productivit\u00e9. En 2025, le groupe comptait 5 460 magasins dans le monde, contre 5 563 un an plus t\u00f4t. La surface commerciale totale a toutefois augment\u00e9 de 5,3 % pour atteindre 4,72 millions de m\u00e8tres carr\u00e9s.<\/p>\n\n\n\n<h2 class=\"wp-block-heading\">Une ann\u00e9e qui commence bien<\/h2>\n\n\n\n<p>Inditex pr\u00e9voit 2,3 milliards d&rsquo;euros de nouveaux investissements pour 2026. Ces fonds seront principalement consacr\u00e9s \u00e0 la modernisation des magasins, \u00e0 l&rsquo;int\u00e9gration technologique et au d\u00e9veloppement des plateformes en ligne.<\/p>\n\n\n\n<p>En outre, le groupe souhaite \u00e9tendre davantage sa pr\u00e9sence internationale. Bershka ouvre pour la premi\u00e8re fois des magasins au Br\u00e9sil et aux \u00c9tats-Unis. Massimo Dutti pr\u00e9voit de nouveaux magasins \u00e0 Miami et New York et fait son entr\u00e9e au Danemark et en Norv\u00e8ge. Zara Home lance des magasins en Irlande et en Norv\u00e8ge, tandis que Lefties ouvre ses premiers magasins au Royaume-Uni et en France.<\/p>\n\n\n\n<p>L&rsquo;ann\u00e9e a d&rsquo;ailleurs bien commenc\u00e9. Selon l&rsquo;entreprise, les collections printemps-\u00e9t\u00e9 ont bien \u00e9t\u00e9 accueillies. \u00ab Les ventes en magasin et en ligne ont augment\u00e9 de 9 % \u00e0 taux de change constants entre le 1er f\u00e9vrier et le 8 mars 2026 par rapport \u00e0 la m\u00eame p\u00e9riode en 2025 \u00bb, indique Inditex.<\/p>\n","protected":false},"excerpt":{"rendered":"<p>Inditex, propri\u00e9taire de Zara, Bershka et Massimo Dutti, a de nouveau enregistr\u00e9 un b\u00e9n\u00e9fice record en 2025. C&rsquo;est la troisi\u00e8me ann\u00e9e cons\u00e9cutive, malgr\u00e9 la concurrence croissante des entreprises de mode ultra-rapide telles que Shein.<\/p>\n","protected":false},"author":5,"featured_media":143783,"comment_status":"closed","ping_status":"closed","sticky":false,"template":"","format":"standard","meta":{"_acf_changed":false,"inline_featured_image":false,"_jetpack_memberships_contains_paid_content":false,"footnotes":""},"categories":[14,22],"tags":[],"people":[],"extra":[43],"company":[405],"topic":[266],"region":[580],"class_list":{"0":"post-143782","1":"post","2":"type-post","3":"status-publish","4":"format-standard","5":"has-post-thumbnail","6":"hentry","7":"category-mode","9":"extra-plus","10":"company-inditex","11":"topic-resultats-financiers","12":"region-espagne"},"acf":[],"yoast_head":"<!-- This site is optimized with the Yoast SEO plugin v27.3 - https:\/\/yoast.com\/product\/yoast-seo-wordpress\/ -->\n<title>Troisi\u00e8me b\u00e9n\u00e9fice record cons\u00e9cutif pour Inditex - RetailDetail BE<\/title>\n<meta name=\"description\" content=\"Inditex, propri\u00e9taire de Zara, Bershka et Massimo Dutti, a de nouveau enregistr\u00e9 un b\u00e9n\u00e9fice record en 2025. C&#039;est la troisi\u00e8me ann\u00e9e cons\u00e9cutive.\" \/>\n<meta name=\"robots\" content=\"index, follow, max-snippet:-1, max-image-preview:large, max-video-preview:-1\" \/>\n<link rel=\"canonical\" href=\"https:\/\/www.retaildetail.be\/fr\/news\/mode\/troisieme-benefice-record-consecutif-pour-inditex\/\" \/>\n<meta property=\"og:locale\" content=\"fr_FR\" \/>\n<meta property=\"og:type\" content=\"article\" \/>\n<meta property=\"og:title\" content=\"Troisi\u00e8me b\u00e9n\u00e9fice record cons\u00e9cutif pour Inditex - RetailDetail BE\" \/>\n<meta property=\"og:description\" content=\"Inditex, propri\u00e9taire de Zara, Bershka et Massimo Dutti, a de nouveau enregistr\u00e9 un b\u00e9n\u00e9fice record en 2025. C&#039;est la troisi\u00e8me ann\u00e9e cons\u00e9cutive.\" \/>\n<meta property=\"og:url\" content=\"https:\/\/www.retaildetail.be\/fr\/news\/mode\/troisieme-benefice-record-consecutif-pour-inditex\/\" \/>\n<meta property=\"og:site_name\" content=\"RetailDetail BE\" \/>\n<meta property=\"article:published_time\" content=\"2026-03-11T09:11:12+00:00\" \/>\n<meta property=\"article:modified_time\" content=\"2026-03-11T09:11:14+00:00\" \/>\n<meta property=\"og:image\" content=\"https:\/\/www.retaildetail.be\/wp-content\/uploads\/2026\/03\/Zara-Inditex-ecommerce-order.jpg\" \/>\n\t<meta property=\"og:image:width\" content=\"1000\" \/>\n\t<meta property=\"og:image:height\" content=\"667\" \/>\n\t<meta property=\"og:image:type\" content=\"image\/jpeg\" \/>\n<meta name=\"author\" content=\"Pauline Neerman\" \/>\n<meta name=\"twitter:card\" content=\"summary_large_image\" \/>\n<meta name=\"twitter:label1\" content=\"\u00c9crit par\" \/>\n\t<meta name=\"twitter:data1\" content=\"Pauline Neerman\" \/>\n\t<meta name=\"twitter:label2\" content=\"Dur\u00e9e de lecture estim\u00e9e\" \/>\n\t<meta name=\"twitter:data2\" content=\"2 minutes\" \/>\n<script type=\"application\/ld+json\" class=\"yoast-schema-graph\">{\"@context\":\"https:\\\/\\\/schema.org\",\"@graph\":[{\"@type\":\"NewsArticle\",\"@id\":\"https:\\\/\\\/www.retaildetail.be\\\/fr\\\/news\\\/mode\\\/troisieme-benefice-record-consecutif-pour-inditex\\\/#article\",\"isPartOf\":{\"@id\":\"https:\\\/\\\/www.retaildetail.be\\\/fr\\\/news\\\/mode\\\/troisieme-benefice-record-consecutif-pour-inditex\\\/\"},\"author\":{\"name\":\"Pauline Neerman\",\"@id\":\"https:\\\/\\\/www.retaildetail.be\\\/nl\\\/#\\\/schema\\\/person\\\/66b54803fa10759039079458ea89e307\"},\"headline\":\"Troisi\u00e8me b\u00e9n\u00e9fice record cons\u00e9cutif pour Inditex\",\"datePublished\":\"2026-03-11T09:11:12+00:00\",\"dateModified\":\"2026-03-11T09:11:14+00:00\",\"mainEntityOfPage\":{\"@id\":\"https:\\\/\\\/www.retaildetail.be\\\/fr\\\/news\\\/mode\\\/troisieme-benefice-record-consecutif-pour-inditex\\\/\"},\"wordCount\":413,\"publisher\":{\"@id\":\"https:\\\/\\\/www.retaildetail.be\\\/nl\\\/#organization\"},\"image\":{\"@id\":\"https:\\\/\\\/www.retaildetail.be\\\/fr\\\/news\\\/mode\\\/troisieme-benefice-record-consecutif-pour-inditex\\\/#primaryimage\"},\"thumbnailUrl\":\"https:\\\/\\\/www.retaildetail.be\\\/wp-content\\\/uploads\\\/2026\\\/03\\\/Zara-Inditex-ecommerce-order.jpg\",\"articleSection\":[\"Mode\",\"Mode\"],\"inLanguage\":\"fr-FR\",\"copyrightYear\":\"2026\",\"copyrightHolder\":{\"@id\":\"https:\\\/\\\/www.retaildetail.be\\\/#organization\"}},{\"@type\":\"WebPage\",\"@id\":\"https:\\\/\\\/www.retaildetail.be\\\/fr\\\/news\\\/mode\\\/troisieme-benefice-record-consecutif-pour-inditex\\\/\",\"url\":\"https:\\\/\\\/www.retaildetail.be\\\/fr\\\/news\\\/mode\\\/troisieme-benefice-record-consecutif-pour-inditex\\\/\",\"name\":\"Troisi\u00e8me b\u00e9n\u00e9fice record cons\u00e9cutif pour Inditex - RetailDetail BE\",\"isPartOf\":{\"@id\":\"https:\\\/\\\/www.retaildetail.be\\\/nl\\\/#website\"},\"primaryImageOfPage\":{\"@id\":\"https:\\\/\\\/www.retaildetail.be\\\/fr\\\/news\\\/mode\\\/troisieme-benefice-record-consecutif-pour-inditex\\\/#primaryimage\"},\"image\":{\"@id\":\"https:\\\/\\\/www.retaildetail.be\\\/fr\\\/news\\\/mode\\\/troisieme-benefice-record-consecutif-pour-inditex\\\/#primaryimage\"},\"thumbnailUrl\":\"https:\\\/\\\/www.retaildetail.be\\\/wp-content\\\/uploads\\\/2026\\\/03\\\/Zara-Inditex-ecommerce-order.jpg\",\"datePublished\":\"2026-03-11T09:11:12+00:00\",\"dateModified\":\"2026-03-11T09:11:14+00:00\",\"description\":\"Inditex, propri\u00e9taire de Zara, Bershka et Massimo Dutti, a de nouveau enregistr\u00e9 un b\u00e9n\u00e9fice record en 2025. C'est la troisi\u00e8me ann\u00e9e cons\u00e9cutive.\",\"breadcrumb\":{\"@id\":\"https:\\\/\\\/www.retaildetail.be\\\/fr\\\/news\\\/mode\\\/troisieme-benefice-record-consecutif-pour-inditex\\\/#breadcrumb\"},\"inLanguage\":\"fr-FR\",\"potentialAction\":[{\"@type\":\"ReadAction\",\"target\":[\"https:\\\/\\\/www.retaildetail.be\\\/fr\\\/news\\\/mode\\\/troisieme-benefice-record-consecutif-pour-inditex\\\/\"]}]},{\"@type\":\"ImageObject\",\"inLanguage\":\"fr-FR\",\"@id\":\"https:\\\/\\\/www.retaildetail.be\\\/fr\\\/news\\\/mode\\\/troisieme-benefice-record-consecutif-pour-inditex\\\/#primaryimage\",\"url\":\"https:\\\/\\\/www.retaildetail.be\\\/wp-content\\\/uploads\\\/2026\\\/03\\\/Zara-Inditex-ecommerce-order.jpg\",\"contentUrl\":\"https:\\\/\\\/www.retaildetail.be\\\/wp-content\\\/uploads\\\/2026\\\/03\\\/Zara-Inditex-ecommerce-order.jpg\",\"width\":1000,\"height\":667,\"caption\":\"Shutterstock.com\"},{\"@type\":\"BreadcrumbList\",\"@id\":\"https:\\\/\\\/www.retaildetail.be\\\/fr\\\/news\\\/mode\\\/troisieme-benefice-record-consecutif-pour-inditex\\\/#breadcrumb\",\"itemListElement\":[{\"@type\":\"ListItem\",\"position\":1,\"name\":\"Home\",\"item\":\"https:\\\/\\\/www.retaildetail.be\\\/fr\\\/\"},{\"@type\":\"ListItem\",\"position\":2,\"name\":\"Troisi\u00e8me b\u00e9n\u00e9fice record cons\u00e9cutif pour Inditex\"}]},{\"@type\":\"WebSite\",\"@id\":\"https:\\\/\\\/www.retaildetail.be\\\/nl\\\/#website\",\"url\":\"https:\\\/\\\/www.retaildetail.be\\\/nl\\\/\",\"name\":\"RetailDetail BE\",\"description\":\"News\",\"publisher\":{\"@id\":\"https:\\\/\\\/www.retaildetail.be\\\/nl\\\/#organization\"},\"potentialAction\":[{\"@type\":\"SearchAction\",\"target\":{\"@type\":\"EntryPoint\",\"urlTemplate\":\"https:\\\/\\\/www.retaildetail.be\\\/nl\\\/?s={search_term_string}\"},\"query-input\":{\"@type\":\"PropertyValueSpecification\",\"valueRequired\":true,\"valueName\":\"search_term_string\"}}],\"inLanguage\":\"fr-FR\"},{\"@type\":\"Organization\",\"@id\":\"https:\\\/\\\/www.retaildetail.be\\\/nl\\\/#organization\",\"name\":\"RetailDetail BE\",\"url\":\"https:\\\/\\\/www.retaildetail.be\\\/nl\\\/\",\"logo\":{\"@type\":\"ImageObject\",\"inLanguage\":\"fr-FR\",\"@id\":\"https:\\\/\\\/www.retaildetail.be\\\/nl\\\/#\\\/schema\\\/logo\\\/image\\\/\",\"url\":\"https:\\\/\\\/www.retaildetail.be\\\/wp-content\\\/uploads\\\/2022\\\/04\\\/logo.svg\",\"contentUrl\":\"https:\\\/\\\/www.retaildetail.be\\\/wp-content\\\/uploads\\\/2022\\\/04\\\/logo.svg\",\"width\":131,\"height\":70,\"caption\":\"RetailDetail BE\"},\"image\":{\"@id\":\"https:\\\/\\\/www.retaildetail.be\\\/nl\\\/#\\\/schema\\\/logo\\\/image\\\/\"}},{\"@type\":\"Person\",\"@id\":\"https:\\\/\\\/www.retaildetail.be\\\/nl\\\/#\\\/schema\\\/person\\\/66b54803fa10759039079458ea89e307\",\"name\":\"Pauline Neerman\",\"image\":{\"@type\":\"ImageObject\",\"inLanguage\":\"fr-FR\",\"@id\":\"https:\\\/\\\/secure.gravatar.com\\\/avatar\\\/58db22aee589a691f9603e5765ac06010427a923f9b2728b951eb7fe27214d70?s=96&d=mm&r=g\",\"url\":\"https:\\\/\\\/secure.gravatar.com\\\/avatar\\\/58db22aee589a691f9603e5765ac06010427a923f9b2728b951eb7fe27214d70?s=96&d=mm&r=g\",\"contentUrl\":\"https:\\\/\\\/secure.gravatar.com\\\/avatar\\\/58db22aee589a691f9603e5765ac06010427a923f9b2728b951eb7fe27214d70?s=96&d=mm&r=g\",\"caption\":\"Pauline Neerman\"},\"url\":\"https:\\\/\\\/www.retaildetail.be\\\/fr\\\/author\\\/paulineneerman\\\/\"}]}<\/script>\n<!-- \/ Yoast SEO plugin. -->","yoast_head_json":{"title":"Troisi\u00e8me b\u00e9n\u00e9fice record cons\u00e9cutif pour Inditex - RetailDetail BE","description":"Inditex, propri\u00e9taire de Zara, Bershka et Massimo Dutti, a de nouveau enregistr\u00e9 un b\u00e9n\u00e9fice record en 2025. C'est la troisi\u00e8me ann\u00e9e cons\u00e9cutive.","robots":{"index":"index","follow":"follow","max-snippet":"max-snippet:-1","max-image-preview":"max-image-preview:large","max-video-preview":"max-video-preview:-1"},"canonical":"https:\/\/www.retaildetail.be\/fr\/news\/mode\/troisieme-benefice-record-consecutif-pour-inditex\/","og_locale":"fr_FR","og_type":"article","og_title":"Troisi\u00e8me b\u00e9n\u00e9fice record cons\u00e9cutif pour Inditex - RetailDetail BE","og_description":"Inditex, propri\u00e9taire de Zara, Bershka et Massimo Dutti, a de nouveau enregistr\u00e9 un b\u00e9n\u00e9fice record en 2025. C'est la troisi\u00e8me ann\u00e9e cons\u00e9cutive.","og_url":"https:\/\/www.retaildetail.be\/fr\/news\/mode\/troisieme-benefice-record-consecutif-pour-inditex\/","og_site_name":"RetailDetail BE","article_published_time":"2026-03-11T09:11:12+00:00","article_modified_time":"2026-03-11T09:11:14+00:00","og_image":[{"width":1000,"height":667,"url":"https:\/\/www.retaildetail.be\/wp-content\/uploads\/2026\/03\/Zara-Inditex-ecommerce-order.jpg","type":"image\/jpeg"}],"author":"Pauline Neerman","twitter_card":"summary_large_image","twitter_misc":{"\u00c9crit par":"Pauline Neerman","Dur\u00e9e de lecture estim\u00e9e":"2 minutes"},"schema":{"@context":"https:\/\/schema.org","@graph":[{"@type":"NewsArticle","@id":"https:\/\/www.retaildetail.be\/fr\/news\/mode\/troisieme-benefice-record-consecutif-pour-inditex\/#article","isPartOf":{"@id":"https:\/\/www.retaildetail.be\/fr\/news\/mode\/troisieme-benefice-record-consecutif-pour-inditex\/"},"author":{"name":"Pauline Neerman","@id":"https:\/\/www.retaildetail.be\/nl\/#\/schema\/person\/66b54803fa10759039079458ea89e307"},"headline":"Troisi\u00e8me b\u00e9n\u00e9fice record cons\u00e9cutif pour Inditex","datePublished":"2026-03-11T09:11:12+00:00","dateModified":"2026-03-11T09:11:14+00:00","mainEntityOfPage":{"@id":"https:\/\/www.retaildetail.be\/fr\/news\/mode\/troisieme-benefice-record-consecutif-pour-inditex\/"},"wordCount":413,"publisher":{"@id":"https:\/\/www.retaildetail.be\/nl\/#organization"},"image":{"@id":"https:\/\/www.retaildetail.be\/fr\/news\/mode\/troisieme-benefice-record-consecutif-pour-inditex\/#primaryimage"},"thumbnailUrl":"https:\/\/www.retaildetail.be\/wp-content\/uploads\/2026\/03\/Zara-Inditex-ecommerce-order.jpg","articleSection":["Mode","Mode"],"inLanguage":"fr-FR","copyrightYear":"2026","copyrightHolder":{"@id":"https:\/\/www.retaildetail.be\/#organization"}},{"@type":"WebPage","@id":"https:\/\/www.retaildetail.be\/fr\/news\/mode\/troisieme-benefice-record-consecutif-pour-inditex\/","url":"https:\/\/www.retaildetail.be\/fr\/news\/mode\/troisieme-benefice-record-consecutif-pour-inditex\/","name":"Troisi\u00e8me b\u00e9n\u00e9fice record cons\u00e9cutif pour Inditex - RetailDetail BE","isPartOf":{"@id":"https:\/\/www.retaildetail.be\/nl\/#website"},"primaryImageOfPage":{"@id":"https:\/\/www.retaildetail.be\/fr\/news\/mode\/troisieme-benefice-record-consecutif-pour-inditex\/#primaryimage"},"image":{"@id":"https:\/\/www.retaildetail.be\/fr\/news\/mode\/troisieme-benefice-record-consecutif-pour-inditex\/#primaryimage"},"thumbnailUrl":"https:\/\/www.retaildetail.be\/wp-content\/uploads\/2026\/03\/Zara-Inditex-ecommerce-order.jpg","datePublished":"2026-03-11T09:11:12+00:00","dateModified":"2026-03-11T09:11:14+00:00","description":"Inditex, propri\u00e9taire de Zara, Bershka et Massimo Dutti, a de nouveau enregistr\u00e9 un b\u00e9n\u00e9fice record en 2025. C'est la troisi\u00e8me ann\u00e9e cons\u00e9cutive.","breadcrumb":{"@id":"https:\/\/www.retaildetail.be\/fr\/news\/mode\/troisieme-benefice-record-consecutif-pour-inditex\/#breadcrumb"},"inLanguage":"fr-FR","potentialAction":[{"@type":"ReadAction","target":["https:\/\/www.retaildetail.be\/fr\/news\/mode\/troisieme-benefice-record-consecutif-pour-inditex\/"]}]},{"@type":"ImageObject","inLanguage":"fr-FR","@id":"https:\/\/www.retaildetail.be\/fr\/news\/mode\/troisieme-benefice-record-consecutif-pour-inditex\/#primaryimage","url":"https:\/\/www.retaildetail.be\/wp-content\/uploads\/2026\/03\/Zara-Inditex-ecommerce-order.jpg","contentUrl":"https:\/\/www.retaildetail.be\/wp-content\/uploads\/2026\/03\/Zara-Inditex-ecommerce-order.jpg","width":1000,"height":667,"caption":"Shutterstock.com"},{"@type":"BreadcrumbList","@id":"https:\/\/www.retaildetail.be\/fr\/news\/mode\/troisieme-benefice-record-consecutif-pour-inditex\/#breadcrumb","itemListElement":[{"@type":"ListItem","position":1,"name":"Home","item":"https:\/\/www.retaildetail.be\/fr\/"},{"@type":"ListItem","position":2,"name":"Troisi\u00e8me b\u00e9n\u00e9fice record cons\u00e9cutif pour Inditex"}]},{"@type":"WebSite","@id":"https:\/\/www.retaildetail.be\/nl\/#website","url":"https:\/\/www.retaildetail.be\/nl\/","name":"RetailDetail BE","description":"News","publisher":{"@id":"https:\/\/www.retaildetail.be\/nl\/#organization"},"potentialAction":[{"@type":"SearchAction","target":{"@type":"EntryPoint","urlTemplate":"https:\/\/www.retaildetail.be\/nl\/?s={search_term_string}"},"query-input":{"@type":"PropertyValueSpecification","valueRequired":true,"valueName":"search_term_string"}}],"inLanguage":"fr-FR"},{"@type":"Organization","@id":"https:\/\/www.retaildetail.be\/nl\/#organization","name":"RetailDetail BE","url":"https:\/\/www.retaildetail.be\/nl\/","logo":{"@type":"ImageObject","inLanguage":"fr-FR","@id":"https:\/\/www.retaildetail.be\/nl\/#\/schema\/logo\/image\/","url":"https:\/\/www.retaildetail.be\/wp-content\/uploads\/2022\/04\/logo.svg","contentUrl":"https:\/\/www.retaildetail.be\/wp-content\/uploads\/2022\/04\/logo.svg","width":131,"height":70,"caption":"RetailDetail BE"},"image":{"@id":"https:\/\/www.retaildetail.be\/nl\/#\/schema\/logo\/image\/"}},{"@type":"Person","@id":"https:\/\/www.retaildetail.be\/nl\/#\/schema\/person\/66b54803fa10759039079458ea89e307","name":"Pauline Neerman","image":{"@type":"ImageObject","inLanguage":"fr-FR","@id":"https:\/\/secure.gravatar.com\/avatar\/58db22aee589a691f9603e5765ac06010427a923f9b2728b951eb7fe27214d70?s=96&d=mm&r=g","url":"https:\/\/secure.gravatar.com\/avatar\/58db22aee589a691f9603e5765ac06010427a923f9b2728b951eb7fe27214d70?s=96&d=mm&r=g","contentUrl":"https:\/\/secure.gravatar.com\/avatar\/58db22aee589a691f9603e5765ac06010427a923f9b2728b951eb7fe27214d70?s=96&d=mm&r=g","caption":"Pauline Neerman"},"url":"https:\/\/www.retaildetail.be\/fr\/author\/paulineneerman\/"}]}},"jetpack_featured_media_url":"https:\/\/www.retaildetail.be\/wp-content\/uploads\/2026\/03\/Zara-Inditex-ecommerce-order.jpg","jetpack_sharing_enabled":true,"_links":{"self":[{"href":"https:\/\/www.retaildetail.be\/fr\/wp-json\/wp\/v2\/posts\/143782","targetHints":{"allow":["GET"]}}],"collection":[{"href":"https:\/\/www.retaildetail.be\/fr\/wp-json\/wp\/v2\/posts"}],"about":[{"href":"https:\/\/www.retaildetail.be\/fr\/wp-json\/wp\/v2\/types\/post"}],"author":[{"embeddable":true,"href":"https:\/\/www.retaildetail.be\/fr\/wp-json\/wp\/v2\/users\/5"}],"replies":[{"embeddable":true,"href":"https:\/\/www.retaildetail.be\/fr\/wp-json\/wp\/v2\/comments?post=143782"}],"version-history":[{"count":1,"href":"https:\/\/www.retaildetail.be\/fr\/wp-json\/wp\/v2\/posts\/143782\/revisions"}],"predecessor-version":[{"id":143784,"href":"https:\/\/www.retaildetail.be\/fr\/wp-json\/wp\/v2\/posts\/143782\/revisions\/143784"}],"wp:featuredmedia":[{"embeddable":true,"href":"https:\/\/www.retaildetail.be\/fr\/wp-json\/wp\/v2\/media\/143783"}],"wp:attachment":[{"href":"https:\/\/www.retaildetail.be\/fr\/wp-json\/wp\/v2\/media?parent=143782"}],"wp:term":[{"taxonomy":"category","embeddable":true,"href":"https:\/\/www.retaildetail.be\/fr\/wp-json\/wp\/v2\/categories?post=143782"},{"taxonomy":"post_tag","embeddable":true,"href":"https:\/\/www.retaildetail.be\/fr\/wp-json\/wp\/v2\/tags?post=143782"},{"taxonomy":"people","embeddable":true,"href":"https:\/\/www.retaildetail.be\/fr\/wp-json\/wp\/v2\/people?post=143782"},{"taxonomy":"extra","embeddable":true,"href":"https:\/\/www.retaildetail.be\/fr\/wp-json\/wp\/v2\/extra?post=143782"},{"taxonomy":"company","embeddable":true,"href":"https:\/\/www.retaildetail.be\/fr\/wp-json\/wp\/v2\/company?post=143782"},{"taxonomy":"topic","embeddable":true,"href":"https:\/\/www.retaildetail.be\/fr\/wp-json\/wp\/v2\/topic?post=143782"},{"taxonomy":"region","embeddable":true,"href":"https:\/\/www.retaildetail.be\/fr\/wp-json\/wp\/v2\/region?post=143782"}],"curies":[{"name":"wp","href":"https:\/\/api.w.org\/{rel}","templated":true}]}}