{"id":143786,"date":"2026-03-11T11:01:20","date_gmt":"2026-03-11T10:01:20","guid":{"rendered":"https:\/\/www.retaildetail.be\/?p=143786"},"modified":"2026-03-11T11:01:22","modified_gmt":"2026-03-11T10:01:22","slug":"opinion-integration-verticale-comment-la-chine-controle-lensemble-de-la-chaine","status":"publish","type":"post","link":"https:\/\/www.retaildetail.be\/fr\/news\/general\/opinion-integration-verticale-comment-la-chine-controle-lensemble-de-la-chaine\/","title":{"rendered":"[Opinion] Int\u00e9gration verticale : comment la Chine contr\u00f4le l&rsquo;ensemble de la cha\u00eene"},"content":{"rendered":"\n<p>Le retail et l&rsquo;industrie europ\u00e9ens perdent du terrain face aux nouveaux venus chinois, non pas par manque de qualit\u00e9 ou d&rsquo;innovation, mais en raison d&rsquo;une diff\u00e9rence fondamentale : l&rsquo;int\u00e9gration verticale. De <strong>Puma <\/strong>\u00e0 <strong>MediaMarkt<\/strong>, la r\u00e9cente vague d&rsquo;acquisitions cache une strat\u00e9gie syst\u00e9matique.<\/p>\n\n\n\n<h2 class=\"wp-block-heading\">One Belt, une cha\u00eene de valeur<\/h2>\n\n\n\n<p>Alors que les entreprises europ\u00e9ennes se sp\u00e9cialisent dans des niches ou des maillons isol\u00e9s de la cha\u00eene, la Chine construit un syst\u00e8me parfaitement int\u00e9gr\u00e9 qui couvre toutes les \u00e9tapes, des mati\u00e8res premi\u00e8res au consommateur. Ce n&rsquo;est pas un hasard, mais un choix d\u00e9lib\u00e9r\u00e9 qui se pr\u00e9pare depuis des d\u00e9cennies. La politique chinoise \u00ab One Belt, One Road \u00bb (une ceinture, une route) repr\u00e9sente \u00e9galement une cha\u00eene de valeur unique.<\/p>\n\n\n\n<p>Prenons l&rsquo;exemple des rachats de marques europ\u00e9ennes telles que Puma par <strong>Anta Sports<\/strong> ou MediaMarkt et Saturn par JD.com. Pour les acteurs chinois, il ne s&rsquo;agit pas de transactions isol\u00e9es, mais de maillons strat\u00e9giques dans un ensemble plus vaste. Anta poss\u00e8de d\u00e9j\u00e0 <strong>Amer Sports<\/strong>, la soci\u00e9t\u00e9 m\u00e8re de marques telles que Salomon, Wilson et Arc&rsquo;teryx. Ensemble, ces rachats forment un \u00e9cosyst\u00e8me o\u00f9 la conception, la production, la distribution et la vente se rejoignent.<\/p>\n\n\n\n<p>Le rachat de <strong>Ceconomy <\/strong>par <strong>JD.com<\/strong> ressemble sur le papier \u00e0 une transaction classique dans le secteur de la vente au d\u00e9tail, mais il s&rsquo;agit en r\u00e9alit\u00e9 d&rsquo;une prise de pouvoir logistique similaire. Pour JD.com, MediaMarkt et Saturn ne sont pas des magasins, mais des n\u0153uds dans un r\u00e9seau mondial de flux de donn\u00e9es et de centres de distribution. JD.com sait souvent ce qui sera command\u00e9 avant m\u00eame que le consommateur ne passe sa commande. L&rsquo;entreprise pr\u00e9voit o\u00f9 la demande va augmenter et quels produits finiront ensemble dans un m\u00eame panier. Les magasins peuvent alors devenir des mini-entrep\u00f4ts o\u00f9 les produits sont d\u00e9j\u00e0 pr\u00eats \u00e0 \u00eatre livr\u00e9s.<\/p>\n\n\n\n<h2 class=\"wp-block-heading\">Manque de coh\u00e9rence<\/h2>\n\n\n\n<p>Dans l&rsquo;industrie automobile, cela est clair depuis longtemps. Les marques europ\u00e9ennes excellent en mati\u00e8re de design, de technologie et de prestige, mais elles ne disposent pas de l&rsquo;int\u00e9gration verticale dont b\u00e9n\u00e9ficient les acteurs chinois. La Chine ma\u00eetrise l&rsquo;ensemble de la cha\u00eene : des mati\u00e8res premi\u00e8res et des batteries \u00e0 l&rsquo;assemblage et aux logiciels. Le PDG de <strong>Volvo<\/strong>, Hakan Samuelsson, reconna\u00eet ce que de nombreux PDG europ\u00e9ens n&rsquo;osent admettre qu&rsquo;\u00e0 voix basse : le march\u00e9 des voitures \u00e9lectriques sera probablement domin\u00e9 par deux ou trois marques chinoises. Pour les marques europ\u00e9ennes qui ne peuvent compter sur un partenaire chinois, comme Volvo avec <strong>Geely<\/strong>, la survie devient un d\u00e9fi.<\/p>\n\n\n\n<p>La force de l&rsquo;Europe r\u00e9side dans la sp\u00e9cialisation et la qualit\u00e9, mais ces atouts sont compromis par un manque de coh\u00e9sion. Pendant ce temps, la Chine construit un avenir o\u00f9 chaque maillon de la cha\u00eene s&rsquo;imbrique parfaitement. La question n&rsquo;est pas de savoir si l&rsquo;Europe peut \u00e9galer ce mod\u00e8le, mais si elle est pr\u00eate \u00e0 repenser fondamentalement son propre syst\u00e8me.<\/p>\n\n\n\n<p><em><a href=\"https:\/\/www.retailtours.be\/wingzz\/\">En septembre, rejoignez Wingzz pour une visite de quelques-unes des villes les plus inspirantes d&rsquo;Extr\u00eame-Orient.<\/a> Nous visiterons le c\u0153ur battant du commerce : Shanghai, Shenzhen et Hangzhou. Notez donc la date du 7 septembre 2026 dans votre agenda !<\/em><\/p>\n\n\n\n<figure class=\"wp-block-image size-full is-resized\"><a href=\"https:\/\/www.retailtours.be\/wingzz\/\"><img loading=\"lazy\" decoding=\"async\" width=\"919\" height=\"645\" src=\"https:\/\/www.retaildetail.be\/wp-content\/uploads\/2026\/03\/retail-tours-China-Wingz-26.png\" alt=\"\" class=\"wp-image-143802\" style=\"width:700px\" srcset=\"https:\/\/www.retaildetail.be\/wp-content\/uploads\/2026\/03\/retail-tours-China-Wingz-26.png 919w, https:\/\/www.retaildetail.be\/wp-content\/uploads\/2026\/03\/retail-tours-China-Wingz-26-300x211.png 300w, https:\/\/www.retaildetail.be\/wp-content\/uploads\/2026\/03\/retail-tours-China-Wingz-26-768x539.png 768w\" sizes=\"auto, (max-width: 919px) 100vw, 919px\" \/><\/a><\/figure>\n","protected":false},"excerpt":{"rendered":"<p>Le retail et l&rsquo;industrie europ\u00e9ens perdent du terrain face aux nouveaux venus chinois, non pas par manque de qualit\u00e9 ou d&rsquo;innovation, mais en raison d&rsquo;une diff\u00e9rence fondamentale : l&rsquo;int\u00e9gration verticale. De Puma \u00e0 MediaMarkt, la r\u00e9cente vague d&rsquo;acquisitions cache une strat\u00e9gie syst\u00e9matique.<\/p>\n","protected":false},"author":10,"featured_media":143787,"comment_status":"closed","ping_status":"closed","sticky":false,"template":"","format":"standard","meta":{"_acf_changed":false,"inline_featured_image":false,"_jetpack_memberships_contains_paid_content":false,"footnotes":""},"categories":[15,25],"tags":[],"people":[],"extra":[],"company":[1942,426,454,979],"topic":[275,242],"region":[210],"class_list":["post-143786","post","type-post","status-publish","format-standard","has-post-thumbnail","hentry","category-algemeen","category-general","company-anta-sports-products","company-ceconomy","company-jd-com","company-puma","topic-analyse","topic-chaine-dapprovisionnement","region-china"],"acf":[],"yoast_head":"<!-- This site is optimized with the Yoast SEO plugin v27.3 - https:\/\/yoast.com\/product\/yoast-seo-wordpress\/ -->\n<title>[Opinion] Int\u00e9gration verticale : comment la Chine contr\u00f4le l&#039;ensemble de la cha\u00eene - RetailDetail BE<\/title>\n<meta name=\"description\" content=\"Le commerce de d\u00e9tail et l&#039;industrie europ\u00e9ens perdent du terrain face aux nouveaux venus chinois, non pas par manque de qualit\u00e9 ou d&#039;innovation...\" \/>\n<meta name=\"robots\" content=\"index, follow, max-snippet:-1, max-image-preview:large, max-video-preview:-1\" \/>\n<link rel=\"canonical\" href=\"https:\/\/www.retaildetail.be\/fr\/news\/general\/opinion-integration-verticale-comment-la-chine-controle-lensemble-de-la-chaine\/\" \/>\n<meta property=\"og:locale\" content=\"fr_FR\" \/>\n<meta property=\"og:type\" content=\"article\" \/>\n<meta property=\"og:title\" content=\"[Opinion] Int\u00e9gration verticale : comment la Chine contr\u00f4le l&#039;ensemble de la cha\u00eene - RetailDetail BE\" \/>\n<meta property=\"og:description\" content=\"Le commerce de d\u00e9tail et l&#039;industrie europ\u00e9ens perdent du terrain face aux nouveaux venus chinois, non pas par manque de qualit\u00e9 ou d&#039;innovation...\" \/>\n<meta property=\"og:url\" content=\"https:\/\/www.retaildetail.be\/fr\/news\/general\/opinion-integration-verticale-comment-la-chine-controle-lensemble-de-la-chaine\/\" \/>\n<meta property=\"og:site_name\" content=\"RetailDetail BE\" \/>\n<meta property=\"article:published_time\" content=\"2026-03-11T10:01:20+00:00\" \/>\n<meta property=\"article:modified_time\" content=\"2026-03-11T10:01:22+00:00\" \/>\n<meta property=\"og:image\" content=\"https:\/\/www.retaildetail.be\/wp-content\/uploads\/2026\/03\/shutterstock_jdcom-logistiek-1.jpg\" \/>\n\t<meta property=\"og:image:width\" content=\"1000\" \/>\n\t<meta property=\"og:image:height\" content=\"667\" \/>\n\t<meta property=\"og:image:type\" content=\"image\/jpeg\" \/>\n<meta name=\"author\" content=\"Jorg Snoeck\" \/>\n<meta name=\"twitter:card\" content=\"summary_large_image\" \/>\n<meta name=\"twitter:label1\" content=\"\u00c9crit par\" \/>\n\t<meta name=\"twitter:data1\" content=\"Jorg Snoeck\" \/>\n\t<meta name=\"twitter:label2\" content=\"Dur\u00e9e de lecture estim\u00e9e\" \/>\n\t<meta name=\"twitter:data2\" content=\"3 minutes\" \/>\n<script type=\"application\/ld+json\" class=\"yoast-schema-graph\">{\"@context\":\"https:\\\/\\\/schema.org\",\"@graph\":[{\"@type\":\"NewsArticle\",\"@id\":\"https:\\\/\\\/www.retaildetail.be\\\/fr\\\/news\\\/general\\\/opinion-integration-verticale-comment-la-chine-controle-lensemble-de-la-chaine\\\/#article\",\"isPartOf\":{\"@id\":\"https:\\\/\\\/www.retaildetail.be\\\/fr\\\/news\\\/general\\\/opinion-integration-verticale-comment-la-chine-controle-lensemble-de-la-chaine\\\/\"},\"author\":{\"name\":\"Jorg Snoeck\",\"@id\":\"https:\\\/\\\/www.retaildetail.be\\\/nl\\\/#\\\/schema\\\/person\\\/71d9b89376db00e9b1aa8a2841e71a72\"},\"headline\":\"[Opinion] Int\u00e9gration verticale : comment la Chine contr\u00f4le l&rsquo;ensemble de la cha\u00eene\",\"datePublished\":\"2026-03-11T10:01:20+00:00\",\"dateModified\":\"2026-03-11T10:01:22+00:00\",\"mainEntityOfPage\":{\"@id\":\"https:\\\/\\\/www.retaildetail.be\\\/fr\\\/news\\\/general\\\/opinion-integration-verticale-comment-la-chine-controle-lensemble-de-la-chaine\\\/\"},\"wordCount\":597,\"publisher\":{\"@id\":\"https:\\\/\\\/www.retaildetail.be\\\/nl\\\/#organization\"},\"image\":{\"@id\":\"https:\\\/\\\/www.retaildetail.be\\\/fr\\\/news\\\/general\\\/opinion-integration-verticale-comment-la-chine-controle-lensemble-de-la-chaine\\\/#primaryimage\"},\"thumbnailUrl\":\"https:\\\/\\\/www.retaildetail.be\\\/wp-content\\\/uploads\\\/2026\\\/03\\\/shutterstock_jdcom-logistiek-1.jpg\",\"articleSection\":[\"Algemeen\",\"G\u00e9n\u00e9ral\"],\"inLanguage\":\"fr-FR\",\"copyrightYear\":\"2026\",\"copyrightHolder\":{\"@id\":\"https:\\\/\\\/www.retaildetail.be\\\/#organization\"}},{\"@type\":\"WebPage\",\"@id\":\"https:\\\/\\\/www.retaildetail.be\\\/fr\\\/news\\\/general\\\/opinion-integration-verticale-comment-la-chine-controle-lensemble-de-la-chaine\\\/\",\"url\":\"https:\\\/\\\/www.retaildetail.be\\\/fr\\\/news\\\/general\\\/opinion-integration-verticale-comment-la-chine-controle-lensemble-de-la-chaine\\\/\",\"name\":\"[Opinion] Int\u00e9gration verticale : comment la Chine contr\u00f4le l'ensemble de la cha\u00eene - RetailDetail BE\",\"isPartOf\":{\"@id\":\"https:\\\/\\\/www.retaildetail.be\\\/nl\\\/#website\"},\"primaryImageOfPage\":{\"@id\":\"https:\\\/\\\/www.retaildetail.be\\\/fr\\\/news\\\/general\\\/opinion-integration-verticale-comment-la-chine-controle-lensemble-de-la-chaine\\\/#primaryimage\"},\"image\":{\"@id\":\"https:\\\/\\\/www.retaildetail.be\\\/fr\\\/news\\\/general\\\/opinion-integration-verticale-comment-la-chine-controle-lensemble-de-la-chaine\\\/#primaryimage\"},\"thumbnailUrl\":\"https:\\\/\\\/www.retaildetail.be\\\/wp-content\\\/uploads\\\/2026\\\/03\\\/shutterstock_jdcom-logistiek-1.jpg\",\"datePublished\":\"2026-03-11T10:01:20+00:00\",\"dateModified\":\"2026-03-11T10:01:22+00:00\",\"description\":\"Le commerce de d\u00e9tail et l'industrie europ\u00e9ens perdent du terrain face aux nouveaux venus chinois, non pas par manque de qualit\u00e9 ou d'innovation...\",\"breadcrumb\":{\"@id\":\"https:\\\/\\\/www.retaildetail.be\\\/fr\\\/news\\\/general\\\/opinion-integration-verticale-comment-la-chine-controle-lensemble-de-la-chaine\\\/#breadcrumb\"},\"inLanguage\":\"fr-FR\",\"potentialAction\":[{\"@type\":\"ReadAction\",\"target\":[\"https:\\\/\\\/www.retaildetail.be\\\/fr\\\/news\\\/general\\\/opinion-integration-verticale-comment-la-chine-controle-lensemble-de-la-chaine\\\/\"]}]},{\"@type\":\"ImageObject\",\"inLanguage\":\"fr-FR\",\"@id\":\"https:\\\/\\\/www.retaildetail.be\\\/fr\\\/news\\\/general\\\/opinion-integration-verticale-comment-la-chine-controle-lensemble-de-la-chaine\\\/#primaryimage\",\"url\":\"https:\\\/\\\/www.retaildetail.be\\\/wp-content\\\/uploads\\\/2026\\\/03\\\/shutterstock_jdcom-logistiek-1.jpg\",\"contentUrl\":\"https:\\\/\\\/www.retaildetail.be\\\/wp-content\\\/uploads\\\/2026\\\/03\\\/shutterstock_jdcom-logistiek-1.jpg\",\"width\":1000,\"height\":667},{\"@type\":\"BreadcrumbList\",\"@id\":\"https:\\\/\\\/www.retaildetail.be\\\/fr\\\/news\\\/general\\\/opinion-integration-verticale-comment-la-chine-controle-lensemble-de-la-chaine\\\/#breadcrumb\",\"itemListElement\":[{\"@type\":\"ListItem\",\"position\":1,\"name\":\"Home\",\"item\":\"https:\\\/\\\/www.retaildetail.be\\\/fr\\\/\"},{\"@type\":\"ListItem\",\"position\":2,\"name\":\"[Opinion] Int\u00e9gration verticale : comment la Chine contr\u00f4le l&#8217;ensemble de la cha\u00eene\"}]},{\"@type\":\"WebSite\",\"@id\":\"https:\\\/\\\/www.retaildetail.be\\\/nl\\\/#website\",\"url\":\"https:\\\/\\\/www.retaildetail.be\\\/nl\\\/\",\"name\":\"RetailDetail BE\",\"description\":\"News\",\"publisher\":{\"@id\":\"https:\\\/\\\/www.retaildetail.be\\\/nl\\\/#organization\"},\"potentialAction\":[{\"@type\":\"SearchAction\",\"target\":{\"@type\":\"EntryPoint\",\"urlTemplate\":\"https:\\\/\\\/www.retaildetail.be\\\/nl\\\/?s={search_term_string}\"},\"query-input\":{\"@type\":\"PropertyValueSpecification\",\"valueRequired\":true,\"valueName\":\"search_term_string\"}}],\"inLanguage\":\"fr-FR\"},{\"@type\":\"Organization\",\"@id\":\"https:\\\/\\\/www.retaildetail.be\\\/nl\\\/#organization\",\"name\":\"RetailDetail BE\",\"url\":\"https:\\\/\\\/www.retaildetail.be\\\/nl\\\/\",\"logo\":{\"@type\":\"ImageObject\",\"inLanguage\":\"fr-FR\",\"@id\":\"https:\\\/\\\/www.retaildetail.be\\\/nl\\\/#\\\/schema\\\/logo\\\/image\\\/\",\"url\":\"https:\\\/\\\/www.retaildetail.be\\\/wp-content\\\/uploads\\\/2022\\\/04\\\/logo.svg\",\"contentUrl\":\"https:\\\/\\\/www.retaildetail.be\\\/wp-content\\\/uploads\\\/2022\\\/04\\\/logo.svg\",\"width\":131,\"height\":70,\"caption\":\"RetailDetail BE\"},\"image\":{\"@id\":\"https:\\\/\\\/www.retaildetail.be\\\/nl\\\/#\\\/schema\\\/logo\\\/image\\\/\"}},{\"@type\":\"Person\",\"@id\":\"https:\\\/\\\/www.retaildetail.be\\\/nl\\\/#\\\/schema\\\/person\\\/71d9b89376db00e9b1aa8a2841e71a72\",\"name\":\"Jorg Snoeck\",\"image\":{\"@type\":\"ImageObject\",\"inLanguage\":\"fr-FR\",\"@id\":\"https:\\\/\\\/secure.gravatar.com\\\/avatar\\\/fc1bd94c7d40f2446e6bf778bb34cf9ab000168f63533cec8e072f4ad96ce7f3?s=96&d=mm&r=g\",\"url\":\"https:\\\/\\\/secure.gravatar.com\\\/avatar\\\/fc1bd94c7d40f2446e6bf778bb34cf9ab000168f63533cec8e072f4ad96ce7f3?s=96&d=mm&r=g\",\"contentUrl\":\"https:\\\/\\\/secure.gravatar.com\\\/avatar\\\/fc1bd94c7d40f2446e6bf778bb34cf9ab000168f63533cec8e072f4ad96ce7f3?s=96&d=mm&r=g\",\"caption\":\"Jorg Snoeck\"},\"url\":\"https:\\\/\\\/www.retaildetail.be\\\/fr\\\/author\\\/jorgsnoeck\\\/\"}]}<\/script>\n<!-- \/ Yoast SEO plugin. -->","yoast_head_json":{"title":"[Opinion] Int\u00e9gration verticale : comment la Chine contr\u00f4le l'ensemble de la cha\u00eene - RetailDetail BE","description":"Le commerce de d\u00e9tail et l'industrie europ\u00e9ens perdent du terrain face aux nouveaux venus chinois, non pas par manque de qualit\u00e9 ou d'innovation...","robots":{"index":"index","follow":"follow","max-snippet":"max-snippet:-1","max-image-preview":"max-image-preview:large","max-video-preview":"max-video-preview:-1"},"canonical":"https:\/\/www.retaildetail.be\/fr\/news\/general\/opinion-integration-verticale-comment-la-chine-controle-lensemble-de-la-chaine\/","og_locale":"fr_FR","og_type":"article","og_title":"[Opinion] Int\u00e9gration verticale : comment la Chine contr\u00f4le l'ensemble de la cha\u00eene - RetailDetail BE","og_description":"Le commerce de d\u00e9tail et l'industrie europ\u00e9ens perdent du terrain face aux nouveaux venus chinois, non pas par manque de qualit\u00e9 ou d'innovation...","og_url":"https:\/\/www.retaildetail.be\/fr\/news\/general\/opinion-integration-verticale-comment-la-chine-controle-lensemble-de-la-chaine\/","og_site_name":"RetailDetail BE","article_published_time":"2026-03-11T10:01:20+00:00","article_modified_time":"2026-03-11T10:01:22+00:00","og_image":[{"width":1000,"height":667,"url":"https:\/\/www.retaildetail.be\/wp-content\/uploads\/2026\/03\/shutterstock_jdcom-logistiek-1.jpg","type":"image\/jpeg"}],"author":"Jorg Snoeck","twitter_card":"summary_large_image","twitter_misc":{"\u00c9crit par":"Jorg Snoeck","Dur\u00e9e de lecture estim\u00e9e":"3 minutes"},"schema":{"@context":"https:\/\/schema.org","@graph":[{"@type":"NewsArticle","@id":"https:\/\/www.retaildetail.be\/fr\/news\/general\/opinion-integration-verticale-comment-la-chine-controle-lensemble-de-la-chaine\/#article","isPartOf":{"@id":"https:\/\/www.retaildetail.be\/fr\/news\/general\/opinion-integration-verticale-comment-la-chine-controle-lensemble-de-la-chaine\/"},"author":{"name":"Jorg Snoeck","@id":"https:\/\/www.retaildetail.be\/nl\/#\/schema\/person\/71d9b89376db00e9b1aa8a2841e71a72"},"headline":"[Opinion] Int\u00e9gration verticale : comment la Chine contr\u00f4le l&rsquo;ensemble de la cha\u00eene","datePublished":"2026-03-11T10:01:20+00:00","dateModified":"2026-03-11T10:01:22+00:00","mainEntityOfPage":{"@id":"https:\/\/www.retaildetail.be\/fr\/news\/general\/opinion-integration-verticale-comment-la-chine-controle-lensemble-de-la-chaine\/"},"wordCount":597,"publisher":{"@id":"https:\/\/www.retaildetail.be\/nl\/#organization"},"image":{"@id":"https:\/\/www.retaildetail.be\/fr\/news\/general\/opinion-integration-verticale-comment-la-chine-controle-lensemble-de-la-chaine\/#primaryimage"},"thumbnailUrl":"https:\/\/www.retaildetail.be\/wp-content\/uploads\/2026\/03\/shutterstock_jdcom-logistiek-1.jpg","articleSection":["Algemeen","G\u00e9n\u00e9ral"],"inLanguage":"fr-FR","copyrightYear":"2026","copyrightHolder":{"@id":"https:\/\/www.retaildetail.be\/#organization"}},{"@type":"WebPage","@id":"https:\/\/www.retaildetail.be\/fr\/news\/general\/opinion-integration-verticale-comment-la-chine-controle-lensemble-de-la-chaine\/","url":"https:\/\/www.retaildetail.be\/fr\/news\/general\/opinion-integration-verticale-comment-la-chine-controle-lensemble-de-la-chaine\/","name":"[Opinion] Int\u00e9gration verticale : comment la Chine contr\u00f4le l'ensemble de la cha\u00eene - RetailDetail BE","isPartOf":{"@id":"https:\/\/www.retaildetail.be\/nl\/#website"},"primaryImageOfPage":{"@id":"https:\/\/www.retaildetail.be\/fr\/news\/general\/opinion-integration-verticale-comment-la-chine-controle-lensemble-de-la-chaine\/#primaryimage"},"image":{"@id":"https:\/\/www.retaildetail.be\/fr\/news\/general\/opinion-integration-verticale-comment-la-chine-controle-lensemble-de-la-chaine\/#primaryimage"},"thumbnailUrl":"https:\/\/www.retaildetail.be\/wp-content\/uploads\/2026\/03\/shutterstock_jdcom-logistiek-1.jpg","datePublished":"2026-03-11T10:01:20+00:00","dateModified":"2026-03-11T10:01:22+00:00","description":"Le commerce de d\u00e9tail et l'industrie europ\u00e9ens perdent du terrain face aux nouveaux venus chinois, non pas par manque de qualit\u00e9 ou d'innovation...","breadcrumb":{"@id":"https:\/\/www.retaildetail.be\/fr\/news\/general\/opinion-integration-verticale-comment-la-chine-controle-lensemble-de-la-chaine\/#breadcrumb"},"inLanguage":"fr-FR","potentialAction":[{"@type":"ReadAction","target":["https:\/\/www.retaildetail.be\/fr\/news\/general\/opinion-integration-verticale-comment-la-chine-controle-lensemble-de-la-chaine\/"]}]},{"@type":"ImageObject","inLanguage":"fr-FR","@id":"https:\/\/www.retaildetail.be\/fr\/news\/general\/opinion-integration-verticale-comment-la-chine-controle-lensemble-de-la-chaine\/#primaryimage","url":"https:\/\/www.retaildetail.be\/wp-content\/uploads\/2026\/03\/shutterstock_jdcom-logistiek-1.jpg","contentUrl":"https:\/\/www.retaildetail.be\/wp-content\/uploads\/2026\/03\/shutterstock_jdcom-logistiek-1.jpg","width":1000,"height":667},{"@type":"BreadcrumbList","@id":"https:\/\/www.retaildetail.be\/fr\/news\/general\/opinion-integration-verticale-comment-la-chine-controle-lensemble-de-la-chaine\/#breadcrumb","itemListElement":[{"@type":"ListItem","position":1,"name":"Home","item":"https:\/\/www.retaildetail.be\/fr\/"},{"@type":"ListItem","position":2,"name":"[Opinion] Int\u00e9gration verticale : comment la Chine contr\u00f4le l&#8217;ensemble de la cha\u00eene"}]},{"@type":"WebSite","@id":"https:\/\/www.retaildetail.be\/nl\/#website","url":"https:\/\/www.retaildetail.be\/nl\/","name":"RetailDetail BE","description":"News","publisher":{"@id":"https:\/\/www.retaildetail.be\/nl\/#organization"},"potentialAction":[{"@type":"SearchAction","target":{"@type":"EntryPoint","urlTemplate":"https:\/\/www.retaildetail.be\/nl\/?s={search_term_string}"},"query-input":{"@type":"PropertyValueSpecification","valueRequired":true,"valueName":"search_term_string"}}],"inLanguage":"fr-FR"},{"@type":"Organization","@id":"https:\/\/www.retaildetail.be\/nl\/#organization","name":"RetailDetail BE","url":"https:\/\/www.retaildetail.be\/nl\/","logo":{"@type":"ImageObject","inLanguage":"fr-FR","@id":"https:\/\/www.retaildetail.be\/nl\/#\/schema\/logo\/image\/","url":"https:\/\/www.retaildetail.be\/wp-content\/uploads\/2022\/04\/logo.svg","contentUrl":"https:\/\/www.retaildetail.be\/wp-content\/uploads\/2022\/04\/logo.svg","width":131,"height":70,"caption":"RetailDetail BE"},"image":{"@id":"https:\/\/www.retaildetail.be\/nl\/#\/schema\/logo\/image\/"}},{"@type":"Person","@id":"https:\/\/www.retaildetail.be\/nl\/#\/schema\/person\/71d9b89376db00e9b1aa8a2841e71a72","name":"Jorg Snoeck","image":{"@type":"ImageObject","inLanguage":"fr-FR","@id":"https:\/\/secure.gravatar.com\/avatar\/fc1bd94c7d40f2446e6bf778bb34cf9ab000168f63533cec8e072f4ad96ce7f3?s=96&d=mm&r=g","url":"https:\/\/secure.gravatar.com\/avatar\/fc1bd94c7d40f2446e6bf778bb34cf9ab000168f63533cec8e072f4ad96ce7f3?s=96&d=mm&r=g","contentUrl":"https:\/\/secure.gravatar.com\/avatar\/fc1bd94c7d40f2446e6bf778bb34cf9ab000168f63533cec8e072f4ad96ce7f3?s=96&d=mm&r=g","caption":"Jorg Snoeck"},"url":"https:\/\/www.retaildetail.be\/fr\/author\/jorgsnoeck\/"}]}},"jetpack_featured_media_url":"https:\/\/www.retaildetail.be\/wp-content\/uploads\/2026\/03\/shutterstock_jdcom-logistiek-1.jpg","jetpack_sharing_enabled":true,"_links":{"self":[{"href":"https:\/\/www.retaildetail.be\/fr\/wp-json\/wp\/v2\/posts\/143786","targetHints":{"allow":["GET"]}}],"collection":[{"href":"https:\/\/www.retaildetail.be\/fr\/wp-json\/wp\/v2\/posts"}],"about":[{"href":"https:\/\/www.retaildetail.be\/fr\/wp-json\/wp\/v2\/types\/post"}],"author":[{"embeddable":true,"href":"https:\/\/www.retaildetail.be\/fr\/wp-json\/wp\/v2\/users\/10"}],"replies":[{"embeddable":true,"href":"https:\/\/www.retaildetail.be\/fr\/wp-json\/wp\/v2\/comments?post=143786"}],"version-history":[{"count":2,"href":"https:\/\/www.retaildetail.be\/fr\/wp-json\/wp\/v2\/posts\/143786\/revisions"}],"predecessor-version":[{"id":143804,"href":"https:\/\/www.retaildetail.be\/fr\/wp-json\/wp\/v2\/posts\/143786\/revisions\/143804"}],"wp:featuredmedia":[{"embeddable":true,"href":"https:\/\/www.retaildetail.be\/fr\/wp-json\/wp\/v2\/media\/143787"}],"wp:attachment":[{"href":"https:\/\/www.retaildetail.be\/fr\/wp-json\/wp\/v2\/media?parent=143786"}],"wp:term":[{"taxonomy":"category","embeddable":true,"href":"https:\/\/www.retaildetail.be\/fr\/wp-json\/wp\/v2\/categories?post=143786"},{"taxonomy":"post_tag","embeddable":true,"href":"https:\/\/www.retaildetail.be\/fr\/wp-json\/wp\/v2\/tags?post=143786"},{"taxonomy":"people","embeddable":true,"href":"https:\/\/www.retaildetail.be\/fr\/wp-json\/wp\/v2\/people?post=143786"},{"taxonomy":"extra","embeddable":true,"href":"https:\/\/www.retaildetail.be\/fr\/wp-json\/wp\/v2\/extra?post=143786"},{"taxonomy":"company","embeddable":true,"href":"https:\/\/www.retaildetail.be\/fr\/wp-json\/wp\/v2\/company?post=143786"},{"taxonomy":"topic","embeddable":true,"href":"https:\/\/www.retaildetail.be\/fr\/wp-json\/wp\/v2\/topic?post=143786"},{"taxonomy":"region","embeddable":true,"href":"https:\/\/www.retaildetail.be\/fr\/wp-json\/wp\/v2\/region?post=143786"}],"curies":[{"name":"wp","href":"https:\/\/api.w.org\/{rel}","templated":true}]}}