{"id":143811,"date":"2026-03-11T11:33:28","date_gmt":"2026-03-11T10:33:28","guid":{"rendered":"https:\/\/www.retaildetail.be\/?p=143811"},"modified":"2026-03-11T11:33:30","modified_gmt":"2026-03-11T10:33:30","slug":"le-groupe-suisse-migros-se-retire-dallemagne","status":"publish","type":"post","link":"https:\/\/www.retaildetail.be\/fr\/news\/food\/le-groupe-suisse-migros-se-retire-dallemagne\/","title":{"rendered":"Le groupe suisse Migros se retire d&rsquo;Allemagne"},"content":{"rendered":"\n<p>Avec la vente de la cha\u00eene bio d\u00e9ficitaire <strong>Tegut<\/strong>, <strong>Migros<\/strong> se retire compl\u00e8tement d&rsquo;Allemagne. La plupart des magasins sont rachet\u00e9s par <strong>Edeka<\/strong>, tandis que <strong>Rewe<\/strong> en reprend \u00e9galement un nombre important.<\/p>\n\n\n\n<h2 class=\"wp-block-heading\">Forte pression concurrentielle<\/h2>\n\n\n\n<p>Migros Zurich, la plus grande division de la coop\u00e9rative suisse, a rachet\u00e9 Tegut d\u00e9but 2013, mais n&rsquo;a pas r\u00e9ussi \u00e0 rentabiliser la cha\u00eene d&rsquo;environ 300 magasins bio. Malgr\u00e9 une op\u00e9ration de restructuration, Tegut a encore enregistr\u00e9 l&rsquo;ann\u00e9e derni\u00e8re une perte op\u00e9rationnelle de 26 millions de francs suisses (pr\u00e8s de 29 millions d&rsquo;euros), contre 55 millions (61 millions d&rsquo;euros) l&rsquo;ann\u00e9e pr\u00e9c\u00e9dente, avec un chiffre d&rsquo;affaires en baisse. Au total, l&rsquo;aventure allemande co\u00fbtera \u00e0 Migros 570 millions de francs suisses (600 millions d&rsquo;euros) en amortissements.<\/p>\n\n\n\n<p>\u00ab Nous avons analys\u00e9 la situation en profondeur et sommes maintenant arriv\u00e9s \u00e0 la conclusion que Tegut n&rsquo;est pas viable \u00e9conomiquement \u00e0 long terme \u00bb, d\u00e9clare Patrik P\u00f6rtig, directeur de Migros Zurich. Il souligne la forte pression concurrentielle en Allemagne, avec les discounters Aldi et Lidl comme concurrents extr\u00eamement agressifs, d&rsquo;une part, et les tr\u00e8s grands groupes de distribution Edeka et Rewe, d&rsquo;autre part. En tant qu&rsquo;acteur r\u00e9gional de taille moyenne, Tegut n&rsquo;\u00e9tait pas en mesure de rivaliser. \u00ab<a href=\"https:\/\/www.handelszeitung.ch\/unternehmen\/millionengrab-tegut-veraussert-migros-zieht-sich-nach-fiasko-aus-deutschland-zuruck-917354\">C&rsquo;est pourquoi nous avons d\u00e9cid\u00e9 de nous retirer compl\u00e8tement d&rsquo;Allemagne \u00bb<\/a>, a d\u00e9clar\u00e9 M. P\u00f6rtig au Handelszeitung.<\/p>\n\n\n\n<p>La marque Tegut dispara\u00eet ainsi du march\u00e9 allemand, mais une partie importante des magasins <a href=\"https:\/\/www.lebensmittelzeitung.net\/handel\/nachrichten\/migros-gibt-auf-aus-fuer-tegut-edeka-sichert-sich-mehrzahl-der-filialen-189857\">aura un nouveau propri\u00e9taire<\/a>, selon Lebensmittel Zeitung. Plus de la moiti\u00e9 des 298 succursales, y compris les employ\u00e9s, seront transf\u00e9r\u00e9es \u00e0 Edeka, qui reprendra \u00e9galement le nouveau centre logistique de Tegut \u00e0 Michelsrombach, la boulangerie Herzberg et la soci\u00e9t\u00e9 s\u0153ur Smart Retail Solution. Rewe souhaite reprendre \u00ab un nombre \u00e9lev\u00e9 \u00e0 deux chiffres \u00bb de magasins. L&rsquo;autorit\u00e9 allemande de la concurrence doit encore approuver ces transactions.<\/p>\n","protected":false},"excerpt":{"rendered":"<p>Avec la vente de la cha\u00eene bio d\u00e9ficitaire Tegut, Migros se retire compl\u00e8tement d&rsquo;Allemagne. La plupart des magasins sont rachet\u00e9s par Edeka, tandis que Rewe en reprend \u00e9galement un nombre important.<\/p>\n","protected":false},"author":3,"featured_media":143812,"comment_status":"closed","ping_status":"closed","sticky":false,"template":"","format":"standard","meta":{"_acf_changed":false,"inline_featured_image":false,"_jetpack_memberships_contains_paid_content":false,"footnotes":""},"categories":[18,24],"tags":[],"people":[],"extra":[43],"company":[621,1737,827],"topic":[1295],"region":[470],"class_list":{"0":"post-143811","1":"post","2":"type-post","3":"status-publish","4":"format-standard","5":"has-post-thumbnail","6":"hentry","7":"category-food","9":"extra-plus","10":"company-edeka","11":"company-migros","12":"company-rewe","13":"topic-cessation","14":"region-allemagne"},"acf":[],"yoast_head":"<!-- This site is optimized with the Yoast SEO plugin v27.3 - https:\/\/yoast.com\/product\/yoast-seo-wordpress\/ -->\n<title>Le groupe suisse Migros se retire d&#039;Allemagne - RetailDetail BE<\/title>\n<meta name=\"description\" content=\"Avec la vente de la cha\u00eene bio d\u00e9ficitaire Tegut, Migros se retire compl\u00e8tement d&#039;Allemagne. La plupart des magasins sont rachet\u00e9s par Edeka, tandis que Rewe en reprend \u00e9galement un nombre important.\" \/>\n<meta name=\"robots\" content=\"index, follow, max-snippet:-1, max-image-preview:large, max-video-preview:-1\" \/>\n<link rel=\"canonical\" href=\"https:\/\/www.retaildetail.be\/fr\/news\/food\/le-groupe-suisse-migros-se-retire-dallemagne\/\" \/>\n<meta property=\"og:locale\" content=\"fr_FR\" \/>\n<meta property=\"og:type\" content=\"article\" \/>\n<meta property=\"og:title\" content=\"Le groupe suisse Migros se retire d&#039;Allemagne - RetailDetail BE\" \/>\n<meta property=\"og:description\" content=\"Avec la vente de la cha\u00eene bio d\u00e9ficitaire Tegut, Migros se retire compl\u00e8tement d&#039;Allemagne. La plupart des magasins sont rachet\u00e9s par Edeka, tandis que Rewe en reprend \u00e9galement un nombre important.\" \/>\n<meta property=\"og:url\" content=\"https:\/\/www.retaildetail.be\/fr\/news\/food\/le-groupe-suisse-migros-se-retire-dallemagne\/\" \/>\n<meta property=\"og:site_name\" content=\"RetailDetail BE\" \/>\n<meta property=\"article:published_time\" content=\"2026-03-11T10:33:28+00:00\" \/>\n<meta property=\"article:modified_time\" content=\"2026-03-11T10:33:30+00:00\" \/>\n<meta property=\"og:image\" content=\"https:\/\/www.retaildetail.be\/wp-content\/uploads\/2026\/03\/shutterstock_2729639811-1.jpg\" \/>\n\t<meta property=\"og:image:width\" content=\"1000\" \/>\n\t<meta property=\"og:image:height\" content=\"668\" \/>\n\t<meta property=\"og:image:type\" content=\"image\/jpeg\" \/>\n<meta name=\"author\" content=\"Stefan Van Rompaey\" \/>\n<meta name=\"twitter:card\" content=\"summary_large_image\" \/>\n<meta name=\"twitter:label1\" content=\"\u00c9crit par\" \/>\n\t<meta name=\"twitter:data1\" content=\"Stefan Van Rompaey\" \/>\n\t<meta name=\"twitter:label2\" content=\"Dur\u00e9e de lecture estim\u00e9e\" \/>\n\t<meta name=\"twitter:data2\" content=\"2 minutes\" \/>\n<script type=\"application\/ld+json\" class=\"yoast-schema-graph\">{\"@context\":\"https:\\\/\\\/schema.org\",\"@graph\":[{\"@type\":\"NewsArticle\",\"@id\":\"https:\\\/\\\/www.retaildetail.be\\\/fr\\\/news\\\/food\\\/le-groupe-suisse-migros-se-retire-dallemagne\\\/#article\",\"isPartOf\":{\"@id\":\"https:\\\/\\\/www.retaildetail.be\\\/fr\\\/news\\\/food\\\/le-groupe-suisse-migros-se-retire-dallemagne\\\/\"},\"author\":{\"name\":\"Stefan Van Rompaey\",\"@id\":\"https:\\\/\\\/www.retaildetail.be\\\/nl\\\/#\\\/schema\\\/person\\\/51aec6069c4416aa2f68b2e4ff3455df\"},\"headline\":\"Le groupe suisse Migros se retire d&rsquo;Allemagne\",\"datePublished\":\"2026-03-11T10:33:28+00:00\",\"dateModified\":\"2026-03-11T10:33:30+00:00\",\"mainEntityOfPage\":{\"@id\":\"https:\\\/\\\/www.retaildetail.be\\\/fr\\\/news\\\/food\\\/le-groupe-suisse-migros-se-retire-dallemagne\\\/\"},\"wordCount\":331,\"publisher\":{\"@id\":\"https:\\\/\\\/www.retaildetail.be\\\/nl\\\/#organization\"},\"image\":{\"@id\":\"https:\\\/\\\/www.retaildetail.be\\\/fr\\\/news\\\/food\\\/le-groupe-suisse-migros-se-retire-dallemagne\\\/#primaryimage\"},\"thumbnailUrl\":\"https:\\\/\\\/www.retaildetail.be\\\/wp-content\\\/uploads\\\/2026\\\/03\\\/shutterstock_2729639811-1.jpg\",\"articleSection\":[\"Food\",\"Food\"],\"inLanguage\":\"fr-FR\",\"copyrightYear\":\"2026\",\"copyrightHolder\":{\"@id\":\"https:\\\/\\\/www.retaildetail.be\\\/#organization\"}},{\"@type\":\"WebPage\",\"@id\":\"https:\\\/\\\/www.retaildetail.be\\\/fr\\\/news\\\/food\\\/le-groupe-suisse-migros-se-retire-dallemagne\\\/\",\"url\":\"https:\\\/\\\/www.retaildetail.be\\\/fr\\\/news\\\/food\\\/le-groupe-suisse-migros-se-retire-dallemagne\\\/\",\"name\":\"Le groupe suisse Migros se retire d'Allemagne - RetailDetail BE\",\"isPartOf\":{\"@id\":\"https:\\\/\\\/www.retaildetail.be\\\/nl\\\/#website\"},\"primaryImageOfPage\":{\"@id\":\"https:\\\/\\\/www.retaildetail.be\\\/fr\\\/news\\\/food\\\/le-groupe-suisse-migros-se-retire-dallemagne\\\/#primaryimage\"},\"image\":{\"@id\":\"https:\\\/\\\/www.retaildetail.be\\\/fr\\\/news\\\/food\\\/le-groupe-suisse-migros-se-retire-dallemagne\\\/#primaryimage\"},\"thumbnailUrl\":\"https:\\\/\\\/www.retaildetail.be\\\/wp-content\\\/uploads\\\/2026\\\/03\\\/shutterstock_2729639811-1.jpg\",\"datePublished\":\"2026-03-11T10:33:28+00:00\",\"dateModified\":\"2026-03-11T10:33:30+00:00\",\"description\":\"Avec la vente de la cha\u00eene bio d\u00e9ficitaire Tegut, Migros se retire compl\u00e8tement d'Allemagne. La plupart des magasins sont rachet\u00e9s par Edeka, tandis que Rewe en reprend \u00e9galement un nombre important.\",\"breadcrumb\":{\"@id\":\"https:\\\/\\\/www.retaildetail.be\\\/fr\\\/news\\\/food\\\/le-groupe-suisse-migros-se-retire-dallemagne\\\/#breadcrumb\"},\"inLanguage\":\"fr-FR\",\"potentialAction\":[{\"@type\":\"ReadAction\",\"target\":[\"https:\\\/\\\/www.retaildetail.be\\\/fr\\\/news\\\/food\\\/le-groupe-suisse-migros-se-retire-dallemagne\\\/\"]}]},{\"@type\":\"ImageObject\",\"inLanguage\":\"fr-FR\",\"@id\":\"https:\\\/\\\/www.retaildetail.be\\\/fr\\\/news\\\/food\\\/le-groupe-suisse-migros-se-retire-dallemagne\\\/#primaryimage\",\"url\":\"https:\\\/\\\/www.retaildetail.be\\\/wp-content\\\/uploads\\\/2026\\\/03\\\/shutterstock_2729639811-1.jpg\",\"contentUrl\":\"https:\\\/\\\/www.retaildetail.be\\\/wp-content\\\/uploads\\\/2026\\\/03\\\/shutterstock_2729639811-1.jpg\",\"width\":1000,\"height\":668,\"caption\":\"Shutterstock.com\"},{\"@type\":\"BreadcrumbList\",\"@id\":\"https:\\\/\\\/www.retaildetail.be\\\/fr\\\/news\\\/food\\\/le-groupe-suisse-migros-se-retire-dallemagne\\\/#breadcrumb\",\"itemListElement\":[{\"@type\":\"ListItem\",\"position\":1,\"name\":\"Home\",\"item\":\"https:\\\/\\\/www.retaildetail.be\\\/fr\\\/\"},{\"@type\":\"ListItem\",\"position\":2,\"name\":\"Le groupe suisse Migros se retire d&#8217;Allemagne\"}]},{\"@type\":\"WebSite\",\"@id\":\"https:\\\/\\\/www.retaildetail.be\\\/nl\\\/#website\",\"url\":\"https:\\\/\\\/www.retaildetail.be\\\/nl\\\/\",\"name\":\"RetailDetail BE\",\"description\":\"News\",\"publisher\":{\"@id\":\"https:\\\/\\\/www.retaildetail.be\\\/nl\\\/#organization\"},\"potentialAction\":[{\"@type\":\"SearchAction\",\"target\":{\"@type\":\"EntryPoint\",\"urlTemplate\":\"https:\\\/\\\/www.retaildetail.be\\\/nl\\\/?s={search_term_string}\"},\"query-input\":{\"@type\":\"PropertyValueSpecification\",\"valueRequired\":true,\"valueName\":\"search_term_string\"}}],\"inLanguage\":\"fr-FR\"},{\"@type\":\"Organization\",\"@id\":\"https:\\\/\\\/www.retaildetail.be\\\/nl\\\/#organization\",\"name\":\"RetailDetail BE\",\"url\":\"https:\\\/\\\/www.retaildetail.be\\\/nl\\\/\",\"logo\":{\"@type\":\"ImageObject\",\"inLanguage\":\"fr-FR\",\"@id\":\"https:\\\/\\\/www.retaildetail.be\\\/nl\\\/#\\\/schema\\\/logo\\\/image\\\/\",\"url\":\"https:\\\/\\\/www.retaildetail.be\\\/wp-content\\\/uploads\\\/2022\\\/04\\\/logo.svg\",\"contentUrl\":\"https:\\\/\\\/www.retaildetail.be\\\/wp-content\\\/uploads\\\/2022\\\/04\\\/logo.svg\",\"width\":131,\"height\":70,\"caption\":\"RetailDetail BE\"},\"image\":{\"@id\":\"https:\\\/\\\/www.retaildetail.be\\\/nl\\\/#\\\/schema\\\/logo\\\/image\\\/\"}},{\"@type\":\"Person\",\"@id\":\"https:\\\/\\\/www.retaildetail.be\\\/nl\\\/#\\\/schema\\\/person\\\/51aec6069c4416aa2f68b2e4ff3455df\",\"name\":\"Stefan Van Rompaey\",\"image\":{\"@type\":\"ImageObject\",\"inLanguage\":\"fr-FR\",\"@id\":\"https:\\\/\\\/secure.gravatar.com\\\/avatar\\\/fbbb4a80a0f109888b2a5ab8ae255617499ecde533749b3ab2fa6c23b5d65dac?s=96&d=mm&r=g\",\"url\":\"https:\\\/\\\/secure.gravatar.com\\\/avatar\\\/fbbb4a80a0f109888b2a5ab8ae255617499ecde533749b3ab2fa6c23b5d65dac?s=96&d=mm&r=g\",\"contentUrl\":\"https:\\\/\\\/secure.gravatar.com\\\/avatar\\\/fbbb4a80a0f109888b2a5ab8ae255617499ecde533749b3ab2fa6c23b5d65dac?s=96&d=mm&r=g\",\"caption\":\"Stefan Van Rompaey\"},\"url\":\"https:\\\/\\\/www.retaildetail.be\\\/fr\\\/author\\\/stefanvanrompaey\\\/\"}]}<\/script>\n<!-- \/ Yoast SEO plugin. -->","yoast_head_json":{"title":"Le groupe suisse Migros se retire d'Allemagne - RetailDetail BE","description":"Avec la vente de la cha\u00eene bio d\u00e9ficitaire Tegut, Migros se retire compl\u00e8tement d'Allemagne. La plupart des magasins sont rachet\u00e9s par Edeka, tandis que Rewe en reprend \u00e9galement un nombre important.","robots":{"index":"index","follow":"follow","max-snippet":"max-snippet:-1","max-image-preview":"max-image-preview:large","max-video-preview":"max-video-preview:-1"},"canonical":"https:\/\/www.retaildetail.be\/fr\/news\/food\/le-groupe-suisse-migros-se-retire-dallemagne\/","og_locale":"fr_FR","og_type":"article","og_title":"Le groupe suisse Migros se retire d'Allemagne - RetailDetail BE","og_description":"Avec la vente de la cha\u00eene bio d\u00e9ficitaire Tegut, Migros se retire compl\u00e8tement d'Allemagne. La plupart des magasins sont rachet\u00e9s par Edeka, tandis que Rewe en reprend \u00e9galement un nombre important.","og_url":"https:\/\/www.retaildetail.be\/fr\/news\/food\/le-groupe-suisse-migros-se-retire-dallemagne\/","og_site_name":"RetailDetail BE","article_published_time":"2026-03-11T10:33:28+00:00","article_modified_time":"2026-03-11T10:33:30+00:00","og_image":[{"width":1000,"height":668,"url":"https:\/\/www.retaildetail.be\/wp-content\/uploads\/2026\/03\/shutterstock_2729639811-1.jpg","type":"image\/jpeg"}],"author":"Stefan Van Rompaey","twitter_card":"summary_large_image","twitter_misc":{"\u00c9crit par":"Stefan Van Rompaey","Dur\u00e9e de lecture estim\u00e9e":"2 minutes"},"schema":{"@context":"https:\/\/schema.org","@graph":[{"@type":"NewsArticle","@id":"https:\/\/www.retaildetail.be\/fr\/news\/food\/le-groupe-suisse-migros-se-retire-dallemagne\/#article","isPartOf":{"@id":"https:\/\/www.retaildetail.be\/fr\/news\/food\/le-groupe-suisse-migros-se-retire-dallemagne\/"},"author":{"name":"Stefan Van Rompaey","@id":"https:\/\/www.retaildetail.be\/nl\/#\/schema\/person\/51aec6069c4416aa2f68b2e4ff3455df"},"headline":"Le groupe suisse Migros se retire d&rsquo;Allemagne","datePublished":"2026-03-11T10:33:28+00:00","dateModified":"2026-03-11T10:33:30+00:00","mainEntityOfPage":{"@id":"https:\/\/www.retaildetail.be\/fr\/news\/food\/le-groupe-suisse-migros-se-retire-dallemagne\/"},"wordCount":331,"publisher":{"@id":"https:\/\/www.retaildetail.be\/nl\/#organization"},"image":{"@id":"https:\/\/www.retaildetail.be\/fr\/news\/food\/le-groupe-suisse-migros-se-retire-dallemagne\/#primaryimage"},"thumbnailUrl":"https:\/\/www.retaildetail.be\/wp-content\/uploads\/2026\/03\/shutterstock_2729639811-1.jpg","articleSection":["Food","Food"],"inLanguage":"fr-FR","copyrightYear":"2026","copyrightHolder":{"@id":"https:\/\/www.retaildetail.be\/#organization"}},{"@type":"WebPage","@id":"https:\/\/www.retaildetail.be\/fr\/news\/food\/le-groupe-suisse-migros-se-retire-dallemagne\/","url":"https:\/\/www.retaildetail.be\/fr\/news\/food\/le-groupe-suisse-migros-se-retire-dallemagne\/","name":"Le groupe suisse Migros se retire d'Allemagne - RetailDetail BE","isPartOf":{"@id":"https:\/\/www.retaildetail.be\/nl\/#website"},"primaryImageOfPage":{"@id":"https:\/\/www.retaildetail.be\/fr\/news\/food\/le-groupe-suisse-migros-se-retire-dallemagne\/#primaryimage"},"image":{"@id":"https:\/\/www.retaildetail.be\/fr\/news\/food\/le-groupe-suisse-migros-se-retire-dallemagne\/#primaryimage"},"thumbnailUrl":"https:\/\/www.retaildetail.be\/wp-content\/uploads\/2026\/03\/shutterstock_2729639811-1.jpg","datePublished":"2026-03-11T10:33:28+00:00","dateModified":"2026-03-11T10:33:30+00:00","description":"Avec la vente de la cha\u00eene bio d\u00e9ficitaire Tegut, Migros se retire compl\u00e8tement d'Allemagne. La plupart des magasins sont rachet\u00e9s par Edeka, tandis que Rewe en reprend \u00e9galement un nombre important.","breadcrumb":{"@id":"https:\/\/www.retaildetail.be\/fr\/news\/food\/le-groupe-suisse-migros-se-retire-dallemagne\/#breadcrumb"},"inLanguage":"fr-FR","potentialAction":[{"@type":"ReadAction","target":["https:\/\/www.retaildetail.be\/fr\/news\/food\/le-groupe-suisse-migros-se-retire-dallemagne\/"]}]},{"@type":"ImageObject","inLanguage":"fr-FR","@id":"https:\/\/www.retaildetail.be\/fr\/news\/food\/le-groupe-suisse-migros-se-retire-dallemagne\/#primaryimage","url":"https:\/\/www.retaildetail.be\/wp-content\/uploads\/2026\/03\/shutterstock_2729639811-1.jpg","contentUrl":"https:\/\/www.retaildetail.be\/wp-content\/uploads\/2026\/03\/shutterstock_2729639811-1.jpg","width":1000,"height":668,"caption":"Shutterstock.com"},{"@type":"BreadcrumbList","@id":"https:\/\/www.retaildetail.be\/fr\/news\/food\/le-groupe-suisse-migros-se-retire-dallemagne\/#breadcrumb","itemListElement":[{"@type":"ListItem","position":1,"name":"Home","item":"https:\/\/www.retaildetail.be\/fr\/"},{"@type":"ListItem","position":2,"name":"Le groupe suisse Migros se retire d&#8217;Allemagne"}]},{"@type":"WebSite","@id":"https:\/\/www.retaildetail.be\/nl\/#website","url":"https:\/\/www.retaildetail.be\/nl\/","name":"RetailDetail BE","description":"News","publisher":{"@id":"https:\/\/www.retaildetail.be\/nl\/#organization"},"potentialAction":[{"@type":"SearchAction","target":{"@type":"EntryPoint","urlTemplate":"https:\/\/www.retaildetail.be\/nl\/?s={search_term_string}"},"query-input":{"@type":"PropertyValueSpecification","valueRequired":true,"valueName":"search_term_string"}}],"inLanguage":"fr-FR"},{"@type":"Organization","@id":"https:\/\/www.retaildetail.be\/nl\/#organization","name":"RetailDetail BE","url":"https:\/\/www.retaildetail.be\/nl\/","logo":{"@type":"ImageObject","inLanguage":"fr-FR","@id":"https:\/\/www.retaildetail.be\/nl\/#\/schema\/logo\/image\/","url":"https:\/\/www.retaildetail.be\/wp-content\/uploads\/2022\/04\/logo.svg","contentUrl":"https:\/\/www.retaildetail.be\/wp-content\/uploads\/2022\/04\/logo.svg","width":131,"height":70,"caption":"RetailDetail BE"},"image":{"@id":"https:\/\/www.retaildetail.be\/nl\/#\/schema\/logo\/image\/"}},{"@type":"Person","@id":"https:\/\/www.retaildetail.be\/nl\/#\/schema\/person\/51aec6069c4416aa2f68b2e4ff3455df","name":"Stefan Van Rompaey","image":{"@type":"ImageObject","inLanguage":"fr-FR","@id":"https:\/\/secure.gravatar.com\/avatar\/fbbb4a80a0f109888b2a5ab8ae255617499ecde533749b3ab2fa6c23b5d65dac?s=96&d=mm&r=g","url":"https:\/\/secure.gravatar.com\/avatar\/fbbb4a80a0f109888b2a5ab8ae255617499ecde533749b3ab2fa6c23b5d65dac?s=96&d=mm&r=g","contentUrl":"https:\/\/secure.gravatar.com\/avatar\/fbbb4a80a0f109888b2a5ab8ae255617499ecde533749b3ab2fa6c23b5d65dac?s=96&d=mm&r=g","caption":"Stefan Van Rompaey"},"url":"https:\/\/www.retaildetail.be\/fr\/author\/stefanvanrompaey\/"}]}},"jetpack_featured_media_url":"https:\/\/www.retaildetail.be\/wp-content\/uploads\/2026\/03\/shutterstock_2729639811-1.jpg","jetpack_sharing_enabled":true,"_links":{"self":[{"href":"https:\/\/www.retaildetail.be\/fr\/wp-json\/wp\/v2\/posts\/143811","targetHints":{"allow":["GET"]}}],"collection":[{"href":"https:\/\/www.retaildetail.be\/fr\/wp-json\/wp\/v2\/posts"}],"about":[{"href":"https:\/\/www.retaildetail.be\/fr\/wp-json\/wp\/v2\/types\/post"}],"author":[{"embeddable":true,"href":"https:\/\/www.retaildetail.be\/fr\/wp-json\/wp\/v2\/users\/3"}],"replies":[{"embeddable":true,"href":"https:\/\/www.retaildetail.be\/fr\/wp-json\/wp\/v2\/comments?post=143811"}],"version-history":[{"count":1,"href":"https:\/\/www.retaildetail.be\/fr\/wp-json\/wp\/v2\/posts\/143811\/revisions"}],"predecessor-version":[{"id":143813,"href":"https:\/\/www.retaildetail.be\/fr\/wp-json\/wp\/v2\/posts\/143811\/revisions\/143813"}],"wp:featuredmedia":[{"embeddable":true,"href":"https:\/\/www.retaildetail.be\/fr\/wp-json\/wp\/v2\/media\/143812"}],"wp:attachment":[{"href":"https:\/\/www.retaildetail.be\/fr\/wp-json\/wp\/v2\/media?parent=143811"}],"wp:term":[{"taxonomy":"category","embeddable":true,"href":"https:\/\/www.retaildetail.be\/fr\/wp-json\/wp\/v2\/categories?post=143811"},{"taxonomy":"post_tag","embeddable":true,"href":"https:\/\/www.retaildetail.be\/fr\/wp-json\/wp\/v2\/tags?post=143811"},{"taxonomy":"people","embeddable":true,"href":"https:\/\/www.retaildetail.be\/fr\/wp-json\/wp\/v2\/people?post=143811"},{"taxonomy":"extra","embeddable":true,"href":"https:\/\/www.retaildetail.be\/fr\/wp-json\/wp\/v2\/extra?post=143811"},{"taxonomy":"company","embeddable":true,"href":"https:\/\/www.retaildetail.be\/fr\/wp-json\/wp\/v2\/company?post=143811"},{"taxonomy":"topic","embeddable":true,"href":"https:\/\/www.retaildetail.be\/fr\/wp-json\/wp\/v2\/topic?post=143811"},{"taxonomy":"region","embeddable":true,"href":"https:\/\/www.retaildetail.be\/fr\/wp-json\/wp\/v2\/region?post=143811"}],"curies":[{"name":"wp","href":"https:\/\/api.w.org\/{rel}","templated":true}]}}