{"id":143821,"date":"2026-03-11T12:01:36","date_gmt":"2026-03-11T11:01:36","guid":{"rendered":"https:\/\/www.retaildetail.be\/?p=143821"},"modified":"2026-03-11T12:01:38","modified_gmt":"2026-03-11T11:01:38","slug":"la-chaine-de-mode-bimba-y-lola-celebre-son-20e-anniversaire-avec-croissance","status":"publish","type":"post","link":"https:\/\/www.retaildetail.be\/fr\/news\/mode\/la-chaine-de-mode-bimba-y-lola-celebre-son-20e-anniversaire-avec-croissance\/","title":{"rendered":"La cha\u00eene de mode Bimba y Lola c\u00e9l\u00e8bre son 20e anniversaire avec de la croissance"},"content":{"rendered":"\n<p>La cha\u00eene espagnole de mode et d&rsquo;accessoires <strong>Bimba y Lola<\/strong> c\u00e9l\u00e8bre son vingti\u00e8me anniversaire en grande pompe : l&rsquo;entreprise a r\u00e9alis\u00e9 un chiffre d&rsquo;affaires d&rsquo;un peu plus de 250 millions d&rsquo;euros, soit une augmentation de 7 % par rapport \u00e0 l&rsquo;ann\u00e9e pr\u00e9c\u00e9dente.<\/p>\n\n\n\n<h2 class=\"wp-block-heading\">De grands pas \u00e0 l&rsquo;international<\/h2>\n\n\n\n<p>\u00ab Notre vingti\u00e8me anniversaire s&rsquo;est termin\u00e9 sur une note tr\u00e8s positive \u00bb, d\u00e9clare le PDG Jos\u00e9 Manuel Mart\u00ednez. Selon Mart\u00ednez, l&rsquo;entreprise a franchi des \u00e9tapes importantes dans sa strat\u00e9gie internationale. \u00ab Nous avons poursuivi le d\u00e9veloppement mondial de la marque en ouvrant de nouveaux march\u00e9s et canaux, en renfor\u00e7ant notre organisation et notre conseil d&rsquo;administration et en optimisant davantage les op\u00e9rations de notre centre logistique et de notre nouveau si\u00e8ge social. \u00bb<\/p>\n\n\n\n<p>Les activit\u00e9s internationales jouent en effet un r\u00f4le de plus en plus important dans la croissance. Au cours du dernier exercice, 42 % du chiffre d&rsquo;affaires provenait de march\u00e9s hors d&rsquo;Espagne. Bimba y Lola a \u00e9galement poursuivi l&rsquo;expansion de son r\u00e9seau de magasins. La marque compte d\u00e9sormais 321 points de vente dans 34 pays en Europe, en Am\u00e9rique du Nord et du Sud et en Asie. Environ la moiti\u00e9 de ces magasins sont situ\u00e9s en dehors du march\u00e9 espagnol.<\/p>\n\n\n\n<p>La marque conna\u00eet \u00e9galement une forte croissance en ligne. Les ventes en ligne ont augment\u00e9 de 12 % et repr\u00e9sentent d\u00e9sormais 22 % du chiffre d&rsquo;affaires total. L&rsquo;entreprise b\u00e9n\u00e9ficie ainsi d&rsquo;une pr\u00e9sence accrue sur les march\u00e9s de la mode et d&rsquo;une expansion de sa propre boutique en ligne vers presque tous les march\u00e9s internationaux.<\/p>\n\n\n\n<h2 class=\"wp-block-heading\">Nominations et expansion<\/h2>\n\n\n\n<p>Natalia Gamero del Castillo, ancienne directrice chez l&rsquo;\u00e9diteur Cond\u00e9 Nast, et Carlos Soler Duffo, ancien PDG de la marque de bijoux Tous, ont rejoint le conseil d&rsquo;administration. Bimba y Lola a \u00e9galement nomm\u00e9 \u00d3scar de Castro, anciennement chez Pull&amp;Bear, au poste de directeur de la marque et de la communication.<\/p>\n\n\n\n<p>Malgr\u00e9 la forte croissance, Mart\u00ednez souligne que les conditions restent difficiles. \u00ab De grands d\u00e9fis nous attendent encore \u00bb, dit-il. Dans le m\u00eame temps, il voit des possibilit\u00e9s d&rsquo;expansion suppl\u00e9mentaire. \u00ab Nous voyons le potentiel de la marque et de nos \u00e9quipes pour continuer \u00e0 cro\u00eetre dans un environnement particuli\u00e8rement complexe. \u00bb<\/p>\n","protected":false},"excerpt":{"rendered":"<p>La cha\u00eene espagnole de mode et d&rsquo;accessoires Bimba y Lola c\u00e9l\u00e8bre son vingti\u00e8me anniversaire en grande pompe : l&rsquo;entreprise a r\u00e9alis\u00e9 un chiffre d&rsquo;affaires d&rsquo;un peu plus de 250 millions d&rsquo;euros, soit une augmentation de 7 % par rapport \u00e0 l&rsquo;ann\u00e9e pr\u00e9c\u00e9dente.<\/p>\n","protected":false},"author":5,"featured_media":143822,"comment_status":"closed","ping_status":"closed","sticky":false,"template":"","format":"standard","meta":{"_acf_changed":false,"inline_featured_image":false,"_jetpack_memberships_contains_paid_content":false,"footnotes":""},"categories":[14,22],"tags":[],"people":[],"extra":[43],"company":[1976],"topic":[266],"region":[580],"class_list":{"0":"post-143821","1":"post","2":"type-post","3":"status-publish","4":"format-standard","5":"has-post-thumbnail","6":"hentry","7":"category-mode","9":"extra-plus","10":"company-bimba-y-lola","11":"topic-resultats-financiers","12":"region-espagne"},"acf":[],"yoast_head":"<!-- This site is optimized with the Yoast SEO plugin v27.3 - https:\/\/yoast.com\/product\/yoast-seo-wordpress\/ -->\n<title>La cha\u00eene de mode Bimba y Lola c\u00e9l\u00e8bre son 20e anniversaire avec de la croissance - RetailDetail BE<\/title>\n<meta name=\"description\" content=\"Bimba y Lola c\u00e9l\u00e8bre son vingti\u00e8me anniversaire en grande pompe : l&#039;entreprise a r\u00e9alis\u00e9 une augmentation de 7 %.\" \/>\n<meta name=\"robots\" content=\"index, follow, max-snippet:-1, max-image-preview:large, max-video-preview:-1\" \/>\n<link rel=\"canonical\" href=\"https:\/\/www.retaildetail.be\/fr\/news\/mode\/la-chaine-de-mode-bimba-y-lola-celebre-son-20e-anniversaire-avec-croissance\/\" \/>\n<meta property=\"og:locale\" content=\"fr_FR\" \/>\n<meta property=\"og:type\" content=\"article\" \/>\n<meta property=\"og:title\" content=\"La cha\u00eene de mode Bimba y Lola c\u00e9l\u00e8bre son 20e anniversaire avec de la croissance - RetailDetail BE\" \/>\n<meta property=\"og:description\" content=\"Bimba y Lola c\u00e9l\u00e8bre son vingti\u00e8me anniversaire en grande pompe : l&#039;entreprise a r\u00e9alis\u00e9 une augmentation de 7 %.\" \/>\n<meta property=\"og:url\" content=\"https:\/\/www.retaildetail.be\/fr\/news\/mode\/la-chaine-de-mode-bimba-y-lola-celebre-son-20e-anniversaire-avec-croissance\/\" \/>\n<meta property=\"og:site_name\" content=\"RetailDetail BE\" \/>\n<meta property=\"article:published_time\" content=\"2026-03-11T11:01:36+00:00\" \/>\n<meta property=\"article:modified_time\" content=\"2026-03-11T11:01:38+00:00\" \/>\n<meta property=\"og:image\" content=\"https:\/\/www.retaildetail.be\/wp-content\/uploads\/2026\/03\/shutterstock_bimbaylola-1.jpg\" \/>\n\t<meta property=\"og:image:width\" content=\"1000\" \/>\n\t<meta property=\"og:image:height\" content=\"667\" \/>\n\t<meta property=\"og:image:type\" content=\"image\/jpeg\" \/>\n<meta name=\"author\" content=\"Pauline Neerman\" \/>\n<meta name=\"twitter:card\" content=\"summary_large_image\" \/>\n<meta name=\"twitter:label1\" content=\"\u00c9crit par\" \/>\n\t<meta name=\"twitter:data1\" content=\"Pauline Neerman\" \/>\n\t<meta name=\"twitter:label2\" content=\"Dur\u00e9e de lecture estim\u00e9e\" \/>\n\t<meta name=\"twitter:data2\" content=\"2 minutes\" \/>\n<script type=\"application\/ld+json\" class=\"yoast-schema-graph\">{\"@context\":\"https:\\\/\\\/schema.org\",\"@graph\":[{\"@type\":\"NewsArticle\",\"@id\":\"https:\\\/\\\/www.retaildetail.be\\\/fr\\\/news\\\/mode\\\/la-chaine-de-mode-bimba-y-lola-celebre-son-20e-anniversaire-avec-croissance\\\/#article\",\"isPartOf\":{\"@id\":\"https:\\\/\\\/www.retaildetail.be\\\/fr\\\/news\\\/mode\\\/la-chaine-de-mode-bimba-y-lola-celebre-son-20e-anniversaire-avec-croissance\\\/\"},\"author\":{\"name\":\"Pauline Neerman\",\"@id\":\"https:\\\/\\\/www.retaildetail.be\\\/nl\\\/#\\\/schema\\\/person\\\/66b54803fa10759039079458ea89e307\"},\"headline\":\"La cha\u00eene de mode Bimba y Lola c\u00e9l\u00e8bre son 20e anniversaire avec de la croissance\",\"datePublished\":\"2026-03-11T11:01:36+00:00\",\"dateModified\":\"2026-03-11T11:01:38+00:00\",\"mainEntityOfPage\":{\"@id\":\"https:\\\/\\\/www.retaildetail.be\\\/fr\\\/news\\\/mode\\\/la-chaine-de-mode-bimba-y-lola-celebre-son-20e-anniversaire-avec-croissance\\\/\"},\"wordCount\":415,\"publisher\":{\"@id\":\"https:\\\/\\\/www.retaildetail.be\\\/nl\\\/#organization\"},\"image\":{\"@id\":\"https:\\\/\\\/www.retaildetail.be\\\/fr\\\/news\\\/mode\\\/la-chaine-de-mode-bimba-y-lola-celebre-son-20e-anniversaire-avec-croissance\\\/#primaryimage\"},\"thumbnailUrl\":\"https:\\\/\\\/www.retaildetail.be\\\/wp-content\\\/uploads\\\/2026\\\/03\\\/shutterstock_bimbaylola-1.jpg\",\"articleSection\":[\"Mode\",\"Mode\"],\"inLanguage\":\"fr-FR\",\"copyrightYear\":\"2026\",\"copyrightHolder\":{\"@id\":\"https:\\\/\\\/www.retaildetail.be\\\/#organization\"}},{\"@type\":\"WebPage\",\"@id\":\"https:\\\/\\\/www.retaildetail.be\\\/fr\\\/news\\\/mode\\\/la-chaine-de-mode-bimba-y-lola-celebre-son-20e-anniversaire-avec-croissance\\\/\",\"url\":\"https:\\\/\\\/www.retaildetail.be\\\/fr\\\/news\\\/mode\\\/la-chaine-de-mode-bimba-y-lola-celebre-son-20e-anniversaire-avec-croissance\\\/\",\"name\":\"La cha\u00eene de mode Bimba y Lola c\u00e9l\u00e8bre son 20e anniversaire avec de la croissance - RetailDetail BE\",\"isPartOf\":{\"@id\":\"https:\\\/\\\/www.retaildetail.be\\\/nl\\\/#website\"},\"primaryImageOfPage\":{\"@id\":\"https:\\\/\\\/www.retaildetail.be\\\/fr\\\/news\\\/mode\\\/la-chaine-de-mode-bimba-y-lola-celebre-son-20e-anniversaire-avec-croissance\\\/#primaryimage\"},\"image\":{\"@id\":\"https:\\\/\\\/www.retaildetail.be\\\/fr\\\/news\\\/mode\\\/la-chaine-de-mode-bimba-y-lola-celebre-son-20e-anniversaire-avec-croissance\\\/#primaryimage\"},\"thumbnailUrl\":\"https:\\\/\\\/www.retaildetail.be\\\/wp-content\\\/uploads\\\/2026\\\/03\\\/shutterstock_bimbaylola-1.jpg\",\"datePublished\":\"2026-03-11T11:01:36+00:00\",\"dateModified\":\"2026-03-11T11:01:38+00:00\",\"description\":\"Bimba y Lola c\u00e9l\u00e8bre son vingti\u00e8me anniversaire en grande pompe : l'entreprise a r\u00e9alis\u00e9 une augmentation de 7 %.\",\"breadcrumb\":{\"@id\":\"https:\\\/\\\/www.retaildetail.be\\\/fr\\\/news\\\/mode\\\/la-chaine-de-mode-bimba-y-lola-celebre-son-20e-anniversaire-avec-croissance\\\/#breadcrumb\"},\"inLanguage\":\"fr-FR\",\"potentialAction\":[{\"@type\":\"ReadAction\",\"target\":[\"https:\\\/\\\/www.retaildetail.be\\\/fr\\\/news\\\/mode\\\/la-chaine-de-mode-bimba-y-lola-celebre-son-20e-anniversaire-avec-croissance\\\/\"]}]},{\"@type\":\"ImageObject\",\"inLanguage\":\"fr-FR\",\"@id\":\"https:\\\/\\\/www.retaildetail.be\\\/fr\\\/news\\\/mode\\\/la-chaine-de-mode-bimba-y-lola-celebre-son-20e-anniversaire-avec-croissance\\\/#primaryimage\",\"url\":\"https:\\\/\\\/www.retaildetail.be\\\/wp-content\\\/uploads\\\/2026\\\/03\\\/shutterstock_bimbaylola-1.jpg\",\"contentUrl\":\"https:\\\/\\\/www.retaildetail.be\\\/wp-content\\\/uploads\\\/2026\\\/03\\\/shutterstock_bimbaylola-1.jpg\",\"width\":1000,\"height\":667},{\"@type\":\"BreadcrumbList\",\"@id\":\"https:\\\/\\\/www.retaildetail.be\\\/fr\\\/news\\\/mode\\\/la-chaine-de-mode-bimba-y-lola-celebre-son-20e-anniversaire-avec-croissance\\\/#breadcrumb\",\"itemListElement\":[{\"@type\":\"ListItem\",\"position\":1,\"name\":\"Home\",\"item\":\"https:\\\/\\\/www.retaildetail.be\\\/fr\\\/\"},{\"@type\":\"ListItem\",\"position\":2,\"name\":\"La cha\u00eene de mode Bimba y Lola c\u00e9l\u00e8bre son 20e anniversaire avec de la croissance\"}]},{\"@type\":\"WebSite\",\"@id\":\"https:\\\/\\\/www.retaildetail.be\\\/nl\\\/#website\",\"url\":\"https:\\\/\\\/www.retaildetail.be\\\/nl\\\/\",\"name\":\"RetailDetail BE\",\"description\":\"News\",\"publisher\":{\"@id\":\"https:\\\/\\\/www.retaildetail.be\\\/nl\\\/#organization\"},\"potentialAction\":[{\"@type\":\"SearchAction\",\"target\":{\"@type\":\"EntryPoint\",\"urlTemplate\":\"https:\\\/\\\/www.retaildetail.be\\\/nl\\\/?s={search_term_string}\"},\"query-input\":{\"@type\":\"PropertyValueSpecification\",\"valueRequired\":true,\"valueName\":\"search_term_string\"}}],\"inLanguage\":\"fr-FR\"},{\"@type\":\"Organization\",\"@id\":\"https:\\\/\\\/www.retaildetail.be\\\/nl\\\/#organization\",\"name\":\"RetailDetail BE\",\"url\":\"https:\\\/\\\/www.retaildetail.be\\\/nl\\\/\",\"logo\":{\"@type\":\"ImageObject\",\"inLanguage\":\"fr-FR\",\"@id\":\"https:\\\/\\\/www.retaildetail.be\\\/nl\\\/#\\\/schema\\\/logo\\\/image\\\/\",\"url\":\"https:\\\/\\\/www.retaildetail.be\\\/wp-content\\\/uploads\\\/2022\\\/04\\\/logo.svg\",\"contentUrl\":\"https:\\\/\\\/www.retaildetail.be\\\/wp-content\\\/uploads\\\/2022\\\/04\\\/logo.svg\",\"width\":131,\"height\":70,\"caption\":\"RetailDetail BE\"},\"image\":{\"@id\":\"https:\\\/\\\/www.retaildetail.be\\\/nl\\\/#\\\/schema\\\/logo\\\/image\\\/\"}},{\"@type\":\"Person\",\"@id\":\"https:\\\/\\\/www.retaildetail.be\\\/nl\\\/#\\\/schema\\\/person\\\/66b54803fa10759039079458ea89e307\",\"name\":\"Pauline Neerman\",\"image\":{\"@type\":\"ImageObject\",\"inLanguage\":\"fr-FR\",\"@id\":\"https:\\\/\\\/secure.gravatar.com\\\/avatar\\\/58db22aee589a691f9603e5765ac06010427a923f9b2728b951eb7fe27214d70?s=96&d=mm&r=g\",\"url\":\"https:\\\/\\\/secure.gravatar.com\\\/avatar\\\/58db22aee589a691f9603e5765ac06010427a923f9b2728b951eb7fe27214d70?s=96&d=mm&r=g\",\"contentUrl\":\"https:\\\/\\\/secure.gravatar.com\\\/avatar\\\/58db22aee589a691f9603e5765ac06010427a923f9b2728b951eb7fe27214d70?s=96&d=mm&r=g\",\"caption\":\"Pauline Neerman\"},\"url\":\"https:\\\/\\\/www.retaildetail.be\\\/fr\\\/author\\\/paulineneerman\\\/\"}]}<\/script>\n<!-- \/ Yoast SEO plugin. -->","yoast_head_json":{"title":"La cha\u00eene de mode Bimba y Lola c\u00e9l\u00e8bre son 20e anniversaire avec de la croissance - RetailDetail BE","description":"Bimba y Lola c\u00e9l\u00e8bre son vingti\u00e8me anniversaire en grande pompe : l'entreprise a r\u00e9alis\u00e9 une augmentation de 7 %.","robots":{"index":"index","follow":"follow","max-snippet":"max-snippet:-1","max-image-preview":"max-image-preview:large","max-video-preview":"max-video-preview:-1"},"canonical":"https:\/\/www.retaildetail.be\/fr\/news\/mode\/la-chaine-de-mode-bimba-y-lola-celebre-son-20e-anniversaire-avec-croissance\/","og_locale":"fr_FR","og_type":"article","og_title":"La cha\u00eene de mode Bimba y Lola c\u00e9l\u00e8bre son 20e anniversaire avec de la croissance - RetailDetail BE","og_description":"Bimba y Lola c\u00e9l\u00e8bre son vingti\u00e8me anniversaire en grande pompe : l'entreprise a r\u00e9alis\u00e9 une augmentation de 7 %.","og_url":"https:\/\/www.retaildetail.be\/fr\/news\/mode\/la-chaine-de-mode-bimba-y-lola-celebre-son-20e-anniversaire-avec-croissance\/","og_site_name":"RetailDetail BE","article_published_time":"2026-03-11T11:01:36+00:00","article_modified_time":"2026-03-11T11:01:38+00:00","og_image":[{"width":1000,"height":667,"url":"https:\/\/www.retaildetail.be\/wp-content\/uploads\/2026\/03\/shutterstock_bimbaylola-1.jpg","type":"image\/jpeg"}],"author":"Pauline Neerman","twitter_card":"summary_large_image","twitter_misc":{"\u00c9crit par":"Pauline Neerman","Dur\u00e9e de lecture estim\u00e9e":"2 minutes"},"schema":{"@context":"https:\/\/schema.org","@graph":[{"@type":"NewsArticle","@id":"https:\/\/www.retaildetail.be\/fr\/news\/mode\/la-chaine-de-mode-bimba-y-lola-celebre-son-20e-anniversaire-avec-croissance\/#article","isPartOf":{"@id":"https:\/\/www.retaildetail.be\/fr\/news\/mode\/la-chaine-de-mode-bimba-y-lola-celebre-son-20e-anniversaire-avec-croissance\/"},"author":{"name":"Pauline Neerman","@id":"https:\/\/www.retaildetail.be\/nl\/#\/schema\/person\/66b54803fa10759039079458ea89e307"},"headline":"La cha\u00eene de mode Bimba y Lola c\u00e9l\u00e8bre son 20e anniversaire avec de la croissance","datePublished":"2026-03-11T11:01:36+00:00","dateModified":"2026-03-11T11:01:38+00:00","mainEntityOfPage":{"@id":"https:\/\/www.retaildetail.be\/fr\/news\/mode\/la-chaine-de-mode-bimba-y-lola-celebre-son-20e-anniversaire-avec-croissance\/"},"wordCount":415,"publisher":{"@id":"https:\/\/www.retaildetail.be\/nl\/#organization"},"image":{"@id":"https:\/\/www.retaildetail.be\/fr\/news\/mode\/la-chaine-de-mode-bimba-y-lola-celebre-son-20e-anniversaire-avec-croissance\/#primaryimage"},"thumbnailUrl":"https:\/\/www.retaildetail.be\/wp-content\/uploads\/2026\/03\/shutterstock_bimbaylola-1.jpg","articleSection":["Mode","Mode"],"inLanguage":"fr-FR","copyrightYear":"2026","copyrightHolder":{"@id":"https:\/\/www.retaildetail.be\/#organization"}},{"@type":"WebPage","@id":"https:\/\/www.retaildetail.be\/fr\/news\/mode\/la-chaine-de-mode-bimba-y-lola-celebre-son-20e-anniversaire-avec-croissance\/","url":"https:\/\/www.retaildetail.be\/fr\/news\/mode\/la-chaine-de-mode-bimba-y-lola-celebre-son-20e-anniversaire-avec-croissance\/","name":"La cha\u00eene de mode Bimba y Lola c\u00e9l\u00e8bre son 20e anniversaire avec de la croissance - RetailDetail BE","isPartOf":{"@id":"https:\/\/www.retaildetail.be\/nl\/#website"},"primaryImageOfPage":{"@id":"https:\/\/www.retaildetail.be\/fr\/news\/mode\/la-chaine-de-mode-bimba-y-lola-celebre-son-20e-anniversaire-avec-croissance\/#primaryimage"},"image":{"@id":"https:\/\/www.retaildetail.be\/fr\/news\/mode\/la-chaine-de-mode-bimba-y-lola-celebre-son-20e-anniversaire-avec-croissance\/#primaryimage"},"thumbnailUrl":"https:\/\/www.retaildetail.be\/wp-content\/uploads\/2026\/03\/shutterstock_bimbaylola-1.jpg","datePublished":"2026-03-11T11:01:36+00:00","dateModified":"2026-03-11T11:01:38+00:00","description":"Bimba y Lola c\u00e9l\u00e8bre son vingti\u00e8me anniversaire en grande pompe : l'entreprise a r\u00e9alis\u00e9 une augmentation de 7 %.","breadcrumb":{"@id":"https:\/\/www.retaildetail.be\/fr\/news\/mode\/la-chaine-de-mode-bimba-y-lola-celebre-son-20e-anniversaire-avec-croissance\/#breadcrumb"},"inLanguage":"fr-FR","potentialAction":[{"@type":"ReadAction","target":["https:\/\/www.retaildetail.be\/fr\/news\/mode\/la-chaine-de-mode-bimba-y-lola-celebre-son-20e-anniversaire-avec-croissance\/"]}]},{"@type":"ImageObject","inLanguage":"fr-FR","@id":"https:\/\/www.retaildetail.be\/fr\/news\/mode\/la-chaine-de-mode-bimba-y-lola-celebre-son-20e-anniversaire-avec-croissance\/#primaryimage","url":"https:\/\/www.retaildetail.be\/wp-content\/uploads\/2026\/03\/shutterstock_bimbaylola-1.jpg","contentUrl":"https:\/\/www.retaildetail.be\/wp-content\/uploads\/2026\/03\/shutterstock_bimbaylola-1.jpg","width":1000,"height":667},{"@type":"BreadcrumbList","@id":"https:\/\/www.retaildetail.be\/fr\/news\/mode\/la-chaine-de-mode-bimba-y-lola-celebre-son-20e-anniversaire-avec-croissance\/#breadcrumb","itemListElement":[{"@type":"ListItem","position":1,"name":"Home","item":"https:\/\/www.retaildetail.be\/fr\/"},{"@type":"ListItem","position":2,"name":"La cha\u00eene de mode Bimba y Lola c\u00e9l\u00e8bre son 20e anniversaire avec de la croissance"}]},{"@type":"WebSite","@id":"https:\/\/www.retaildetail.be\/nl\/#website","url":"https:\/\/www.retaildetail.be\/nl\/","name":"RetailDetail BE","description":"News","publisher":{"@id":"https:\/\/www.retaildetail.be\/nl\/#organization"},"potentialAction":[{"@type":"SearchAction","target":{"@type":"EntryPoint","urlTemplate":"https:\/\/www.retaildetail.be\/nl\/?s={search_term_string}"},"query-input":{"@type":"PropertyValueSpecification","valueRequired":true,"valueName":"search_term_string"}}],"inLanguage":"fr-FR"},{"@type":"Organization","@id":"https:\/\/www.retaildetail.be\/nl\/#organization","name":"RetailDetail BE","url":"https:\/\/www.retaildetail.be\/nl\/","logo":{"@type":"ImageObject","inLanguage":"fr-FR","@id":"https:\/\/www.retaildetail.be\/nl\/#\/schema\/logo\/image\/","url":"https:\/\/www.retaildetail.be\/wp-content\/uploads\/2022\/04\/logo.svg","contentUrl":"https:\/\/www.retaildetail.be\/wp-content\/uploads\/2022\/04\/logo.svg","width":131,"height":70,"caption":"RetailDetail BE"},"image":{"@id":"https:\/\/www.retaildetail.be\/nl\/#\/schema\/logo\/image\/"}},{"@type":"Person","@id":"https:\/\/www.retaildetail.be\/nl\/#\/schema\/person\/66b54803fa10759039079458ea89e307","name":"Pauline Neerman","image":{"@type":"ImageObject","inLanguage":"fr-FR","@id":"https:\/\/secure.gravatar.com\/avatar\/58db22aee589a691f9603e5765ac06010427a923f9b2728b951eb7fe27214d70?s=96&d=mm&r=g","url":"https:\/\/secure.gravatar.com\/avatar\/58db22aee589a691f9603e5765ac06010427a923f9b2728b951eb7fe27214d70?s=96&d=mm&r=g","contentUrl":"https:\/\/secure.gravatar.com\/avatar\/58db22aee589a691f9603e5765ac06010427a923f9b2728b951eb7fe27214d70?s=96&d=mm&r=g","caption":"Pauline Neerman"},"url":"https:\/\/www.retaildetail.be\/fr\/author\/paulineneerman\/"}]}},"jetpack_featured_media_url":"https:\/\/www.retaildetail.be\/wp-content\/uploads\/2026\/03\/shutterstock_bimbaylola-1.jpg","jetpack_sharing_enabled":true,"_links":{"self":[{"href":"https:\/\/www.retaildetail.be\/fr\/wp-json\/wp\/v2\/posts\/143821","targetHints":{"allow":["GET"]}}],"collection":[{"href":"https:\/\/www.retaildetail.be\/fr\/wp-json\/wp\/v2\/posts"}],"about":[{"href":"https:\/\/www.retaildetail.be\/fr\/wp-json\/wp\/v2\/types\/post"}],"author":[{"embeddable":true,"href":"https:\/\/www.retaildetail.be\/fr\/wp-json\/wp\/v2\/users\/5"}],"replies":[{"embeddable":true,"href":"https:\/\/www.retaildetail.be\/fr\/wp-json\/wp\/v2\/comments?post=143821"}],"version-history":[{"count":1,"href":"https:\/\/www.retaildetail.be\/fr\/wp-json\/wp\/v2\/posts\/143821\/revisions"}],"predecessor-version":[{"id":143826,"href":"https:\/\/www.retaildetail.be\/fr\/wp-json\/wp\/v2\/posts\/143821\/revisions\/143826"}],"wp:featuredmedia":[{"embeddable":true,"href":"https:\/\/www.retaildetail.be\/fr\/wp-json\/wp\/v2\/media\/143822"}],"wp:attachment":[{"href":"https:\/\/www.retaildetail.be\/fr\/wp-json\/wp\/v2\/media?parent=143821"}],"wp:term":[{"taxonomy":"category","embeddable":true,"href":"https:\/\/www.retaildetail.be\/fr\/wp-json\/wp\/v2\/categories?post=143821"},{"taxonomy":"post_tag","embeddable":true,"href":"https:\/\/www.retaildetail.be\/fr\/wp-json\/wp\/v2\/tags?post=143821"},{"taxonomy":"people","embeddable":true,"href":"https:\/\/www.retaildetail.be\/fr\/wp-json\/wp\/v2\/people?post=143821"},{"taxonomy":"extra","embeddable":true,"href":"https:\/\/www.retaildetail.be\/fr\/wp-json\/wp\/v2\/extra?post=143821"},{"taxonomy":"company","embeddable":true,"href":"https:\/\/www.retaildetail.be\/fr\/wp-json\/wp\/v2\/company?post=143821"},{"taxonomy":"topic","embeddable":true,"href":"https:\/\/www.retaildetail.be\/fr\/wp-json\/wp\/v2\/topic?post=143821"},{"taxonomy":"region","embeddable":true,"href":"https:\/\/www.retaildetail.be\/fr\/wp-json\/wp\/v2\/region?post=143821"}],"curies":[{"name":"wp","href":"https:\/\/api.w.org\/{rel}","templated":true}]}}