{"id":143830,"date":"2026-03-11T13:20:25","date_gmt":"2026-03-11T12:20:25","guid":{"rendered":"https:\/\/www.retaildetail.be\/?p=143830"},"modified":"2026-03-11T13:20:26","modified_gmt":"2026-03-11T12:20:26","slug":"la-chaine-de-grands-magasins-breuninger-retiree-de-la-vente-offres-trop-basses","status":"publish","type":"post","link":"https:\/\/www.retaildetail.be\/fr\/news\/mode\/la-chaine-de-grands-magasins-breuninger-retiree-de-la-vente-offres-trop-basses\/","title":{"rendered":"La cha\u00eene de grands magasins Breuninger retir\u00e9e de la vente : offres trop basses"},"content":{"rendered":"\n<p class=\"has-text-align-left\"><strong>Breuninger <\/strong>suspend la vente pr\u00e9vue apr\u00e8s des offres d\u00e9cevantes. Les familles \u00e0 l&rsquo;origine de la cha\u00eene allemande de grands magasins de luxe esp\u00e9raient obtenir environ 2,5 milliards d&rsquo;euros, mais elles n&rsquo;ont suscit\u00e9 que peu d&rsquo;int\u00e9r\u00eat. Une nouvelle tentative pourrait avoir lieu ult\u00e9rieurement.<\/p>\n\n\n\n<h2 class=\"wp-block-heading has-text-align-left\">Amazon a manifest\u00e9 son int\u00e9r\u00eat<\/h2>\n\n\n\n<p>Depuis l&rsquo;\u00e9t\u00e9 2024, les familles propri\u00e9taires examinaient les possibilit\u00e9s de vente. Un prix de 2,5 milliards d&rsquo;euros circulait sur le march\u00e9, mais les acheteurs potentiels <a href=\"https:\/\/www.wiwo.de\/unternehmen\/handel\/breuninger-der-verkauf-der-modehaus-kette-ist-vorerst-abgesagt-01\/100206862.html\">trouvaient ce montant trop \u00e9lev\u00e9<\/a>, car environ 1,8 milliard d&rsquo;euros provenait de biens immobiliers et moins des activit\u00e9s de vente au d\u00e9tail. C&rsquo;est ce que rapporte le magazine sp\u00e9cialis\u00e9 WirschaftsWoche.<\/p>\n\n\n\n<p>L&rsquo;int\u00e9r\u00eat aurait toutefois \u00e9t\u00e9 grand. Au total, 31 parties se seraient manifest\u00e9es, allant des entreprises de vente au d\u00e9tail et des investisseurs aux acteurs internationaux. M\u00eame <strong>Amazon <\/strong>aurait explor\u00e9 les possibilit\u00e9s. Breuninger compte 13 grands magasins de luxe dans des emplacements de choix en Allemagne, ainsi que quelques succursales au Luxembourg. En outre, l&rsquo;entreprise exploite une boutique en ligne active dans dix pays. Les ventes en ligne repr\u00e9sentent d\u00e9sormais plus de la moiti\u00e9 du chiffre d&rsquo;affaires annuel, qui s&rsquo;\u00e9l\u00e8ve \u00e0 environ 1,5 milliard d&rsquo;euros.<\/p>\n\n\n\n<p>Une vente s\u00e9par\u00e9e des biens immobiliers n&rsquo;a toutefois pas \u00e9t\u00e9 envisag\u00e9e. Selon les propri\u00e9taires, les b\u00e2timents sont trop \u00e9troitement li\u00e9s aux activit\u00e9s commerciales. Les familles suivent l&rsquo;\u00e9volution du march\u00e9 et gardent ouverte la possibilit\u00e9 d&rsquo;une vente ult\u00e9rieure ; d&rsquo;ici l\u00e0, l&rsquo;entreprise restera entre les mains de la famille.<\/p>\n","protected":false},"excerpt":{"rendered":"<p>Breuninger suspend la vente pr\u00e9vue apr\u00e8s des offres d\u00e9cevantes. Les familles \u00e0 l&rsquo;origine de la cha\u00eene allemande de grands magasins de luxe esp\u00e9raient obtenir environ 2,5 milliards d&rsquo;euros, mais leurs offres n&rsquo;ont gu\u00e8re suscit\u00e9 d&rsquo;enthousiasme. Une nouvelle tentative pourrait \u00eatre faite ult\u00e9rieurement.<\/p>\n","protected":false},"author":5,"featured_media":143831,"comment_status":"closed","ping_status":"closed","sticky":false,"template":"","format":"standard","meta":{"_acf_changed":false,"inline_featured_image":false,"_jetpack_memberships_contains_paid_content":false,"footnotes":""},"categories":[15,22],"tags":[509],"people":[],"extra":[],"company":[206,1881],"topic":[282],"region":[470],"class_list":["post-143830","post","type-post","status-publish","format-standard","has-post-thumbnail","hentry","category-algemeen","category-mode","tag-luxe","company-amazon","company-breuninger","topic-acquisition","region-allemagne"],"acf":[],"yoast_head":"<!-- This site is optimized with the Yoast SEO plugin v27.3 - https:\/\/yoast.com\/product\/yoast-seo-wordpress\/ -->\n<title>La cha\u00eene de grands magasins Breuninger retir\u00e9e de la vente : offres trop basses - RetailDetail BE<\/title>\n<meta name=\"description\" content=\"Breuninger suspend la vente pr\u00e9vue apr\u00e8s des offres d\u00e9cevantes. La cha\u00eene allemande de grands magasins esp\u00e9rait obtenir 2,5 milliards d&#039;euros.\" \/>\n<meta name=\"robots\" content=\"index, follow, max-snippet:-1, max-image-preview:large, max-video-preview:-1\" \/>\n<link rel=\"canonical\" href=\"https:\/\/www.retaildetail.be\/fr\/news\/mode\/la-chaine-de-grands-magasins-breuninger-retiree-de-la-vente-offres-trop-basses\/\" \/>\n<meta property=\"og:locale\" content=\"fr_FR\" \/>\n<meta property=\"og:type\" content=\"article\" \/>\n<meta property=\"og:title\" content=\"La cha\u00eene de grands magasins Breuninger retir\u00e9e de la vente : offres trop basses - RetailDetail BE\" \/>\n<meta property=\"og:description\" content=\"Breuninger suspend la vente pr\u00e9vue apr\u00e8s des offres d\u00e9cevantes. La cha\u00eene allemande de grands magasins esp\u00e9rait obtenir 2,5 milliards d&#039;euros.\" \/>\n<meta property=\"og:url\" content=\"https:\/\/www.retaildetail.be\/fr\/news\/mode\/la-chaine-de-grands-magasins-breuninger-retiree-de-la-vente-offres-trop-basses\/\" \/>\n<meta property=\"og:site_name\" content=\"RetailDetail BE\" \/>\n<meta property=\"article:published_time\" content=\"2026-03-11T12:20:25+00:00\" \/>\n<meta property=\"article:modified_time\" content=\"2026-03-11T12:20:26+00:00\" \/>\n<meta property=\"og:image\" content=\"https:\/\/www.retaildetail.be\/wp-content\/uploads\/2026\/03\/shutterstock_breuninger-1.jpg\" \/>\n\t<meta property=\"og:image:width\" content=\"1000\" \/>\n\t<meta property=\"og:image:height\" content=\"505\" \/>\n\t<meta property=\"og:image:type\" content=\"image\/jpeg\" \/>\n<meta name=\"author\" content=\"Pauline Neerman\" \/>\n<meta name=\"twitter:card\" content=\"summary_large_image\" \/>\n<meta name=\"twitter:label1\" content=\"\u00c9crit par\" \/>\n\t<meta name=\"twitter:data1\" content=\"Pauline Neerman\" \/>\n\t<meta name=\"twitter:label2\" content=\"Dur\u00e9e de lecture estim\u00e9e\" \/>\n\t<meta name=\"twitter:data2\" content=\"1 minute\" \/>\n<script type=\"application\/ld+json\" class=\"yoast-schema-graph\">{\"@context\":\"https:\\\/\\\/schema.org\",\"@graph\":[{\"@type\":\"NewsArticle\",\"@id\":\"https:\\\/\\\/www.retaildetail.be\\\/fr\\\/news\\\/mode\\\/la-chaine-de-grands-magasins-breuninger-retiree-de-la-vente-offres-trop-basses\\\/#article\",\"isPartOf\":{\"@id\":\"https:\\\/\\\/www.retaildetail.be\\\/fr\\\/news\\\/mode\\\/la-chaine-de-grands-magasins-breuninger-retiree-de-la-vente-offres-trop-basses\\\/\"},\"author\":{\"name\":\"Pauline Neerman\",\"@id\":\"https:\\\/\\\/www.retaildetail.be\\\/nl\\\/#\\\/schema\\\/person\\\/66b54803fa10759039079458ea89e307\"},\"headline\":\"La cha\u00eene de grands magasins Breuninger retir\u00e9e de la vente : offres trop basses\",\"datePublished\":\"2026-03-11T12:20:25+00:00\",\"dateModified\":\"2026-03-11T12:20:26+00:00\",\"mainEntityOfPage\":{\"@id\":\"https:\\\/\\\/www.retaildetail.be\\\/fr\\\/news\\\/mode\\\/la-chaine-de-grands-magasins-breuninger-retiree-de-la-vente-offres-trop-basses\\\/\"},\"wordCount\":289,\"publisher\":{\"@id\":\"https:\\\/\\\/www.retaildetail.be\\\/nl\\\/#organization\"},\"image\":{\"@id\":\"https:\\\/\\\/www.retaildetail.be\\\/fr\\\/news\\\/mode\\\/la-chaine-de-grands-magasins-breuninger-retiree-de-la-vente-offres-trop-basses\\\/#primaryimage\"},\"thumbnailUrl\":\"https:\\\/\\\/www.retaildetail.be\\\/wp-content\\\/uploads\\\/2026\\\/03\\\/shutterstock_breuninger-1.jpg\",\"keywords\":[\"Luxe\"],\"articleSection\":[\"Algemeen\",\"Mode\"],\"inLanguage\":\"fr-FR\",\"copyrightYear\":\"2026\",\"copyrightHolder\":{\"@id\":\"https:\\\/\\\/www.retaildetail.be\\\/#organization\"}},{\"@type\":\"WebPage\",\"@id\":\"https:\\\/\\\/www.retaildetail.be\\\/fr\\\/news\\\/mode\\\/la-chaine-de-grands-magasins-breuninger-retiree-de-la-vente-offres-trop-basses\\\/\",\"url\":\"https:\\\/\\\/www.retaildetail.be\\\/fr\\\/news\\\/mode\\\/la-chaine-de-grands-magasins-breuninger-retiree-de-la-vente-offres-trop-basses\\\/\",\"name\":\"La cha\u00eene de grands magasins Breuninger retir\u00e9e de la vente : offres trop basses - RetailDetail BE\",\"isPartOf\":{\"@id\":\"https:\\\/\\\/www.retaildetail.be\\\/nl\\\/#website\"},\"primaryImageOfPage\":{\"@id\":\"https:\\\/\\\/www.retaildetail.be\\\/fr\\\/news\\\/mode\\\/la-chaine-de-grands-magasins-breuninger-retiree-de-la-vente-offres-trop-basses\\\/#primaryimage\"},\"image\":{\"@id\":\"https:\\\/\\\/www.retaildetail.be\\\/fr\\\/news\\\/mode\\\/la-chaine-de-grands-magasins-breuninger-retiree-de-la-vente-offres-trop-basses\\\/#primaryimage\"},\"thumbnailUrl\":\"https:\\\/\\\/www.retaildetail.be\\\/wp-content\\\/uploads\\\/2026\\\/03\\\/shutterstock_breuninger-1.jpg\",\"datePublished\":\"2026-03-11T12:20:25+00:00\",\"dateModified\":\"2026-03-11T12:20:26+00:00\",\"description\":\"Breuninger suspend la vente pr\u00e9vue apr\u00e8s des offres d\u00e9cevantes. La cha\u00eene allemande de grands magasins esp\u00e9rait obtenir 2,5 milliards d'euros.\",\"breadcrumb\":{\"@id\":\"https:\\\/\\\/www.retaildetail.be\\\/fr\\\/news\\\/mode\\\/la-chaine-de-grands-magasins-breuninger-retiree-de-la-vente-offres-trop-basses\\\/#breadcrumb\"},\"inLanguage\":\"fr-FR\",\"potentialAction\":[{\"@type\":\"ReadAction\",\"target\":[\"https:\\\/\\\/www.retaildetail.be\\\/fr\\\/news\\\/mode\\\/la-chaine-de-grands-magasins-breuninger-retiree-de-la-vente-offres-trop-basses\\\/\"]}]},{\"@type\":\"ImageObject\",\"inLanguage\":\"fr-FR\",\"@id\":\"https:\\\/\\\/www.retaildetail.be\\\/fr\\\/news\\\/mode\\\/la-chaine-de-grands-magasins-breuninger-retiree-de-la-vente-offres-trop-basses\\\/#primaryimage\",\"url\":\"https:\\\/\\\/www.retaildetail.be\\\/wp-content\\\/uploads\\\/2026\\\/03\\\/shutterstock_breuninger-1.jpg\",\"contentUrl\":\"https:\\\/\\\/www.retaildetail.be\\\/wp-content\\\/uploads\\\/2026\\\/03\\\/shutterstock_breuninger-1.jpg\",\"width\":1000,\"height\":505},{\"@type\":\"BreadcrumbList\",\"@id\":\"https:\\\/\\\/www.retaildetail.be\\\/fr\\\/news\\\/mode\\\/la-chaine-de-grands-magasins-breuninger-retiree-de-la-vente-offres-trop-basses\\\/#breadcrumb\",\"itemListElement\":[{\"@type\":\"ListItem\",\"position\":1,\"name\":\"Home\",\"item\":\"https:\\\/\\\/www.retaildetail.be\\\/fr\\\/\"},{\"@type\":\"ListItem\",\"position\":2,\"name\":\"La cha\u00eene de grands magasins Breuninger retir\u00e9e de la vente : offres trop basses\"}]},{\"@type\":\"WebSite\",\"@id\":\"https:\\\/\\\/www.retaildetail.be\\\/nl\\\/#website\",\"url\":\"https:\\\/\\\/www.retaildetail.be\\\/nl\\\/\",\"name\":\"RetailDetail BE\",\"description\":\"News\",\"publisher\":{\"@id\":\"https:\\\/\\\/www.retaildetail.be\\\/nl\\\/#organization\"},\"potentialAction\":[{\"@type\":\"SearchAction\",\"target\":{\"@type\":\"EntryPoint\",\"urlTemplate\":\"https:\\\/\\\/www.retaildetail.be\\\/nl\\\/?s={search_term_string}\"},\"query-input\":{\"@type\":\"PropertyValueSpecification\",\"valueRequired\":true,\"valueName\":\"search_term_string\"}}],\"inLanguage\":\"fr-FR\"},{\"@type\":\"Organization\",\"@id\":\"https:\\\/\\\/www.retaildetail.be\\\/nl\\\/#organization\",\"name\":\"RetailDetail BE\",\"url\":\"https:\\\/\\\/www.retaildetail.be\\\/nl\\\/\",\"logo\":{\"@type\":\"ImageObject\",\"inLanguage\":\"fr-FR\",\"@id\":\"https:\\\/\\\/www.retaildetail.be\\\/nl\\\/#\\\/schema\\\/logo\\\/image\\\/\",\"url\":\"https:\\\/\\\/www.retaildetail.be\\\/wp-content\\\/uploads\\\/2022\\\/04\\\/logo.svg\",\"contentUrl\":\"https:\\\/\\\/www.retaildetail.be\\\/wp-content\\\/uploads\\\/2022\\\/04\\\/logo.svg\",\"width\":131,\"height\":70,\"caption\":\"RetailDetail BE\"},\"image\":{\"@id\":\"https:\\\/\\\/www.retaildetail.be\\\/nl\\\/#\\\/schema\\\/logo\\\/image\\\/\"}},{\"@type\":\"Person\",\"@id\":\"https:\\\/\\\/www.retaildetail.be\\\/nl\\\/#\\\/schema\\\/person\\\/66b54803fa10759039079458ea89e307\",\"name\":\"Pauline Neerman\",\"image\":{\"@type\":\"ImageObject\",\"inLanguage\":\"fr-FR\",\"@id\":\"https:\\\/\\\/secure.gravatar.com\\\/avatar\\\/58db22aee589a691f9603e5765ac06010427a923f9b2728b951eb7fe27214d70?s=96&d=mm&r=g\",\"url\":\"https:\\\/\\\/secure.gravatar.com\\\/avatar\\\/58db22aee589a691f9603e5765ac06010427a923f9b2728b951eb7fe27214d70?s=96&d=mm&r=g\",\"contentUrl\":\"https:\\\/\\\/secure.gravatar.com\\\/avatar\\\/58db22aee589a691f9603e5765ac06010427a923f9b2728b951eb7fe27214d70?s=96&d=mm&r=g\",\"caption\":\"Pauline Neerman\"},\"url\":\"https:\\\/\\\/www.retaildetail.be\\\/fr\\\/author\\\/paulineneerman\\\/\"}]}<\/script>\n<!-- \/ Yoast SEO plugin. -->","yoast_head_json":{"title":"La cha\u00eene de grands magasins Breuninger retir\u00e9e de la vente : offres trop basses - RetailDetail BE","description":"Breuninger suspend la vente pr\u00e9vue apr\u00e8s des offres d\u00e9cevantes. La cha\u00eene allemande de grands magasins esp\u00e9rait obtenir 2,5 milliards d'euros.","robots":{"index":"index","follow":"follow","max-snippet":"max-snippet:-1","max-image-preview":"max-image-preview:large","max-video-preview":"max-video-preview:-1"},"canonical":"https:\/\/www.retaildetail.be\/fr\/news\/mode\/la-chaine-de-grands-magasins-breuninger-retiree-de-la-vente-offres-trop-basses\/","og_locale":"fr_FR","og_type":"article","og_title":"La cha\u00eene de grands magasins Breuninger retir\u00e9e de la vente : offres trop basses - RetailDetail BE","og_description":"Breuninger suspend la vente pr\u00e9vue apr\u00e8s des offres d\u00e9cevantes. La cha\u00eene allemande de grands magasins esp\u00e9rait obtenir 2,5 milliards d'euros.","og_url":"https:\/\/www.retaildetail.be\/fr\/news\/mode\/la-chaine-de-grands-magasins-breuninger-retiree-de-la-vente-offres-trop-basses\/","og_site_name":"RetailDetail BE","article_published_time":"2026-03-11T12:20:25+00:00","article_modified_time":"2026-03-11T12:20:26+00:00","og_image":[{"width":1000,"height":505,"url":"https:\/\/www.retaildetail.be\/wp-content\/uploads\/2026\/03\/shutterstock_breuninger-1.jpg","type":"image\/jpeg"}],"author":"Pauline Neerman","twitter_card":"summary_large_image","twitter_misc":{"\u00c9crit par":"Pauline Neerman","Dur\u00e9e de lecture estim\u00e9e":"1 minute"},"schema":{"@context":"https:\/\/schema.org","@graph":[{"@type":"NewsArticle","@id":"https:\/\/www.retaildetail.be\/fr\/news\/mode\/la-chaine-de-grands-magasins-breuninger-retiree-de-la-vente-offres-trop-basses\/#article","isPartOf":{"@id":"https:\/\/www.retaildetail.be\/fr\/news\/mode\/la-chaine-de-grands-magasins-breuninger-retiree-de-la-vente-offres-trop-basses\/"},"author":{"name":"Pauline Neerman","@id":"https:\/\/www.retaildetail.be\/nl\/#\/schema\/person\/66b54803fa10759039079458ea89e307"},"headline":"La cha\u00eene de grands magasins Breuninger retir\u00e9e de la vente : offres trop basses","datePublished":"2026-03-11T12:20:25+00:00","dateModified":"2026-03-11T12:20:26+00:00","mainEntityOfPage":{"@id":"https:\/\/www.retaildetail.be\/fr\/news\/mode\/la-chaine-de-grands-magasins-breuninger-retiree-de-la-vente-offres-trop-basses\/"},"wordCount":289,"publisher":{"@id":"https:\/\/www.retaildetail.be\/nl\/#organization"},"image":{"@id":"https:\/\/www.retaildetail.be\/fr\/news\/mode\/la-chaine-de-grands-magasins-breuninger-retiree-de-la-vente-offres-trop-basses\/#primaryimage"},"thumbnailUrl":"https:\/\/www.retaildetail.be\/wp-content\/uploads\/2026\/03\/shutterstock_breuninger-1.jpg","keywords":["Luxe"],"articleSection":["Algemeen","Mode"],"inLanguage":"fr-FR","copyrightYear":"2026","copyrightHolder":{"@id":"https:\/\/www.retaildetail.be\/#organization"}},{"@type":"WebPage","@id":"https:\/\/www.retaildetail.be\/fr\/news\/mode\/la-chaine-de-grands-magasins-breuninger-retiree-de-la-vente-offres-trop-basses\/","url":"https:\/\/www.retaildetail.be\/fr\/news\/mode\/la-chaine-de-grands-magasins-breuninger-retiree-de-la-vente-offres-trop-basses\/","name":"La cha\u00eene de grands magasins Breuninger retir\u00e9e de la vente : offres trop basses - RetailDetail BE","isPartOf":{"@id":"https:\/\/www.retaildetail.be\/nl\/#website"},"primaryImageOfPage":{"@id":"https:\/\/www.retaildetail.be\/fr\/news\/mode\/la-chaine-de-grands-magasins-breuninger-retiree-de-la-vente-offres-trop-basses\/#primaryimage"},"image":{"@id":"https:\/\/www.retaildetail.be\/fr\/news\/mode\/la-chaine-de-grands-magasins-breuninger-retiree-de-la-vente-offres-trop-basses\/#primaryimage"},"thumbnailUrl":"https:\/\/www.retaildetail.be\/wp-content\/uploads\/2026\/03\/shutterstock_breuninger-1.jpg","datePublished":"2026-03-11T12:20:25+00:00","dateModified":"2026-03-11T12:20:26+00:00","description":"Breuninger suspend la vente pr\u00e9vue apr\u00e8s des offres d\u00e9cevantes. La cha\u00eene allemande de grands magasins esp\u00e9rait obtenir 2,5 milliards d'euros.","breadcrumb":{"@id":"https:\/\/www.retaildetail.be\/fr\/news\/mode\/la-chaine-de-grands-magasins-breuninger-retiree-de-la-vente-offres-trop-basses\/#breadcrumb"},"inLanguage":"fr-FR","potentialAction":[{"@type":"ReadAction","target":["https:\/\/www.retaildetail.be\/fr\/news\/mode\/la-chaine-de-grands-magasins-breuninger-retiree-de-la-vente-offres-trop-basses\/"]}]},{"@type":"ImageObject","inLanguage":"fr-FR","@id":"https:\/\/www.retaildetail.be\/fr\/news\/mode\/la-chaine-de-grands-magasins-breuninger-retiree-de-la-vente-offres-trop-basses\/#primaryimage","url":"https:\/\/www.retaildetail.be\/wp-content\/uploads\/2026\/03\/shutterstock_breuninger-1.jpg","contentUrl":"https:\/\/www.retaildetail.be\/wp-content\/uploads\/2026\/03\/shutterstock_breuninger-1.jpg","width":1000,"height":505},{"@type":"BreadcrumbList","@id":"https:\/\/www.retaildetail.be\/fr\/news\/mode\/la-chaine-de-grands-magasins-breuninger-retiree-de-la-vente-offres-trop-basses\/#breadcrumb","itemListElement":[{"@type":"ListItem","position":1,"name":"Home","item":"https:\/\/www.retaildetail.be\/fr\/"},{"@type":"ListItem","position":2,"name":"La cha\u00eene de grands magasins Breuninger retir\u00e9e de la vente : offres trop basses"}]},{"@type":"WebSite","@id":"https:\/\/www.retaildetail.be\/nl\/#website","url":"https:\/\/www.retaildetail.be\/nl\/","name":"RetailDetail BE","description":"News","publisher":{"@id":"https:\/\/www.retaildetail.be\/nl\/#organization"},"potentialAction":[{"@type":"SearchAction","target":{"@type":"EntryPoint","urlTemplate":"https:\/\/www.retaildetail.be\/nl\/?s={search_term_string}"},"query-input":{"@type":"PropertyValueSpecification","valueRequired":true,"valueName":"search_term_string"}}],"inLanguage":"fr-FR"},{"@type":"Organization","@id":"https:\/\/www.retaildetail.be\/nl\/#organization","name":"RetailDetail BE","url":"https:\/\/www.retaildetail.be\/nl\/","logo":{"@type":"ImageObject","inLanguage":"fr-FR","@id":"https:\/\/www.retaildetail.be\/nl\/#\/schema\/logo\/image\/","url":"https:\/\/www.retaildetail.be\/wp-content\/uploads\/2022\/04\/logo.svg","contentUrl":"https:\/\/www.retaildetail.be\/wp-content\/uploads\/2022\/04\/logo.svg","width":131,"height":70,"caption":"RetailDetail BE"},"image":{"@id":"https:\/\/www.retaildetail.be\/nl\/#\/schema\/logo\/image\/"}},{"@type":"Person","@id":"https:\/\/www.retaildetail.be\/nl\/#\/schema\/person\/66b54803fa10759039079458ea89e307","name":"Pauline Neerman","image":{"@type":"ImageObject","inLanguage":"fr-FR","@id":"https:\/\/secure.gravatar.com\/avatar\/58db22aee589a691f9603e5765ac06010427a923f9b2728b951eb7fe27214d70?s=96&d=mm&r=g","url":"https:\/\/secure.gravatar.com\/avatar\/58db22aee589a691f9603e5765ac06010427a923f9b2728b951eb7fe27214d70?s=96&d=mm&r=g","contentUrl":"https:\/\/secure.gravatar.com\/avatar\/58db22aee589a691f9603e5765ac06010427a923f9b2728b951eb7fe27214d70?s=96&d=mm&r=g","caption":"Pauline Neerman"},"url":"https:\/\/www.retaildetail.be\/fr\/author\/paulineneerman\/"}]}},"jetpack_featured_media_url":"https:\/\/www.retaildetail.be\/wp-content\/uploads\/2026\/03\/shutterstock_breuninger-1.jpg","jetpack_sharing_enabled":true,"_links":{"self":[{"href":"https:\/\/www.retaildetail.be\/fr\/wp-json\/wp\/v2\/posts\/143830","targetHints":{"allow":["GET"]}}],"collection":[{"href":"https:\/\/www.retaildetail.be\/fr\/wp-json\/wp\/v2\/posts"}],"about":[{"href":"https:\/\/www.retaildetail.be\/fr\/wp-json\/wp\/v2\/types\/post"}],"author":[{"embeddable":true,"href":"https:\/\/www.retaildetail.be\/fr\/wp-json\/wp\/v2\/users\/5"}],"replies":[{"embeddable":true,"href":"https:\/\/www.retaildetail.be\/fr\/wp-json\/wp\/v2\/comments?post=143830"}],"version-history":[{"count":1,"href":"https:\/\/www.retaildetail.be\/fr\/wp-json\/wp\/v2\/posts\/143830\/revisions"}],"predecessor-version":[{"id":143832,"href":"https:\/\/www.retaildetail.be\/fr\/wp-json\/wp\/v2\/posts\/143830\/revisions\/143832"}],"wp:featuredmedia":[{"embeddable":true,"href":"https:\/\/www.retaildetail.be\/fr\/wp-json\/wp\/v2\/media\/143831"}],"wp:attachment":[{"href":"https:\/\/www.retaildetail.be\/fr\/wp-json\/wp\/v2\/media?parent=143830"}],"wp:term":[{"taxonomy":"category","embeddable":true,"href":"https:\/\/www.retaildetail.be\/fr\/wp-json\/wp\/v2\/categories?post=143830"},{"taxonomy":"post_tag","embeddable":true,"href":"https:\/\/www.retaildetail.be\/fr\/wp-json\/wp\/v2\/tags?post=143830"},{"taxonomy":"people","embeddable":true,"href":"https:\/\/www.retaildetail.be\/fr\/wp-json\/wp\/v2\/people?post=143830"},{"taxonomy":"extra","embeddable":true,"href":"https:\/\/www.retaildetail.be\/fr\/wp-json\/wp\/v2\/extra?post=143830"},{"taxonomy":"company","embeddable":true,"href":"https:\/\/www.retaildetail.be\/fr\/wp-json\/wp\/v2\/company?post=143830"},{"taxonomy":"topic","embeddable":true,"href":"https:\/\/www.retaildetail.be\/fr\/wp-json\/wp\/v2\/topic?post=143830"},{"taxonomy":"region","embeddable":true,"href":"https:\/\/www.retaildetail.be\/fr\/wp-json\/wp\/v2\/region?post=143830"}],"curies":[{"name":"wp","href":"https:\/\/api.w.org\/{rel}","templated":true}]}}