{"id":143836,"date":"2026-03-11T14:24:41","date_gmt":"2026-03-11T13:24:41","guid":{"rendered":"https:\/\/www.retaildetail.be\/?p=143836"},"modified":"2026-03-11T14:24:41","modified_gmt":"2026-03-11T13:24:41","slug":"action-demarre-en-croatie","status":"publish","type":"post","link":"https:\/\/www.retaildetail.be\/fr\/news\/general\/action-demarre-en-croatie\/","title":{"rendered":"Action d\u00e9marre en Croatie"},"content":{"rendered":"\n<p>Mercredi, <strong>Action<\/strong> a officiellement ouvert son premier magasin en Croatie. Il s&rsquo;agit du quinzi\u00e8me march\u00e9 europ\u00e9en pour le discounter n\u00e9erlandais sp\u00e9cialis\u00e9 dans les produits non alimentaires.<\/p>\n\n\n\n<h2 class=\"wp-block-heading\">Un deuxi\u00e8me magasin en pr\u00e9paration<\/h2>\n\n\n\n<p>Le premier magasin croate d&rsquo;Action a ouvert ses portes mercredi matin \u00e0 Sesvete, pr\u00e8s de la capitale Zagreb, sous les regards attentifs du public. Comme dans ses autres magasins, le d\u00e9taillant propose ici un assortiment surprenant de 6 000 produits dans 14 cat\u00e9gories aux prix les plus bas, avec 150 nouveaux produits chaque semaine.<\/p>\n\n\n\n<p>Dans une semaine, le discounter ouvrira d\u00e9j\u00e0 un deuxi\u00e8me magasin en Croatie : il sera situ\u00e9 \u00e0 Ivanec, dans le nord du pays. Plus tard dans l&rsquo;ann\u00e9e, Action entrera sur un seizi\u00e8me march\u00e9, \u00e0 savoir la Slov\u00e9nie voisine. Le d\u00e9taillant a annonc\u00e9 au d\u00e9but de l&rsquo;ann\u00e9e une grande vague d&rsquo;expansion : cette ann\u00e9e, tout comme en 2025, la cha\u00eene <a href=\"https:\/\/www.retaildetail.be\/fr\/news\/general\/action-contre-le-ralentissement-de-la-croissance-avec-des-ambitions-dexpansion-plus-elevees\/\">ouvrira plus d&rsquo;un magasin par jour.<\/a><\/p>\n","protected":false},"excerpt":{"rendered":"<p>Mercredi, Action a officiellement ouvert son premier magasin en Croatie. Il s&rsquo;agit du quinzi\u00e8me march\u00e9 europ\u00e9en pour le discounter n\u00e9erlandais sp\u00e9cialis\u00e9 dans les produits non alimentaires. <\/p>\n","protected":false},"author":3,"featured_media":143837,"comment_status":"closed","ping_status":"closed","sticky":false,"template":"","format":"standard","meta":{"_acf_changed":false,"inline_featured_image":false,"_jetpack_memberships_contains_paid_content":false,"footnotes":""},"categories":[15,25],"tags":[],"people":[],"extra":[],"company":[417],"topic":[276],"region":[243],"class_list":["post-143836","post","type-post","status-publish","format-standard","has-post-thumbnail","hentry","category-algemeen","category-general","company-action","topic-expansion","region-europe"],"acf":[],"yoast_head":"<!-- This site is optimized with the Yoast SEO plugin v27.3 - https:\/\/yoast.com\/product\/yoast-seo-wordpress\/ -->\n<title>Action d\u00e9marre en Croatie - RetailDetail BE<\/title>\n<meta name=\"description\" content=\"Mercredi, Action a officiellement ouvert son premier magasin en Croatie. Il s&#039;agit du quinzi\u00e8me march\u00e9 europ\u00e9en pour le discounter n\u00e9erlandais sp\u00e9cialis\u00e9 dans les produits non alimentaires.\" \/>\n<meta name=\"robots\" content=\"index, follow, max-snippet:-1, max-image-preview:large, max-video-preview:-1\" \/>\n<link rel=\"canonical\" href=\"https:\/\/www.retaildetail.be\/fr\/news\/general\/action-demarre-en-croatie\/\" \/>\n<meta property=\"og:locale\" content=\"fr_FR\" \/>\n<meta property=\"og:type\" content=\"article\" \/>\n<meta property=\"og:title\" content=\"Action d\u00e9marre en Croatie - RetailDetail BE\" \/>\n<meta property=\"og:description\" content=\"Mercredi, Action a officiellement ouvert son premier magasin en Croatie. Il s&#039;agit du quinzi\u00e8me march\u00e9 europ\u00e9en pour le discounter n\u00e9erlandais sp\u00e9cialis\u00e9 dans les produits non alimentaires.\" \/>\n<meta property=\"og:url\" content=\"https:\/\/www.retaildetail.be\/fr\/news\/general\/action-demarre-en-croatie\/\" \/>\n<meta property=\"og:site_name\" content=\"RetailDetail BE\" \/>\n<meta property=\"article:published_time\" content=\"2026-03-11T13:24:41+00:00\" \/>\n<meta property=\"og:image\" content=\"https:\/\/www.retaildetail.be\/wp-content\/uploads\/2026\/03\/Action-Kroatie-1.jpg\" \/>\n\t<meta property=\"og:image:width\" content=\"1328\" \/>\n\t<meta property=\"og:image:height\" content=\"888\" \/>\n\t<meta property=\"og:image:type\" content=\"image\/jpeg\" \/>\n<meta name=\"author\" content=\"Stefan Van Rompaey\" \/>\n<meta name=\"twitter:card\" content=\"summary_large_image\" \/>\n<meta name=\"twitter:label1\" content=\"\u00c9crit par\" \/>\n\t<meta name=\"twitter:data1\" content=\"Stefan Van Rompaey\" \/>\n\t<meta name=\"twitter:label2\" content=\"Dur\u00e9e de lecture estim\u00e9e\" \/>\n\t<meta name=\"twitter:data2\" content=\"1 minute\" \/>\n<script type=\"application\/ld+json\" class=\"yoast-schema-graph\">{\"@context\":\"https:\\\/\\\/schema.org\",\"@graph\":[{\"@type\":\"NewsArticle\",\"@id\":\"https:\\\/\\\/www.retaildetail.be\\\/fr\\\/news\\\/general\\\/action-demarre-en-croatie\\\/#article\",\"isPartOf\":{\"@id\":\"https:\\\/\\\/www.retaildetail.be\\\/fr\\\/news\\\/general\\\/action-demarre-en-croatie\\\/\"},\"author\":{\"name\":\"Stefan Van Rompaey\",\"@id\":\"https:\\\/\\\/www.retaildetail.be\\\/nl\\\/#\\\/schema\\\/person\\\/51aec6069c4416aa2f68b2e4ff3455df\"},\"headline\":\"Action d\u00e9marre en Croatie\",\"datePublished\":\"2026-03-11T13:24:41+00:00\",\"mainEntityOfPage\":{\"@id\":\"https:\\\/\\\/www.retaildetail.be\\\/fr\\\/news\\\/general\\\/action-demarre-en-croatie\\\/\"},\"wordCount\":170,\"publisher\":{\"@id\":\"https:\\\/\\\/www.retaildetail.be\\\/nl\\\/#organization\"},\"image\":{\"@id\":\"https:\\\/\\\/www.retaildetail.be\\\/fr\\\/news\\\/general\\\/action-demarre-en-croatie\\\/#primaryimage\"},\"thumbnailUrl\":\"https:\\\/\\\/www.retaildetail.be\\\/wp-content\\\/uploads\\\/2026\\\/03\\\/Action-Kroatie-1.jpg\",\"articleSection\":[\"Algemeen\",\"G\u00e9n\u00e9ral\"],\"inLanguage\":\"fr-FR\",\"copyrightYear\":\"2026\",\"copyrightHolder\":{\"@id\":\"https:\\\/\\\/www.retaildetail.be\\\/#organization\"}},{\"@type\":\"WebPage\",\"@id\":\"https:\\\/\\\/www.retaildetail.be\\\/fr\\\/news\\\/general\\\/action-demarre-en-croatie\\\/\",\"url\":\"https:\\\/\\\/www.retaildetail.be\\\/fr\\\/news\\\/general\\\/action-demarre-en-croatie\\\/\",\"name\":\"Action d\u00e9marre en Croatie - RetailDetail BE\",\"isPartOf\":{\"@id\":\"https:\\\/\\\/www.retaildetail.be\\\/nl\\\/#website\"},\"primaryImageOfPage\":{\"@id\":\"https:\\\/\\\/www.retaildetail.be\\\/fr\\\/news\\\/general\\\/action-demarre-en-croatie\\\/#primaryimage\"},\"image\":{\"@id\":\"https:\\\/\\\/www.retaildetail.be\\\/fr\\\/news\\\/general\\\/action-demarre-en-croatie\\\/#primaryimage\"},\"thumbnailUrl\":\"https:\\\/\\\/www.retaildetail.be\\\/wp-content\\\/uploads\\\/2026\\\/03\\\/Action-Kroatie-1.jpg\",\"datePublished\":\"2026-03-11T13:24:41+00:00\",\"description\":\"Mercredi, Action a officiellement ouvert son premier magasin en Croatie. Il s'agit du quinzi\u00e8me march\u00e9 europ\u00e9en pour le discounter n\u00e9erlandais sp\u00e9cialis\u00e9 dans les produits non alimentaires.\",\"breadcrumb\":{\"@id\":\"https:\\\/\\\/www.retaildetail.be\\\/fr\\\/news\\\/general\\\/action-demarre-en-croatie\\\/#breadcrumb\"},\"inLanguage\":\"fr-FR\",\"potentialAction\":[{\"@type\":\"ReadAction\",\"target\":[\"https:\\\/\\\/www.retaildetail.be\\\/fr\\\/news\\\/general\\\/action-demarre-en-croatie\\\/\"]}]},{\"@type\":\"ImageObject\",\"inLanguage\":\"fr-FR\",\"@id\":\"https:\\\/\\\/www.retaildetail.be\\\/fr\\\/news\\\/general\\\/action-demarre-en-croatie\\\/#primaryimage\",\"url\":\"https:\\\/\\\/www.retaildetail.be\\\/wp-content\\\/uploads\\\/2026\\\/03\\\/Action-Kroatie-1.jpg\",\"contentUrl\":\"https:\\\/\\\/www.retaildetail.be\\\/wp-content\\\/uploads\\\/2026\\\/03\\\/Action-Kroatie-1.jpg\",\"width\":1328,\"height\":888},{\"@type\":\"BreadcrumbList\",\"@id\":\"https:\\\/\\\/www.retaildetail.be\\\/fr\\\/news\\\/general\\\/action-demarre-en-croatie\\\/#breadcrumb\",\"itemListElement\":[{\"@type\":\"ListItem\",\"position\":1,\"name\":\"Home\",\"item\":\"https:\\\/\\\/www.retaildetail.be\\\/fr\\\/\"},{\"@type\":\"ListItem\",\"position\":2,\"name\":\"Action d\u00e9marre en Croatie\"}]},{\"@type\":\"WebSite\",\"@id\":\"https:\\\/\\\/www.retaildetail.be\\\/nl\\\/#website\",\"url\":\"https:\\\/\\\/www.retaildetail.be\\\/nl\\\/\",\"name\":\"RetailDetail BE\",\"description\":\"News\",\"publisher\":{\"@id\":\"https:\\\/\\\/www.retaildetail.be\\\/nl\\\/#organization\"},\"potentialAction\":[{\"@type\":\"SearchAction\",\"target\":{\"@type\":\"EntryPoint\",\"urlTemplate\":\"https:\\\/\\\/www.retaildetail.be\\\/nl\\\/?s={search_term_string}\"},\"query-input\":{\"@type\":\"PropertyValueSpecification\",\"valueRequired\":true,\"valueName\":\"search_term_string\"}}],\"inLanguage\":\"fr-FR\"},{\"@type\":\"Organization\",\"@id\":\"https:\\\/\\\/www.retaildetail.be\\\/nl\\\/#organization\",\"name\":\"RetailDetail BE\",\"url\":\"https:\\\/\\\/www.retaildetail.be\\\/nl\\\/\",\"logo\":{\"@type\":\"ImageObject\",\"inLanguage\":\"fr-FR\",\"@id\":\"https:\\\/\\\/www.retaildetail.be\\\/nl\\\/#\\\/schema\\\/logo\\\/image\\\/\",\"url\":\"https:\\\/\\\/www.retaildetail.be\\\/wp-content\\\/uploads\\\/2022\\\/04\\\/logo.svg\",\"contentUrl\":\"https:\\\/\\\/www.retaildetail.be\\\/wp-content\\\/uploads\\\/2022\\\/04\\\/logo.svg\",\"width\":131,\"height\":70,\"caption\":\"RetailDetail BE\"},\"image\":{\"@id\":\"https:\\\/\\\/www.retaildetail.be\\\/nl\\\/#\\\/schema\\\/logo\\\/image\\\/\"}},{\"@type\":\"Person\",\"@id\":\"https:\\\/\\\/www.retaildetail.be\\\/nl\\\/#\\\/schema\\\/person\\\/51aec6069c4416aa2f68b2e4ff3455df\",\"name\":\"Stefan Van Rompaey\",\"image\":{\"@type\":\"ImageObject\",\"inLanguage\":\"fr-FR\",\"@id\":\"https:\\\/\\\/secure.gravatar.com\\\/avatar\\\/fbbb4a80a0f109888b2a5ab8ae255617499ecde533749b3ab2fa6c23b5d65dac?s=96&d=mm&r=g\",\"url\":\"https:\\\/\\\/secure.gravatar.com\\\/avatar\\\/fbbb4a80a0f109888b2a5ab8ae255617499ecde533749b3ab2fa6c23b5d65dac?s=96&d=mm&r=g\",\"contentUrl\":\"https:\\\/\\\/secure.gravatar.com\\\/avatar\\\/fbbb4a80a0f109888b2a5ab8ae255617499ecde533749b3ab2fa6c23b5d65dac?s=96&d=mm&r=g\",\"caption\":\"Stefan Van Rompaey\"},\"url\":\"https:\\\/\\\/www.retaildetail.be\\\/fr\\\/author\\\/stefanvanrompaey\\\/\"}]}<\/script>\n<!-- \/ Yoast SEO plugin. -->","yoast_head_json":{"title":"Action d\u00e9marre en Croatie - RetailDetail BE","description":"Mercredi, Action a officiellement ouvert son premier magasin en Croatie. Il s'agit du quinzi\u00e8me march\u00e9 europ\u00e9en pour le discounter n\u00e9erlandais sp\u00e9cialis\u00e9 dans les produits non alimentaires.","robots":{"index":"index","follow":"follow","max-snippet":"max-snippet:-1","max-image-preview":"max-image-preview:large","max-video-preview":"max-video-preview:-1"},"canonical":"https:\/\/www.retaildetail.be\/fr\/news\/general\/action-demarre-en-croatie\/","og_locale":"fr_FR","og_type":"article","og_title":"Action d\u00e9marre en Croatie - RetailDetail BE","og_description":"Mercredi, Action a officiellement ouvert son premier magasin en Croatie. Il s'agit du quinzi\u00e8me march\u00e9 europ\u00e9en pour le discounter n\u00e9erlandais sp\u00e9cialis\u00e9 dans les produits non alimentaires.","og_url":"https:\/\/www.retaildetail.be\/fr\/news\/general\/action-demarre-en-croatie\/","og_site_name":"RetailDetail BE","article_published_time":"2026-03-11T13:24:41+00:00","og_image":[{"width":1328,"height":888,"url":"https:\/\/www.retaildetail.be\/wp-content\/uploads\/2026\/03\/Action-Kroatie-1.jpg","type":"image\/jpeg"}],"author":"Stefan Van Rompaey","twitter_card":"summary_large_image","twitter_misc":{"\u00c9crit par":"Stefan Van Rompaey","Dur\u00e9e de lecture estim\u00e9e":"1 minute"},"schema":{"@context":"https:\/\/schema.org","@graph":[{"@type":"NewsArticle","@id":"https:\/\/www.retaildetail.be\/fr\/news\/general\/action-demarre-en-croatie\/#article","isPartOf":{"@id":"https:\/\/www.retaildetail.be\/fr\/news\/general\/action-demarre-en-croatie\/"},"author":{"name":"Stefan Van Rompaey","@id":"https:\/\/www.retaildetail.be\/nl\/#\/schema\/person\/51aec6069c4416aa2f68b2e4ff3455df"},"headline":"Action d\u00e9marre en Croatie","datePublished":"2026-03-11T13:24:41+00:00","mainEntityOfPage":{"@id":"https:\/\/www.retaildetail.be\/fr\/news\/general\/action-demarre-en-croatie\/"},"wordCount":170,"publisher":{"@id":"https:\/\/www.retaildetail.be\/nl\/#organization"},"image":{"@id":"https:\/\/www.retaildetail.be\/fr\/news\/general\/action-demarre-en-croatie\/#primaryimage"},"thumbnailUrl":"https:\/\/www.retaildetail.be\/wp-content\/uploads\/2026\/03\/Action-Kroatie-1.jpg","articleSection":["Algemeen","G\u00e9n\u00e9ral"],"inLanguage":"fr-FR","copyrightYear":"2026","copyrightHolder":{"@id":"https:\/\/www.retaildetail.be\/#organization"}},{"@type":"WebPage","@id":"https:\/\/www.retaildetail.be\/fr\/news\/general\/action-demarre-en-croatie\/","url":"https:\/\/www.retaildetail.be\/fr\/news\/general\/action-demarre-en-croatie\/","name":"Action d\u00e9marre en Croatie - RetailDetail BE","isPartOf":{"@id":"https:\/\/www.retaildetail.be\/nl\/#website"},"primaryImageOfPage":{"@id":"https:\/\/www.retaildetail.be\/fr\/news\/general\/action-demarre-en-croatie\/#primaryimage"},"image":{"@id":"https:\/\/www.retaildetail.be\/fr\/news\/general\/action-demarre-en-croatie\/#primaryimage"},"thumbnailUrl":"https:\/\/www.retaildetail.be\/wp-content\/uploads\/2026\/03\/Action-Kroatie-1.jpg","datePublished":"2026-03-11T13:24:41+00:00","description":"Mercredi, Action a officiellement ouvert son premier magasin en Croatie. Il s'agit du quinzi\u00e8me march\u00e9 europ\u00e9en pour le discounter n\u00e9erlandais sp\u00e9cialis\u00e9 dans les produits non alimentaires.","breadcrumb":{"@id":"https:\/\/www.retaildetail.be\/fr\/news\/general\/action-demarre-en-croatie\/#breadcrumb"},"inLanguage":"fr-FR","potentialAction":[{"@type":"ReadAction","target":["https:\/\/www.retaildetail.be\/fr\/news\/general\/action-demarre-en-croatie\/"]}]},{"@type":"ImageObject","inLanguage":"fr-FR","@id":"https:\/\/www.retaildetail.be\/fr\/news\/general\/action-demarre-en-croatie\/#primaryimage","url":"https:\/\/www.retaildetail.be\/wp-content\/uploads\/2026\/03\/Action-Kroatie-1.jpg","contentUrl":"https:\/\/www.retaildetail.be\/wp-content\/uploads\/2026\/03\/Action-Kroatie-1.jpg","width":1328,"height":888},{"@type":"BreadcrumbList","@id":"https:\/\/www.retaildetail.be\/fr\/news\/general\/action-demarre-en-croatie\/#breadcrumb","itemListElement":[{"@type":"ListItem","position":1,"name":"Home","item":"https:\/\/www.retaildetail.be\/fr\/"},{"@type":"ListItem","position":2,"name":"Action d\u00e9marre en Croatie"}]},{"@type":"WebSite","@id":"https:\/\/www.retaildetail.be\/nl\/#website","url":"https:\/\/www.retaildetail.be\/nl\/","name":"RetailDetail BE","description":"News","publisher":{"@id":"https:\/\/www.retaildetail.be\/nl\/#organization"},"potentialAction":[{"@type":"SearchAction","target":{"@type":"EntryPoint","urlTemplate":"https:\/\/www.retaildetail.be\/nl\/?s={search_term_string}"},"query-input":{"@type":"PropertyValueSpecification","valueRequired":true,"valueName":"search_term_string"}}],"inLanguage":"fr-FR"},{"@type":"Organization","@id":"https:\/\/www.retaildetail.be\/nl\/#organization","name":"RetailDetail BE","url":"https:\/\/www.retaildetail.be\/nl\/","logo":{"@type":"ImageObject","inLanguage":"fr-FR","@id":"https:\/\/www.retaildetail.be\/nl\/#\/schema\/logo\/image\/","url":"https:\/\/www.retaildetail.be\/wp-content\/uploads\/2022\/04\/logo.svg","contentUrl":"https:\/\/www.retaildetail.be\/wp-content\/uploads\/2022\/04\/logo.svg","width":131,"height":70,"caption":"RetailDetail BE"},"image":{"@id":"https:\/\/www.retaildetail.be\/nl\/#\/schema\/logo\/image\/"}},{"@type":"Person","@id":"https:\/\/www.retaildetail.be\/nl\/#\/schema\/person\/51aec6069c4416aa2f68b2e4ff3455df","name":"Stefan Van Rompaey","image":{"@type":"ImageObject","inLanguage":"fr-FR","@id":"https:\/\/secure.gravatar.com\/avatar\/fbbb4a80a0f109888b2a5ab8ae255617499ecde533749b3ab2fa6c23b5d65dac?s=96&d=mm&r=g","url":"https:\/\/secure.gravatar.com\/avatar\/fbbb4a80a0f109888b2a5ab8ae255617499ecde533749b3ab2fa6c23b5d65dac?s=96&d=mm&r=g","contentUrl":"https:\/\/secure.gravatar.com\/avatar\/fbbb4a80a0f109888b2a5ab8ae255617499ecde533749b3ab2fa6c23b5d65dac?s=96&d=mm&r=g","caption":"Stefan Van Rompaey"},"url":"https:\/\/www.retaildetail.be\/fr\/author\/stefanvanrompaey\/"}]}},"jetpack_featured_media_url":"https:\/\/www.retaildetail.be\/wp-content\/uploads\/2026\/03\/Action-Kroatie-1.jpg","jetpack_sharing_enabled":true,"_links":{"self":[{"href":"https:\/\/www.retaildetail.be\/fr\/wp-json\/wp\/v2\/posts\/143836","targetHints":{"allow":["GET"]}}],"collection":[{"href":"https:\/\/www.retaildetail.be\/fr\/wp-json\/wp\/v2\/posts"}],"about":[{"href":"https:\/\/www.retaildetail.be\/fr\/wp-json\/wp\/v2\/types\/post"}],"author":[{"embeddable":true,"href":"https:\/\/www.retaildetail.be\/fr\/wp-json\/wp\/v2\/users\/3"}],"replies":[{"embeddable":true,"href":"https:\/\/www.retaildetail.be\/fr\/wp-json\/wp\/v2\/comments?post=143836"}],"version-history":[{"count":1,"href":"https:\/\/www.retaildetail.be\/fr\/wp-json\/wp\/v2\/posts\/143836\/revisions"}],"predecessor-version":[{"id":143838,"href":"https:\/\/www.retaildetail.be\/fr\/wp-json\/wp\/v2\/posts\/143836\/revisions\/143838"}],"wp:featuredmedia":[{"embeddable":true,"href":"https:\/\/www.retaildetail.be\/fr\/wp-json\/wp\/v2\/media\/143837"}],"wp:attachment":[{"href":"https:\/\/www.retaildetail.be\/fr\/wp-json\/wp\/v2\/media?parent=143836"}],"wp:term":[{"taxonomy":"category","embeddable":true,"href":"https:\/\/www.retaildetail.be\/fr\/wp-json\/wp\/v2\/categories?post=143836"},{"taxonomy":"post_tag","embeddable":true,"href":"https:\/\/www.retaildetail.be\/fr\/wp-json\/wp\/v2\/tags?post=143836"},{"taxonomy":"people","embeddable":true,"href":"https:\/\/www.retaildetail.be\/fr\/wp-json\/wp\/v2\/people?post=143836"},{"taxonomy":"extra","embeddable":true,"href":"https:\/\/www.retaildetail.be\/fr\/wp-json\/wp\/v2\/extra?post=143836"},{"taxonomy":"company","embeddable":true,"href":"https:\/\/www.retaildetail.be\/fr\/wp-json\/wp\/v2\/company?post=143836"},{"taxonomy":"topic","embeddable":true,"href":"https:\/\/www.retaildetail.be\/fr\/wp-json\/wp\/v2\/topic?post=143836"},{"taxonomy":"region","embeddable":true,"href":"https:\/\/www.retaildetail.be\/fr\/wp-json\/wp\/v2\/region?post=143836"}],"curies":[{"name":"wp","href":"https:\/\/api.w.org\/{rel}","templated":true}]}}