{"id":143841,"date":"2026-03-11T15:18:13","date_gmt":"2026-03-11T14:18:13","guid":{"rendered":"https:\/\/www.retaildetail.be\/?p=143841"},"modified":"2026-03-11T15:18:13","modified_gmt":"2026-03-11T14:18:13","slug":"henkel-enregistre-une-marge-plus-elevee-malgre-une-baisse-du-chiffre-daffaires","status":"publish","type":"post","link":"https:\/\/www.retaildetail.be\/fr\/news\/beaute-soins\/henkel-enregistre-une-marge-plus-elevee-malgre-une-baisse-du-chiffre-daffaires\/","title":{"rendered":"Henkel enregistre une marge plus \u00e9lev\u00e9e malgr\u00e9 une baisse du chiffre d&rsquo;affaires"},"content":{"rendered":"\n<p><strong>Henkel<\/strong>, propri\u00e9taire de marques telles que Persil et Schwarzkopf, a r\u00e9ussi \u00e0 am\u00e9liorer sa rentabilit\u00e9 en 2025, malgr\u00e9 un contexte \u00e9conomique difficile. Le chiffre d&rsquo;affaires a baiss\u00e9, principalement en raison des effets des taux de change.<\/p>\n\n\n\n<h2 class=\"wp-block-heading\">Tensions g\u00e9opolitiques<\/h2>\n\n\n\n<p>Le chiffre d&rsquo;affaires d\u00e9clar\u00e9 de Henkel a baiss\u00e9 de 5,1 % l&rsquo;ann\u00e9e derni\u00e8re, pour s&rsquo;\u00e9tablir \u00e0 environ 20,5 milliards d&rsquo;euros, principalement en raison des effets n\u00e9gatifs des taux de change et des d\u00e9sinvestissements dans le portefeuille. Corrig\u00e9 des effets des taux de change et des acquisitions, le chiffre d&rsquo;affaires a augment\u00e9 de 0,9 %. Au cours d&rsquo;une ann\u00e9e marqu\u00e9e par une faible demande, la multinationale s&rsquo;est concentr\u00e9e sur l&rsquo;efficacit\u00e9, ce qui a port\u00e9 ses fruits : la marge EBIT s&rsquo;est am\u00e9lior\u00e9e de 0,5 point de pourcentage pour atteindre 14,8 %, ce qui montre que Henkel a r\u00e9ussi \u00e0 augmenter sa rentabilit\u00e9 malgr\u00e9 la pression sur le chiffre d&rsquo;affaires.<\/p>\n\n\n\n<p>La plus grande division de Henkel, Adhesive Technologies, a g\u00e9n\u00e9r\u00e9 un chiffre d&rsquo;affaires de 10,7 milliards d&rsquo;euros et a connu une croissance organique de 1,5 %. Les marques grand public ont r\u00e9alis\u00e9 un chiffre d&rsquo;affaires d&rsquo;environ 9,7 milliards d&rsquo;euros, avec une croissance organique de 0,3 %. La marge EBIT de cette division s&rsquo;est consid\u00e9rablement am\u00e9lior\u00e9e pour atteindre 14,5 %, en partie gr\u00e2ce \u00e0 une plus grande concentration sur les marques \u00e0 forte marge.<\/p>\n\n\n\n<p>\u00ab Notre environnement commercial reste marqu\u00e9 par des d\u00e9fis majeurs, notamment des conflits militaires, des tensions g\u00e9opolitiques dans de nombreuses r\u00e9gions du monde et des conflits commerciaux et tarifaires de grande envergure. Les incertitudes qui en d\u00e9coulent ont affaibli la confiance des consommateurs et la demande industrielle. Avec la guerre au Moyen-Orient qui a d\u00e9but\u00e9 fin f\u00e9vrier, l&rsquo;incertitude a de nouveau consid\u00e9rablement augment\u00e9 \u00bb, a d\u00e9clar\u00e9 Carsten Knobel, PDG de Henkel.<\/p>\n\n\n\n<h2 class=\"wp-block-heading\">Acquisition aux \u00c9tats-Unis<\/h2>\n\n\n\n<p>Le PDG se montre toutefois confiant : \u00ab Les r\u00e9sultats pour 2025 montrent clairement que notre strat\u00e9gie de croissance durable et cibl\u00e9e est la bonne et qu&rsquo;elle positionne efficacement l&rsquo;entreprise pour l&rsquo;avenir. Cela se refl\u00e8te \u00e9galement dans nos perspectives pour l&rsquo;exercice 2026, o\u00f9 nous pr\u00e9voyons une nouvelle croissance du chiffre d&rsquo;affaires et des b\u00e9n\u00e9fices, m\u00eame si le d\u00e9but de l&rsquo;ann\u00e9e sera probablement un peu plus faible. \u00bb L&rsquo;entreprise pr\u00e9voit une croissance mod\u00e9r\u00e9e de 1 \u00e0 3 % pour 2026.<\/p>\n\n\n\n<p>La multinationale vient de signer un accord pour l&rsquo;acquisition de Not Your Mother&rsquo;s, une marque de soins capillaires et de coiffure en pleine expansion en Am\u00e9rique du Nord, actuellement d\u00e9tenue par le fonds d&rsquo;investissement priv\u00e9 Main Post Partners. Au cours de l&rsquo;exercice 2025, la marque a g\u00e9n\u00e9r\u00e9 un chiffre d&rsquo;affaires d&rsquo;environ 190 millions d&rsquo;euros, avec une croissance \u00e0 deux chiffres et une marge brute solide. Henkel renforce ainsi sa position dans le segment des soins capillaires, l&rsquo;une de ses principales cat\u00e9gories sur le march\u00e9 grand public.<\/p>\n","protected":false},"excerpt":{"rendered":"<p>Henkel, propri\u00e9taire de marques telles que Persil et Schwarzkopf, a r\u00e9ussi \u00e0 am\u00e9liorer sa rentabilit\u00e9 en 2025, malgr\u00e9 un contexte \u00e9conomique difficile. Le chiffre d&rsquo;affaires a baiss\u00e9, principalement en raison des effets des taux de change. <\/p>\n","protected":false},"author":3,"featured_media":143842,"comment_status":"closed","ping_status":"closed","sticky":false,"template":"","format":"standard","meta":{"_acf_changed":false,"inline_featured_image":false,"_jetpack_memberships_contains_paid_content":false,"footnotes":""},"categories":[27,19],"tags":[],"people":[],"extra":[43],"company":[330],"topic":[266],"region":[],"class_list":["post-143841","post","type-post","status-publish","format-standard","has-post-thumbnail","hentry","category-beaute-soins","category-schoonheid-verzorging","extra-plus","company-henkel","topic-resultats-financiers"],"acf":[],"yoast_head":"<!-- This site is optimized with the Yoast SEO plugin v27.3 - https:\/\/yoast.com\/product\/yoast-seo-wordpress\/ -->\n<title>Henkel enregistre une marge plus \u00e9lev\u00e9e malgr\u00e9 une baisse du chiffre d&#039;affaires - RetailDetail BE<\/title>\n<meta name=\"description\" content=\"Henkel, propri\u00e9taire de marques telles que Persil et Schwarzkopf, a r\u00e9ussi \u00e0 am\u00e9liorer sa rentabilit\u00e9 en 2025, malgr\u00e9 un contexte \u00e9conomique difficile.\" \/>\n<meta name=\"robots\" content=\"index, follow, max-snippet:-1, max-image-preview:large, max-video-preview:-1\" \/>\n<link rel=\"canonical\" href=\"https:\/\/www.retaildetail.be\/fr\/news\/beaute-soins\/henkel-enregistre-une-marge-plus-elevee-malgre-une-baisse-du-chiffre-daffaires\/\" \/>\n<meta property=\"og:locale\" content=\"fr_FR\" \/>\n<meta property=\"og:type\" content=\"article\" \/>\n<meta property=\"og:title\" content=\"Henkel enregistre une marge plus \u00e9lev\u00e9e malgr\u00e9 une baisse du chiffre d&#039;affaires - RetailDetail BE\" \/>\n<meta property=\"og:description\" content=\"Henkel, propri\u00e9taire de marques telles que Persil et Schwarzkopf, a r\u00e9ussi \u00e0 am\u00e9liorer sa rentabilit\u00e9 en 2025, malgr\u00e9 un contexte \u00e9conomique difficile.\" \/>\n<meta property=\"og:url\" content=\"https:\/\/www.retaildetail.be\/fr\/news\/beaute-soins\/henkel-enregistre-une-marge-plus-elevee-malgre-une-baisse-du-chiffre-daffaires\/\" \/>\n<meta property=\"og:site_name\" content=\"RetailDetail BE\" \/>\n<meta property=\"article:published_time\" content=\"2026-03-11T14:18:13+00:00\" \/>\n<meta property=\"og:image\" content=\"https:\/\/www.retaildetail.be\/wp-content\/uploads\/2026\/03\/Henkel_0-1.jpg\" \/>\n\t<meta property=\"og:image:width\" content=\"1350\" \/>\n\t<meta property=\"og:image:height\" content=\"900\" \/>\n\t<meta property=\"og:image:type\" content=\"image\/jpeg\" \/>\n<meta name=\"author\" content=\"Stefan Van Rompaey\" \/>\n<meta name=\"twitter:card\" content=\"summary_large_image\" \/>\n<meta name=\"twitter:label1\" content=\"\u00c9crit par\" \/>\n\t<meta name=\"twitter:data1\" content=\"Stefan Van Rompaey\" \/>\n\t<meta name=\"twitter:label2\" content=\"Dur\u00e9e de lecture estim\u00e9e\" \/>\n\t<meta name=\"twitter:data2\" content=\"2 minutes\" \/>\n<script type=\"application\/ld+json\" class=\"yoast-schema-graph\">{\"@context\":\"https:\\\/\\\/schema.org\",\"@graph\":[{\"@type\":\"NewsArticle\",\"@id\":\"https:\\\/\\\/www.retaildetail.be\\\/fr\\\/news\\\/beaute-soins\\\/henkel-enregistre-une-marge-plus-elevee-malgre-une-baisse-du-chiffre-daffaires\\\/#article\",\"isPartOf\":{\"@id\":\"https:\\\/\\\/www.retaildetail.be\\\/fr\\\/news\\\/beaute-soins\\\/henkel-enregistre-une-marge-plus-elevee-malgre-une-baisse-du-chiffre-daffaires\\\/\"},\"author\":{\"name\":\"Stefan Van Rompaey\",\"@id\":\"https:\\\/\\\/www.retaildetail.be\\\/nl\\\/#\\\/schema\\\/person\\\/51aec6069c4416aa2f68b2e4ff3455df\"},\"headline\":\"Henkel enregistre une marge plus \u00e9lev\u00e9e malgr\u00e9 une baisse du chiffre d&rsquo;affaires\",\"datePublished\":\"2026-03-11T14:18:13+00:00\",\"mainEntityOfPage\":{\"@id\":\"https:\\\/\\\/www.retaildetail.be\\\/fr\\\/news\\\/beaute-soins\\\/henkel-enregistre-une-marge-plus-elevee-malgre-une-baisse-du-chiffre-daffaires\\\/\"},\"wordCount\":515,\"publisher\":{\"@id\":\"https:\\\/\\\/www.retaildetail.be\\\/nl\\\/#organization\"},\"image\":{\"@id\":\"https:\\\/\\\/www.retaildetail.be\\\/fr\\\/news\\\/beaute-soins\\\/henkel-enregistre-une-marge-plus-elevee-malgre-une-baisse-du-chiffre-daffaires\\\/#primaryimage\"},\"thumbnailUrl\":\"https:\\\/\\\/www.retaildetail.be\\\/wp-content\\\/uploads\\\/2026\\\/03\\\/Henkel_0-1.jpg\",\"articleSection\":[\"Beaut\u00e9\\\/Soins\",\"Schoonheid\\\/verzorging\"],\"inLanguage\":\"fr-FR\",\"copyrightYear\":\"2026\",\"copyrightHolder\":{\"@id\":\"https:\\\/\\\/www.retaildetail.be\\\/#organization\"}},{\"@type\":\"WebPage\",\"@id\":\"https:\\\/\\\/www.retaildetail.be\\\/fr\\\/news\\\/beaute-soins\\\/henkel-enregistre-une-marge-plus-elevee-malgre-une-baisse-du-chiffre-daffaires\\\/\",\"url\":\"https:\\\/\\\/www.retaildetail.be\\\/fr\\\/news\\\/beaute-soins\\\/henkel-enregistre-une-marge-plus-elevee-malgre-une-baisse-du-chiffre-daffaires\\\/\",\"name\":\"Henkel enregistre une marge plus \u00e9lev\u00e9e malgr\u00e9 une baisse du chiffre d'affaires - RetailDetail BE\",\"isPartOf\":{\"@id\":\"https:\\\/\\\/www.retaildetail.be\\\/nl\\\/#website\"},\"primaryImageOfPage\":{\"@id\":\"https:\\\/\\\/www.retaildetail.be\\\/fr\\\/news\\\/beaute-soins\\\/henkel-enregistre-une-marge-plus-elevee-malgre-une-baisse-du-chiffre-daffaires\\\/#primaryimage\"},\"image\":{\"@id\":\"https:\\\/\\\/www.retaildetail.be\\\/fr\\\/news\\\/beaute-soins\\\/henkel-enregistre-une-marge-plus-elevee-malgre-une-baisse-du-chiffre-daffaires\\\/#primaryimage\"},\"thumbnailUrl\":\"https:\\\/\\\/www.retaildetail.be\\\/wp-content\\\/uploads\\\/2026\\\/03\\\/Henkel_0-1.jpg\",\"datePublished\":\"2026-03-11T14:18:13+00:00\",\"description\":\"Henkel, propri\u00e9taire de marques telles que Persil et Schwarzkopf, a r\u00e9ussi \u00e0 am\u00e9liorer sa rentabilit\u00e9 en 2025, malgr\u00e9 un contexte \u00e9conomique difficile.\",\"breadcrumb\":{\"@id\":\"https:\\\/\\\/www.retaildetail.be\\\/fr\\\/news\\\/beaute-soins\\\/henkel-enregistre-une-marge-plus-elevee-malgre-une-baisse-du-chiffre-daffaires\\\/#breadcrumb\"},\"inLanguage\":\"fr-FR\",\"potentialAction\":[{\"@type\":\"ReadAction\",\"target\":[\"https:\\\/\\\/www.retaildetail.be\\\/fr\\\/news\\\/beaute-soins\\\/henkel-enregistre-une-marge-plus-elevee-malgre-une-baisse-du-chiffre-daffaires\\\/\"]}]},{\"@type\":\"ImageObject\",\"inLanguage\":\"fr-FR\",\"@id\":\"https:\\\/\\\/www.retaildetail.be\\\/fr\\\/news\\\/beaute-soins\\\/henkel-enregistre-une-marge-plus-elevee-malgre-une-baisse-du-chiffre-daffaires\\\/#primaryimage\",\"url\":\"https:\\\/\\\/www.retaildetail.be\\\/wp-content\\\/uploads\\\/2026\\\/03\\\/Henkel_0-1.jpg\",\"contentUrl\":\"https:\\\/\\\/www.retaildetail.be\\\/wp-content\\\/uploads\\\/2026\\\/03\\\/Henkel_0-1.jpg\",\"width\":1350,\"height\":900},{\"@type\":\"BreadcrumbList\",\"@id\":\"https:\\\/\\\/www.retaildetail.be\\\/fr\\\/news\\\/beaute-soins\\\/henkel-enregistre-une-marge-plus-elevee-malgre-une-baisse-du-chiffre-daffaires\\\/#breadcrumb\",\"itemListElement\":[{\"@type\":\"ListItem\",\"position\":1,\"name\":\"Home\",\"item\":\"https:\\\/\\\/www.retaildetail.be\\\/fr\\\/\"},{\"@type\":\"ListItem\",\"position\":2,\"name\":\"Henkel enregistre une marge plus \u00e9lev\u00e9e malgr\u00e9 une baisse du chiffre d&#8217;affaires\"}]},{\"@type\":\"WebSite\",\"@id\":\"https:\\\/\\\/www.retaildetail.be\\\/nl\\\/#website\",\"url\":\"https:\\\/\\\/www.retaildetail.be\\\/nl\\\/\",\"name\":\"RetailDetail BE\",\"description\":\"News\",\"publisher\":{\"@id\":\"https:\\\/\\\/www.retaildetail.be\\\/nl\\\/#organization\"},\"potentialAction\":[{\"@type\":\"SearchAction\",\"target\":{\"@type\":\"EntryPoint\",\"urlTemplate\":\"https:\\\/\\\/www.retaildetail.be\\\/nl\\\/?s={search_term_string}\"},\"query-input\":{\"@type\":\"PropertyValueSpecification\",\"valueRequired\":true,\"valueName\":\"search_term_string\"}}],\"inLanguage\":\"fr-FR\"},{\"@type\":\"Organization\",\"@id\":\"https:\\\/\\\/www.retaildetail.be\\\/nl\\\/#organization\",\"name\":\"RetailDetail BE\",\"url\":\"https:\\\/\\\/www.retaildetail.be\\\/nl\\\/\",\"logo\":{\"@type\":\"ImageObject\",\"inLanguage\":\"fr-FR\",\"@id\":\"https:\\\/\\\/www.retaildetail.be\\\/nl\\\/#\\\/schema\\\/logo\\\/image\\\/\",\"url\":\"https:\\\/\\\/www.retaildetail.be\\\/wp-content\\\/uploads\\\/2022\\\/04\\\/logo.svg\",\"contentUrl\":\"https:\\\/\\\/www.retaildetail.be\\\/wp-content\\\/uploads\\\/2022\\\/04\\\/logo.svg\",\"width\":131,\"height\":70,\"caption\":\"RetailDetail BE\"},\"image\":{\"@id\":\"https:\\\/\\\/www.retaildetail.be\\\/nl\\\/#\\\/schema\\\/logo\\\/image\\\/\"}},{\"@type\":\"Person\",\"@id\":\"https:\\\/\\\/www.retaildetail.be\\\/nl\\\/#\\\/schema\\\/person\\\/51aec6069c4416aa2f68b2e4ff3455df\",\"name\":\"Stefan Van Rompaey\",\"image\":{\"@type\":\"ImageObject\",\"inLanguage\":\"fr-FR\",\"@id\":\"https:\\\/\\\/secure.gravatar.com\\\/avatar\\\/fbbb4a80a0f109888b2a5ab8ae255617499ecde533749b3ab2fa6c23b5d65dac?s=96&d=mm&r=g\",\"url\":\"https:\\\/\\\/secure.gravatar.com\\\/avatar\\\/fbbb4a80a0f109888b2a5ab8ae255617499ecde533749b3ab2fa6c23b5d65dac?s=96&d=mm&r=g\",\"contentUrl\":\"https:\\\/\\\/secure.gravatar.com\\\/avatar\\\/fbbb4a80a0f109888b2a5ab8ae255617499ecde533749b3ab2fa6c23b5d65dac?s=96&d=mm&r=g\",\"caption\":\"Stefan Van Rompaey\"},\"url\":\"https:\\\/\\\/www.retaildetail.be\\\/fr\\\/author\\\/stefanvanrompaey\\\/\"}]}<\/script>\n<!-- \/ Yoast SEO plugin. -->","yoast_head_json":{"title":"Henkel enregistre une marge plus \u00e9lev\u00e9e malgr\u00e9 une baisse du chiffre d'affaires - RetailDetail BE","description":"Henkel, propri\u00e9taire de marques telles que Persil et Schwarzkopf, a r\u00e9ussi \u00e0 am\u00e9liorer sa rentabilit\u00e9 en 2025, malgr\u00e9 un contexte \u00e9conomique difficile.","robots":{"index":"index","follow":"follow","max-snippet":"max-snippet:-1","max-image-preview":"max-image-preview:large","max-video-preview":"max-video-preview:-1"},"canonical":"https:\/\/www.retaildetail.be\/fr\/news\/beaute-soins\/henkel-enregistre-une-marge-plus-elevee-malgre-une-baisse-du-chiffre-daffaires\/","og_locale":"fr_FR","og_type":"article","og_title":"Henkel enregistre une marge plus \u00e9lev\u00e9e malgr\u00e9 une baisse du chiffre d'affaires - RetailDetail BE","og_description":"Henkel, propri\u00e9taire de marques telles que Persil et Schwarzkopf, a r\u00e9ussi \u00e0 am\u00e9liorer sa rentabilit\u00e9 en 2025, malgr\u00e9 un contexte \u00e9conomique difficile.","og_url":"https:\/\/www.retaildetail.be\/fr\/news\/beaute-soins\/henkel-enregistre-une-marge-plus-elevee-malgre-une-baisse-du-chiffre-daffaires\/","og_site_name":"RetailDetail BE","article_published_time":"2026-03-11T14:18:13+00:00","og_image":[{"width":1350,"height":900,"url":"https:\/\/www.retaildetail.be\/wp-content\/uploads\/2026\/03\/Henkel_0-1.jpg","type":"image\/jpeg"}],"author":"Stefan Van Rompaey","twitter_card":"summary_large_image","twitter_misc":{"\u00c9crit par":"Stefan Van Rompaey","Dur\u00e9e de lecture estim\u00e9e":"2 minutes"},"schema":{"@context":"https:\/\/schema.org","@graph":[{"@type":"NewsArticle","@id":"https:\/\/www.retaildetail.be\/fr\/news\/beaute-soins\/henkel-enregistre-une-marge-plus-elevee-malgre-une-baisse-du-chiffre-daffaires\/#article","isPartOf":{"@id":"https:\/\/www.retaildetail.be\/fr\/news\/beaute-soins\/henkel-enregistre-une-marge-plus-elevee-malgre-une-baisse-du-chiffre-daffaires\/"},"author":{"name":"Stefan Van Rompaey","@id":"https:\/\/www.retaildetail.be\/nl\/#\/schema\/person\/51aec6069c4416aa2f68b2e4ff3455df"},"headline":"Henkel enregistre une marge plus \u00e9lev\u00e9e malgr\u00e9 une baisse du chiffre d&rsquo;affaires","datePublished":"2026-03-11T14:18:13+00:00","mainEntityOfPage":{"@id":"https:\/\/www.retaildetail.be\/fr\/news\/beaute-soins\/henkel-enregistre-une-marge-plus-elevee-malgre-une-baisse-du-chiffre-daffaires\/"},"wordCount":515,"publisher":{"@id":"https:\/\/www.retaildetail.be\/nl\/#organization"},"image":{"@id":"https:\/\/www.retaildetail.be\/fr\/news\/beaute-soins\/henkel-enregistre-une-marge-plus-elevee-malgre-une-baisse-du-chiffre-daffaires\/#primaryimage"},"thumbnailUrl":"https:\/\/www.retaildetail.be\/wp-content\/uploads\/2026\/03\/Henkel_0-1.jpg","articleSection":["Beaut\u00e9\/Soins","Schoonheid\/verzorging"],"inLanguage":"fr-FR","copyrightYear":"2026","copyrightHolder":{"@id":"https:\/\/www.retaildetail.be\/#organization"}},{"@type":"WebPage","@id":"https:\/\/www.retaildetail.be\/fr\/news\/beaute-soins\/henkel-enregistre-une-marge-plus-elevee-malgre-une-baisse-du-chiffre-daffaires\/","url":"https:\/\/www.retaildetail.be\/fr\/news\/beaute-soins\/henkel-enregistre-une-marge-plus-elevee-malgre-une-baisse-du-chiffre-daffaires\/","name":"Henkel enregistre une marge plus \u00e9lev\u00e9e malgr\u00e9 une baisse du chiffre d'affaires - RetailDetail BE","isPartOf":{"@id":"https:\/\/www.retaildetail.be\/nl\/#website"},"primaryImageOfPage":{"@id":"https:\/\/www.retaildetail.be\/fr\/news\/beaute-soins\/henkel-enregistre-une-marge-plus-elevee-malgre-une-baisse-du-chiffre-daffaires\/#primaryimage"},"image":{"@id":"https:\/\/www.retaildetail.be\/fr\/news\/beaute-soins\/henkel-enregistre-une-marge-plus-elevee-malgre-une-baisse-du-chiffre-daffaires\/#primaryimage"},"thumbnailUrl":"https:\/\/www.retaildetail.be\/wp-content\/uploads\/2026\/03\/Henkel_0-1.jpg","datePublished":"2026-03-11T14:18:13+00:00","description":"Henkel, propri\u00e9taire de marques telles que Persil et Schwarzkopf, a r\u00e9ussi \u00e0 am\u00e9liorer sa rentabilit\u00e9 en 2025, malgr\u00e9 un contexte \u00e9conomique difficile.","breadcrumb":{"@id":"https:\/\/www.retaildetail.be\/fr\/news\/beaute-soins\/henkel-enregistre-une-marge-plus-elevee-malgre-une-baisse-du-chiffre-daffaires\/#breadcrumb"},"inLanguage":"fr-FR","potentialAction":[{"@type":"ReadAction","target":["https:\/\/www.retaildetail.be\/fr\/news\/beaute-soins\/henkel-enregistre-une-marge-plus-elevee-malgre-une-baisse-du-chiffre-daffaires\/"]}]},{"@type":"ImageObject","inLanguage":"fr-FR","@id":"https:\/\/www.retaildetail.be\/fr\/news\/beaute-soins\/henkel-enregistre-une-marge-plus-elevee-malgre-une-baisse-du-chiffre-daffaires\/#primaryimage","url":"https:\/\/www.retaildetail.be\/wp-content\/uploads\/2026\/03\/Henkel_0-1.jpg","contentUrl":"https:\/\/www.retaildetail.be\/wp-content\/uploads\/2026\/03\/Henkel_0-1.jpg","width":1350,"height":900},{"@type":"BreadcrumbList","@id":"https:\/\/www.retaildetail.be\/fr\/news\/beaute-soins\/henkel-enregistre-une-marge-plus-elevee-malgre-une-baisse-du-chiffre-daffaires\/#breadcrumb","itemListElement":[{"@type":"ListItem","position":1,"name":"Home","item":"https:\/\/www.retaildetail.be\/fr\/"},{"@type":"ListItem","position":2,"name":"Henkel enregistre une marge plus \u00e9lev\u00e9e malgr\u00e9 une baisse du chiffre d&#8217;affaires"}]},{"@type":"WebSite","@id":"https:\/\/www.retaildetail.be\/nl\/#website","url":"https:\/\/www.retaildetail.be\/nl\/","name":"RetailDetail BE","description":"News","publisher":{"@id":"https:\/\/www.retaildetail.be\/nl\/#organization"},"potentialAction":[{"@type":"SearchAction","target":{"@type":"EntryPoint","urlTemplate":"https:\/\/www.retaildetail.be\/nl\/?s={search_term_string}"},"query-input":{"@type":"PropertyValueSpecification","valueRequired":true,"valueName":"search_term_string"}}],"inLanguage":"fr-FR"},{"@type":"Organization","@id":"https:\/\/www.retaildetail.be\/nl\/#organization","name":"RetailDetail BE","url":"https:\/\/www.retaildetail.be\/nl\/","logo":{"@type":"ImageObject","inLanguage":"fr-FR","@id":"https:\/\/www.retaildetail.be\/nl\/#\/schema\/logo\/image\/","url":"https:\/\/www.retaildetail.be\/wp-content\/uploads\/2022\/04\/logo.svg","contentUrl":"https:\/\/www.retaildetail.be\/wp-content\/uploads\/2022\/04\/logo.svg","width":131,"height":70,"caption":"RetailDetail BE"},"image":{"@id":"https:\/\/www.retaildetail.be\/nl\/#\/schema\/logo\/image\/"}},{"@type":"Person","@id":"https:\/\/www.retaildetail.be\/nl\/#\/schema\/person\/51aec6069c4416aa2f68b2e4ff3455df","name":"Stefan Van Rompaey","image":{"@type":"ImageObject","inLanguage":"fr-FR","@id":"https:\/\/secure.gravatar.com\/avatar\/fbbb4a80a0f109888b2a5ab8ae255617499ecde533749b3ab2fa6c23b5d65dac?s=96&d=mm&r=g","url":"https:\/\/secure.gravatar.com\/avatar\/fbbb4a80a0f109888b2a5ab8ae255617499ecde533749b3ab2fa6c23b5d65dac?s=96&d=mm&r=g","contentUrl":"https:\/\/secure.gravatar.com\/avatar\/fbbb4a80a0f109888b2a5ab8ae255617499ecde533749b3ab2fa6c23b5d65dac?s=96&d=mm&r=g","caption":"Stefan Van Rompaey"},"url":"https:\/\/www.retaildetail.be\/fr\/author\/stefanvanrompaey\/"}]}},"jetpack_featured_media_url":"https:\/\/www.retaildetail.be\/wp-content\/uploads\/2026\/03\/Henkel_0-1.jpg","jetpack_sharing_enabled":true,"_links":{"self":[{"href":"https:\/\/www.retaildetail.be\/fr\/wp-json\/wp\/v2\/posts\/143841","targetHints":{"allow":["GET"]}}],"collection":[{"href":"https:\/\/www.retaildetail.be\/fr\/wp-json\/wp\/v2\/posts"}],"about":[{"href":"https:\/\/www.retaildetail.be\/fr\/wp-json\/wp\/v2\/types\/post"}],"author":[{"embeddable":true,"href":"https:\/\/www.retaildetail.be\/fr\/wp-json\/wp\/v2\/users\/3"}],"replies":[{"embeddable":true,"href":"https:\/\/www.retaildetail.be\/fr\/wp-json\/wp\/v2\/comments?post=143841"}],"version-history":[{"count":1,"href":"https:\/\/www.retaildetail.be\/fr\/wp-json\/wp\/v2\/posts\/143841\/revisions"}],"predecessor-version":[{"id":143843,"href":"https:\/\/www.retaildetail.be\/fr\/wp-json\/wp\/v2\/posts\/143841\/revisions\/143843"}],"wp:featuredmedia":[{"embeddable":true,"href":"https:\/\/www.retaildetail.be\/fr\/wp-json\/wp\/v2\/media\/143842"}],"wp:attachment":[{"href":"https:\/\/www.retaildetail.be\/fr\/wp-json\/wp\/v2\/media?parent=143841"}],"wp:term":[{"taxonomy":"category","embeddable":true,"href":"https:\/\/www.retaildetail.be\/fr\/wp-json\/wp\/v2\/categories?post=143841"},{"taxonomy":"post_tag","embeddable":true,"href":"https:\/\/www.retaildetail.be\/fr\/wp-json\/wp\/v2\/tags?post=143841"},{"taxonomy":"people","embeddable":true,"href":"https:\/\/www.retaildetail.be\/fr\/wp-json\/wp\/v2\/people?post=143841"},{"taxonomy":"extra","embeddable":true,"href":"https:\/\/www.retaildetail.be\/fr\/wp-json\/wp\/v2\/extra?post=143841"},{"taxonomy":"company","embeddable":true,"href":"https:\/\/www.retaildetail.be\/fr\/wp-json\/wp\/v2\/company?post=143841"},{"taxonomy":"topic","embeddable":true,"href":"https:\/\/www.retaildetail.be\/fr\/wp-json\/wp\/v2\/topic?post=143841"},{"taxonomy":"region","embeddable":true,"href":"https:\/\/www.retaildetail.be\/fr\/wp-json\/wp\/v2\/region?post=143841"}],"curies":[{"name":"wp","href":"https:\/\/api.w.org\/{rel}","templated":true}]}}