{"id":143862,"date":"2026-03-12T09:57:28","date_gmt":"2026-03-12T08:57:28","guid":{"rendered":"https:\/\/www.retaildetail.be\/?p=143862"},"modified":"2026-03-12T09:57:29","modified_gmt":"2026-03-12T08:57:29","slug":"zalando-se-developpe-grace-a-lia-et-au-rachat-dabout-you","status":"publish","type":"post","link":"https:\/\/www.retaildetail.be\/fr\/news\/mode\/zalando-se-developpe-grace-a-lia-et-au-rachat-dabout-you\/","title":{"rendered":"Zalando se d\u00e9veloppe gr\u00e2ce \u00e0 l&rsquo;IA et au rachat d&rsquo;About You"},"content":{"rendered":"\n<p><strong>Zalando<\/strong> a connu une forte croissance en 2025, principalement gr\u00e2ce \u00e0 des investissements dans l&rsquo;efficacit\u00e9 technologique et logistique. La plateforme voit son chiffre d&rsquo;affaires passer \u00e0 12,3 milliards d&rsquo;euros et table sur une poursuite de la croissance en 2026 gr\u00e2ce \u00e0 l&rsquo;IA, \u00e0 de nouvelles applications et \u00e0 l&rsquo;int\u00e9gration <strong>d&rsquo;About You<\/strong>.<\/p>\n\n\n\n<h2 class=\"wp-block-heading\">Int\u00e9gration d&rsquo;About You<\/h2>\n\n\n\n<p>Chez Zalando, le chiffre d&rsquo;affaires a augment\u00e9 de 16,8 % pour atteindre 12,3 milliards d&rsquo;euros, tandis que le r\u00e9sultat d&rsquo;exploitation ajust\u00e9 (EBIT) a progress\u00e9 de 15,6 % pour atteindre 591 millions d&rsquo;euros. Le volume commercial (GMV) \u2013 la valeur totale de toutes les ventes r\u00e9alis\u00e9es via la plateforme \u2013 a \u00e9galement augment\u00e9 de 14,7 % pour atteindre 17,6 milliards d&rsquo;euros.<\/p>\n\n\n\n<p>Ces r\u00e9sultats b\u00e9n\u00e9ficient notamment de l&rsquo;int\u00e9gration de son concurrent About You, dont les chiffres ont \u00e9t\u00e9 pris en compte pour la premi\u00e8re fois dans leur int\u00e9gralit\u00e9. Dans le m\u00eame temps, le nombre de clients actifs a atteint un niveau record de 62 millions.<\/p>\n\n\n\n<p>Le co-PDG Robert Gentz affirme que la strat\u00e9gie de l&rsquo;entreprise porte ses fruits : \u00ab Nous avons acc\u00e9l\u00e9r\u00e9 notre strat\u00e9gie et d\u00e9ploy\u00e9 des innovations majeures dans les domaines B2C et B2B, ce qui a conduit \u00e0 de solides performances en 2025. La plateforme unique de donn\u00e9es et d&rsquo;infrastructure que nous avons mise en place en dix-sept ans nous conf\u00e8re un avantage consid\u00e9rable. \u00bb<\/p>\n\n\n\n<p>Zalando pr\u00e9voit une nouvelle acc\u00e9l\u00e9ration de sa croissance pour 2026. L&rsquo;entreprise table sur une augmentation de son chiffre d&rsquo;affaires de 12 \u00e0 17 % et un r\u00e9sultat d&rsquo;exploitation compris entre 660 et 740 millions d&rsquo;euros.<\/p>\n\n\n\n<h2 class=\"wp-block-heading\">L&rsquo;IA, moteur de l&rsquo;efficacit\u00e9<\/h2>\n\n\n\n<p>L&rsquo;intelligence artificielle joue un r\u00f4le central dans la strat\u00e9gie, comme <a href=\"https:\/\/www.retaildetail.be\/fr\/retail-events\/congres-retaildetail-omnichannel-e-commerce-2026\/\">l&rsquo;expliquera l&rsquo;entreprise lors du RetailDetail Omnichannel &amp; E-Commerce Congress le 19 mars<\/a>. En 2025, l&rsquo;entreprise g\u00e9n\u00e9rait d\u00e9j\u00e0 90 % de son contenu marketing \u00e0 l&rsquo;aide de l&rsquo;IA g\u00e9n\u00e9rative. Cela a permis de r\u00e9duire le temps n\u00e9cessaire \u00e0 la cr\u00e9ation de campagnes de six semaines \u00e0 quelques jours et d&rsquo;augmenter la quantit\u00e9 de contenu produit de 70 %.<\/p>\n\n\n\n<p>L&rsquo;IA donne \u00e9galement des r\u00e9sultats concrets dans les domaines de la logistique et du d\u00e9veloppement de produits. Les algorithmes am\u00e9liorent par exemple la pr\u00e9vision des d\u00e9lais de livraison et optimisent la cha\u00eene d&rsquo;approvisionnement. Zalando utilise \u00e9galement l&rsquo;IA pour mieux mettre en relation les clients et les produits. Cette technologie a permis d&rsquo;augmenter de 13 % le nombre d&rsquo;articles ajout\u00e9s aux paniers. Dans le m\u00eame temps, le nombre de retours dus \u00e0 des tailles incorrectes a diminu\u00e9 de plus de 8 %.<\/p>\n\n\n\n<h2 class=\"wp-block-heading\">Plusieurs applications <\/h2>\n\n\n\n<p>Zalando tente d&rsquo;accro\u00eetre l&rsquo;engagement des clients gr\u00e2ce \u00e0 une strat\u00e9gie dite \u00ab multi-applications \u00bb. Le groupe combine trois applications destin\u00e9es \u00e0 diff\u00e9rents groupes cibles : l&rsquo;application principale de Zalando, l&rsquo;application tendance About You et la plateforme de bonnes affaires Lounge by Zalando.<\/p>\n\n\n\n<p>Ensemble, ces applications ont g\u00e9n\u00e9r\u00e9 un volume commercial de 17,6 milliards d&rsquo;euros et un r\u00e9sultat d&rsquo;exploitation ajust\u00e9 de 536 millions d&rsquo;euros dans les activit\u00e9s grand public. Le programme de fid\u00e9lit\u00e9 Plus conna\u00eet \u00e9galement une croissance rapide. Il compte d\u00e9sormais 16,8 millions de membres sur dix-sept march\u00e9s et a repr\u00e9sent\u00e9 pr\u00e8s de la moiti\u00e9 du volume commercial au quatri\u00e8me trimestre.<\/p>\n\n\n\n<p>Dans le m\u00eame temps, Zalando continue d&rsquo;investir dans la technologie et les infrastructures. Le groupe pr\u00e9voit de d\u00e9penser entre 240 et 300 millions d&rsquo;euros par an afin de conqu\u00e9rir une plus grande part du march\u00e9 europ\u00e9en de la mode, qui repr\u00e9sente 500 milliards d&rsquo;euros.<\/p>\n\n\n\n<p><em>D\u00e9couvrez comment Zalando envisage l&rsquo;avenir du commerce omnicanal le 19 mars. \u00c9galement pr\u00e9sents sur sc\u00e8ne ce jour-l\u00e0 : Visa, Delhaize, Les Jumelles, Prins Petfoods et bien d&rsquo;autres.<\/em> <a href=\"https:\/\/www.retaildetail.be\/fr\/retail-events\/congres-retaildetail-omnichannel-e-commerce-2026\/\">R\u00e9servez vite vos billets pour le RetailDetail Omnichannel &amp; E-Commerce Congress.<\/a><\/p>\n\n\n\n<figure class=\"wp-block-image\"><a href=\"https:\/\/www.retaildetail.be\/fr\/retail-events\/congres-retaildetail-omnichannel-e-commerce-2026\/\"><img loading=\"lazy\" decoding=\"async\" width=\"970\" height=\"250\" src=\"https:\/\/www.retaildetail.be\/wp-content\/uploads\/2026\/02\/260306-eventpagina-single-page.png\" alt=\"\" class=\"wp-image-143484\" srcset=\"https:\/\/www.retaildetail.be\/wp-content\/uploads\/2026\/02\/260306-eventpagina-single-page.png 970w, https:\/\/www.retaildetail.be\/wp-content\/uploads\/2026\/02\/260306-eventpagina-single-page-300x77.png 300w, https:\/\/www.retaildetail.be\/wp-content\/uploads\/2026\/02\/260306-eventpagina-single-page-768x198.png 768w\" sizes=\"auto, (max-width: 970px) 100vw, 970px\" \/><\/a><\/figure>\n","protected":false},"excerpt":{"rendered":"<p>Zalando conna\u00eet une forte croissance gr\u00e2ce \u00e0 une utilisation plus intensive de l&rsquo;intelligence artificielle. La plateforme allemande d\u00e9di\u00e9e \u00e0 la mode voit son chiffre d&rsquo;affaires grimper \u00e0 12,3 milliards d&rsquo;euros et table sur une poursuite de sa croissance en 2026 gr\u00e2ce \u00e0 l&rsquo;IA, \u00e0 de nouvelles applications et \u00e0 l&rsquo;int\u00e9gration d&rsquo;About You.<\/p>\n","protected":false},"author":5,"featured_media":143863,"comment_status":"closed","ping_status":"closed","sticky":false,"template":"","format":"standard","meta":{"_acf_changed":false,"inline_featured_image":false,"_jetpack_memberships_contains_paid_content":false,"footnotes":""},"categories":[14,22],"tags":[],"people":[],"extra":[43],"company":[287],"topic":[266],"region":[],"class_list":{"0":"post-143862","1":"post","2":"type-post","3":"status-publish","4":"format-standard","5":"has-post-thumbnail","6":"hentry","7":"category-mode","9":"extra-plus","10":"company-zalando","11":"topic-resultats-financiers"},"acf":[],"yoast_head":"<!-- This site is optimized with the Yoast SEO plugin v27.3 - https:\/\/yoast.com\/product\/yoast-seo-wordpress\/ -->\n<title>Zalando se d\u00e9veloppe gr\u00e2ce \u00e0 l&#039;IA et au rachat d&#039;About You - RetailDetail BE<\/title>\n<meta name=\"description\" content=\"Zalando a connu une forte croissance en 2025, principalement gr\u00e2ce \u00e0 des investissements dans l&#039;efficacit\u00e9 technologique et logistique.\" \/>\n<meta name=\"robots\" content=\"index, follow, max-snippet:-1, max-image-preview:large, max-video-preview:-1\" \/>\n<link rel=\"canonical\" href=\"https:\/\/www.retaildetail.be\/fr\/news\/mode\/zalando-se-developpe-grace-a-lia-et-au-rachat-dabout-you\/\" \/>\n<meta property=\"og:locale\" content=\"fr_FR\" \/>\n<meta property=\"og:type\" content=\"article\" \/>\n<meta property=\"og:title\" content=\"Zalando se d\u00e9veloppe gr\u00e2ce \u00e0 l&#039;IA et au rachat d&#039;About You - RetailDetail BE\" \/>\n<meta property=\"og:description\" content=\"Zalando a connu une forte croissance en 2025, principalement gr\u00e2ce \u00e0 des investissements dans l&#039;efficacit\u00e9 technologique et logistique.\" \/>\n<meta property=\"og:url\" content=\"https:\/\/www.retaildetail.be\/fr\/news\/mode\/zalando-se-developpe-grace-a-lia-et-au-rachat-dabout-you\/\" \/>\n<meta property=\"og:site_name\" content=\"RetailDetail BE\" \/>\n<meta property=\"article:published_time\" content=\"2026-03-12T08:57:28+00:00\" \/>\n<meta property=\"article:modified_time\" content=\"2026-03-12T08:57:29+00:00\" \/>\n<meta property=\"og:image\" content=\"https:\/\/www.retaildetail.be\/wp-content\/uploads\/2026\/03\/zalando-box-1-1.jpg\" \/>\n\t<meta property=\"og:image:width\" content=\"1800\" \/>\n\t<meta property=\"og:image:height\" content=\"1200\" \/>\n\t<meta property=\"og:image:type\" content=\"image\/jpeg\" \/>\n<meta name=\"author\" content=\"Pauline Neerman\" \/>\n<meta name=\"twitter:card\" content=\"summary_large_image\" \/>\n<meta name=\"twitter:label1\" content=\"\u00c9crit par\" \/>\n\t<meta name=\"twitter:data1\" content=\"Pauline Neerman\" \/>\n\t<meta name=\"twitter:label2\" content=\"Dur\u00e9e de lecture estim\u00e9e\" \/>\n\t<meta name=\"twitter:data2\" content=\"3 minutes\" \/>\n<script type=\"application\/ld+json\" class=\"yoast-schema-graph\">{\"@context\":\"https:\\\/\\\/schema.org\",\"@graph\":[{\"@type\":\"NewsArticle\",\"@id\":\"https:\\\/\\\/www.retaildetail.be\\\/fr\\\/news\\\/mode\\\/zalando-se-developpe-grace-a-lia-et-au-rachat-dabout-you\\\/#article\",\"isPartOf\":{\"@id\":\"https:\\\/\\\/www.retaildetail.be\\\/fr\\\/news\\\/mode\\\/zalando-se-developpe-grace-a-lia-et-au-rachat-dabout-you\\\/\"},\"author\":{\"name\":\"Pauline Neerman\",\"@id\":\"https:\\\/\\\/www.retaildetail.be\\\/nl\\\/#\\\/schema\\\/person\\\/66b54803fa10759039079458ea89e307\"},\"headline\":\"Zalando se d\u00e9veloppe gr\u00e2ce \u00e0 l&rsquo;IA et au rachat d&rsquo;About You\",\"datePublished\":\"2026-03-12T08:57:28+00:00\",\"dateModified\":\"2026-03-12T08:57:29+00:00\",\"mainEntityOfPage\":{\"@id\":\"https:\\\/\\\/www.retaildetail.be\\\/fr\\\/news\\\/mode\\\/zalando-se-developpe-grace-a-lia-et-au-rachat-dabout-you\\\/\"},\"wordCount\":664,\"publisher\":{\"@id\":\"https:\\\/\\\/www.retaildetail.be\\\/nl\\\/#organization\"},\"image\":{\"@id\":\"https:\\\/\\\/www.retaildetail.be\\\/fr\\\/news\\\/mode\\\/zalando-se-developpe-grace-a-lia-et-au-rachat-dabout-you\\\/#primaryimage\"},\"thumbnailUrl\":\"https:\\\/\\\/www.retaildetail.be\\\/wp-content\\\/uploads\\\/2026\\\/03\\\/zalando-box-1-1.jpg\",\"articleSection\":[\"Mode\",\"Mode\"],\"inLanguage\":\"fr-FR\",\"copyrightYear\":\"2026\",\"copyrightHolder\":{\"@id\":\"https:\\\/\\\/www.retaildetail.be\\\/#organization\"}},{\"@type\":\"WebPage\",\"@id\":\"https:\\\/\\\/www.retaildetail.be\\\/fr\\\/news\\\/mode\\\/zalando-se-developpe-grace-a-lia-et-au-rachat-dabout-you\\\/\",\"url\":\"https:\\\/\\\/www.retaildetail.be\\\/fr\\\/news\\\/mode\\\/zalando-se-developpe-grace-a-lia-et-au-rachat-dabout-you\\\/\",\"name\":\"Zalando se d\u00e9veloppe gr\u00e2ce \u00e0 l'IA et au rachat d'About You - RetailDetail BE\",\"isPartOf\":{\"@id\":\"https:\\\/\\\/www.retaildetail.be\\\/nl\\\/#website\"},\"primaryImageOfPage\":{\"@id\":\"https:\\\/\\\/www.retaildetail.be\\\/fr\\\/news\\\/mode\\\/zalando-se-developpe-grace-a-lia-et-au-rachat-dabout-you\\\/#primaryimage\"},\"image\":{\"@id\":\"https:\\\/\\\/www.retaildetail.be\\\/fr\\\/news\\\/mode\\\/zalando-se-developpe-grace-a-lia-et-au-rachat-dabout-you\\\/#primaryimage\"},\"thumbnailUrl\":\"https:\\\/\\\/www.retaildetail.be\\\/wp-content\\\/uploads\\\/2026\\\/03\\\/zalando-box-1-1.jpg\",\"datePublished\":\"2026-03-12T08:57:28+00:00\",\"dateModified\":\"2026-03-12T08:57:29+00:00\",\"description\":\"Zalando a connu une forte croissance en 2025, principalement gr\u00e2ce \u00e0 des investissements dans l'efficacit\u00e9 technologique et logistique.\",\"breadcrumb\":{\"@id\":\"https:\\\/\\\/www.retaildetail.be\\\/fr\\\/news\\\/mode\\\/zalando-se-developpe-grace-a-lia-et-au-rachat-dabout-you\\\/#breadcrumb\"},\"inLanguage\":\"fr-FR\",\"potentialAction\":[{\"@type\":\"ReadAction\",\"target\":[\"https:\\\/\\\/www.retaildetail.be\\\/fr\\\/news\\\/mode\\\/zalando-se-developpe-grace-a-lia-et-au-rachat-dabout-you\\\/\"]}]},{\"@type\":\"ImageObject\",\"inLanguage\":\"fr-FR\",\"@id\":\"https:\\\/\\\/www.retaildetail.be\\\/fr\\\/news\\\/mode\\\/zalando-se-developpe-grace-a-lia-et-au-rachat-dabout-you\\\/#primaryimage\",\"url\":\"https:\\\/\\\/www.retaildetail.be\\\/wp-content\\\/uploads\\\/2026\\\/03\\\/zalando-box-1-1.jpg\",\"contentUrl\":\"https:\\\/\\\/www.retaildetail.be\\\/wp-content\\\/uploads\\\/2026\\\/03\\\/zalando-box-1-1.jpg\",\"width\":1800,\"height\":1200,\"caption\":\"Zalando\"},{\"@type\":\"BreadcrumbList\",\"@id\":\"https:\\\/\\\/www.retaildetail.be\\\/fr\\\/news\\\/mode\\\/zalando-se-developpe-grace-a-lia-et-au-rachat-dabout-you\\\/#breadcrumb\",\"itemListElement\":[{\"@type\":\"ListItem\",\"position\":1,\"name\":\"Home\",\"item\":\"https:\\\/\\\/www.retaildetail.be\\\/fr\\\/\"},{\"@type\":\"ListItem\",\"position\":2,\"name\":\"Zalando se d\u00e9veloppe gr\u00e2ce \u00e0 l&#8217;IA et au rachat d&#8217;About You\"}]},{\"@type\":\"WebSite\",\"@id\":\"https:\\\/\\\/www.retaildetail.be\\\/nl\\\/#website\",\"url\":\"https:\\\/\\\/www.retaildetail.be\\\/nl\\\/\",\"name\":\"RetailDetail BE\",\"description\":\"News\",\"publisher\":{\"@id\":\"https:\\\/\\\/www.retaildetail.be\\\/nl\\\/#organization\"},\"potentialAction\":[{\"@type\":\"SearchAction\",\"target\":{\"@type\":\"EntryPoint\",\"urlTemplate\":\"https:\\\/\\\/www.retaildetail.be\\\/nl\\\/?s={search_term_string}\"},\"query-input\":{\"@type\":\"PropertyValueSpecification\",\"valueRequired\":true,\"valueName\":\"search_term_string\"}}],\"inLanguage\":\"fr-FR\"},{\"@type\":\"Organization\",\"@id\":\"https:\\\/\\\/www.retaildetail.be\\\/nl\\\/#organization\",\"name\":\"RetailDetail BE\",\"url\":\"https:\\\/\\\/www.retaildetail.be\\\/nl\\\/\",\"logo\":{\"@type\":\"ImageObject\",\"inLanguage\":\"fr-FR\",\"@id\":\"https:\\\/\\\/www.retaildetail.be\\\/nl\\\/#\\\/schema\\\/logo\\\/image\\\/\",\"url\":\"https:\\\/\\\/www.retaildetail.be\\\/wp-content\\\/uploads\\\/2022\\\/04\\\/logo.svg\",\"contentUrl\":\"https:\\\/\\\/www.retaildetail.be\\\/wp-content\\\/uploads\\\/2022\\\/04\\\/logo.svg\",\"width\":131,\"height\":70,\"caption\":\"RetailDetail BE\"},\"image\":{\"@id\":\"https:\\\/\\\/www.retaildetail.be\\\/nl\\\/#\\\/schema\\\/logo\\\/image\\\/\"}},{\"@type\":\"Person\",\"@id\":\"https:\\\/\\\/www.retaildetail.be\\\/nl\\\/#\\\/schema\\\/person\\\/66b54803fa10759039079458ea89e307\",\"name\":\"Pauline Neerman\",\"image\":{\"@type\":\"ImageObject\",\"inLanguage\":\"fr-FR\",\"@id\":\"https:\\\/\\\/secure.gravatar.com\\\/avatar\\\/58db22aee589a691f9603e5765ac06010427a923f9b2728b951eb7fe27214d70?s=96&d=mm&r=g\",\"url\":\"https:\\\/\\\/secure.gravatar.com\\\/avatar\\\/58db22aee589a691f9603e5765ac06010427a923f9b2728b951eb7fe27214d70?s=96&d=mm&r=g\",\"contentUrl\":\"https:\\\/\\\/secure.gravatar.com\\\/avatar\\\/58db22aee589a691f9603e5765ac06010427a923f9b2728b951eb7fe27214d70?s=96&d=mm&r=g\",\"caption\":\"Pauline Neerman\"},\"url\":\"https:\\\/\\\/www.retaildetail.be\\\/fr\\\/author\\\/paulineneerman\\\/\"}]}<\/script>\n<!-- \/ Yoast SEO plugin. -->","yoast_head_json":{"title":"Zalando se d\u00e9veloppe gr\u00e2ce \u00e0 l'IA et au rachat d'About You - RetailDetail BE","description":"Zalando a connu une forte croissance en 2025, principalement gr\u00e2ce \u00e0 des investissements dans l'efficacit\u00e9 technologique et logistique.","robots":{"index":"index","follow":"follow","max-snippet":"max-snippet:-1","max-image-preview":"max-image-preview:large","max-video-preview":"max-video-preview:-1"},"canonical":"https:\/\/www.retaildetail.be\/fr\/news\/mode\/zalando-se-developpe-grace-a-lia-et-au-rachat-dabout-you\/","og_locale":"fr_FR","og_type":"article","og_title":"Zalando se d\u00e9veloppe gr\u00e2ce \u00e0 l'IA et au rachat d'About You - RetailDetail BE","og_description":"Zalando a connu une forte croissance en 2025, principalement gr\u00e2ce \u00e0 des investissements dans l'efficacit\u00e9 technologique et logistique.","og_url":"https:\/\/www.retaildetail.be\/fr\/news\/mode\/zalando-se-developpe-grace-a-lia-et-au-rachat-dabout-you\/","og_site_name":"RetailDetail BE","article_published_time":"2026-03-12T08:57:28+00:00","article_modified_time":"2026-03-12T08:57:29+00:00","og_image":[{"width":1800,"height":1200,"url":"https:\/\/www.retaildetail.be\/wp-content\/uploads\/2026\/03\/zalando-box-1-1.jpg","type":"image\/jpeg"}],"author":"Pauline Neerman","twitter_card":"summary_large_image","twitter_misc":{"\u00c9crit par":"Pauline Neerman","Dur\u00e9e de lecture estim\u00e9e":"3 minutes"},"schema":{"@context":"https:\/\/schema.org","@graph":[{"@type":"NewsArticle","@id":"https:\/\/www.retaildetail.be\/fr\/news\/mode\/zalando-se-developpe-grace-a-lia-et-au-rachat-dabout-you\/#article","isPartOf":{"@id":"https:\/\/www.retaildetail.be\/fr\/news\/mode\/zalando-se-developpe-grace-a-lia-et-au-rachat-dabout-you\/"},"author":{"name":"Pauline Neerman","@id":"https:\/\/www.retaildetail.be\/nl\/#\/schema\/person\/66b54803fa10759039079458ea89e307"},"headline":"Zalando se d\u00e9veloppe gr\u00e2ce \u00e0 l&rsquo;IA et au rachat d&rsquo;About You","datePublished":"2026-03-12T08:57:28+00:00","dateModified":"2026-03-12T08:57:29+00:00","mainEntityOfPage":{"@id":"https:\/\/www.retaildetail.be\/fr\/news\/mode\/zalando-se-developpe-grace-a-lia-et-au-rachat-dabout-you\/"},"wordCount":664,"publisher":{"@id":"https:\/\/www.retaildetail.be\/nl\/#organization"},"image":{"@id":"https:\/\/www.retaildetail.be\/fr\/news\/mode\/zalando-se-developpe-grace-a-lia-et-au-rachat-dabout-you\/#primaryimage"},"thumbnailUrl":"https:\/\/www.retaildetail.be\/wp-content\/uploads\/2026\/03\/zalando-box-1-1.jpg","articleSection":["Mode","Mode"],"inLanguage":"fr-FR","copyrightYear":"2026","copyrightHolder":{"@id":"https:\/\/www.retaildetail.be\/#organization"}},{"@type":"WebPage","@id":"https:\/\/www.retaildetail.be\/fr\/news\/mode\/zalando-se-developpe-grace-a-lia-et-au-rachat-dabout-you\/","url":"https:\/\/www.retaildetail.be\/fr\/news\/mode\/zalando-se-developpe-grace-a-lia-et-au-rachat-dabout-you\/","name":"Zalando se d\u00e9veloppe gr\u00e2ce \u00e0 l'IA et au rachat d'About You - RetailDetail BE","isPartOf":{"@id":"https:\/\/www.retaildetail.be\/nl\/#website"},"primaryImageOfPage":{"@id":"https:\/\/www.retaildetail.be\/fr\/news\/mode\/zalando-se-developpe-grace-a-lia-et-au-rachat-dabout-you\/#primaryimage"},"image":{"@id":"https:\/\/www.retaildetail.be\/fr\/news\/mode\/zalando-se-developpe-grace-a-lia-et-au-rachat-dabout-you\/#primaryimage"},"thumbnailUrl":"https:\/\/www.retaildetail.be\/wp-content\/uploads\/2026\/03\/zalando-box-1-1.jpg","datePublished":"2026-03-12T08:57:28+00:00","dateModified":"2026-03-12T08:57:29+00:00","description":"Zalando a connu une forte croissance en 2025, principalement gr\u00e2ce \u00e0 des investissements dans l'efficacit\u00e9 technologique et logistique.","breadcrumb":{"@id":"https:\/\/www.retaildetail.be\/fr\/news\/mode\/zalando-se-developpe-grace-a-lia-et-au-rachat-dabout-you\/#breadcrumb"},"inLanguage":"fr-FR","potentialAction":[{"@type":"ReadAction","target":["https:\/\/www.retaildetail.be\/fr\/news\/mode\/zalando-se-developpe-grace-a-lia-et-au-rachat-dabout-you\/"]}]},{"@type":"ImageObject","inLanguage":"fr-FR","@id":"https:\/\/www.retaildetail.be\/fr\/news\/mode\/zalando-se-developpe-grace-a-lia-et-au-rachat-dabout-you\/#primaryimage","url":"https:\/\/www.retaildetail.be\/wp-content\/uploads\/2026\/03\/zalando-box-1-1.jpg","contentUrl":"https:\/\/www.retaildetail.be\/wp-content\/uploads\/2026\/03\/zalando-box-1-1.jpg","width":1800,"height":1200,"caption":"Zalando"},{"@type":"BreadcrumbList","@id":"https:\/\/www.retaildetail.be\/fr\/news\/mode\/zalando-se-developpe-grace-a-lia-et-au-rachat-dabout-you\/#breadcrumb","itemListElement":[{"@type":"ListItem","position":1,"name":"Home","item":"https:\/\/www.retaildetail.be\/fr\/"},{"@type":"ListItem","position":2,"name":"Zalando se d\u00e9veloppe gr\u00e2ce \u00e0 l&#8217;IA et au rachat d&#8217;About You"}]},{"@type":"WebSite","@id":"https:\/\/www.retaildetail.be\/nl\/#website","url":"https:\/\/www.retaildetail.be\/nl\/","name":"RetailDetail BE","description":"News","publisher":{"@id":"https:\/\/www.retaildetail.be\/nl\/#organization"},"potentialAction":[{"@type":"SearchAction","target":{"@type":"EntryPoint","urlTemplate":"https:\/\/www.retaildetail.be\/nl\/?s={search_term_string}"},"query-input":{"@type":"PropertyValueSpecification","valueRequired":true,"valueName":"search_term_string"}}],"inLanguage":"fr-FR"},{"@type":"Organization","@id":"https:\/\/www.retaildetail.be\/nl\/#organization","name":"RetailDetail BE","url":"https:\/\/www.retaildetail.be\/nl\/","logo":{"@type":"ImageObject","inLanguage":"fr-FR","@id":"https:\/\/www.retaildetail.be\/nl\/#\/schema\/logo\/image\/","url":"https:\/\/www.retaildetail.be\/wp-content\/uploads\/2022\/04\/logo.svg","contentUrl":"https:\/\/www.retaildetail.be\/wp-content\/uploads\/2022\/04\/logo.svg","width":131,"height":70,"caption":"RetailDetail BE"},"image":{"@id":"https:\/\/www.retaildetail.be\/nl\/#\/schema\/logo\/image\/"}},{"@type":"Person","@id":"https:\/\/www.retaildetail.be\/nl\/#\/schema\/person\/66b54803fa10759039079458ea89e307","name":"Pauline Neerman","image":{"@type":"ImageObject","inLanguage":"fr-FR","@id":"https:\/\/secure.gravatar.com\/avatar\/58db22aee589a691f9603e5765ac06010427a923f9b2728b951eb7fe27214d70?s=96&d=mm&r=g","url":"https:\/\/secure.gravatar.com\/avatar\/58db22aee589a691f9603e5765ac06010427a923f9b2728b951eb7fe27214d70?s=96&d=mm&r=g","contentUrl":"https:\/\/secure.gravatar.com\/avatar\/58db22aee589a691f9603e5765ac06010427a923f9b2728b951eb7fe27214d70?s=96&d=mm&r=g","caption":"Pauline Neerman"},"url":"https:\/\/www.retaildetail.be\/fr\/author\/paulineneerman\/"}]}},"jetpack_featured_media_url":"https:\/\/www.retaildetail.be\/wp-content\/uploads\/2026\/03\/zalando-box-1-1.jpg","jetpack_sharing_enabled":true,"_links":{"self":[{"href":"https:\/\/www.retaildetail.be\/fr\/wp-json\/wp\/v2\/posts\/143862","targetHints":{"allow":["GET"]}}],"collection":[{"href":"https:\/\/www.retaildetail.be\/fr\/wp-json\/wp\/v2\/posts"}],"about":[{"href":"https:\/\/www.retaildetail.be\/fr\/wp-json\/wp\/v2\/types\/post"}],"author":[{"embeddable":true,"href":"https:\/\/www.retaildetail.be\/fr\/wp-json\/wp\/v2\/users\/5"}],"replies":[{"embeddable":true,"href":"https:\/\/www.retaildetail.be\/fr\/wp-json\/wp\/v2\/comments?post=143862"}],"version-history":[{"count":1,"href":"https:\/\/www.retaildetail.be\/fr\/wp-json\/wp\/v2\/posts\/143862\/revisions"}],"predecessor-version":[{"id":143866,"href":"https:\/\/www.retaildetail.be\/fr\/wp-json\/wp\/v2\/posts\/143862\/revisions\/143866"}],"wp:featuredmedia":[{"embeddable":true,"href":"https:\/\/www.retaildetail.be\/fr\/wp-json\/wp\/v2\/media\/143863"}],"wp:attachment":[{"href":"https:\/\/www.retaildetail.be\/fr\/wp-json\/wp\/v2\/media?parent=143862"}],"wp:term":[{"taxonomy":"category","embeddable":true,"href":"https:\/\/www.retaildetail.be\/fr\/wp-json\/wp\/v2\/categories?post=143862"},{"taxonomy":"post_tag","embeddable":true,"href":"https:\/\/www.retaildetail.be\/fr\/wp-json\/wp\/v2\/tags?post=143862"},{"taxonomy":"people","embeddable":true,"href":"https:\/\/www.retaildetail.be\/fr\/wp-json\/wp\/v2\/people?post=143862"},{"taxonomy":"extra","embeddable":true,"href":"https:\/\/www.retaildetail.be\/fr\/wp-json\/wp\/v2\/extra?post=143862"},{"taxonomy":"company","embeddable":true,"href":"https:\/\/www.retaildetail.be\/fr\/wp-json\/wp\/v2\/company?post=143862"},{"taxonomy":"topic","embeddable":true,"href":"https:\/\/www.retaildetail.be\/fr\/wp-json\/wp\/v2\/topic?post=143862"},{"taxonomy":"region","embeddable":true,"href":"https:\/\/www.retaildetail.be\/fr\/wp-json\/wp\/v2\/region?post=143862"}],"curies":[{"name":"wp","href":"https:\/\/api.w.org\/{rel}","templated":true}]}}