{"id":143876,"date":"2026-03-12T12:19:28","date_gmt":"2026-03-12T11:19:28","guid":{"rendered":"https:\/\/www.retaildetail.be\/?p=143876"},"modified":"2026-03-12T12:19:31","modified_gmt":"2026-03-12T11:19:31","slug":"ikea-opte-pour-un-format-intermediaire-20-magasins-compacts-dedies-a-lameublement-vont-voir-le-jour","status":"publish","type":"post","link":"https:\/\/www.retaildetail.be\/fr\/news\/maison-deco\/ikea-opte-pour-un-format-intermediaire-20-magasins-compacts-dedies-a-lameublement-vont-voir-le-jour\/","title":{"rendered":"Ikea opte pour un format interm\u00e9diaire avec 20 magasins compacts"},"content":{"rendered":"\n<p><strong>Ingka Group<\/strong>, le plus grand d\u00e9taillant <strong>Ikea<\/strong>, d\u00e9ploie un concept de magasin compact. Au cours des six prochains mois, 20 nouveaux magasins ouvriront leurs portes en Europe et en Am\u00e9rique du Nord afin de se rapprocher des clients dans les petites villes et les banlieues.<\/p>\n\n\n\n<h2 class=\"wp-block-heading\">Nouveaux magasins en France, au Portugal et en Pologne<\/h2>\n\n\n\n<p>Apr\u00e8s avoir ouvert pendant des d\u00e9cennies de grands magasins en p\u00e9riph\u00e9rie des villes, puis des magasins dans les centres-villes, l&rsquo;entreprise se concentre d\u00e9sormais sur les zones o\u00f9 elle n&rsquo;est pas encore pr\u00e9sente. \u00ab Le magasin physique reste au c\u0153ur de notre entreprise omnicanale : il joue un r\u00f4le cl\u00e9 dans notre r\u00e9seau de distribution et offre aux gens davantage de raisons d&rsquo;interagir avec nous \u00bb, explique Juvencio Maeztu, PDG d&rsquo;Ingka Group.<\/p>\n\n\n\n<p>Les nouveaux magasins, plus petits, compl\u00e8tent les magasins traditionnels et s&rsquo;inscrivent dans une strat\u00e9gie plus large \u00ab visant \u00e0 optimiser l&rsquo;espace commercial, \u00e0 progresser dans nos capacit\u00e9s num\u00e9riques et \u00e0 d\u00e9velopper davantage nos services \u00bb, selon le d\u00e9taillant d&rsquo;ameublement.<\/p>\n\n\n\n<p>En France, Ikea ouvrira cet \u00e9t\u00e9 son premier magasin compact de 2 000 m\u00e8tres carr\u00e9s \u00e0 Limoges, et pr\u00e9voit d&rsquo;ouvrir d&rsquo;autres magasins similaires dans le pays. Coimbra sera la premi\u00e8re ville du Portugal \u00e0 accueillir un magasin de ce format, avec une superficie de plus de 4 000 m\u00e8tres carr\u00e9s. En Pologne, le deuxi\u00e8me magasin de ce type est pr\u00e9vu \u00e0 Bia\u0142ystok. Des magasins pilotes existent d\u00e9j\u00e0 en Pologne et \u00e0 Norwich, au Royaume-Uni.<\/p>\n\n\n\n<h2 class=\"wp-block-heading\">Au c\u0153ur de la \u00ab vie quotidienne \u00bb<\/h2>\n\n\n\n<p>Les magasins compacts se concentrent sur les articles m\u00e9nagers essentiels : les clients y trouvent plus de 2 000 produits et accessoires. L&rsquo;assortiment complet reste disponible via des options de retrait ou de livraison \u00e0 domicile. L&rsquo;implantation et la rapidit\u00e9 de l&rsquo;expansion sont \u00e9galement remarquables : comme le nouveau format est rentable et s&rsquo;implante dans des endroits o\u00f9 les consommateurs font d\u00e9j\u00e0 leurs achats, tels que les parcs commerciaux ou entre les magasins d&rsquo;autoroute, les magasins ouvrent beaucoup plus rapidement que les magasins traditionnels ou les magasins en ville. <\/p>\n\n\n\n<p>\u00ab Le magasin pilote nous a appris que les clients appr\u00e9cient vraiment d&rsquo;avoir Ikea plus pr\u00e8s de chez eux et dans des endroits qui s&rsquo;int\u00e8grent naturellement dans leur vie quotidienne. Nous avons \u00e9galement constat\u00e9 \u00e0 quel point il est important de cr\u00e9er les bonnes attentes quant \u00e0 ce que le nouveau format peut offrir et d&rsquo;aider les clients \u00e0 en tirer le meilleur parti \u00bb, a ajout\u00e9 Maeztu.<\/p>\n\n\n\n<p>L&rsquo;investissement dans les magasins compacts s&rsquo;inscrit dans le cadre du plan d&rsquo;investissement triennal de 5 milliards d&rsquo;euros du groupe Ingka, qui vise \u00e0 ouvrir de nouveaux sites et \u00e0 am\u00e9liorer les sites existants dans la plupart des 32 march\u00e9s o\u00f9 il est pr\u00e9sent. \u00c0 la fin de l&rsquo;exercice 2026, l&rsquo;entreprise \u00e9valuera les performances des magasins compacts afin de d\u00e9terminer les prochaines \u00e9tapes.<\/p>\n","protected":false},"excerpt":{"rendered":"<p>Ingka Group, le plus grand d\u00e9taillant Ikea, d\u00e9ploie un concept de magasin compact. Au cours des six prochains mois, 20 nouveaux magasins ouvriront leurs portes en Europe et en Am\u00e9rique du Nord afin de se rapprocher des clients dans les petites villes et les banlieues.<\/p>\n","protected":false},"author":5,"featured_media":143877,"comment_status":"closed","ping_status":"closed","sticky":false,"template":"","format":"standard","meta":{"_acf_changed":false,"inline_featured_image":false,"_jetpack_memberships_contains_paid_content":false,"footnotes":""},"categories":[29,21],"tags":[],"people":[],"extra":[43],"company":[211,376],"topic":[340,310],"region":[],"class_list":["post-143876","post","type-post","status-publish","format-standard","has-post-thumbnail","hentry","category-maison-deco","category-wonen","extra-plus","company-ikea","company-ingka-group","topic-concept-de-magasin","topic-ouverture-de-magasin"],"acf":[],"yoast_head":"<!-- This site is optimized with the Yoast SEO plugin v27.3 - https:\/\/yoast.com\/product\/yoast-seo-wordpress\/ -->\n<title>Ikea opte pour un format interm\u00e9diaire avec 20 magasins compacts - RetailDetail BE<\/title>\n<meta name=\"description\" content=\"Ikea d\u00e9ploie un concept de magasin compact. Au cours des six prochains mois, 20 nouveaux magasins ouvriront leurs portes.\" \/>\n<meta name=\"robots\" content=\"index, follow, max-snippet:-1, max-image-preview:large, max-video-preview:-1\" \/>\n<link rel=\"canonical\" href=\"https:\/\/www.retaildetail.be\/fr\/news\/maison-deco\/ikea-opte-pour-un-format-intermediaire-20-magasins-compacts-dedies-a-lameublement-vont-voir-le-jour\/\" \/>\n<meta property=\"og:locale\" content=\"fr_FR\" \/>\n<meta property=\"og:type\" content=\"article\" \/>\n<meta property=\"og:title\" content=\"Ikea opte pour un format interm\u00e9diaire avec 20 magasins compacts - RetailDetail BE\" \/>\n<meta property=\"og:description\" content=\"Ikea d\u00e9ploie un concept de magasin compact. Au cours des six prochains mois, 20 nouveaux magasins ouvriront leurs portes.\" \/>\n<meta property=\"og:url\" content=\"https:\/\/www.retaildetail.be\/fr\/news\/maison-deco\/ikea-opte-pour-un-format-intermediaire-20-magasins-compacts-dedies-a-lameublement-vont-voir-le-jour\/\" \/>\n<meta property=\"og:site_name\" content=\"RetailDetail BE\" \/>\n<meta property=\"article:published_time\" content=\"2026-03-12T11:19:28+00:00\" \/>\n<meta property=\"article:modified_time\" content=\"2026-03-12T11:19:31+00:00\" \/>\n<meta property=\"og:image\" content=\"https:\/\/www.retaildetail.be\/wp-content\/uploads\/2026\/03\/ikea-10-Poland-1-scaled-1-scaled-1.jpeg\" \/>\n\t<meta property=\"og:image:width\" content=\"2560\" \/>\n\t<meta property=\"og:image:height\" content=\"1439\" \/>\n\t<meta property=\"og:image:type\" content=\"image\/jpeg\" \/>\n<meta name=\"author\" content=\"Pauline Neerman\" \/>\n<meta name=\"twitter:card\" content=\"summary_large_image\" \/>\n<meta name=\"twitter:label1\" content=\"\u00c9crit par\" \/>\n\t<meta name=\"twitter:data1\" content=\"Pauline Neerman\" \/>\n\t<meta name=\"twitter:label2\" content=\"Dur\u00e9e de lecture estim\u00e9e\" \/>\n\t<meta name=\"twitter:data2\" content=\"2 minutes\" \/>\n<script type=\"application\/ld+json\" class=\"yoast-schema-graph\">{\"@context\":\"https:\\\/\\\/schema.org\",\"@graph\":[{\"@type\":\"NewsArticle\",\"@id\":\"https:\\\/\\\/www.retaildetail.be\\\/fr\\\/news\\\/maison-deco\\\/ikea-opte-pour-un-format-intermediaire-20-magasins-compacts-dedies-a-lameublement-vont-voir-le-jour\\\/#article\",\"isPartOf\":{\"@id\":\"https:\\\/\\\/www.retaildetail.be\\\/fr\\\/news\\\/maison-deco\\\/ikea-opte-pour-un-format-intermediaire-20-magasins-compacts-dedies-a-lameublement-vont-voir-le-jour\\\/\"},\"author\":{\"name\":\"Pauline Neerman\",\"@id\":\"https:\\\/\\\/www.retaildetail.be\\\/nl\\\/#\\\/schema\\\/person\\\/66b54803fa10759039079458ea89e307\"},\"headline\":\"Ikea opte pour un format interm\u00e9diaire avec 20 magasins compacts\",\"datePublished\":\"2026-03-12T11:19:28+00:00\",\"dateModified\":\"2026-03-12T11:19:31+00:00\",\"mainEntityOfPage\":{\"@id\":\"https:\\\/\\\/www.retaildetail.be\\\/fr\\\/news\\\/maison-deco\\\/ikea-opte-pour-un-format-intermediaire-20-magasins-compacts-dedies-a-lameublement-vont-voir-le-jour\\\/\"},\"wordCount\":502,\"publisher\":{\"@id\":\"https:\\\/\\\/www.retaildetail.be\\\/nl\\\/#organization\"},\"image\":{\"@id\":\"https:\\\/\\\/www.retaildetail.be\\\/fr\\\/news\\\/maison-deco\\\/ikea-opte-pour-un-format-intermediaire-20-magasins-compacts-dedies-a-lameublement-vont-voir-le-jour\\\/#primaryimage\"},\"thumbnailUrl\":\"https:\\\/\\\/www.retaildetail.be\\\/wp-content\\\/uploads\\\/2026\\\/03\\\/ikea-10-Poland-1-scaled-1-scaled-1.jpeg\",\"articleSection\":[\"Maison &amp; D\u00e9co\",\"Wonen\"],\"inLanguage\":\"fr-FR\",\"copyrightYear\":\"2026\",\"copyrightHolder\":{\"@id\":\"https:\\\/\\\/www.retaildetail.be\\\/#organization\"}},{\"@type\":\"WebPage\",\"@id\":\"https:\\\/\\\/www.retaildetail.be\\\/fr\\\/news\\\/maison-deco\\\/ikea-opte-pour-un-format-intermediaire-20-magasins-compacts-dedies-a-lameublement-vont-voir-le-jour\\\/\",\"url\":\"https:\\\/\\\/www.retaildetail.be\\\/fr\\\/news\\\/maison-deco\\\/ikea-opte-pour-un-format-intermediaire-20-magasins-compacts-dedies-a-lameublement-vont-voir-le-jour\\\/\",\"name\":\"Ikea opte pour un format interm\u00e9diaire avec 20 magasins compacts - RetailDetail BE\",\"isPartOf\":{\"@id\":\"https:\\\/\\\/www.retaildetail.be\\\/nl\\\/#website\"},\"primaryImageOfPage\":{\"@id\":\"https:\\\/\\\/www.retaildetail.be\\\/fr\\\/news\\\/maison-deco\\\/ikea-opte-pour-un-format-intermediaire-20-magasins-compacts-dedies-a-lameublement-vont-voir-le-jour\\\/#primaryimage\"},\"image\":{\"@id\":\"https:\\\/\\\/www.retaildetail.be\\\/fr\\\/news\\\/maison-deco\\\/ikea-opte-pour-un-format-intermediaire-20-magasins-compacts-dedies-a-lameublement-vont-voir-le-jour\\\/#primaryimage\"},\"thumbnailUrl\":\"https:\\\/\\\/www.retaildetail.be\\\/wp-content\\\/uploads\\\/2026\\\/03\\\/ikea-10-Poland-1-scaled-1-scaled-1.jpeg\",\"datePublished\":\"2026-03-12T11:19:28+00:00\",\"dateModified\":\"2026-03-12T11:19:31+00:00\",\"description\":\"Ikea d\u00e9ploie un concept de magasin compact. Au cours des six prochains mois, 20 nouveaux magasins ouvriront leurs portes.\",\"breadcrumb\":{\"@id\":\"https:\\\/\\\/www.retaildetail.be\\\/fr\\\/news\\\/maison-deco\\\/ikea-opte-pour-un-format-intermediaire-20-magasins-compacts-dedies-a-lameublement-vont-voir-le-jour\\\/#breadcrumb\"},\"inLanguage\":\"fr-FR\",\"potentialAction\":[{\"@type\":\"ReadAction\",\"target\":[\"https:\\\/\\\/www.retaildetail.be\\\/fr\\\/news\\\/maison-deco\\\/ikea-opte-pour-un-format-intermediaire-20-magasins-compacts-dedies-a-lameublement-vont-voir-le-jour\\\/\"]}]},{\"@type\":\"ImageObject\",\"inLanguage\":\"fr-FR\",\"@id\":\"https:\\\/\\\/www.retaildetail.be\\\/fr\\\/news\\\/maison-deco\\\/ikea-opte-pour-un-format-intermediaire-20-magasins-compacts-dedies-a-lameublement-vont-voir-le-jour\\\/#primaryimage\",\"url\":\"https:\\\/\\\/www.retaildetail.be\\\/wp-content\\\/uploads\\\/2026\\\/03\\\/ikea-10-Poland-1-scaled-1-scaled-1.jpeg\",\"contentUrl\":\"https:\\\/\\\/www.retaildetail.be\\\/wp-content\\\/uploads\\\/2026\\\/03\\\/ikea-10-Poland-1-scaled-1-scaled-1.jpeg\",\"width\":2560,\"height\":1439},{\"@type\":\"BreadcrumbList\",\"@id\":\"https:\\\/\\\/www.retaildetail.be\\\/fr\\\/news\\\/maison-deco\\\/ikea-opte-pour-un-format-intermediaire-20-magasins-compacts-dedies-a-lameublement-vont-voir-le-jour\\\/#breadcrumb\",\"itemListElement\":[{\"@type\":\"ListItem\",\"position\":1,\"name\":\"Home\",\"item\":\"https:\\\/\\\/www.retaildetail.be\\\/fr\\\/\"},{\"@type\":\"ListItem\",\"position\":2,\"name\":\"Ikea opte pour un format interm\u00e9diaire avec 20 magasins compacts\"}]},{\"@type\":\"WebSite\",\"@id\":\"https:\\\/\\\/www.retaildetail.be\\\/nl\\\/#website\",\"url\":\"https:\\\/\\\/www.retaildetail.be\\\/nl\\\/\",\"name\":\"RetailDetail BE\",\"description\":\"News\",\"publisher\":{\"@id\":\"https:\\\/\\\/www.retaildetail.be\\\/nl\\\/#organization\"},\"potentialAction\":[{\"@type\":\"SearchAction\",\"target\":{\"@type\":\"EntryPoint\",\"urlTemplate\":\"https:\\\/\\\/www.retaildetail.be\\\/nl\\\/?s={search_term_string}\"},\"query-input\":{\"@type\":\"PropertyValueSpecification\",\"valueRequired\":true,\"valueName\":\"search_term_string\"}}],\"inLanguage\":\"fr-FR\"},{\"@type\":\"Organization\",\"@id\":\"https:\\\/\\\/www.retaildetail.be\\\/nl\\\/#organization\",\"name\":\"RetailDetail BE\",\"url\":\"https:\\\/\\\/www.retaildetail.be\\\/nl\\\/\",\"logo\":{\"@type\":\"ImageObject\",\"inLanguage\":\"fr-FR\",\"@id\":\"https:\\\/\\\/www.retaildetail.be\\\/nl\\\/#\\\/schema\\\/logo\\\/image\\\/\",\"url\":\"https:\\\/\\\/www.retaildetail.be\\\/wp-content\\\/uploads\\\/2022\\\/04\\\/logo.svg\",\"contentUrl\":\"https:\\\/\\\/www.retaildetail.be\\\/wp-content\\\/uploads\\\/2022\\\/04\\\/logo.svg\",\"width\":131,\"height\":70,\"caption\":\"RetailDetail BE\"},\"image\":{\"@id\":\"https:\\\/\\\/www.retaildetail.be\\\/nl\\\/#\\\/schema\\\/logo\\\/image\\\/\"}},{\"@type\":\"Person\",\"@id\":\"https:\\\/\\\/www.retaildetail.be\\\/nl\\\/#\\\/schema\\\/person\\\/66b54803fa10759039079458ea89e307\",\"name\":\"Pauline Neerman\",\"image\":{\"@type\":\"ImageObject\",\"inLanguage\":\"fr-FR\",\"@id\":\"https:\\\/\\\/secure.gravatar.com\\\/avatar\\\/58db22aee589a691f9603e5765ac06010427a923f9b2728b951eb7fe27214d70?s=96&d=mm&r=g\",\"url\":\"https:\\\/\\\/secure.gravatar.com\\\/avatar\\\/58db22aee589a691f9603e5765ac06010427a923f9b2728b951eb7fe27214d70?s=96&d=mm&r=g\",\"contentUrl\":\"https:\\\/\\\/secure.gravatar.com\\\/avatar\\\/58db22aee589a691f9603e5765ac06010427a923f9b2728b951eb7fe27214d70?s=96&d=mm&r=g\",\"caption\":\"Pauline Neerman\"},\"url\":\"https:\\\/\\\/www.retaildetail.be\\\/fr\\\/author\\\/paulineneerman\\\/\"}]}<\/script>\n<!-- \/ Yoast SEO plugin. -->","yoast_head_json":{"title":"Ikea opte pour un format interm\u00e9diaire avec 20 magasins compacts - RetailDetail BE","description":"Ikea d\u00e9ploie un concept de magasin compact. Au cours des six prochains mois, 20 nouveaux magasins ouvriront leurs portes.","robots":{"index":"index","follow":"follow","max-snippet":"max-snippet:-1","max-image-preview":"max-image-preview:large","max-video-preview":"max-video-preview:-1"},"canonical":"https:\/\/www.retaildetail.be\/fr\/news\/maison-deco\/ikea-opte-pour-un-format-intermediaire-20-magasins-compacts-dedies-a-lameublement-vont-voir-le-jour\/","og_locale":"fr_FR","og_type":"article","og_title":"Ikea opte pour un format interm\u00e9diaire avec 20 magasins compacts - RetailDetail BE","og_description":"Ikea d\u00e9ploie un concept de magasin compact. Au cours des six prochains mois, 20 nouveaux magasins ouvriront leurs portes.","og_url":"https:\/\/www.retaildetail.be\/fr\/news\/maison-deco\/ikea-opte-pour-un-format-intermediaire-20-magasins-compacts-dedies-a-lameublement-vont-voir-le-jour\/","og_site_name":"RetailDetail BE","article_published_time":"2026-03-12T11:19:28+00:00","article_modified_time":"2026-03-12T11:19:31+00:00","og_image":[{"width":2560,"height":1439,"url":"https:\/\/www.retaildetail.be\/wp-content\/uploads\/2026\/03\/ikea-10-Poland-1-scaled-1-scaled-1.jpeg","type":"image\/jpeg"}],"author":"Pauline Neerman","twitter_card":"summary_large_image","twitter_misc":{"\u00c9crit par":"Pauline Neerman","Dur\u00e9e de lecture estim\u00e9e":"2 minutes"},"schema":{"@context":"https:\/\/schema.org","@graph":[{"@type":"NewsArticle","@id":"https:\/\/www.retaildetail.be\/fr\/news\/maison-deco\/ikea-opte-pour-un-format-intermediaire-20-magasins-compacts-dedies-a-lameublement-vont-voir-le-jour\/#article","isPartOf":{"@id":"https:\/\/www.retaildetail.be\/fr\/news\/maison-deco\/ikea-opte-pour-un-format-intermediaire-20-magasins-compacts-dedies-a-lameublement-vont-voir-le-jour\/"},"author":{"name":"Pauline Neerman","@id":"https:\/\/www.retaildetail.be\/nl\/#\/schema\/person\/66b54803fa10759039079458ea89e307"},"headline":"Ikea opte pour un format interm\u00e9diaire avec 20 magasins compacts","datePublished":"2026-03-12T11:19:28+00:00","dateModified":"2026-03-12T11:19:31+00:00","mainEntityOfPage":{"@id":"https:\/\/www.retaildetail.be\/fr\/news\/maison-deco\/ikea-opte-pour-un-format-intermediaire-20-magasins-compacts-dedies-a-lameublement-vont-voir-le-jour\/"},"wordCount":502,"publisher":{"@id":"https:\/\/www.retaildetail.be\/nl\/#organization"},"image":{"@id":"https:\/\/www.retaildetail.be\/fr\/news\/maison-deco\/ikea-opte-pour-un-format-intermediaire-20-magasins-compacts-dedies-a-lameublement-vont-voir-le-jour\/#primaryimage"},"thumbnailUrl":"https:\/\/www.retaildetail.be\/wp-content\/uploads\/2026\/03\/ikea-10-Poland-1-scaled-1-scaled-1.jpeg","articleSection":["Maison &amp; D\u00e9co","Wonen"],"inLanguage":"fr-FR","copyrightYear":"2026","copyrightHolder":{"@id":"https:\/\/www.retaildetail.be\/#organization"}},{"@type":"WebPage","@id":"https:\/\/www.retaildetail.be\/fr\/news\/maison-deco\/ikea-opte-pour-un-format-intermediaire-20-magasins-compacts-dedies-a-lameublement-vont-voir-le-jour\/","url":"https:\/\/www.retaildetail.be\/fr\/news\/maison-deco\/ikea-opte-pour-un-format-intermediaire-20-magasins-compacts-dedies-a-lameublement-vont-voir-le-jour\/","name":"Ikea opte pour un format interm\u00e9diaire avec 20 magasins compacts - RetailDetail BE","isPartOf":{"@id":"https:\/\/www.retaildetail.be\/nl\/#website"},"primaryImageOfPage":{"@id":"https:\/\/www.retaildetail.be\/fr\/news\/maison-deco\/ikea-opte-pour-un-format-intermediaire-20-magasins-compacts-dedies-a-lameublement-vont-voir-le-jour\/#primaryimage"},"image":{"@id":"https:\/\/www.retaildetail.be\/fr\/news\/maison-deco\/ikea-opte-pour-un-format-intermediaire-20-magasins-compacts-dedies-a-lameublement-vont-voir-le-jour\/#primaryimage"},"thumbnailUrl":"https:\/\/www.retaildetail.be\/wp-content\/uploads\/2026\/03\/ikea-10-Poland-1-scaled-1-scaled-1.jpeg","datePublished":"2026-03-12T11:19:28+00:00","dateModified":"2026-03-12T11:19:31+00:00","description":"Ikea d\u00e9ploie un concept de magasin compact. Au cours des six prochains mois, 20 nouveaux magasins ouvriront leurs portes.","breadcrumb":{"@id":"https:\/\/www.retaildetail.be\/fr\/news\/maison-deco\/ikea-opte-pour-un-format-intermediaire-20-magasins-compacts-dedies-a-lameublement-vont-voir-le-jour\/#breadcrumb"},"inLanguage":"fr-FR","potentialAction":[{"@type":"ReadAction","target":["https:\/\/www.retaildetail.be\/fr\/news\/maison-deco\/ikea-opte-pour-un-format-intermediaire-20-magasins-compacts-dedies-a-lameublement-vont-voir-le-jour\/"]}]},{"@type":"ImageObject","inLanguage":"fr-FR","@id":"https:\/\/www.retaildetail.be\/fr\/news\/maison-deco\/ikea-opte-pour-un-format-intermediaire-20-magasins-compacts-dedies-a-lameublement-vont-voir-le-jour\/#primaryimage","url":"https:\/\/www.retaildetail.be\/wp-content\/uploads\/2026\/03\/ikea-10-Poland-1-scaled-1-scaled-1.jpeg","contentUrl":"https:\/\/www.retaildetail.be\/wp-content\/uploads\/2026\/03\/ikea-10-Poland-1-scaled-1-scaled-1.jpeg","width":2560,"height":1439},{"@type":"BreadcrumbList","@id":"https:\/\/www.retaildetail.be\/fr\/news\/maison-deco\/ikea-opte-pour-un-format-intermediaire-20-magasins-compacts-dedies-a-lameublement-vont-voir-le-jour\/#breadcrumb","itemListElement":[{"@type":"ListItem","position":1,"name":"Home","item":"https:\/\/www.retaildetail.be\/fr\/"},{"@type":"ListItem","position":2,"name":"Ikea opte pour un format interm\u00e9diaire avec 20 magasins compacts"}]},{"@type":"WebSite","@id":"https:\/\/www.retaildetail.be\/nl\/#website","url":"https:\/\/www.retaildetail.be\/nl\/","name":"RetailDetail BE","description":"News","publisher":{"@id":"https:\/\/www.retaildetail.be\/nl\/#organization"},"potentialAction":[{"@type":"SearchAction","target":{"@type":"EntryPoint","urlTemplate":"https:\/\/www.retaildetail.be\/nl\/?s={search_term_string}"},"query-input":{"@type":"PropertyValueSpecification","valueRequired":true,"valueName":"search_term_string"}}],"inLanguage":"fr-FR"},{"@type":"Organization","@id":"https:\/\/www.retaildetail.be\/nl\/#organization","name":"RetailDetail BE","url":"https:\/\/www.retaildetail.be\/nl\/","logo":{"@type":"ImageObject","inLanguage":"fr-FR","@id":"https:\/\/www.retaildetail.be\/nl\/#\/schema\/logo\/image\/","url":"https:\/\/www.retaildetail.be\/wp-content\/uploads\/2022\/04\/logo.svg","contentUrl":"https:\/\/www.retaildetail.be\/wp-content\/uploads\/2022\/04\/logo.svg","width":131,"height":70,"caption":"RetailDetail BE"},"image":{"@id":"https:\/\/www.retaildetail.be\/nl\/#\/schema\/logo\/image\/"}},{"@type":"Person","@id":"https:\/\/www.retaildetail.be\/nl\/#\/schema\/person\/66b54803fa10759039079458ea89e307","name":"Pauline Neerman","image":{"@type":"ImageObject","inLanguage":"fr-FR","@id":"https:\/\/secure.gravatar.com\/avatar\/58db22aee589a691f9603e5765ac06010427a923f9b2728b951eb7fe27214d70?s=96&d=mm&r=g","url":"https:\/\/secure.gravatar.com\/avatar\/58db22aee589a691f9603e5765ac06010427a923f9b2728b951eb7fe27214d70?s=96&d=mm&r=g","contentUrl":"https:\/\/secure.gravatar.com\/avatar\/58db22aee589a691f9603e5765ac06010427a923f9b2728b951eb7fe27214d70?s=96&d=mm&r=g","caption":"Pauline Neerman"},"url":"https:\/\/www.retaildetail.be\/fr\/author\/paulineneerman\/"}]}},"jetpack_featured_media_url":"https:\/\/www.retaildetail.be\/wp-content\/uploads\/2026\/03\/ikea-10-Poland-1-scaled-1-scaled-1.jpeg","jetpack_sharing_enabled":true,"_links":{"self":[{"href":"https:\/\/www.retaildetail.be\/fr\/wp-json\/wp\/v2\/posts\/143876","targetHints":{"allow":["GET"]}}],"collection":[{"href":"https:\/\/www.retaildetail.be\/fr\/wp-json\/wp\/v2\/posts"}],"about":[{"href":"https:\/\/www.retaildetail.be\/fr\/wp-json\/wp\/v2\/types\/post"}],"author":[{"embeddable":true,"href":"https:\/\/www.retaildetail.be\/fr\/wp-json\/wp\/v2\/users\/5"}],"replies":[{"embeddable":true,"href":"https:\/\/www.retaildetail.be\/fr\/wp-json\/wp\/v2\/comments?post=143876"}],"version-history":[{"count":1,"href":"https:\/\/www.retaildetail.be\/fr\/wp-json\/wp\/v2\/posts\/143876\/revisions"}],"predecessor-version":[{"id":143878,"href":"https:\/\/www.retaildetail.be\/fr\/wp-json\/wp\/v2\/posts\/143876\/revisions\/143878"}],"wp:featuredmedia":[{"embeddable":true,"href":"https:\/\/www.retaildetail.be\/fr\/wp-json\/wp\/v2\/media\/143877"}],"wp:attachment":[{"href":"https:\/\/www.retaildetail.be\/fr\/wp-json\/wp\/v2\/media?parent=143876"}],"wp:term":[{"taxonomy":"category","embeddable":true,"href":"https:\/\/www.retaildetail.be\/fr\/wp-json\/wp\/v2\/categories?post=143876"},{"taxonomy":"post_tag","embeddable":true,"href":"https:\/\/www.retaildetail.be\/fr\/wp-json\/wp\/v2\/tags?post=143876"},{"taxonomy":"people","embeddable":true,"href":"https:\/\/www.retaildetail.be\/fr\/wp-json\/wp\/v2\/people?post=143876"},{"taxonomy":"extra","embeddable":true,"href":"https:\/\/www.retaildetail.be\/fr\/wp-json\/wp\/v2\/extra?post=143876"},{"taxonomy":"company","embeddable":true,"href":"https:\/\/www.retaildetail.be\/fr\/wp-json\/wp\/v2\/company?post=143876"},{"taxonomy":"topic","embeddable":true,"href":"https:\/\/www.retaildetail.be\/fr\/wp-json\/wp\/v2\/topic?post=143876"},{"taxonomy":"region","embeddable":true,"href":"https:\/\/www.retaildetail.be\/fr\/wp-json\/wp\/v2\/region?post=143876"}],"curies":[{"name":"wp","href":"https:\/\/api.w.org\/{rel}","templated":true}]}}