{"id":143896,"date":"2026-03-12T15:18:46","date_gmt":"2026-03-12T14:18:46","guid":{"rendered":"https:\/\/www.retaildetail.be\/?p=143896"},"modified":"2026-03-12T15:28:58","modified_gmt":"2026-03-12T14:28:58","slug":"intermarche-connait-une-croissance-plus-forte-que-ses-concurrents","status":"publish","type":"post","link":"https:\/\/www.retaildetail.be\/fr\/news\/food\/intermarche-connait-une-croissance-plus-forte-que-ses-concurrents\/","title":{"rendered":"Intermarch\u00e9 conna\u00eet une croissance plus forte que ses concurrents"},"content":{"rendered":"\n<p><strong>Groupement Mousquetaires<\/strong>, le groupe fran\u00e7ais derri\u00e8re les cha\u00eenes de supermarch\u00e9s <strong>Intermarch\u00e9<\/strong> et <strong>Netto<\/strong>, a enregistr\u00e9 une forte croissance de son chiffre d&rsquo;affaires dans le secteur alimentaire en 2025, principalement gr\u00e2ce \u00e0 des acquisitions. En Belgique, le d\u00e9taillant a connu une croissance de plus de 6 %.<\/p>\n\n\n\n<h2 class=\"wp-block-heading\">Bons r\u00e9sultats \u00e0 l&rsquo;international<\/h2>\n\n\n\n<p>Le chiffre d&rsquo;affaires du groupe a augment\u00e9 de 4,2 % l&rsquo;ann\u00e9e derni\u00e8re, pour atteindre 48,66 milliards d&rsquo;euros. Le d\u00e9taillant fait ainsi mieux que ses grands rivaux <strong>E.Leclerc<\/strong> et <strong>Carrefour<\/strong> sur son march\u00e9 domestique. Les cha\u00eenes de supermarch\u00e9s Intermarch\u00e9 et Netto restent les moteurs de la croissance chez Les Mousquetaires, avec un chiffre d&rsquo;affaires de 34,35 milliards d&rsquo;euros et une croissance de 5,4 %. Sur le march\u00e9 fran\u00e7ais, la croissance est toutefois principalement attribuable \u00e0 <a href=\"https:\/\/www.retaildetail.be\/fr\/news\/food\/casino-cede-288-magasins-a-intermarche-auchan-et-carrefour\/\">l&rsquo;acquisition de 248 magasins du <\/a>groupe <strong>Casino<\/strong>, qui repr\u00e9sentent ensemble un chiffre d&rsquo;affaires d&rsquo;environ 2,5 milliards d&rsquo;euros.<\/p>\n\n\n\n<p>Les march\u00e9s internationaux ont \u00e9galement affich\u00e9 de solides performances. En Belgique, le d\u00e9taillant a enregistr\u00e9 une croissance de 6,1 % pour atteindre un chiffre d&rsquo;affaires de 1,979 milliard d&rsquo;euros avec 153 points de vente. Au Portugal, la croissance a atteint 5,5 % pour atteindre 1,964 milliard d&rsquo;euros avec 267 points de vente, et en Pologne, le d\u00e9taillant a r\u00e9alis\u00e9 un chiffre d&rsquo;affaires de 1,301 milliard d&rsquo;euros avec 186 points de vente Intermarch\u00e9, soit une croissance de 2,5 %. Le commerce \u00e9lectronique a connu une croissance de 13,3 % de son chiffre d&rsquo;affaires. <\/p>\n\n\n\n<p>La branche bricolage conna\u00eet des difficult\u00e9s sur le march\u00e9 fran\u00e7ais en d\u00e9clin, o\u00f9 le d\u00e9taillant travaille \u00e0 une relance qui verra la disparition de l&rsquo;enseigne Bricorama apr\u00e8s une fusion avec Bricomarch\u00e9, mais elle est en croissance en Pologne et au Portugal. La division production Agromousquetaires a vu son chiffre d&rsquo;affaires baisser de 10,6 % pour atteindre 4,2 milliards d&rsquo;euros apr\u00e8s plusieurs d\u00e9sinvestissements.<\/p>\n\n\n\n<p>Cette ann\u00e9e, le groupe devrait \u00e0 nouveau enregistrer une forte croissance, avec l&rsquo;int\u00e9gration de 81 magasins rachet\u00e9s \u00e0 <strong>Colruyt et <\/strong>un partenariat avec <strong>Auchan<\/strong>, dans le cadre duquel les Mousquetaires <a href=\"https:\/\/www.retaildetail.be\/fr\/news\/food\/auchan-devient-le-plus-grand-partenaire-franchise-dintermarche\/\">reprendront 264 supermarch\u00e9s en franchise<\/a>. L&rsquo;ambition du PDG Thierry Cotillard est d&rsquo;atteindre 20 % de part de march\u00e9 sur le march\u00e9 domestique en 2028 \u2013 aujourd&rsquo;hui, le groupe en d\u00e9tient 17,5 %.<\/p>\n","protected":false},"excerpt":{"rendered":"<p>Groupement Mousquetaires, le groupe fran\u00e7ais derri\u00e8re les cha\u00eenes de supermarch\u00e9s Intermarch\u00e9 et Netto, a enregistr\u00e9 une forte croissance de son chiffre d&rsquo;affaires dans le secteur alimentaire en 2025, principalement gr\u00e2ce \u00e0 des acquisitions. En Belgique, le d\u00e9taillant a connu une croissance de plus de 6 %.<\/p>\n","protected":false},"author":3,"featured_media":143897,"comment_status":"closed","ping_status":"closed","sticky":false,"template":"","format":"standard","meta":{"_acf_changed":false,"inline_featured_image":false,"_jetpack_memberships_contains_paid_content":false,"footnotes":""},"categories":[18,24],"tags":[],"people":[],"extra":[43],"company":[624],"topic":[266],"region":[],"class_list":{"0":"post-143896","1":"post","2":"type-post","3":"status-publish","4":"format-standard","5":"has-post-thumbnail","6":"hentry","7":"category-food","9":"extra-plus","10":"company-intermarche","11":"topic-resultats-financiers"},"acf":[],"yoast_head":"<!-- This site is optimized with the Yoast SEO plugin v27.3 - https:\/\/yoast.com\/product\/yoast-seo-wordpress\/ -->\n<title>Intermarch\u00e9 conna\u00eet une croissance plus forte que ses concurrents - RetailDetail BE<\/title>\n<meta name=\"description\" content=\"Groupement Mousquetaires, le groupe fran\u00e7ais derri\u00e8re les cha\u00eenes de supermarch\u00e9s Intermarch\u00e9 et Netto, a enregistr\u00e9 une forte croissance de son chiffre d&#039;affaires dans le secteur alimentaire en 2025.\" \/>\n<meta name=\"robots\" content=\"index, follow, max-snippet:-1, max-image-preview:large, max-video-preview:-1\" \/>\n<link rel=\"canonical\" href=\"https:\/\/www.retaildetail.be\/fr\/news\/food\/intermarche-connait-une-croissance-plus-forte-que-ses-concurrents\/\" \/>\n<meta property=\"og:locale\" content=\"fr_FR\" \/>\n<meta property=\"og:type\" content=\"article\" \/>\n<meta property=\"og:title\" content=\"Intermarch\u00e9 conna\u00eet une croissance plus forte que ses concurrents - RetailDetail BE\" \/>\n<meta property=\"og:description\" content=\"Groupement Mousquetaires, le groupe fran\u00e7ais derri\u00e8re les cha\u00eenes de supermarch\u00e9s Intermarch\u00e9 et Netto, a enregistr\u00e9 une forte croissance de son chiffre d&#039;affaires dans le secteur alimentaire en 2025.\" \/>\n<meta property=\"og:url\" content=\"https:\/\/www.retaildetail.be\/fr\/news\/food\/intermarche-connait-une-croissance-plus-forte-que-ses-concurrents\/\" \/>\n<meta property=\"og:site_name\" content=\"RetailDetail BE\" \/>\n<meta property=\"article:published_time\" content=\"2026-03-12T14:18:46+00:00\" \/>\n<meta property=\"article:modified_time\" content=\"2026-03-12T14:28:58+00:00\" \/>\n<meta property=\"og:image\" content=\"https:\/\/www.retaildetail.be\/wp-content\/uploads\/2026\/03\/shutterstock_2523814945.jpg\" \/>\n\t<meta property=\"og:image:width\" content=\"1000\" \/>\n\t<meta property=\"og:image:height\" content=\"666\" \/>\n\t<meta property=\"og:image:type\" content=\"image\/jpeg\" \/>\n<meta name=\"author\" content=\"Stefan Van Rompaey\" \/>\n<meta name=\"twitter:card\" content=\"summary_large_image\" \/>\n<meta name=\"twitter:label1\" content=\"\u00c9crit par\" \/>\n\t<meta name=\"twitter:data1\" content=\"Stefan Van Rompaey\" \/>\n\t<meta name=\"twitter:label2\" content=\"Dur\u00e9e de lecture estim\u00e9e\" \/>\n\t<meta name=\"twitter:data2\" content=\"2 minutes\" \/>\n<script type=\"application\/ld+json\" class=\"yoast-schema-graph\">{\"@context\":\"https:\\\/\\\/schema.org\",\"@graph\":[{\"@type\":\"NewsArticle\",\"@id\":\"https:\\\/\\\/www.retaildetail.be\\\/fr\\\/news\\\/food\\\/intermarche-connait-une-croissance-plus-forte-que-ses-concurrents\\\/#article\",\"isPartOf\":{\"@id\":\"https:\\\/\\\/www.retaildetail.be\\\/fr\\\/news\\\/food\\\/intermarche-connait-une-croissance-plus-forte-que-ses-concurrents\\\/\"},\"author\":{\"name\":\"Stefan Van Rompaey\",\"@id\":\"https:\\\/\\\/www.retaildetail.be\\\/nl\\\/#\\\/schema\\\/person\\\/51aec6069c4416aa2f68b2e4ff3455df\"},\"headline\":\"Intermarch\u00e9 conna\u00eet une croissance plus forte que ses concurrents\",\"datePublished\":\"2026-03-12T14:18:46+00:00\",\"dateModified\":\"2026-03-12T14:28:58+00:00\",\"mainEntityOfPage\":{\"@id\":\"https:\\\/\\\/www.retaildetail.be\\\/fr\\\/news\\\/food\\\/intermarche-connait-une-croissance-plus-forte-que-ses-concurrents\\\/\"},\"wordCount\":381,\"publisher\":{\"@id\":\"https:\\\/\\\/www.retaildetail.be\\\/nl\\\/#organization\"},\"image\":{\"@id\":\"https:\\\/\\\/www.retaildetail.be\\\/fr\\\/news\\\/food\\\/intermarche-connait-une-croissance-plus-forte-que-ses-concurrents\\\/#primaryimage\"},\"thumbnailUrl\":\"https:\\\/\\\/www.retaildetail.be\\\/wp-content\\\/uploads\\\/2026\\\/03\\\/shutterstock_2523814945.jpg\",\"articleSection\":[\"Food\",\"Food\"],\"inLanguage\":\"fr-FR\",\"copyrightYear\":\"2026\",\"copyrightHolder\":{\"@id\":\"https:\\\/\\\/www.retaildetail.be\\\/#organization\"}},{\"@type\":\"WebPage\",\"@id\":\"https:\\\/\\\/www.retaildetail.be\\\/fr\\\/news\\\/food\\\/intermarche-connait-une-croissance-plus-forte-que-ses-concurrents\\\/\",\"url\":\"https:\\\/\\\/www.retaildetail.be\\\/fr\\\/news\\\/food\\\/intermarche-connait-une-croissance-plus-forte-que-ses-concurrents\\\/\",\"name\":\"Intermarch\u00e9 conna\u00eet une croissance plus forte que ses concurrents - RetailDetail BE\",\"isPartOf\":{\"@id\":\"https:\\\/\\\/www.retaildetail.be\\\/nl\\\/#website\"},\"primaryImageOfPage\":{\"@id\":\"https:\\\/\\\/www.retaildetail.be\\\/fr\\\/news\\\/food\\\/intermarche-connait-une-croissance-plus-forte-que-ses-concurrents\\\/#primaryimage\"},\"image\":{\"@id\":\"https:\\\/\\\/www.retaildetail.be\\\/fr\\\/news\\\/food\\\/intermarche-connait-une-croissance-plus-forte-que-ses-concurrents\\\/#primaryimage\"},\"thumbnailUrl\":\"https:\\\/\\\/www.retaildetail.be\\\/wp-content\\\/uploads\\\/2026\\\/03\\\/shutterstock_2523814945.jpg\",\"datePublished\":\"2026-03-12T14:18:46+00:00\",\"dateModified\":\"2026-03-12T14:28:58+00:00\",\"description\":\"Groupement Mousquetaires, le groupe fran\u00e7ais derri\u00e8re les cha\u00eenes de supermarch\u00e9s Intermarch\u00e9 et Netto, a enregistr\u00e9 une forte croissance de son chiffre d'affaires dans le secteur alimentaire en 2025.\",\"breadcrumb\":{\"@id\":\"https:\\\/\\\/www.retaildetail.be\\\/fr\\\/news\\\/food\\\/intermarche-connait-une-croissance-plus-forte-que-ses-concurrents\\\/#breadcrumb\"},\"inLanguage\":\"fr-FR\",\"potentialAction\":[{\"@type\":\"ReadAction\",\"target\":[\"https:\\\/\\\/www.retaildetail.be\\\/fr\\\/news\\\/food\\\/intermarche-connait-une-croissance-plus-forte-que-ses-concurrents\\\/\"]}]},{\"@type\":\"ImageObject\",\"inLanguage\":\"fr-FR\",\"@id\":\"https:\\\/\\\/www.retaildetail.be\\\/fr\\\/news\\\/food\\\/intermarche-connait-une-croissance-plus-forte-que-ses-concurrents\\\/#primaryimage\",\"url\":\"https:\\\/\\\/www.retaildetail.be\\\/wp-content\\\/uploads\\\/2026\\\/03\\\/shutterstock_2523814945.jpg\",\"contentUrl\":\"https:\\\/\\\/www.retaildetail.be\\\/wp-content\\\/uploads\\\/2026\\\/03\\\/shutterstock_2523814945.jpg\",\"width\":1000,\"height\":666,\"caption\":\"Shutterstock.com\"},{\"@type\":\"BreadcrumbList\",\"@id\":\"https:\\\/\\\/www.retaildetail.be\\\/fr\\\/news\\\/food\\\/intermarche-connait-une-croissance-plus-forte-que-ses-concurrents\\\/#breadcrumb\",\"itemListElement\":[{\"@type\":\"ListItem\",\"position\":1,\"name\":\"Home\",\"item\":\"https:\\\/\\\/www.retaildetail.be\\\/fr\\\/\"},{\"@type\":\"ListItem\",\"position\":2,\"name\":\"Intermarch\u00e9 conna\u00eet une croissance plus forte que ses concurrents\"}]},{\"@type\":\"WebSite\",\"@id\":\"https:\\\/\\\/www.retaildetail.be\\\/nl\\\/#website\",\"url\":\"https:\\\/\\\/www.retaildetail.be\\\/nl\\\/\",\"name\":\"RetailDetail BE\",\"description\":\"News\",\"publisher\":{\"@id\":\"https:\\\/\\\/www.retaildetail.be\\\/nl\\\/#organization\"},\"potentialAction\":[{\"@type\":\"SearchAction\",\"target\":{\"@type\":\"EntryPoint\",\"urlTemplate\":\"https:\\\/\\\/www.retaildetail.be\\\/nl\\\/?s={search_term_string}\"},\"query-input\":{\"@type\":\"PropertyValueSpecification\",\"valueRequired\":true,\"valueName\":\"search_term_string\"}}],\"inLanguage\":\"fr-FR\"},{\"@type\":\"Organization\",\"@id\":\"https:\\\/\\\/www.retaildetail.be\\\/nl\\\/#organization\",\"name\":\"RetailDetail BE\",\"url\":\"https:\\\/\\\/www.retaildetail.be\\\/nl\\\/\",\"logo\":{\"@type\":\"ImageObject\",\"inLanguage\":\"fr-FR\",\"@id\":\"https:\\\/\\\/www.retaildetail.be\\\/nl\\\/#\\\/schema\\\/logo\\\/image\\\/\",\"url\":\"https:\\\/\\\/www.retaildetail.be\\\/wp-content\\\/uploads\\\/2022\\\/04\\\/logo.svg\",\"contentUrl\":\"https:\\\/\\\/www.retaildetail.be\\\/wp-content\\\/uploads\\\/2022\\\/04\\\/logo.svg\",\"width\":131,\"height\":70,\"caption\":\"RetailDetail BE\"},\"image\":{\"@id\":\"https:\\\/\\\/www.retaildetail.be\\\/nl\\\/#\\\/schema\\\/logo\\\/image\\\/\"}},{\"@type\":\"Person\",\"@id\":\"https:\\\/\\\/www.retaildetail.be\\\/nl\\\/#\\\/schema\\\/person\\\/51aec6069c4416aa2f68b2e4ff3455df\",\"name\":\"Stefan Van Rompaey\",\"image\":{\"@type\":\"ImageObject\",\"inLanguage\":\"fr-FR\",\"@id\":\"https:\\\/\\\/secure.gravatar.com\\\/avatar\\\/fbbb4a80a0f109888b2a5ab8ae255617499ecde533749b3ab2fa6c23b5d65dac?s=96&d=mm&r=g\",\"url\":\"https:\\\/\\\/secure.gravatar.com\\\/avatar\\\/fbbb4a80a0f109888b2a5ab8ae255617499ecde533749b3ab2fa6c23b5d65dac?s=96&d=mm&r=g\",\"contentUrl\":\"https:\\\/\\\/secure.gravatar.com\\\/avatar\\\/fbbb4a80a0f109888b2a5ab8ae255617499ecde533749b3ab2fa6c23b5d65dac?s=96&d=mm&r=g\",\"caption\":\"Stefan Van Rompaey\"},\"url\":\"https:\\\/\\\/www.retaildetail.be\\\/fr\\\/author\\\/stefanvanrompaey\\\/\"}]}<\/script>\n<!-- \/ Yoast SEO plugin. -->","yoast_head_json":{"title":"Intermarch\u00e9 conna\u00eet une croissance plus forte que ses concurrents - RetailDetail BE","description":"Groupement Mousquetaires, le groupe fran\u00e7ais derri\u00e8re les cha\u00eenes de supermarch\u00e9s Intermarch\u00e9 et Netto, a enregistr\u00e9 une forte croissance de son chiffre d'affaires dans le secteur alimentaire en 2025.","robots":{"index":"index","follow":"follow","max-snippet":"max-snippet:-1","max-image-preview":"max-image-preview:large","max-video-preview":"max-video-preview:-1"},"canonical":"https:\/\/www.retaildetail.be\/fr\/news\/food\/intermarche-connait-une-croissance-plus-forte-que-ses-concurrents\/","og_locale":"fr_FR","og_type":"article","og_title":"Intermarch\u00e9 conna\u00eet une croissance plus forte que ses concurrents - RetailDetail BE","og_description":"Groupement Mousquetaires, le groupe fran\u00e7ais derri\u00e8re les cha\u00eenes de supermarch\u00e9s Intermarch\u00e9 et Netto, a enregistr\u00e9 une forte croissance de son chiffre d'affaires dans le secteur alimentaire en 2025.","og_url":"https:\/\/www.retaildetail.be\/fr\/news\/food\/intermarche-connait-une-croissance-plus-forte-que-ses-concurrents\/","og_site_name":"RetailDetail BE","article_published_time":"2026-03-12T14:18:46+00:00","article_modified_time":"2026-03-12T14:28:58+00:00","og_image":[{"width":1000,"height":666,"url":"https:\/\/www.retaildetail.be\/wp-content\/uploads\/2026\/03\/shutterstock_2523814945.jpg","type":"image\/jpeg"}],"author":"Stefan Van Rompaey","twitter_card":"summary_large_image","twitter_misc":{"\u00c9crit par":"Stefan Van Rompaey","Dur\u00e9e de lecture estim\u00e9e":"2 minutes"},"schema":{"@context":"https:\/\/schema.org","@graph":[{"@type":"NewsArticle","@id":"https:\/\/www.retaildetail.be\/fr\/news\/food\/intermarche-connait-une-croissance-plus-forte-que-ses-concurrents\/#article","isPartOf":{"@id":"https:\/\/www.retaildetail.be\/fr\/news\/food\/intermarche-connait-une-croissance-plus-forte-que-ses-concurrents\/"},"author":{"name":"Stefan Van Rompaey","@id":"https:\/\/www.retaildetail.be\/nl\/#\/schema\/person\/51aec6069c4416aa2f68b2e4ff3455df"},"headline":"Intermarch\u00e9 conna\u00eet une croissance plus forte que ses concurrents","datePublished":"2026-03-12T14:18:46+00:00","dateModified":"2026-03-12T14:28:58+00:00","mainEntityOfPage":{"@id":"https:\/\/www.retaildetail.be\/fr\/news\/food\/intermarche-connait-une-croissance-plus-forte-que-ses-concurrents\/"},"wordCount":381,"publisher":{"@id":"https:\/\/www.retaildetail.be\/nl\/#organization"},"image":{"@id":"https:\/\/www.retaildetail.be\/fr\/news\/food\/intermarche-connait-une-croissance-plus-forte-que-ses-concurrents\/#primaryimage"},"thumbnailUrl":"https:\/\/www.retaildetail.be\/wp-content\/uploads\/2026\/03\/shutterstock_2523814945.jpg","articleSection":["Food","Food"],"inLanguage":"fr-FR","copyrightYear":"2026","copyrightHolder":{"@id":"https:\/\/www.retaildetail.be\/#organization"}},{"@type":"WebPage","@id":"https:\/\/www.retaildetail.be\/fr\/news\/food\/intermarche-connait-une-croissance-plus-forte-que-ses-concurrents\/","url":"https:\/\/www.retaildetail.be\/fr\/news\/food\/intermarche-connait-une-croissance-plus-forte-que-ses-concurrents\/","name":"Intermarch\u00e9 conna\u00eet une croissance plus forte que ses concurrents - RetailDetail BE","isPartOf":{"@id":"https:\/\/www.retaildetail.be\/nl\/#website"},"primaryImageOfPage":{"@id":"https:\/\/www.retaildetail.be\/fr\/news\/food\/intermarche-connait-une-croissance-plus-forte-que-ses-concurrents\/#primaryimage"},"image":{"@id":"https:\/\/www.retaildetail.be\/fr\/news\/food\/intermarche-connait-une-croissance-plus-forte-que-ses-concurrents\/#primaryimage"},"thumbnailUrl":"https:\/\/www.retaildetail.be\/wp-content\/uploads\/2026\/03\/shutterstock_2523814945.jpg","datePublished":"2026-03-12T14:18:46+00:00","dateModified":"2026-03-12T14:28:58+00:00","description":"Groupement Mousquetaires, le groupe fran\u00e7ais derri\u00e8re les cha\u00eenes de supermarch\u00e9s Intermarch\u00e9 et Netto, a enregistr\u00e9 une forte croissance de son chiffre d'affaires dans le secteur alimentaire en 2025.","breadcrumb":{"@id":"https:\/\/www.retaildetail.be\/fr\/news\/food\/intermarche-connait-une-croissance-plus-forte-que-ses-concurrents\/#breadcrumb"},"inLanguage":"fr-FR","potentialAction":[{"@type":"ReadAction","target":["https:\/\/www.retaildetail.be\/fr\/news\/food\/intermarche-connait-une-croissance-plus-forte-que-ses-concurrents\/"]}]},{"@type":"ImageObject","inLanguage":"fr-FR","@id":"https:\/\/www.retaildetail.be\/fr\/news\/food\/intermarche-connait-une-croissance-plus-forte-que-ses-concurrents\/#primaryimage","url":"https:\/\/www.retaildetail.be\/wp-content\/uploads\/2026\/03\/shutterstock_2523814945.jpg","contentUrl":"https:\/\/www.retaildetail.be\/wp-content\/uploads\/2026\/03\/shutterstock_2523814945.jpg","width":1000,"height":666,"caption":"Shutterstock.com"},{"@type":"BreadcrumbList","@id":"https:\/\/www.retaildetail.be\/fr\/news\/food\/intermarche-connait-une-croissance-plus-forte-que-ses-concurrents\/#breadcrumb","itemListElement":[{"@type":"ListItem","position":1,"name":"Home","item":"https:\/\/www.retaildetail.be\/fr\/"},{"@type":"ListItem","position":2,"name":"Intermarch\u00e9 conna\u00eet une croissance plus forte que ses concurrents"}]},{"@type":"WebSite","@id":"https:\/\/www.retaildetail.be\/nl\/#website","url":"https:\/\/www.retaildetail.be\/nl\/","name":"RetailDetail BE","description":"News","publisher":{"@id":"https:\/\/www.retaildetail.be\/nl\/#organization"},"potentialAction":[{"@type":"SearchAction","target":{"@type":"EntryPoint","urlTemplate":"https:\/\/www.retaildetail.be\/nl\/?s={search_term_string}"},"query-input":{"@type":"PropertyValueSpecification","valueRequired":true,"valueName":"search_term_string"}}],"inLanguage":"fr-FR"},{"@type":"Organization","@id":"https:\/\/www.retaildetail.be\/nl\/#organization","name":"RetailDetail BE","url":"https:\/\/www.retaildetail.be\/nl\/","logo":{"@type":"ImageObject","inLanguage":"fr-FR","@id":"https:\/\/www.retaildetail.be\/nl\/#\/schema\/logo\/image\/","url":"https:\/\/www.retaildetail.be\/wp-content\/uploads\/2022\/04\/logo.svg","contentUrl":"https:\/\/www.retaildetail.be\/wp-content\/uploads\/2022\/04\/logo.svg","width":131,"height":70,"caption":"RetailDetail BE"},"image":{"@id":"https:\/\/www.retaildetail.be\/nl\/#\/schema\/logo\/image\/"}},{"@type":"Person","@id":"https:\/\/www.retaildetail.be\/nl\/#\/schema\/person\/51aec6069c4416aa2f68b2e4ff3455df","name":"Stefan Van Rompaey","image":{"@type":"ImageObject","inLanguage":"fr-FR","@id":"https:\/\/secure.gravatar.com\/avatar\/fbbb4a80a0f109888b2a5ab8ae255617499ecde533749b3ab2fa6c23b5d65dac?s=96&d=mm&r=g","url":"https:\/\/secure.gravatar.com\/avatar\/fbbb4a80a0f109888b2a5ab8ae255617499ecde533749b3ab2fa6c23b5d65dac?s=96&d=mm&r=g","contentUrl":"https:\/\/secure.gravatar.com\/avatar\/fbbb4a80a0f109888b2a5ab8ae255617499ecde533749b3ab2fa6c23b5d65dac?s=96&d=mm&r=g","caption":"Stefan Van Rompaey"},"url":"https:\/\/www.retaildetail.be\/fr\/author\/stefanvanrompaey\/"}]}},"jetpack_featured_media_url":"https:\/\/www.retaildetail.be\/wp-content\/uploads\/2026\/03\/shutterstock_2523814945.jpg","jetpack_sharing_enabled":true,"_links":{"self":[{"href":"https:\/\/www.retaildetail.be\/fr\/wp-json\/wp\/v2\/posts\/143896","targetHints":{"allow":["GET"]}}],"collection":[{"href":"https:\/\/www.retaildetail.be\/fr\/wp-json\/wp\/v2\/posts"}],"about":[{"href":"https:\/\/www.retaildetail.be\/fr\/wp-json\/wp\/v2\/types\/post"}],"author":[{"embeddable":true,"href":"https:\/\/www.retaildetail.be\/fr\/wp-json\/wp\/v2\/users\/3"}],"replies":[{"embeddable":true,"href":"https:\/\/www.retaildetail.be\/fr\/wp-json\/wp\/v2\/comments?post=143896"}],"version-history":[{"count":3,"href":"https:\/\/www.retaildetail.be\/fr\/wp-json\/wp\/v2\/posts\/143896\/revisions"}],"predecessor-version":[{"id":143902,"href":"https:\/\/www.retaildetail.be\/fr\/wp-json\/wp\/v2\/posts\/143896\/revisions\/143902"}],"wp:featuredmedia":[{"embeddable":true,"href":"https:\/\/www.retaildetail.be\/fr\/wp-json\/wp\/v2\/media\/143897"}],"wp:attachment":[{"href":"https:\/\/www.retaildetail.be\/fr\/wp-json\/wp\/v2\/media?parent=143896"}],"wp:term":[{"taxonomy":"category","embeddable":true,"href":"https:\/\/www.retaildetail.be\/fr\/wp-json\/wp\/v2\/categories?post=143896"},{"taxonomy":"post_tag","embeddable":true,"href":"https:\/\/www.retaildetail.be\/fr\/wp-json\/wp\/v2\/tags?post=143896"},{"taxonomy":"people","embeddable":true,"href":"https:\/\/www.retaildetail.be\/fr\/wp-json\/wp\/v2\/people?post=143896"},{"taxonomy":"extra","embeddable":true,"href":"https:\/\/www.retaildetail.be\/fr\/wp-json\/wp\/v2\/extra?post=143896"},{"taxonomy":"company","embeddable":true,"href":"https:\/\/www.retaildetail.be\/fr\/wp-json\/wp\/v2\/company?post=143896"},{"taxonomy":"topic","embeddable":true,"href":"https:\/\/www.retaildetail.be\/fr\/wp-json\/wp\/v2\/topic?post=143896"},{"taxonomy":"region","embeddable":true,"href":"https:\/\/www.retaildetail.be\/fr\/wp-json\/wp\/v2\/region?post=143896"}],"curies":[{"name":"wp","href":"https:\/\/api.w.org\/{rel}","templated":true}]}}