{"id":143919,"date":"2026-03-12T16:10:55","date_gmt":"2026-03-12T15:10:55","guid":{"rendered":"https:\/\/www.retaildetail.be\/?p=143919"},"modified":"2026-03-12T16:11:47","modified_gmt":"2026-03-12T15:11:47","slug":"gino-van-ossel-lors-du-omnichannel-congress-le-commerce-nest-pas-mature-cest-toujours-un-champ-de-bataille","status":"publish","type":"post","link":"https:\/\/www.retaildetail.be\/fr\/news\/general\/gino-van-ossel-lors-du-omnichannel-congress-le-commerce-nest-pas-mature-cest-toujours-un-champ-de-bataille\/","title":{"rendered":"Gino Van Ossel \u00e0 propos de l&rsquo;Omnichannel Congress : \u00ab L&rsquo;e-commerce n&rsquo;est pas \u00ab\u00a0mature\u00a0\u00bb, c&rsquo;est toujours un champ de bataille \u00bb"},"content":{"rendered":"\n<p>Certes, le num\u00e9rique et l&rsquo;omnicanal sont aujourd&rsquo;hui la norme dans le retail. Mais la maturit\u00e9 de l&rsquo;e-commerce ne signifie pas pour autant qu&rsquo;il s&rsquo;arr\u00eate l\u00e0. Selon le professeur Gino Van Ossel (Vlerick), la concurrence et les opportunit\u00e9s s&rsquo;acc\u00e9l\u00e8rent justement en ce moment, qu&rsquo;il s&rsquo;agisse de l&rsquo;alimentation en ligne, de l&rsquo;IA, des r\u00e9seaux sociaux ou des boutiques en ligne de niche.<\/p>\n\n\n\n<h2 class=\"wp-block-heading\">Bien plus que simplement \u00ab mature \u00bb<\/h2>\n\n\n\n<p>\u00ab Aujourd&rsquo;hui, l&rsquo;omnicanal est devenu la norme et la combinaison des magasins physiques et des ventes en ligne constitue la base de presque toutes les strat\u00e9gies de vente au d\u00e9tail \u00bb, explique Gino Van Ossel, professeur \u00e0 la Vlerick Business School et <a href=\"https:\/\/www.retaildetail.be\/nl\/retail-events\/omnichannel-e-commerce-congress-2026\/\">mod\u00e9rateur du RetailDet<\/a><a href=\"https:\/\/www.retaildetail.be\/fr\/retail-events\/congres-retaildetail-omnichannel-e-commerce-2026\/\">a<\/a><a href=\"https:\/\/www.retaildetail.be\/nl\/retail-events\/omnichannel-e-commerce-congress-2026\/\">il Omnichannel &amp; E-Commerce Congress le 19 mars<\/a>.<\/p>\n\n\n\n<p>Pourtant, selon Van Ossel, le secteur se trouve \u00e0 un nouveau tournant. Les chiffres de croissance spectaculaires enregistr\u00e9s pendant la p\u00e9riode du coronavirus ont disparu, mais cela ne signifie pas que le march\u00e9 a perdu son dynamisme. \u00ab On entend souvent dire que le commerce \u00e9lectronique est devenu un march\u00e9 mature. C&rsquo;est vrai, mais cette affirmation d\u00e9forme la r\u00e9alit\u00e9, car elle occulte les nuances. \u00bb<\/p>\n\n\n\n<h2 class=\"wp-block-heading\">Les supermarch\u00e9s d\u00e9clenchent une nouvelle bataille en ligne<\/h2>\n\n\n\n<p>Sur le plus grand march\u00e9 de d\u00e9tail du pays, celui de l&rsquo;alimentation, la bataille fait rage. Les achats en ligne restent relativement limit\u00e9s en Belgique, mais la concurrence entre les supermarch\u00e9s s&rsquo;intensifie. La concurrence entre <strong>Delhaize<\/strong>, Colruyt, Carrefour et Albert Heijn se joue de plus en plus en ligne. Les acteurs purement en ligne ne sont pr\u00e9sents que dans des niches, comme les bo\u00eetes-repas.<\/p>\n\n\n\n<p>Les supermarch\u00e9s investissent massivement dans de nouveaux mod\u00e8les. Le click&amp;collect est de plus en plus souvent gratuit \u00e0 partir d&rsquo;un certain montant de commande, tandis que les formules d&rsquo;abonnement et la livraison \u00e0 domicile continuent de se d\u00e9velopper. Dans d&rsquo;autres pays, cette \u00e9volution s&rsquo;acc\u00e9l\u00e8re d\u00e9j\u00e0 : aux \u00c9tats-Unis, les ventes alimentaires en ligne ont r\u00e9cemment connu une nouvelle croissance \u00e0 deux chiffres. \u00ab Diff\u00e9rents mod\u00e8les commerciaux coexistent et tout le monde s&rsquo;attend \u00e0 ce que cette acc\u00e9l\u00e9ration se produise t\u00f4t ou tard chez nous aussi. \u00bb<\/p>\n\n\n\n<h2 class=\"wp-block-heading\">Mode : les sp\u00e9cialistes dominent le march\u00e9 en ligne<\/h2>\n\n\n\n<p>Dans le secteur de la mode, le commerce \u00e9lectronique pr\u00e9sente une image diff\u00e9rente de celle du reste du secteur non alimentaire. \u00ab Contrairement \u00e0 de nombreux autres march\u00e9s o\u00f9 dominent des g\u00e9n\u00e9ralistes tels qu&rsquo;Amazon ou Bol, ce sont les sp\u00e9cialistes qui pr\u00e9dominent dans le domaine de la mode. \u00bb<\/p>\n\n\n\n<p><strong>Zalando <\/strong>en<strong>est <\/strong>l&rsquo;exemple le plus connu. Le leader europ\u00e9en \u00e9largit sa gamme, se consolide par des acquisitions et investit massivement dans la technologie. \u00ab Zalando prouve qu&rsquo;il faut d&rsquo;abord et avant tout devenir une marque en ligne. Maintenant que la p\u00e9riode de croissance exponentielle est r\u00e9volue, les enseignes tentent de se positionner comme des marques lifestyle. \u00bb<\/p>\n\n\n\n<p>Lors du congr\u00e8s, Laura Toledano, directrice g\u00e9n\u00e9rale de Zalando pour l&rsquo;Europe occidentale, explique comment l&rsquo;intelligence artificielle g\u00e9n\u00e9rative transforme l&rsquo;exp\u00e9rience d&rsquo;achat en ligne. De nouvelles applications telles que les images contextuelles des produits, les vid\u00e9os et les cabines d&rsquo;essayage virtuelles visent \u00e0 renforcer la confiance des clients et \u00e0 r\u00e9duire les retours.<\/p>\n\n\n\n<h2 class=\"wp-block-heading\">Les petits entrepreneurs trouvent encore des opportunit\u00e9s<\/h2>\n\n\n\n<p>Outre les grands acteurs, le congr\u00e8s met \u00e9galement \u00e0 l&rsquo;honneur les petits entrepreneurs. Selon Van Ossel, ce n&rsquo;est pas un hasard : le monde num\u00e9rique reste un excellent tremplin, un environnement o\u00f9 l&rsquo;esprit d&rsquo;entreprise a encore sa place.<\/p>\n\n\n\n<p><strong>Drukke Mama&rsquo;s<\/strong>, une boutique en ligne n\u00e9e d&rsquo;un groupe Facebook comptant plus de cent mille membres, en est un exemple. L&rsquo;entreprise de mode <strong>Les Jumelles<\/strong> montre \u00e9galement comment une boutique en ligne peut devenir une marque omnicanale avec des magasins physiques et des ventes internationales.<\/p>\n\n\n\n<p>Selon Van Ossel, ces exemples montrent que les petits acteurs trouvent encore leur place dans un march\u00e9 tr\u00e8s concurrentiel. \u00ab Il est int\u00e9ressant de voir comment ils r\u00e9sistent face \u00e0 de grands acteurs tels que Zalando, face \u00e0 des cha\u00eenes qui fonctionnent de mani\u00e8re omnicanale, mais aussi face \u00e0 des acteurs chinois tels que Shein et Temu. \u00bb<\/p>\n\n\n\n<h2 class=\"wp-block-heading\">Les nouvelles technologies changent la donne<\/h2>\n\n\n\n<p>Selon Van Ossel, le fil rouge du congr\u00e8s reste clair : la transformation num\u00e9rique du commerce de d\u00e9tail est loin d&rsquo;\u00eatre termin\u00e9e. Outre l&rsquo;omnicanal et le commerce \u00e9lectronique, les nouvelles technologies occupent \u00e9galement une place centrale dans le congr\u00e8s. <strong>Visa<\/strong> discute de la mani\u00e8re dont l&rsquo;intelligence artificielle aide les fraudeurs \u00e0 cr\u00e9er des faux documents r\u00e9alistes, mais aussi de la mani\u00e8re dont cette m\u00eame technologie peut lutter contre la fraude.<\/p>\n\n\n\n<p>L&rsquo;interaction avec les clients \u00e9volue \u00e9galement rapidement. <strong>CM.com<\/strong> et <strong>Prins Petfoods<\/strong> montrent comment un agent IA peut assister les clients jour et nuit. Dans le m\u00eame temps, de nouveaux canaux de vente apparaissent. Selon Van Ossel, le commerce social, par exemple via TikTok, est sur le point de percer. \u00ab Tout est encore en mouvement \u00bb, d\u00e9clare l&rsquo;expert en commerce de d\u00e9tail.<\/p>\n\n\n\n<div class=\"wp-block-buttons is-layout-flex wp-block-buttons-is-layout-flex\">\n<div class=\"wp-block-button\"><a class=\"wp-block-button__link has-vivid-red-background-color has-background wp-element-button\" href=\"https:\/\/www.retaildetail.be\/fr\/retail-events\/congres-retaildetail-omnichannel-e-commerce-2026\/\">Commandez vite vos billets pour le RetailDetail Omnichannel &amp; E-Commerce Congress qui se tiendra le 19 mars au Trademart Brussels.<\/a><\/div>\n<\/div>\n","protected":false},"excerpt":{"rendered":"<p>Certes, le num\u00e9rique et l&rsquo;omnicanal sont aujourd&rsquo;hui la norme dans le commerce de d\u00e9tail. Mais la maturit\u00e9 du commerce \u00e9lectronique ne signifie pas pour autant qu&rsquo;il s&rsquo;arr\u00eate l\u00e0. Selon le professeur Gino Van Ossel de Vlerick, la concurrence et les opportunit\u00e9s s&rsquo;acc\u00e9l\u00e8rent justement en ce moment, qu&rsquo;il s&rsquo;agisse de l&rsquo;alimentation en ligne, de l&rsquo;IA, des r\u00e9seaux sociaux ou des boutiques en ligne de niche.<\/p>\n","protected":false},"author":5,"featured_media":143920,"comment_status":"closed","ping_status":"closed","sticky":false,"template":"","format":"standard","meta":{"_acf_changed":false,"inline_featured_image":false,"_jetpack_memberships_contains_paid_content":false,"footnotes":""},"categories":[15,25],"tags":[],"people":[846],"extra":[],"company":[196,1968,1870,287],"topic":[778],"region":[],"class_list":["post-143919","post","type-post","status-publish","format-standard","has-post-thumbnail","hentry","category-algemeen","category-general","people-gino-van-ossel","company-delhaize","company-drukke-mamas","company-visa","company-zalando","topic-retaildetail-omnichannel-congress"],"acf":[],"yoast_head":"<!-- This site is optimized with the Yoast SEO plugin v27.3 - https:\/\/yoast.com\/product\/yoast-seo-wordpress\/ -->\n<title>Gino Van Ossel \u00e0 propos de l&#039;Omnichannel Congress : \u00ab L&#039;e-commerce n&#039;est pas &quot;mature&quot;, c&#039;est toujours un champ de bataille \u00bb - RetailDetail BE<\/title>\n<meta name=\"description\" content=\"Selon le professeur Gino Van Ossel, la concurrence et les opportunit\u00e9s s&#039;acc\u00e9l\u00e8rent, qu&#039;il s&#039;agisse de l&#039;alimentation en ligne, de l&#039;IA, des r\u00e9seaux sociaux ou des boutiques en ligne de niche.\" \/>\n<meta name=\"robots\" content=\"index, follow, max-snippet:-1, max-image-preview:large, max-video-preview:-1\" \/>\n<link rel=\"canonical\" href=\"https:\/\/www.retaildetail.be\/fr\/news\/general\/gino-van-ossel-lors-du-omnichannel-congress-le-commerce-nest-pas-mature-cest-toujours-un-champ-de-bataille\/\" \/>\n<meta property=\"og:locale\" content=\"fr_FR\" \/>\n<meta property=\"og:type\" content=\"article\" \/>\n<meta property=\"og:title\" content=\"Gino Van Ossel \u00e0 propos de l&#039;Omnichannel Congress : \u00ab L&#039;e-commerce n&#039;est pas &quot;mature&quot;, c&#039;est toujours un champ de bataille \u00bb - RetailDetail BE\" \/>\n<meta property=\"og:description\" content=\"Selon le professeur Gino Van Ossel, la concurrence et les opportunit\u00e9s s&#039;acc\u00e9l\u00e8rent, qu&#039;il s&#039;agisse de l&#039;alimentation en ligne, de l&#039;IA, des r\u00e9seaux sociaux ou des boutiques en ligne de niche.\" \/>\n<meta property=\"og:url\" content=\"https:\/\/www.retaildetail.be\/fr\/news\/general\/gino-van-ossel-lors-du-omnichannel-congress-le-commerce-nest-pas-mature-cest-toujours-un-champ-de-bataille\/\" \/>\n<meta property=\"og:site_name\" content=\"RetailDetail BE\" \/>\n<meta property=\"article:published_time\" content=\"2026-03-12T15:10:55+00:00\" \/>\n<meta property=\"article:modified_time\" content=\"2026-03-12T15:11:47+00:00\" \/>\n<meta property=\"og:image\" content=\"https:\/\/www.retaildetail.be\/wp-content\/uploads\/2026\/03\/Gino_Van_Ossel_Night2025-scaled-1.jpg\" \/>\n\t<meta property=\"og:image:width\" content=\"2560\" \/>\n\t<meta property=\"og:image:height\" content=\"1708\" \/>\n\t<meta property=\"og:image:type\" content=\"image\/jpeg\" \/>\n<meta name=\"author\" content=\"Pauline Neerman\" \/>\n<meta name=\"twitter:card\" content=\"summary_large_image\" \/>\n<meta name=\"twitter:label1\" content=\"\u00c9crit par\" \/>\n\t<meta name=\"twitter:data1\" content=\"Pauline Neerman\" \/>\n\t<meta name=\"twitter:label2\" content=\"Dur\u00e9e de lecture estim\u00e9e\" \/>\n\t<meta name=\"twitter:data2\" content=\"4 minutes\" \/>\n<script type=\"application\/ld+json\" class=\"yoast-schema-graph\">{\"@context\":\"https:\\\/\\\/schema.org\",\"@graph\":[{\"@type\":\"NewsArticle\",\"@id\":\"https:\\\/\\\/www.retaildetail.be\\\/fr\\\/news\\\/general\\\/gino-van-ossel-lors-du-omnichannel-congress-le-commerce-nest-pas-mature-cest-toujours-un-champ-de-bataille\\\/#article\",\"isPartOf\":{\"@id\":\"https:\\\/\\\/www.retaildetail.be\\\/fr\\\/news\\\/general\\\/gino-van-ossel-lors-du-omnichannel-congress-le-commerce-nest-pas-mature-cest-toujours-un-champ-de-bataille\\\/\"},\"author\":{\"name\":\"Pauline Neerman\",\"@id\":\"https:\\\/\\\/www.retaildetail.be\\\/nl\\\/#\\\/schema\\\/person\\\/66b54803fa10759039079458ea89e307\"},\"headline\":\"Gino Van Ossel \u00e0 propos de l&rsquo;Omnichannel Congress : \u00ab L&rsquo;e-commerce n&rsquo;est pas \u00ab\u00a0mature\u00a0\u00bb, c&rsquo;est toujours un champ de bataille \u00bb\",\"datePublished\":\"2026-03-12T15:10:55+00:00\",\"dateModified\":\"2026-03-12T15:11:47+00:00\",\"mainEntityOfPage\":{\"@id\":\"https:\\\/\\\/www.retaildetail.be\\\/fr\\\/news\\\/general\\\/gino-van-ossel-lors-du-omnichannel-congress-le-commerce-nest-pas-mature-cest-toujours-un-champ-de-bataille\\\/\"},\"wordCount\":918,\"publisher\":{\"@id\":\"https:\\\/\\\/www.retaildetail.be\\\/nl\\\/#organization\"},\"image\":{\"@id\":\"https:\\\/\\\/www.retaildetail.be\\\/fr\\\/news\\\/general\\\/gino-van-ossel-lors-du-omnichannel-congress-le-commerce-nest-pas-mature-cest-toujours-un-champ-de-bataille\\\/#primaryimage\"},\"thumbnailUrl\":\"https:\\\/\\\/www.retaildetail.be\\\/wp-content\\\/uploads\\\/2026\\\/03\\\/Gino_Van_Ossel_Night2025-scaled-1.jpg\",\"articleSection\":[\"Algemeen\",\"G\u00e9n\u00e9ral\"],\"inLanguage\":\"fr-FR\",\"copyrightYear\":\"2026\",\"copyrightHolder\":{\"@id\":\"https:\\\/\\\/www.retaildetail.be\\\/#organization\"}},{\"@type\":\"WebPage\",\"@id\":\"https:\\\/\\\/www.retaildetail.be\\\/fr\\\/news\\\/general\\\/gino-van-ossel-lors-du-omnichannel-congress-le-commerce-nest-pas-mature-cest-toujours-un-champ-de-bataille\\\/\",\"url\":\"https:\\\/\\\/www.retaildetail.be\\\/fr\\\/news\\\/general\\\/gino-van-ossel-lors-du-omnichannel-congress-le-commerce-nest-pas-mature-cest-toujours-un-champ-de-bataille\\\/\",\"name\":\"Gino Van Ossel \u00e0 propos de l'Omnichannel Congress : \u00ab L'e-commerce n'est pas \\\"mature\\\", c'est toujours un champ de bataille \u00bb - RetailDetail BE\",\"isPartOf\":{\"@id\":\"https:\\\/\\\/www.retaildetail.be\\\/nl\\\/#website\"},\"primaryImageOfPage\":{\"@id\":\"https:\\\/\\\/www.retaildetail.be\\\/fr\\\/news\\\/general\\\/gino-van-ossel-lors-du-omnichannel-congress-le-commerce-nest-pas-mature-cest-toujours-un-champ-de-bataille\\\/#primaryimage\"},\"image\":{\"@id\":\"https:\\\/\\\/www.retaildetail.be\\\/fr\\\/news\\\/general\\\/gino-van-ossel-lors-du-omnichannel-congress-le-commerce-nest-pas-mature-cest-toujours-un-champ-de-bataille\\\/#primaryimage\"},\"thumbnailUrl\":\"https:\\\/\\\/www.retaildetail.be\\\/wp-content\\\/uploads\\\/2026\\\/03\\\/Gino_Van_Ossel_Night2025-scaled-1.jpg\",\"datePublished\":\"2026-03-12T15:10:55+00:00\",\"dateModified\":\"2026-03-12T15:11:47+00:00\",\"description\":\"Selon le professeur Gino Van Ossel, la concurrence et les opportunit\u00e9s s'acc\u00e9l\u00e8rent, qu'il s'agisse de l'alimentation en ligne, de l'IA, des r\u00e9seaux sociaux ou des boutiques en ligne de niche.\",\"breadcrumb\":{\"@id\":\"https:\\\/\\\/www.retaildetail.be\\\/fr\\\/news\\\/general\\\/gino-van-ossel-lors-du-omnichannel-congress-le-commerce-nest-pas-mature-cest-toujours-un-champ-de-bataille\\\/#breadcrumb\"},\"inLanguage\":\"fr-FR\",\"potentialAction\":[{\"@type\":\"ReadAction\",\"target\":[\"https:\\\/\\\/www.retaildetail.be\\\/fr\\\/news\\\/general\\\/gino-van-ossel-lors-du-omnichannel-congress-le-commerce-nest-pas-mature-cest-toujours-un-champ-de-bataille\\\/\"]}]},{\"@type\":\"ImageObject\",\"inLanguage\":\"fr-FR\",\"@id\":\"https:\\\/\\\/www.retaildetail.be\\\/fr\\\/news\\\/general\\\/gino-van-ossel-lors-du-omnichannel-congress-le-commerce-nest-pas-mature-cest-toujours-un-champ-de-bataille\\\/#primaryimage\",\"url\":\"https:\\\/\\\/www.retaildetail.be\\\/wp-content\\\/uploads\\\/2026\\\/03\\\/Gino_Van_Ossel_Night2025-scaled-1.jpg\",\"contentUrl\":\"https:\\\/\\\/www.retaildetail.be\\\/wp-content\\\/uploads\\\/2026\\\/03\\\/Gino_Van_Ossel_Night2025-scaled-1.jpg\",\"width\":2560,\"height\":1708},{\"@type\":\"BreadcrumbList\",\"@id\":\"https:\\\/\\\/www.retaildetail.be\\\/fr\\\/news\\\/general\\\/gino-van-ossel-lors-du-omnichannel-congress-le-commerce-nest-pas-mature-cest-toujours-un-champ-de-bataille\\\/#breadcrumb\",\"itemListElement\":[{\"@type\":\"ListItem\",\"position\":1,\"name\":\"Home\",\"item\":\"https:\\\/\\\/www.retaildetail.be\\\/fr\\\/\"},{\"@type\":\"ListItem\",\"position\":2,\"name\":\"Gino Van Ossel \u00e0 propos de l&#8217;Omnichannel Congress : \u00ab L&#8217;e-commerce n&#8217;est pas &#8220;mature&#8221;, c&#8217;est toujours un champ de bataille \u00bb\"}]},{\"@type\":\"WebSite\",\"@id\":\"https:\\\/\\\/www.retaildetail.be\\\/nl\\\/#website\",\"url\":\"https:\\\/\\\/www.retaildetail.be\\\/nl\\\/\",\"name\":\"RetailDetail BE\",\"description\":\"News\",\"publisher\":{\"@id\":\"https:\\\/\\\/www.retaildetail.be\\\/nl\\\/#organization\"},\"potentialAction\":[{\"@type\":\"SearchAction\",\"target\":{\"@type\":\"EntryPoint\",\"urlTemplate\":\"https:\\\/\\\/www.retaildetail.be\\\/nl\\\/?s={search_term_string}\"},\"query-input\":{\"@type\":\"PropertyValueSpecification\",\"valueRequired\":true,\"valueName\":\"search_term_string\"}}],\"inLanguage\":\"fr-FR\"},{\"@type\":\"Organization\",\"@id\":\"https:\\\/\\\/www.retaildetail.be\\\/nl\\\/#organization\",\"name\":\"RetailDetail BE\",\"url\":\"https:\\\/\\\/www.retaildetail.be\\\/nl\\\/\",\"logo\":{\"@type\":\"ImageObject\",\"inLanguage\":\"fr-FR\",\"@id\":\"https:\\\/\\\/www.retaildetail.be\\\/nl\\\/#\\\/schema\\\/logo\\\/image\\\/\",\"url\":\"https:\\\/\\\/www.retaildetail.be\\\/wp-content\\\/uploads\\\/2022\\\/04\\\/logo.svg\",\"contentUrl\":\"https:\\\/\\\/www.retaildetail.be\\\/wp-content\\\/uploads\\\/2022\\\/04\\\/logo.svg\",\"width\":131,\"height\":70,\"caption\":\"RetailDetail BE\"},\"image\":{\"@id\":\"https:\\\/\\\/www.retaildetail.be\\\/nl\\\/#\\\/schema\\\/logo\\\/image\\\/\"}},{\"@type\":\"Person\",\"@id\":\"https:\\\/\\\/www.retaildetail.be\\\/nl\\\/#\\\/schema\\\/person\\\/66b54803fa10759039079458ea89e307\",\"name\":\"Pauline Neerman\",\"image\":{\"@type\":\"ImageObject\",\"inLanguage\":\"fr-FR\",\"@id\":\"https:\\\/\\\/secure.gravatar.com\\\/avatar\\\/58db22aee589a691f9603e5765ac06010427a923f9b2728b951eb7fe27214d70?s=96&d=mm&r=g\",\"url\":\"https:\\\/\\\/secure.gravatar.com\\\/avatar\\\/58db22aee589a691f9603e5765ac06010427a923f9b2728b951eb7fe27214d70?s=96&d=mm&r=g\",\"contentUrl\":\"https:\\\/\\\/secure.gravatar.com\\\/avatar\\\/58db22aee589a691f9603e5765ac06010427a923f9b2728b951eb7fe27214d70?s=96&d=mm&r=g\",\"caption\":\"Pauline Neerman\"},\"url\":\"https:\\\/\\\/www.retaildetail.be\\\/fr\\\/author\\\/paulineneerman\\\/\"}]}<\/script>\n<!-- \/ Yoast SEO plugin. -->","yoast_head_json":{"title":"Gino Van Ossel \u00e0 propos de l'Omnichannel Congress : \u00ab L'e-commerce n'est pas \"mature\", c'est toujours un champ de bataille \u00bb - RetailDetail BE","description":"Selon le professeur Gino Van Ossel, la concurrence et les opportunit\u00e9s s'acc\u00e9l\u00e8rent, qu'il s'agisse de l'alimentation en ligne, de l'IA, des r\u00e9seaux sociaux ou des boutiques en ligne de niche.","robots":{"index":"index","follow":"follow","max-snippet":"max-snippet:-1","max-image-preview":"max-image-preview:large","max-video-preview":"max-video-preview:-1"},"canonical":"https:\/\/www.retaildetail.be\/fr\/news\/general\/gino-van-ossel-lors-du-omnichannel-congress-le-commerce-nest-pas-mature-cest-toujours-un-champ-de-bataille\/","og_locale":"fr_FR","og_type":"article","og_title":"Gino Van Ossel \u00e0 propos de l'Omnichannel Congress : \u00ab L'e-commerce n'est pas \"mature\", c'est toujours un champ de bataille \u00bb - RetailDetail BE","og_description":"Selon le professeur Gino Van Ossel, la concurrence et les opportunit\u00e9s s'acc\u00e9l\u00e8rent, qu'il s'agisse de l'alimentation en ligne, de l'IA, des r\u00e9seaux sociaux ou des boutiques en ligne de niche.","og_url":"https:\/\/www.retaildetail.be\/fr\/news\/general\/gino-van-ossel-lors-du-omnichannel-congress-le-commerce-nest-pas-mature-cest-toujours-un-champ-de-bataille\/","og_site_name":"RetailDetail BE","article_published_time":"2026-03-12T15:10:55+00:00","article_modified_time":"2026-03-12T15:11:47+00:00","og_image":[{"width":2560,"height":1708,"url":"https:\/\/www.retaildetail.be\/wp-content\/uploads\/2026\/03\/Gino_Van_Ossel_Night2025-scaled-1.jpg","type":"image\/jpeg"}],"author":"Pauline Neerman","twitter_card":"summary_large_image","twitter_misc":{"\u00c9crit par":"Pauline Neerman","Dur\u00e9e de lecture estim\u00e9e":"4 minutes"},"schema":{"@context":"https:\/\/schema.org","@graph":[{"@type":"NewsArticle","@id":"https:\/\/www.retaildetail.be\/fr\/news\/general\/gino-van-ossel-lors-du-omnichannel-congress-le-commerce-nest-pas-mature-cest-toujours-un-champ-de-bataille\/#article","isPartOf":{"@id":"https:\/\/www.retaildetail.be\/fr\/news\/general\/gino-van-ossel-lors-du-omnichannel-congress-le-commerce-nest-pas-mature-cest-toujours-un-champ-de-bataille\/"},"author":{"name":"Pauline Neerman","@id":"https:\/\/www.retaildetail.be\/nl\/#\/schema\/person\/66b54803fa10759039079458ea89e307"},"headline":"Gino Van Ossel \u00e0 propos de l&rsquo;Omnichannel Congress : \u00ab L&rsquo;e-commerce n&rsquo;est pas \u00ab\u00a0mature\u00a0\u00bb, c&rsquo;est toujours un champ de bataille \u00bb","datePublished":"2026-03-12T15:10:55+00:00","dateModified":"2026-03-12T15:11:47+00:00","mainEntityOfPage":{"@id":"https:\/\/www.retaildetail.be\/fr\/news\/general\/gino-van-ossel-lors-du-omnichannel-congress-le-commerce-nest-pas-mature-cest-toujours-un-champ-de-bataille\/"},"wordCount":918,"publisher":{"@id":"https:\/\/www.retaildetail.be\/nl\/#organization"},"image":{"@id":"https:\/\/www.retaildetail.be\/fr\/news\/general\/gino-van-ossel-lors-du-omnichannel-congress-le-commerce-nest-pas-mature-cest-toujours-un-champ-de-bataille\/#primaryimage"},"thumbnailUrl":"https:\/\/www.retaildetail.be\/wp-content\/uploads\/2026\/03\/Gino_Van_Ossel_Night2025-scaled-1.jpg","articleSection":["Algemeen","G\u00e9n\u00e9ral"],"inLanguage":"fr-FR","copyrightYear":"2026","copyrightHolder":{"@id":"https:\/\/www.retaildetail.be\/#organization"}},{"@type":"WebPage","@id":"https:\/\/www.retaildetail.be\/fr\/news\/general\/gino-van-ossel-lors-du-omnichannel-congress-le-commerce-nest-pas-mature-cest-toujours-un-champ-de-bataille\/","url":"https:\/\/www.retaildetail.be\/fr\/news\/general\/gino-van-ossel-lors-du-omnichannel-congress-le-commerce-nest-pas-mature-cest-toujours-un-champ-de-bataille\/","name":"Gino Van Ossel \u00e0 propos de l'Omnichannel Congress : \u00ab L'e-commerce n'est pas \"mature\", c'est toujours un champ de bataille \u00bb - RetailDetail BE","isPartOf":{"@id":"https:\/\/www.retaildetail.be\/nl\/#website"},"primaryImageOfPage":{"@id":"https:\/\/www.retaildetail.be\/fr\/news\/general\/gino-van-ossel-lors-du-omnichannel-congress-le-commerce-nest-pas-mature-cest-toujours-un-champ-de-bataille\/#primaryimage"},"image":{"@id":"https:\/\/www.retaildetail.be\/fr\/news\/general\/gino-van-ossel-lors-du-omnichannel-congress-le-commerce-nest-pas-mature-cest-toujours-un-champ-de-bataille\/#primaryimage"},"thumbnailUrl":"https:\/\/www.retaildetail.be\/wp-content\/uploads\/2026\/03\/Gino_Van_Ossel_Night2025-scaled-1.jpg","datePublished":"2026-03-12T15:10:55+00:00","dateModified":"2026-03-12T15:11:47+00:00","description":"Selon le professeur Gino Van Ossel, la concurrence et les opportunit\u00e9s s'acc\u00e9l\u00e8rent, qu'il s'agisse de l'alimentation en ligne, de l'IA, des r\u00e9seaux sociaux ou des boutiques en ligne de niche.","breadcrumb":{"@id":"https:\/\/www.retaildetail.be\/fr\/news\/general\/gino-van-ossel-lors-du-omnichannel-congress-le-commerce-nest-pas-mature-cest-toujours-un-champ-de-bataille\/#breadcrumb"},"inLanguage":"fr-FR","potentialAction":[{"@type":"ReadAction","target":["https:\/\/www.retaildetail.be\/fr\/news\/general\/gino-van-ossel-lors-du-omnichannel-congress-le-commerce-nest-pas-mature-cest-toujours-un-champ-de-bataille\/"]}]},{"@type":"ImageObject","inLanguage":"fr-FR","@id":"https:\/\/www.retaildetail.be\/fr\/news\/general\/gino-van-ossel-lors-du-omnichannel-congress-le-commerce-nest-pas-mature-cest-toujours-un-champ-de-bataille\/#primaryimage","url":"https:\/\/www.retaildetail.be\/wp-content\/uploads\/2026\/03\/Gino_Van_Ossel_Night2025-scaled-1.jpg","contentUrl":"https:\/\/www.retaildetail.be\/wp-content\/uploads\/2026\/03\/Gino_Van_Ossel_Night2025-scaled-1.jpg","width":2560,"height":1708},{"@type":"BreadcrumbList","@id":"https:\/\/www.retaildetail.be\/fr\/news\/general\/gino-van-ossel-lors-du-omnichannel-congress-le-commerce-nest-pas-mature-cest-toujours-un-champ-de-bataille\/#breadcrumb","itemListElement":[{"@type":"ListItem","position":1,"name":"Home","item":"https:\/\/www.retaildetail.be\/fr\/"},{"@type":"ListItem","position":2,"name":"Gino Van Ossel \u00e0 propos de l&#8217;Omnichannel Congress : \u00ab L&#8217;e-commerce n&#8217;est pas &#8220;mature&#8221;, c&#8217;est toujours un champ de bataille \u00bb"}]},{"@type":"WebSite","@id":"https:\/\/www.retaildetail.be\/nl\/#website","url":"https:\/\/www.retaildetail.be\/nl\/","name":"RetailDetail BE","description":"News","publisher":{"@id":"https:\/\/www.retaildetail.be\/nl\/#organization"},"potentialAction":[{"@type":"SearchAction","target":{"@type":"EntryPoint","urlTemplate":"https:\/\/www.retaildetail.be\/nl\/?s={search_term_string}"},"query-input":{"@type":"PropertyValueSpecification","valueRequired":true,"valueName":"search_term_string"}}],"inLanguage":"fr-FR"},{"@type":"Organization","@id":"https:\/\/www.retaildetail.be\/nl\/#organization","name":"RetailDetail BE","url":"https:\/\/www.retaildetail.be\/nl\/","logo":{"@type":"ImageObject","inLanguage":"fr-FR","@id":"https:\/\/www.retaildetail.be\/nl\/#\/schema\/logo\/image\/","url":"https:\/\/www.retaildetail.be\/wp-content\/uploads\/2022\/04\/logo.svg","contentUrl":"https:\/\/www.retaildetail.be\/wp-content\/uploads\/2022\/04\/logo.svg","width":131,"height":70,"caption":"RetailDetail BE"},"image":{"@id":"https:\/\/www.retaildetail.be\/nl\/#\/schema\/logo\/image\/"}},{"@type":"Person","@id":"https:\/\/www.retaildetail.be\/nl\/#\/schema\/person\/66b54803fa10759039079458ea89e307","name":"Pauline Neerman","image":{"@type":"ImageObject","inLanguage":"fr-FR","@id":"https:\/\/secure.gravatar.com\/avatar\/58db22aee589a691f9603e5765ac06010427a923f9b2728b951eb7fe27214d70?s=96&d=mm&r=g","url":"https:\/\/secure.gravatar.com\/avatar\/58db22aee589a691f9603e5765ac06010427a923f9b2728b951eb7fe27214d70?s=96&d=mm&r=g","contentUrl":"https:\/\/secure.gravatar.com\/avatar\/58db22aee589a691f9603e5765ac06010427a923f9b2728b951eb7fe27214d70?s=96&d=mm&r=g","caption":"Pauline Neerman"},"url":"https:\/\/www.retaildetail.be\/fr\/author\/paulineneerman\/"}]}},"jetpack_featured_media_url":"https:\/\/www.retaildetail.be\/wp-content\/uploads\/2026\/03\/Gino_Van_Ossel_Night2025-scaled-1.jpg","jetpack_sharing_enabled":true,"_links":{"self":[{"href":"https:\/\/www.retaildetail.be\/fr\/wp-json\/wp\/v2\/posts\/143919","targetHints":{"allow":["GET"]}}],"collection":[{"href":"https:\/\/www.retaildetail.be\/fr\/wp-json\/wp\/v2\/posts"}],"about":[{"href":"https:\/\/www.retaildetail.be\/fr\/wp-json\/wp\/v2\/types\/post"}],"author":[{"embeddable":true,"href":"https:\/\/www.retaildetail.be\/fr\/wp-json\/wp\/v2\/users\/5"}],"replies":[{"embeddable":true,"href":"https:\/\/www.retaildetail.be\/fr\/wp-json\/wp\/v2\/comments?post=143919"}],"version-history":[{"count":2,"href":"https:\/\/www.retaildetail.be\/fr\/wp-json\/wp\/v2\/posts\/143919\/revisions"}],"predecessor-version":[{"id":143922,"href":"https:\/\/www.retaildetail.be\/fr\/wp-json\/wp\/v2\/posts\/143919\/revisions\/143922"}],"wp:featuredmedia":[{"embeddable":true,"href":"https:\/\/www.retaildetail.be\/fr\/wp-json\/wp\/v2\/media\/143920"}],"wp:attachment":[{"href":"https:\/\/www.retaildetail.be\/fr\/wp-json\/wp\/v2\/media?parent=143919"}],"wp:term":[{"taxonomy":"category","embeddable":true,"href":"https:\/\/www.retaildetail.be\/fr\/wp-json\/wp\/v2\/categories?post=143919"},{"taxonomy":"post_tag","embeddable":true,"href":"https:\/\/www.retaildetail.be\/fr\/wp-json\/wp\/v2\/tags?post=143919"},{"taxonomy":"people","embeddable":true,"href":"https:\/\/www.retaildetail.be\/fr\/wp-json\/wp\/v2\/people?post=143919"},{"taxonomy":"extra","embeddable":true,"href":"https:\/\/www.retaildetail.be\/fr\/wp-json\/wp\/v2\/extra?post=143919"},{"taxonomy":"company","embeddable":true,"href":"https:\/\/www.retaildetail.be\/fr\/wp-json\/wp\/v2\/company?post=143919"},{"taxonomy":"topic","embeddable":true,"href":"https:\/\/www.retaildetail.be\/fr\/wp-json\/wp\/v2\/topic?post=143919"},{"taxonomy":"region","embeddable":true,"href":"https:\/\/www.retaildetail.be\/fr\/wp-json\/wp\/v2\/region?post=143919"}],"curies":[{"name":"wp","href":"https:\/\/api.w.org\/{rel}","templated":true}]}}