{"id":143936,"date":"2026-03-13T08:46:47","date_gmt":"2026-03-13T07:46:47","guid":{"rendered":"https:\/\/www.retaildetail.be\/?p=143936"},"modified":"2026-03-13T08:46:49","modified_gmt":"2026-03-13T07:46:49","slug":"remko-rijnders-devient-pdg-de-ceconomy-proprietaire-de-mediamarkt","status":"publish","type":"post","link":"https:\/\/www.retaildetail.be\/fr\/news\/electro\/remko-rijnders-devient-pdg-de-ceconomy-proprietaire-de-mediamarkt\/","title":{"rendered":"Remko Rijnders devient CEO de Ceconomy, propri\u00e9taire de MediaMarkt"},"content":{"rendered":"\n<p>Ce qui \u00e9tait attendu est d\u00e9sormais confirm\u00e9 : <strong>Ceconomy<\/strong>, propri\u00e9taire des cha\u00eenes d&rsquo;\u00e9lectrom\u00e9nager <strong>MediaMarkt<\/strong> et <strong>Saturn<\/strong>, nomme le N\u00e9erlandais Remko Rijnders au poste de CEO \u00e0 compter du 1er juillet. Parall\u00e8lement, le d\u00e9taillant nomme l&rsquo;Allemand Jan Niclas Brandt au poste de directeur de la client\u00e8le.<\/p>\n\n\n\n<h2 class=\"wp-block-heading\">\u00ab Mettre encore plus l&rsquo;accent sur le client \u00bb<\/h2>\n\n\n\n<p>Rijnders succ\u00e8de \u00e0 Kai-Ulrich Deissner, <a href=\"https:\/\/www.retaildetail.be\/fr\/news\/electro\/le-pdg-de-ceconomy-demissionne-apres-seulement-neuf-mois\/\">qui quitte l&rsquo;entreprise pour des raisons personnelles<\/a>. Il travaille depuis 17 ans chez MediaMarktSaturn, o\u00f9 il a occup\u00e9 divers postes de direction, notamment celui de directeur des op\u00e9rations du groupe MediaMarktSaturn Retail et des fonctions de direction au Benelux, en Espagne, en Pologne et en Turquie.<\/p>\n\n\n\n<p>Parall\u00e8lement, Ceconomy \u00e9largit son conseil d&rsquo;administration \u00e0 partir du 1er avril avec la fonction de Chief Customer Officer (CCO). Ce poste sera occup\u00e9 par Jan Niclas Brandt, qui dirige actuellement les organisations autrichienne et suisse. Auparavant, il \u00e9tait CEO pour l&rsquo;Autriche et la Suisse, Chief Commercial Officer de MediaMarkt Autriche et VP Corporate Strategy.<\/p>\n\n\n\n<p>\u00ab Cette mesure souligne notre ambition de placer encore davantage nos clients au centre de toutes nos activit\u00e9s \u00bb, d\u00e9clare l&rsquo;entreprise. La succession de Remko Rijnders au poste de CFO sera d\u00e9cid\u00e9e s\u00e9par\u00e9ment par le conseil de surveillance. Ce changement de direction intervient \u00e0 un moment important pour le groupe : l&rsquo;acquisition par le g\u00e9ant chinois <strong>JD.com<\/strong> devrait \u00eatre d\u00e9finitivement finalis\u00e9e avant l&rsquo;\u00e9t\u00e9.<\/p>\n","protected":false},"excerpt":{"rendered":"<p>Ce qui \u00e9tait attendu est d\u00e9sormais confirm\u00e9 : Ceconomy, propri\u00e9taire des cha\u00eenes d&rsquo;\u00e9lectrom\u00e9nager MediaMarkt et Saturn, nomme le N\u00e9erlandais Remko Rijnders au poste de PDG \u00e0 compter du 1er juillet. Parall\u00e8lement, le d\u00e9taillant nomme l&rsquo;Allemand Jan Niclas Brandt au poste de directeur de la client\u00e8le. <\/p>\n","protected":false},"author":3,"featured_media":143937,"comment_status":"closed","ping_status":"closed","sticky":false,"template":"","format":"standard","meta":{"_acf_changed":false,"inline_featured_image":false,"_jetpack_memberships_contains_paid_content":false,"footnotes":""},"categories":[23,17],"tags":[],"people":[],"extra":[],"company":[426],"topic":[609],"region":[],"class_list":["post-143936","post","type-post","status-publish","format-standard","has-post-thumbnail","hentry","category-electro","category-elektro","company-ceconomy","topic-changement-de-direction"],"acf":[],"yoast_head":"<!-- This site is optimized with the Yoast SEO plugin v27.3 - https:\/\/yoast.com\/product\/yoast-seo-wordpress\/ -->\n<title>Remko Rijnders devient CEO de Ceconomy, propri\u00e9taire de MediaMarkt - RetailDetail BE<\/title>\n<meta name=\"description\" content=\"Ce qui \u00e9tait attendu est d\u00e9sormais confirm\u00e9 : Ceconomy, propri\u00e9taire des cha\u00eenes d&#039;\u00e9lectrom\u00e9nager MediaMarkt et Saturn, nomme le N\u00e9erlandais Remko Rijnders au poste de CEO.\" \/>\n<meta name=\"robots\" content=\"index, follow, max-snippet:-1, max-image-preview:large, max-video-preview:-1\" \/>\n<link rel=\"canonical\" href=\"https:\/\/www.retaildetail.be\/fr\/news\/electro\/remko-rijnders-devient-pdg-de-ceconomy-proprietaire-de-mediamarkt\/\" \/>\n<meta property=\"og:locale\" content=\"fr_FR\" \/>\n<meta property=\"og:type\" content=\"article\" \/>\n<meta property=\"og:title\" content=\"Remko Rijnders devient CEO de Ceconomy, propri\u00e9taire de MediaMarkt - RetailDetail BE\" \/>\n<meta property=\"og:description\" content=\"Ce qui \u00e9tait attendu est d\u00e9sormais confirm\u00e9 : Ceconomy, propri\u00e9taire des cha\u00eenes d&#039;\u00e9lectrom\u00e9nager MediaMarkt et Saturn, nomme le N\u00e9erlandais Remko Rijnders au poste de CEO.\" \/>\n<meta property=\"og:url\" content=\"https:\/\/www.retaildetail.be\/fr\/news\/electro\/remko-rijnders-devient-pdg-de-ceconomy-proprietaire-de-mediamarkt\/\" \/>\n<meta property=\"og:site_name\" content=\"RetailDetail BE\" \/>\n<meta property=\"article:published_time\" content=\"2026-03-13T07:46:47+00:00\" \/>\n<meta property=\"article:modified_time\" content=\"2026-03-13T07:46:49+00:00\" \/>\n<meta property=\"og:image\" content=\"https:\/\/www.retaildetail.be\/wp-content\/uploads\/2026\/03\/Ceconomy-Leadership-2026-1.jpg\" \/>\n\t<meta property=\"og:image:width\" content=\"1152\" \/>\n\t<meta property=\"og:image:height\" content=\"712\" \/>\n\t<meta property=\"og:image:type\" content=\"image\/jpeg\" \/>\n<meta name=\"author\" content=\"Stefan Van Rompaey\" \/>\n<meta name=\"twitter:card\" content=\"summary_large_image\" \/>\n<meta name=\"twitter:label1\" content=\"\u00c9crit par\" \/>\n\t<meta name=\"twitter:data1\" content=\"Stefan Van Rompaey\" \/>\n\t<meta name=\"twitter:label2\" content=\"Dur\u00e9e de lecture estim\u00e9e\" \/>\n\t<meta name=\"twitter:data2\" content=\"1 minute\" \/>\n<script type=\"application\/ld+json\" class=\"yoast-schema-graph\">{\"@context\":\"https:\\\/\\\/schema.org\",\"@graph\":[{\"@type\":\"NewsArticle\",\"@id\":\"https:\\\/\\\/www.retaildetail.be\\\/fr\\\/news\\\/electro\\\/remko-rijnders-devient-pdg-de-ceconomy-proprietaire-de-mediamarkt\\\/#article\",\"isPartOf\":{\"@id\":\"https:\\\/\\\/www.retaildetail.be\\\/fr\\\/news\\\/electro\\\/remko-rijnders-devient-pdg-de-ceconomy-proprietaire-de-mediamarkt\\\/\"},\"author\":{\"name\":\"Stefan Van Rompaey\",\"@id\":\"https:\\\/\\\/www.retaildetail.be\\\/nl\\\/#\\\/schema\\\/person\\\/51aec6069c4416aa2f68b2e4ff3455df\"},\"headline\":\"Remko Rijnders devient CEO de Ceconomy, propri\u00e9taire de MediaMarkt\",\"datePublished\":\"2026-03-13T07:46:47+00:00\",\"dateModified\":\"2026-03-13T07:46:49+00:00\",\"mainEntityOfPage\":{\"@id\":\"https:\\\/\\\/www.retaildetail.be\\\/fr\\\/news\\\/electro\\\/remko-rijnders-devient-pdg-de-ceconomy-proprietaire-de-mediamarkt\\\/\"},\"wordCount\":251,\"publisher\":{\"@id\":\"https:\\\/\\\/www.retaildetail.be\\\/nl\\\/#organization\"},\"image\":{\"@id\":\"https:\\\/\\\/www.retaildetail.be\\\/fr\\\/news\\\/electro\\\/remko-rijnders-devient-pdg-de-ceconomy-proprietaire-de-mediamarkt\\\/#primaryimage\"},\"thumbnailUrl\":\"https:\\\/\\\/www.retaildetail.be\\\/wp-content\\\/uploads\\\/2026\\\/03\\\/Ceconomy-Leadership-2026-1.jpg\",\"articleSection\":[\"Electro\",\"Elektro\"],\"inLanguage\":\"fr-FR\",\"copyrightYear\":\"2026\",\"copyrightHolder\":{\"@id\":\"https:\\\/\\\/www.retaildetail.be\\\/#organization\"}},{\"@type\":\"WebPage\",\"@id\":\"https:\\\/\\\/www.retaildetail.be\\\/fr\\\/news\\\/electro\\\/remko-rijnders-devient-pdg-de-ceconomy-proprietaire-de-mediamarkt\\\/\",\"url\":\"https:\\\/\\\/www.retaildetail.be\\\/fr\\\/news\\\/electro\\\/remko-rijnders-devient-pdg-de-ceconomy-proprietaire-de-mediamarkt\\\/\",\"name\":\"Remko Rijnders devient CEO de Ceconomy, propri\u00e9taire de MediaMarkt - RetailDetail BE\",\"isPartOf\":{\"@id\":\"https:\\\/\\\/www.retaildetail.be\\\/nl\\\/#website\"},\"primaryImageOfPage\":{\"@id\":\"https:\\\/\\\/www.retaildetail.be\\\/fr\\\/news\\\/electro\\\/remko-rijnders-devient-pdg-de-ceconomy-proprietaire-de-mediamarkt\\\/#primaryimage\"},\"image\":{\"@id\":\"https:\\\/\\\/www.retaildetail.be\\\/fr\\\/news\\\/electro\\\/remko-rijnders-devient-pdg-de-ceconomy-proprietaire-de-mediamarkt\\\/#primaryimage\"},\"thumbnailUrl\":\"https:\\\/\\\/www.retaildetail.be\\\/wp-content\\\/uploads\\\/2026\\\/03\\\/Ceconomy-Leadership-2026-1.jpg\",\"datePublished\":\"2026-03-13T07:46:47+00:00\",\"dateModified\":\"2026-03-13T07:46:49+00:00\",\"description\":\"Ce qui \u00e9tait attendu est d\u00e9sormais confirm\u00e9 : Ceconomy, propri\u00e9taire des cha\u00eenes d'\u00e9lectrom\u00e9nager MediaMarkt et Saturn, nomme le N\u00e9erlandais Remko Rijnders au poste de CEO.\",\"breadcrumb\":{\"@id\":\"https:\\\/\\\/www.retaildetail.be\\\/fr\\\/news\\\/electro\\\/remko-rijnders-devient-pdg-de-ceconomy-proprietaire-de-mediamarkt\\\/#breadcrumb\"},\"inLanguage\":\"fr-FR\",\"potentialAction\":[{\"@type\":\"ReadAction\",\"target\":[\"https:\\\/\\\/www.retaildetail.be\\\/fr\\\/news\\\/electro\\\/remko-rijnders-devient-pdg-de-ceconomy-proprietaire-de-mediamarkt\\\/\"]}]},{\"@type\":\"ImageObject\",\"inLanguage\":\"fr-FR\",\"@id\":\"https:\\\/\\\/www.retaildetail.be\\\/fr\\\/news\\\/electro\\\/remko-rijnders-devient-pdg-de-ceconomy-proprietaire-de-mediamarkt\\\/#primaryimage\",\"url\":\"https:\\\/\\\/www.retaildetail.be\\\/wp-content\\\/uploads\\\/2026\\\/03\\\/Ceconomy-Leadership-2026-1.jpg\",\"contentUrl\":\"https:\\\/\\\/www.retaildetail.be\\\/wp-content\\\/uploads\\\/2026\\\/03\\\/Ceconomy-Leadership-2026-1.jpg\",\"width\":1152,\"height\":712,\"caption\":\"Remko Rijnders & Jan Niclas Brandt, Ceconomy\"},{\"@type\":\"BreadcrumbList\",\"@id\":\"https:\\\/\\\/www.retaildetail.be\\\/fr\\\/news\\\/electro\\\/remko-rijnders-devient-pdg-de-ceconomy-proprietaire-de-mediamarkt\\\/#breadcrumb\",\"itemListElement\":[{\"@type\":\"ListItem\",\"position\":1,\"name\":\"Home\",\"item\":\"https:\\\/\\\/www.retaildetail.be\\\/fr\\\/\"},{\"@type\":\"ListItem\",\"position\":2,\"name\":\"Remko Rijnders devient CEO de Ceconomy, propri\u00e9taire de MediaMarkt\"}]},{\"@type\":\"WebSite\",\"@id\":\"https:\\\/\\\/www.retaildetail.be\\\/nl\\\/#website\",\"url\":\"https:\\\/\\\/www.retaildetail.be\\\/nl\\\/\",\"name\":\"RetailDetail BE\",\"description\":\"News\",\"publisher\":{\"@id\":\"https:\\\/\\\/www.retaildetail.be\\\/nl\\\/#organization\"},\"potentialAction\":[{\"@type\":\"SearchAction\",\"target\":{\"@type\":\"EntryPoint\",\"urlTemplate\":\"https:\\\/\\\/www.retaildetail.be\\\/nl\\\/?s={search_term_string}\"},\"query-input\":{\"@type\":\"PropertyValueSpecification\",\"valueRequired\":true,\"valueName\":\"search_term_string\"}}],\"inLanguage\":\"fr-FR\"},{\"@type\":\"Organization\",\"@id\":\"https:\\\/\\\/www.retaildetail.be\\\/nl\\\/#organization\",\"name\":\"RetailDetail BE\",\"url\":\"https:\\\/\\\/www.retaildetail.be\\\/nl\\\/\",\"logo\":{\"@type\":\"ImageObject\",\"inLanguage\":\"fr-FR\",\"@id\":\"https:\\\/\\\/www.retaildetail.be\\\/nl\\\/#\\\/schema\\\/logo\\\/image\\\/\",\"url\":\"https:\\\/\\\/www.retaildetail.be\\\/wp-content\\\/uploads\\\/2022\\\/04\\\/logo.svg\",\"contentUrl\":\"https:\\\/\\\/www.retaildetail.be\\\/wp-content\\\/uploads\\\/2022\\\/04\\\/logo.svg\",\"width\":131,\"height\":70,\"caption\":\"RetailDetail BE\"},\"image\":{\"@id\":\"https:\\\/\\\/www.retaildetail.be\\\/nl\\\/#\\\/schema\\\/logo\\\/image\\\/\"}},{\"@type\":\"Person\",\"@id\":\"https:\\\/\\\/www.retaildetail.be\\\/nl\\\/#\\\/schema\\\/person\\\/51aec6069c4416aa2f68b2e4ff3455df\",\"name\":\"Stefan Van Rompaey\",\"image\":{\"@type\":\"ImageObject\",\"inLanguage\":\"fr-FR\",\"@id\":\"https:\\\/\\\/secure.gravatar.com\\\/avatar\\\/fbbb4a80a0f109888b2a5ab8ae255617499ecde533749b3ab2fa6c23b5d65dac?s=96&d=mm&r=g\",\"url\":\"https:\\\/\\\/secure.gravatar.com\\\/avatar\\\/fbbb4a80a0f109888b2a5ab8ae255617499ecde533749b3ab2fa6c23b5d65dac?s=96&d=mm&r=g\",\"contentUrl\":\"https:\\\/\\\/secure.gravatar.com\\\/avatar\\\/fbbb4a80a0f109888b2a5ab8ae255617499ecde533749b3ab2fa6c23b5d65dac?s=96&d=mm&r=g\",\"caption\":\"Stefan Van Rompaey\"},\"url\":\"https:\\\/\\\/www.retaildetail.be\\\/fr\\\/author\\\/stefanvanrompaey\\\/\"}]}<\/script>\n<!-- \/ Yoast SEO plugin. -->","yoast_head_json":{"title":"Remko Rijnders devient CEO de Ceconomy, propri\u00e9taire de MediaMarkt - RetailDetail BE","description":"Ce qui \u00e9tait attendu est d\u00e9sormais confirm\u00e9 : Ceconomy, propri\u00e9taire des cha\u00eenes d'\u00e9lectrom\u00e9nager MediaMarkt et Saturn, nomme le N\u00e9erlandais Remko Rijnders au poste de CEO.","robots":{"index":"index","follow":"follow","max-snippet":"max-snippet:-1","max-image-preview":"max-image-preview:large","max-video-preview":"max-video-preview:-1"},"canonical":"https:\/\/www.retaildetail.be\/fr\/news\/electro\/remko-rijnders-devient-pdg-de-ceconomy-proprietaire-de-mediamarkt\/","og_locale":"fr_FR","og_type":"article","og_title":"Remko Rijnders devient CEO de Ceconomy, propri\u00e9taire de MediaMarkt - RetailDetail BE","og_description":"Ce qui \u00e9tait attendu est d\u00e9sormais confirm\u00e9 : Ceconomy, propri\u00e9taire des cha\u00eenes d'\u00e9lectrom\u00e9nager MediaMarkt et Saturn, nomme le N\u00e9erlandais Remko Rijnders au poste de CEO.","og_url":"https:\/\/www.retaildetail.be\/fr\/news\/electro\/remko-rijnders-devient-pdg-de-ceconomy-proprietaire-de-mediamarkt\/","og_site_name":"RetailDetail BE","article_published_time":"2026-03-13T07:46:47+00:00","article_modified_time":"2026-03-13T07:46:49+00:00","og_image":[{"width":1152,"height":712,"url":"https:\/\/www.retaildetail.be\/wp-content\/uploads\/2026\/03\/Ceconomy-Leadership-2026-1.jpg","type":"image\/jpeg"}],"author":"Stefan Van Rompaey","twitter_card":"summary_large_image","twitter_misc":{"\u00c9crit par":"Stefan Van Rompaey","Dur\u00e9e de lecture estim\u00e9e":"1 minute"},"schema":{"@context":"https:\/\/schema.org","@graph":[{"@type":"NewsArticle","@id":"https:\/\/www.retaildetail.be\/fr\/news\/electro\/remko-rijnders-devient-pdg-de-ceconomy-proprietaire-de-mediamarkt\/#article","isPartOf":{"@id":"https:\/\/www.retaildetail.be\/fr\/news\/electro\/remko-rijnders-devient-pdg-de-ceconomy-proprietaire-de-mediamarkt\/"},"author":{"name":"Stefan Van Rompaey","@id":"https:\/\/www.retaildetail.be\/nl\/#\/schema\/person\/51aec6069c4416aa2f68b2e4ff3455df"},"headline":"Remko Rijnders devient CEO de Ceconomy, propri\u00e9taire de MediaMarkt","datePublished":"2026-03-13T07:46:47+00:00","dateModified":"2026-03-13T07:46:49+00:00","mainEntityOfPage":{"@id":"https:\/\/www.retaildetail.be\/fr\/news\/electro\/remko-rijnders-devient-pdg-de-ceconomy-proprietaire-de-mediamarkt\/"},"wordCount":251,"publisher":{"@id":"https:\/\/www.retaildetail.be\/nl\/#organization"},"image":{"@id":"https:\/\/www.retaildetail.be\/fr\/news\/electro\/remko-rijnders-devient-pdg-de-ceconomy-proprietaire-de-mediamarkt\/#primaryimage"},"thumbnailUrl":"https:\/\/www.retaildetail.be\/wp-content\/uploads\/2026\/03\/Ceconomy-Leadership-2026-1.jpg","articleSection":["Electro","Elektro"],"inLanguage":"fr-FR","copyrightYear":"2026","copyrightHolder":{"@id":"https:\/\/www.retaildetail.be\/#organization"}},{"@type":"WebPage","@id":"https:\/\/www.retaildetail.be\/fr\/news\/electro\/remko-rijnders-devient-pdg-de-ceconomy-proprietaire-de-mediamarkt\/","url":"https:\/\/www.retaildetail.be\/fr\/news\/electro\/remko-rijnders-devient-pdg-de-ceconomy-proprietaire-de-mediamarkt\/","name":"Remko Rijnders devient CEO de Ceconomy, propri\u00e9taire de MediaMarkt - RetailDetail BE","isPartOf":{"@id":"https:\/\/www.retaildetail.be\/nl\/#website"},"primaryImageOfPage":{"@id":"https:\/\/www.retaildetail.be\/fr\/news\/electro\/remko-rijnders-devient-pdg-de-ceconomy-proprietaire-de-mediamarkt\/#primaryimage"},"image":{"@id":"https:\/\/www.retaildetail.be\/fr\/news\/electro\/remko-rijnders-devient-pdg-de-ceconomy-proprietaire-de-mediamarkt\/#primaryimage"},"thumbnailUrl":"https:\/\/www.retaildetail.be\/wp-content\/uploads\/2026\/03\/Ceconomy-Leadership-2026-1.jpg","datePublished":"2026-03-13T07:46:47+00:00","dateModified":"2026-03-13T07:46:49+00:00","description":"Ce qui \u00e9tait attendu est d\u00e9sormais confirm\u00e9 : Ceconomy, propri\u00e9taire des cha\u00eenes d'\u00e9lectrom\u00e9nager MediaMarkt et Saturn, nomme le N\u00e9erlandais Remko Rijnders au poste de CEO.","breadcrumb":{"@id":"https:\/\/www.retaildetail.be\/fr\/news\/electro\/remko-rijnders-devient-pdg-de-ceconomy-proprietaire-de-mediamarkt\/#breadcrumb"},"inLanguage":"fr-FR","potentialAction":[{"@type":"ReadAction","target":["https:\/\/www.retaildetail.be\/fr\/news\/electro\/remko-rijnders-devient-pdg-de-ceconomy-proprietaire-de-mediamarkt\/"]}]},{"@type":"ImageObject","inLanguage":"fr-FR","@id":"https:\/\/www.retaildetail.be\/fr\/news\/electro\/remko-rijnders-devient-pdg-de-ceconomy-proprietaire-de-mediamarkt\/#primaryimage","url":"https:\/\/www.retaildetail.be\/wp-content\/uploads\/2026\/03\/Ceconomy-Leadership-2026-1.jpg","contentUrl":"https:\/\/www.retaildetail.be\/wp-content\/uploads\/2026\/03\/Ceconomy-Leadership-2026-1.jpg","width":1152,"height":712,"caption":"Remko Rijnders & Jan Niclas Brandt, Ceconomy"},{"@type":"BreadcrumbList","@id":"https:\/\/www.retaildetail.be\/fr\/news\/electro\/remko-rijnders-devient-pdg-de-ceconomy-proprietaire-de-mediamarkt\/#breadcrumb","itemListElement":[{"@type":"ListItem","position":1,"name":"Home","item":"https:\/\/www.retaildetail.be\/fr\/"},{"@type":"ListItem","position":2,"name":"Remko Rijnders devient CEO de Ceconomy, propri\u00e9taire de MediaMarkt"}]},{"@type":"WebSite","@id":"https:\/\/www.retaildetail.be\/nl\/#website","url":"https:\/\/www.retaildetail.be\/nl\/","name":"RetailDetail BE","description":"News","publisher":{"@id":"https:\/\/www.retaildetail.be\/nl\/#organization"},"potentialAction":[{"@type":"SearchAction","target":{"@type":"EntryPoint","urlTemplate":"https:\/\/www.retaildetail.be\/nl\/?s={search_term_string}"},"query-input":{"@type":"PropertyValueSpecification","valueRequired":true,"valueName":"search_term_string"}}],"inLanguage":"fr-FR"},{"@type":"Organization","@id":"https:\/\/www.retaildetail.be\/nl\/#organization","name":"RetailDetail BE","url":"https:\/\/www.retaildetail.be\/nl\/","logo":{"@type":"ImageObject","inLanguage":"fr-FR","@id":"https:\/\/www.retaildetail.be\/nl\/#\/schema\/logo\/image\/","url":"https:\/\/www.retaildetail.be\/wp-content\/uploads\/2022\/04\/logo.svg","contentUrl":"https:\/\/www.retaildetail.be\/wp-content\/uploads\/2022\/04\/logo.svg","width":131,"height":70,"caption":"RetailDetail BE"},"image":{"@id":"https:\/\/www.retaildetail.be\/nl\/#\/schema\/logo\/image\/"}},{"@type":"Person","@id":"https:\/\/www.retaildetail.be\/nl\/#\/schema\/person\/51aec6069c4416aa2f68b2e4ff3455df","name":"Stefan Van Rompaey","image":{"@type":"ImageObject","inLanguage":"fr-FR","@id":"https:\/\/secure.gravatar.com\/avatar\/fbbb4a80a0f109888b2a5ab8ae255617499ecde533749b3ab2fa6c23b5d65dac?s=96&d=mm&r=g","url":"https:\/\/secure.gravatar.com\/avatar\/fbbb4a80a0f109888b2a5ab8ae255617499ecde533749b3ab2fa6c23b5d65dac?s=96&d=mm&r=g","contentUrl":"https:\/\/secure.gravatar.com\/avatar\/fbbb4a80a0f109888b2a5ab8ae255617499ecde533749b3ab2fa6c23b5d65dac?s=96&d=mm&r=g","caption":"Stefan Van Rompaey"},"url":"https:\/\/www.retaildetail.be\/fr\/author\/stefanvanrompaey\/"}]}},"jetpack_featured_media_url":"https:\/\/www.retaildetail.be\/wp-content\/uploads\/2026\/03\/Ceconomy-Leadership-2026-1.jpg","jetpack_sharing_enabled":true,"_links":{"self":[{"href":"https:\/\/www.retaildetail.be\/fr\/wp-json\/wp\/v2\/posts\/143936","targetHints":{"allow":["GET"]}}],"collection":[{"href":"https:\/\/www.retaildetail.be\/fr\/wp-json\/wp\/v2\/posts"}],"about":[{"href":"https:\/\/www.retaildetail.be\/fr\/wp-json\/wp\/v2\/types\/post"}],"author":[{"embeddable":true,"href":"https:\/\/www.retaildetail.be\/fr\/wp-json\/wp\/v2\/users\/3"}],"replies":[{"embeddable":true,"href":"https:\/\/www.retaildetail.be\/fr\/wp-json\/wp\/v2\/comments?post=143936"}],"version-history":[{"count":1,"href":"https:\/\/www.retaildetail.be\/fr\/wp-json\/wp\/v2\/posts\/143936\/revisions"}],"predecessor-version":[{"id":143938,"href":"https:\/\/www.retaildetail.be\/fr\/wp-json\/wp\/v2\/posts\/143936\/revisions\/143938"}],"wp:featuredmedia":[{"embeddable":true,"href":"https:\/\/www.retaildetail.be\/fr\/wp-json\/wp\/v2\/media\/143937"}],"wp:attachment":[{"href":"https:\/\/www.retaildetail.be\/fr\/wp-json\/wp\/v2\/media?parent=143936"}],"wp:term":[{"taxonomy":"category","embeddable":true,"href":"https:\/\/www.retaildetail.be\/fr\/wp-json\/wp\/v2\/categories?post=143936"},{"taxonomy":"post_tag","embeddable":true,"href":"https:\/\/www.retaildetail.be\/fr\/wp-json\/wp\/v2\/tags?post=143936"},{"taxonomy":"people","embeddable":true,"href":"https:\/\/www.retaildetail.be\/fr\/wp-json\/wp\/v2\/people?post=143936"},{"taxonomy":"extra","embeddable":true,"href":"https:\/\/www.retaildetail.be\/fr\/wp-json\/wp\/v2\/extra?post=143936"},{"taxonomy":"company","embeddable":true,"href":"https:\/\/www.retaildetail.be\/fr\/wp-json\/wp\/v2\/company?post=143936"},{"taxonomy":"topic","embeddable":true,"href":"https:\/\/www.retaildetail.be\/fr\/wp-json\/wp\/v2\/topic?post=143936"},{"taxonomy":"region","embeddable":true,"href":"https:\/\/www.retaildetail.be\/fr\/wp-json\/wp\/v2\/region?post=143936"}],"curies":[{"name":"wp","href":"https:\/\/api.w.org\/{rel}","templated":true}]}}