{"id":143986,"date":"2026-03-13T14:27:29","date_gmt":"2026-03-13T13:27:29","guid":{"rendered":"https:\/\/www.retaildetail.be\/?p=143986"},"modified":"2026-03-13T14:27:31","modified_gmt":"2026-03-13T13:27:31","slug":"dicks-sporting-goods-mise-sur-foot-locker-et-la-coupe-du-monde-pour-assurer-sa-croissance","status":"publish","type":"post","link":"https:\/\/www.retaildetail.be\/fr\/news\/mode\/dicks-sporting-goods-mise-sur-foot-locker-et-la-coupe-du-monde-pour-assurer-sa-croissance\/","title":{"rendered":"Dick&rsquo;s Sporting Goods mise sur Foot Locker et la Coupe du monde pour assurer sa croissance"},"content":{"rendered":"\n<p>Chez <strong>Dick\u2019s Sporting Goods<\/strong>, les ventes ont battu des records, tant au quatri\u00e8me trimestre que pour l\u2019exercice clos le 31 janvier. Le d\u00e9taillant pr\u00e9voit une nouvelle hausse de son chiffre d\u2019affaires et de ses b\u00e9n\u00e9fices en 2026, gr\u00e2ce \u00e0 de nouveaux formats et \u00e0 l\u2019acquisition de <strong>Foot Locker<\/strong>.<\/p>\n\n\n\n<h2 class=\"wp-block-heading\">\u00ab \u00c0 la crois\u00e9e du sport et de la culture \u00bb<\/h2>\n\n\n\n<p>Pour l&rsquo;ensemble de l&rsquo;ann\u00e9e 2025, Dick\u2019s affiche un chiffre d&rsquo;affaires net consolid\u00e9 de 17,22 milliards de dollars (15,04 milliards d&rsquo;euros), soit 28 % de plus que l&rsquo;ann\u00e9e pr\u00e9c\u00e9dente. Le groupe am\u00e9ricain de distribution d&rsquo;articles de sport a enregistr\u00e9 une croissance comparable de son chiffre d&rsquo;affaires de 3,1 % au quatri\u00e8me trimestre. Le b\u00e9n\u00e9fice par action s&rsquo;est \u00e9tabli \u00e0 14,58 dollars (12,74 euros), contre 14,05 dollars (12,27 euros) un an plus t\u00f4t.<\/p>\n\n\n\n<p>La pr\u00e9sidente-directrice g\u00e9n\u00e9rale Lauren Hobart affirme que l\u2019entreprise est \u00ab parfaitement positionn\u00e9e \u00e0 la crois\u00e9e du sport et de la culture \u00bb. Mme Hobart constate une croissance dans toutes les cat\u00e9gories, mais note surtout une forte dynamique dans les chaussures de course et les sports d\u2019\u00e9quipe. Le groupe souligne le r\u00f4le de partenaires strat\u00e9giques tels que <strong>Nike et <\/strong> <strong>Adidas<\/strong>. Dick\u2019s est par ailleurs devenu le premier partenaire grossiste am\u00e9ricain de <strong>Gymshark et <\/strong>\u00e9tend son activit\u00e9 dans le domaine des objets de collection via <strong>Fanatics<\/strong>, avec notamment des \u00ab boutiques d\u00e9di\u00e9es \u00bb dans tous <strong>les magasins House of Sport<\/strong>.<\/p>\n\n\n\n<h2 class=\"wp-block-heading\">Foot Locker prend de l&rsquo;\u00e9lan<\/h2>\n\n\n\n<p>Depuis le rachat de Foot Locker en septembre dernier, Dick\u2019s proc\u00e8de parall\u00e8lement \u00e0 une rationalisation de sa division chaussures, sous la devise d\u2019un \u00ab grand nettoyage \u00bb. Dans onze magasins pilotes, le groupe teste un concept \u00ab Fast Break \u00bb, avec environ 30 % de chaussures en moins dans les rayons \u2013 des mod\u00e8les qui affichaient des performances insuffisantes.<\/p>\n\n\n\n<p>La nouvelle organisation a un tel effet positif sur les ventes que Dick&rsquo;s pr\u00e9voit de d\u00e9ployer ce concept dans environ 250 magasins aux \u00c9tats-Unis et en Europe d&rsquo;ici l&rsquo;automne prochain. Il semble en outre que moins de magasins Foot Locker devront fermer leurs portes que pr\u00e9vu initialement.<\/p>\n\n\n\n<h2 class=\"wp-block-heading\">La Coupe du monde de football, un coup de pouce<\/h2>\n\n\n\n<p>Pour 2026, Dick\u2019s vise un chiffre d\u2019affaires net compris entre 22,1 milliards de dollars (19,30 milliards d\u2019euros) et 22,4 milliards de dollars (19,57 milliards d\u2019euros). L\u2019entreprise estime son r\u00e9sultat d\u2019exploitation entre 1,71 milliard de dollars (1,49 milliard d\u2019euros) et 1,83 milliard de dollars (1,60 milliard d\u2019euros). <\/p>\n\n\n\n<p>Au cours du premier semestre, le groupe devrait tirer profit de la Coupe du monde de football, tandis que les synergies issues de l\u2019accord avec Foot Locker se feront surtout sentir au second semestre. Le d\u00e9taillant pr\u00e9voit \u00e9galement l\u2019ouverture de 14 magasins House of Sport suppl\u00e9mentaires et de 22 nouveaux magasins Dick\u2019s Field House. <\/p>\n","protected":false},"excerpt":{"rendered":"<p>Chez Dick\u2019s Sporting Goods, les ventes ont battu des records, tant au quatri\u00e8me trimestre que pour l\u2019exercice clos le 31 janvier. Le d\u00e9taillant pr\u00e9voit une nouvelle hausse de son chiffre d\u2019affaires et de ses b\u00e9n\u00e9fices en 2026, gr\u00e2ce \u00e0 de nouveaux formats et \u00e0 l\u2019acquisition de Foot Locker.<\/p>\n","protected":false},"author":5,"featured_media":143987,"comment_status":"closed","ping_status":"closed","sticky":false,"template":"","format":"standard","meta":{"_acf_changed":false,"inline_featured_image":false,"_jetpack_memberships_contains_paid_content":false,"footnotes":""},"categories":[14,22],"tags":[770],"people":[],"extra":[43],"company":[1309],"topic":[266],"region":[446],"class_list":{"0":"post-143986","1":"post","2":"type-post","3":"status-publish","4":"format-standard","5":"has-post-thumbnail","6":"hentry","7":"category-mode","9":"tag-sportmode","10":"extra-plus","11":"company-foot-locker","12":"topic-resultats-financiers","13":"region-etats-unis-2"},"acf":[],"yoast_head":"<!-- This site is optimized with the Yoast SEO plugin v27.3 - https:\/\/yoast.com\/product\/yoast-seo-wordpress\/ -->\n<title>Dick&#039;s Sporting Goods mise sur Foot Locker et la Coupe du monde pour assurer sa croissance - RetailDetail BE<\/title>\n<meta name=\"description\" content=\"Chez Dick\u2019s Sporting Goods, les ventes ont battu des records, tant au quatri\u00e8me trimestre que pour l\u2019exercice clos le 31 janvier.\" \/>\n<meta name=\"robots\" content=\"index, follow, max-snippet:-1, max-image-preview:large, max-video-preview:-1\" \/>\n<link rel=\"canonical\" href=\"https:\/\/www.retaildetail.be\/fr\/news\/mode\/dicks-sporting-goods-mise-sur-foot-locker-et-la-coupe-du-monde-pour-assurer-sa-croissance\/\" \/>\n<meta property=\"og:locale\" content=\"fr_FR\" \/>\n<meta property=\"og:type\" content=\"article\" \/>\n<meta property=\"og:title\" content=\"Dick&#039;s Sporting Goods mise sur Foot Locker et la Coupe du monde pour assurer sa croissance - RetailDetail BE\" \/>\n<meta property=\"og:description\" content=\"Chez Dick\u2019s Sporting Goods, les ventes ont battu des records, tant au quatri\u00e8me trimestre que pour l\u2019exercice clos le 31 janvier.\" \/>\n<meta property=\"og:url\" content=\"https:\/\/www.retaildetail.be\/fr\/news\/mode\/dicks-sporting-goods-mise-sur-foot-locker-et-la-coupe-du-monde-pour-assurer-sa-croissance\/\" \/>\n<meta property=\"og:site_name\" content=\"RetailDetail BE\" \/>\n<meta property=\"article:published_time\" content=\"2026-03-13T13:27:29+00:00\" \/>\n<meta property=\"article:modified_time\" content=\"2026-03-13T13:27:31+00:00\" \/>\n<meta property=\"og:image\" content=\"https:\/\/www.retaildetail.be\/wp-content\/uploads\/2026\/03\/footlocker-utrecht1-1.jpg\" \/>\n\t<meta property=\"og:image:width\" content=\"582\" \/>\n\t<meta property=\"og:image:height\" content=\"387\" \/>\n\t<meta property=\"og:image:type\" content=\"image\/jpeg\" \/>\n<meta name=\"author\" content=\"Pauline Neerman\" \/>\n<meta name=\"twitter:card\" content=\"summary_large_image\" \/>\n<meta name=\"twitter:label1\" content=\"\u00c9crit par\" \/>\n\t<meta name=\"twitter:data1\" content=\"Pauline Neerman\" \/>\n\t<meta name=\"twitter:label2\" content=\"Dur\u00e9e de lecture estim\u00e9e\" \/>\n\t<meta name=\"twitter:data2\" content=\"2 minutes\" \/>\n<script type=\"application\/ld+json\" class=\"yoast-schema-graph\">{\"@context\":\"https:\\\/\\\/schema.org\",\"@graph\":[{\"@type\":\"NewsArticle\",\"@id\":\"https:\\\/\\\/www.retaildetail.be\\\/fr\\\/news\\\/mode\\\/dicks-sporting-goods-mise-sur-foot-locker-et-la-coupe-du-monde-pour-assurer-sa-croissance\\\/#article\",\"isPartOf\":{\"@id\":\"https:\\\/\\\/www.retaildetail.be\\\/fr\\\/news\\\/mode\\\/dicks-sporting-goods-mise-sur-foot-locker-et-la-coupe-du-monde-pour-assurer-sa-croissance\\\/\"},\"author\":{\"name\":\"Pauline Neerman\",\"@id\":\"https:\\\/\\\/www.retaildetail.be\\\/nl\\\/#\\\/schema\\\/person\\\/66b54803fa10759039079458ea89e307\"},\"headline\":\"Dick&rsquo;s Sporting Goods mise sur Foot Locker et la Coupe du monde pour assurer sa croissance\",\"datePublished\":\"2026-03-13T13:27:29+00:00\",\"dateModified\":\"2026-03-13T13:27:31+00:00\",\"mainEntityOfPage\":{\"@id\":\"https:\\\/\\\/www.retaildetail.be\\\/fr\\\/news\\\/mode\\\/dicks-sporting-goods-mise-sur-foot-locker-et-la-coupe-du-monde-pour-assurer-sa-croissance\\\/\"},\"wordCount\":492,\"publisher\":{\"@id\":\"https:\\\/\\\/www.retaildetail.be\\\/nl\\\/#organization\"},\"image\":{\"@id\":\"https:\\\/\\\/www.retaildetail.be\\\/fr\\\/news\\\/mode\\\/dicks-sporting-goods-mise-sur-foot-locker-et-la-coupe-du-monde-pour-assurer-sa-croissance\\\/#primaryimage\"},\"thumbnailUrl\":\"https:\\\/\\\/www.retaildetail.be\\\/wp-content\\\/uploads\\\/2026\\\/03\\\/footlocker-utrecht1-1.jpg\",\"keywords\":[\"Sportmode\"],\"articleSection\":[\"Mode\",\"Mode\"],\"inLanguage\":\"fr-FR\",\"copyrightYear\":\"2026\",\"copyrightHolder\":{\"@id\":\"https:\\\/\\\/www.retaildetail.be\\\/#organization\"}},{\"@type\":\"WebPage\",\"@id\":\"https:\\\/\\\/www.retaildetail.be\\\/fr\\\/news\\\/mode\\\/dicks-sporting-goods-mise-sur-foot-locker-et-la-coupe-du-monde-pour-assurer-sa-croissance\\\/\",\"url\":\"https:\\\/\\\/www.retaildetail.be\\\/fr\\\/news\\\/mode\\\/dicks-sporting-goods-mise-sur-foot-locker-et-la-coupe-du-monde-pour-assurer-sa-croissance\\\/\",\"name\":\"Dick's Sporting Goods mise sur Foot Locker et la Coupe du monde pour assurer sa croissance - RetailDetail BE\",\"isPartOf\":{\"@id\":\"https:\\\/\\\/www.retaildetail.be\\\/nl\\\/#website\"},\"primaryImageOfPage\":{\"@id\":\"https:\\\/\\\/www.retaildetail.be\\\/fr\\\/news\\\/mode\\\/dicks-sporting-goods-mise-sur-foot-locker-et-la-coupe-du-monde-pour-assurer-sa-croissance\\\/#primaryimage\"},\"image\":{\"@id\":\"https:\\\/\\\/www.retaildetail.be\\\/fr\\\/news\\\/mode\\\/dicks-sporting-goods-mise-sur-foot-locker-et-la-coupe-du-monde-pour-assurer-sa-croissance\\\/#primaryimage\"},\"thumbnailUrl\":\"https:\\\/\\\/www.retaildetail.be\\\/wp-content\\\/uploads\\\/2026\\\/03\\\/footlocker-utrecht1-1.jpg\",\"datePublished\":\"2026-03-13T13:27:29+00:00\",\"dateModified\":\"2026-03-13T13:27:31+00:00\",\"description\":\"Chez Dick\u2019s Sporting Goods, les ventes ont battu des records, tant au quatri\u00e8me trimestre que pour l\u2019exercice clos le 31 janvier.\",\"breadcrumb\":{\"@id\":\"https:\\\/\\\/www.retaildetail.be\\\/fr\\\/news\\\/mode\\\/dicks-sporting-goods-mise-sur-foot-locker-et-la-coupe-du-monde-pour-assurer-sa-croissance\\\/#breadcrumb\"},\"inLanguage\":\"fr-FR\",\"potentialAction\":[{\"@type\":\"ReadAction\",\"target\":[\"https:\\\/\\\/www.retaildetail.be\\\/fr\\\/news\\\/mode\\\/dicks-sporting-goods-mise-sur-foot-locker-et-la-coupe-du-monde-pour-assurer-sa-croissance\\\/\"]}]},{\"@type\":\"ImageObject\",\"inLanguage\":\"fr-FR\",\"@id\":\"https:\\\/\\\/www.retaildetail.be\\\/fr\\\/news\\\/mode\\\/dicks-sporting-goods-mise-sur-foot-locker-et-la-coupe-du-monde-pour-assurer-sa-croissance\\\/#primaryimage\",\"url\":\"https:\\\/\\\/www.retaildetail.be\\\/wp-content\\\/uploads\\\/2026\\\/03\\\/footlocker-utrecht1-1.jpg\",\"contentUrl\":\"https:\\\/\\\/www.retaildetail.be\\\/wp-content\\\/uploads\\\/2026\\\/03\\\/footlocker-utrecht1-1.jpg\",\"width\":582,\"height\":387},{\"@type\":\"BreadcrumbList\",\"@id\":\"https:\\\/\\\/www.retaildetail.be\\\/fr\\\/news\\\/mode\\\/dicks-sporting-goods-mise-sur-foot-locker-et-la-coupe-du-monde-pour-assurer-sa-croissance\\\/#breadcrumb\",\"itemListElement\":[{\"@type\":\"ListItem\",\"position\":1,\"name\":\"Home\",\"item\":\"https:\\\/\\\/www.retaildetail.be\\\/fr\\\/\"},{\"@type\":\"ListItem\",\"position\":2,\"name\":\"Dick&#8217;s Sporting Goods mise sur Foot Locker et la Coupe du monde pour assurer sa croissance\"}]},{\"@type\":\"WebSite\",\"@id\":\"https:\\\/\\\/www.retaildetail.be\\\/nl\\\/#website\",\"url\":\"https:\\\/\\\/www.retaildetail.be\\\/nl\\\/\",\"name\":\"RetailDetail BE\",\"description\":\"News\",\"publisher\":{\"@id\":\"https:\\\/\\\/www.retaildetail.be\\\/nl\\\/#organization\"},\"potentialAction\":[{\"@type\":\"SearchAction\",\"target\":{\"@type\":\"EntryPoint\",\"urlTemplate\":\"https:\\\/\\\/www.retaildetail.be\\\/nl\\\/?s={search_term_string}\"},\"query-input\":{\"@type\":\"PropertyValueSpecification\",\"valueRequired\":true,\"valueName\":\"search_term_string\"}}],\"inLanguage\":\"fr-FR\"},{\"@type\":\"Organization\",\"@id\":\"https:\\\/\\\/www.retaildetail.be\\\/nl\\\/#organization\",\"name\":\"RetailDetail BE\",\"url\":\"https:\\\/\\\/www.retaildetail.be\\\/nl\\\/\",\"logo\":{\"@type\":\"ImageObject\",\"inLanguage\":\"fr-FR\",\"@id\":\"https:\\\/\\\/www.retaildetail.be\\\/nl\\\/#\\\/schema\\\/logo\\\/image\\\/\",\"url\":\"https:\\\/\\\/www.retaildetail.be\\\/wp-content\\\/uploads\\\/2022\\\/04\\\/logo.svg\",\"contentUrl\":\"https:\\\/\\\/www.retaildetail.be\\\/wp-content\\\/uploads\\\/2022\\\/04\\\/logo.svg\",\"width\":131,\"height\":70,\"caption\":\"RetailDetail BE\"},\"image\":{\"@id\":\"https:\\\/\\\/www.retaildetail.be\\\/nl\\\/#\\\/schema\\\/logo\\\/image\\\/\"}},{\"@type\":\"Person\",\"@id\":\"https:\\\/\\\/www.retaildetail.be\\\/nl\\\/#\\\/schema\\\/person\\\/66b54803fa10759039079458ea89e307\",\"name\":\"Pauline Neerman\",\"image\":{\"@type\":\"ImageObject\",\"inLanguage\":\"fr-FR\",\"@id\":\"https:\\\/\\\/secure.gravatar.com\\\/avatar\\\/58db22aee589a691f9603e5765ac06010427a923f9b2728b951eb7fe27214d70?s=96&d=mm&r=g\",\"url\":\"https:\\\/\\\/secure.gravatar.com\\\/avatar\\\/58db22aee589a691f9603e5765ac06010427a923f9b2728b951eb7fe27214d70?s=96&d=mm&r=g\",\"contentUrl\":\"https:\\\/\\\/secure.gravatar.com\\\/avatar\\\/58db22aee589a691f9603e5765ac06010427a923f9b2728b951eb7fe27214d70?s=96&d=mm&r=g\",\"caption\":\"Pauline Neerman\"},\"url\":\"https:\\\/\\\/www.retaildetail.be\\\/fr\\\/author\\\/paulineneerman\\\/\"}]}<\/script>\n<!-- \/ Yoast SEO plugin. -->","yoast_head_json":{"title":"Dick's Sporting Goods mise sur Foot Locker et la Coupe du monde pour assurer sa croissance - RetailDetail BE","description":"Chez Dick\u2019s Sporting Goods, les ventes ont battu des records, tant au quatri\u00e8me trimestre que pour l\u2019exercice clos le 31 janvier.","robots":{"index":"index","follow":"follow","max-snippet":"max-snippet:-1","max-image-preview":"max-image-preview:large","max-video-preview":"max-video-preview:-1"},"canonical":"https:\/\/www.retaildetail.be\/fr\/news\/mode\/dicks-sporting-goods-mise-sur-foot-locker-et-la-coupe-du-monde-pour-assurer-sa-croissance\/","og_locale":"fr_FR","og_type":"article","og_title":"Dick's Sporting Goods mise sur Foot Locker et la Coupe du monde pour assurer sa croissance - RetailDetail BE","og_description":"Chez Dick\u2019s Sporting Goods, les ventes ont battu des records, tant au quatri\u00e8me trimestre que pour l\u2019exercice clos le 31 janvier.","og_url":"https:\/\/www.retaildetail.be\/fr\/news\/mode\/dicks-sporting-goods-mise-sur-foot-locker-et-la-coupe-du-monde-pour-assurer-sa-croissance\/","og_site_name":"RetailDetail BE","article_published_time":"2026-03-13T13:27:29+00:00","article_modified_time":"2026-03-13T13:27:31+00:00","og_image":[{"width":582,"height":387,"url":"https:\/\/www.retaildetail.be\/wp-content\/uploads\/2026\/03\/footlocker-utrecht1-1.jpg","type":"image\/jpeg"}],"author":"Pauline Neerman","twitter_card":"summary_large_image","twitter_misc":{"\u00c9crit par":"Pauline Neerman","Dur\u00e9e de lecture estim\u00e9e":"2 minutes"},"schema":{"@context":"https:\/\/schema.org","@graph":[{"@type":"NewsArticle","@id":"https:\/\/www.retaildetail.be\/fr\/news\/mode\/dicks-sporting-goods-mise-sur-foot-locker-et-la-coupe-du-monde-pour-assurer-sa-croissance\/#article","isPartOf":{"@id":"https:\/\/www.retaildetail.be\/fr\/news\/mode\/dicks-sporting-goods-mise-sur-foot-locker-et-la-coupe-du-monde-pour-assurer-sa-croissance\/"},"author":{"name":"Pauline Neerman","@id":"https:\/\/www.retaildetail.be\/nl\/#\/schema\/person\/66b54803fa10759039079458ea89e307"},"headline":"Dick&rsquo;s Sporting Goods mise sur Foot Locker et la Coupe du monde pour assurer sa croissance","datePublished":"2026-03-13T13:27:29+00:00","dateModified":"2026-03-13T13:27:31+00:00","mainEntityOfPage":{"@id":"https:\/\/www.retaildetail.be\/fr\/news\/mode\/dicks-sporting-goods-mise-sur-foot-locker-et-la-coupe-du-monde-pour-assurer-sa-croissance\/"},"wordCount":492,"publisher":{"@id":"https:\/\/www.retaildetail.be\/nl\/#organization"},"image":{"@id":"https:\/\/www.retaildetail.be\/fr\/news\/mode\/dicks-sporting-goods-mise-sur-foot-locker-et-la-coupe-du-monde-pour-assurer-sa-croissance\/#primaryimage"},"thumbnailUrl":"https:\/\/www.retaildetail.be\/wp-content\/uploads\/2026\/03\/footlocker-utrecht1-1.jpg","keywords":["Sportmode"],"articleSection":["Mode","Mode"],"inLanguage":"fr-FR","copyrightYear":"2026","copyrightHolder":{"@id":"https:\/\/www.retaildetail.be\/#organization"}},{"@type":"WebPage","@id":"https:\/\/www.retaildetail.be\/fr\/news\/mode\/dicks-sporting-goods-mise-sur-foot-locker-et-la-coupe-du-monde-pour-assurer-sa-croissance\/","url":"https:\/\/www.retaildetail.be\/fr\/news\/mode\/dicks-sporting-goods-mise-sur-foot-locker-et-la-coupe-du-monde-pour-assurer-sa-croissance\/","name":"Dick's Sporting Goods mise sur Foot Locker et la Coupe du monde pour assurer sa croissance - RetailDetail BE","isPartOf":{"@id":"https:\/\/www.retaildetail.be\/nl\/#website"},"primaryImageOfPage":{"@id":"https:\/\/www.retaildetail.be\/fr\/news\/mode\/dicks-sporting-goods-mise-sur-foot-locker-et-la-coupe-du-monde-pour-assurer-sa-croissance\/#primaryimage"},"image":{"@id":"https:\/\/www.retaildetail.be\/fr\/news\/mode\/dicks-sporting-goods-mise-sur-foot-locker-et-la-coupe-du-monde-pour-assurer-sa-croissance\/#primaryimage"},"thumbnailUrl":"https:\/\/www.retaildetail.be\/wp-content\/uploads\/2026\/03\/footlocker-utrecht1-1.jpg","datePublished":"2026-03-13T13:27:29+00:00","dateModified":"2026-03-13T13:27:31+00:00","description":"Chez Dick\u2019s Sporting Goods, les ventes ont battu des records, tant au quatri\u00e8me trimestre que pour l\u2019exercice clos le 31 janvier.","breadcrumb":{"@id":"https:\/\/www.retaildetail.be\/fr\/news\/mode\/dicks-sporting-goods-mise-sur-foot-locker-et-la-coupe-du-monde-pour-assurer-sa-croissance\/#breadcrumb"},"inLanguage":"fr-FR","potentialAction":[{"@type":"ReadAction","target":["https:\/\/www.retaildetail.be\/fr\/news\/mode\/dicks-sporting-goods-mise-sur-foot-locker-et-la-coupe-du-monde-pour-assurer-sa-croissance\/"]}]},{"@type":"ImageObject","inLanguage":"fr-FR","@id":"https:\/\/www.retaildetail.be\/fr\/news\/mode\/dicks-sporting-goods-mise-sur-foot-locker-et-la-coupe-du-monde-pour-assurer-sa-croissance\/#primaryimage","url":"https:\/\/www.retaildetail.be\/wp-content\/uploads\/2026\/03\/footlocker-utrecht1-1.jpg","contentUrl":"https:\/\/www.retaildetail.be\/wp-content\/uploads\/2026\/03\/footlocker-utrecht1-1.jpg","width":582,"height":387},{"@type":"BreadcrumbList","@id":"https:\/\/www.retaildetail.be\/fr\/news\/mode\/dicks-sporting-goods-mise-sur-foot-locker-et-la-coupe-du-monde-pour-assurer-sa-croissance\/#breadcrumb","itemListElement":[{"@type":"ListItem","position":1,"name":"Home","item":"https:\/\/www.retaildetail.be\/fr\/"},{"@type":"ListItem","position":2,"name":"Dick&#8217;s Sporting Goods mise sur Foot Locker et la Coupe du monde pour assurer sa croissance"}]},{"@type":"WebSite","@id":"https:\/\/www.retaildetail.be\/nl\/#website","url":"https:\/\/www.retaildetail.be\/nl\/","name":"RetailDetail BE","description":"News","publisher":{"@id":"https:\/\/www.retaildetail.be\/nl\/#organization"},"potentialAction":[{"@type":"SearchAction","target":{"@type":"EntryPoint","urlTemplate":"https:\/\/www.retaildetail.be\/nl\/?s={search_term_string}"},"query-input":{"@type":"PropertyValueSpecification","valueRequired":true,"valueName":"search_term_string"}}],"inLanguage":"fr-FR"},{"@type":"Organization","@id":"https:\/\/www.retaildetail.be\/nl\/#organization","name":"RetailDetail BE","url":"https:\/\/www.retaildetail.be\/nl\/","logo":{"@type":"ImageObject","inLanguage":"fr-FR","@id":"https:\/\/www.retaildetail.be\/nl\/#\/schema\/logo\/image\/","url":"https:\/\/www.retaildetail.be\/wp-content\/uploads\/2022\/04\/logo.svg","contentUrl":"https:\/\/www.retaildetail.be\/wp-content\/uploads\/2022\/04\/logo.svg","width":131,"height":70,"caption":"RetailDetail BE"},"image":{"@id":"https:\/\/www.retaildetail.be\/nl\/#\/schema\/logo\/image\/"}},{"@type":"Person","@id":"https:\/\/www.retaildetail.be\/nl\/#\/schema\/person\/66b54803fa10759039079458ea89e307","name":"Pauline Neerman","image":{"@type":"ImageObject","inLanguage":"fr-FR","@id":"https:\/\/secure.gravatar.com\/avatar\/58db22aee589a691f9603e5765ac06010427a923f9b2728b951eb7fe27214d70?s=96&d=mm&r=g","url":"https:\/\/secure.gravatar.com\/avatar\/58db22aee589a691f9603e5765ac06010427a923f9b2728b951eb7fe27214d70?s=96&d=mm&r=g","contentUrl":"https:\/\/secure.gravatar.com\/avatar\/58db22aee589a691f9603e5765ac06010427a923f9b2728b951eb7fe27214d70?s=96&d=mm&r=g","caption":"Pauline Neerman"},"url":"https:\/\/www.retaildetail.be\/fr\/author\/paulineneerman\/"}]}},"jetpack_featured_media_url":"https:\/\/www.retaildetail.be\/wp-content\/uploads\/2026\/03\/footlocker-utrecht1-1.jpg","jetpack_sharing_enabled":true,"_links":{"self":[{"href":"https:\/\/www.retaildetail.be\/fr\/wp-json\/wp\/v2\/posts\/143986","targetHints":{"allow":["GET"]}}],"collection":[{"href":"https:\/\/www.retaildetail.be\/fr\/wp-json\/wp\/v2\/posts"}],"about":[{"href":"https:\/\/www.retaildetail.be\/fr\/wp-json\/wp\/v2\/types\/post"}],"author":[{"embeddable":true,"href":"https:\/\/www.retaildetail.be\/fr\/wp-json\/wp\/v2\/users\/5"}],"replies":[{"embeddable":true,"href":"https:\/\/www.retaildetail.be\/fr\/wp-json\/wp\/v2\/comments?post=143986"}],"version-history":[{"count":1,"href":"https:\/\/www.retaildetail.be\/fr\/wp-json\/wp\/v2\/posts\/143986\/revisions"}],"predecessor-version":[{"id":143990,"href":"https:\/\/www.retaildetail.be\/fr\/wp-json\/wp\/v2\/posts\/143986\/revisions\/143990"}],"wp:featuredmedia":[{"embeddable":true,"href":"https:\/\/www.retaildetail.be\/fr\/wp-json\/wp\/v2\/media\/143987"}],"wp:attachment":[{"href":"https:\/\/www.retaildetail.be\/fr\/wp-json\/wp\/v2\/media?parent=143986"}],"wp:term":[{"taxonomy":"category","embeddable":true,"href":"https:\/\/www.retaildetail.be\/fr\/wp-json\/wp\/v2\/categories?post=143986"},{"taxonomy":"post_tag","embeddable":true,"href":"https:\/\/www.retaildetail.be\/fr\/wp-json\/wp\/v2\/tags?post=143986"},{"taxonomy":"people","embeddable":true,"href":"https:\/\/www.retaildetail.be\/fr\/wp-json\/wp\/v2\/people?post=143986"},{"taxonomy":"extra","embeddable":true,"href":"https:\/\/www.retaildetail.be\/fr\/wp-json\/wp\/v2\/extra?post=143986"},{"taxonomy":"company","embeddable":true,"href":"https:\/\/www.retaildetail.be\/fr\/wp-json\/wp\/v2\/company?post=143986"},{"taxonomy":"topic","embeddable":true,"href":"https:\/\/www.retaildetail.be\/fr\/wp-json\/wp\/v2\/topic?post=143986"},{"taxonomy":"region","embeddable":true,"href":"https:\/\/www.retaildetail.be\/fr\/wp-json\/wp\/v2\/region?post=143986"}],"curies":[{"name":"wp","href":"https:\/\/api.w.org\/{rel}","templated":true}]}}