{"id":144063,"date":"2026-03-16T12:49:14","date_gmt":"2026-03-16T11:49:14","guid":{"rendered":"https:\/\/www.retaildetail.be\/?p=144063"},"modified":"2026-03-16T12:52:57","modified_gmt":"2026-03-16T11:52:57","slug":"opinion-les-15-ans-dalbert-heijn-ou-comment-le-secteur-belge-de-la-grande-distribution-alimentaire-a-ete-bouleverse-2","status":"publish","type":"post","link":"https:\/\/www.retaildetail.be\/fr\/news\/food\/opinion-les-15-ans-dalbert-heijn-ou-comment-le-secteur-belge-de-la-grande-distribution-alimentaire-a-ete-bouleverse-2\/","title":{"rendered":"[Opinion] Les 15 ans d&rsquo;Albert Heijn, ou comment la grande distribution belge a \u00e9t\u00e9 boulevers\u00e9"},"content":{"rendered":"\n<p>Le 16 mars 2011, il y a exactement 15 ans, <strong>Albert Heijn<\/strong> a ouvert son tout premier magasin en Belgique, \u00e0 Brasschaat. R\u00e9trospectivement, cela a marqu\u00e9 le d\u00e9but d&rsquo;une nouvelle \u00e8re pour le secteur de la grande distribution alimentaire dans le pays.<\/p>\n\n\n\n<h2 class=\"wp-block-heading\">Un tournant<\/h2>\n\n\n\n<p>\u00ab Cela peut para\u00eetre \u00e9trange \u00e0 dire, mais il y a 15 ans, d\u00e9but janvier, je me trouvais sur le parking du tout premier magasin Albert Heijn en Belgique \u00bb, raconte Jorg Snoeck, fondateur de RetailDetail. \u00ab \u00c0 ce moment-l\u00e0, personne ne savait encore exactement o\u00f9 ce premier magasin allait ouvrir. \u00bb<\/p>\n\n\n\n<p>\u00ab Alors que je m\u2019appr\u00eatais \u00e0 publier cette nouvelle, j\u2019ai soudain re\u00e7u un appel du si\u00e8ge social d\u2019AH. Sander van der Laan m\u2019a demand\u00e9 de garder le silence pour l\u2019instant. L\u2019accord \u00e9tait simple : j\u2019aurais l\u2019exclusivit\u00e9, mais c\u2019est Albert Heijn qui d\u00e9ciderait du moment opportun. C\u2019est ainsi que les choses se sont pass\u00e9es. L\u2019arriv\u00e9e d\u2019Albert Heijn s\u2019est av\u00e9r\u00e9e, r\u00e9trospectivement, \u00eatre un tournant. Non seulement pour la grande distribution alimentaire belge, mais aussi pour RetailDetail. \u00bb<\/p>\n\n\n\n<h2 class=\"wp-block-heading\">Un pr\u00e9curseur<\/h2>\n\n\n\n<p>Albert Heijn a introduit plusieurs \u00e9l\u00e9ments qui ont profond\u00e9ment boulevers\u00e9 le secteur : des promotions choc (tr\u00e8s critiqu\u00e9es, mais qui ont eu un impact), la gamme de produits de proximit\u00e9, les kits de produits frais qui simplifiaient la cuisine, et un lien fort avec des groupes cibles souvent n\u00e9glig\u00e9s par les autres d\u00e9taillants, comme les jeunes et les \u00ab nouveaux Belges \u00bb.<\/p>\n\n\n\n<p>Par ailleurs, AH s\u2019est positionn\u00e9 comme un pionnier technologique, avec une strat\u00e9gie de commerce \u00e9lectronique bien pens\u00e9e, un excellent niveau d\u2019ex\u00e9cution en magasin, une logistique juste \u00e0 temps, l\u2019application et l\u2019assistant IA.<\/p>\n\n\n\n<h2 class=\"wp-block-heading\">Le leader du march\u00e9 sous pression<\/h2>\n\n\n\n<p>Ce que beaucoup n\u2019avaient pas pr\u00e9vu \u00e0 l\u2019\u00e9poque, c\u2019\u00e9tait la compl\u00e9mentarit\u00e9 avec Delhaize. Les deux marques en sont finalement sorties renforc\u00e9es. Certains entrepreneurs de Delhaize ouvrent aujourd\u2019hui \u00e9galement des magasins AH et, ensemble, ils se dirigent vers le leadership du march\u00e9 en Flandre \u2013 et bient\u00f4t en Belgique aussi ?<\/p>\n\n\n\n<p>L&rsquo;impact sur le commerce alimentaire belge a \u00e9t\u00e9 consid\u00e9rable. On ne peut pas attribuer enti\u00e8rement \u00e0 Albert Heijn la disparition de Makro, Match, Cora et de plusieurs magasins Alvo et Carrefour, mais le nouveau venu a sans aucun doute accru la pression concurrentielle. Le leader du march\u00e9, Colruyt, est lui aussi soumis \u00e0 une forte pression.<\/p>\n\n\n\n<h2 class=\"wp-block-heading\">De nouvelles questions<\/h2>\n\n\n\n<p>Dans le m\u00eame temps, Albert Heijn est lui-m\u00eame confront\u00e9 \u00e0 de nouvelles questions. Le rythme de l\u2019expansion ralentit \u2013 la centaine de magasins n\u2019est pas encore en vue. Qui profitera bient\u00f4t d\u2019un \u00e9ventuel d\u00e9part de Carrefour ? Et qu\u2019en est-il de la Belgique francophone ? Il y a cinq ans, \u00e0 l\u2019occasion des dix ans d\u2019Albert Heijn en Belgique, nous avions interrog\u00e9 quelques experts qui s\u2019accordaient \u00e0<a href=\"https:\/\/www.retaildetail.be\/nl\/news\/food\/incomprehensible-albert-heijn-not-yet-active-wallonia\/\">dire<\/a>: \u00ab<a href=\"https:\/\/www.retaildetail.be\/fr\/news\/food\/incomprehensible-qualbert-heijn-nopere-pas-encore-en-wallonie\/\">La Belgique francophone est \u201cla prochaine fronti\u00e8re\u201d pour les N\u00e9erlandais<\/a>. \u00bb Mais Albert Heijn n\u2019a pas encore franchi le pas.<\/p>\n\n\n\n<p>Enfin : quelles priorit\u00e9s le nouveau PDG n\u00e9erlandais mettra-t-il en avant ? Une chose est s\u00fbre : l\u2019arriv\u00e9e d\u2019Albert Heijn a durablement transform\u00e9 le commerce alimentaire belge.<\/p>\n\n\n\n<p><\/p>\n","protected":false},"excerpt":{"rendered":"<p>Le 16 mars 2011, il y a exactement 15 ans, Albert Heijn a ouvert son tout premier magasin en Belgique, \u00e0 Brasschaat. R\u00e9trospectivement, cela a marqu\u00e9 le d\u00e9but d&rsquo;une nouvelle \u00e8re pour le secteur de la grande distribution alimentaire dans le pays.<\/p>\n","protected":false},"author":10,"featured_media":144064,"comment_status":"closed","ping_status":"closed","sticky":false,"template":"","format":"standard","meta":{"_acf_changed":false,"inline_featured_image":false,"_jetpack_memberships_contains_paid_content":false,"footnotes":""},"categories":[18,24],"tags":[],"people":[],"extra":[43],"company":[123],"topic":[275],"region":[226],"class_list":{"0":"post-144063","1":"post","2":"type-post","3":"status-publish","4":"format-standard","5":"has-post-thumbnail","6":"hentry","7":"category-food","9":"extra-plus","10":"company-albert-heijn","11":"topic-analyse","12":"region-belgique"},"acf":[],"yoast_head":"<!-- This site is optimized with the Yoast SEO plugin v27.3 - https:\/\/yoast.com\/product\/yoast-seo-wordpress\/ -->\n<title>[Opinion] Les 15 ans d&#039;Albert Heijn, ou comment la grande distribution belge a \u00e9t\u00e9 boulevers\u00e9 - RetailDetail BE<\/title>\n<meta name=\"description\" content=\"Le 16 mars 2011, il y a exactement 15 ans, Albert Heijn a ouvert son tout premier magasin en Belgique, \u00e0 Brasschaat. R\u00e9trospectivement, cela a marqu\u00e9 le d\u00e9but d&#039;une nouvelle \u00e8re pour le secteur de la grande distribution alimentaire dans le pays.\" \/>\n<meta name=\"robots\" content=\"index, follow, max-snippet:-1, max-image-preview:large, max-video-preview:-1\" \/>\n<link rel=\"canonical\" href=\"https:\/\/www.retaildetail.be\/fr\/news\/food\/opinion-les-15-ans-dalbert-heijn-ou-comment-le-secteur-belge-de-la-grande-distribution-alimentaire-a-ete-bouleverse-2\/\" \/>\n<meta property=\"og:locale\" content=\"fr_FR\" \/>\n<meta property=\"og:type\" content=\"article\" \/>\n<meta property=\"og:title\" content=\"[Opinion] Les 15 ans d&#039;Albert Heijn, ou comment la grande distribution belge a \u00e9t\u00e9 boulevers\u00e9 - RetailDetail BE\" \/>\n<meta property=\"og:description\" content=\"Le 16 mars 2011, il y a exactement 15 ans, Albert Heijn a ouvert son tout premier magasin en Belgique, \u00e0 Brasschaat. R\u00e9trospectivement, cela a marqu\u00e9 le d\u00e9but d&#039;une nouvelle \u00e8re pour le secteur de la grande distribution alimentaire dans le pays.\" \/>\n<meta property=\"og:url\" content=\"https:\/\/www.retaildetail.be\/fr\/news\/food\/opinion-les-15-ans-dalbert-heijn-ou-comment-le-secteur-belge-de-la-grande-distribution-alimentaire-a-ete-bouleverse-2\/\" \/>\n<meta property=\"og:site_name\" content=\"RetailDetail BE\" \/>\n<meta property=\"article:published_time\" content=\"2026-03-16T11:49:14+00:00\" \/>\n<meta property=\"article:modified_time\" content=\"2026-03-16T11:52:57+00:00\" \/>\n<meta property=\"og:image\" content=\"https:\/\/www.retaildetail.be\/wp-content\/uploads\/2026\/03\/TSxAHxOPENINGxBRUGGE-44-Aangepast-2.jpg\" \/>\n\t<meta property=\"og:image:width\" content=\"960\" \/>\n\t<meta property=\"og:image:height\" content=\"640\" \/>\n\t<meta property=\"og:image:type\" content=\"image\/jpeg\" \/>\n<meta name=\"author\" content=\"Jorg Snoeck\" \/>\n<meta name=\"twitter:card\" content=\"summary_large_image\" \/>\n<meta name=\"twitter:label1\" content=\"\u00c9crit par\" \/>\n\t<meta name=\"twitter:data1\" content=\"Jorg Snoeck\" \/>\n\t<meta name=\"twitter:label2\" content=\"Dur\u00e9e de lecture estim\u00e9e\" \/>\n\t<meta name=\"twitter:data2\" content=\"3 minutes\" \/>\n<script type=\"application\/ld+json\" class=\"yoast-schema-graph\">{\"@context\":\"https:\\\/\\\/schema.org\",\"@graph\":[{\"@type\":\"NewsArticle\",\"@id\":\"https:\\\/\\\/www.retaildetail.be\\\/fr\\\/news\\\/food\\\/opinion-les-15-ans-dalbert-heijn-ou-comment-le-secteur-belge-de-la-grande-distribution-alimentaire-a-ete-bouleverse-2\\\/#article\",\"isPartOf\":{\"@id\":\"https:\\\/\\\/www.retaildetail.be\\\/fr\\\/news\\\/food\\\/opinion-les-15-ans-dalbert-heijn-ou-comment-le-secteur-belge-de-la-grande-distribution-alimentaire-a-ete-bouleverse-2\\\/\"},\"author\":{\"name\":\"Jorg Snoeck\",\"@id\":\"https:\\\/\\\/www.retaildetail.be\\\/nl\\\/#\\\/schema\\\/person\\\/71d9b89376db00e9b1aa8a2841e71a72\"},\"headline\":\"[Opinion] Les 15 ans d&rsquo;Albert Heijn, ou comment la grande distribution belge a \u00e9t\u00e9 boulevers\u00e9\",\"datePublished\":\"2026-03-16T11:49:14+00:00\",\"dateModified\":\"2026-03-16T11:52:57+00:00\",\"mainEntityOfPage\":{\"@id\":\"https:\\\/\\\/www.retaildetail.be\\\/fr\\\/news\\\/food\\\/opinion-les-15-ans-dalbert-heijn-ou-comment-le-secteur-belge-de-la-grande-distribution-alimentaire-a-ete-bouleverse-2\\\/\"},\"wordCount\":551,\"publisher\":{\"@id\":\"https:\\\/\\\/www.retaildetail.be\\\/nl\\\/#organization\"},\"image\":{\"@id\":\"https:\\\/\\\/www.retaildetail.be\\\/fr\\\/news\\\/food\\\/opinion-les-15-ans-dalbert-heijn-ou-comment-le-secteur-belge-de-la-grande-distribution-alimentaire-a-ete-bouleverse-2\\\/#primaryimage\"},\"thumbnailUrl\":\"https:\\\/\\\/www.retaildetail.be\\\/wp-content\\\/uploads\\\/2026\\\/03\\\/TSxAHxOPENINGxBRUGGE-44-Aangepast-2.jpg\",\"articleSection\":[\"Food\",\"Food\"],\"inLanguage\":\"fr-FR\",\"copyrightYear\":\"2026\",\"copyrightHolder\":{\"@id\":\"https:\\\/\\\/www.retaildetail.be\\\/#organization\"}},{\"@type\":\"WebPage\",\"@id\":\"https:\\\/\\\/www.retaildetail.be\\\/fr\\\/news\\\/food\\\/opinion-les-15-ans-dalbert-heijn-ou-comment-le-secteur-belge-de-la-grande-distribution-alimentaire-a-ete-bouleverse-2\\\/\",\"url\":\"https:\\\/\\\/www.retaildetail.be\\\/fr\\\/news\\\/food\\\/opinion-les-15-ans-dalbert-heijn-ou-comment-le-secteur-belge-de-la-grande-distribution-alimentaire-a-ete-bouleverse-2\\\/\",\"name\":\"[Opinion] Les 15 ans d'Albert Heijn, ou comment la grande distribution belge a \u00e9t\u00e9 boulevers\u00e9 - RetailDetail BE\",\"isPartOf\":{\"@id\":\"https:\\\/\\\/www.retaildetail.be\\\/nl\\\/#website\"},\"primaryImageOfPage\":{\"@id\":\"https:\\\/\\\/www.retaildetail.be\\\/fr\\\/news\\\/food\\\/opinion-les-15-ans-dalbert-heijn-ou-comment-le-secteur-belge-de-la-grande-distribution-alimentaire-a-ete-bouleverse-2\\\/#primaryimage\"},\"image\":{\"@id\":\"https:\\\/\\\/www.retaildetail.be\\\/fr\\\/news\\\/food\\\/opinion-les-15-ans-dalbert-heijn-ou-comment-le-secteur-belge-de-la-grande-distribution-alimentaire-a-ete-bouleverse-2\\\/#primaryimage\"},\"thumbnailUrl\":\"https:\\\/\\\/www.retaildetail.be\\\/wp-content\\\/uploads\\\/2026\\\/03\\\/TSxAHxOPENINGxBRUGGE-44-Aangepast-2.jpg\",\"datePublished\":\"2026-03-16T11:49:14+00:00\",\"dateModified\":\"2026-03-16T11:52:57+00:00\",\"description\":\"Le 16 mars 2011, il y a exactement 15 ans, Albert Heijn a ouvert son tout premier magasin en Belgique, \u00e0 Brasschaat. R\u00e9trospectivement, cela a marqu\u00e9 le d\u00e9but d'une nouvelle \u00e8re pour le secteur de la grande distribution alimentaire dans le pays.\",\"breadcrumb\":{\"@id\":\"https:\\\/\\\/www.retaildetail.be\\\/fr\\\/news\\\/food\\\/opinion-les-15-ans-dalbert-heijn-ou-comment-le-secteur-belge-de-la-grande-distribution-alimentaire-a-ete-bouleverse-2\\\/#breadcrumb\"},\"inLanguage\":\"fr-FR\",\"potentialAction\":[{\"@type\":\"ReadAction\",\"target\":[\"https:\\\/\\\/www.retaildetail.be\\\/fr\\\/news\\\/food\\\/opinion-les-15-ans-dalbert-heijn-ou-comment-le-secteur-belge-de-la-grande-distribution-alimentaire-a-ete-bouleverse-2\\\/\"]}]},{\"@type\":\"ImageObject\",\"inLanguage\":\"fr-FR\",\"@id\":\"https:\\\/\\\/www.retaildetail.be\\\/fr\\\/news\\\/food\\\/opinion-les-15-ans-dalbert-heijn-ou-comment-le-secteur-belge-de-la-grande-distribution-alimentaire-a-ete-bouleverse-2\\\/#primaryimage\",\"url\":\"https:\\\/\\\/www.retaildetail.be\\\/wp-content\\\/uploads\\\/2026\\\/03\\\/TSxAHxOPENINGxBRUGGE-44-Aangepast-2.jpg\",\"contentUrl\":\"https:\\\/\\\/www.retaildetail.be\\\/wp-content\\\/uploads\\\/2026\\\/03\\\/TSxAHxOPENINGxBRUGGE-44-Aangepast-2.jpg\",\"width\":960,\"height\":640},{\"@type\":\"BreadcrumbList\",\"@id\":\"https:\\\/\\\/www.retaildetail.be\\\/fr\\\/news\\\/food\\\/opinion-les-15-ans-dalbert-heijn-ou-comment-le-secteur-belge-de-la-grande-distribution-alimentaire-a-ete-bouleverse-2\\\/#breadcrumb\",\"itemListElement\":[{\"@type\":\"ListItem\",\"position\":1,\"name\":\"Home\",\"item\":\"https:\\\/\\\/www.retaildetail.be\\\/fr\\\/\"},{\"@type\":\"ListItem\",\"position\":2,\"name\":\"[Opinion] Les 15 ans d&#8217;Albert Heijn, ou comment la grande distribution belge a \u00e9t\u00e9 boulevers\u00e9\"}]},{\"@type\":\"WebSite\",\"@id\":\"https:\\\/\\\/www.retaildetail.be\\\/nl\\\/#website\",\"url\":\"https:\\\/\\\/www.retaildetail.be\\\/nl\\\/\",\"name\":\"RetailDetail BE\",\"description\":\"News\",\"publisher\":{\"@id\":\"https:\\\/\\\/www.retaildetail.be\\\/nl\\\/#organization\"},\"potentialAction\":[{\"@type\":\"SearchAction\",\"target\":{\"@type\":\"EntryPoint\",\"urlTemplate\":\"https:\\\/\\\/www.retaildetail.be\\\/nl\\\/?s={search_term_string}\"},\"query-input\":{\"@type\":\"PropertyValueSpecification\",\"valueRequired\":true,\"valueName\":\"search_term_string\"}}],\"inLanguage\":\"fr-FR\"},{\"@type\":\"Organization\",\"@id\":\"https:\\\/\\\/www.retaildetail.be\\\/nl\\\/#organization\",\"name\":\"RetailDetail BE\",\"url\":\"https:\\\/\\\/www.retaildetail.be\\\/nl\\\/\",\"logo\":{\"@type\":\"ImageObject\",\"inLanguage\":\"fr-FR\",\"@id\":\"https:\\\/\\\/www.retaildetail.be\\\/nl\\\/#\\\/schema\\\/logo\\\/image\\\/\",\"url\":\"https:\\\/\\\/www.retaildetail.be\\\/wp-content\\\/uploads\\\/2022\\\/04\\\/logo.svg\",\"contentUrl\":\"https:\\\/\\\/www.retaildetail.be\\\/wp-content\\\/uploads\\\/2022\\\/04\\\/logo.svg\",\"width\":131,\"height\":70,\"caption\":\"RetailDetail BE\"},\"image\":{\"@id\":\"https:\\\/\\\/www.retaildetail.be\\\/nl\\\/#\\\/schema\\\/logo\\\/image\\\/\"}},{\"@type\":\"Person\",\"@id\":\"https:\\\/\\\/www.retaildetail.be\\\/nl\\\/#\\\/schema\\\/person\\\/71d9b89376db00e9b1aa8a2841e71a72\",\"name\":\"Jorg Snoeck\",\"image\":{\"@type\":\"ImageObject\",\"inLanguage\":\"fr-FR\",\"@id\":\"https:\\\/\\\/secure.gravatar.com\\\/avatar\\\/fc1bd94c7d40f2446e6bf778bb34cf9ab000168f63533cec8e072f4ad96ce7f3?s=96&d=mm&r=g\",\"url\":\"https:\\\/\\\/secure.gravatar.com\\\/avatar\\\/fc1bd94c7d40f2446e6bf778bb34cf9ab000168f63533cec8e072f4ad96ce7f3?s=96&d=mm&r=g\",\"contentUrl\":\"https:\\\/\\\/secure.gravatar.com\\\/avatar\\\/fc1bd94c7d40f2446e6bf778bb34cf9ab000168f63533cec8e072f4ad96ce7f3?s=96&d=mm&r=g\",\"caption\":\"Jorg Snoeck\"},\"url\":\"https:\\\/\\\/www.retaildetail.be\\\/fr\\\/author\\\/jorgsnoeck\\\/\"}]}<\/script>\n<!-- \/ Yoast SEO plugin. -->","yoast_head_json":{"title":"[Opinion] Les 15 ans d'Albert Heijn, ou comment la grande distribution belge a \u00e9t\u00e9 boulevers\u00e9 - RetailDetail BE","description":"Le 16 mars 2011, il y a exactement 15 ans, Albert Heijn a ouvert son tout premier magasin en Belgique, \u00e0 Brasschaat. R\u00e9trospectivement, cela a marqu\u00e9 le d\u00e9but d'une nouvelle \u00e8re pour le secteur de la grande distribution alimentaire dans le pays.","robots":{"index":"index","follow":"follow","max-snippet":"max-snippet:-1","max-image-preview":"max-image-preview:large","max-video-preview":"max-video-preview:-1"},"canonical":"https:\/\/www.retaildetail.be\/fr\/news\/food\/opinion-les-15-ans-dalbert-heijn-ou-comment-le-secteur-belge-de-la-grande-distribution-alimentaire-a-ete-bouleverse-2\/","og_locale":"fr_FR","og_type":"article","og_title":"[Opinion] Les 15 ans d'Albert Heijn, ou comment la grande distribution belge a \u00e9t\u00e9 boulevers\u00e9 - RetailDetail BE","og_description":"Le 16 mars 2011, il y a exactement 15 ans, Albert Heijn a ouvert son tout premier magasin en Belgique, \u00e0 Brasschaat. R\u00e9trospectivement, cela a marqu\u00e9 le d\u00e9but d'une nouvelle \u00e8re pour le secteur de la grande distribution alimentaire dans le pays.","og_url":"https:\/\/www.retaildetail.be\/fr\/news\/food\/opinion-les-15-ans-dalbert-heijn-ou-comment-le-secteur-belge-de-la-grande-distribution-alimentaire-a-ete-bouleverse-2\/","og_site_name":"RetailDetail BE","article_published_time":"2026-03-16T11:49:14+00:00","article_modified_time":"2026-03-16T11:52:57+00:00","og_image":[{"width":960,"height":640,"url":"https:\/\/www.retaildetail.be\/wp-content\/uploads\/2026\/03\/TSxAHxOPENINGxBRUGGE-44-Aangepast-2.jpg","type":"image\/jpeg"}],"author":"Jorg Snoeck","twitter_card":"summary_large_image","twitter_misc":{"\u00c9crit par":"Jorg Snoeck","Dur\u00e9e de lecture estim\u00e9e":"3 minutes"},"schema":{"@context":"https:\/\/schema.org","@graph":[{"@type":"NewsArticle","@id":"https:\/\/www.retaildetail.be\/fr\/news\/food\/opinion-les-15-ans-dalbert-heijn-ou-comment-le-secteur-belge-de-la-grande-distribution-alimentaire-a-ete-bouleverse-2\/#article","isPartOf":{"@id":"https:\/\/www.retaildetail.be\/fr\/news\/food\/opinion-les-15-ans-dalbert-heijn-ou-comment-le-secteur-belge-de-la-grande-distribution-alimentaire-a-ete-bouleverse-2\/"},"author":{"name":"Jorg Snoeck","@id":"https:\/\/www.retaildetail.be\/nl\/#\/schema\/person\/71d9b89376db00e9b1aa8a2841e71a72"},"headline":"[Opinion] Les 15 ans d&rsquo;Albert Heijn, ou comment la grande distribution belge a \u00e9t\u00e9 boulevers\u00e9","datePublished":"2026-03-16T11:49:14+00:00","dateModified":"2026-03-16T11:52:57+00:00","mainEntityOfPage":{"@id":"https:\/\/www.retaildetail.be\/fr\/news\/food\/opinion-les-15-ans-dalbert-heijn-ou-comment-le-secteur-belge-de-la-grande-distribution-alimentaire-a-ete-bouleverse-2\/"},"wordCount":551,"publisher":{"@id":"https:\/\/www.retaildetail.be\/nl\/#organization"},"image":{"@id":"https:\/\/www.retaildetail.be\/fr\/news\/food\/opinion-les-15-ans-dalbert-heijn-ou-comment-le-secteur-belge-de-la-grande-distribution-alimentaire-a-ete-bouleverse-2\/#primaryimage"},"thumbnailUrl":"https:\/\/www.retaildetail.be\/wp-content\/uploads\/2026\/03\/TSxAHxOPENINGxBRUGGE-44-Aangepast-2.jpg","articleSection":["Food","Food"],"inLanguage":"fr-FR","copyrightYear":"2026","copyrightHolder":{"@id":"https:\/\/www.retaildetail.be\/#organization"}},{"@type":"WebPage","@id":"https:\/\/www.retaildetail.be\/fr\/news\/food\/opinion-les-15-ans-dalbert-heijn-ou-comment-le-secteur-belge-de-la-grande-distribution-alimentaire-a-ete-bouleverse-2\/","url":"https:\/\/www.retaildetail.be\/fr\/news\/food\/opinion-les-15-ans-dalbert-heijn-ou-comment-le-secteur-belge-de-la-grande-distribution-alimentaire-a-ete-bouleverse-2\/","name":"[Opinion] Les 15 ans d'Albert Heijn, ou comment la grande distribution belge a \u00e9t\u00e9 boulevers\u00e9 - RetailDetail BE","isPartOf":{"@id":"https:\/\/www.retaildetail.be\/nl\/#website"},"primaryImageOfPage":{"@id":"https:\/\/www.retaildetail.be\/fr\/news\/food\/opinion-les-15-ans-dalbert-heijn-ou-comment-le-secteur-belge-de-la-grande-distribution-alimentaire-a-ete-bouleverse-2\/#primaryimage"},"image":{"@id":"https:\/\/www.retaildetail.be\/fr\/news\/food\/opinion-les-15-ans-dalbert-heijn-ou-comment-le-secteur-belge-de-la-grande-distribution-alimentaire-a-ete-bouleverse-2\/#primaryimage"},"thumbnailUrl":"https:\/\/www.retaildetail.be\/wp-content\/uploads\/2026\/03\/TSxAHxOPENINGxBRUGGE-44-Aangepast-2.jpg","datePublished":"2026-03-16T11:49:14+00:00","dateModified":"2026-03-16T11:52:57+00:00","description":"Le 16 mars 2011, il y a exactement 15 ans, Albert Heijn a ouvert son tout premier magasin en Belgique, \u00e0 Brasschaat. R\u00e9trospectivement, cela a marqu\u00e9 le d\u00e9but d'une nouvelle \u00e8re pour le secteur de la grande distribution alimentaire dans le pays.","breadcrumb":{"@id":"https:\/\/www.retaildetail.be\/fr\/news\/food\/opinion-les-15-ans-dalbert-heijn-ou-comment-le-secteur-belge-de-la-grande-distribution-alimentaire-a-ete-bouleverse-2\/#breadcrumb"},"inLanguage":"fr-FR","potentialAction":[{"@type":"ReadAction","target":["https:\/\/www.retaildetail.be\/fr\/news\/food\/opinion-les-15-ans-dalbert-heijn-ou-comment-le-secteur-belge-de-la-grande-distribution-alimentaire-a-ete-bouleverse-2\/"]}]},{"@type":"ImageObject","inLanguage":"fr-FR","@id":"https:\/\/www.retaildetail.be\/fr\/news\/food\/opinion-les-15-ans-dalbert-heijn-ou-comment-le-secteur-belge-de-la-grande-distribution-alimentaire-a-ete-bouleverse-2\/#primaryimage","url":"https:\/\/www.retaildetail.be\/wp-content\/uploads\/2026\/03\/TSxAHxOPENINGxBRUGGE-44-Aangepast-2.jpg","contentUrl":"https:\/\/www.retaildetail.be\/wp-content\/uploads\/2026\/03\/TSxAHxOPENINGxBRUGGE-44-Aangepast-2.jpg","width":960,"height":640},{"@type":"BreadcrumbList","@id":"https:\/\/www.retaildetail.be\/fr\/news\/food\/opinion-les-15-ans-dalbert-heijn-ou-comment-le-secteur-belge-de-la-grande-distribution-alimentaire-a-ete-bouleverse-2\/#breadcrumb","itemListElement":[{"@type":"ListItem","position":1,"name":"Home","item":"https:\/\/www.retaildetail.be\/fr\/"},{"@type":"ListItem","position":2,"name":"[Opinion] Les 15 ans d&#8217;Albert Heijn, ou comment la grande distribution belge a \u00e9t\u00e9 boulevers\u00e9"}]},{"@type":"WebSite","@id":"https:\/\/www.retaildetail.be\/nl\/#website","url":"https:\/\/www.retaildetail.be\/nl\/","name":"RetailDetail BE","description":"News","publisher":{"@id":"https:\/\/www.retaildetail.be\/nl\/#organization"},"potentialAction":[{"@type":"SearchAction","target":{"@type":"EntryPoint","urlTemplate":"https:\/\/www.retaildetail.be\/nl\/?s={search_term_string}"},"query-input":{"@type":"PropertyValueSpecification","valueRequired":true,"valueName":"search_term_string"}}],"inLanguage":"fr-FR"},{"@type":"Organization","@id":"https:\/\/www.retaildetail.be\/nl\/#organization","name":"RetailDetail BE","url":"https:\/\/www.retaildetail.be\/nl\/","logo":{"@type":"ImageObject","inLanguage":"fr-FR","@id":"https:\/\/www.retaildetail.be\/nl\/#\/schema\/logo\/image\/","url":"https:\/\/www.retaildetail.be\/wp-content\/uploads\/2022\/04\/logo.svg","contentUrl":"https:\/\/www.retaildetail.be\/wp-content\/uploads\/2022\/04\/logo.svg","width":131,"height":70,"caption":"RetailDetail BE"},"image":{"@id":"https:\/\/www.retaildetail.be\/nl\/#\/schema\/logo\/image\/"}},{"@type":"Person","@id":"https:\/\/www.retaildetail.be\/nl\/#\/schema\/person\/71d9b89376db00e9b1aa8a2841e71a72","name":"Jorg Snoeck","image":{"@type":"ImageObject","inLanguage":"fr-FR","@id":"https:\/\/secure.gravatar.com\/avatar\/fc1bd94c7d40f2446e6bf778bb34cf9ab000168f63533cec8e072f4ad96ce7f3?s=96&d=mm&r=g","url":"https:\/\/secure.gravatar.com\/avatar\/fc1bd94c7d40f2446e6bf778bb34cf9ab000168f63533cec8e072f4ad96ce7f3?s=96&d=mm&r=g","contentUrl":"https:\/\/secure.gravatar.com\/avatar\/fc1bd94c7d40f2446e6bf778bb34cf9ab000168f63533cec8e072f4ad96ce7f3?s=96&d=mm&r=g","caption":"Jorg Snoeck"},"url":"https:\/\/www.retaildetail.be\/fr\/author\/jorgsnoeck\/"}]}},"jetpack_featured_media_url":"https:\/\/www.retaildetail.be\/wp-content\/uploads\/2026\/03\/TSxAHxOPENINGxBRUGGE-44-Aangepast-2.jpg","jetpack_sharing_enabled":true,"_links":{"self":[{"href":"https:\/\/www.retaildetail.be\/fr\/wp-json\/wp\/v2\/posts\/144063","targetHints":{"allow":["GET"]}}],"collection":[{"href":"https:\/\/www.retaildetail.be\/fr\/wp-json\/wp\/v2\/posts"}],"about":[{"href":"https:\/\/www.retaildetail.be\/fr\/wp-json\/wp\/v2\/types\/post"}],"author":[{"embeddable":true,"href":"https:\/\/www.retaildetail.be\/fr\/wp-json\/wp\/v2\/users\/10"}],"replies":[{"embeddable":true,"href":"https:\/\/www.retaildetail.be\/fr\/wp-json\/wp\/v2\/comments?post=144063"}],"version-history":[{"count":1,"href":"https:\/\/www.retaildetail.be\/fr\/wp-json\/wp\/v2\/posts\/144063\/revisions"}],"predecessor-version":[{"id":144066,"href":"https:\/\/www.retaildetail.be\/fr\/wp-json\/wp\/v2\/posts\/144063\/revisions\/144066"}],"wp:featuredmedia":[{"embeddable":true,"href":"https:\/\/www.retaildetail.be\/fr\/wp-json\/wp\/v2\/media\/144064"}],"wp:attachment":[{"href":"https:\/\/www.retaildetail.be\/fr\/wp-json\/wp\/v2\/media?parent=144063"}],"wp:term":[{"taxonomy":"category","embeddable":true,"href":"https:\/\/www.retaildetail.be\/fr\/wp-json\/wp\/v2\/categories?post=144063"},{"taxonomy":"post_tag","embeddable":true,"href":"https:\/\/www.retaildetail.be\/fr\/wp-json\/wp\/v2\/tags?post=144063"},{"taxonomy":"people","embeddable":true,"href":"https:\/\/www.retaildetail.be\/fr\/wp-json\/wp\/v2\/people?post=144063"},{"taxonomy":"extra","embeddable":true,"href":"https:\/\/www.retaildetail.be\/fr\/wp-json\/wp\/v2\/extra?post=144063"},{"taxonomy":"company","embeddable":true,"href":"https:\/\/www.retaildetail.be\/fr\/wp-json\/wp\/v2\/company?post=144063"},{"taxonomy":"topic","embeddable":true,"href":"https:\/\/www.retaildetail.be\/fr\/wp-json\/wp\/v2\/topic?post=144063"},{"taxonomy":"region","embeddable":true,"href":"https:\/\/www.retaildetail.be\/fr\/wp-json\/wp\/v2\/region?post=144063"}],"curies":[{"name":"wp","href":"https:\/\/api.w.org\/{rel}","templated":true}]}}