{"id":144079,"date":"2026-03-16T14:49:25","date_gmt":"2026-03-16T13:49:25","guid":{"rendered":"https:\/\/www.retaildetail.be\/?p=144079"},"modified":"2026-03-16T14:49:27","modified_gmt":"2026-03-16T13:49:27","slug":"opinion-temu-shein-aliexpress-et-maintenant-joybuy-leurope-va-t-elle-enfin-se-reveiller","status":"publish","type":"post","link":"https:\/\/www.retaildetail.be\/fr\/news\/general\/opinion-temu-shein-aliexpress-et-maintenant-joybuy-leurope-va-t-elle-enfin-se-reveiller\/","title":{"rendered":"[Opinion] Temu, Shein, AliExpress et maintenant Joybuy : l&rsquo;Europe va-t-elle enfin se r\u00e9veiller ?"},"content":{"rendered":"\n<p>Quand on observe aujourd&rsquo;hui le secteur de la vente au d\u00e9tail en Europe, on constate surtout une pression sur les prix, une concurrence acharn\u00e9e et des consommateurs de plus en plus exigeants. L&rsquo;arriv\u00e9e d&rsquo;acteurs tels que <strong>Shein<\/strong>, <strong>AliExpress<\/strong> et <strong>Temu <\/strong>n&rsquo;a fait qu&rsquo;accentuer cette pression. C&rsquo;est d\u00e9sormais au tour de <strong>Joybuy<\/strong>, la plateforme europ\u00e9enne de <strong>JD.com<\/strong>, de faire son entr\u00e9e sur le march\u00e9.<\/p>\n\n\n\n<h2 class=\"wp-block-heading\">L&rsquo;Europe fonctionne encore selon le mod\u00e8le d&rsquo;hier<\/h2>\n\n\n\n<p>Pour de nombreux d\u00e9taillants, cela ressemble \u00e0 une nouvelle vague sur un march\u00e9 d\u00e9j\u00e0 difficile. Mais ceux qui consid\u00e8rent ce ph\u00e9nom\u00e8ne uniquement comme l&rsquo;arriv\u00e9e du commerce \u00e9lectronique \u00e0 bas prix en Europe passent \u00e0 c\u00f4t\u00e9 de l&rsquo;essentiel. Ce qui se passe ici n&rsquo;est pas une concurrence classique entre d\u00e9taillants. Il s&rsquo;agit d&rsquo;un choc entre deux syst\u00e8mes \u00e9conomiques et technologiques diff\u00e9rents. Le commerce de d\u00e9tail se trouve ainsi au c\u0153ur d&rsquo;un bouleversement bien plus vaste.<\/p>\n\n\n\n<p>Les d\u00e9taillants europ\u00e9ens op\u00e8rent aujourd\u2019hui sur un march\u00e9 soumis \u00e0 une pression structurelle. Les marges s\u2019amenuisent, les co\u00fbts de main-d\u2019\u0153uvre augmentent et les consommateurs attendent \u00e0 la fois des prix plus bas, plus de commodit\u00e9 et une livraison plus rapide. La technologie joue un r\u00f4le de plus en plus important, mais souvent encore en tant que soutien aux processus existants.<\/p>\n\n\n\n<p>De nombreuses entreprises europ\u00e9ennes tentent de rendre leur mod\u00e8le actuel plus efficace. Elles optimisent leurs campagnes marketing, am\u00e9liorent leur logistique ou investissent dans l\u2019omnicanal. Ce sont des \u00e9tapes n\u00e9cessaires, mais elles ne changent pas la logique du syst\u00e8me.<\/p>\n\n\n\n<p>Pendant ce temps, la v\u00e9ritable innovation se d\u00e9place vers d\u2019autres r\u00e9gions du monde. Ce qui est souvent pr\u00e9sent\u00e9 ici comme une vision d\u2019avenir est d\u00e9j\u00e0 mis en \u0153uvre \u00e0 grande \u00e9chelle en Chine depuis des ann\u00e9es. La Chine n\u2019est plus depuis longtemps un \u00ab march\u00e9 \u00e9mergent \u00bb. Ni une copie de l\u2019Occident. Dans de plus en plus de domaines, le pays est en avance sur le plan technologique et organisationnel.<\/p>\n\n\n\n<h2 class=\"wp-block-heading\">L&rsquo;algorithme remplace l&rsquo;\u00e9tude de march\u00e9<\/h2>\n\n\n\n<p>L&rsquo;une des principales diff\u00e9rences entre les mod\u00e8les europ\u00e9en et chinois r\u00e9side dans la fa\u00e7on dont les entreprises per\u00e7oivent le consommateur. En Europe, les d\u00e9taillants s&rsquo;appuient encore souvent sur des structures classiques : groupes cibles, campagnes, parcours clients et pr\u00e9visions bas\u00e9es sur des donn\u00e9es historiques. L&rsquo;\u00e9tude de march\u00e9 tente de d\u00e9terminer ce que veulent les consommateurs, apr\u00e8s quoi les entreprises d\u00e9veloppent des produits et les commercialisent.<\/p>\n\n\n\n<p>En Chine, le syst\u00e8me fonctionne diff\u00e9remment. On part l\u00e0-bas d\u2019un principe simple : le comportement des consommateurs guide la production. Non pas via des enqu\u00eates ou des groupes de discussion, mais via des donn\u00e9es collect\u00e9es en continu. Chaque clic, chaque achat et chaque interaction alimentent des algorithmes qui voient en temps r\u00e9el ce que les gens choisissent. Ces informations sont imm\u00e9diatement r\u00e9inject\u00e9es dans la production.<\/p>\n\n\n\n<p>Des marques comme Shein ont pouss\u00e9 ce mod\u00e8le \u00e0 l&rsquo;extr\u00eame. De petites s\u00e9ries de production sont test\u00e9es en fonction du comportement en ligne. Ce qui fonctionne est imm\u00e9diatement produit \u00e0 plus grande \u00e9chelle. Ce qui ne fonctionne pas dispara\u00eet tout aussi vite. Il en r\u00e9sulte une boucle de r\u00e9troaction entre le consommateur et l&rsquo;usine qui fonctionne plus rapidement que les structures de vente au d\u00e9tail traditionnelles n&rsquo;ont jamais pu le faire.<\/p>\n\n\n\n<h2 class=\"wp-block-heading\">Le consommateur est devenu fluide<\/h2>\n\n\n\n<p>Cette logique correspond \u00e9galement mieux au mode de vie actuel des consommateurs. Le consommateur moderne n\u2019a plus d\u2019identit\u00e9 fixe. Il passe constamment d\u2019un r\u00f4le \u00e0 l\u2019autre et d\u2019un contexte \u00e0 l\u2019autre. \u00c0 un moment donn\u00e9, une personne peut \u00eatre \u00e0 la fois employ\u00e9, joueur, investisseur, cr\u00e9ateur et consommateur. Ces identit\u00e9s coexistent et s\u2019entrem\u00ealent, souvent sur la m\u00eame plateforme num\u00e9rique.<\/p>\n\n\n\n<p>Les d\u00e9taillants europ\u00e9ens continuent souvent de penser en termes de parcours clients fixes et de phases bien d\u00e9finies dans le processus d&rsquo;achat. Mais pour de nombreux consommateurs, ces fronti\u00e8res n&rsquo;existent pratiquement plus.<\/p>\n\n\n\n<p>Le c\u0153ur de la diff\u00e9rence n\u2019est donc pas culturel. Il est syst\u00e9mique. L\u2019Europe raisonne encore en termes de canaux, de campagnes et de points de contact. La Chine raisonne en termes d\u2019environnements, de contexte et de boucles de r\u00e9troaction.<\/p>\n\n\n\n<h2 class=\"wp-block-heading\">De la r\u00e9action \u00e0 la pr\u00e9diction<\/h2>\n\n\n\n<p>Un deuxi\u00e8me changement majeur r\u00e9side dans le fait que les entreprises attendent de moins en moins que les consommateurs agissent eux-m\u00eames. Gr\u00e2ce aux donn\u00e9es comportementales, aux jumeaux num\u00e9riques et aux mod\u00e8les pr\u00e9dictifs, une image de ce qu\u2019une personne est susceptible de vouloir se dessine avant m\u00eame qu\u2019elle ne l\u2019exprime consciemment. Les produits apparaissent au bon moment. Les services s\u2019adaptent au contexte dans lequel se trouve l\u2019utilisateur.<\/p>\n\n\n\n<p>L&rsquo;environnement num\u00e9rique s&rsquo;adapte avant m\u00eame que le consommateur ne le demande. Compte tenu des sensibilit\u00e9s europ\u00e9ennes en mati\u00e8re de vie priv\u00e9e et d&rsquo;autonomie, la situation est complexe. Mais l&rsquo;effet sur l&rsquo;exp\u00e9rience utilisateur est clair. Celui qui ma\u00eetrise cette couche pr\u00e9dictive gagne en rapidit\u00e9, en facilit\u00e9 et en pertinence. Et d\u00e8s que les consommateurs font l&rsquo;exp\u00e9rience de ce niveau de confort, ils ne veulent plus revenir \u00e0 un syst\u00e8me qui leur semble plus lent et moins personnalis\u00e9.<\/p>\n\n\n\n<h2 class=\"wp-block-heading\">L&rsquo;homme et la machine se rapprochent<\/h2>\n\n\n\n<p>Dans ce nouvel environnement, une relation diff\u00e9rente s&rsquo;instaure \u00e9galement entre l&rsquo;homme et la technologie. L&rsquo;intelligence artificielle analyse les sch\u00e9mas, structure les choix et pr\u00e9dit les besoins. Le consommateur apporte le contexte, les \u00e9motions et le sens. Les deux se renforcent mutuellement.<\/p>\n\n\n\n<p>Il n&rsquo;y a pas de conflit entre l&rsquo;homme et la machine. Une collaboration s&rsquo;instaure, dans laquelle la technologie comprend de mieux en mieux ce que veulent les gens, avant m\u00eame qu&rsquo;ils ne l&rsquo;expriment explicitement. La consommation passe ainsi progressivement d&rsquo;un acte conscient \u00e0 quelque chose de davantage fond\u00e9 sur l&rsquo;intention et le contexte.<\/p>\n\n\n\n<h2 class=\"wp-block-heading\">Le commerce de d\u00e9tail en tant qu&rsquo;infrastructure g\u00e9opolitique<\/h2>\n\n\n\n<p>Ce qui se passe aujourd\u2019hui dans le commerce de d\u00e9tail n\u2019est d\u2019ailleurs pas dissociable de la g\u00e9opolitique. Ces derni\u00e8res ann\u00e9es, la Chine a lanc\u00e9 la Belt and Road Initiative, un r\u00e9seau de projets d\u2019infrastructure souvent pr\u00e9sent\u00e9 comme une route commerciale. En r\u00e9alit\u00e9, il s\u2019agissait d\u2019une strat\u00e9gie beaucoup plus large autour de la logistique, de l\u2019\u00e9nergie, des mati\u00e8res premi\u00e8res et de l\u2019influence internationale.<\/p>\n\n\n\n<p>Aujourd\u2019hui, l\u2019accent se d\u00e9place vers une phase suivante. Il ne s\u2019agit plus seulement de connexion, mais de contr\u00f4le. Contr\u00f4le des mati\u00e8res premi\u00e8res, de l\u2019\u00e9nergie, de la technologie, de la production et, en fin de compte, de la distribution. Le commerce de d\u00e9tail y joue un r\u00f4le strat\u00e9gique.<\/p>\n\n\n\n<p>Non pas parce qu\u2019il s\u2019agit de shopping, mais parce qu\u2019il s\u2019agit de contr\u00f4ler la demande. Celui qui ma\u00eetrise la demande peut orienter la production. Et celui qui oriente la production influence l\u2019emploi, l\u2019innovation et la stabilit\u00e9 \u00e9conomique.<\/p>\n\n\n\n<h2 class=\"wp-block-heading\">Des \u00e9cosyst\u00e8mes plut\u00f4t que des entreprises<\/h2>\n\n\n\n<p>Des entreprises comme Alibaba, Tencent, JD.com et Pinduoduo (Temu) ne fonctionnent donc pas uniquement comme des organisations commerciales. Elles font partie d\u2019un \u00e9cosyst\u00e8me plus vaste o\u00f9 la technologie, la logistique, les paiements, les m\u00e9dias et les interactions sociales sont interconnect\u00e9s.<\/p>\n\n\n\n<p>Temu, Shein, AliExpress et Joybuy ne constituent que la couche visible pour les consommateurs. En dessous se trouve une infrastructure de plateformes cloud, de syst\u00e8mes d&rsquo;IA, de robotique et de r\u00e9seaux logistiques fonctionnant \u00e0 tr\u00e8s grande \u00e9chelle.<\/p>\n\n\n\n<p>Dans ce mod\u00e8le, le commerce de d\u00e9tail n&rsquo;est plus un secteur distinct. Il devient une partie int\u00e9grante de la vie num\u00e9rique quotidienne.<\/p>\n\n\n\n<h2 class=\"wp-block-heading\">Le v\u00e9ritable combat : \u00e9cosyst\u00e8me contre \u00e9cosyst\u00e8me<\/h2>\n\n\n\n<p>La concurrence des prochaines d\u00e9cennies ne portera donc pas sur des entreprises individuelles. Ce sera une bataille entre \u00e9cosyst\u00e8mes.<\/p>\n\n\n\n<p>D&rsquo;un c\u00f4t\u00e9, on trouve un mod\u00e8le chinois o\u00f9 le gouvernement, la technologie et l&rsquo;industrie sont strat\u00e9giquement align\u00e9s. De l&rsquo;autre, les march\u00e9s occidentaux qui s&rsquo;appuient fortement sur la fragmentation, la concurrence et la r\u00e9glementation. Les deux syst\u00e8mes ont leurs points forts. Mais ils \u00e9voluent \u00e0 des rythmes tr\u00e8s diff\u00e9rents.<\/p>\n\n\n\n<h2 class=\"wp-block-heading\">La position difficile de l&rsquo;Europe<\/h2>\n\n\n\n<p>L&rsquo;Europe dispose d&rsquo;atouts majeurs : la cr\u00e9ativit\u00e9, le design, la qualit\u00e9 et des valeurs claires en mati\u00e8re de vie priv\u00e9e et d&rsquo;autonomie. Mais le continent peine \u00e0 atteindre l&rsquo;\u00e9chelle, la vitesse et la vision syst\u00e9mique n\u00e9cessaires.<\/p>\n\n\n\n<p>Alors que la Chine investit massivement dans la robotique pour faire face au vieillissement de la population, l\u2019Europe d\u00e9bat encore de la protection du march\u00e9 du travail. Alors que les entreprises chinoises utilisent l\u2019IA pour augmenter la productivit\u00e9, l\u2019Europe se concentre principalement sur les risques et les limites.<\/p>\n\n\n\n<p>Cela rend le terrain de jeu asym\u00e9trique. Non pas parce que la Chine est n\u00e9cessairement plus intelligente, mais parce qu\u2019elle agit plus vite et exp\u00e9rimente sans h\u00e9sitation.<\/p>\n\n\n\n<h2 class=\"wp-block-heading\">La question que l&rsquo;Europe doit se poser<\/h2>\n\n\n\n<p>Xi Jinping ne construit pas une \u00e9conomie ax\u00e9e sur le plaisir des consommateurs. Il construit une \u00e9conomie qui doit r\u00e9sister aux chocs g\u00e9opolitiques, aux sanctions et \u00e0 la pression d\u00e9mographique.<\/p>\n\n\n\n<p>Dans ce contexte, le commerce de d\u00e9tail n\u2019est pas un secteur de luxe. C\u2019est une infrastructure.<\/p>\n\n\n\n<p>C\u2019est pourquoi la question la plus importante pour l\u2019Europe n\u2019est pas de savoir si Temu, Shein ou Joybuy vont r\u00e9ussir. La vraie question est de savoir si les \u00e9conomies d\u00e9mocratiques sont capables d\u2019adapter leurs syst\u00e8mes \u00e0 un monde o\u00f9 la rapidit\u00e9, l\u2019\u00e9chelle et les \u00e9cosyst\u00e8mes num\u00e9riques int\u00e9gr\u00e9s prennent de plus en plus d\u2019importance.<\/p>\n\n\n\n<p>Car lorsqu\u2019on observe aujourd\u2019hui Temu, Alibaba ou JD.com, on ne voit pas de simples d\u00e9taillants. On voit un \u00e9cosyst\u00e8me o\u00f9 se rejoignent technologie, logistique, paiements, m\u00e9dias et comportements quotidiens. Et dans un tel syst\u00e8me, le commerce de d\u00e9tail n\u2019est plus une activit\u00e9 distincte. Il devient un mod\u00e8le permanent dans la fa\u00e7on dont les gens vivent, choisissent et consomment.<\/p>\n\n\n\n<p><\/p>\n","protected":false},"excerpt":{"rendered":"<p>Quand on observe aujourd&rsquo;hui le secteur de la vente au d\u00e9tail en Europe, on constate surtout une pression sur les prix, une concurrence acharn\u00e9e et des consommateurs de plus en plus exigeants. L&rsquo;arriv\u00e9e d&rsquo;acteurs tels que Shein, AliExpress et Temu n&rsquo;a fait qu&rsquo;accentuer cette pression. C&rsquo;est maintenant au tour de Joybuy, la plateforme europ\u00e9enne de JD.com, de faire son entr\u00e9e sur le march\u00e9. <\/p>\n","protected":false},"author":10,"featured_media":144080,"comment_status":"closed","ping_status":"closed","sticky":false,"template":"","format":"standard","meta":{"_acf_changed":false,"inline_featured_image":false,"_jetpack_memberships_contains_paid_content":false,"footnotes":""},"categories":[15,25],"tags":[],"people":[],"extra":[43],"company":[454,1979],"topic":[275,198],"region":[277],"class_list":["post-144079","post","type-post","status-publish","format-standard","has-post-thumbnail","hentry","category-algemeen","category-general","extra-plus","company-jd-com","company-joybuy","topic-analyse","topic-e-commerce","region-chine"],"acf":[],"yoast_head":"<!-- This site is optimized with the Yoast SEO plugin v27.3 - https:\/\/yoast.com\/product\/yoast-seo-wordpress\/ -->\n<title>[Opinion] Temu, Shein, AliExpress et maintenant Joybuy : l&#039;Europe va-t-elle enfin se r\u00e9veiller ? - RetailDetail BE<\/title>\n<meta name=\"description\" content=\"L&#039;arriv\u00e9e d&#039;acteurs tels que Shein, AliExpress et Temu n&#039;a fait qu&#039;accentuer la pression. C&#039;est d\u00e9sormais au tour de Joybuy, la plateforme europ\u00e9enne de JD.com, de faire son entr\u00e9e sur le march\u00e9.\" \/>\n<meta name=\"robots\" content=\"index, follow, max-snippet:-1, max-image-preview:large, max-video-preview:-1\" \/>\n<link rel=\"canonical\" href=\"https:\/\/www.retaildetail.be\/fr\/news\/general\/opinion-temu-shein-aliexpress-et-maintenant-joybuy-leurope-va-t-elle-enfin-se-reveiller\/\" \/>\n<meta property=\"og:locale\" content=\"fr_FR\" \/>\n<meta property=\"og:type\" content=\"article\" \/>\n<meta property=\"og:title\" content=\"[Opinion] Temu, Shein, AliExpress et maintenant Joybuy : l&#039;Europe va-t-elle enfin se r\u00e9veiller ? - RetailDetail BE\" \/>\n<meta property=\"og:description\" content=\"L&#039;arriv\u00e9e d&#039;acteurs tels que Shein, AliExpress et Temu n&#039;a fait qu&#039;accentuer la pression. C&#039;est d\u00e9sormais au tour de Joybuy, la plateforme europ\u00e9enne de JD.com, de faire son entr\u00e9e sur le march\u00e9.\" \/>\n<meta property=\"og:url\" content=\"https:\/\/www.retaildetail.be\/fr\/news\/general\/opinion-temu-shein-aliexpress-et-maintenant-joybuy-leurope-va-t-elle-enfin-se-reveiller\/\" \/>\n<meta property=\"og:site_name\" content=\"RetailDetail BE\" \/>\n<meta property=\"article:published_time\" content=\"2026-03-16T13:49:25+00:00\" \/>\n<meta property=\"article:modified_time\" content=\"2026-03-16T13:49:27+00:00\" \/>\n<meta property=\"og:image\" content=\"https:\/\/www.retaildetail.be\/wp-content\/uploads\/2026\/03\/joyexpress-electric-cargo-bike-1.webp\" \/>\n\t<meta property=\"og:image:width\" content=\"1024\" \/>\n\t<meta property=\"og:image:height\" content=\"683\" \/>\n\t<meta property=\"og:image:type\" content=\"image\/webp\" \/>\n<meta name=\"author\" content=\"Jorg Snoeck\" \/>\n<meta name=\"twitter:card\" content=\"summary_large_image\" \/>\n<meta name=\"twitter:label1\" content=\"\u00c9crit par\" \/>\n\t<meta name=\"twitter:data1\" content=\"Jorg Snoeck\" \/>\n\t<meta name=\"twitter:label2\" content=\"Dur\u00e9e de lecture estim\u00e9e\" \/>\n\t<meta name=\"twitter:data2\" content=\"9 minutes\" \/>\n<script type=\"application\/ld+json\" class=\"yoast-schema-graph\">{\"@context\":\"https:\\\/\\\/schema.org\",\"@graph\":[{\"@type\":\"NewsArticle\",\"@id\":\"https:\\\/\\\/www.retaildetail.be\\\/fr\\\/news\\\/general\\\/opinion-temu-shein-aliexpress-et-maintenant-joybuy-leurope-va-t-elle-enfin-se-reveiller\\\/#article\",\"isPartOf\":{\"@id\":\"https:\\\/\\\/www.retaildetail.be\\\/fr\\\/news\\\/general\\\/opinion-temu-shein-aliexpress-et-maintenant-joybuy-leurope-va-t-elle-enfin-se-reveiller\\\/\"},\"author\":{\"name\":\"Jorg Snoeck\",\"@id\":\"https:\\\/\\\/www.retaildetail.be\\\/nl\\\/#\\\/schema\\\/person\\\/71d9b89376db00e9b1aa8a2841e71a72\"},\"headline\":\"[Opinion] Temu, Shein, AliExpress et maintenant Joybuy : l&rsquo;Europe va-t-elle enfin se r\u00e9veiller ?\",\"datePublished\":\"2026-03-16T13:49:25+00:00\",\"dateModified\":\"2026-03-16T13:49:27+00:00\",\"mainEntityOfPage\":{\"@id\":\"https:\\\/\\\/www.retaildetail.be\\\/fr\\\/news\\\/general\\\/opinion-temu-shein-aliexpress-et-maintenant-joybuy-leurope-va-t-elle-enfin-se-reveiller\\\/\"},\"wordCount\":1802,\"publisher\":{\"@id\":\"https:\\\/\\\/www.retaildetail.be\\\/nl\\\/#organization\"},\"image\":{\"@id\":\"https:\\\/\\\/www.retaildetail.be\\\/fr\\\/news\\\/general\\\/opinion-temu-shein-aliexpress-et-maintenant-joybuy-leurope-va-t-elle-enfin-se-reveiller\\\/#primaryimage\"},\"thumbnailUrl\":\"https:\\\/\\\/www.retaildetail.be\\\/wp-content\\\/uploads\\\/2026\\\/03\\\/joyexpress-electric-cargo-bike-1.webp\",\"articleSection\":[\"Algemeen\",\"G\u00e9n\u00e9ral\"],\"inLanguage\":\"fr-FR\",\"copyrightYear\":\"2026\",\"copyrightHolder\":{\"@id\":\"https:\\\/\\\/www.retaildetail.be\\\/#organization\"}},{\"@type\":\"WebPage\",\"@id\":\"https:\\\/\\\/www.retaildetail.be\\\/fr\\\/news\\\/general\\\/opinion-temu-shein-aliexpress-et-maintenant-joybuy-leurope-va-t-elle-enfin-se-reveiller\\\/\",\"url\":\"https:\\\/\\\/www.retaildetail.be\\\/fr\\\/news\\\/general\\\/opinion-temu-shein-aliexpress-et-maintenant-joybuy-leurope-va-t-elle-enfin-se-reveiller\\\/\",\"name\":\"[Opinion] Temu, Shein, AliExpress et maintenant Joybuy : l'Europe va-t-elle enfin se r\u00e9veiller ? - RetailDetail BE\",\"isPartOf\":{\"@id\":\"https:\\\/\\\/www.retaildetail.be\\\/nl\\\/#website\"},\"primaryImageOfPage\":{\"@id\":\"https:\\\/\\\/www.retaildetail.be\\\/fr\\\/news\\\/general\\\/opinion-temu-shein-aliexpress-et-maintenant-joybuy-leurope-va-t-elle-enfin-se-reveiller\\\/#primaryimage\"},\"image\":{\"@id\":\"https:\\\/\\\/www.retaildetail.be\\\/fr\\\/news\\\/general\\\/opinion-temu-shein-aliexpress-et-maintenant-joybuy-leurope-va-t-elle-enfin-se-reveiller\\\/#primaryimage\"},\"thumbnailUrl\":\"https:\\\/\\\/www.retaildetail.be\\\/wp-content\\\/uploads\\\/2026\\\/03\\\/joyexpress-electric-cargo-bike-1.webp\",\"datePublished\":\"2026-03-16T13:49:25+00:00\",\"dateModified\":\"2026-03-16T13:49:27+00:00\",\"description\":\"L'arriv\u00e9e d'acteurs tels que Shein, AliExpress et Temu n'a fait qu'accentuer la pression. C'est d\u00e9sormais au tour de Joybuy, la plateforme europ\u00e9enne de JD.com, de faire son entr\u00e9e sur le march\u00e9.\",\"breadcrumb\":{\"@id\":\"https:\\\/\\\/www.retaildetail.be\\\/fr\\\/news\\\/general\\\/opinion-temu-shein-aliexpress-et-maintenant-joybuy-leurope-va-t-elle-enfin-se-reveiller\\\/#breadcrumb\"},\"inLanguage\":\"fr-FR\",\"potentialAction\":[{\"@type\":\"ReadAction\",\"target\":[\"https:\\\/\\\/www.retaildetail.be\\\/fr\\\/news\\\/general\\\/opinion-temu-shein-aliexpress-et-maintenant-joybuy-leurope-va-t-elle-enfin-se-reveiller\\\/\"]}]},{\"@type\":\"ImageObject\",\"inLanguage\":\"fr-FR\",\"@id\":\"https:\\\/\\\/www.retaildetail.be\\\/fr\\\/news\\\/general\\\/opinion-temu-shein-aliexpress-et-maintenant-joybuy-leurope-va-t-elle-enfin-se-reveiller\\\/#primaryimage\",\"url\":\"https:\\\/\\\/www.retaildetail.be\\\/wp-content\\\/uploads\\\/2026\\\/03\\\/joyexpress-electric-cargo-bike-1.webp\",\"contentUrl\":\"https:\\\/\\\/www.retaildetail.be\\\/wp-content\\\/uploads\\\/2026\\\/03\\\/joyexpress-electric-cargo-bike-1.webp\",\"width\":1024,\"height\":683,\"caption\":\"Joybuy\"},{\"@type\":\"BreadcrumbList\",\"@id\":\"https:\\\/\\\/www.retaildetail.be\\\/fr\\\/news\\\/general\\\/opinion-temu-shein-aliexpress-et-maintenant-joybuy-leurope-va-t-elle-enfin-se-reveiller\\\/#breadcrumb\",\"itemListElement\":[{\"@type\":\"ListItem\",\"position\":1,\"name\":\"Home\",\"item\":\"https:\\\/\\\/www.retaildetail.be\\\/fr\\\/\"},{\"@type\":\"ListItem\",\"position\":2,\"name\":\"[Opinion] Temu, Shein, AliExpress et maintenant Joybuy : l&#8217;Europe va-t-elle enfin se r\u00e9veiller ?\"}]},{\"@type\":\"WebSite\",\"@id\":\"https:\\\/\\\/www.retaildetail.be\\\/nl\\\/#website\",\"url\":\"https:\\\/\\\/www.retaildetail.be\\\/nl\\\/\",\"name\":\"RetailDetail BE\",\"description\":\"News\",\"publisher\":{\"@id\":\"https:\\\/\\\/www.retaildetail.be\\\/nl\\\/#organization\"},\"potentialAction\":[{\"@type\":\"SearchAction\",\"target\":{\"@type\":\"EntryPoint\",\"urlTemplate\":\"https:\\\/\\\/www.retaildetail.be\\\/nl\\\/?s={search_term_string}\"},\"query-input\":{\"@type\":\"PropertyValueSpecification\",\"valueRequired\":true,\"valueName\":\"search_term_string\"}}],\"inLanguage\":\"fr-FR\"},{\"@type\":\"Organization\",\"@id\":\"https:\\\/\\\/www.retaildetail.be\\\/nl\\\/#organization\",\"name\":\"RetailDetail BE\",\"url\":\"https:\\\/\\\/www.retaildetail.be\\\/nl\\\/\",\"logo\":{\"@type\":\"ImageObject\",\"inLanguage\":\"fr-FR\",\"@id\":\"https:\\\/\\\/www.retaildetail.be\\\/nl\\\/#\\\/schema\\\/logo\\\/image\\\/\",\"url\":\"https:\\\/\\\/www.retaildetail.be\\\/wp-content\\\/uploads\\\/2022\\\/04\\\/logo.svg\",\"contentUrl\":\"https:\\\/\\\/www.retaildetail.be\\\/wp-content\\\/uploads\\\/2022\\\/04\\\/logo.svg\",\"width\":131,\"height\":70,\"caption\":\"RetailDetail BE\"},\"image\":{\"@id\":\"https:\\\/\\\/www.retaildetail.be\\\/nl\\\/#\\\/schema\\\/logo\\\/image\\\/\"}},{\"@type\":\"Person\",\"@id\":\"https:\\\/\\\/www.retaildetail.be\\\/nl\\\/#\\\/schema\\\/person\\\/71d9b89376db00e9b1aa8a2841e71a72\",\"name\":\"Jorg Snoeck\",\"image\":{\"@type\":\"ImageObject\",\"inLanguage\":\"fr-FR\",\"@id\":\"https:\\\/\\\/secure.gravatar.com\\\/avatar\\\/fc1bd94c7d40f2446e6bf778bb34cf9ab000168f63533cec8e072f4ad96ce7f3?s=96&d=mm&r=g\",\"url\":\"https:\\\/\\\/secure.gravatar.com\\\/avatar\\\/fc1bd94c7d40f2446e6bf778bb34cf9ab000168f63533cec8e072f4ad96ce7f3?s=96&d=mm&r=g\",\"contentUrl\":\"https:\\\/\\\/secure.gravatar.com\\\/avatar\\\/fc1bd94c7d40f2446e6bf778bb34cf9ab000168f63533cec8e072f4ad96ce7f3?s=96&d=mm&r=g\",\"caption\":\"Jorg Snoeck\"},\"url\":\"https:\\\/\\\/www.retaildetail.be\\\/fr\\\/author\\\/jorgsnoeck\\\/\"}]}<\/script>\n<!-- \/ Yoast SEO plugin. -->","yoast_head_json":{"title":"[Opinion] Temu, Shein, AliExpress et maintenant Joybuy : l'Europe va-t-elle enfin se r\u00e9veiller ? - RetailDetail BE","description":"L'arriv\u00e9e d'acteurs tels que Shein, AliExpress et Temu n'a fait qu'accentuer la pression. C'est d\u00e9sormais au tour de Joybuy, la plateforme europ\u00e9enne de JD.com, de faire son entr\u00e9e sur le march\u00e9.","robots":{"index":"index","follow":"follow","max-snippet":"max-snippet:-1","max-image-preview":"max-image-preview:large","max-video-preview":"max-video-preview:-1"},"canonical":"https:\/\/www.retaildetail.be\/fr\/news\/general\/opinion-temu-shein-aliexpress-et-maintenant-joybuy-leurope-va-t-elle-enfin-se-reveiller\/","og_locale":"fr_FR","og_type":"article","og_title":"[Opinion] Temu, Shein, AliExpress et maintenant Joybuy : l'Europe va-t-elle enfin se r\u00e9veiller ? - RetailDetail BE","og_description":"L'arriv\u00e9e d'acteurs tels que Shein, AliExpress et Temu n'a fait qu'accentuer la pression. C'est d\u00e9sormais au tour de Joybuy, la plateforme europ\u00e9enne de JD.com, de faire son entr\u00e9e sur le march\u00e9.","og_url":"https:\/\/www.retaildetail.be\/fr\/news\/general\/opinion-temu-shein-aliexpress-et-maintenant-joybuy-leurope-va-t-elle-enfin-se-reveiller\/","og_site_name":"RetailDetail BE","article_published_time":"2026-03-16T13:49:25+00:00","article_modified_time":"2026-03-16T13:49:27+00:00","og_image":[{"width":1024,"height":683,"url":"https:\/\/www.retaildetail.be\/wp-content\/uploads\/2026\/03\/joyexpress-electric-cargo-bike-1.webp","type":"image\/webp"}],"author":"Jorg Snoeck","twitter_card":"summary_large_image","twitter_misc":{"\u00c9crit par":"Jorg Snoeck","Dur\u00e9e de lecture estim\u00e9e":"9 minutes"},"schema":{"@context":"https:\/\/schema.org","@graph":[{"@type":"NewsArticle","@id":"https:\/\/www.retaildetail.be\/fr\/news\/general\/opinion-temu-shein-aliexpress-et-maintenant-joybuy-leurope-va-t-elle-enfin-se-reveiller\/#article","isPartOf":{"@id":"https:\/\/www.retaildetail.be\/fr\/news\/general\/opinion-temu-shein-aliexpress-et-maintenant-joybuy-leurope-va-t-elle-enfin-se-reveiller\/"},"author":{"name":"Jorg Snoeck","@id":"https:\/\/www.retaildetail.be\/nl\/#\/schema\/person\/71d9b89376db00e9b1aa8a2841e71a72"},"headline":"[Opinion] Temu, Shein, AliExpress et maintenant Joybuy : l&rsquo;Europe va-t-elle enfin se r\u00e9veiller ?","datePublished":"2026-03-16T13:49:25+00:00","dateModified":"2026-03-16T13:49:27+00:00","mainEntityOfPage":{"@id":"https:\/\/www.retaildetail.be\/fr\/news\/general\/opinion-temu-shein-aliexpress-et-maintenant-joybuy-leurope-va-t-elle-enfin-se-reveiller\/"},"wordCount":1802,"publisher":{"@id":"https:\/\/www.retaildetail.be\/nl\/#organization"},"image":{"@id":"https:\/\/www.retaildetail.be\/fr\/news\/general\/opinion-temu-shein-aliexpress-et-maintenant-joybuy-leurope-va-t-elle-enfin-se-reveiller\/#primaryimage"},"thumbnailUrl":"https:\/\/www.retaildetail.be\/wp-content\/uploads\/2026\/03\/joyexpress-electric-cargo-bike-1.webp","articleSection":["Algemeen","G\u00e9n\u00e9ral"],"inLanguage":"fr-FR","copyrightYear":"2026","copyrightHolder":{"@id":"https:\/\/www.retaildetail.be\/#organization"}},{"@type":"WebPage","@id":"https:\/\/www.retaildetail.be\/fr\/news\/general\/opinion-temu-shein-aliexpress-et-maintenant-joybuy-leurope-va-t-elle-enfin-se-reveiller\/","url":"https:\/\/www.retaildetail.be\/fr\/news\/general\/opinion-temu-shein-aliexpress-et-maintenant-joybuy-leurope-va-t-elle-enfin-se-reveiller\/","name":"[Opinion] Temu, Shein, AliExpress et maintenant Joybuy : l'Europe va-t-elle enfin se r\u00e9veiller ? - RetailDetail BE","isPartOf":{"@id":"https:\/\/www.retaildetail.be\/nl\/#website"},"primaryImageOfPage":{"@id":"https:\/\/www.retaildetail.be\/fr\/news\/general\/opinion-temu-shein-aliexpress-et-maintenant-joybuy-leurope-va-t-elle-enfin-se-reveiller\/#primaryimage"},"image":{"@id":"https:\/\/www.retaildetail.be\/fr\/news\/general\/opinion-temu-shein-aliexpress-et-maintenant-joybuy-leurope-va-t-elle-enfin-se-reveiller\/#primaryimage"},"thumbnailUrl":"https:\/\/www.retaildetail.be\/wp-content\/uploads\/2026\/03\/joyexpress-electric-cargo-bike-1.webp","datePublished":"2026-03-16T13:49:25+00:00","dateModified":"2026-03-16T13:49:27+00:00","description":"L'arriv\u00e9e d'acteurs tels que Shein, AliExpress et Temu n'a fait qu'accentuer la pression. C'est d\u00e9sormais au tour de Joybuy, la plateforme europ\u00e9enne de JD.com, de faire son entr\u00e9e sur le march\u00e9.","breadcrumb":{"@id":"https:\/\/www.retaildetail.be\/fr\/news\/general\/opinion-temu-shein-aliexpress-et-maintenant-joybuy-leurope-va-t-elle-enfin-se-reveiller\/#breadcrumb"},"inLanguage":"fr-FR","potentialAction":[{"@type":"ReadAction","target":["https:\/\/www.retaildetail.be\/fr\/news\/general\/opinion-temu-shein-aliexpress-et-maintenant-joybuy-leurope-va-t-elle-enfin-se-reveiller\/"]}]},{"@type":"ImageObject","inLanguage":"fr-FR","@id":"https:\/\/www.retaildetail.be\/fr\/news\/general\/opinion-temu-shein-aliexpress-et-maintenant-joybuy-leurope-va-t-elle-enfin-se-reveiller\/#primaryimage","url":"https:\/\/www.retaildetail.be\/wp-content\/uploads\/2026\/03\/joyexpress-electric-cargo-bike-1.webp","contentUrl":"https:\/\/www.retaildetail.be\/wp-content\/uploads\/2026\/03\/joyexpress-electric-cargo-bike-1.webp","width":1024,"height":683,"caption":"Joybuy"},{"@type":"BreadcrumbList","@id":"https:\/\/www.retaildetail.be\/fr\/news\/general\/opinion-temu-shein-aliexpress-et-maintenant-joybuy-leurope-va-t-elle-enfin-se-reveiller\/#breadcrumb","itemListElement":[{"@type":"ListItem","position":1,"name":"Home","item":"https:\/\/www.retaildetail.be\/fr\/"},{"@type":"ListItem","position":2,"name":"[Opinion] Temu, Shein, AliExpress et maintenant Joybuy : l&#8217;Europe va-t-elle enfin se r\u00e9veiller ?"}]},{"@type":"WebSite","@id":"https:\/\/www.retaildetail.be\/nl\/#website","url":"https:\/\/www.retaildetail.be\/nl\/","name":"RetailDetail BE","description":"News","publisher":{"@id":"https:\/\/www.retaildetail.be\/nl\/#organization"},"potentialAction":[{"@type":"SearchAction","target":{"@type":"EntryPoint","urlTemplate":"https:\/\/www.retaildetail.be\/nl\/?s={search_term_string}"},"query-input":{"@type":"PropertyValueSpecification","valueRequired":true,"valueName":"search_term_string"}}],"inLanguage":"fr-FR"},{"@type":"Organization","@id":"https:\/\/www.retaildetail.be\/nl\/#organization","name":"RetailDetail BE","url":"https:\/\/www.retaildetail.be\/nl\/","logo":{"@type":"ImageObject","inLanguage":"fr-FR","@id":"https:\/\/www.retaildetail.be\/nl\/#\/schema\/logo\/image\/","url":"https:\/\/www.retaildetail.be\/wp-content\/uploads\/2022\/04\/logo.svg","contentUrl":"https:\/\/www.retaildetail.be\/wp-content\/uploads\/2022\/04\/logo.svg","width":131,"height":70,"caption":"RetailDetail BE"},"image":{"@id":"https:\/\/www.retaildetail.be\/nl\/#\/schema\/logo\/image\/"}},{"@type":"Person","@id":"https:\/\/www.retaildetail.be\/nl\/#\/schema\/person\/71d9b89376db00e9b1aa8a2841e71a72","name":"Jorg Snoeck","image":{"@type":"ImageObject","inLanguage":"fr-FR","@id":"https:\/\/secure.gravatar.com\/avatar\/fc1bd94c7d40f2446e6bf778bb34cf9ab000168f63533cec8e072f4ad96ce7f3?s=96&d=mm&r=g","url":"https:\/\/secure.gravatar.com\/avatar\/fc1bd94c7d40f2446e6bf778bb34cf9ab000168f63533cec8e072f4ad96ce7f3?s=96&d=mm&r=g","contentUrl":"https:\/\/secure.gravatar.com\/avatar\/fc1bd94c7d40f2446e6bf778bb34cf9ab000168f63533cec8e072f4ad96ce7f3?s=96&d=mm&r=g","caption":"Jorg Snoeck"},"url":"https:\/\/www.retaildetail.be\/fr\/author\/jorgsnoeck\/"}]}},"jetpack_featured_media_url":"https:\/\/www.retaildetail.be\/wp-content\/uploads\/2026\/03\/joyexpress-electric-cargo-bike-1.webp","jetpack_sharing_enabled":true,"_links":{"self":[{"href":"https:\/\/www.retaildetail.be\/fr\/wp-json\/wp\/v2\/posts\/144079","targetHints":{"allow":["GET"]}}],"collection":[{"href":"https:\/\/www.retaildetail.be\/fr\/wp-json\/wp\/v2\/posts"}],"about":[{"href":"https:\/\/www.retaildetail.be\/fr\/wp-json\/wp\/v2\/types\/post"}],"author":[{"embeddable":true,"href":"https:\/\/www.retaildetail.be\/fr\/wp-json\/wp\/v2\/users\/10"}],"replies":[{"embeddable":true,"href":"https:\/\/www.retaildetail.be\/fr\/wp-json\/wp\/v2\/comments?post=144079"}],"version-history":[{"count":1,"href":"https:\/\/www.retaildetail.be\/fr\/wp-json\/wp\/v2\/posts\/144079\/revisions"}],"predecessor-version":[{"id":144082,"href":"https:\/\/www.retaildetail.be\/fr\/wp-json\/wp\/v2\/posts\/144079\/revisions\/144082"}],"wp:featuredmedia":[{"embeddable":true,"href":"https:\/\/www.retaildetail.be\/fr\/wp-json\/wp\/v2\/media\/144080"}],"wp:attachment":[{"href":"https:\/\/www.retaildetail.be\/fr\/wp-json\/wp\/v2\/media?parent=144079"}],"wp:term":[{"taxonomy":"category","embeddable":true,"href":"https:\/\/www.retaildetail.be\/fr\/wp-json\/wp\/v2\/categories?post=144079"},{"taxonomy":"post_tag","embeddable":true,"href":"https:\/\/www.retaildetail.be\/fr\/wp-json\/wp\/v2\/tags?post=144079"},{"taxonomy":"people","embeddable":true,"href":"https:\/\/www.retaildetail.be\/fr\/wp-json\/wp\/v2\/people?post=144079"},{"taxonomy":"extra","embeddable":true,"href":"https:\/\/www.retaildetail.be\/fr\/wp-json\/wp\/v2\/extra?post=144079"},{"taxonomy":"company","embeddable":true,"href":"https:\/\/www.retaildetail.be\/fr\/wp-json\/wp\/v2\/company?post=144079"},{"taxonomy":"topic","embeddable":true,"href":"https:\/\/www.retaildetail.be\/fr\/wp-json\/wp\/v2\/topic?post=144079"},{"taxonomy":"region","embeddable":true,"href":"https:\/\/www.retaildetail.be\/fr\/wp-json\/wp\/v2\/region?post=144079"}],"curies":[{"name":"wp","href":"https:\/\/api.w.org\/{rel}","templated":true}]}}