{"id":144113,"date":"2026-03-17T08:43:06","date_gmt":"2026-03-17T07:43:06","guid":{"rendered":"https:\/\/www.retaildetail.be\/?p=144113"},"modified":"2026-03-17T13:59:55","modified_gmt":"2026-03-17T12:59:55","slug":"lidl-mene-des-discussions-preliminaires-concernant-louverture-le-dimanche","status":"publish","type":"post","link":"https:\/\/www.retaildetail.be\/fr\/news\/food\/lidl-mene-des-discussions-preliminaires-concernant-louverture-le-dimanche\/","title":{"rendered":"Lidl m\u00e8ne des discussions pr\u00e9liminaires concernant l&rsquo;ouverture le dimanche"},"content":{"rendered":"\n<p><strong>Lidl Belgique <\/strong>\u00e9tudie la possibilit\u00e9 d&rsquo;ouvrir ses magasins \u00e9galement le dimanche. Le discounter a entam\u00e9 des discussions \u00e0 ce sujet avec les syndicats. La cha\u00eene suit ainsi l&rsquo;exemple de ses concurrents <strong>Okay (Colruyt Group<\/strong>) et <strong>Carrefour<\/strong>.<\/p>\n\n\n\n<h2 class=\"wp-block-heading\">\u00c9volution des attentes des clients<\/h2>\n\n\n\n<p>\u00ab Ces discussions s\u2019inscrivent dans le cadre des \u00e9volutions plus larges du march\u00e9 de la distribution, o\u00f9 la flexibilit\u00e9 et l\u2019\u00e9volution des attentes des clients prennent de plus en plus d\u2019importance \u00bb, a d\u00e9clar\u00e9 la porte-parole Isabelle Colbrandt \u00e0 l\u2019agence de presse Belga. \u00ab En tant que d\u00e9taillant, nous voulons \u00eatre pr\u00eats pour l\u2019avenir. C\u2019est pourquoi nous examinons avec nos partenaires sociaux si et comment une ouverture le dimanche pourrait \u00eatre envisageable \u00e0 terme. \u00bb Le syndicat chr\u00e9tien flamand ACV Puls esp\u00e8re parvenir \u00e0 un accord avant l&rsquo;\u00e9t\u00e9, tandis que le syndicat socialiste BBTK n&rsquo;y est pas favorable. Lidl indique que les discussions en sont \u00e0 une \u00ab phase exploratoire \u00bb.<\/p>\n\n\n\n<p>Lidl serait le premier discounter en Belgique \u00e0 ouvrir le dimanche. Depuis janvier, Okay, la cha\u00eene de magasins de proximit\u00e9 du groupe Colruyt, ainsi que les magasins int\u00e9gr\u00e9s de Carrefour, dont les hypermarch\u00e9s, ouvrent \u00e9galement leurs portes le dimanche. Delhaize, Albert Heijn, Jumbo et les magasins ind\u00e9pendants de Spar et Alvo sont g\u00e9n\u00e9ralement ouverts le dimanche, voire souvent sept jours sur sept de nos jours. Les magasins Colruyt Meilleurs Prix et Aldi restent ferm\u00e9s le dimanche.<\/p>\n","protected":false},"excerpt":{"rendered":"<p>Lidl Belgique \u00e9tudie la possibilit\u00e9 d&rsquo;ouvrir ses magasins \u00e9galement le dimanche. Le discounter a entam\u00e9 des discussions \u00e0 ce sujet avec les syndicats. La cha\u00eene suit ainsi l&rsquo;exemple de ses concurrents Okay (Colruyt Group) et Carrefour. <\/p>\n","protected":false},"author":3,"featured_media":144114,"comment_status":"closed","ping_status":"closed","sticky":false,"template":"","format":"standard","meta":{"_acf_changed":false,"inline_featured_image":false,"_jetpack_memberships_contains_paid_content":false,"footnotes":""},"categories":[18,24],"tags":[1965],"people":[],"extra":[],"company":[204],"topic":[],"region":[226],"class_list":{"0":"post-144113","1":"post","2":"type-post","3":"status-publish","4":"format-standard","5":"has-post-thumbnail","6":"hentry","7":"category-food","9":"tag-ouvertures-dominicales","10":"company-lidl","11":"region-belgique"},"acf":[],"yoast_head":"<!-- This site is optimized with the Yoast SEO plugin v27.3 - https:\/\/yoast.com\/product\/yoast-seo-wordpress\/ -->\n<title>Lidl m\u00e8ne des discussions pr\u00e9liminaires concernant l&#039;ouverture le dimanche - RetailDetail BE<\/title>\n<meta name=\"description\" content=\"Lidl Belgique \u00e9tudie la possibilit\u00e9 d&#039;ouvrir ses magasins \u00e9galement le dimanche. Le discounter a entam\u00e9 des discussions \u00e0 ce sujet avec les syndicats.\" \/>\n<meta name=\"robots\" content=\"index, follow, max-snippet:-1, max-image-preview:large, max-video-preview:-1\" \/>\n<link rel=\"canonical\" href=\"https:\/\/www.retaildetail.be\/fr\/news\/food\/lidl-mene-des-discussions-preliminaires-concernant-louverture-le-dimanche\/\" \/>\n<meta property=\"og:locale\" content=\"fr_FR\" \/>\n<meta property=\"og:type\" content=\"article\" \/>\n<meta property=\"og:title\" content=\"Lidl m\u00e8ne des discussions pr\u00e9liminaires concernant l&#039;ouverture le dimanche - RetailDetail BE\" \/>\n<meta property=\"og:description\" content=\"Lidl Belgique \u00e9tudie la possibilit\u00e9 d&#039;ouvrir ses magasins \u00e9galement le dimanche. Le discounter a entam\u00e9 des discussions \u00e0 ce sujet avec les syndicats.\" \/>\n<meta property=\"og:url\" content=\"https:\/\/www.retaildetail.be\/fr\/news\/food\/lidl-mene-des-discussions-preliminaires-concernant-louverture-le-dimanche\/\" \/>\n<meta property=\"og:site_name\" content=\"RetailDetail BE\" \/>\n<meta property=\"article:published_time\" content=\"2026-03-17T07:43:06+00:00\" \/>\n<meta property=\"article:modified_time\" content=\"2026-03-17T12:59:55+00:00\" \/>\n<meta property=\"og:image\" content=\"https:\/\/www.retaildetail.be\/wp-content\/uploads\/2026\/03\/20221018-LIDL-STORIES-HI-RES-EXPORT-WINKEL-ILLIAS-TEIRLINCK-015-Aangepast-1.jpg\" \/>\n\t<meta property=\"og:image:width\" content=\"960\" \/>\n\t<meta property=\"og:image:height\" content=\"640\" \/>\n\t<meta property=\"og:image:type\" content=\"image\/jpeg\" \/>\n<meta name=\"author\" content=\"Stefan Van Rompaey\" \/>\n<meta name=\"twitter:card\" content=\"summary_large_image\" \/>\n<meta name=\"twitter:label1\" content=\"\u00c9crit par\" \/>\n\t<meta name=\"twitter:data1\" content=\"Stefan Van Rompaey\" \/>\n\t<meta name=\"twitter:label2\" content=\"Dur\u00e9e de lecture estim\u00e9e\" \/>\n\t<meta name=\"twitter:data2\" content=\"1 minute\" \/>\n<script type=\"application\/ld+json\" class=\"yoast-schema-graph\">{\"@context\":\"https:\\\/\\\/schema.org\",\"@graph\":[{\"@type\":\"NewsArticle\",\"@id\":\"https:\\\/\\\/www.retaildetail.be\\\/fr\\\/news\\\/food\\\/lidl-mene-des-discussions-preliminaires-concernant-louverture-le-dimanche\\\/#article\",\"isPartOf\":{\"@id\":\"https:\\\/\\\/www.retaildetail.be\\\/fr\\\/news\\\/food\\\/lidl-mene-des-discussions-preliminaires-concernant-louverture-le-dimanche\\\/\"},\"author\":{\"name\":\"Stefan Van Rompaey\",\"@id\":\"https:\\\/\\\/www.retaildetail.be\\\/nl\\\/#\\\/schema\\\/person\\\/51aec6069c4416aa2f68b2e4ff3455df\"},\"headline\":\"Lidl m\u00e8ne des discussions pr\u00e9liminaires concernant l&rsquo;ouverture le dimanche\",\"datePublished\":\"2026-03-17T07:43:06+00:00\",\"dateModified\":\"2026-03-17T12:59:55+00:00\",\"mainEntityOfPage\":{\"@id\":\"https:\\\/\\\/www.retaildetail.be\\\/fr\\\/news\\\/food\\\/lidl-mene-des-discussions-preliminaires-concernant-louverture-le-dimanche\\\/\"},\"wordCount\":252,\"publisher\":{\"@id\":\"https:\\\/\\\/www.retaildetail.be\\\/nl\\\/#organization\"},\"image\":{\"@id\":\"https:\\\/\\\/www.retaildetail.be\\\/fr\\\/news\\\/food\\\/lidl-mene-des-discussions-preliminaires-concernant-louverture-le-dimanche\\\/#primaryimage\"},\"thumbnailUrl\":\"https:\\\/\\\/www.retaildetail.be\\\/wp-content\\\/uploads\\\/2026\\\/03\\\/20221018-LIDL-STORIES-HI-RES-EXPORT-WINKEL-ILLIAS-TEIRLINCK-015-Aangepast-1.jpg\",\"keywords\":[\"Ouvertures dominicales\"],\"articleSection\":[\"Food\",\"Food\"],\"inLanguage\":\"fr-FR\",\"copyrightYear\":\"2026\",\"copyrightHolder\":{\"@id\":\"https:\\\/\\\/www.retaildetail.be\\\/#organization\"}},{\"@type\":\"WebPage\",\"@id\":\"https:\\\/\\\/www.retaildetail.be\\\/fr\\\/news\\\/food\\\/lidl-mene-des-discussions-preliminaires-concernant-louverture-le-dimanche\\\/\",\"url\":\"https:\\\/\\\/www.retaildetail.be\\\/fr\\\/news\\\/food\\\/lidl-mene-des-discussions-preliminaires-concernant-louverture-le-dimanche\\\/\",\"name\":\"Lidl m\u00e8ne des discussions pr\u00e9liminaires concernant l'ouverture le dimanche - RetailDetail BE\",\"isPartOf\":{\"@id\":\"https:\\\/\\\/www.retaildetail.be\\\/nl\\\/#website\"},\"primaryImageOfPage\":{\"@id\":\"https:\\\/\\\/www.retaildetail.be\\\/fr\\\/news\\\/food\\\/lidl-mene-des-discussions-preliminaires-concernant-louverture-le-dimanche\\\/#primaryimage\"},\"image\":{\"@id\":\"https:\\\/\\\/www.retaildetail.be\\\/fr\\\/news\\\/food\\\/lidl-mene-des-discussions-preliminaires-concernant-louverture-le-dimanche\\\/#primaryimage\"},\"thumbnailUrl\":\"https:\\\/\\\/www.retaildetail.be\\\/wp-content\\\/uploads\\\/2026\\\/03\\\/20221018-LIDL-STORIES-HI-RES-EXPORT-WINKEL-ILLIAS-TEIRLINCK-015-Aangepast-1.jpg\",\"datePublished\":\"2026-03-17T07:43:06+00:00\",\"dateModified\":\"2026-03-17T12:59:55+00:00\",\"description\":\"Lidl Belgique \u00e9tudie la possibilit\u00e9 d'ouvrir ses magasins \u00e9galement le dimanche. Le discounter a entam\u00e9 des discussions \u00e0 ce sujet avec les syndicats.\",\"breadcrumb\":{\"@id\":\"https:\\\/\\\/www.retaildetail.be\\\/fr\\\/news\\\/food\\\/lidl-mene-des-discussions-preliminaires-concernant-louverture-le-dimanche\\\/#breadcrumb\"},\"inLanguage\":\"fr-FR\",\"potentialAction\":[{\"@type\":\"ReadAction\",\"target\":[\"https:\\\/\\\/www.retaildetail.be\\\/fr\\\/news\\\/food\\\/lidl-mene-des-discussions-preliminaires-concernant-louverture-le-dimanche\\\/\"]}]},{\"@type\":\"ImageObject\",\"inLanguage\":\"fr-FR\",\"@id\":\"https:\\\/\\\/www.retaildetail.be\\\/fr\\\/news\\\/food\\\/lidl-mene-des-discussions-preliminaires-concernant-louverture-le-dimanche\\\/#primaryimage\",\"url\":\"https:\\\/\\\/www.retaildetail.be\\\/wp-content\\\/uploads\\\/2026\\\/03\\\/20221018-LIDL-STORIES-HI-RES-EXPORT-WINKEL-ILLIAS-TEIRLINCK-015-Aangepast-1.jpg\",\"contentUrl\":\"https:\\\/\\\/www.retaildetail.be\\\/wp-content\\\/uploads\\\/2026\\\/03\\\/20221018-LIDL-STORIES-HI-RES-EXPORT-WINKEL-ILLIAS-TEIRLINCK-015-Aangepast-1.jpg\",\"width\":960,\"height\":640,\"caption\":\"Lidl\"},{\"@type\":\"BreadcrumbList\",\"@id\":\"https:\\\/\\\/www.retaildetail.be\\\/fr\\\/news\\\/food\\\/lidl-mene-des-discussions-preliminaires-concernant-louverture-le-dimanche\\\/#breadcrumb\",\"itemListElement\":[{\"@type\":\"ListItem\",\"position\":1,\"name\":\"Home\",\"item\":\"https:\\\/\\\/www.retaildetail.be\\\/fr\\\/\"},{\"@type\":\"ListItem\",\"position\":2,\"name\":\"Lidl m\u00e8ne des discussions pr\u00e9liminaires concernant l&#8217;ouverture le dimanche\"}]},{\"@type\":\"WebSite\",\"@id\":\"https:\\\/\\\/www.retaildetail.be\\\/nl\\\/#website\",\"url\":\"https:\\\/\\\/www.retaildetail.be\\\/nl\\\/\",\"name\":\"RetailDetail BE\",\"description\":\"News\",\"publisher\":{\"@id\":\"https:\\\/\\\/www.retaildetail.be\\\/nl\\\/#organization\"},\"potentialAction\":[{\"@type\":\"SearchAction\",\"target\":{\"@type\":\"EntryPoint\",\"urlTemplate\":\"https:\\\/\\\/www.retaildetail.be\\\/nl\\\/?s={search_term_string}\"},\"query-input\":{\"@type\":\"PropertyValueSpecification\",\"valueRequired\":true,\"valueName\":\"search_term_string\"}}],\"inLanguage\":\"fr-FR\"},{\"@type\":\"Organization\",\"@id\":\"https:\\\/\\\/www.retaildetail.be\\\/nl\\\/#organization\",\"name\":\"RetailDetail BE\",\"url\":\"https:\\\/\\\/www.retaildetail.be\\\/nl\\\/\",\"logo\":{\"@type\":\"ImageObject\",\"inLanguage\":\"fr-FR\",\"@id\":\"https:\\\/\\\/www.retaildetail.be\\\/nl\\\/#\\\/schema\\\/logo\\\/image\\\/\",\"url\":\"https:\\\/\\\/www.retaildetail.be\\\/wp-content\\\/uploads\\\/2022\\\/04\\\/logo.svg\",\"contentUrl\":\"https:\\\/\\\/www.retaildetail.be\\\/wp-content\\\/uploads\\\/2022\\\/04\\\/logo.svg\",\"width\":131,\"height\":70,\"caption\":\"RetailDetail BE\"},\"image\":{\"@id\":\"https:\\\/\\\/www.retaildetail.be\\\/nl\\\/#\\\/schema\\\/logo\\\/image\\\/\"}},{\"@type\":\"Person\",\"@id\":\"https:\\\/\\\/www.retaildetail.be\\\/nl\\\/#\\\/schema\\\/person\\\/51aec6069c4416aa2f68b2e4ff3455df\",\"name\":\"Stefan Van Rompaey\",\"image\":{\"@type\":\"ImageObject\",\"inLanguage\":\"fr-FR\",\"@id\":\"https:\\\/\\\/secure.gravatar.com\\\/avatar\\\/fbbb4a80a0f109888b2a5ab8ae255617499ecde533749b3ab2fa6c23b5d65dac?s=96&d=mm&r=g\",\"url\":\"https:\\\/\\\/secure.gravatar.com\\\/avatar\\\/fbbb4a80a0f109888b2a5ab8ae255617499ecde533749b3ab2fa6c23b5d65dac?s=96&d=mm&r=g\",\"contentUrl\":\"https:\\\/\\\/secure.gravatar.com\\\/avatar\\\/fbbb4a80a0f109888b2a5ab8ae255617499ecde533749b3ab2fa6c23b5d65dac?s=96&d=mm&r=g\",\"caption\":\"Stefan Van Rompaey\"},\"url\":\"https:\\\/\\\/www.retaildetail.be\\\/fr\\\/author\\\/stefanvanrompaey\\\/\"}]}<\/script>\n<!-- \/ Yoast SEO plugin. -->","yoast_head_json":{"title":"Lidl m\u00e8ne des discussions pr\u00e9liminaires concernant l'ouverture le dimanche - RetailDetail BE","description":"Lidl Belgique \u00e9tudie la possibilit\u00e9 d'ouvrir ses magasins \u00e9galement le dimanche. Le discounter a entam\u00e9 des discussions \u00e0 ce sujet avec les syndicats.","robots":{"index":"index","follow":"follow","max-snippet":"max-snippet:-1","max-image-preview":"max-image-preview:large","max-video-preview":"max-video-preview:-1"},"canonical":"https:\/\/www.retaildetail.be\/fr\/news\/food\/lidl-mene-des-discussions-preliminaires-concernant-louverture-le-dimanche\/","og_locale":"fr_FR","og_type":"article","og_title":"Lidl m\u00e8ne des discussions pr\u00e9liminaires concernant l'ouverture le dimanche - RetailDetail BE","og_description":"Lidl Belgique \u00e9tudie la possibilit\u00e9 d'ouvrir ses magasins \u00e9galement le dimanche. Le discounter a entam\u00e9 des discussions \u00e0 ce sujet avec les syndicats.","og_url":"https:\/\/www.retaildetail.be\/fr\/news\/food\/lidl-mene-des-discussions-preliminaires-concernant-louverture-le-dimanche\/","og_site_name":"RetailDetail BE","article_published_time":"2026-03-17T07:43:06+00:00","article_modified_time":"2026-03-17T12:59:55+00:00","og_image":[{"width":960,"height":640,"url":"https:\/\/www.retaildetail.be\/wp-content\/uploads\/2026\/03\/20221018-LIDL-STORIES-HI-RES-EXPORT-WINKEL-ILLIAS-TEIRLINCK-015-Aangepast-1.jpg","type":"image\/jpeg"}],"author":"Stefan Van Rompaey","twitter_card":"summary_large_image","twitter_misc":{"\u00c9crit par":"Stefan Van Rompaey","Dur\u00e9e de lecture estim\u00e9e":"1 minute"},"schema":{"@context":"https:\/\/schema.org","@graph":[{"@type":"NewsArticle","@id":"https:\/\/www.retaildetail.be\/fr\/news\/food\/lidl-mene-des-discussions-preliminaires-concernant-louverture-le-dimanche\/#article","isPartOf":{"@id":"https:\/\/www.retaildetail.be\/fr\/news\/food\/lidl-mene-des-discussions-preliminaires-concernant-louverture-le-dimanche\/"},"author":{"name":"Stefan Van Rompaey","@id":"https:\/\/www.retaildetail.be\/nl\/#\/schema\/person\/51aec6069c4416aa2f68b2e4ff3455df"},"headline":"Lidl m\u00e8ne des discussions pr\u00e9liminaires concernant l&rsquo;ouverture le dimanche","datePublished":"2026-03-17T07:43:06+00:00","dateModified":"2026-03-17T12:59:55+00:00","mainEntityOfPage":{"@id":"https:\/\/www.retaildetail.be\/fr\/news\/food\/lidl-mene-des-discussions-preliminaires-concernant-louverture-le-dimanche\/"},"wordCount":252,"publisher":{"@id":"https:\/\/www.retaildetail.be\/nl\/#organization"},"image":{"@id":"https:\/\/www.retaildetail.be\/fr\/news\/food\/lidl-mene-des-discussions-preliminaires-concernant-louverture-le-dimanche\/#primaryimage"},"thumbnailUrl":"https:\/\/www.retaildetail.be\/wp-content\/uploads\/2026\/03\/20221018-LIDL-STORIES-HI-RES-EXPORT-WINKEL-ILLIAS-TEIRLINCK-015-Aangepast-1.jpg","keywords":["Ouvertures dominicales"],"articleSection":["Food","Food"],"inLanguage":"fr-FR","copyrightYear":"2026","copyrightHolder":{"@id":"https:\/\/www.retaildetail.be\/#organization"}},{"@type":"WebPage","@id":"https:\/\/www.retaildetail.be\/fr\/news\/food\/lidl-mene-des-discussions-preliminaires-concernant-louverture-le-dimanche\/","url":"https:\/\/www.retaildetail.be\/fr\/news\/food\/lidl-mene-des-discussions-preliminaires-concernant-louverture-le-dimanche\/","name":"Lidl m\u00e8ne des discussions pr\u00e9liminaires concernant l'ouverture le dimanche - RetailDetail BE","isPartOf":{"@id":"https:\/\/www.retaildetail.be\/nl\/#website"},"primaryImageOfPage":{"@id":"https:\/\/www.retaildetail.be\/fr\/news\/food\/lidl-mene-des-discussions-preliminaires-concernant-louverture-le-dimanche\/#primaryimage"},"image":{"@id":"https:\/\/www.retaildetail.be\/fr\/news\/food\/lidl-mene-des-discussions-preliminaires-concernant-louverture-le-dimanche\/#primaryimage"},"thumbnailUrl":"https:\/\/www.retaildetail.be\/wp-content\/uploads\/2026\/03\/20221018-LIDL-STORIES-HI-RES-EXPORT-WINKEL-ILLIAS-TEIRLINCK-015-Aangepast-1.jpg","datePublished":"2026-03-17T07:43:06+00:00","dateModified":"2026-03-17T12:59:55+00:00","description":"Lidl Belgique \u00e9tudie la possibilit\u00e9 d'ouvrir ses magasins \u00e9galement le dimanche. Le discounter a entam\u00e9 des discussions \u00e0 ce sujet avec les syndicats.","breadcrumb":{"@id":"https:\/\/www.retaildetail.be\/fr\/news\/food\/lidl-mene-des-discussions-preliminaires-concernant-louverture-le-dimanche\/#breadcrumb"},"inLanguage":"fr-FR","potentialAction":[{"@type":"ReadAction","target":["https:\/\/www.retaildetail.be\/fr\/news\/food\/lidl-mene-des-discussions-preliminaires-concernant-louverture-le-dimanche\/"]}]},{"@type":"ImageObject","inLanguage":"fr-FR","@id":"https:\/\/www.retaildetail.be\/fr\/news\/food\/lidl-mene-des-discussions-preliminaires-concernant-louverture-le-dimanche\/#primaryimage","url":"https:\/\/www.retaildetail.be\/wp-content\/uploads\/2026\/03\/20221018-LIDL-STORIES-HI-RES-EXPORT-WINKEL-ILLIAS-TEIRLINCK-015-Aangepast-1.jpg","contentUrl":"https:\/\/www.retaildetail.be\/wp-content\/uploads\/2026\/03\/20221018-LIDL-STORIES-HI-RES-EXPORT-WINKEL-ILLIAS-TEIRLINCK-015-Aangepast-1.jpg","width":960,"height":640,"caption":"Lidl"},{"@type":"BreadcrumbList","@id":"https:\/\/www.retaildetail.be\/fr\/news\/food\/lidl-mene-des-discussions-preliminaires-concernant-louverture-le-dimanche\/#breadcrumb","itemListElement":[{"@type":"ListItem","position":1,"name":"Home","item":"https:\/\/www.retaildetail.be\/fr\/"},{"@type":"ListItem","position":2,"name":"Lidl m\u00e8ne des discussions pr\u00e9liminaires concernant l&#8217;ouverture le dimanche"}]},{"@type":"WebSite","@id":"https:\/\/www.retaildetail.be\/nl\/#website","url":"https:\/\/www.retaildetail.be\/nl\/","name":"RetailDetail BE","description":"News","publisher":{"@id":"https:\/\/www.retaildetail.be\/nl\/#organization"},"potentialAction":[{"@type":"SearchAction","target":{"@type":"EntryPoint","urlTemplate":"https:\/\/www.retaildetail.be\/nl\/?s={search_term_string}"},"query-input":{"@type":"PropertyValueSpecification","valueRequired":true,"valueName":"search_term_string"}}],"inLanguage":"fr-FR"},{"@type":"Organization","@id":"https:\/\/www.retaildetail.be\/nl\/#organization","name":"RetailDetail BE","url":"https:\/\/www.retaildetail.be\/nl\/","logo":{"@type":"ImageObject","inLanguage":"fr-FR","@id":"https:\/\/www.retaildetail.be\/nl\/#\/schema\/logo\/image\/","url":"https:\/\/www.retaildetail.be\/wp-content\/uploads\/2022\/04\/logo.svg","contentUrl":"https:\/\/www.retaildetail.be\/wp-content\/uploads\/2022\/04\/logo.svg","width":131,"height":70,"caption":"RetailDetail BE"},"image":{"@id":"https:\/\/www.retaildetail.be\/nl\/#\/schema\/logo\/image\/"}},{"@type":"Person","@id":"https:\/\/www.retaildetail.be\/nl\/#\/schema\/person\/51aec6069c4416aa2f68b2e4ff3455df","name":"Stefan Van Rompaey","image":{"@type":"ImageObject","inLanguage":"fr-FR","@id":"https:\/\/secure.gravatar.com\/avatar\/fbbb4a80a0f109888b2a5ab8ae255617499ecde533749b3ab2fa6c23b5d65dac?s=96&d=mm&r=g","url":"https:\/\/secure.gravatar.com\/avatar\/fbbb4a80a0f109888b2a5ab8ae255617499ecde533749b3ab2fa6c23b5d65dac?s=96&d=mm&r=g","contentUrl":"https:\/\/secure.gravatar.com\/avatar\/fbbb4a80a0f109888b2a5ab8ae255617499ecde533749b3ab2fa6c23b5d65dac?s=96&d=mm&r=g","caption":"Stefan Van Rompaey"},"url":"https:\/\/www.retaildetail.be\/fr\/author\/stefanvanrompaey\/"}]}},"jetpack_featured_media_url":"https:\/\/www.retaildetail.be\/wp-content\/uploads\/2026\/03\/20221018-LIDL-STORIES-HI-RES-EXPORT-WINKEL-ILLIAS-TEIRLINCK-015-Aangepast-1.jpg","jetpack_sharing_enabled":true,"_links":{"self":[{"href":"https:\/\/www.retaildetail.be\/fr\/wp-json\/wp\/v2\/posts\/144113","targetHints":{"allow":["GET"]}}],"collection":[{"href":"https:\/\/www.retaildetail.be\/fr\/wp-json\/wp\/v2\/posts"}],"about":[{"href":"https:\/\/www.retaildetail.be\/fr\/wp-json\/wp\/v2\/types\/post"}],"author":[{"embeddable":true,"href":"https:\/\/www.retaildetail.be\/fr\/wp-json\/wp\/v2\/users\/3"}],"replies":[{"embeddable":true,"href":"https:\/\/www.retaildetail.be\/fr\/wp-json\/wp\/v2\/comments?post=144113"}],"version-history":[{"count":2,"href":"https:\/\/www.retaildetail.be\/fr\/wp-json\/wp\/v2\/posts\/144113\/revisions"}],"predecessor-version":[{"id":144154,"href":"https:\/\/www.retaildetail.be\/fr\/wp-json\/wp\/v2\/posts\/144113\/revisions\/144154"}],"wp:featuredmedia":[{"embeddable":true,"href":"https:\/\/www.retaildetail.be\/fr\/wp-json\/wp\/v2\/media\/144114"}],"wp:attachment":[{"href":"https:\/\/www.retaildetail.be\/fr\/wp-json\/wp\/v2\/media?parent=144113"}],"wp:term":[{"taxonomy":"category","embeddable":true,"href":"https:\/\/www.retaildetail.be\/fr\/wp-json\/wp\/v2\/categories?post=144113"},{"taxonomy":"post_tag","embeddable":true,"href":"https:\/\/www.retaildetail.be\/fr\/wp-json\/wp\/v2\/tags?post=144113"},{"taxonomy":"people","embeddable":true,"href":"https:\/\/www.retaildetail.be\/fr\/wp-json\/wp\/v2\/people?post=144113"},{"taxonomy":"extra","embeddable":true,"href":"https:\/\/www.retaildetail.be\/fr\/wp-json\/wp\/v2\/extra?post=144113"},{"taxonomy":"company","embeddable":true,"href":"https:\/\/www.retaildetail.be\/fr\/wp-json\/wp\/v2\/company?post=144113"},{"taxonomy":"topic","embeddable":true,"href":"https:\/\/www.retaildetail.be\/fr\/wp-json\/wp\/v2\/topic?post=144113"},{"taxonomy":"region","embeddable":true,"href":"https:\/\/www.retaildetail.be\/fr\/wp-json\/wp\/v2\/region?post=144113"}],"curies":[{"name":"wp","href":"https:\/\/api.w.org\/{rel}","templated":true}]}}