{"id":144122,"date":"2026-03-17T10:46:10","date_gmt":"2026-03-17T09:46:10","guid":{"rendered":"https:\/\/www.retaildetail.be\/?p=144122"},"modified":"2026-03-17T10:46:11","modified_gmt":"2026-03-17T09:46:11","slug":"uniqlo-bat-une-nouvelle-fois-des-records-en-europe","status":"publish","type":"post","link":"https:\/\/www.retaildetail.be\/fr\/news\/mode\/uniqlo-bat-une-nouvelle-fois-des-records-en-europe\/","title":{"rendered":"Uniqlo bat une nouvelle fois des records en Europe"},"content":{"rendered":"\n<p><strong>Uniqlo<\/strong> a enregistr\u00e9 des r\u00e9sultats particuli\u00e8rement solides en Europe, avec une forte hausse du chiffre d&rsquo;affaires et des b\u00e9n\u00e9fices au cours du dernier exercice. Le d\u00e9taillant attribue ces bons r\u00e9sultats \u00e0 son expansion et \u00e0 l&rsquo;afflux de clients plus jeunes. <\/p>\n\n\n\n<h2 class=\"wp-block-heading\">Une croissance \u00e0 deux chiffres<\/h2>\n\n\n\n<p>Au cours de l&rsquo;exercice clos le 31 ao\u00fbt 2025, le chiffre d&rsquo;affaires d&rsquo;Uniqlo Europe a augment\u00e9 de 34 % pour atteindre 2,27 milliards d&rsquo;euros, tandis que le b\u00e9n\u00e9fice net a progress\u00e9 de 9,12 % pour s&rsquo;\u00e9tablir \u00e0 243,3 millions d&rsquo;euros. Le b\u00e9n\u00e9fice d&rsquo;exploitation avant d\u00e9pr\u00e9ciations a augment\u00e9 de 14,2 % pour atteindre 323,43 millions d&rsquo;euros. La marge brute reste \u00e0 59 %, soit un point de pourcentage de moins qu&rsquo;en 2024, en raison des fluctuations des taux de change et de la hausse des co\u00fbts d&rsquo;achat.<\/p>\n\n\n\n<p>La branche europ\u00e9enne reste ainsi la division qui conna\u00eet la croissance la plus rapide au sein du groupe Fast Retailing. Le d\u00e9taillant attribue cette croissance \u00e0 l&rsquo;attrait durable de la philosophie LifeWear en Europe et \u00e0 un afflux manifeste de clients plus jeunes. Dix magasins ont \u00e9galement \u00e9t\u00e9 ouverts au cours de l&rsquo;exercice, portant le total \u00e0 88 sites r\u00e9partis dans onze pays. Au cours de l&rsquo;exercice en cours, six magasins suppl\u00e9mentaires ont d\u00e9j\u00e0 ouvert leurs portes, en Allemagne, au Royaume-Uni et en France. Les premiers rapports sur le premier trimestre de l&rsquo;exercice 2026 indiquent une croissance \u00e0 deux chiffres qui se poursuit. L&rsquo;entreprise vise un chiffre d&rsquo;affaires de 500 milliards de yens japonais (2,74 milliards d&rsquo;euros) et une marge op\u00e9rationnelle de 20 % d&rsquo;ici la fin de l&rsquo;exercice 2027.<\/p>\n\n\n\n<p>Uniqlo poursuit \u00e9galement le d\u00e9veloppement de ses activit\u00e9s circulaires. Le groupe vise \u00e0 utiliser environ 50 % de mat\u00e9riaux recycl\u00e9s et \u00e0 faibles \u00e9missions dans ses collections d&rsquo;ici 2030. Au cours de l&rsquo;exercice 2025, cette part est pass\u00e9e \u00e0 19,4 %, contre 15,9 % un an plus t\u00f4t. Par ailleurs, la marque utilise de l&rsquo;\u00e9lectricit\u00e9 100 % renouvelable pour la majeure partie de ses activit\u00e9s europ\u00e9ennes. En septembre, le d\u00e9taillant a lanc\u00e9 un jean droit large contenant 26 % de coton recycl\u00e9 issu de chutes de production. Ces mesures s&rsquo;inscrivent dans l&rsquo;objectif d&rsquo;atteindre la neutralit\u00e9 carbone d&rsquo;ici 2050.<\/p>\n\n\n\n<p><\/p>\n","protected":false},"excerpt":{"rendered":"<p>Uniqlo a enregistr\u00e9 des r\u00e9sultats particuli\u00e8rement solides en Europe, avec une forte hausse du chiffre d&rsquo;affaires et des b\u00e9n\u00e9fices au cours du dernier exercice. Le d\u00e9taillant attribue ces bons r\u00e9sultats \u00e0 son expansion et \u00e0 l&rsquo;afflux de clients plus jeunes. <\/p>\n","protected":false},"author":10,"featured_media":144123,"comment_status":"closed","ping_status":"closed","sticky":false,"template":"","format":"standard","meta":{"_acf_changed":false,"inline_featured_image":false,"_jetpack_memberships_contains_paid_content":false,"footnotes":""},"categories":[14,22],"tags":[],"people":[],"extra":[43],"company":[712,713],"topic":[266],"region":[243],"class_list":{"0":"post-144122","1":"post","2":"type-post","3":"status-publish","4":"format-standard","5":"has-post-thumbnail","6":"hentry","7":"category-mode","9":"extra-plus","10":"company-fast-retailing","11":"company-uniqlo","12":"topic-resultats-financiers","13":"region-europe"},"acf":[],"yoast_head":"<!-- This site is optimized with the Yoast SEO plugin v27.3 - https:\/\/yoast.com\/product\/yoast-seo-wordpress\/ -->\n<title>Uniqlo bat une nouvelle fois des records en Europe - RetailDetail BE<\/title>\n<meta name=\"description\" content=\"Uniqlo a enregistr\u00e9 des r\u00e9sultats particuli\u00e8rement solides en Europe, avec une forte hausse du chiffre d&#039;affaires et des b\u00e9n\u00e9fices au cours du dernier exercice.\" \/>\n<meta name=\"robots\" content=\"index, follow, max-snippet:-1, max-image-preview:large, max-video-preview:-1\" \/>\n<link rel=\"canonical\" href=\"https:\/\/www.retaildetail.be\/fr\/news\/mode\/uniqlo-bat-une-nouvelle-fois-des-records-en-europe\/\" \/>\n<meta property=\"og:locale\" content=\"fr_FR\" \/>\n<meta property=\"og:type\" content=\"article\" \/>\n<meta property=\"og:title\" content=\"Uniqlo bat une nouvelle fois des records en Europe - RetailDetail BE\" \/>\n<meta property=\"og:description\" content=\"Uniqlo a enregistr\u00e9 des r\u00e9sultats particuli\u00e8rement solides en Europe, avec une forte hausse du chiffre d&#039;affaires et des b\u00e9n\u00e9fices au cours du dernier exercice.\" \/>\n<meta property=\"og:url\" content=\"https:\/\/www.retaildetail.be\/fr\/news\/mode\/uniqlo-bat-une-nouvelle-fois-des-records-en-europe\/\" \/>\n<meta property=\"og:site_name\" content=\"RetailDetail BE\" \/>\n<meta property=\"article:published_time\" content=\"2026-03-17T09:46:10+00:00\" \/>\n<meta property=\"article:modified_time\" content=\"2026-03-17T09:46:11+00:00\" \/>\n<meta property=\"og:image\" content=\"https:\/\/www.retaildetail.be\/wp-content\/uploads\/2026\/03\/Uniqlo_Antwerpen_Anvers_FACADE-Aangepast.jpg\" \/>\n\t<meta property=\"og:image:width\" content=\"891\" \/>\n\t<meta property=\"og:image:height\" content=\"640\" \/>\n\t<meta property=\"og:image:type\" content=\"image\/jpeg\" \/>\n<meta name=\"author\" content=\"Jorg Snoeck\" \/>\n<meta name=\"twitter:card\" content=\"summary_large_image\" \/>\n<meta name=\"twitter:label1\" content=\"\u00c9crit par\" \/>\n\t<meta name=\"twitter:data1\" content=\"Jorg Snoeck\" \/>\n\t<meta name=\"twitter:label2\" content=\"Dur\u00e9e de lecture estim\u00e9e\" \/>\n\t<meta name=\"twitter:data2\" content=\"2 minutes\" \/>\n<script type=\"application\/ld+json\" class=\"yoast-schema-graph\">{\"@context\":\"https:\\\/\\\/schema.org\",\"@graph\":[{\"@type\":\"NewsArticle\",\"@id\":\"https:\\\/\\\/www.retaildetail.be\\\/fr\\\/news\\\/mode\\\/uniqlo-bat-une-nouvelle-fois-des-records-en-europe\\\/#article\",\"isPartOf\":{\"@id\":\"https:\\\/\\\/www.retaildetail.be\\\/fr\\\/news\\\/mode\\\/uniqlo-bat-une-nouvelle-fois-des-records-en-europe\\\/\"},\"author\":{\"name\":\"Jorg Snoeck\",\"@id\":\"https:\\\/\\\/www.retaildetail.be\\\/nl\\\/#\\\/schema\\\/person\\\/71d9b89376db00e9b1aa8a2841e71a72\"},\"headline\":\"Uniqlo bat une nouvelle fois des records en Europe\",\"datePublished\":\"2026-03-17T09:46:10+00:00\",\"dateModified\":\"2026-03-17T09:46:11+00:00\",\"mainEntityOfPage\":{\"@id\":\"https:\\\/\\\/www.retaildetail.be\\\/fr\\\/news\\\/mode\\\/uniqlo-bat-une-nouvelle-fois-des-records-en-europe\\\/\"},\"wordCount\":380,\"publisher\":{\"@id\":\"https:\\\/\\\/www.retaildetail.be\\\/nl\\\/#organization\"},\"image\":{\"@id\":\"https:\\\/\\\/www.retaildetail.be\\\/fr\\\/news\\\/mode\\\/uniqlo-bat-une-nouvelle-fois-des-records-en-europe\\\/#primaryimage\"},\"thumbnailUrl\":\"https:\\\/\\\/www.retaildetail.be\\\/wp-content\\\/uploads\\\/2026\\\/03\\\/Uniqlo_Antwerpen_Anvers_FACADE-Aangepast.jpg\",\"articleSection\":[\"Mode\",\"Mode\"],\"inLanguage\":\"fr-FR\",\"copyrightYear\":\"2026\",\"copyrightHolder\":{\"@id\":\"https:\\\/\\\/www.retaildetail.be\\\/#organization\"}},{\"@type\":\"WebPage\",\"@id\":\"https:\\\/\\\/www.retaildetail.be\\\/fr\\\/news\\\/mode\\\/uniqlo-bat-une-nouvelle-fois-des-records-en-europe\\\/\",\"url\":\"https:\\\/\\\/www.retaildetail.be\\\/fr\\\/news\\\/mode\\\/uniqlo-bat-une-nouvelle-fois-des-records-en-europe\\\/\",\"name\":\"Uniqlo bat une nouvelle fois des records en Europe - RetailDetail BE\",\"isPartOf\":{\"@id\":\"https:\\\/\\\/www.retaildetail.be\\\/nl\\\/#website\"},\"primaryImageOfPage\":{\"@id\":\"https:\\\/\\\/www.retaildetail.be\\\/fr\\\/news\\\/mode\\\/uniqlo-bat-une-nouvelle-fois-des-records-en-europe\\\/#primaryimage\"},\"image\":{\"@id\":\"https:\\\/\\\/www.retaildetail.be\\\/fr\\\/news\\\/mode\\\/uniqlo-bat-une-nouvelle-fois-des-records-en-europe\\\/#primaryimage\"},\"thumbnailUrl\":\"https:\\\/\\\/www.retaildetail.be\\\/wp-content\\\/uploads\\\/2026\\\/03\\\/Uniqlo_Antwerpen_Anvers_FACADE-Aangepast.jpg\",\"datePublished\":\"2026-03-17T09:46:10+00:00\",\"dateModified\":\"2026-03-17T09:46:11+00:00\",\"description\":\"Uniqlo a enregistr\u00e9 des r\u00e9sultats particuli\u00e8rement solides en Europe, avec une forte hausse du chiffre d'affaires et des b\u00e9n\u00e9fices au cours du dernier exercice.\",\"breadcrumb\":{\"@id\":\"https:\\\/\\\/www.retaildetail.be\\\/fr\\\/news\\\/mode\\\/uniqlo-bat-une-nouvelle-fois-des-records-en-europe\\\/#breadcrumb\"},\"inLanguage\":\"fr-FR\",\"potentialAction\":[{\"@type\":\"ReadAction\",\"target\":[\"https:\\\/\\\/www.retaildetail.be\\\/fr\\\/news\\\/mode\\\/uniqlo-bat-une-nouvelle-fois-des-records-en-europe\\\/\"]}]},{\"@type\":\"ImageObject\",\"inLanguage\":\"fr-FR\",\"@id\":\"https:\\\/\\\/www.retaildetail.be\\\/fr\\\/news\\\/mode\\\/uniqlo-bat-une-nouvelle-fois-des-records-en-europe\\\/#primaryimage\",\"url\":\"https:\\\/\\\/www.retaildetail.be\\\/wp-content\\\/uploads\\\/2026\\\/03\\\/Uniqlo_Antwerpen_Anvers_FACADE-Aangepast.jpg\",\"contentUrl\":\"https:\\\/\\\/www.retaildetail.be\\\/wp-content\\\/uploads\\\/2026\\\/03\\\/Uniqlo_Antwerpen_Anvers_FACADE-Aangepast.jpg\",\"width\":891,\"height\":640},{\"@type\":\"BreadcrumbList\",\"@id\":\"https:\\\/\\\/www.retaildetail.be\\\/fr\\\/news\\\/mode\\\/uniqlo-bat-une-nouvelle-fois-des-records-en-europe\\\/#breadcrumb\",\"itemListElement\":[{\"@type\":\"ListItem\",\"position\":1,\"name\":\"Home\",\"item\":\"https:\\\/\\\/www.retaildetail.be\\\/fr\\\/\"},{\"@type\":\"ListItem\",\"position\":2,\"name\":\"Uniqlo bat une nouvelle fois des records en Europe\"}]},{\"@type\":\"WebSite\",\"@id\":\"https:\\\/\\\/www.retaildetail.be\\\/nl\\\/#website\",\"url\":\"https:\\\/\\\/www.retaildetail.be\\\/nl\\\/\",\"name\":\"RetailDetail BE\",\"description\":\"News\",\"publisher\":{\"@id\":\"https:\\\/\\\/www.retaildetail.be\\\/nl\\\/#organization\"},\"potentialAction\":[{\"@type\":\"SearchAction\",\"target\":{\"@type\":\"EntryPoint\",\"urlTemplate\":\"https:\\\/\\\/www.retaildetail.be\\\/nl\\\/?s={search_term_string}\"},\"query-input\":{\"@type\":\"PropertyValueSpecification\",\"valueRequired\":true,\"valueName\":\"search_term_string\"}}],\"inLanguage\":\"fr-FR\"},{\"@type\":\"Organization\",\"@id\":\"https:\\\/\\\/www.retaildetail.be\\\/nl\\\/#organization\",\"name\":\"RetailDetail BE\",\"url\":\"https:\\\/\\\/www.retaildetail.be\\\/nl\\\/\",\"logo\":{\"@type\":\"ImageObject\",\"inLanguage\":\"fr-FR\",\"@id\":\"https:\\\/\\\/www.retaildetail.be\\\/nl\\\/#\\\/schema\\\/logo\\\/image\\\/\",\"url\":\"https:\\\/\\\/www.retaildetail.be\\\/wp-content\\\/uploads\\\/2022\\\/04\\\/logo.svg\",\"contentUrl\":\"https:\\\/\\\/www.retaildetail.be\\\/wp-content\\\/uploads\\\/2022\\\/04\\\/logo.svg\",\"width\":131,\"height\":70,\"caption\":\"RetailDetail BE\"},\"image\":{\"@id\":\"https:\\\/\\\/www.retaildetail.be\\\/nl\\\/#\\\/schema\\\/logo\\\/image\\\/\"}},{\"@type\":\"Person\",\"@id\":\"https:\\\/\\\/www.retaildetail.be\\\/nl\\\/#\\\/schema\\\/person\\\/71d9b89376db00e9b1aa8a2841e71a72\",\"name\":\"Jorg Snoeck\",\"image\":{\"@type\":\"ImageObject\",\"inLanguage\":\"fr-FR\",\"@id\":\"https:\\\/\\\/secure.gravatar.com\\\/avatar\\\/fc1bd94c7d40f2446e6bf778bb34cf9ab000168f63533cec8e072f4ad96ce7f3?s=96&d=mm&r=g\",\"url\":\"https:\\\/\\\/secure.gravatar.com\\\/avatar\\\/fc1bd94c7d40f2446e6bf778bb34cf9ab000168f63533cec8e072f4ad96ce7f3?s=96&d=mm&r=g\",\"contentUrl\":\"https:\\\/\\\/secure.gravatar.com\\\/avatar\\\/fc1bd94c7d40f2446e6bf778bb34cf9ab000168f63533cec8e072f4ad96ce7f3?s=96&d=mm&r=g\",\"caption\":\"Jorg Snoeck\"},\"url\":\"https:\\\/\\\/www.retaildetail.be\\\/fr\\\/author\\\/jorgsnoeck\\\/\"}]}<\/script>\n<!-- \/ Yoast SEO plugin. -->","yoast_head_json":{"title":"Uniqlo bat une nouvelle fois des records en Europe - RetailDetail BE","description":"Uniqlo a enregistr\u00e9 des r\u00e9sultats particuli\u00e8rement solides en Europe, avec une forte hausse du chiffre d'affaires et des b\u00e9n\u00e9fices au cours du dernier exercice.","robots":{"index":"index","follow":"follow","max-snippet":"max-snippet:-1","max-image-preview":"max-image-preview:large","max-video-preview":"max-video-preview:-1"},"canonical":"https:\/\/www.retaildetail.be\/fr\/news\/mode\/uniqlo-bat-une-nouvelle-fois-des-records-en-europe\/","og_locale":"fr_FR","og_type":"article","og_title":"Uniqlo bat une nouvelle fois des records en Europe - RetailDetail BE","og_description":"Uniqlo a enregistr\u00e9 des r\u00e9sultats particuli\u00e8rement solides en Europe, avec une forte hausse du chiffre d'affaires et des b\u00e9n\u00e9fices au cours du dernier exercice.","og_url":"https:\/\/www.retaildetail.be\/fr\/news\/mode\/uniqlo-bat-une-nouvelle-fois-des-records-en-europe\/","og_site_name":"RetailDetail BE","article_published_time":"2026-03-17T09:46:10+00:00","article_modified_time":"2026-03-17T09:46:11+00:00","og_image":[{"width":891,"height":640,"url":"https:\/\/www.retaildetail.be\/wp-content\/uploads\/2026\/03\/Uniqlo_Antwerpen_Anvers_FACADE-Aangepast.jpg","type":"image\/jpeg"}],"author":"Jorg Snoeck","twitter_card":"summary_large_image","twitter_misc":{"\u00c9crit par":"Jorg Snoeck","Dur\u00e9e de lecture estim\u00e9e":"2 minutes"},"schema":{"@context":"https:\/\/schema.org","@graph":[{"@type":"NewsArticle","@id":"https:\/\/www.retaildetail.be\/fr\/news\/mode\/uniqlo-bat-une-nouvelle-fois-des-records-en-europe\/#article","isPartOf":{"@id":"https:\/\/www.retaildetail.be\/fr\/news\/mode\/uniqlo-bat-une-nouvelle-fois-des-records-en-europe\/"},"author":{"name":"Jorg Snoeck","@id":"https:\/\/www.retaildetail.be\/nl\/#\/schema\/person\/71d9b89376db00e9b1aa8a2841e71a72"},"headline":"Uniqlo bat une nouvelle fois des records en Europe","datePublished":"2026-03-17T09:46:10+00:00","dateModified":"2026-03-17T09:46:11+00:00","mainEntityOfPage":{"@id":"https:\/\/www.retaildetail.be\/fr\/news\/mode\/uniqlo-bat-une-nouvelle-fois-des-records-en-europe\/"},"wordCount":380,"publisher":{"@id":"https:\/\/www.retaildetail.be\/nl\/#organization"},"image":{"@id":"https:\/\/www.retaildetail.be\/fr\/news\/mode\/uniqlo-bat-une-nouvelle-fois-des-records-en-europe\/#primaryimage"},"thumbnailUrl":"https:\/\/www.retaildetail.be\/wp-content\/uploads\/2026\/03\/Uniqlo_Antwerpen_Anvers_FACADE-Aangepast.jpg","articleSection":["Mode","Mode"],"inLanguage":"fr-FR","copyrightYear":"2026","copyrightHolder":{"@id":"https:\/\/www.retaildetail.be\/#organization"}},{"@type":"WebPage","@id":"https:\/\/www.retaildetail.be\/fr\/news\/mode\/uniqlo-bat-une-nouvelle-fois-des-records-en-europe\/","url":"https:\/\/www.retaildetail.be\/fr\/news\/mode\/uniqlo-bat-une-nouvelle-fois-des-records-en-europe\/","name":"Uniqlo bat une nouvelle fois des records en Europe - RetailDetail BE","isPartOf":{"@id":"https:\/\/www.retaildetail.be\/nl\/#website"},"primaryImageOfPage":{"@id":"https:\/\/www.retaildetail.be\/fr\/news\/mode\/uniqlo-bat-une-nouvelle-fois-des-records-en-europe\/#primaryimage"},"image":{"@id":"https:\/\/www.retaildetail.be\/fr\/news\/mode\/uniqlo-bat-une-nouvelle-fois-des-records-en-europe\/#primaryimage"},"thumbnailUrl":"https:\/\/www.retaildetail.be\/wp-content\/uploads\/2026\/03\/Uniqlo_Antwerpen_Anvers_FACADE-Aangepast.jpg","datePublished":"2026-03-17T09:46:10+00:00","dateModified":"2026-03-17T09:46:11+00:00","description":"Uniqlo a enregistr\u00e9 des r\u00e9sultats particuli\u00e8rement solides en Europe, avec une forte hausse du chiffre d'affaires et des b\u00e9n\u00e9fices au cours du dernier exercice.","breadcrumb":{"@id":"https:\/\/www.retaildetail.be\/fr\/news\/mode\/uniqlo-bat-une-nouvelle-fois-des-records-en-europe\/#breadcrumb"},"inLanguage":"fr-FR","potentialAction":[{"@type":"ReadAction","target":["https:\/\/www.retaildetail.be\/fr\/news\/mode\/uniqlo-bat-une-nouvelle-fois-des-records-en-europe\/"]}]},{"@type":"ImageObject","inLanguage":"fr-FR","@id":"https:\/\/www.retaildetail.be\/fr\/news\/mode\/uniqlo-bat-une-nouvelle-fois-des-records-en-europe\/#primaryimage","url":"https:\/\/www.retaildetail.be\/wp-content\/uploads\/2026\/03\/Uniqlo_Antwerpen_Anvers_FACADE-Aangepast.jpg","contentUrl":"https:\/\/www.retaildetail.be\/wp-content\/uploads\/2026\/03\/Uniqlo_Antwerpen_Anvers_FACADE-Aangepast.jpg","width":891,"height":640},{"@type":"BreadcrumbList","@id":"https:\/\/www.retaildetail.be\/fr\/news\/mode\/uniqlo-bat-une-nouvelle-fois-des-records-en-europe\/#breadcrumb","itemListElement":[{"@type":"ListItem","position":1,"name":"Home","item":"https:\/\/www.retaildetail.be\/fr\/"},{"@type":"ListItem","position":2,"name":"Uniqlo bat une nouvelle fois des records en Europe"}]},{"@type":"WebSite","@id":"https:\/\/www.retaildetail.be\/nl\/#website","url":"https:\/\/www.retaildetail.be\/nl\/","name":"RetailDetail BE","description":"News","publisher":{"@id":"https:\/\/www.retaildetail.be\/nl\/#organization"},"potentialAction":[{"@type":"SearchAction","target":{"@type":"EntryPoint","urlTemplate":"https:\/\/www.retaildetail.be\/nl\/?s={search_term_string}"},"query-input":{"@type":"PropertyValueSpecification","valueRequired":true,"valueName":"search_term_string"}}],"inLanguage":"fr-FR"},{"@type":"Organization","@id":"https:\/\/www.retaildetail.be\/nl\/#organization","name":"RetailDetail BE","url":"https:\/\/www.retaildetail.be\/nl\/","logo":{"@type":"ImageObject","inLanguage":"fr-FR","@id":"https:\/\/www.retaildetail.be\/nl\/#\/schema\/logo\/image\/","url":"https:\/\/www.retaildetail.be\/wp-content\/uploads\/2022\/04\/logo.svg","contentUrl":"https:\/\/www.retaildetail.be\/wp-content\/uploads\/2022\/04\/logo.svg","width":131,"height":70,"caption":"RetailDetail BE"},"image":{"@id":"https:\/\/www.retaildetail.be\/nl\/#\/schema\/logo\/image\/"}},{"@type":"Person","@id":"https:\/\/www.retaildetail.be\/nl\/#\/schema\/person\/71d9b89376db00e9b1aa8a2841e71a72","name":"Jorg Snoeck","image":{"@type":"ImageObject","inLanguage":"fr-FR","@id":"https:\/\/secure.gravatar.com\/avatar\/fc1bd94c7d40f2446e6bf778bb34cf9ab000168f63533cec8e072f4ad96ce7f3?s=96&d=mm&r=g","url":"https:\/\/secure.gravatar.com\/avatar\/fc1bd94c7d40f2446e6bf778bb34cf9ab000168f63533cec8e072f4ad96ce7f3?s=96&d=mm&r=g","contentUrl":"https:\/\/secure.gravatar.com\/avatar\/fc1bd94c7d40f2446e6bf778bb34cf9ab000168f63533cec8e072f4ad96ce7f3?s=96&d=mm&r=g","caption":"Jorg Snoeck"},"url":"https:\/\/www.retaildetail.be\/fr\/author\/jorgsnoeck\/"}]}},"jetpack_featured_media_url":"https:\/\/www.retaildetail.be\/wp-content\/uploads\/2026\/03\/Uniqlo_Antwerpen_Anvers_FACADE-Aangepast.jpg","jetpack_sharing_enabled":true,"_links":{"self":[{"href":"https:\/\/www.retaildetail.be\/fr\/wp-json\/wp\/v2\/posts\/144122","targetHints":{"allow":["GET"]}}],"collection":[{"href":"https:\/\/www.retaildetail.be\/fr\/wp-json\/wp\/v2\/posts"}],"about":[{"href":"https:\/\/www.retaildetail.be\/fr\/wp-json\/wp\/v2\/types\/post"}],"author":[{"embeddable":true,"href":"https:\/\/www.retaildetail.be\/fr\/wp-json\/wp\/v2\/users\/10"}],"replies":[{"embeddable":true,"href":"https:\/\/www.retaildetail.be\/fr\/wp-json\/wp\/v2\/comments?post=144122"}],"version-history":[{"count":1,"href":"https:\/\/www.retaildetail.be\/fr\/wp-json\/wp\/v2\/posts\/144122\/revisions"}],"predecessor-version":[{"id":144124,"href":"https:\/\/www.retaildetail.be\/fr\/wp-json\/wp\/v2\/posts\/144122\/revisions\/144124"}],"wp:featuredmedia":[{"embeddable":true,"href":"https:\/\/www.retaildetail.be\/fr\/wp-json\/wp\/v2\/media\/144123"}],"wp:attachment":[{"href":"https:\/\/www.retaildetail.be\/fr\/wp-json\/wp\/v2\/media?parent=144122"}],"wp:term":[{"taxonomy":"category","embeddable":true,"href":"https:\/\/www.retaildetail.be\/fr\/wp-json\/wp\/v2\/categories?post=144122"},{"taxonomy":"post_tag","embeddable":true,"href":"https:\/\/www.retaildetail.be\/fr\/wp-json\/wp\/v2\/tags?post=144122"},{"taxonomy":"people","embeddable":true,"href":"https:\/\/www.retaildetail.be\/fr\/wp-json\/wp\/v2\/people?post=144122"},{"taxonomy":"extra","embeddable":true,"href":"https:\/\/www.retaildetail.be\/fr\/wp-json\/wp\/v2\/extra?post=144122"},{"taxonomy":"company","embeddable":true,"href":"https:\/\/www.retaildetail.be\/fr\/wp-json\/wp\/v2\/company?post=144122"},{"taxonomy":"topic","embeddable":true,"href":"https:\/\/www.retaildetail.be\/fr\/wp-json\/wp\/v2\/topic?post=144122"},{"taxonomy":"region","embeddable":true,"href":"https:\/\/www.retaildetail.be\/fr\/wp-json\/wp\/v2\/region?post=144122"}],"curies":[{"name":"wp","href":"https:\/\/api.w.org\/{rel}","templated":true}]}}