{"id":146757,"date":"2026-04-27T10:44:05","date_gmt":"2026-04-27T08:44:05","guid":{"rendered":"https:\/\/www.retaildetail.be\/?p=146757"},"modified":"2026-04-27T10:54:57","modified_gmt":"2026-04-27T08:54:57","slug":"le-calme-est-revenu-pour-linstant-chez-aldi-apres-des-greves-spontanees","status":"publish","type":"post","link":"https:\/\/www.retaildetail.be\/fr\/news\/food\/le-calme-est-revenu-pour-linstant-chez-aldi-apres-des-greves-spontanees\/","title":{"rendered":"Le calme est revenu chez Aldi apr\u00e8s les gr\u00e8ves spontan\u00e9es"},"content":{"rendered":"\n<p>Apr\u00e8s quelques jours de tensions dans les magasins, toutes les succursales belges d&rsquo;<strong>Aldi<\/strong> ont rouvert leurs portes lundi matin. Ces actions spontan\u00e9es du personnel ont \u00e9t\u00e9 men\u00e9es en r\u00e9action aux projets d&rsquo;ouverture \u00e9galement le dimanche.<\/p>\n\n\n\n<h2 class=\"wp-block-heading\">Une quarantaine de magasins touch\u00e9s<\/h2>\n\n\n\n<p>Toutes les enseignes ont ouvert leurs portes lundi, selon la direction d\u2019Aldi. <a href=\"https:\/\/www.retaildetail.be\/fr\/news\/food\/la-vague-de-greves-chez-aldi-setend-inquietudes-concernant-les-ouvertures-le-dimanche\/\" type=\"link\" id=\"https:\/\/www.retaildetail.be\/fr\/news\/food\/la-vague-de-greves-chez-aldi-setend-inquietudes-concernant-les-ouvertures-le-dimanche\/\">La protestation a \u00e9clat\u00e9 jeudi<\/a>, apr\u00e8s que la direction a annonc\u00e9 qu\u2019elle envisageait d\u2019ouvrir le dimanche. C\u2019est surtout samedi que l\u2019impact s\u2019est fait sentir : une quarantaine de magasins sont rest\u00e9s ferm\u00e9s le matin, principalement en Flandre orientale et occidentale.<\/p>\n\n\n\n<p>Au cours de la journ\u00e9e, la situation a toutefois \u00e9volu\u00e9 \u00e0 plusieurs reprises, ce qui t\u00e9moigne d\u2019une protestation fragment\u00e9e et organis\u00e9e localement. Selon Koen Vanschoubroeck, de l\u2019ACV Puls, les employ\u00e9s ont en effet pris l\u2019initiative eux-m\u00eames, sans que les syndicats aient appel\u00e9 \u00e0 des actions de gr\u00e8ve.<\/p>\n\n\n\n<p>La direction d\u2019Aldi souligne que le dialogue social est en cours et qu\u2019elle \u00ab continue de tendre la main aux partenaires sociaux \u00bb en vue d\u2019une solution constructive.<\/p>\n\n\n\n<h2 class=\"wp-block-heading\">Une tendance sous tension<\/h2>\n\n\n\n<p>Le d\u00e9bat sur l\u2019ouverture dominicale touche une corde sensible chez le personnel de magasin. Les employ\u00e9s craignent une charge de travail suppl\u00e9mentaire et une atteinte \u00e0 l\u2019\u00e9quilibre entre vie professionnelle et vie priv\u00e9e. Aldi souhaite en revanche \u00e9voluer au rythme de la concurrence : seul Colruyt garde encore r\u00e9solument ses portes ferm\u00e9es le dimanche, depuis que son rival Lidl fait \u00e9galement allusion \u00e0 d\u2019\u00e9ventuelles ouvertures dominicales.<\/p>\n\n\n\n<p>La semaine derni\u00e8re encore, le Conseil des ministres a approuv\u00e9 <a href=\"https:\/\/www.retaildetail.be\/fr\/news\/general\/les-horaires-douverture-enfin-assouplis-jusqua-21-h-et-plus-de-jour-de-fermeture\/\" type=\"link\" id=\"https:\/\/www.retaildetail.be\/fr\/news\/general\/les-horaires-douverture-enfin-assouplis-jusqua-21-h-et-plus-de-jour-de-fermeture\/\">un assouplissement des heures d&rsquo;ouverture autoris\u00e9es pour les magasins<\/a>, supprimant \u00e9galement le jour de fermeture hebdomadaire obligatoire. Cet assouplissement du cadre l\u00e9gal se heurte toutefois, dans la pratique, aux limites en mati\u00e8re de personnel et de faisabilit\u00e9 \u00e9conomique, surtout chez les petits ind\u00e9pendants. La f\u00e9d\u00e9ration du commerce Comeos souligne que cette d\u00e9cision laisse place \u00e0 une approche sur mesure : chaque commer\u00e7ant peut d\u00e9cider lui-m\u00eame s&rsquo;il ouvre son magasin et \u00e0 quel moment. \u00ab C&rsquo;est pr\u00e9cis\u00e9ment cette libert\u00e9 qui est cruciale \u00bb, affirme-t-elle.<\/p>\n","protected":false},"excerpt":{"rendered":"<p>Apr\u00e8s quelques jours d&rsquo;agitation dans les magasins, toutes les succursales belges d&rsquo;Aldi ont rouvert leurs portes lundi matin. Ces actions spontan\u00e9es du personnel ont \u00e9t\u00e9 men\u00e9es en r\u00e9action aux projets d&rsquo;ouverture \u00e9galement le dimanche. <\/p>\n","protected":false},"author":5,"featured_media":140618,"comment_status":"closed","ping_status":"closed","sticky":false,"template":"","format":"standard","meta":{"_acf_changed":false,"inline_featured_image":false,"_jetpack_memberships_contains_paid_content":false,"footnotes":""},"categories":[18,24],"tags":[2022,1965],"people":[],"extra":[],"company":[203],"topic":[],"region":[226],"class_list":{"0":"post-146757","1":"post","2":"type-post","3":"status-publish","4":"format-standard","5":"has-post-thumbnail","6":"hentry","7":"category-food","9":"tag-greve","10":"tag-ouvertures-dominicales","11":"company-aldi","12":"region-belgique"},"acf":[],"yoast_head":"<!-- This site is optimized with the Yoast SEO plugin v27.3 - https:\/\/yoast.com\/product\/yoast-seo-wordpress\/ -->\n<title>Le calme est revenu chez Aldi apr\u00e8s les gr\u00e8ves spontan\u00e9es - RetailDetail BE<\/title>\n<meta name=\"description\" content=\"Apr\u00e8s quelques jours de tensions dans les magasins, toutes les succursales belges d&#039;Aldi ont rouvert leurs portes lundi matin.\" \/>\n<meta name=\"robots\" content=\"index, follow, max-snippet:-1, max-image-preview:large, max-video-preview:-1\" \/>\n<link rel=\"canonical\" href=\"https:\/\/www.retaildetail.be\/fr\/news\/food\/le-calme-est-revenu-pour-linstant-chez-aldi-apres-des-greves-spontanees\/\" \/>\n<meta property=\"og:locale\" content=\"fr_FR\" \/>\n<meta property=\"og:type\" content=\"article\" \/>\n<meta property=\"og:title\" content=\"Le calme est revenu chez Aldi apr\u00e8s les gr\u00e8ves spontan\u00e9es - RetailDetail BE\" \/>\n<meta property=\"og:description\" content=\"Apr\u00e8s quelques jours de tensions dans les magasins, toutes les succursales belges d&#039;Aldi ont rouvert leurs portes lundi matin.\" \/>\n<meta property=\"og:url\" content=\"https:\/\/www.retaildetail.be\/fr\/news\/food\/le-calme-est-revenu-pour-linstant-chez-aldi-apres-des-greves-spontanees\/\" \/>\n<meta property=\"og:site_name\" content=\"RetailDetail BE\" \/>\n<meta property=\"article:published_time\" content=\"2026-04-27T08:44:05+00:00\" \/>\n<meta property=\"article:modified_time\" content=\"2026-04-27T08:54:57+00:00\" \/>\n<meta property=\"og:image\" content=\"https:\/\/www.retaildetail.be\/wp-content\/uploads\/2026\/01\/Aldi-Belgie-scaled-1.jpeg\" \/>\n\t<meta property=\"og:image:width\" content=\"2560\" \/>\n\t<meta property=\"og:image:height\" content=\"1707\" \/>\n\t<meta property=\"og:image:type\" content=\"image\/jpeg\" \/>\n<meta name=\"author\" content=\"Pauline Neerman\" \/>\n<meta name=\"twitter:card\" content=\"summary_large_image\" \/>\n<meta name=\"twitter:label1\" content=\"\u00c9crit par\" \/>\n\t<meta name=\"twitter:data1\" content=\"Pauline Neerman\" \/>\n\t<meta name=\"twitter:label2\" content=\"Dur\u00e9e de lecture estim\u00e9e\" \/>\n\t<meta name=\"twitter:data2\" content=\"2 minutes\" \/>\n<script type=\"application\/ld+json\" class=\"yoast-schema-graph\">{\"@context\":\"https:\\\/\\\/schema.org\",\"@graph\":[{\"@type\":\"NewsArticle\",\"@id\":\"https:\\\/\\\/www.retaildetail.be\\\/fr\\\/news\\\/food\\\/le-calme-est-revenu-pour-linstant-chez-aldi-apres-des-greves-spontanees\\\/#article\",\"isPartOf\":{\"@id\":\"https:\\\/\\\/www.retaildetail.be\\\/fr\\\/news\\\/food\\\/le-calme-est-revenu-pour-linstant-chez-aldi-apres-des-greves-spontanees\\\/\"},\"author\":{\"name\":\"Pauline Neerman\",\"@id\":\"https:\\\/\\\/www.retaildetail.be\\\/nl\\\/#\\\/schema\\\/person\\\/66b54803fa10759039079458ea89e307\"},\"headline\":\"Le calme est revenu chez Aldi apr\u00e8s les gr\u00e8ves spontan\u00e9es\",\"datePublished\":\"2026-04-27T08:44:05+00:00\",\"dateModified\":\"2026-04-27T08:54:57+00:00\",\"mainEntityOfPage\":{\"@id\":\"https:\\\/\\\/www.retaildetail.be\\\/fr\\\/news\\\/food\\\/le-calme-est-revenu-pour-linstant-chez-aldi-apres-des-greves-spontanees\\\/\"},\"wordCount\":384,\"publisher\":{\"@id\":\"https:\\\/\\\/www.retaildetail.be\\\/nl\\\/#organization\"},\"image\":{\"@id\":\"https:\\\/\\\/www.retaildetail.be\\\/fr\\\/news\\\/food\\\/le-calme-est-revenu-pour-linstant-chez-aldi-apres-des-greves-spontanees\\\/#primaryimage\"},\"thumbnailUrl\":\"https:\\\/\\\/www.retaildetail.be\\\/wp-content\\\/uploads\\\/2026\\\/01\\\/Aldi-Belgie-scaled-1.jpeg\",\"keywords\":[\"gr\u00e8ve\",\"Ouvertures dominicales\"],\"articleSection\":[\"Food\",\"Food\"],\"inLanguage\":\"fr-FR\",\"copyrightYear\":\"2026\",\"copyrightHolder\":{\"@id\":\"https:\\\/\\\/www.retaildetail.be\\\/#organization\"}},{\"@type\":\"WebPage\",\"@id\":\"https:\\\/\\\/www.retaildetail.be\\\/fr\\\/news\\\/food\\\/le-calme-est-revenu-pour-linstant-chez-aldi-apres-des-greves-spontanees\\\/\",\"url\":\"https:\\\/\\\/www.retaildetail.be\\\/fr\\\/news\\\/food\\\/le-calme-est-revenu-pour-linstant-chez-aldi-apres-des-greves-spontanees\\\/\",\"name\":\"Le calme est revenu chez Aldi apr\u00e8s les gr\u00e8ves spontan\u00e9es - RetailDetail BE\",\"isPartOf\":{\"@id\":\"https:\\\/\\\/www.retaildetail.be\\\/nl\\\/#website\"},\"primaryImageOfPage\":{\"@id\":\"https:\\\/\\\/www.retaildetail.be\\\/fr\\\/news\\\/food\\\/le-calme-est-revenu-pour-linstant-chez-aldi-apres-des-greves-spontanees\\\/#primaryimage\"},\"image\":{\"@id\":\"https:\\\/\\\/www.retaildetail.be\\\/fr\\\/news\\\/food\\\/le-calme-est-revenu-pour-linstant-chez-aldi-apres-des-greves-spontanees\\\/#primaryimage\"},\"thumbnailUrl\":\"https:\\\/\\\/www.retaildetail.be\\\/wp-content\\\/uploads\\\/2026\\\/01\\\/Aldi-Belgie-scaled-1.jpeg\",\"datePublished\":\"2026-04-27T08:44:05+00:00\",\"dateModified\":\"2026-04-27T08:54:57+00:00\",\"description\":\"Apr\u00e8s quelques jours de tensions dans les magasins, toutes les succursales belges d'Aldi ont rouvert leurs portes lundi matin.\",\"breadcrumb\":{\"@id\":\"https:\\\/\\\/www.retaildetail.be\\\/fr\\\/news\\\/food\\\/le-calme-est-revenu-pour-linstant-chez-aldi-apres-des-greves-spontanees\\\/#breadcrumb\"},\"inLanguage\":\"fr-FR\",\"potentialAction\":[{\"@type\":\"ReadAction\",\"target\":[\"https:\\\/\\\/www.retaildetail.be\\\/fr\\\/news\\\/food\\\/le-calme-est-revenu-pour-linstant-chez-aldi-apres-des-greves-spontanees\\\/\"]}]},{\"@type\":\"ImageObject\",\"inLanguage\":\"fr-FR\",\"@id\":\"https:\\\/\\\/www.retaildetail.be\\\/fr\\\/news\\\/food\\\/le-calme-est-revenu-pour-linstant-chez-aldi-apres-des-greves-spontanees\\\/#primaryimage\",\"url\":\"https:\\\/\\\/www.retaildetail.be\\\/wp-content\\\/uploads\\\/2026\\\/01\\\/Aldi-Belgie-scaled-1.jpeg\",\"contentUrl\":\"https:\\\/\\\/www.retaildetail.be\\\/wp-content\\\/uploads\\\/2026\\\/01\\\/Aldi-Belgie-scaled-1.jpeg\",\"width\":2560,\"height\":1707,\"caption\":\"Foto: Aldi Belgium\"},{\"@type\":\"BreadcrumbList\",\"@id\":\"https:\\\/\\\/www.retaildetail.be\\\/fr\\\/news\\\/food\\\/le-calme-est-revenu-pour-linstant-chez-aldi-apres-des-greves-spontanees\\\/#breadcrumb\",\"itemListElement\":[{\"@type\":\"ListItem\",\"position\":1,\"name\":\"Home\",\"item\":\"https:\\\/\\\/www.retaildetail.be\\\/fr\\\/\"},{\"@type\":\"ListItem\",\"position\":2,\"name\":\"Le calme est revenu chez Aldi apr\u00e8s les gr\u00e8ves spontan\u00e9es\"}]},{\"@type\":\"WebSite\",\"@id\":\"https:\\\/\\\/www.retaildetail.be\\\/nl\\\/#website\",\"url\":\"https:\\\/\\\/www.retaildetail.be\\\/nl\\\/\",\"name\":\"RetailDetail BE\",\"description\":\"News\",\"publisher\":{\"@id\":\"https:\\\/\\\/www.retaildetail.be\\\/nl\\\/#organization\"},\"potentialAction\":[{\"@type\":\"SearchAction\",\"target\":{\"@type\":\"EntryPoint\",\"urlTemplate\":\"https:\\\/\\\/www.retaildetail.be\\\/nl\\\/?s={search_term_string}\"},\"query-input\":{\"@type\":\"PropertyValueSpecification\",\"valueRequired\":true,\"valueName\":\"search_term_string\"}}],\"inLanguage\":\"fr-FR\"},{\"@type\":\"Organization\",\"@id\":\"https:\\\/\\\/www.retaildetail.be\\\/nl\\\/#organization\",\"name\":\"RetailDetail BE\",\"url\":\"https:\\\/\\\/www.retaildetail.be\\\/nl\\\/\",\"logo\":{\"@type\":\"ImageObject\",\"inLanguage\":\"fr-FR\",\"@id\":\"https:\\\/\\\/www.retaildetail.be\\\/nl\\\/#\\\/schema\\\/logo\\\/image\\\/\",\"url\":\"https:\\\/\\\/www.retaildetail.be\\\/wp-content\\\/uploads\\\/2022\\\/04\\\/logo.svg\",\"contentUrl\":\"https:\\\/\\\/www.retaildetail.be\\\/wp-content\\\/uploads\\\/2022\\\/04\\\/logo.svg\",\"width\":131,\"height\":70,\"caption\":\"RetailDetail BE\"},\"image\":{\"@id\":\"https:\\\/\\\/www.retaildetail.be\\\/nl\\\/#\\\/schema\\\/logo\\\/image\\\/\"}},{\"@type\":\"Person\",\"@id\":\"https:\\\/\\\/www.retaildetail.be\\\/nl\\\/#\\\/schema\\\/person\\\/66b54803fa10759039079458ea89e307\",\"name\":\"Pauline Neerman\",\"image\":{\"@type\":\"ImageObject\",\"inLanguage\":\"fr-FR\",\"@id\":\"https:\\\/\\\/secure.gravatar.com\\\/avatar\\\/58db22aee589a691f9603e5765ac06010427a923f9b2728b951eb7fe27214d70?s=96&d=mm&r=g\",\"url\":\"https:\\\/\\\/secure.gravatar.com\\\/avatar\\\/58db22aee589a691f9603e5765ac06010427a923f9b2728b951eb7fe27214d70?s=96&d=mm&r=g\",\"contentUrl\":\"https:\\\/\\\/secure.gravatar.com\\\/avatar\\\/58db22aee589a691f9603e5765ac06010427a923f9b2728b951eb7fe27214d70?s=96&d=mm&r=g\",\"caption\":\"Pauline Neerman\"},\"url\":\"https:\\\/\\\/www.retaildetail.be\\\/fr\\\/author\\\/paulineneerman\\\/\"}]}<\/script>\n<!-- \/ Yoast SEO plugin. -->","yoast_head_json":{"title":"Le calme est revenu chez Aldi apr\u00e8s les gr\u00e8ves spontan\u00e9es - RetailDetail BE","description":"Apr\u00e8s quelques jours de tensions dans les magasins, toutes les succursales belges d'Aldi ont rouvert leurs portes lundi matin.","robots":{"index":"index","follow":"follow","max-snippet":"max-snippet:-1","max-image-preview":"max-image-preview:large","max-video-preview":"max-video-preview:-1"},"canonical":"https:\/\/www.retaildetail.be\/fr\/news\/food\/le-calme-est-revenu-pour-linstant-chez-aldi-apres-des-greves-spontanees\/","og_locale":"fr_FR","og_type":"article","og_title":"Le calme est revenu chez Aldi apr\u00e8s les gr\u00e8ves spontan\u00e9es - RetailDetail BE","og_description":"Apr\u00e8s quelques jours de tensions dans les magasins, toutes les succursales belges d'Aldi ont rouvert leurs portes lundi matin.","og_url":"https:\/\/www.retaildetail.be\/fr\/news\/food\/le-calme-est-revenu-pour-linstant-chez-aldi-apres-des-greves-spontanees\/","og_site_name":"RetailDetail BE","article_published_time":"2026-04-27T08:44:05+00:00","article_modified_time":"2026-04-27T08:54:57+00:00","og_image":[{"width":2560,"height":1707,"url":"https:\/\/www.retaildetail.be\/wp-content\/uploads\/2026\/01\/Aldi-Belgie-scaled-1.jpeg","type":"image\/jpeg"}],"author":"Pauline Neerman","twitter_card":"summary_large_image","twitter_misc":{"\u00c9crit par":"Pauline Neerman","Dur\u00e9e de lecture estim\u00e9e":"2 minutes"},"schema":{"@context":"https:\/\/schema.org","@graph":[{"@type":"NewsArticle","@id":"https:\/\/www.retaildetail.be\/fr\/news\/food\/le-calme-est-revenu-pour-linstant-chez-aldi-apres-des-greves-spontanees\/#article","isPartOf":{"@id":"https:\/\/www.retaildetail.be\/fr\/news\/food\/le-calme-est-revenu-pour-linstant-chez-aldi-apres-des-greves-spontanees\/"},"author":{"name":"Pauline Neerman","@id":"https:\/\/www.retaildetail.be\/nl\/#\/schema\/person\/66b54803fa10759039079458ea89e307"},"headline":"Le calme est revenu chez Aldi apr\u00e8s les gr\u00e8ves spontan\u00e9es","datePublished":"2026-04-27T08:44:05+00:00","dateModified":"2026-04-27T08:54:57+00:00","mainEntityOfPage":{"@id":"https:\/\/www.retaildetail.be\/fr\/news\/food\/le-calme-est-revenu-pour-linstant-chez-aldi-apres-des-greves-spontanees\/"},"wordCount":384,"publisher":{"@id":"https:\/\/www.retaildetail.be\/nl\/#organization"},"image":{"@id":"https:\/\/www.retaildetail.be\/fr\/news\/food\/le-calme-est-revenu-pour-linstant-chez-aldi-apres-des-greves-spontanees\/#primaryimage"},"thumbnailUrl":"https:\/\/www.retaildetail.be\/wp-content\/uploads\/2026\/01\/Aldi-Belgie-scaled-1.jpeg","keywords":["gr\u00e8ve","Ouvertures dominicales"],"articleSection":["Food","Food"],"inLanguage":"fr-FR","copyrightYear":"2026","copyrightHolder":{"@id":"https:\/\/www.retaildetail.be\/#organization"}},{"@type":"WebPage","@id":"https:\/\/www.retaildetail.be\/fr\/news\/food\/le-calme-est-revenu-pour-linstant-chez-aldi-apres-des-greves-spontanees\/","url":"https:\/\/www.retaildetail.be\/fr\/news\/food\/le-calme-est-revenu-pour-linstant-chez-aldi-apres-des-greves-spontanees\/","name":"Le calme est revenu chez Aldi apr\u00e8s les gr\u00e8ves spontan\u00e9es - RetailDetail BE","isPartOf":{"@id":"https:\/\/www.retaildetail.be\/nl\/#website"},"primaryImageOfPage":{"@id":"https:\/\/www.retaildetail.be\/fr\/news\/food\/le-calme-est-revenu-pour-linstant-chez-aldi-apres-des-greves-spontanees\/#primaryimage"},"image":{"@id":"https:\/\/www.retaildetail.be\/fr\/news\/food\/le-calme-est-revenu-pour-linstant-chez-aldi-apres-des-greves-spontanees\/#primaryimage"},"thumbnailUrl":"https:\/\/www.retaildetail.be\/wp-content\/uploads\/2026\/01\/Aldi-Belgie-scaled-1.jpeg","datePublished":"2026-04-27T08:44:05+00:00","dateModified":"2026-04-27T08:54:57+00:00","description":"Apr\u00e8s quelques jours de tensions dans les magasins, toutes les succursales belges d'Aldi ont rouvert leurs portes lundi matin.","breadcrumb":{"@id":"https:\/\/www.retaildetail.be\/fr\/news\/food\/le-calme-est-revenu-pour-linstant-chez-aldi-apres-des-greves-spontanees\/#breadcrumb"},"inLanguage":"fr-FR","potentialAction":[{"@type":"ReadAction","target":["https:\/\/www.retaildetail.be\/fr\/news\/food\/le-calme-est-revenu-pour-linstant-chez-aldi-apres-des-greves-spontanees\/"]}]},{"@type":"ImageObject","inLanguage":"fr-FR","@id":"https:\/\/www.retaildetail.be\/fr\/news\/food\/le-calme-est-revenu-pour-linstant-chez-aldi-apres-des-greves-spontanees\/#primaryimage","url":"https:\/\/www.retaildetail.be\/wp-content\/uploads\/2026\/01\/Aldi-Belgie-scaled-1.jpeg","contentUrl":"https:\/\/www.retaildetail.be\/wp-content\/uploads\/2026\/01\/Aldi-Belgie-scaled-1.jpeg","width":2560,"height":1707,"caption":"Foto: Aldi Belgium"},{"@type":"BreadcrumbList","@id":"https:\/\/www.retaildetail.be\/fr\/news\/food\/le-calme-est-revenu-pour-linstant-chez-aldi-apres-des-greves-spontanees\/#breadcrumb","itemListElement":[{"@type":"ListItem","position":1,"name":"Home","item":"https:\/\/www.retaildetail.be\/fr\/"},{"@type":"ListItem","position":2,"name":"Le calme est revenu chez Aldi apr\u00e8s les gr\u00e8ves spontan\u00e9es"}]},{"@type":"WebSite","@id":"https:\/\/www.retaildetail.be\/nl\/#website","url":"https:\/\/www.retaildetail.be\/nl\/","name":"RetailDetail BE","description":"News","publisher":{"@id":"https:\/\/www.retaildetail.be\/nl\/#organization"},"potentialAction":[{"@type":"SearchAction","target":{"@type":"EntryPoint","urlTemplate":"https:\/\/www.retaildetail.be\/nl\/?s={search_term_string}"},"query-input":{"@type":"PropertyValueSpecification","valueRequired":true,"valueName":"search_term_string"}}],"inLanguage":"fr-FR"},{"@type":"Organization","@id":"https:\/\/www.retaildetail.be\/nl\/#organization","name":"RetailDetail BE","url":"https:\/\/www.retaildetail.be\/nl\/","logo":{"@type":"ImageObject","inLanguage":"fr-FR","@id":"https:\/\/www.retaildetail.be\/nl\/#\/schema\/logo\/image\/","url":"https:\/\/www.retaildetail.be\/wp-content\/uploads\/2022\/04\/logo.svg","contentUrl":"https:\/\/www.retaildetail.be\/wp-content\/uploads\/2022\/04\/logo.svg","width":131,"height":70,"caption":"RetailDetail BE"},"image":{"@id":"https:\/\/www.retaildetail.be\/nl\/#\/schema\/logo\/image\/"}},{"@type":"Person","@id":"https:\/\/www.retaildetail.be\/nl\/#\/schema\/person\/66b54803fa10759039079458ea89e307","name":"Pauline Neerman","image":{"@type":"ImageObject","inLanguage":"fr-FR","@id":"https:\/\/secure.gravatar.com\/avatar\/58db22aee589a691f9603e5765ac06010427a923f9b2728b951eb7fe27214d70?s=96&d=mm&r=g","url":"https:\/\/secure.gravatar.com\/avatar\/58db22aee589a691f9603e5765ac06010427a923f9b2728b951eb7fe27214d70?s=96&d=mm&r=g","contentUrl":"https:\/\/secure.gravatar.com\/avatar\/58db22aee589a691f9603e5765ac06010427a923f9b2728b951eb7fe27214d70?s=96&d=mm&r=g","caption":"Pauline Neerman"},"url":"https:\/\/www.retaildetail.be\/fr\/author\/paulineneerman\/"}]}},"jetpack_featured_media_url":"https:\/\/www.retaildetail.be\/wp-content\/uploads\/2026\/01\/Aldi-Belgie-scaled-1.jpeg","jetpack_sharing_enabled":true,"_links":{"self":[{"href":"https:\/\/www.retaildetail.be\/fr\/wp-json\/wp\/v2\/posts\/146757","targetHints":{"allow":["GET"]}}],"collection":[{"href":"https:\/\/www.retaildetail.be\/fr\/wp-json\/wp\/v2\/posts"}],"about":[{"href":"https:\/\/www.retaildetail.be\/fr\/wp-json\/wp\/v2\/types\/post"}],"author":[{"embeddable":true,"href":"https:\/\/www.retaildetail.be\/fr\/wp-json\/wp\/v2\/users\/5"}],"replies":[{"embeddable":true,"href":"https:\/\/www.retaildetail.be\/fr\/wp-json\/wp\/v2\/comments?post=146757"}],"version-history":[{"count":1,"href":"https:\/\/www.retaildetail.be\/fr\/wp-json\/wp\/v2\/posts\/146757\/revisions"}],"predecessor-version":[{"id":146765,"href":"https:\/\/www.retaildetail.be\/fr\/wp-json\/wp\/v2\/posts\/146757\/revisions\/146765"}],"wp:featuredmedia":[{"embeddable":true,"href":"https:\/\/www.retaildetail.be\/fr\/wp-json\/wp\/v2\/media\/140618"}],"wp:attachment":[{"href":"https:\/\/www.retaildetail.be\/fr\/wp-json\/wp\/v2\/media?parent=146757"}],"wp:term":[{"taxonomy":"category","embeddable":true,"href":"https:\/\/www.retaildetail.be\/fr\/wp-json\/wp\/v2\/categories?post=146757"},{"taxonomy":"post_tag","embeddable":true,"href":"https:\/\/www.retaildetail.be\/fr\/wp-json\/wp\/v2\/tags?post=146757"},{"taxonomy":"people","embeddable":true,"href":"https:\/\/www.retaildetail.be\/fr\/wp-json\/wp\/v2\/people?post=146757"},{"taxonomy":"extra","embeddable":true,"href":"https:\/\/www.retaildetail.be\/fr\/wp-json\/wp\/v2\/extra?post=146757"},{"taxonomy":"company","embeddable":true,"href":"https:\/\/www.retaildetail.be\/fr\/wp-json\/wp\/v2\/company?post=146757"},{"taxonomy":"topic","embeddable":true,"href":"https:\/\/www.retaildetail.be\/fr\/wp-json\/wp\/v2\/topic?post=146757"},{"taxonomy":"region","embeddable":true,"href":"https:\/\/www.retaildetail.be\/fr\/wp-json\/wp\/v2\/region?post=146757"}],"curies":[{"name":"wp","href":"https:\/\/api.w.org\/{rel}","templated":true}]}}