{"id":146763,"date":"2026-04-27T10:44:32","date_gmt":"2026-04-27T08:44:32","guid":{"rendered":"https:\/\/www.retaildetail.be\/?p=146763"},"modified":"2026-04-27T10:44:33","modified_gmt":"2026-04-27T08:44:33","slug":"zalando-met-fin-a-son-programme-connected-retail","status":"publish","type":"post","link":"https:\/\/www.retaildetail.be\/fr\/news\/mode\/zalando-met-fin-a-son-programme-connected-retail\/","title":{"rendered":"Zalando met fin \u00e0 son programme \u00ab Connected Retail \u00bb"},"content":{"rendered":"\n<p><strong>Zalando <\/strong>met fin \u00e0 son programme \u00ab Connected Retail \u00bb, qui permet aux magasins physiques de vendre leurs produits en ligne. Le syst\u00e8me sera remplac\u00e9 par une solution plus int\u00e9gr\u00e9e.<\/p>\n\n\n\n<h2 class=\"wp-block-heading\">Meilleure analyse des donn\u00e9es<\/h2>\n\n\n\n<p>Le programme de partenariat Connected Retail permet aux d\u00e9taillants physiques de mettre facilement et simplement leur stock en ligne et de rendre leurs produits accessibles \u00e0 tous les clients de Zalando. Le syst\u00e8me a \u00e9t\u00e9 lanc\u00e9 en 2018 <a href=\"https:\/\/www.retaildetail.be\/fr\/news\/mode\/zalando-lance-sa-plate-forme-connected-retail-en-belgique\/\">et s&rsquo;est \u00e9tendu \u00e0 la Belgique en 2021<\/a>.<\/p>\n\n\n\n<p>Aujourd&rsquo;hui, Zalando met fin \u00e0 ce programme. La plateforme souligne toutefois qu&rsquo;elle continue de soutenir les magasins physiques : \u00ab Nous ne faisons que mettre \u00e0 niveau la base technique et remplacer les outils obsol\u00e8tes de Connected Retail <a href=\"https:\/\/www.textilwirtschaft.de\/tech\/zalando-stellt-connected-retail-ein-158921\">par une solution plus moderne et int\u00e9gr\u00e9e \u00bb<\/a>, a d\u00e9clar\u00e9 un porte-parole au magazine sp\u00e9cialis\u00e9 allemand Textilwirtschaft. La solution partenaire zDirect vise \u00e0 rationaliser les processus op\u00e9rationnels et \u00e0 permettre une meilleure analyse des donn\u00e9es. Les magasins physiques pourront donc rester actifs en ligne sur les 27 march\u00e9s europ\u00e9ens o\u00f9 Zalando est pr\u00e9sent.<\/p>\n\n\n\n<p>Connected Retail sera progressivement supprim\u00e9 et prendra d\u00e9finitivement fin en juin 2017. Les commer\u00e7ants b\u00e9n\u00e9ficieront du soutien n\u00e9cessaire pour effectuer la transition. Le nouveau syst\u00e8me s&rsquo;accompagnera toutefois de co\u00fbts de service plus \u00e9lev\u00e9s, d&rsquo;exigences plus strictes et d&rsquo;une flexibilit\u00e9 r\u00e9duite, selon le magazine sp\u00e9cialis\u00e9 dans la mode.<\/p>\n","protected":false},"excerpt":{"rendered":"<p>Zalando met fin \u00e0 son programme \u00ab Connected Retail \u00bb, qui permet aux magasins physiques de vendre leurs produits en ligne. Ce syst\u00e8me sera remplac\u00e9 par une solution plus int\u00e9gr\u00e9e. <\/p>\n","protected":false},"author":3,"featured_media":146764,"comment_status":"closed","ping_status":"closed","sticky":false,"template":"","format":"standard","meta":{"_acf_changed":false,"inline_featured_image":false,"_jetpack_memberships_contains_paid_content":false,"footnotes":""},"categories":[14,22],"tags":[],"people":[],"extra":[],"company":[287],"topic":[198],"region":[243],"class_list":{"0":"post-146763","1":"post","2":"type-post","3":"status-publish","4":"format-standard","5":"has-post-thumbnail","6":"hentry","7":"category-mode","9":"company-zalando","10":"topic-e-commerce","11":"region-europe"},"acf":[],"yoast_head":"<!-- This site is optimized with the Yoast SEO plugin v27.3 - https:\/\/yoast.com\/product\/yoast-seo-wordpress\/ -->\n<title>Zalando met fin \u00e0 son programme \u00ab Connected Retail \u00bb - RetailDetail BE<\/title>\n<meta name=\"description\" content=\"Zalando met fin \u00e0 son programme \u00ab Connected Retail \u00bb, qui permet aux magasins physiques de vendre leurs produits en ligne. Le syst\u00e8me sera remplac\u00e9 par une solution plus int\u00e9gr\u00e9e.\" \/>\n<meta name=\"robots\" content=\"index, follow, max-snippet:-1, max-image-preview:large, max-video-preview:-1\" \/>\n<link rel=\"canonical\" href=\"https:\/\/www.retaildetail.be\/fr\/news\/mode\/zalando-met-fin-a-son-programme-connected-retail\/\" \/>\n<meta property=\"og:locale\" content=\"fr_FR\" \/>\n<meta property=\"og:type\" content=\"article\" \/>\n<meta property=\"og:title\" content=\"Zalando met fin \u00e0 son programme \u00ab Connected Retail \u00bb - RetailDetail BE\" \/>\n<meta property=\"og:description\" content=\"Zalando met fin \u00e0 son programme \u00ab Connected Retail \u00bb, qui permet aux magasins physiques de vendre leurs produits en ligne. Le syst\u00e8me sera remplac\u00e9 par une solution plus int\u00e9gr\u00e9e.\" \/>\n<meta property=\"og:url\" content=\"https:\/\/www.retaildetail.be\/fr\/news\/mode\/zalando-met-fin-a-son-programme-connected-retail\/\" \/>\n<meta property=\"og:site_name\" content=\"RetailDetail BE\" \/>\n<meta property=\"article:published_time\" content=\"2026-04-27T08:44:32+00:00\" \/>\n<meta property=\"article:modified_time\" content=\"2026-04-27T08:44:33+00:00\" \/>\n<meta property=\"og:image\" content=\"https:\/\/www.retaildetail.be\/wp-content\/uploads\/2026\/04\/Zalando-Connected-Retail-1.jpg\" \/>\n\t<meta property=\"og:image:width\" content=\"1214\" \/>\n\t<meta property=\"og:image:height\" content=\"806\" \/>\n\t<meta property=\"og:image:type\" content=\"image\/jpeg\" \/>\n<meta name=\"author\" content=\"Stefan Van Rompaey\" \/>\n<meta name=\"twitter:card\" content=\"summary_large_image\" \/>\n<meta name=\"twitter:label1\" content=\"\u00c9crit par\" \/>\n\t<meta name=\"twitter:data1\" content=\"Stefan Van Rompaey\" \/>\n\t<meta name=\"twitter:label2\" content=\"Dur\u00e9e de lecture estim\u00e9e\" \/>\n\t<meta name=\"twitter:data2\" content=\"1 minute\" \/>\n<script type=\"application\/ld+json\" class=\"yoast-schema-graph\">{\"@context\":\"https:\\\/\\\/schema.org\",\"@graph\":[{\"@type\":\"NewsArticle\",\"@id\":\"https:\\\/\\\/www.retaildetail.be\\\/fr\\\/news\\\/mode\\\/zalando-met-fin-a-son-programme-connected-retail\\\/#article\",\"isPartOf\":{\"@id\":\"https:\\\/\\\/www.retaildetail.be\\\/fr\\\/news\\\/mode\\\/zalando-met-fin-a-son-programme-connected-retail\\\/\"},\"author\":{\"name\":\"Stefan Van Rompaey\",\"@id\":\"https:\\\/\\\/www.retaildetail.be\\\/nl\\\/#\\\/schema\\\/person\\\/51aec6069c4416aa2f68b2e4ff3455df\"},\"headline\":\"Zalando met fin \u00e0 son programme \u00ab Connected Retail \u00bb\",\"datePublished\":\"2026-04-27T08:44:32+00:00\",\"dateModified\":\"2026-04-27T08:44:33+00:00\",\"mainEntityOfPage\":{\"@id\":\"https:\\\/\\\/www.retaildetail.be\\\/fr\\\/news\\\/mode\\\/zalando-met-fin-a-son-programme-connected-retail\\\/\"},\"wordCount\":241,\"publisher\":{\"@id\":\"https:\\\/\\\/www.retaildetail.be\\\/nl\\\/#organization\"},\"image\":{\"@id\":\"https:\\\/\\\/www.retaildetail.be\\\/fr\\\/news\\\/mode\\\/zalando-met-fin-a-son-programme-connected-retail\\\/#primaryimage\"},\"thumbnailUrl\":\"https:\\\/\\\/www.retaildetail.be\\\/wp-content\\\/uploads\\\/2026\\\/04\\\/Zalando-Connected-Retail-1.jpg\",\"articleSection\":[\"Mode\",\"Mode\"],\"inLanguage\":\"fr-FR\",\"copyrightYear\":\"2026\",\"copyrightHolder\":{\"@id\":\"https:\\\/\\\/www.retaildetail.be\\\/#organization\"}},{\"@type\":\"WebPage\",\"@id\":\"https:\\\/\\\/www.retaildetail.be\\\/fr\\\/news\\\/mode\\\/zalando-met-fin-a-son-programme-connected-retail\\\/\",\"url\":\"https:\\\/\\\/www.retaildetail.be\\\/fr\\\/news\\\/mode\\\/zalando-met-fin-a-son-programme-connected-retail\\\/\",\"name\":\"Zalando met fin \u00e0 son programme \u00ab Connected Retail \u00bb - RetailDetail BE\",\"isPartOf\":{\"@id\":\"https:\\\/\\\/www.retaildetail.be\\\/nl\\\/#website\"},\"primaryImageOfPage\":{\"@id\":\"https:\\\/\\\/www.retaildetail.be\\\/fr\\\/news\\\/mode\\\/zalando-met-fin-a-son-programme-connected-retail\\\/#primaryimage\"},\"image\":{\"@id\":\"https:\\\/\\\/www.retaildetail.be\\\/fr\\\/news\\\/mode\\\/zalando-met-fin-a-son-programme-connected-retail\\\/#primaryimage\"},\"thumbnailUrl\":\"https:\\\/\\\/www.retaildetail.be\\\/wp-content\\\/uploads\\\/2026\\\/04\\\/Zalando-Connected-Retail-1.jpg\",\"datePublished\":\"2026-04-27T08:44:32+00:00\",\"dateModified\":\"2026-04-27T08:44:33+00:00\",\"description\":\"Zalando met fin \u00e0 son programme \u00ab Connected Retail \u00bb, qui permet aux magasins physiques de vendre leurs produits en ligne. Le syst\u00e8me sera remplac\u00e9 par une solution plus int\u00e9gr\u00e9e.\",\"breadcrumb\":{\"@id\":\"https:\\\/\\\/www.retaildetail.be\\\/fr\\\/news\\\/mode\\\/zalando-met-fin-a-son-programme-connected-retail\\\/#breadcrumb\"},\"inLanguage\":\"fr-FR\",\"potentialAction\":[{\"@type\":\"ReadAction\",\"target\":[\"https:\\\/\\\/www.retaildetail.be\\\/fr\\\/news\\\/mode\\\/zalando-met-fin-a-son-programme-connected-retail\\\/\"]}]},{\"@type\":\"ImageObject\",\"inLanguage\":\"fr-FR\",\"@id\":\"https:\\\/\\\/www.retaildetail.be\\\/fr\\\/news\\\/mode\\\/zalando-met-fin-a-son-programme-connected-retail\\\/#primaryimage\",\"url\":\"https:\\\/\\\/www.retaildetail.be\\\/wp-content\\\/uploads\\\/2026\\\/04\\\/Zalando-Connected-Retail-1.jpg\",\"contentUrl\":\"https:\\\/\\\/www.retaildetail.be\\\/wp-content\\\/uploads\\\/2026\\\/04\\\/Zalando-Connected-Retail-1.jpg\",\"width\":1214,\"height\":806,\"caption\":\"Zalando\"},{\"@type\":\"BreadcrumbList\",\"@id\":\"https:\\\/\\\/www.retaildetail.be\\\/fr\\\/news\\\/mode\\\/zalando-met-fin-a-son-programme-connected-retail\\\/#breadcrumb\",\"itemListElement\":[{\"@type\":\"ListItem\",\"position\":1,\"name\":\"Home\",\"item\":\"https:\\\/\\\/www.retaildetail.be\\\/fr\\\/\"},{\"@type\":\"ListItem\",\"position\":2,\"name\":\"Zalando met fin \u00e0 son programme \u00ab Connected Retail \u00bb\"}]},{\"@type\":\"WebSite\",\"@id\":\"https:\\\/\\\/www.retaildetail.be\\\/nl\\\/#website\",\"url\":\"https:\\\/\\\/www.retaildetail.be\\\/nl\\\/\",\"name\":\"RetailDetail BE\",\"description\":\"News\",\"publisher\":{\"@id\":\"https:\\\/\\\/www.retaildetail.be\\\/nl\\\/#organization\"},\"potentialAction\":[{\"@type\":\"SearchAction\",\"target\":{\"@type\":\"EntryPoint\",\"urlTemplate\":\"https:\\\/\\\/www.retaildetail.be\\\/nl\\\/?s={search_term_string}\"},\"query-input\":{\"@type\":\"PropertyValueSpecification\",\"valueRequired\":true,\"valueName\":\"search_term_string\"}}],\"inLanguage\":\"fr-FR\"},{\"@type\":\"Organization\",\"@id\":\"https:\\\/\\\/www.retaildetail.be\\\/nl\\\/#organization\",\"name\":\"RetailDetail BE\",\"url\":\"https:\\\/\\\/www.retaildetail.be\\\/nl\\\/\",\"logo\":{\"@type\":\"ImageObject\",\"inLanguage\":\"fr-FR\",\"@id\":\"https:\\\/\\\/www.retaildetail.be\\\/nl\\\/#\\\/schema\\\/logo\\\/image\\\/\",\"url\":\"https:\\\/\\\/www.retaildetail.be\\\/wp-content\\\/uploads\\\/2022\\\/04\\\/logo.svg\",\"contentUrl\":\"https:\\\/\\\/www.retaildetail.be\\\/wp-content\\\/uploads\\\/2022\\\/04\\\/logo.svg\",\"width\":131,\"height\":70,\"caption\":\"RetailDetail BE\"},\"image\":{\"@id\":\"https:\\\/\\\/www.retaildetail.be\\\/nl\\\/#\\\/schema\\\/logo\\\/image\\\/\"}},{\"@type\":\"Person\",\"@id\":\"https:\\\/\\\/www.retaildetail.be\\\/nl\\\/#\\\/schema\\\/person\\\/51aec6069c4416aa2f68b2e4ff3455df\",\"name\":\"Stefan Van Rompaey\",\"image\":{\"@type\":\"ImageObject\",\"inLanguage\":\"fr-FR\",\"@id\":\"https:\\\/\\\/secure.gravatar.com\\\/avatar\\\/fbbb4a80a0f109888b2a5ab8ae255617499ecde533749b3ab2fa6c23b5d65dac?s=96&d=mm&r=g\",\"url\":\"https:\\\/\\\/secure.gravatar.com\\\/avatar\\\/fbbb4a80a0f109888b2a5ab8ae255617499ecde533749b3ab2fa6c23b5d65dac?s=96&d=mm&r=g\",\"contentUrl\":\"https:\\\/\\\/secure.gravatar.com\\\/avatar\\\/fbbb4a80a0f109888b2a5ab8ae255617499ecde533749b3ab2fa6c23b5d65dac?s=96&d=mm&r=g\",\"caption\":\"Stefan Van Rompaey\"},\"url\":\"https:\\\/\\\/www.retaildetail.be\\\/fr\\\/author\\\/stefanvanrompaey\\\/\"}]}<\/script>\n<!-- \/ Yoast SEO plugin. -->","yoast_head_json":{"title":"Zalando met fin \u00e0 son programme \u00ab Connected Retail \u00bb - RetailDetail BE","description":"Zalando met fin \u00e0 son programme \u00ab Connected Retail \u00bb, qui permet aux magasins physiques de vendre leurs produits en ligne. Le syst\u00e8me sera remplac\u00e9 par une solution plus int\u00e9gr\u00e9e.","robots":{"index":"index","follow":"follow","max-snippet":"max-snippet:-1","max-image-preview":"max-image-preview:large","max-video-preview":"max-video-preview:-1"},"canonical":"https:\/\/www.retaildetail.be\/fr\/news\/mode\/zalando-met-fin-a-son-programme-connected-retail\/","og_locale":"fr_FR","og_type":"article","og_title":"Zalando met fin \u00e0 son programme \u00ab Connected Retail \u00bb - RetailDetail BE","og_description":"Zalando met fin \u00e0 son programme \u00ab Connected Retail \u00bb, qui permet aux magasins physiques de vendre leurs produits en ligne. Le syst\u00e8me sera remplac\u00e9 par une solution plus int\u00e9gr\u00e9e.","og_url":"https:\/\/www.retaildetail.be\/fr\/news\/mode\/zalando-met-fin-a-son-programme-connected-retail\/","og_site_name":"RetailDetail BE","article_published_time":"2026-04-27T08:44:32+00:00","article_modified_time":"2026-04-27T08:44:33+00:00","og_image":[{"width":1214,"height":806,"url":"https:\/\/www.retaildetail.be\/wp-content\/uploads\/2026\/04\/Zalando-Connected-Retail-1.jpg","type":"image\/jpeg"}],"author":"Stefan Van Rompaey","twitter_card":"summary_large_image","twitter_misc":{"\u00c9crit par":"Stefan Van Rompaey","Dur\u00e9e de lecture estim\u00e9e":"1 minute"},"schema":{"@context":"https:\/\/schema.org","@graph":[{"@type":"NewsArticle","@id":"https:\/\/www.retaildetail.be\/fr\/news\/mode\/zalando-met-fin-a-son-programme-connected-retail\/#article","isPartOf":{"@id":"https:\/\/www.retaildetail.be\/fr\/news\/mode\/zalando-met-fin-a-son-programme-connected-retail\/"},"author":{"name":"Stefan Van Rompaey","@id":"https:\/\/www.retaildetail.be\/nl\/#\/schema\/person\/51aec6069c4416aa2f68b2e4ff3455df"},"headline":"Zalando met fin \u00e0 son programme \u00ab Connected Retail \u00bb","datePublished":"2026-04-27T08:44:32+00:00","dateModified":"2026-04-27T08:44:33+00:00","mainEntityOfPage":{"@id":"https:\/\/www.retaildetail.be\/fr\/news\/mode\/zalando-met-fin-a-son-programme-connected-retail\/"},"wordCount":241,"publisher":{"@id":"https:\/\/www.retaildetail.be\/nl\/#organization"},"image":{"@id":"https:\/\/www.retaildetail.be\/fr\/news\/mode\/zalando-met-fin-a-son-programme-connected-retail\/#primaryimage"},"thumbnailUrl":"https:\/\/www.retaildetail.be\/wp-content\/uploads\/2026\/04\/Zalando-Connected-Retail-1.jpg","articleSection":["Mode","Mode"],"inLanguage":"fr-FR","copyrightYear":"2026","copyrightHolder":{"@id":"https:\/\/www.retaildetail.be\/#organization"}},{"@type":"WebPage","@id":"https:\/\/www.retaildetail.be\/fr\/news\/mode\/zalando-met-fin-a-son-programme-connected-retail\/","url":"https:\/\/www.retaildetail.be\/fr\/news\/mode\/zalando-met-fin-a-son-programme-connected-retail\/","name":"Zalando met fin \u00e0 son programme \u00ab Connected Retail \u00bb - RetailDetail BE","isPartOf":{"@id":"https:\/\/www.retaildetail.be\/nl\/#website"},"primaryImageOfPage":{"@id":"https:\/\/www.retaildetail.be\/fr\/news\/mode\/zalando-met-fin-a-son-programme-connected-retail\/#primaryimage"},"image":{"@id":"https:\/\/www.retaildetail.be\/fr\/news\/mode\/zalando-met-fin-a-son-programme-connected-retail\/#primaryimage"},"thumbnailUrl":"https:\/\/www.retaildetail.be\/wp-content\/uploads\/2026\/04\/Zalando-Connected-Retail-1.jpg","datePublished":"2026-04-27T08:44:32+00:00","dateModified":"2026-04-27T08:44:33+00:00","description":"Zalando met fin \u00e0 son programme \u00ab Connected Retail \u00bb, qui permet aux magasins physiques de vendre leurs produits en ligne. Le syst\u00e8me sera remplac\u00e9 par une solution plus int\u00e9gr\u00e9e.","breadcrumb":{"@id":"https:\/\/www.retaildetail.be\/fr\/news\/mode\/zalando-met-fin-a-son-programme-connected-retail\/#breadcrumb"},"inLanguage":"fr-FR","potentialAction":[{"@type":"ReadAction","target":["https:\/\/www.retaildetail.be\/fr\/news\/mode\/zalando-met-fin-a-son-programme-connected-retail\/"]}]},{"@type":"ImageObject","inLanguage":"fr-FR","@id":"https:\/\/www.retaildetail.be\/fr\/news\/mode\/zalando-met-fin-a-son-programme-connected-retail\/#primaryimage","url":"https:\/\/www.retaildetail.be\/wp-content\/uploads\/2026\/04\/Zalando-Connected-Retail-1.jpg","contentUrl":"https:\/\/www.retaildetail.be\/wp-content\/uploads\/2026\/04\/Zalando-Connected-Retail-1.jpg","width":1214,"height":806,"caption":"Zalando"},{"@type":"BreadcrumbList","@id":"https:\/\/www.retaildetail.be\/fr\/news\/mode\/zalando-met-fin-a-son-programme-connected-retail\/#breadcrumb","itemListElement":[{"@type":"ListItem","position":1,"name":"Home","item":"https:\/\/www.retaildetail.be\/fr\/"},{"@type":"ListItem","position":2,"name":"Zalando met fin \u00e0 son programme \u00ab Connected Retail \u00bb"}]},{"@type":"WebSite","@id":"https:\/\/www.retaildetail.be\/nl\/#website","url":"https:\/\/www.retaildetail.be\/nl\/","name":"RetailDetail BE","description":"News","publisher":{"@id":"https:\/\/www.retaildetail.be\/nl\/#organization"},"potentialAction":[{"@type":"SearchAction","target":{"@type":"EntryPoint","urlTemplate":"https:\/\/www.retaildetail.be\/nl\/?s={search_term_string}"},"query-input":{"@type":"PropertyValueSpecification","valueRequired":true,"valueName":"search_term_string"}}],"inLanguage":"fr-FR"},{"@type":"Organization","@id":"https:\/\/www.retaildetail.be\/nl\/#organization","name":"RetailDetail BE","url":"https:\/\/www.retaildetail.be\/nl\/","logo":{"@type":"ImageObject","inLanguage":"fr-FR","@id":"https:\/\/www.retaildetail.be\/nl\/#\/schema\/logo\/image\/","url":"https:\/\/www.retaildetail.be\/wp-content\/uploads\/2022\/04\/logo.svg","contentUrl":"https:\/\/www.retaildetail.be\/wp-content\/uploads\/2022\/04\/logo.svg","width":131,"height":70,"caption":"RetailDetail BE"},"image":{"@id":"https:\/\/www.retaildetail.be\/nl\/#\/schema\/logo\/image\/"}},{"@type":"Person","@id":"https:\/\/www.retaildetail.be\/nl\/#\/schema\/person\/51aec6069c4416aa2f68b2e4ff3455df","name":"Stefan Van Rompaey","image":{"@type":"ImageObject","inLanguage":"fr-FR","@id":"https:\/\/secure.gravatar.com\/avatar\/fbbb4a80a0f109888b2a5ab8ae255617499ecde533749b3ab2fa6c23b5d65dac?s=96&d=mm&r=g","url":"https:\/\/secure.gravatar.com\/avatar\/fbbb4a80a0f109888b2a5ab8ae255617499ecde533749b3ab2fa6c23b5d65dac?s=96&d=mm&r=g","contentUrl":"https:\/\/secure.gravatar.com\/avatar\/fbbb4a80a0f109888b2a5ab8ae255617499ecde533749b3ab2fa6c23b5d65dac?s=96&d=mm&r=g","caption":"Stefan Van Rompaey"},"url":"https:\/\/www.retaildetail.be\/fr\/author\/stefanvanrompaey\/"}]}},"jetpack_featured_media_url":"https:\/\/www.retaildetail.be\/wp-content\/uploads\/2026\/04\/Zalando-Connected-Retail-1.jpg","jetpack_sharing_enabled":true,"_links":{"self":[{"href":"https:\/\/www.retaildetail.be\/fr\/wp-json\/wp\/v2\/posts\/146763","targetHints":{"allow":["GET"]}}],"collection":[{"href":"https:\/\/www.retaildetail.be\/fr\/wp-json\/wp\/v2\/posts"}],"about":[{"href":"https:\/\/www.retaildetail.be\/fr\/wp-json\/wp\/v2\/types\/post"}],"author":[{"embeddable":true,"href":"https:\/\/www.retaildetail.be\/fr\/wp-json\/wp\/v2\/users\/3"}],"replies":[{"embeddable":true,"href":"https:\/\/www.retaildetail.be\/fr\/wp-json\/wp\/v2\/comments?post=146763"}],"version-history":[{"count":1,"href":"https:\/\/www.retaildetail.be\/fr\/wp-json\/wp\/v2\/posts\/146763\/revisions"}],"predecessor-version":[{"id":146766,"href":"https:\/\/www.retaildetail.be\/fr\/wp-json\/wp\/v2\/posts\/146763\/revisions\/146766"}],"wp:featuredmedia":[{"embeddable":true,"href":"https:\/\/www.retaildetail.be\/fr\/wp-json\/wp\/v2\/media\/146764"}],"wp:attachment":[{"href":"https:\/\/www.retaildetail.be\/fr\/wp-json\/wp\/v2\/media?parent=146763"}],"wp:term":[{"taxonomy":"category","embeddable":true,"href":"https:\/\/www.retaildetail.be\/fr\/wp-json\/wp\/v2\/categories?post=146763"},{"taxonomy":"post_tag","embeddable":true,"href":"https:\/\/www.retaildetail.be\/fr\/wp-json\/wp\/v2\/tags?post=146763"},{"taxonomy":"people","embeddable":true,"href":"https:\/\/www.retaildetail.be\/fr\/wp-json\/wp\/v2\/people?post=146763"},{"taxonomy":"extra","embeddable":true,"href":"https:\/\/www.retaildetail.be\/fr\/wp-json\/wp\/v2\/extra?post=146763"},{"taxonomy":"company","embeddable":true,"href":"https:\/\/www.retaildetail.be\/fr\/wp-json\/wp\/v2\/company?post=146763"},{"taxonomy":"topic","embeddable":true,"href":"https:\/\/www.retaildetail.be\/fr\/wp-json\/wp\/v2\/topic?post=146763"},{"taxonomy":"region","embeddable":true,"href":"https:\/\/www.retaildetail.be\/fr\/wp-json\/wp\/v2\/region?post=146763"}],"curies":[{"name":"wp","href":"https:\/\/api.w.org\/{rel}","templated":true}]}}