{"id":146777,"date":"2026-04-27T11:52:22","date_gmt":"2026-04-27T09:52:22","guid":{"rendered":"https:\/\/www.retaildetail.be\/?p=146777"},"modified":"2026-04-27T11:52:23","modified_gmt":"2026-04-27T09:52:23","slug":"un-nouveau-plan-vise-a-redynamiser-les-quartiers-commercants-de-bruxelles","status":"publish","type":"post","link":"https:\/\/www.retaildetail.be\/fr\/news\/general\/un-nouveau-plan-vise-a-redynamiser-les-quartiers-commercants-de-bruxelles\/","title":{"rendered":"Un nouveau plan vise \u00e0 redynamiser les quartiers commer\u00e7ants de Bruxelles"},"content":{"rendered":"\n<p>Avec un taux de vacance de 18 % et des probl\u00e8mes persistants en mati\u00e8re de propret\u00e9 et de s\u00e9curit\u00e9, le commerce de d\u00e9tail \u00e0 Bruxelles se trouve \u00e0 un tournant : la municipalit\u00e9 souhaite promouvoir la diversit\u00e9 commerciale dans les 25 quartiers commer\u00e7ants de la capitale.<\/p>\n\n\n\n<h2 class=\"wp-block-heading\">Six quartiers prioritaires<\/h2>\n\n\n\n<p>Le Pentagone bruxellois, c&rsquo;est-\u00e0-dire le centre-ville situ\u00e9 \u00e0 l&rsquo;int\u00e9rieur du petit p\u00e9riph\u00e9rique, compte plus de 7 000 commerces. Avec 33,6 magasins pour 1 000 habitants, la densit\u00e9 commerciale y est largement sup\u00e9rieure \u00e0 la moyenne r\u00e9gionale de 18,5, mais le taux de vacance y atteint 18 % et peut grimper jusqu&rsquo;\u00e0 21 % dans certains quartiers. Outre des probl\u00e8mes persistants en mati\u00e8re de propret\u00e9 et de s\u00e9curit\u00e9, la forte progression des fast-foods et des snack-bars menace la diversit\u00e9 commerciale. Bref, il est temps de mettre en place un plan d\u2019action, estime Didier Wauters (Les Engag\u00e9s), \u00e9chevin des Affaires \u00e9conomiques et du Commerce.<\/p>\n\n\n\n<p>L&rsquo;administration communale se concentrera sur six quartiers consid\u00e9r\u00e9s comme prioritaires car c&rsquo;est l\u00e0 que les probl\u00e8mes sont les plus aigus : le pi\u00e9tonnier, les Marolles, le Sablon, Dansaert, Marie-Christine\/Bockstael et Vekemans. Cela ne signifie toutefois pas que le soutien aux autres quartiers commer\u00e7ants sera r\u00e9duit.<\/p>\n\n\n\n<h2 class=\"wp-block-heading\">Diversit\u00e9 dans la zone pi\u00e9tonne<\/h2>\n\n\n\n<p>Le nombre de policiers et d&rsquo;agents de quartier dans les quartiers commer\u00e7ants doit augmenter ; le d\u00e9p\u00f4t de plaintes en cas de vol \u00e0 l&rsquo;\u00e9talage ou de comportement inappropri\u00e9 doit \u00eatre facilit\u00e9 et acc\u00e9l\u00e9r\u00e9. Il y aura davantage de poubelles publiques et d&rsquo;\u00e9quipes de nettoyage mobiles sp\u00e9cifiquement affect\u00e9es aux quartiers commer\u00e7ants. La ville va modifier les jours de collecte des d\u00e9chets dans certains quartiers et se concertera avec les entrepreneurs pour \u00e9viter que des travaux de construction aient lieu en \u00e9t\u00e9 dans les zones de restauration. L&rsquo;\u00e9chevin promet \u00e9galement <a href=\"https:\/\/www.lalibre.be\/economie\/2026\/04\/25\/voici-le-plan-de-la-ville-de-bruxelles-pour-redynamiser-ses-25-quartiers-commercants-le-commerce-se-trouve-a-un-moment-charniere-5ICAIOJXS5D7NHYMILWRM2CWB4\/\">davantage de places de stationnement \u00ab shop &amp; go \u00bb<\/a>, d\u00e9clare-t-il \u00e0 La Libre.<\/p>\n\n\n\n<p>Afin de renforcer la diversit\u00e9 commerciale dans certains quartiers, Wauters souhaite collaborer avec la R\u00e9gie fonci\u00e8re et le CPAS, propri\u00e9taires de nombreux immeubles commerciaux. Il souhaite \u00e9galement encourager la cr\u00e9ation d\u2019associations de commer\u00e7ants dans les centres o\u00f9 celles-ci font encore d\u00e9faut.<\/p>\n\n\n\n<p>Une attention particuli\u00e8re est accord\u00e9e \u00e0 l\u2019am\u00e9lioration de l\u2019attrait de la zone pi\u00e9tonne, dont chaque partie serait destin\u00e9e \u00e0 un type sp\u00e9cifique de commerce : des magasins phares et de grandes cha\u00eenes de magasins dans la zone De Brouck\u00e8re, la mode de milieu de gamme, les caf\u00e9s et les restaurants dans la partie nord du boulevard Anspach, la restauration sur la place de la Bourse avec le Mus\u00e9e de la bi\u00e8re comme enseigne phare, et les commerces de proximit\u00e9 et les entreprises artisanales dans la zone sud du boulevard Anspach. <\/p>\n","protected":false},"excerpt":{"rendered":"<p>Avec un taux de vacance de 18 % et des probl\u00e8mes persistants en mati\u00e8re de propret\u00e9 et de s\u00e9curit\u00e9, le commerce de d\u00e9tail \u00e0 Bruxelles se trouve \u00e0 un tournant. La municipalit\u00e9 souhaite promouvoir la diversit\u00e9 commerciale dans les 25 quartiers commer\u00e7ants de la capitale.<\/p>\n","protected":false},"author":3,"featured_media":146778,"comment_status":"closed","ping_status":"closed","sticky":false,"template":"","format":"standard","meta":{"_acf_changed":false,"inline_featured_image":false,"_jetpack_memberships_contains_paid_content":false,"footnotes":""},"categories":[15,25],"tags":[],"people":[],"extra":[43],"company":[],"topic":[591],"region":[226,413],"class_list":["post-146777","post","type-post","status-publish","format-standard","has-post-thumbnail","hentry","category-algemeen","category-general","extra-plus","topic-immobilier","region-belgique","region-bruxelles"],"acf":[],"yoast_head":"<!-- This site is optimized with the Yoast SEO plugin v27.3 - https:\/\/yoast.com\/product\/yoast-seo-wordpress\/ -->\n<title>Un nouveau plan vise \u00e0 redynamiser les quartiers commer\u00e7ants de Bruxelles - RetailDetail BE<\/title>\n<meta name=\"description\" content=\"Avec un taux de vacance de 18 % et des probl\u00e8mes persistants en mati\u00e8re de propret\u00e9 et de s\u00e9curit\u00e9, le commerce de d\u00e9tail \u00e0 Bruxelles se trouve \u00e0 un tournant : la municipalit\u00e9 souhaite promouvoir la diversit\u00e9 commerciale dans les 25 quartiers commer\u00e7ants de la capitale.\" \/>\n<meta name=\"robots\" content=\"index, follow, max-snippet:-1, max-image-preview:large, max-video-preview:-1\" \/>\n<link rel=\"canonical\" href=\"https:\/\/www.retaildetail.be\/fr\/news\/general\/un-nouveau-plan-vise-a-redynamiser-les-quartiers-commercants-de-bruxelles\/\" \/>\n<meta property=\"og:locale\" content=\"fr_FR\" \/>\n<meta property=\"og:type\" content=\"article\" \/>\n<meta property=\"og:title\" content=\"Un nouveau plan vise \u00e0 redynamiser les quartiers commer\u00e7ants de Bruxelles - RetailDetail BE\" \/>\n<meta property=\"og:description\" content=\"Avec un taux de vacance de 18 % et des probl\u00e8mes persistants en mati\u00e8re de propret\u00e9 et de s\u00e9curit\u00e9, le commerce de d\u00e9tail \u00e0 Bruxelles se trouve \u00e0 un tournant : la municipalit\u00e9 souhaite promouvoir la diversit\u00e9 commerciale dans les 25 quartiers commer\u00e7ants de la capitale.\" \/>\n<meta property=\"og:url\" content=\"https:\/\/www.retaildetail.be\/fr\/news\/general\/un-nouveau-plan-vise-a-redynamiser-les-quartiers-commercants-de-bruxelles\/\" \/>\n<meta property=\"og:site_name\" content=\"RetailDetail BE\" \/>\n<meta property=\"article:published_time\" content=\"2026-04-27T09:52:22+00:00\" \/>\n<meta property=\"article:modified_time\" content=\"2026-04-27T09:52:23+00:00\" \/>\n<meta property=\"og:image\" content=\"https:\/\/www.retaildetail.be\/wp-content\/uploads\/2026\/04\/shutterstock_1494563540-1.jpg\" \/>\n\t<meta property=\"og:image:width\" content=\"1000\" \/>\n\t<meta property=\"og:image:height\" content=\"667\" \/>\n\t<meta property=\"og:image:type\" content=\"image\/jpeg\" \/>\n<meta name=\"author\" content=\"Stefan Van Rompaey\" \/>\n<meta name=\"twitter:card\" content=\"summary_large_image\" \/>\n<meta name=\"twitter:label1\" content=\"\u00c9crit par\" \/>\n\t<meta name=\"twitter:data1\" content=\"Stefan Van Rompaey\" \/>\n\t<meta name=\"twitter:label2\" content=\"Dur\u00e9e de lecture estim\u00e9e\" \/>\n\t<meta name=\"twitter:data2\" content=\"2 minutes\" \/>\n<script type=\"application\/ld+json\" class=\"yoast-schema-graph\">{\"@context\":\"https:\\\/\\\/schema.org\",\"@graph\":[{\"@type\":\"NewsArticle\",\"@id\":\"https:\\\/\\\/www.retaildetail.be\\\/fr\\\/news\\\/general\\\/un-nouveau-plan-vise-a-redynamiser-les-quartiers-commercants-de-bruxelles\\\/#article\",\"isPartOf\":{\"@id\":\"https:\\\/\\\/www.retaildetail.be\\\/fr\\\/news\\\/general\\\/un-nouveau-plan-vise-a-redynamiser-les-quartiers-commercants-de-bruxelles\\\/\"},\"author\":{\"name\":\"Stefan Van Rompaey\",\"@id\":\"https:\\\/\\\/www.retaildetail.be\\\/nl\\\/#\\\/schema\\\/person\\\/51aec6069c4416aa2f68b2e4ff3455df\"},\"headline\":\"Un nouveau plan vise \u00e0 redynamiser les quartiers commer\u00e7ants de Bruxelles\",\"datePublished\":\"2026-04-27T09:52:22+00:00\",\"dateModified\":\"2026-04-27T09:52:23+00:00\",\"mainEntityOfPage\":{\"@id\":\"https:\\\/\\\/www.retaildetail.be\\\/fr\\\/news\\\/general\\\/un-nouveau-plan-vise-a-redynamiser-les-quartiers-commercants-de-bruxelles\\\/\"},\"wordCount\":481,\"publisher\":{\"@id\":\"https:\\\/\\\/www.retaildetail.be\\\/nl\\\/#organization\"},\"image\":{\"@id\":\"https:\\\/\\\/www.retaildetail.be\\\/fr\\\/news\\\/general\\\/un-nouveau-plan-vise-a-redynamiser-les-quartiers-commercants-de-bruxelles\\\/#primaryimage\"},\"thumbnailUrl\":\"https:\\\/\\\/www.retaildetail.be\\\/wp-content\\\/uploads\\\/2026\\\/04\\\/shutterstock_1494563540-1.jpg\",\"articleSection\":[\"Algemeen\",\"G\u00e9n\u00e9ral\"],\"inLanguage\":\"fr-FR\",\"copyrightYear\":\"2026\",\"copyrightHolder\":{\"@id\":\"https:\\\/\\\/www.retaildetail.be\\\/#organization\"}},{\"@type\":\"WebPage\",\"@id\":\"https:\\\/\\\/www.retaildetail.be\\\/fr\\\/news\\\/general\\\/un-nouveau-plan-vise-a-redynamiser-les-quartiers-commercants-de-bruxelles\\\/\",\"url\":\"https:\\\/\\\/www.retaildetail.be\\\/fr\\\/news\\\/general\\\/un-nouveau-plan-vise-a-redynamiser-les-quartiers-commercants-de-bruxelles\\\/\",\"name\":\"Un nouveau plan vise \u00e0 redynamiser les quartiers commer\u00e7ants de Bruxelles - RetailDetail BE\",\"isPartOf\":{\"@id\":\"https:\\\/\\\/www.retaildetail.be\\\/nl\\\/#website\"},\"primaryImageOfPage\":{\"@id\":\"https:\\\/\\\/www.retaildetail.be\\\/fr\\\/news\\\/general\\\/un-nouveau-plan-vise-a-redynamiser-les-quartiers-commercants-de-bruxelles\\\/#primaryimage\"},\"image\":{\"@id\":\"https:\\\/\\\/www.retaildetail.be\\\/fr\\\/news\\\/general\\\/un-nouveau-plan-vise-a-redynamiser-les-quartiers-commercants-de-bruxelles\\\/#primaryimage\"},\"thumbnailUrl\":\"https:\\\/\\\/www.retaildetail.be\\\/wp-content\\\/uploads\\\/2026\\\/04\\\/shutterstock_1494563540-1.jpg\",\"datePublished\":\"2026-04-27T09:52:22+00:00\",\"dateModified\":\"2026-04-27T09:52:23+00:00\",\"description\":\"Avec un taux de vacance de 18 % et des probl\u00e8mes persistants en mati\u00e8re de propret\u00e9 et de s\u00e9curit\u00e9, le commerce de d\u00e9tail \u00e0 Bruxelles se trouve \u00e0 un tournant : la municipalit\u00e9 souhaite promouvoir la diversit\u00e9 commerciale dans les 25 quartiers commer\u00e7ants de la capitale.\",\"breadcrumb\":{\"@id\":\"https:\\\/\\\/www.retaildetail.be\\\/fr\\\/news\\\/general\\\/un-nouveau-plan-vise-a-redynamiser-les-quartiers-commercants-de-bruxelles\\\/#breadcrumb\"},\"inLanguage\":\"fr-FR\",\"potentialAction\":[{\"@type\":\"ReadAction\",\"target\":[\"https:\\\/\\\/www.retaildetail.be\\\/fr\\\/news\\\/general\\\/un-nouveau-plan-vise-a-redynamiser-les-quartiers-commercants-de-bruxelles\\\/\"]}]},{\"@type\":\"ImageObject\",\"inLanguage\":\"fr-FR\",\"@id\":\"https:\\\/\\\/www.retaildetail.be\\\/fr\\\/news\\\/general\\\/un-nouveau-plan-vise-a-redynamiser-les-quartiers-commercants-de-bruxelles\\\/#primaryimage\",\"url\":\"https:\\\/\\\/www.retaildetail.be\\\/wp-content\\\/uploads\\\/2026\\\/04\\\/shutterstock_1494563540-1.jpg\",\"contentUrl\":\"https:\\\/\\\/www.retaildetail.be\\\/wp-content\\\/uploads\\\/2026\\\/04\\\/shutterstock_1494563540-1.jpg\",\"width\":1000,\"height\":667,\"caption\":\"Shutterstock.com\"},{\"@type\":\"BreadcrumbList\",\"@id\":\"https:\\\/\\\/www.retaildetail.be\\\/fr\\\/news\\\/general\\\/un-nouveau-plan-vise-a-redynamiser-les-quartiers-commercants-de-bruxelles\\\/#breadcrumb\",\"itemListElement\":[{\"@type\":\"ListItem\",\"position\":1,\"name\":\"Home\",\"item\":\"https:\\\/\\\/www.retaildetail.be\\\/fr\\\/\"},{\"@type\":\"ListItem\",\"position\":2,\"name\":\"Un nouveau plan vise \u00e0 redynamiser les quartiers commer\u00e7ants de Bruxelles\"}]},{\"@type\":\"WebSite\",\"@id\":\"https:\\\/\\\/www.retaildetail.be\\\/nl\\\/#website\",\"url\":\"https:\\\/\\\/www.retaildetail.be\\\/nl\\\/\",\"name\":\"RetailDetail BE\",\"description\":\"News\",\"publisher\":{\"@id\":\"https:\\\/\\\/www.retaildetail.be\\\/nl\\\/#organization\"},\"potentialAction\":[{\"@type\":\"SearchAction\",\"target\":{\"@type\":\"EntryPoint\",\"urlTemplate\":\"https:\\\/\\\/www.retaildetail.be\\\/nl\\\/?s={search_term_string}\"},\"query-input\":{\"@type\":\"PropertyValueSpecification\",\"valueRequired\":true,\"valueName\":\"search_term_string\"}}],\"inLanguage\":\"fr-FR\"},{\"@type\":\"Organization\",\"@id\":\"https:\\\/\\\/www.retaildetail.be\\\/nl\\\/#organization\",\"name\":\"RetailDetail BE\",\"url\":\"https:\\\/\\\/www.retaildetail.be\\\/nl\\\/\",\"logo\":{\"@type\":\"ImageObject\",\"inLanguage\":\"fr-FR\",\"@id\":\"https:\\\/\\\/www.retaildetail.be\\\/nl\\\/#\\\/schema\\\/logo\\\/image\\\/\",\"url\":\"https:\\\/\\\/www.retaildetail.be\\\/wp-content\\\/uploads\\\/2022\\\/04\\\/logo.svg\",\"contentUrl\":\"https:\\\/\\\/www.retaildetail.be\\\/wp-content\\\/uploads\\\/2022\\\/04\\\/logo.svg\",\"width\":131,\"height\":70,\"caption\":\"RetailDetail BE\"},\"image\":{\"@id\":\"https:\\\/\\\/www.retaildetail.be\\\/nl\\\/#\\\/schema\\\/logo\\\/image\\\/\"}},{\"@type\":\"Person\",\"@id\":\"https:\\\/\\\/www.retaildetail.be\\\/nl\\\/#\\\/schema\\\/person\\\/51aec6069c4416aa2f68b2e4ff3455df\",\"name\":\"Stefan Van Rompaey\",\"image\":{\"@type\":\"ImageObject\",\"inLanguage\":\"fr-FR\",\"@id\":\"https:\\\/\\\/secure.gravatar.com\\\/avatar\\\/fbbb4a80a0f109888b2a5ab8ae255617499ecde533749b3ab2fa6c23b5d65dac?s=96&d=mm&r=g\",\"url\":\"https:\\\/\\\/secure.gravatar.com\\\/avatar\\\/fbbb4a80a0f109888b2a5ab8ae255617499ecde533749b3ab2fa6c23b5d65dac?s=96&d=mm&r=g\",\"contentUrl\":\"https:\\\/\\\/secure.gravatar.com\\\/avatar\\\/fbbb4a80a0f109888b2a5ab8ae255617499ecde533749b3ab2fa6c23b5d65dac?s=96&d=mm&r=g\",\"caption\":\"Stefan Van Rompaey\"},\"url\":\"https:\\\/\\\/www.retaildetail.be\\\/fr\\\/author\\\/stefanvanrompaey\\\/\"}]}<\/script>\n<!-- \/ Yoast SEO plugin. -->","yoast_head_json":{"title":"Un nouveau plan vise \u00e0 redynamiser les quartiers commer\u00e7ants de Bruxelles - RetailDetail BE","description":"Avec un taux de vacance de 18 % et des probl\u00e8mes persistants en mati\u00e8re de propret\u00e9 et de s\u00e9curit\u00e9, le commerce de d\u00e9tail \u00e0 Bruxelles se trouve \u00e0 un tournant : la municipalit\u00e9 souhaite promouvoir la diversit\u00e9 commerciale dans les 25 quartiers commer\u00e7ants de la capitale.","robots":{"index":"index","follow":"follow","max-snippet":"max-snippet:-1","max-image-preview":"max-image-preview:large","max-video-preview":"max-video-preview:-1"},"canonical":"https:\/\/www.retaildetail.be\/fr\/news\/general\/un-nouveau-plan-vise-a-redynamiser-les-quartiers-commercants-de-bruxelles\/","og_locale":"fr_FR","og_type":"article","og_title":"Un nouveau plan vise \u00e0 redynamiser les quartiers commer\u00e7ants de Bruxelles - RetailDetail BE","og_description":"Avec un taux de vacance de 18 % et des probl\u00e8mes persistants en mati\u00e8re de propret\u00e9 et de s\u00e9curit\u00e9, le commerce de d\u00e9tail \u00e0 Bruxelles se trouve \u00e0 un tournant : la municipalit\u00e9 souhaite promouvoir la diversit\u00e9 commerciale dans les 25 quartiers commer\u00e7ants de la capitale.","og_url":"https:\/\/www.retaildetail.be\/fr\/news\/general\/un-nouveau-plan-vise-a-redynamiser-les-quartiers-commercants-de-bruxelles\/","og_site_name":"RetailDetail BE","article_published_time":"2026-04-27T09:52:22+00:00","article_modified_time":"2026-04-27T09:52:23+00:00","og_image":[{"width":1000,"height":667,"url":"https:\/\/www.retaildetail.be\/wp-content\/uploads\/2026\/04\/shutterstock_1494563540-1.jpg","type":"image\/jpeg"}],"author":"Stefan Van Rompaey","twitter_card":"summary_large_image","twitter_misc":{"\u00c9crit par":"Stefan Van Rompaey","Dur\u00e9e de lecture estim\u00e9e":"2 minutes"},"schema":{"@context":"https:\/\/schema.org","@graph":[{"@type":"NewsArticle","@id":"https:\/\/www.retaildetail.be\/fr\/news\/general\/un-nouveau-plan-vise-a-redynamiser-les-quartiers-commercants-de-bruxelles\/#article","isPartOf":{"@id":"https:\/\/www.retaildetail.be\/fr\/news\/general\/un-nouveau-plan-vise-a-redynamiser-les-quartiers-commercants-de-bruxelles\/"},"author":{"name":"Stefan Van Rompaey","@id":"https:\/\/www.retaildetail.be\/nl\/#\/schema\/person\/51aec6069c4416aa2f68b2e4ff3455df"},"headline":"Un nouveau plan vise \u00e0 redynamiser les quartiers commer\u00e7ants de Bruxelles","datePublished":"2026-04-27T09:52:22+00:00","dateModified":"2026-04-27T09:52:23+00:00","mainEntityOfPage":{"@id":"https:\/\/www.retaildetail.be\/fr\/news\/general\/un-nouveau-plan-vise-a-redynamiser-les-quartiers-commercants-de-bruxelles\/"},"wordCount":481,"publisher":{"@id":"https:\/\/www.retaildetail.be\/nl\/#organization"},"image":{"@id":"https:\/\/www.retaildetail.be\/fr\/news\/general\/un-nouveau-plan-vise-a-redynamiser-les-quartiers-commercants-de-bruxelles\/#primaryimage"},"thumbnailUrl":"https:\/\/www.retaildetail.be\/wp-content\/uploads\/2026\/04\/shutterstock_1494563540-1.jpg","articleSection":["Algemeen","G\u00e9n\u00e9ral"],"inLanguage":"fr-FR","copyrightYear":"2026","copyrightHolder":{"@id":"https:\/\/www.retaildetail.be\/#organization"}},{"@type":"WebPage","@id":"https:\/\/www.retaildetail.be\/fr\/news\/general\/un-nouveau-plan-vise-a-redynamiser-les-quartiers-commercants-de-bruxelles\/","url":"https:\/\/www.retaildetail.be\/fr\/news\/general\/un-nouveau-plan-vise-a-redynamiser-les-quartiers-commercants-de-bruxelles\/","name":"Un nouveau plan vise \u00e0 redynamiser les quartiers commer\u00e7ants de Bruxelles - RetailDetail BE","isPartOf":{"@id":"https:\/\/www.retaildetail.be\/nl\/#website"},"primaryImageOfPage":{"@id":"https:\/\/www.retaildetail.be\/fr\/news\/general\/un-nouveau-plan-vise-a-redynamiser-les-quartiers-commercants-de-bruxelles\/#primaryimage"},"image":{"@id":"https:\/\/www.retaildetail.be\/fr\/news\/general\/un-nouveau-plan-vise-a-redynamiser-les-quartiers-commercants-de-bruxelles\/#primaryimage"},"thumbnailUrl":"https:\/\/www.retaildetail.be\/wp-content\/uploads\/2026\/04\/shutterstock_1494563540-1.jpg","datePublished":"2026-04-27T09:52:22+00:00","dateModified":"2026-04-27T09:52:23+00:00","description":"Avec un taux de vacance de 18 % et des probl\u00e8mes persistants en mati\u00e8re de propret\u00e9 et de s\u00e9curit\u00e9, le commerce de d\u00e9tail \u00e0 Bruxelles se trouve \u00e0 un tournant : la municipalit\u00e9 souhaite promouvoir la diversit\u00e9 commerciale dans les 25 quartiers commer\u00e7ants de la capitale.","breadcrumb":{"@id":"https:\/\/www.retaildetail.be\/fr\/news\/general\/un-nouveau-plan-vise-a-redynamiser-les-quartiers-commercants-de-bruxelles\/#breadcrumb"},"inLanguage":"fr-FR","potentialAction":[{"@type":"ReadAction","target":["https:\/\/www.retaildetail.be\/fr\/news\/general\/un-nouveau-plan-vise-a-redynamiser-les-quartiers-commercants-de-bruxelles\/"]}]},{"@type":"ImageObject","inLanguage":"fr-FR","@id":"https:\/\/www.retaildetail.be\/fr\/news\/general\/un-nouveau-plan-vise-a-redynamiser-les-quartiers-commercants-de-bruxelles\/#primaryimage","url":"https:\/\/www.retaildetail.be\/wp-content\/uploads\/2026\/04\/shutterstock_1494563540-1.jpg","contentUrl":"https:\/\/www.retaildetail.be\/wp-content\/uploads\/2026\/04\/shutterstock_1494563540-1.jpg","width":1000,"height":667,"caption":"Shutterstock.com"},{"@type":"BreadcrumbList","@id":"https:\/\/www.retaildetail.be\/fr\/news\/general\/un-nouveau-plan-vise-a-redynamiser-les-quartiers-commercants-de-bruxelles\/#breadcrumb","itemListElement":[{"@type":"ListItem","position":1,"name":"Home","item":"https:\/\/www.retaildetail.be\/fr\/"},{"@type":"ListItem","position":2,"name":"Un nouveau plan vise \u00e0 redynamiser les quartiers commer\u00e7ants de Bruxelles"}]},{"@type":"WebSite","@id":"https:\/\/www.retaildetail.be\/nl\/#website","url":"https:\/\/www.retaildetail.be\/nl\/","name":"RetailDetail BE","description":"News","publisher":{"@id":"https:\/\/www.retaildetail.be\/nl\/#organization"},"potentialAction":[{"@type":"SearchAction","target":{"@type":"EntryPoint","urlTemplate":"https:\/\/www.retaildetail.be\/nl\/?s={search_term_string}"},"query-input":{"@type":"PropertyValueSpecification","valueRequired":true,"valueName":"search_term_string"}}],"inLanguage":"fr-FR"},{"@type":"Organization","@id":"https:\/\/www.retaildetail.be\/nl\/#organization","name":"RetailDetail BE","url":"https:\/\/www.retaildetail.be\/nl\/","logo":{"@type":"ImageObject","inLanguage":"fr-FR","@id":"https:\/\/www.retaildetail.be\/nl\/#\/schema\/logo\/image\/","url":"https:\/\/www.retaildetail.be\/wp-content\/uploads\/2022\/04\/logo.svg","contentUrl":"https:\/\/www.retaildetail.be\/wp-content\/uploads\/2022\/04\/logo.svg","width":131,"height":70,"caption":"RetailDetail BE"},"image":{"@id":"https:\/\/www.retaildetail.be\/nl\/#\/schema\/logo\/image\/"}},{"@type":"Person","@id":"https:\/\/www.retaildetail.be\/nl\/#\/schema\/person\/51aec6069c4416aa2f68b2e4ff3455df","name":"Stefan Van Rompaey","image":{"@type":"ImageObject","inLanguage":"fr-FR","@id":"https:\/\/secure.gravatar.com\/avatar\/fbbb4a80a0f109888b2a5ab8ae255617499ecde533749b3ab2fa6c23b5d65dac?s=96&d=mm&r=g","url":"https:\/\/secure.gravatar.com\/avatar\/fbbb4a80a0f109888b2a5ab8ae255617499ecde533749b3ab2fa6c23b5d65dac?s=96&d=mm&r=g","contentUrl":"https:\/\/secure.gravatar.com\/avatar\/fbbb4a80a0f109888b2a5ab8ae255617499ecde533749b3ab2fa6c23b5d65dac?s=96&d=mm&r=g","caption":"Stefan Van Rompaey"},"url":"https:\/\/www.retaildetail.be\/fr\/author\/stefanvanrompaey\/"}]}},"jetpack_featured_media_url":"https:\/\/www.retaildetail.be\/wp-content\/uploads\/2026\/04\/shutterstock_1494563540-1.jpg","jetpack_sharing_enabled":true,"_links":{"self":[{"href":"https:\/\/www.retaildetail.be\/fr\/wp-json\/wp\/v2\/posts\/146777","targetHints":{"allow":["GET"]}}],"collection":[{"href":"https:\/\/www.retaildetail.be\/fr\/wp-json\/wp\/v2\/posts"}],"about":[{"href":"https:\/\/www.retaildetail.be\/fr\/wp-json\/wp\/v2\/types\/post"}],"author":[{"embeddable":true,"href":"https:\/\/www.retaildetail.be\/fr\/wp-json\/wp\/v2\/users\/3"}],"replies":[{"embeddable":true,"href":"https:\/\/www.retaildetail.be\/fr\/wp-json\/wp\/v2\/comments?post=146777"}],"version-history":[{"count":1,"href":"https:\/\/www.retaildetail.be\/fr\/wp-json\/wp\/v2\/posts\/146777\/revisions"}],"predecessor-version":[{"id":146779,"href":"https:\/\/www.retaildetail.be\/fr\/wp-json\/wp\/v2\/posts\/146777\/revisions\/146779"}],"wp:featuredmedia":[{"embeddable":true,"href":"https:\/\/www.retaildetail.be\/fr\/wp-json\/wp\/v2\/media\/146778"}],"wp:attachment":[{"href":"https:\/\/www.retaildetail.be\/fr\/wp-json\/wp\/v2\/media?parent=146777"}],"wp:term":[{"taxonomy":"category","embeddable":true,"href":"https:\/\/www.retaildetail.be\/fr\/wp-json\/wp\/v2\/categories?post=146777"},{"taxonomy":"post_tag","embeddable":true,"href":"https:\/\/www.retaildetail.be\/fr\/wp-json\/wp\/v2\/tags?post=146777"},{"taxonomy":"people","embeddable":true,"href":"https:\/\/www.retaildetail.be\/fr\/wp-json\/wp\/v2\/people?post=146777"},{"taxonomy":"extra","embeddable":true,"href":"https:\/\/www.retaildetail.be\/fr\/wp-json\/wp\/v2\/extra?post=146777"},{"taxonomy":"company","embeddable":true,"href":"https:\/\/www.retaildetail.be\/fr\/wp-json\/wp\/v2\/company?post=146777"},{"taxonomy":"topic","embeddable":true,"href":"https:\/\/www.retaildetail.be\/fr\/wp-json\/wp\/v2\/topic?post=146777"},{"taxonomy":"region","embeddable":true,"href":"https:\/\/www.retaildetail.be\/fr\/wp-json\/wp\/v2\/region?post=146777"}],"curies":[{"name":"wp","href":"https:\/\/api.w.org\/{rel}","templated":true}]}}