{"id":146793,"date":"2026-04-27T14:52:40","date_gmt":"2026-04-27T12:52:40","guid":{"rendered":"https:\/\/www.retaildetail.be\/?p=146793"},"modified":"2026-04-27T14:52:41","modified_gmt":"2026-04-27T12:52:41","slug":"intermarche-belgique-vise-un-chiffre-daffaires-de-trois-milliards-deuros-en-2030","status":"publish","type":"post","link":"https:\/\/www.retaildetail.be\/fr\/news\/food\/intermarche-belgique-vise-un-chiffre-daffaires-de-trois-milliards-deuros-en-2030\/","title":{"rendered":"Intermarch\u00e9 Belgique vise un chiffre d&rsquo;affaires de trois milliards d&rsquo;euros en 2030"},"content":{"rendered":"\n<p>Malgr\u00e9 des probl\u00e8mes logistiques et quelques faillites survenues apr\u00e8s le rachat de <strong>Mestdagh<\/strong>, <strong>Intermarch\u00e9 <\/strong>vise un chiffre d&rsquo;affaires de 3 milliards d&rsquo;euros en<strong> <\/strong>Belgique d&rsquo;ici 2030. Une poursuite de l&rsquo;expansion, notamment avec le concept de magasins urbains Intermarch\u00e9 Express, est pr\u00e9vue.<\/p>\n\n\n\n<h2 class=\"wp-block-heading\">Atteindre la masse critique<\/h2>\n\n\n\n<p>La branche belge d&rsquo;Intermarch\u00e9 se trouve dans l&rsquo;\u0153il du cyclone depuis le d\u00e9but de l&rsquo;ann\u00e9e, apr\u00e8s une s\u00e9rie d&rsquo;articles dans lesquels certains adh\u00e9rents se sont plaints de graves probl\u00e8mes informatiques et logistiques chez les Mousquetaires suite au rachat et \u00e0 l&rsquo;int\u00e9gration de Mestdagh. Les magasins ont ainsi \u00e9t\u00e9 <a href=\"https:\/\/www.retaildetail.be\/fr\/news\/food\/des-adherent-tirent-la-sonnette-dalarme-intermarche-belgique-a-t-il-mal-digere-le-rachat-de-mestdagh\/\">confront\u00e9s \u00e0 des livraisons erron\u00e9es ou manquantes<\/a>, \u00e0 une baisse du chiffre d\u2019affaires et \u00e0 une r\u00e9duction des marges. Pour certains entrepreneurs, cela a entre-temps conduit \u00e0 la faillite.<\/p>\n\n\n\n<p>Apr\u00e8s des publications notamment dans L\u2019Echo, Le Soir, RetailDetail et, <a href=\"https:\/\/www.retaildetail.be\/fr\/news\/food\/intermarche-pousse-les-entrepreneurs-en-difficulte-vers-la-faillite\/\">plus r\u00e9cemment, sur la RTBF<\/a>, le journal fran\u00e7ais Le Monde est \u00e9galement revenu dimanche dernier <a href=\"https:\/\/www.lemonde.fr\/economie\/article\/2026\/04\/26\/intermarche-confronte-aux-difficultes-de-plusieurs-franchises-en-belgique_6683460_3234.html\">sur les tensions internes<\/a> chez le d\u00e9taillant. Dans une interview publi\u00e9e lundi par le magazine sp\u00e9cialis\u00e9 LSA, le pr\u00e9sident Laurent Boutbien et le directeur g\u00e9n\u00e9ral Arnaud Meyrant se d\u00e9fendent contre ces accusations.<\/p>\n\n\n\n<p>Le rachat de Mestdagh \u00e9tait <a href=\"https:\/\/www.lsa-conso.fr\/intermarche-belgique-face-a-la-fronde-des-adherents-les-dirigeants-devoilent-leur-strategie-de-relance,465549\">n\u00e9cessaire pour atteindre une masse critique suffisante<\/a> en Belgique, affirment les deux dirigeants. Certes, le nombre de magasins est depuis lors pass\u00e9 de 166 \u00e0 151, en raison de fermetures et de faillites, et d&rsquo;autres cessations d&rsquo;activit\u00e9 pourraient suivre car 13 magasins n&rsquo;ont pas encore trouv\u00e9 de repreneur d\u00e9finitif, mais la croissance organique de 11 % en 2024 et de plus de 6 % en 2025 prouve que le distributeur surpasse le march\u00e9.<\/p>\n\n\n\n<h2 class=\"wp-block-heading\">Intermarch\u00e9 Express s&rsquo;implante en Belgique<\/h2>\n\n\n\n<p>En 2025, Intermarch\u00e9 a r\u00e9alis\u00e9 en Belgique un chiffre d&rsquo;affaires de 1,97 milliard d&rsquo;euros, mais a \u00e9galement enregistr\u00e9 une perte de 46 millions d&rsquo;euros, principalement due \u00e0 l&rsquo;acquisition de Mestdagh et aux investissements \u00e9lev\u00e9s dans la r\u00e9novation des magasins et des op\u00e9rations. Au niveau national, la part de march\u00e9 s&rsquo;\u00e9l\u00e8ve \u00e0 un peu moins de 6 %, mais en Wallonie, elle d\u00e9passe les 13 %, ce qui place le distributeur en troisi\u00e8me position, derri\u00e8re <strong>Colruyt<\/strong> et <strong>Delhaize<\/strong>, mais devant <strong>Carrefour Belgique <\/strong>.<\/p>\n\n\n\n<p>D\u00e8s 2027, les chiffres rouges devraient appartenir au pass\u00e9. D\u2019ici 2030, les Mousquetaires visent en Belgique un chiffre d\u2019affaires de 3 milliards d\u2019euros et une part de march\u00e9 de 20 %. Comment comptent-ils y parvenir ? Dans les magasins existants, le chiffre d\u2019affaires par m\u00b2 doit passer \u00e0 9 000 \u00e0 12 000 euros gr\u00e2ce \u00e0 la transformation selon le tout dernier concept. L&rsquo;expansion physique d&rsquo;environ 30 000 m\u00b2 r\u00e9sultera d&rsquo;agrandissements, de d\u00e9m\u00e9nagements et d&rsquo;ouvertures cibl\u00e9es. Une autre nouveaut\u00e9 est le lancement du concept de magasin de proximit\u00e9 Intermarch\u00e9 Express en Belgique, avec une vingtaine de magasins d&rsquo;ici 2030, dans les zones urbaines.<\/p>\n","protected":false},"excerpt":{"rendered":"<p>Malgr\u00e9 des probl\u00e8mes logistiques et quelques faillites survenues apr\u00e8s le rachat de Mestdagh, Intermarch\u00e9 vise un chiffre d&rsquo;affaires de 3 milliards d&rsquo;euros en Belgique d&rsquo;ici 2030. Une poursuite de l&rsquo;expansion, notamment avec le concept de magasins urbains Intermarch\u00e9 Express, est pr\u00e9vue. <\/p>\n","protected":false},"author":3,"featured_media":146794,"comment_status":"closed","ping_status":"closed","sticky":false,"template":"","format":"standard","meta":{"_acf_changed":false,"inline_featured_image":false,"_jetpack_memberships_contains_paid_content":false,"footnotes":""},"categories":[18,24],"tags":[],"people":[],"extra":[],"company":[624],"topic":[276,247],"region":[226],"class_list":{"0":"post-146793","1":"post","2":"type-post","3":"status-publish","4":"format-standard","5":"has-post-thumbnail","6":"hentry","7":"category-food","9":"company-intermarche","10":"topic-expansion","11":"topic-franchise","12":"region-belgique"},"acf":[],"yoast_head":"<!-- This site is optimized with the Yoast SEO plugin v27.3 - https:\/\/yoast.com\/product\/yoast-seo-wordpress\/ -->\n<title>Intermarch\u00e9 Belgique vise un chiffre d&#039;affaires de trois milliards d&#039;euros en 2030 - RetailDetail BE<\/title>\n<meta name=\"description\" content=\"Malgr\u00e9 des probl\u00e8mes logistiques et quelques faillites survenues apr\u00e8s le rachat de Mestdagh, Intermarch\u00e9 vise un chiffre d&#039;affaires de 3 milliards d&#039;euros en Belgique d&#039;ici 2030.\" \/>\n<meta name=\"robots\" content=\"index, follow, max-snippet:-1, max-image-preview:large, max-video-preview:-1\" \/>\n<link rel=\"canonical\" href=\"https:\/\/www.retaildetail.be\/fr\/news\/food\/intermarche-belgique-vise-un-chiffre-daffaires-de-trois-milliards-deuros-en-2030\/\" \/>\n<meta property=\"og:locale\" content=\"fr_FR\" \/>\n<meta property=\"og:type\" content=\"article\" \/>\n<meta property=\"og:title\" content=\"Intermarch\u00e9 Belgique vise un chiffre d&#039;affaires de trois milliards d&#039;euros en 2030 - RetailDetail BE\" \/>\n<meta property=\"og:description\" content=\"Malgr\u00e9 des probl\u00e8mes logistiques et quelques faillites survenues apr\u00e8s le rachat de Mestdagh, Intermarch\u00e9 vise un chiffre d&#039;affaires de 3 milliards d&#039;euros en Belgique d&#039;ici 2030.\" \/>\n<meta property=\"og:url\" content=\"https:\/\/www.retaildetail.be\/fr\/news\/food\/intermarche-belgique-vise-un-chiffre-daffaires-de-trois-milliards-deuros-en-2030\/\" \/>\n<meta property=\"og:site_name\" content=\"RetailDetail BE\" \/>\n<meta property=\"article:published_time\" content=\"2026-04-27T12:52:40+00:00\" \/>\n<meta property=\"article:modified_time\" content=\"2026-04-27T12:52:41+00:00\" \/>\n<meta property=\"og:image\" content=\"https:\/\/www.retaildetail.be\/wp-content\/uploads\/2026\/04\/Intermarche-Super-enseigne-1.jpg\" \/>\n\t<meta property=\"og:image:width\" content=\"1370\" \/>\n\t<meta property=\"og:image:height\" content=\"891\" \/>\n\t<meta property=\"og:image:type\" content=\"image\/jpeg\" \/>\n<meta name=\"author\" content=\"Stefan Van Rompaey\" \/>\n<meta name=\"twitter:card\" content=\"summary_large_image\" \/>\n<meta name=\"twitter:label1\" content=\"\u00c9crit par\" \/>\n\t<meta name=\"twitter:data1\" content=\"Stefan Van Rompaey\" \/>\n\t<meta name=\"twitter:label2\" content=\"Dur\u00e9e de lecture estim\u00e9e\" \/>\n\t<meta name=\"twitter:data2\" content=\"2 minutes\" \/>\n<script type=\"application\/ld+json\" class=\"yoast-schema-graph\">{\"@context\":\"https:\\\/\\\/schema.org\",\"@graph\":[{\"@type\":\"NewsArticle\",\"@id\":\"https:\\\/\\\/www.retaildetail.be\\\/fr\\\/news\\\/food\\\/intermarche-belgique-vise-un-chiffre-daffaires-de-trois-milliards-deuros-en-2030\\\/#article\",\"isPartOf\":{\"@id\":\"https:\\\/\\\/www.retaildetail.be\\\/fr\\\/news\\\/food\\\/intermarche-belgique-vise-un-chiffre-daffaires-de-trois-milliards-deuros-en-2030\\\/\"},\"author\":{\"name\":\"Stefan Van Rompaey\",\"@id\":\"https:\\\/\\\/www.retaildetail.be\\\/nl\\\/#\\\/schema\\\/person\\\/51aec6069c4416aa2f68b2e4ff3455df\"},\"headline\":\"Intermarch\u00e9 Belgique vise un chiffre d&rsquo;affaires de trois milliards d&rsquo;euros en 2030\",\"datePublished\":\"2026-04-27T12:52:40+00:00\",\"dateModified\":\"2026-04-27T12:52:41+00:00\",\"mainEntityOfPage\":{\"@id\":\"https:\\\/\\\/www.retaildetail.be\\\/fr\\\/news\\\/food\\\/intermarche-belgique-vise-un-chiffre-daffaires-de-trois-milliards-deuros-en-2030\\\/\"},\"wordCount\":485,\"publisher\":{\"@id\":\"https:\\\/\\\/www.retaildetail.be\\\/nl\\\/#organization\"},\"image\":{\"@id\":\"https:\\\/\\\/www.retaildetail.be\\\/fr\\\/news\\\/food\\\/intermarche-belgique-vise-un-chiffre-daffaires-de-trois-milliards-deuros-en-2030\\\/#primaryimage\"},\"thumbnailUrl\":\"https:\\\/\\\/www.retaildetail.be\\\/wp-content\\\/uploads\\\/2026\\\/04\\\/Intermarche-Super-enseigne-1.jpg\",\"articleSection\":[\"Food\",\"Food\"],\"inLanguage\":\"fr-FR\",\"copyrightYear\":\"2026\",\"copyrightHolder\":{\"@id\":\"https:\\\/\\\/www.retaildetail.be\\\/#organization\"}},{\"@type\":\"WebPage\",\"@id\":\"https:\\\/\\\/www.retaildetail.be\\\/fr\\\/news\\\/food\\\/intermarche-belgique-vise-un-chiffre-daffaires-de-trois-milliards-deuros-en-2030\\\/\",\"url\":\"https:\\\/\\\/www.retaildetail.be\\\/fr\\\/news\\\/food\\\/intermarche-belgique-vise-un-chiffre-daffaires-de-trois-milliards-deuros-en-2030\\\/\",\"name\":\"Intermarch\u00e9 Belgique vise un chiffre d'affaires de trois milliards d'euros en 2030 - RetailDetail BE\",\"isPartOf\":{\"@id\":\"https:\\\/\\\/www.retaildetail.be\\\/nl\\\/#website\"},\"primaryImageOfPage\":{\"@id\":\"https:\\\/\\\/www.retaildetail.be\\\/fr\\\/news\\\/food\\\/intermarche-belgique-vise-un-chiffre-daffaires-de-trois-milliards-deuros-en-2030\\\/#primaryimage\"},\"image\":{\"@id\":\"https:\\\/\\\/www.retaildetail.be\\\/fr\\\/news\\\/food\\\/intermarche-belgique-vise-un-chiffre-daffaires-de-trois-milliards-deuros-en-2030\\\/#primaryimage\"},\"thumbnailUrl\":\"https:\\\/\\\/www.retaildetail.be\\\/wp-content\\\/uploads\\\/2026\\\/04\\\/Intermarche-Super-enseigne-1.jpg\",\"datePublished\":\"2026-04-27T12:52:40+00:00\",\"dateModified\":\"2026-04-27T12:52:41+00:00\",\"description\":\"Malgr\u00e9 des probl\u00e8mes logistiques et quelques faillites survenues apr\u00e8s le rachat de Mestdagh, Intermarch\u00e9 vise un chiffre d'affaires de 3 milliards d'euros en Belgique d'ici 2030.\",\"breadcrumb\":{\"@id\":\"https:\\\/\\\/www.retaildetail.be\\\/fr\\\/news\\\/food\\\/intermarche-belgique-vise-un-chiffre-daffaires-de-trois-milliards-deuros-en-2030\\\/#breadcrumb\"},\"inLanguage\":\"fr-FR\",\"potentialAction\":[{\"@type\":\"ReadAction\",\"target\":[\"https:\\\/\\\/www.retaildetail.be\\\/fr\\\/news\\\/food\\\/intermarche-belgique-vise-un-chiffre-daffaires-de-trois-milliards-deuros-en-2030\\\/\"]}]},{\"@type\":\"ImageObject\",\"inLanguage\":\"fr-FR\",\"@id\":\"https:\\\/\\\/www.retaildetail.be\\\/fr\\\/news\\\/food\\\/intermarche-belgique-vise-un-chiffre-daffaires-de-trois-milliards-deuros-en-2030\\\/#primaryimage\",\"url\":\"https:\\\/\\\/www.retaildetail.be\\\/wp-content\\\/uploads\\\/2026\\\/04\\\/Intermarche-Super-enseigne-1.jpg\",\"contentUrl\":\"https:\\\/\\\/www.retaildetail.be\\\/wp-content\\\/uploads\\\/2026\\\/04\\\/Intermarche-Super-enseigne-1.jpg\",\"width\":1370,\"height\":891,\"caption\":\"Intermarch\u00e9\"},{\"@type\":\"BreadcrumbList\",\"@id\":\"https:\\\/\\\/www.retaildetail.be\\\/fr\\\/news\\\/food\\\/intermarche-belgique-vise-un-chiffre-daffaires-de-trois-milliards-deuros-en-2030\\\/#breadcrumb\",\"itemListElement\":[{\"@type\":\"ListItem\",\"position\":1,\"name\":\"Home\",\"item\":\"https:\\\/\\\/www.retaildetail.be\\\/fr\\\/\"},{\"@type\":\"ListItem\",\"position\":2,\"name\":\"Intermarch\u00e9 Belgique vise un chiffre d&#8217;affaires de trois milliards d&#8217;euros en 2030\"}]},{\"@type\":\"WebSite\",\"@id\":\"https:\\\/\\\/www.retaildetail.be\\\/nl\\\/#website\",\"url\":\"https:\\\/\\\/www.retaildetail.be\\\/nl\\\/\",\"name\":\"RetailDetail BE\",\"description\":\"News\",\"publisher\":{\"@id\":\"https:\\\/\\\/www.retaildetail.be\\\/nl\\\/#organization\"},\"potentialAction\":[{\"@type\":\"SearchAction\",\"target\":{\"@type\":\"EntryPoint\",\"urlTemplate\":\"https:\\\/\\\/www.retaildetail.be\\\/nl\\\/?s={search_term_string}\"},\"query-input\":{\"@type\":\"PropertyValueSpecification\",\"valueRequired\":true,\"valueName\":\"search_term_string\"}}],\"inLanguage\":\"fr-FR\"},{\"@type\":\"Organization\",\"@id\":\"https:\\\/\\\/www.retaildetail.be\\\/nl\\\/#organization\",\"name\":\"RetailDetail BE\",\"url\":\"https:\\\/\\\/www.retaildetail.be\\\/nl\\\/\",\"logo\":{\"@type\":\"ImageObject\",\"inLanguage\":\"fr-FR\",\"@id\":\"https:\\\/\\\/www.retaildetail.be\\\/nl\\\/#\\\/schema\\\/logo\\\/image\\\/\",\"url\":\"https:\\\/\\\/www.retaildetail.be\\\/wp-content\\\/uploads\\\/2022\\\/04\\\/logo.svg\",\"contentUrl\":\"https:\\\/\\\/www.retaildetail.be\\\/wp-content\\\/uploads\\\/2022\\\/04\\\/logo.svg\",\"width\":131,\"height\":70,\"caption\":\"RetailDetail BE\"},\"image\":{\"@id\":\"https:\\\/\\\/www.retaildetail.be\\\/nl\\\/#\\\/schema\\\/logo\\\/image\\\/\"}},{\"@type\":\"Person\",\"@id\":\"https:\\\/\\\/www.retaildetail.be\\\/nl\\\/#\\\/schema\\\/person\\\/51aec6069c4416aa2f68b2e4ff3455df\",\"name\":\"Stefan Van Rompaey\",\"image\":{\"@type\":\"ImageObject\",\"inLanguage\":\"fr-FR\",\"@id\":\"https:\\\/\\\/secure.gravatar.com\\\/avatar\\\/fbbb4a80a0f109888b2a5ab8ae255617499ecde533749b3ab2fa6c23b5d65dac?s=96&d=mm&r=g\",\"url\":\"https:\\\/\\\/secure.gravatar.com\\\/avatar\\\/fbbb4a80a0f109888b2a5ab8ae255617499ecde533749b3ab2fa6c23b5d65dac?s=96&d=mm&r=g\",\"contentUrl\":\"https:\\\/\\\/secure.gravatar.com\\\/avatar\\\/fbbb4a80a0f109888b2a5ab8ae255617499ecde533749b3ab2fa6c23b5d65dac?s=96&d=mm&r=g\",\"caption\":\"Stefan Van Rompaey\"},\"url\":\"https:\\\/\\\/www.retaildetail.be\\\/fr\\\/author\\\/stefanvanrompaey\\\/\"}]}<\/script>\n<!-- \/ Yoast SEO plugin. -->","yoast_head_json":{"title":"Intermarch\u00e9 Belgique vise un chiffre d'affaires de trois milliards d'euros en 2030 - RetailDetail BE","description":"Malgr\u00e9 des probl\u00e8mes logistiques et quelques faillites survenues apr\u00e8s le rachat de Mestdagh, Intermarch\u00e9 vise un chiffre d'affaires de 3 milliards d'euros en Belgique d'ici 2030.","robots":{"index":"index","follow":"follow","max-snippet":"max-snippet:-1","max-image-preview":"max-image-preview:large","max-video-preview":"max-video-preview:-1"},"canonical":"https:\/\/www.retaildetail.be\/fr\/news\/food\/intermarche-belgique-vise-un-chiffre-daffaires-de-trois-milliards-deuros-en-2030\/","og_locale":"fr_FR","og_type":"article","og_title":"Intermarch\u00e9 Belgique vise un chiffre d'affaires de trois milliards d'euros en 2030 - RetailDetail BE","og_description":"Malgr\u00e9 des probl\u00e8mes logistiques et quelques faillites survenues apr\u00e8s le rachat de Mestdagh, Intermarch\u00e9 vise un chiffre d'affaires de 3 milliards d'euros en Belgique d'ici 2030.","og_url":"https:\/\/www.retaildetail.be\/fr\/news\/food\/intermarche-belgique-vise-un-chiffre-daffaires-de-trois-milliards-deuros-en-2030\/","og_site_name":"RetailDetail BE","article_published_time":"2026-04-27T12:52:40+00:00","article_modified_time":"2026-04-27T12:52:41+00:00","og_image":[{"width":1370,"height":891,"url":"https:\/\/www.retaildetail.be\/wp-content\/uploads\/2026\/04\/Intermarche-Super-enseigne-1.jpg","type":"image\/jpeg"}],"author":"Stefan Van Rompaey","twitter_card":"summary_large_image","twitter_misc":{"\u00c9crit par":"Stefan Van Rompaey","Dur\u00e9e de lecture estim\u00e9e":"2 minutes"},"schema":{"@context":"https:\/\/schema.org","@graph":[{"@type":"NewsArticle","@id":"https:\/\/www.retaildetail.be\/fr\/news\/food\/intermarche-belgique-vise-un-chiffre-daffaires-de-trois-milliards-deuros-en-2030\/#article","isPartOf":{"@id":"https:\/\/www.retaildetail.be\/fr\/news\/food\/intermarche-belgique-vise-un-chiffre-daffaires-de-trois-milliards-deuros-en-2030\/"},"author":{"name":"Stefan Van Rompaey","@id":"https:\/\/www.retaildetail.be\/nl\/#\/schema\/person\/51aec6069c4416aa2f68b2e4ff3455df"},"headline":"Intermarch\u00e9 Belgique vise un chiffre d&rsquo;affaires de trois milliards d&rsquo;euros en 2030","datePublished":"2026-04-27T12:52:40+00:00","dateModified":"2026-04-27T12:52:41+00:00","mainEntityOfPage":{"@id":"https:\/\/www.retaildetail.be\/fr\/news\/food\/intermarche-belgique-vise-un-chiffre-daffaires-de-trois-milliards-deuros-en-2030\/"},"wordCount":485,"publisher":{"@id":"https:\/\/www.retaildetail.be\/nl\/#organization"},"image":{"@id":"https:\/\/www.retaildetail.be\/fr\/news\/food\/intermarche-belgique-vise-un-chiffre-daffaires-de-trois-milliards-deuros-en-2030\/#primaryimage"},"thumbnailUrl":"https:\/\/www.retaildetail.be\/wp-content\/uploads\/2026\/04\/Intermarche-Super-enseigne-1.jpg","articleSection":["Food","Food"],"inLanguage":"fr-FR","copyrightYear":"2026","copyrightHolder":{"@id":"https:\/\/www.retaildetail.be\/#organization"}},{"@type":"WebPage","@id":"https:\/\/www.retaildetail.be\/fr\/news\/food\/intermarche-belgique-vise-un-chiffre-daffaires-de-trois-milliards-deuros-en-2030\/","url":"https:\/\/www.retaildetail.be\/fr\/news\/food\/intermarche-belgique-vise-un-chiffre-daffaires-de-trois-milliards-deuros-en-2030\/","name":"Intermarch\u00e9 Belgique vise un chiffre d'affaires de trois milliards d'euros en 2030 - RetailDetail BE","isPartOf":{"@id":"https:\/\/www.retaildetail.be\/nl\/#website"},"primaryImageOfPage":{"@id":"https:\/\/www.retaildetail.be\/fr\/news\/food\/intermarche-belgique-vise-un-chiffre-daffaires-de-trois-milliards-deuros-en-2030\/#primaryimage"},"image":{"@id":"https:\/\/www.retaildetail.be\/fr\/news\/food\/intermarche-belgique-vise-un-chiffre-daffaires-de-trois-milliards-deuros-en-2030\/#primaryimage"},"thumbnailUrl":"https:\/\/www.retaildetail.be\/wp-content\/uploads\/2026\/04\/Intermarche-Super-enseigne-1.jpg","datePublished":"2026-04-27T12:52:40+00:00","dateModified":"2026-04-27T12:52:41+00:00","description":"Malgr\u00e9 des probl\u00e8mes logistiques et quelques faillites survenues apr\u00e8s le rachat de Mestdagh, Intermarch\u00e9 vise un chiffre d'affaires de 3 milliards d'euros en Belgique d'ici 2030.","breadcrumb":{"@id":"https:\/\/www.retaildetail.be\/fr\/news\/food\/intermarche-belgique-vise-un-chiffre-daffaires-de-trois-milliards-deuros-en-2030\/#breadcrumb"},"inLanguage":"fr-FR","potentialAction":[{"@type":"ReadAction","target":["https:\/\/www.retaildetail.be\/fr\/news\/food\/intermarche-belgique-vise-un-chiffre-daffaires-de-trois-milliards-deuros-en-2030\/"]}]},{"@type":"ImageObject","inLanguage":"fr-FR","@id":"https:\/\/www.retaildetail.be\/fr\/news\/food\/intermarche-belgique-vise-un-chiffre-daffaires-de-trois-milliards-deuros-en-2030\/#primaryimage","url":"https:\/\/www.retaildetail.be\/wp-content\/uploads\/2026\/04\/Intermarche-Super-enseigne-1.jpg","contentUrl":"https:\/\/www.retaildetail.be\/wp-content\/uploads\/2026\/04\/Intermarche-Super-enseigne-1.jpg","width":1370,"height":891,"caption":"Intermarch\u00e9"},{"@type":"BreadcrumbList","@id":"https:\/\/www.retaildetail.be\/fr\/news\/food\/intermarche-belgique-vise-un-chiffre-daffaires-de-trois-milliards-deuros-en-2030\/#breadcrumb","itemListElement":[{"@type":"ListItem","position":1,"name":"Home","item":"https:\/\/www.retaildetail.be\/fr\/"},{"@type":"ListItem","position":2,"name":"Intermarch\u00e9 Belgique vise un chiffre d&#8217;affaires de trois milliards d&#8217;euros en 2030"}]},{"@type":"WebSite","@id":"https:\/\/www.retaildetail.be\/nl\/#website","url":"https:\/\/www.retaildetail.be\/nl\/","name":"RetailDetail BE","description":"News","publisher":{"@id":"https:\/\/www.retaildetail.be\/nl\/#organization"},"potentialAction":[{"@type":"SearchAction","target":{"@type":"EntryPoint","urlTemplate":"https:\/\/www.retaildetail.be\/nl\/?s={search_term_string}"},"query-input":{"@type":"PropertyValueSpecification","valueRequired":true,"valueName":"search_term_string"}}],"inLanguage":"fr-FR"},{"@type":"Organization","@id":"https:\/\/www.retaildetail.be\/nl\/#organization","name":"RetailDetail BE","url":"https:\/\/www.retaildetail.be\/nl\/","logo":{"@type":"ImageObject","inLanguage":"fr-FR","@id":"https:\/\/www.retaildetail.be\/nl\/#\/schema\/logo\/image\/","url":"https:\/\/www.retaildetail.be\/wp-content\/uploads\/2022\/04\/logo.svg","contentUrl":"https:\/\/www.retaildetail.be\/wp-content\/uploads\/2022\/04\/logo.svg","width":131,"height":70,"caption":"RetailDetail BE"},"image":{"@id":"https:\/\/www.retaildetail.be\/nl\/#\/schema\/logo\/image\/"}},{"@type":"Person","@id":"https:\/\/www.retaildetail.be\/nl\/#\/schema\/person\/51aec6069c4416aa2f68b2e4ff3455df","name":"Stefan Van Rompaey","image":{"@type":"ImageObject","inLanguage":"fr-FR","@id":"https:\/\/secure.gravatar.com\/avatar\/fbbb4a80a0f109888b2a5ab8ae255617499ecde533749b3ab2fa6c23b5d65dac?s=96&d=mm&r=g","url":"https:\/\/secure.gravatar.com\/avatar\/fbbb4a80a0f109888b2a5ab8ae255617499ecde533749b3ab2fa6c23b5d65dac?s=96&d=mm&r=g","contentUrl":"https:\/\/secure.gravatar.com\/avatar\/fbbb4a80a0f109888b2a5ab8ae255617499ecde533749b3ab2fa6c23b5d65dac?s=96&d=mm&r=g","caption":"Stefan Van Rompaey"},"url":"https:\/\/www.retaildetail.be\/fr\/author\/stefanvanrompaey\/"}]}},"jetpack_featured_media_url":"https:\/\/www.retaildetail.be\/wp-content\/uploads\/2026\/04\/Intermarche-Super-enseigne-1.jpg","jetpack_sharing_enabled":true,"_links":{"self":[{"href":"https:\/\/www.retaildetail.be\/fr\/wp-json\/wp\/v2\/posts\/146793","targetHints":{"allow":["GET"]}}],"collection":[{"href":"https:\/\/www.retaildetail.be\/fr\/wp-json\/wp\/v2\/posts"}],"about":[{"href":"https:\/\/www.retaildetail.be\/fr\/wp-json\/wp\/v2\/types\/post"}],"author":[{"embeddable":true,"href":"https:\/\/www.retaildetail.be\/fr\/wp-json\/wp\/v2\/users\/3"}],"replies":[{"embeddable":true,"href":"https:\/\/www.retaildetail.be\/fr\/wp-json\/wp\/v2\/comments?post=146793"}],"version-history":[{"count":1,"href":"https:\/\/www.retaildetail.be\/fr\/wp-json\/wp\/v2\/posts\/146793\/revisions"}],"predecessor-version":[{"id":146795,"href":"https:\/\/www.retaildetail.be\/fr\/wp-json\/wp\/v2\/posts\/146793\/revisions\/146795"}],"wp:featuredmedia":[{"embeddable":true,"href":"https:\/\/www.retaildetail.be\/fr\/wp-json\/wp\/v2\/media\/146794"}],"wp:attachment":[{"href":"https:\/\/www.retaildetail.be\/fr\/wp-json\/wp\/v2\/media?parent=146793"}],"wp:term":[{"taxonomy":"category","embeddable":true,"href":"https:\/\/www.retaildetail.be\/fr\/wp-json\/wp\/v2\/categories?post=146793"},{"taxonomy":"post_tag","embeddable":true,"href":"https:\/\/www.retaildetail.be\/fr\/wp-json\/wp\/v2\/tags?post=146793"},{"taxonomy":"people","embeddable":true,"href":"https:\/\/www.retaildetail.be\/fr\/wp-json\/wp\/v2\/people?post=146793"},{"taxonomy":"extra","embeddable":true,"href":"https:\/\/www.retaildetail.be\/fr\/wp-json\/wp\/v2\/extra?post=146793"},{"taxonomy":"company","embeddable":true,"href":"https:\/\/www.retaildetail.be\/fr\/wp-json\/wp\/v2\/company?post=146793"},{"taxonomy":"topic","embeddable":true,"href":"https:\/\/www.retaildetail.be\/fr\/wp-json\/wp\/v2\/topic?post=146793"},{"taxonomy":"region","embeddable":true,"href":"https:\/\/www.retaildetail.be\/fr\/wp-json\/wp\/v2\/region?post=146793"}],"curies":[{"name":"wp","href":"https:\/\/api.w.org\/{rel}","templated":true}]}}