{"id":146811,"date":"2026-04-27T16:23:40","date_gmt":"2026-04-27T14:23:40","guid":{"rendered":"https:\/\/www.retaildetail.be\/?p=146811"},"modified":"2026-04-27T16:23:41","modified_gmt":"2026-04-27T14:23:41","slug":"dia-fait-son-retour-en-espagne-11-de-chiffre-daffaires-au-premier-trimestre","status":"publish","type":"post","link":"https:\/\/www.retaildetail.be\/fr\/news\/food\/dia-fait-son-retour-en-espagne-11-de-chiffre-daffaires-au-premier-trimestre\/","title":{"rendered":"DIA se distingue en Espagne : +11 % de chiffre d&rsquo;affaires au premier trimestre"},"content":{"rendered":"\n<p><strong>DIA <\/strong>se distingue<strong> <\/strong>sur le march\u00e9 espagnol de la grande distribution : au premier trimestre, son chiffre d&rsquo;affaires a progress\u00e9 de pas moins de 11 %, soit pr\u00e8s du double de la croissance du reste du march\u00e9. Au niveau du groupe \u00e9galement, les r\u00e9sultats sont positifs.<\/p>\n\n\n\n<h2 class=\"wp-block-heading\">Marques de distributeur et produits frais<\/h2>\n\n\n\n<p>Avec un chiffre d&rsquo;affaires de 1,4 milliard d&rsquo;euros (+11,1 %), DIA consolide sa position parmi les acteurs \u00e0 la croissance la plus rapide du march\u00e9 de d\u00e9tail espagnol. Sa part de march\u00e9 a \u00e9galement progress\u00e9 de 20 points de base, apr\u00e8s une hausse de 8,1 % du chiffre d&rsquo;affaires des magasins comparables (like-for-like) et une augmentation de 7 % du volume des produits vendus. <\/p>\n\n\n\n<p>Un facteur crucial de cette croissance est la solide performance des marques propres, qui ont progress\u00e9 de 14 %, et des produits frais, qui ont \u00e9galement augment\u00e9 de 14 %. Par ailleurs, le club de fid\u00e9lit\u00e9 de DIA est rest\u00e9 un moteur important, repr\u00e9sentant 57 % du chiffre d&rsquo;affaires total et affichant une hausse de 13 % par rapport \u00e0 l&rsquo;ann\u00e9e derni\u00e8re.<\/p>\n\n\n\n<h2 class=\"wp-block-heading\">Encore 100 nouveaux magasins<\/h2>\n\n\n\n<p>DIA a n\u00e9anmoins ouvert 22 nouveaux magasins au premier trimestre, tandis que sept ont \u00e9t\u00e9 ferm\u00e9s. Cela porte le nombre total de points de vente en Espagne \u00e0 2 373. La cha\u00eene vise \u00e0 ouvrir 100 nouveaux magasins nets cette ann\u00e9e. \u00ab Ces chiffres montrent que DIA Espagne est pr\u00eate \u00e0 renforcer sa position de leader \u00bb, a d\u00e9clar\u00e9 l&rsquo;entreprise.<\/p>\n\n\n\n<p>Cependant, tous les march\u00e9s ne sont pas aussi florissants : en Argentine, le chiffre d&rsquo;affaires a baiss\u00e9 de 19,7 %, principalement en raison de la forte d\u00e9pr\u00e9ciation du peso argentin. La situation et la confiance des consommateurs se stabilisent toutefois progressivement dans le pays. Au niveau du groupe, le chiffre d&rsquo;affaires s&rsquo;est \u00e9lev\u00e9 \u00e0 1,76 milliard d&rsquo;euros, soit une hausse de 3,2 %. \u00c0 l&rsquo;\u00e9chelle mondiale, DIA compte d\u00e9sormais 3 379 magasins, contre 3 365 \u00e0 la fin de 2025.<\/p>\n","protected":false},"excerpt":{"rendered":"<p>DIA se distingue sur le march\u00e9 espagnol de la grande distribution : au premier trimestre 2026, son chiffre d&rsquo;affaires y a progress\u00e9 de pas moins de 11 %, soit pr\u00e8s du double de la croissance du reste du march\u00e9. Au niveau du groupe \u00e9galement, les r\u00e9sultats sont positifs.<\/p>\n","protected":false},"author":10,"featured_media":146812,"comment_status":"closed","ping_status":"closed","sticky":false,"template":"","format":"standard","meta":{"_acf_changed":false,"inline_featured_image":false,"_jetpack_memberships_contains_paid_content":false,"footnotes":""},"categories":[18,24],"tags":[],"people":[],"extra":[43],"company":[742],"topic":[266],"region":[580],"class_list":{"0":"post-146811","1":"post","2":"type-post","3":"status-publish","4":"format-standard","5":"has-post-thumbnail","6":"hentry","7":"category-food","9":"extra-plus","10":"company-dia","11":"topic-resultats-financiers","12":"region-espagne"},"acf":[],"yoast_head":"<!-- This site is optimized with the Yoast SEO plugin v27.3 - https:\/\/yoast.com\/product\/yoast-seo-wordpress\/ -->\n<title>DIA se distingue en Espagne : +11 % de chiffre d&#039;affaires au premier trimestre - RetailDetail BE<\/title>\n<meta name=\"description\" content=\"DIA se distingue sur le march\u00e9 espagnol de la grande distribution : au premier trimestre 2026, son chiffre d&#039;affaires y a progress\u00e9 de pas moins de 11 %.\" \/>\n<meta name=\"robots\" content=\"index, follow, max-snippet:-1, max-image-preview:large, max-video-preview:-1\" \/>\n<link rel=\"canonical\" href=\"https:\/\/www.retaildetail.be\/fr\/news\/food\/dia-fait-son-retour-en-espagne-11-de-chiffre-daffaires-au-premier-trimestre\/\" \/>\n<meta property=\"og:locale\" content=\"fr_FR\" \/>\n<meta property=\"og:type\" content=\"article\" \/>\n<meta property=\"og:title\" content=\"DIA se distingue en Espagne : +11 % de chiffre d&#039;affaires au premier trimestre - RetailDetail BE\" \/>\n<meta property=\"og:description\" content=\"DIA se distingue sur le march\u00e9 espagnol de la grande distribution : au premier trimestre 2026, son chiffre d&#039;affaires y a progress\u00e9 de pas moins de 11 %.\" \/>\n<meta property=\"og:url\" content=\"https:\/\/www.retaildetail.be\/fr\/news\/food\/dia-fait-son-retour-en-espagne-11-de-chiffre-daffaires-au-premier-trimestre\/\" \/>\n<meta property=\"og:site_name\" content=\"RetailDetail BE\" \/>\n<meta property=\"article:published_time\" content=\"2026-04-27T14:23:40+00:00\" \/>\n<meta property=\"article:modified_time\" content=\"2026-04-27T14:23:41+00:00\" \/>\n<meta property=\"og:image\" content=\"https:\/\/www.retaildetail.be\/wp-content\/uploads\/2026\/04\/shutterstock_dia.jpg\" \/>\n\t<meta property=\"og:image:width\" content=\"1000\" \/>\n\t<meta property=\"og:image:height\" content=\"667\" \/>\n\t<meta property=\"og:image:type\" content=\"image\/jpeg\" \/>\n<meta name=\"author\" content=\"Jorg Snoeck\" \/>\n<meta name=\"twitter:card\" content=\"summary_large_image\" \/>\n<meta name=\"twitter:label1\" content=\"\u00c9crit par\" \/>\n\t<meta name=\"twitter:data1\" content=\"Jorg Snoeck\" \/>\n\t<meta name=\"twitter:label2\" content=\"Dur\u00e9e de lecture estim\u00e9e\" \/>\n\t<meta name=\"twitter:data2\" content=\"1 minute\" \/>\n<script type=\"application\/ld+json\" class=\"yoast-schema-graph\">{\"@context\":\"https:\\\/\\\/schema.org\",\"@graph\":[{\"@type\":\"NewsArticle\",\"@id\":\"https:\\\/\\\/www.retaildetail.be\\\/fr\\\/news\\\/food\\\/dia-fait-son-retour-en-espagne-11-de-chiffre-daffaires-au-premier-trimestre\\\/#article\",\"isPartOf\":{\"@id\":\"https:\\\/\\\/www.retaildetail.be\\\/fr\\\/news\\\/food\\\/dia-fait-son-retour-en-espagne-11-de-chiffre-daffaires-au-premier-trimestre\\\/\"},\"author\":{\"name\":\"Jorg Snoeck\",\"@id\":\"https:\\\/\\\/www.retaildetail.be\\\/nl\\\/#\\\/schema\\\/person\\\/71d9b89376db00e9b1aa8a2841e71a72\"},\"headline\":\"DIA se distingue en Espagne : +11 % de chiffre d&rsquo;affaires au premier trimestre\",\"datePublished\":\"2026-04-27T14:23:40+00:00\",\"dateModified\":\"2026-04-27T14:23:41+00:00\",\"mainEntityOfPage\":{\"@id\":\"https:\\\/\\\/www.retaildetail.be\\\/fr\\\/news\\\/food\\\/dia-fait-son-retour-en-espagne-11-de-chiffre-daffaires-au-premier-trimestre\\\/\"},\"wordCount\":319,\"publisher\":{\"@id\":\"https:\\\/\\\/www.retaildetail.be\\\/nl\\\/#organization\"},\"image\":{\"@id\":\"https:\\\/\\\/www.retaildetail.be\\\/fr\\\/news\\\/food\\\/dia-fait-son-retour-en-espagne-11-de-chiffre-daffaires-au-premier-trimestre\\\/#primaryimage\"},\"thumbnailUrl\":\"https:\\\/\\\/www.retaildetail.be\\\/wp-content\\\/uploads\\\/2026\\\/04\\\/shutterstock_dia.jpg\",\"articleSection\":[\"Food\",\"Food\"],\"inLanguage\":\"fr-FR\",\"copyrightYear\":\"2026\",\"copyrightHolder\":{\"@id\":\"https:\\\/\\\/www.retaildetail.be\\\/#organization\"}},{\"@type\":\"WebPage\",\"@id\":\"https:\\\/\\\/www.retaildetail.be\\\/fr\\\/news\\\/food\\\/dia-fait-son-retour-en-espagne-11-de-chiffre-daffaires-au-premier-trimestre\\\/\",\"url\":\"https:\\\/\\\/www.retaildetail.be\\\/fr\\\/news\\\/food\\\/dia-fait-son-retour-en-espagne-11-de-chiffre-daffaires-au-premier-trimestre\\\/\",\"name\":\"DIA se distingue en Espagne : +11 % de chiffre d'affaires au premier trimestre - RetailDetail BE\",\"isPartOf\":{\"@id\":\"https:\\\/\\\/www.retaildetail.be\\\/nl\\\/#website\"},\"primaryImageOfPage\":{\"@id\":\"https:\\\/\\\/www.retaildetail.be\\\/fr\\\/news\\\/food\\\/dia-fait-son-retour-en-espagne-11-de-chiffre-daffaires-au-premier-trimestre\\\/#primaryimage\"},\"image\":{\"@id\":\"https:\\\/\\\/www.retaildetail.be\\\/fr\\\/news\\\/food\\\/dia-fait-son-retour-en-espagne-11-de-chiffre-daffaires-au-premier-trimestre\\\/#primaryimage\"},\"thumbnailUrl\":\"https:\\\/\\\/www.retaildetail.be\\\/wp-content\\\/uploads\\\/2026\\\/04\\\/shutterstock_dia.jpg\",\"datePublished\":\"2026-04-27T14:23:40+00:00\",\"dateModified\":\"2026-04-27T14:23:41+00:00\",\"description\":\"DIA se distingue sur le march\u00e9 espagnol de la grande distribution : au premier trimestre 2026, son chiffre d'affaires y a progress\u00e9 de pas moins de 11 %.\",\"breadcrumb\":{\"@id\":\"https:\\\/\\\/www.retaildetail.be\\\/fr\\\/news\\\/food\\\/dia-fait-son-retour-en-espagne-11-de-chiffre-daffaires-au-premier-trimestre\\\/#breadcrumb\"},\"inLanguage\":\"fr-FR\",\"potentialAction\":[{\"@type\":\"ReadAction\",\"target\":[\"https:\\\/\\\/www.retaildetail.be\\\/fr\\\/news\\\/food\\\/dia-fait-son-retour-en-espagne-11-de-chiffre-daffaires-au-premier-trimestre\\\/\"]}]},{\"@type\":\"ImageObject\",\"inLanguage\":\"fr-FR\",\"@id\":\"https:\\\/\\\/www.retaildetail.be\\\/fr\\\/news\\\/food\\\/dia-fait-son-retour-en-espagne-11-de-chiffre-daffaires-au-premier-trimestre\\\/#primaryimage\",\"url\":\"https:\\\/\\\/www.retaildetail.be\\\/wp-content\\\/uploads\\\/2026\\\/04\\\/shutterstock_dia.jpg\",\"contentUrl\":\"https:\\\/\\\/www.retaildetail.be\\\/wp-content\\\/uploads\\\/2026\\\/04\\\/shutterstock_dia.jpg\",\"width\":1000,\"height\":667,\"caption\":\"\u00a9 Shutterstock.com\"},{\"@type\":\"BreadcrumbList\",\"@id\":\"https:\\\/\\\/www.retaildetail.be\\\/fr\\\/news\\\/food\\\/dia-fait-son-retour-en-espagne-11-de-chiffre-daffaires-au-premier-trimestre\\\/#breadcrumb\",\"itemListElement\":[{\"@type\":\"ListItem\",\"position\":1,\"name\":\"Home\",\"item\":\"https:\\\/\\\/www.retaildetail.be\\\/fr\\\/\"},{\"@type\":\"ListItem\",\"position\":2,\"name\":\"DIA se distingue en Espagne : +11 % de chiffre d&#8217;affaires au premier trimestre\"}]},{\"@type\":\"WebSite\",\"@id\":\"https:\\\/\\\/www.retaildetail.be\\\/nl\\\/#website\",\"url\":\"https:\\\/\\\/www.retaildetail.be\\\/nl\\\/\",\"name\":\"RetailDetail BE\",\"description\":\"News\",\"publisher\":{\"@id\":\"https:\\\/\\\/www.retaildetail.be\\\/nl\\\/#organization\"},\"potentialAction\":[{\"@type\":\"SearchAction\",\"target\":{\"@type\":\"EntryPoint\",\"urlTemplate\":\"https:\\\/\\\/www.retaildetail.be\\\/nl\\\/?s={search_term_string}\"},\"query-input\":{\"@type\":\"PropertyValueSpecification\",\"valueRequired\":true,\"valueName\":\"search_term_string\"}}],\"inLanguage\":\"fr-FR\"},{\"@type\":\"Organization\",\"@id\":\"https:\\\/\\\/www.retaildetail.be\\\/nl\\\/#organization\",\"name\":\"RetailDetail BE\",\"url\":\"https:\\\/\\\/www.retaildetail.be\\\/nl\\\/\",\"logo\":{\"@type\":\"ImageObject\",\"inLanguage\":\"fr-FR\",\"@id\":\"https:\\\/\\\/www.retaildetail.be\\\/nl\\\/#\\\/schema\\\/logo\\\/image\\\/\",\"url\":\"https:\\\/\\\/www.retaildetail.be\\\/wp-content\\\/uploads\\\/2022\\\/04\\\/logo.svg\",\"contentUrl\":\"https:\\\/\\\/www.retaildetail.be\\\/wp-content\\\/uploads\\\/2022\\\/04\\\/logo.svg\",\"width\":131,\"height\":70,\"caption\":\"RetailDetail BE\"},\"image\":{\"@id\":\"https:\\\/\\\/www.retaildetail.be\\\/nl\\\/#\\\/schema\\\/logo\\\/image\\\/\"}},{\"@type\":\"Person\",\"@id\":\"https:\\\/\\\/www.retaildetail.be\\\/nl\\\/#\\\/schema\\\/person\\\/71d9b89376db00e9b1aa8a2841e71a72\",\"name\":\"Jorg Snoeck\",\"image\":{\"@type\":\"ImageObject\",\"inLanguage\":\"fr-FR\",\"@id\":\"https:\\\/\\\/secure.gravatar.com\\\/avatar\\\/fc1bd94c7d40f2446e6bf778bb34cf9ab000168f63533cec8e072f4ad96ce7f3?s=96&d=mm&r=g\",\"url\":\"https:\\\/\\\/secure.gravatar.com\\\/avatar\\\/fc1bd94c7d40f2446e6bf778bb34cf9ab000168f63533cec8e072f4ad96ce7f3?s=96&d=mm&r=g\",\"contentUrl\":\"https:\\\/\\\/secure.gravatar.com\\\/avatar\\\/fc1bd94c7d40f2446e6bf778bb34cf9ab000168f63533cec8e072f4ad96ce7f3?s=96&d=mm&r=g\",\"caption\":\"Jorg Snoeck\"},\"url\":\"https:\\\/\\\/www.retaildetail.be\\\/fr\\\/author\\\/jorgsnoeck\\\/\"}]}<\/script>\n<!-- \/ Yoast SEO plugin. -->","yoast_head_json":{"title":"DIA se distingue en Espagne : +11 % de chiffre d'affaires au premier trimestre - RetailDetail BE","description":"DIA se distingue sur le march\u00e9 espagnol de la grande distribution : au premier trimestre 2026, son chiffre d'affaires y a progress\u00e9 de pas moins de 11 %.","robots":{"index":"index","follow":"follow","max-snippet":"max-snippet:-1","max-image-preview":"max-image-preview:large","max-video-preview":"max-video-preview:-1"},"canonical":"https:\/\/www.retaildetail.be\/fr\/news\/food\/dia-fait-son-retour-en-espagne-11-de-chiffre-daffaires-au-premier-trimestre\/","og_locale":"fr_FR","og_type":"article","og_title":"DIA se distingue en Espagne : +11 % de chiffre d'affaires au premier trimestre - RetailDetail BE","og_description":"DIA se distingue sur le march\u00e9 espagnol de la grande distribution : au premier trimestre 2026, son chiffre d'affaires y a progress\u00e9 de pas moins de 11 %.","og_url":"https:\/\/www.retaildetail.be\/fr\/news\/food\/dia-fait-son-retour-en-espagne-11-de-chiffre-daffaires-au-premier-trimestre\/","og_site_name":"RetailDetail BE","article_published_time":"2026-04-27T14:23:40+00:00","article_modified_time":"2026-04-27T14:23:41+00:00","og_image":[{"width":1000,"height":667,"url":"https:\/\/www.retaildetail.be\/wp-content\/uploads\/2026\/04\/shutterstock_dia.jpg","type":"image\/jpeg"}],"author":"Jorg Snoeck","twitter_card":"summary_large_image","twitter_misc":{"\u00c9crit par":"Jorg Snoeck","Dur\u00e9e de lecture estim\u00e9e":"1 minute"},"schema":{"@context":"https:\/\/schema.org","@graph":[{"@type":"NewsArticle","@id":"https:\/\/www.retaildetail.be\/fr\/news\/food\/dia-fait-son-retour-en-espagne-11-de-chiffre-daffaires-au-premier-trimestre\/#article","isPartOf":{"@id":"https:\/\/www.retaildetail.be\/fr\/news\/food\/dia-fait-son-retour-en-espagne-11-de-chiffre-daffaires-au-premier-trimestre\/"},"author":{"name":"Jorg Snoeck","@id":"https:\/\/www.retaildetail.be\/nl\/#\/schema\/person\/71d9b89376db00e9b1aa8a2841e71a72"},"headline":"DIA se distingue en Espagne : +11 % de chiffre d&rsquo;affaires au premier trimestre","datePublished":"2026-04-27T14:23:40+00:00","dateModified":"2026-04-27T14:23:41+00:00","mainEntityOfPage":{"@id":"https:\/\/www.retaildetail.be\/fr\/news\/food\/dia-fait-son-retour-en-espagne-11-de-chiffre-daffaires-au-premier-trimestre\/"},"wordCount":319,"publisher":{"@id":"https:\/\/www.retaildetail.be\/nl\/#organization"},"image":{"@id":"https:\/\/www.retaildetail.be\/fr\/news\/food\/dia-fait-son-retour-en-espagne-11-de-chiffre-daffaires-au-premier-trimestre\/#primaryimage"},"thumbnailUrl":"https:\/\/www.retaildetail.be\/wp-content\/uploads\/2026\/04\/shutterstock_dia.jpg","articleSection":["Food","Food"],"inLanguage":"fr-FR","copyrightYear":"2026","copyrightHolder":{"@id":"https:\/\/www.retaildetail.be\/#organization"}},{"@type":"WebPage","@id":"https:\/\/www.retaildetail.be\/fr\/news\/food\/dia-fait-son-retour-en-espagne-11-de-chiffre-daffaires-au-premier-trimestre\/","url":"https:\/\/www.retaildetail.be\/fr\/news\/food\/dia-fait-son-retour-en-espagne-11-de-chiffre-daffaires-au-premier-trimestre\/","name":"DIA se distingue en Espagne : +11 % de chiffre d'affaires au premier trimestre - RetailDetail BE","isPartOf":{"@id":"https:\/\/www.retaildetail.be\/nl\/#website"},"primaryImageOfPage":{"@id":"https:\/\/www.retaildetail.be\/fr\/news\/food\/dia-fait-son-retour-en-espagne-11-de-chiffre-daffaires-au-premier-trimestre\/#primaryimage"},"image":{"@id":"https:\/\/www.retaildetail.be\/fr\/news\/food\/dia-fait-son-retour-en-espagne-11-de-chiffre-daffaires-au-premier-trimestre\/#primaryimage"},"thumbnailUrl":"https:\/\/www.retaildetail.be\/wp-content\/uploads\/2026\/04\/shutterstock_dia.jpg","datePublished":"2026-04-27T14:23:40+00:00","dateModified":"2026-04-27T14:23:41+00:00","description":"DIA se distingue sur le march\u00e9 espagnol de la grande distribution : au premier trimestre 2026, son chiffre d'affaires y a progress\u00e9 de pas moins de 11 %.","breadcrumb":{"@id":"https:\/\/www.retaildetail.be\/fr\/news\/food\/dia-fait-son-retour-en-espagne-11-de-chiffre-daffaires-au-premier-trimestre\/#breadcrumb"},"inLanguage":"fr-FR","potentialAction":[{"@type":"ReadAction","target":["https:\/\/www.retaildetail.be\/fr\/news\/food\/dia-fait-son-retour-en-espagne-11-de-chiffre-daffaires-au-premier-trimestre\/"]}]},{"@type":"ImageObject","inLanguage":"fr-FR","@id":"https:\/\/www.retaildetail.be\/fr\/news\/food\/dia-fait-son-retour-en-espagne-11-de-chiffre-daffaires-au-premier-trimestre\/#primaryimage","url":"https:\/\/www.retaildetail.be\/wp-content\/uploads\/2026\/04\/shutterstock_dia.jpg","contentUrl":"https:\/\/www.retaildetail.be\/wp-content\/uploads\/2026\/04\/shutterstock_dia.jpg","width":1000,"height":667,"caption":"\u00a9 Shutterstock.com"},{"@type":"BreadcrumbList","@id":"https:\/\/www.retaildetail.be\/fr\/news\/food\/dia-fait-son-retour-en-espagne-11-de-chiffre-daffaires-au-premier-trimestre\/#breadcrumb","itemListElement":[{"@type":"ListItem","position":1,"name":"Home","item":"https:\/\/www.retaildetail.be\/fr\/"},{"@type":"ListItem","position":2,"name":"DIA se distingue en Espagne : +11 % de chiffre d&#8217;affaires au premier trimestre"}]},{"@type":"WebSite","@id":"https:\/\/www.retaildetail.be\/nl\/#website","url":"https:\/\/www.retaildetail.be\/nl\/","name":"RetailDetail BE","description":"News","publisher":{"@id":"https:\/\/www.retaildetail.be\/nl\/#organization"},"potentialAction":[{"@type":"SearchAction","target":{"@type":"EntryPoint","urlTemplate":"https:\/\/www.retaildetail.be\/nl\/?s={search_term_string}"},"query-input":{"@type":"PropertyValueSpecification","valueRequired":true,"valueName":"search_term_string"}}],"inLanguage":"fr-FR"},{"@type":"Organization","@id":"https:\/\/www.retaildetail.be\/nl\/#organization","name":"RetailDetail BE","url":"https:\/\/www.retaildetail.be\/nl\/","logo":{"@type":"ImageObject","inLanguage":"fr-FR","@id":"https:\/\/www.retaildetail.be\/nl\/#\/schema\/logo\/image\/","url":"https:\/\/www.retaildetail.be\/wp-content\/uploads\/2022\/04\/logo.svg","contentUrl":"https:\/\/www.retaildetail.be\/wp-content\/uploads\/2022\/04\/logo.svg","width":131,"height":70,"caption":"RetailDetail BE"},"image":{"@id":"https:\/\/www.retaildetail.be\/nl\/#\/schema\/logo\/image\/"}},{"@type":"Person","@id":"https:\/\/www.retaildetail.be\/nl\/#\/schema\/person\/71d9b89376db00e9b1aa8a2841e71a72","name":"Jorg Snoeck","image":{"@type":"ImageObject","inLanguage":"fr-FR","@id":"https:\/\/secure.gravatar.com\/avatar\/fc1bd94c7d40f2446e6bf778bb34cf9ab000168f63533cec8e072f4ad96ce7f3?s=96&d=mm&r=g","url":"https:\/\/secure.gravatar.com\/avatar\/fc1bd94c7d40f2446e6bf778bb34cf9ab000168f63533cec8e072f4ad96ce7f3?s=96&d=mm&r=g","contentUrl":"https:\/\/secure.gravatar.com\/avatar\/fc1bd94c7d40f2446e6bf778bb34cf9ab000168f63533cec8e072f4ad96ce7f3?s=96&d=mm&r=g","caption":"Jorg Snoeck"},"url":"https:\/\/www.retaildetail.be\/fr\/author\/jorgsnoeck\/"}]}},"jetpack_featured_media_url":"https:\/\/www.retaildetail.be\/wp-content\/uploads\/2026\/04\/shutterstock_dia.jpg","jetpack_sharing_enabled":true,"_links":{"self":[{"href":"https:\/\/www.retaildetail.be\/fr\/wp-json\/wp\/v2\/posts\/146811","targetHints":{"allow":["GET"]}}],"collection":[{"href":"https:\/\/www.retaildetail.be\/fr\/wp-json\/wp\/v2\/posts"}],"about":[{"href":"https:\/\/www.retaildetail.be\/fr\/wp-json\/wp\/v2\/types\/post"}],"author":[{"embeddable":true,"href":"https:\/\/www.retaildetail.be\/fr\/wp-json\/wp\/v2\/users\/10"}],"replies":[{"embeddable":true,"href":"https:\/\/www.retaildetail.be\/fr\/wp-json\/wp\/v2\/comments?post=146811"}],"version-history":[{"count":1,"href":"https:\/\/www.retaildetail.be\/fr\/wp-json\/wp\/v2\/posts\/146811\/revisions"}],"predecessor-version":[{"id":146815,"href":"https:\/\/www.retaildetail.be\/fr\/wp-json\/wp\/v2\/posts\/146811\/revisions\/146815"}],"wp:featuredmedia":[{"embeddable":true,"href":"https:\/\/www.retaildetail.be\/fr\/wp-json\/wp\/v2\/media\/146812"}],"wp:attachment":[{"href":"https:\/\/www.retaildetail.be\/fr\/wp-json\/wp\/v2\/media?parent=146811"}],"wp:term":[{"taxonomy":"category","embeddable":true,"href":"https:\/\/www.retaildetail.be\/fr\/wp-json\/wp\/v2\/categories?post=146811"},{"taxonomy":"post_tag","embeddable":true,"href":"https:\/\/www.retaildetail.be\/fr\/wp-json\/wp\/v2\/tags?post=146811"},{"taxonomy":"people","embeddable":true,"href":"https:\/\/www.retaildetail.be\/fr\/wp-json\/wp\/v2\/people?post=146811"},{"taxonomy":"extra","embeddable":true,"href":"https:\/\/www.retaildetail.be\/fr\/wp-json\/wp\/v2\/extra?post=146811"},{"taxonomy":"company","embeddable":true,"href":"https:\/\/www.retaildetail.be\/fr\/wp-json\/wp\/v2\/company?post=146811"},{"taxonomy":"topic","embeddable":true,"href":"https:\/\/www.retaildetail.be\/fr\/wp-json\/wp\/v2\/topic?post=146811"},{"taxonomy":"region","embeddable":true,"href":"https:\/\/www.retaildetail.be\/fr\/wp-json\/wp\/v2\/region?post=146811"}],"curies":[{"name":"wp","href":"https:\/\/api.w.org\/{rel}","templated":true}]}}