{"id":146820,"date":"2026-04-27T16:31:42","date_gmt":"2026-04-27T14:31:42","guid":{"rendered":"https:\/\/www.retaildetail.be\/?p=146820"},"modified":"2026-04-27T16:31:44","modified_gmt":"2026-04-27T14:31:44","slug":"vinted-vaut-deja-8-milliards-deuros","status":"publish","type":"post","link":"https:\/\/www.retaildetail.be\/fr\/news\/mode\/vinted-vaut-deja-8-milliards-deuros\/","title":{"rendered":"Vinted vaut d\u00e9j\u00e0 8 milliards d&rsquo;euros"},"content":{"rendered":"\n<p>Apr\u00e8s une lev\u00e9e de fonds de 880 millions d&rsquo;euros, la plateforme de vente d&rsquo;occasion <strong>Vinted <\/strong>est d\u00e9sormais \u00e9valu\u00e9e \u00e0 8 milliards d&rsquo;euros. L&rsquo;entreprise souligne que le march\u00e9 de l&rsquo;occasion en ligne conna\u00eet une croissance plus rapide que le commerce \u00e9lectronique en g\u00e9n\u00e9ral.<\/p>\n\n\n\n<h2 class=\"wp-block-heading\">Hausse de 60 %<\/h2>\n\n\n\n<p>Des investisseurs existants et de nouveaux investisseurs ont particip\u00e9 \u00e0 la r\u00e9cente lev\u00e9e de fonds secondaire. Avec une valorisation de 8 milliards d&rsquo;euros, Vinted affiche <a href=\"https:\/\/www.ft.com\/content\/8410967c-c713-46d1-a5e6-42cfc3b6528c?syn-25a6b1a6=1\">une progression de 60 % par rapport aux 5 milliards d&rsquo;euros de la pr\u00e9c\u00e9dente lev\u00e9e de fonds en novembre 2024<\/a>, rapporte le Financial Times.<\/p>\n\n\n\n<p>La plateforme d&rsquo;occasion lituanienne a vu son chiffre d&rsquo;affaires augmenter de 38 % en 2025 pour atteindre 1,1 milliard d&rsquo;euros, tandis que la valeur totale des marchandises \u00e9chang\u00e9es (GMV) s&rsquo;\u00e9levait \u00e0 10,8 milliards d&rsquo;euros. Le b\u00e9n\u00e9fice net s&rsquo;\u00e9levait \u00e0 62 millions d&rsquo;euros.<\/p>\n\n\n\n<p>Le PDG Thomas Plantenga affirme que le march\u00e9 de l&rsquo;occasion en ligne conna\u00eet une croissance plus rapide que le commerce \u00e9lectronique en g\u00e9n\u00e9ral, et que son entreprise, avec Vinted Marketplace, Vinted Go et Vinted Pay, est bien positionn\u00e9e pour tirer parti de cette croissance. Vinted est d\u00e9sormais pr\u00e9sent dans 26 pays, <a href=\"https:\/\/www.retaildetail.be\/fr\/news\/mode\/comment-vinted-veut-conquerir-le-marche-americain-des-vetements-doccasion\/\">dont les \u00c9tats-Unis depuis le d\u00e9but de l&rsquo;ann\u00e9e<\/a>.<\/p>\n","protected":false},"excerpt":{"rendered":"<p>Apr\u00e8s une lev\u00e9e de fonds de 880 millions d&rsquo;euros, la plateforme de vente d&rsquo;occasion Vinted est d\u00e9sormais \u00e9valu\u00e9e \u00e0 8 milliards d&rsquo;euros. L&rsquo;entreprise souligne que le march\u00e9 de l&rsquo;occasion en ligne conna\u00eet une croissance plus rapide que le commerce \u00e9lectronique en g\u00e9n\u00e9ral.<\/p>\n","protected":false},"author":3,"featured_media":146821,"comment_status":"closed","ping_status":"closed","sticky":false,"template":"","format":"standard","meta":{"_acf_changed":false,"inline_featured_image":false,"_jetpack_memberships_contains_paid_content":false,"footnotes":""},"categories":[14,22],"tags":[595],"people":[],"extra":[],"company":[629],"topic":[],"region":[],"class_list":{"0":"post-146820","1":"post","2":"type-post","3":"status-publish","4":"format-standard","5":"has-post-thumbnail","6":"hentry","7":"category-mode","9":"tag-marktplaats","10":"company-vinted"},"acf":[],"yoast_head":"<!-- This site is optimized with the Yoast SEO plugin v27.3 - https:\/\/yoast.com\/product\/yoast-seo-wordpress\/ -->\n<title>Vinted vaut d\u00e9j\u00e0 8 milliards d&#039;euros - RetailDetail BE<\/title>\n<meta name=\"description\" content=\"Apr\u00e8s une lev\u00e9e de fonds de 880 millions d&#039;euros, la plateforme de vente d&#039;occasion Vinted est d\u00e9sormais \u00e9valu\u00e9e \u00e0 8 milliards d&#039;euros.\" \/>\n<meta name=\"robots\" content=\"index, follow, max-snippet:-1, max-image-preview:large, max-video-preview:-1\" \/>\n<link rel=\"canonical\" href=\"https:\/\/www.retaildetail.be\/fr\/news\/mode\/vinted-vaut-deja-8-milliards-deuros\/\" \/>\n<meta property=\"og:locale\" content=\"fr_FR\" \/>\n<meta property=\"og:type\" content=\"article\" \/>\n<meta property=\"og:title\" content=\"Vinted vaut d\u00e9j\u00e0 8 milliards d&#039;euros - RetailDetail BE\" \/>\n<meta property=\"og:description\" content=\"Apr\u00e8s une lev\u00e9e de fonds de 880 millions d&#039;euros, la plateforme de vente d&#039;occasion Vinted est d\u00e9sormais \u00e9valu\u00e9e \u00e0 8 milliards d&#039;euros.\" \/>\n<meta property=\"og:url\" content=\"https:\/\/www.retaildetail.be\/fr\/news\/mode\/vinted-vaut-deja-8-milliards-deuros\/\" \/>\n<meta property=\"og:site_name\" content=\"RetailDetail BE\" \/>\n<meta property=\"article:published_time\" content=\"2026-04-27T14:31:42+00:00\" \/>\n<meta property=\"article:modified_time\" content=\"2026-04-27T14:31:44+00:00\" \/>\n<meta property=\"og:image\" content=\"https:\/\/www.retaildetail.be\/wp-content\/uploads\/2026\/04\/vinted-app-screenshot.jpg\" \/>\n\t<meta property=\"og:image:width\" content=\"1000\" \/>\n\t<meta property=\"og:image:height\" content=\"667\" \/>\n\t<meta property=\"og:image:type\" content=\"image\/jpeg\" \/>\n<meta name=\"author\" content=\"Stefan Van Rompaey\" \/>\n<meta name=\"twitter:card\" content=\"summary_large_image\" \/>\n<meta name=\"twitter:label1\" content=\"\u00c9crit par\" \/>\n\t<meta name=\"twitter:data1\" content=\"Stefan Van Rompaey\" \/>\n\t<meta name=\"twitter:label2\" content=\"Dur\u00e9e de lecture estim\u00e9e\" \/>\n\t<meta name=\"twitter:data2\" content=\"1 minute\" \/>\n<script type=\"application\/ld+json\" class=\"yoast-schema-graph\">{\"@context\":\"https:\\\/\\\/schema.org\",\"@graph\":[{\"@type\":\"NewsArticle\",\"@id\":\"https:\\\/\\\/www.retaildetail.be\\\/fr\\\/news\\\/mode\\\/vinted-vaut-deja-8-milliards-deuros\\\/#article\",\"isPartOf\":{\"@id\":\"https:\\\/\\\/www.retaildetail.be\\\/fr\\\/news\\\/mode\\\/vinted-vaut-deja-8-milliards-deuros\\\/\"},\"author\":{\"name\":\"Stefan Van Rompaey\",\"@id\":\"https:\\\/\\\/www.retaildetail.be\\\/nl\\\/#\\\/schema\\\/person\\\/51aec6069c4416aa2f68b2e4ff3455df\"},\"headline\":\"Vinted vaut d\u00e9j\u00e0 8 milliards d&rsquo;euros\",\"datePublished\":\"2026-04-27T14:31:42+00:00\",\"dateModified\":\"2026-04-27T14:31:44+00:00\",\"mainEntityOfPage\":{\"@id\":\"https:\\\/\\\/www.retaildetail.be\\\/fr\\\/news\\\/mode\\\/vinted-vaut-deja-8-milliards-deuros\\\/\"},\"wordCount\":222,\"publisher\":{\"@id\":\"https:\\\/\\\/www.retaildetail.be\\\/nl\\\/#organization\"},\"image\":{\"@id\":\"https:\\\/\\\/www.retaildetail.be\\\/fr\\\/news\\\/mode\\\/vinted-vaut-deja-8-milliards-deuros\\\/#primaryimage\"},\"thumbnailUrl\":\"https:\\\/\\\/www.retaildetail.be\\\/wp-content\\\/uploads\\\/2026\\\/04\\\/vinted-app-screenshot.jpg\",\"keywords\":[\"Marktplaats\"],\"articleSection\":[\"Mode\",\"Mode\"],\"inLanguage\":\"fr-FR\",\"copyrightYear\":\"2026\",\"copyrightHolder\":{\"@id\":\"https:\\\/\\\/www.retaildetail.be\\\/#organization\"}},{\"@type\":\"WebPage\",\"@id\":\"https:\\\/\\\/www.retaildetail.be\\\/fr\\\/news\\\/mode\\\/vinted-vaut-deja-8-milliards-deuros\\\/\",\"url\":\"https:\\\/\\\/www.retaildetail.be\\\/fr\\\/news\\\/mode\\\/vinted-vaut-deja-8-milliards-deuros\\\/\",\"name\":\"Vinted vaut d\u00e9j\u00e0 8 milliards d'euros - RetailDetail BE\",\"isPartOf\":{\"@id\":\"https:\\\/\\\/www.retaildetail.be\\\/nl\\\/#website\"},\"primaryImageOfPage\":{\"@id\":\"https:\\\/\\\/www.retaildetail.be\\\/fr\\\/news\\\/mode\\\/vinted-vaut-deja-8-milliards-deuros\\\/#primaryimage\"},\"image\":{\"@id\":\"https:\\\/\\\/www.retaildetail.be\\\/fr\\\/news\\\/mode\\\/vinted-vaut-deja-8-milliards-deuros\\\/#primaryimage\"},\"thumbnailUrl\":\"https:\\\/\\\/www.retaildetail.be\\\/wp-content\\\/uploads\\\/2026\\\/04\\\/vinted-app-screenshot.jpg\",\"datePublished\":\"2026-04-27T14:31:42+00:00\",\"dateModified\":\"2026-04-27T14:31:44+00:00\",\"description\":\"Apr\u00e8s une lev\u00e9e de fonds de 880 millions d'euros, la plateforme de vente d'occasion Vinted est d\u00e9sormais \u00e9valu\u00e9e \u00e0 8 milliards d'euros.\",\"breadcrumb\":{\"@id\":\"https:\\\/\\\/www.retaildetail.be\\\/fr\\\/news\\\/mode\\\/vinted-vaut-deja-8-milliards-deuros\\\/#breadcrumb\"},\"inLanguage\":\"fr-FR\",\"potentialAction\":[{\"@type\":\"ReadAction\",\"target\":[\"https:\\\/\\\/www.retaildetail.be\\\/fr\\\/news\\\/mode\\\/vinted-vaut-deja-8-milliards-deuros\\\/\"]}]},{\"@type\":\"ImageObject\",\"inLanguage\":\"fr-FR\",\"@id\":\"https:\\\/\\\/www.retaildetail.be\\\/fr\\\/news\\\/mode\\\/vinted-vaut-deja-8-milliards-deuros\\\/#primaryimage\",\"url\":\"https:\\\/\\\/www.retaildetail.be\\\/wp-content\\\/uploads\\\/2026\\\/04\\\/vinted-app-screenshot.jpg\",\"contentUrl\":\"https:\\\/\\\/www.retaildetail.be\\\/wp-content\\\/uploads\\\/2026\\\/04\\\/vinted-app-screenshot.jpg\",\"width\":1000,\"height\":667,\"caption\":\"Shutterstock.com\"},{\"@type\":\"BreadcrumbList\",\"@id\":\"https:\\\/\\\/www.retaildetail.be\\\/fr\\\/news\\\/mode\\\/vinted-vaut-deja-8-milliards-deuros\\\/#breadcrumb\",\"itemListElement\":[{\"@type\":\"ListItem\",\"position\":1,\"name\":\"Home\",\"item\":\"https:\\\/\\\/www.retaildetail.be\\\/fr\\\/\"},{\"@type\":\"ListItem\",\"position\":2,\"name\":\"Vinted vaut d\u00e9j\u00e0 8 milliards d&#8217;euros\"}]},{\"@type\":\"WebSite\",\"@id\":\"https:\\\/\\\/www.retaildetail.be\\\/nl\\\/#website\",\"url\":\"https:\\\/\\\/www.retaildetail.be\\\/nl\\\/\",\"name\":\"RetailDetail BE\",\"description\":\"News\",\"publisher\":{\"@id\":\"https:\\\/\\\/www.retaildetail.be\\\/nl\\\/#organization\"},\"potentialAction\":[{\"@type\":\"SearchAction\",\"target\":{\"@type\":\"EntryPoint\",\"urlTemplate\":\"https:\\\/\\\/www.retaildetail.be\\\/nl\\\/?s={search_term_string}\"},\"query-input\":{\"@type\":\"PropertyValueSpecification\",\"valueRequired\":true,\"valueName\":\"search_term_string\"}}],\"inLanguage\":\"fr-FR\"},{\"@type\":\"Organization\",\"@id\":\"https:\\\/\\\/www.retaildetail.be\\\/nl\\\/#organization\",\"name\":\"RetailDetail BE\",\"url\":\"https:\\\/\\\/www.retaildetail.be\\\/nl\\\/\",\"logo\":{\"@type\":\"ImageObject\",\"inLanguage\":\"fr-FR\",\"@id\":\"https:\\\/\\\/www.retaildetail.be\\\/nl\\\/#\\\/schema\\\/logo\\\/image\\\/\",\"url\":\"https:\\\/\\\/www.retaildetail.be\\\/wp-content\\\/uploads\\\/2022\\\/04\\\/logo.svg\",\"contentUrl\":\"https:\\\/\\\/www.retaildetail.be\\\/wp-content\\\/uploads\\\/2022\\\/04\\\/logo.svg\",\"width\":131,\"height\":70,\"caption\":\"RetailDetail BE\"},\"image\":{\"@id\":\"https:\\\/\\\/www.retaildetail.be\\\/nl\\\/#\\\/schema\\\/logo\\\/image\\\/\"}},{\"@type\":\"Person\",\"@id\":\"https:\\\/\\\/www.retaildetail.be\\\/nl\\\/#\\\/schema\\\/person\\\/51aec6069c4416aa2f68b2e4ff3455df\",\"name\":\"Stefan Van Rompaey\",\"image\":{\"@type\":\"ImageObject\",\"inLanguage\":\"fr-FR\",\"@id\":\"https:\\\/\\\/secure.gravatar.com\\\/avatar\\\/fbbb4a80a0f109888b2a5ab8ae255617499ecde533749b3ab2fa6c23b5d65dac?s=96&d=mm&r=g\",\"url\":\"https:\\\/\\\/secure.gravatar.com\\\/avatar\\\/fbbb4a80a0f109888b2a5ab8ae255617499ecde533749b3ab2fa6c23b5d65dac?s=96&d=mm&r=g\",\"contentUrl\":\"https:\\\/\\\/secure.gravatar.com\\\/avatar\\\/fbbb4a80a0f109888b2a5ab8ae255617499ecde533749b3ab2fa6c23b5d65dac?s=96&d=mm&r=g\",\"caption\":\"Stefan Van Rompaey\"},\"url\":\"https:\\\/\\\/www.retaildetail.be\\\/fr\\\/author\\\/stefanvanrompaey\\\/\"}]}<\/script>\n<!-- \/ Yoast SEO plugin. -->","yoast_head_json":{"title":"Vinted vaut d\u00e9j\u00e0 8 milliards d'euros - RetailDetail BE","description":"Apr\u00e8s une lev\u00e9e de fonds de 880 millions d'euros, la plateforme de vente d'occasion Vinted est d\u00e9sormais \u00e9valu\u00e9e \u00e0 8 milliards d'euros.","robots":{"index":"index","follow":"follow","max-snippet":"max-snippet:-1","max-image-preview":"max-image-preview:large","max-video-preview":"max-video-preview:-1"},"canonical":"https:\/\/www.retaildetail.be\/fr\/news\/mode\/vinted-vaut-deja-8-milliards-deuros\/","og_locale":"fr_FR","og_type":"article","og_title":"Vinted vaut d\u00e9j\u00e0 8 milliards d'euros - RetailDetail BE","og_description":"Apr\u00e8s une lev\u00e9e de fonds de 880 millions d'euros, la plateforme de vente d'occasion Vinted est d\u00e9sormais \u00e9valu\u00e9e \u00e0 8 milliards d'euros.","og_url":"https:\/\/www.retaildetail.be\/fr\/news\/mode\/vinted-vaut-deja-8-milliards-deuros\/","og_site_name":"RetailDetail BE","article_published_time":"2026-04-27T14:31:42+00:00","article_modified_time":"2026-04-27T14:31:44+00:00","og_image":[{"width":1000,"height":667,"url":"https:\/\/www.retaildetail.be\/wp-content\/uploads\/2026\/04\/vinted-app-screenshot.jpg","type":"image\/jpeg"}],"author":"Stefan Van Rompaey","twitter_card":"summary_large_image","twitter_misc":{"\u00c9crit par":"Stefan Van Rompaey","Dur\u00e9e de lecture estim\u00e9e":"1 minute"},"schema":{"@context":"https:\/\/schema.org","@graph":[{"@type":"NewsArticle","@id":"https:\/\/www.retaildetail.be\/fr\/news\/mode\/vinted-vaut-deja-8-milliards-deuros\/#article","isPartOf":{"@id":"https:\/\/www.retaildetail.be\/fr\/news\/mode\/vinted-vaut-deja-8-milliards-deuros\/"},"author":{"name":"Stefan Van Rompaey","@id":"https:\/\/www.retaildetail.be\/nl\/#\/schema\/person\/51aec6069c4416aa2f68b2e4ff3455df"},"headline":"Vinted vaut d\u00e9j\u00e0 8 milliards d&rsquo;euros","datePublished":"2026-04-27T14:31:42+00:00","dateModified":"2026-04-27T14:31:44+00:00","mainEntityOfPage":{"@id":"https:\/\/www.retaildetail.be\/fr\/news\/mode\/vinted-vaut-deja-8-milliards-deuros\/"},"wordCount":222,"publisher":{"@id":"https:\/\/www.retaildetail.be\/nl\/#organization"},"image":{"@id":"https:\/\/www.retaildetail.be\/fr\/news\/mode\/vinted-vaut-deja-8-milliards-deuros\/#primaryimage"},"thumbnailUrl":"https:\/\/www.retaildetail.be\/wp-content\/uploads\/2026\/04\/vinted-app-screenshot.jpg","keywords":["Marktplaats"],"articleSection":["Mode","Mode"],"inLanguage":"fr-FR","copyrightYear":"2026","copyrightHolder":{"@id":"https:\/\/www.retaildetail.be\/#organization"}},{"@type":"WebPage","@id":"https:\/\/www.retaildetail.be\/fr\/news\/mode\/vinted-vaut-deja-8-milliards-deuros\/","url":"https:\/\/www.retaildetail.be\/fr\/news\/mode\/vinted-vaut-deja-8-milliards-deuros\/","name":"Vinted vaut d\u00e9j\u00e0 8 milliards d'euros - RetailDetail BE","isPartOf":{"@id":"https:\/\/www.retaildetail.be\/nl\/#website"},"primaryImageOfPage":{"@id":"https:\/\/www.retaildetail.be\/fr\/news\/mode\/vinted-vaut-deja-8-milliards-deuros\/#primaryimage"},"image":{"@id":"https:\/\/www.retaildetail.be\/fr\/news\/mode\/vinted-vaut-deja-8-milliards-deuros\/#primaryimage"},"thumbnailUrl":"https:\/\/www.retaildetail.be\/wp-content\/uploads\/2026\/04\/vinted-app-screenshot.jpg","datePublished":"2026-04-27T14:31:42+00:00","dateModified":"2026-04-27T14:31:44+00:00","description":"Apr\u00e8s une lev\u00e9e de fonds de 880 millions d'euros, la plateforme de vente d'occasion Vinted est d\u00e9sormais \u00e9valu\u00e9e \u00e0 8 milliards d'euros.","breadcrumb":{"@id":"https:\/\/www.retaildetail.be\/fr\/news\/mode\/vinted-vaut-deja-8-milliards-deuros\/#breadcrumb"},"inLanguage":"fr-FR","potentialAction":[{"@type":"ReadAction","target":["https:\/\/www.retaildetail.be\/fr\/news\/mode\/vinted-vaut-deja-8-milliards-deuros\/"]}]},{"@type":"ImageObject","inLanguage":"fr-FR","@id":"https:\/\/www.retaildetail.be\/fr\/news\/mode\/vinted-vaut-deja-8-milliards-deuros\/#primaryimage","url":"https:\/\/www.retaildetail.be\/wp-content\/uploads\/2026\/04\/vinted-app-screenshot.jpg","contentUrl":"https:\/\/www.retaildetail.be\/wp-content\/uploads\/2026\/04\/vinted-app-screenshot.jpg","width":1000,"height":667,"caption":"Shutterstock.com"},{"@type":"BreadcrumbList","@id":"https:\/\/www.retaildetail.be\/fr\/news\/mode\/vinted-vaut-deja-8-milliards-deuros\/#breadcrumb","itemListElement":[{"@type":"ListItem","position":1,"name":"Home","item":"https:\/\/www.retaildetail.be\/fr\/"},{"@type":"ListItem","position":2,"name":"Vinted vaut d\u00e9j\u00e0 8 milliards d&#8217;euros"}]},{"@type":"WebSite","@id":"https:\/\/www.retaildetail.be\/nl\/#website","url":"https:\/\/www.retaildetail.be\/nl\/","name":"RetailDetail BE","description":"News","publisher":{"@id":"https:\/\/www.retaildetail.be\/nl\/#organization"},"potentialAction":[{"@type":"SearchAction","target":{"@type":"EntryPoint","urlTemplate":"https:\/\/www.retaildetail.be\/nl\/?s={search_term_string}"},"query-input":{"@type":"PropertyValueSpecification","valueRequired":true,"valueName":"search_term_string"}}],"inLanguage":"fr-FR"},{"@type":"Organization","@id":"https:\/\/www.retaildetail.be\/nl\/#organization","name":"RetailDetail BE","url":"https:\/\/www.retaildetail.be\/nl\/","logo":{"@type":"ImageObject","inLanguage":"fr-FR","@id":"https:\/\/www.retaildetail.be\/nl\/#\/schema\/logo\/image\/","url":"https:\/\/www.retaildetail.be\/wp-content\/uploads\/2022\/04\/logo.svg","contentUrl":"https:\/\/www.retaildetail.be\/wp-content\/uploads\/2022\/04\/logo.svg","width":131,"height":70,"caption":"RetailDetail BE"},"image":{"@id":"https:\/\/www.retaildetail.be\/nl\/#\/schema\/logo\/image\/"}},{"@type":"Person","@id":"https:\/\/www.retaildetail.be\/nl\/#\/schema\/person\/51aec6069c4416aa2f68b2e4ff3455df","name":"Stefan Van Rompaey","image":{"@type":"ImageObject","inLanguage":"fr-FR","@id":"https:\/\/secure.gravatar.com\/avatar\/fbbb4a80a0f109888b2a5ab8ae255617499ecde533749b3ab2fa6c23b5d65dac?s=96&d=mm&r=g","url":"https:\/\/secure.gravatar.com\/avatar\/fbbb4a80a0f109888b2a5ab8ae255617499ecde533749b3ab2fa6c23b5d65dac?s=96&d=mm&r=g","contentUrl":"https:\/\/secure.gravatar.com\/avatar\/fbbb4a80a0f109888b2a5ab8ae255617499ecde533749b3ab2fa6c23b5d65dac?s=96&d=mm&r=g","caption":"Stefan Van Rompaey"},"url":"https:\/\/www.retaildetail.be\/fr\/author\/stefanvanrompaey\/"}]}},"jetpack_featured_media_url":"https:\/\/www.retaildetail.be\/wp-content\/uploads\/2026\/04\/vinted-app-screenshot.jpg","jetpack_sharing_enabled":true,"_links":{"self":[{"href":"https:\/\/www.retaildetail.be\/fr\/wp-json\/wp\/v2\/posts\/146820","targetHints":{"allow":["GET"]}}],"collection":[{"href":"https:\/\/www.retaildetail.be\/fr\/wp-json\/wp\/v2\/posts"}],"about":[{"href":"https:\/\/www.retaildetail.be\/fr\/wp-json\/wp\/v2\/types\/post"}],"author":[{"embeddable":true,"href":"https:\/\/www.retaildetail.be\/fr\/wp-json\/wp\/v2\/users\/3"}],"replies":[{"embeddable":true,"href":"https:\/\/www.retaildetail.be\/fr\/wp-json\/wp\/v2\/comments?post=146820"}],"version-history":[{"count":1,"href":"https:\/\/www.retaildetail.be\/fr\/wp-json\/wp\/v2\/posts\/146820\/revisions"}],"predecessor-version":[{"id":146822,"href":"https:\/\/www.retaildetail.be\/fr\/wp-json\/wp\/v2\/posts\/146820\/revisions\/146822"}],"wp:featuredmedia":[{"embeddable":true,"href":"https:\/\/www.retaildetail.be\/fr\/wp-json\/wp\/v2\/media\/146821"}],"wp:attachment":[{"href":"https:\/\/www.retaildetail.be\/fr\/wp-json\/wp\/v2\/media?parent=146820"}],"wp:term":[{"taxonomy":"category","embeddable":true,"href":"https:\/\/www.retaildetail.be\/fr\/wp-json\/wp\/v2\/categories?post=146820"},{"taxonomy":"post_tag","embeddable":true,"href":"https:\/\/www.retaildetail.be\/fr\/wp-json\/wp\/v2\/tags?post=146820"},{"taxonomy":"people","embeddable":true,"href":"https:\/\/www.retaildetail.be\/fr\/wp-json\/wp\/v2\/people?post=146820"},{"taxonomy":"extra","embeddable":true,"href":"https:\/\/www.retaildetail.be\/fr\/wp-json\/wp\/v2\/extra?post=146820"},{"taxonomy":"company","embeddable":true,"href":"https:\/\/www.retaildetail.be\/fr\/wp-json\/wp\/v2\/company?post=146820"},{"taxonomy":"topic","embeddable":true,"href":"https:\/\/www.retaildetail.be\/fr\/wp-json\/wp\/v2\/topic?post=146820"},{"taxonomy":"region","embeddable":true,"href":"https:\/\/www.retaildetail.be\/fr\/wp-json\/wp\/v2\/region?post=146820"}],"curies":[{"name":"wp","href":"https:\/\/api.w.org\/{rel}","templated":true}]}}