{"id":146829,"date":"2026-04-28T09:49:36","date_gmt":"2026-04-28T07:49:36","guid":{"rendered":"https:\/\/www.retaildetail.be\/?p=146829"},"modified":"2026-04-28T09:49:38","modified_gmt":"2026-04-28T07:49:38","slug":"nestle-tient-bon-malgre-les-taux-de-change-et-les-rappels","status":"publish","type":"post","link":"https:\/\/www.retaildetail.be\/fr\/news\/food\/nestle-tient-bon-malgre-les-taux-de-change-et-les-rappels\/","title":{"rendered":"Nestl\u00e9 tient bon, malgr\u00e9 les taux de change et les rappels"},"content":{"rendered":"\n<p><strong>Nestl\u00e9 <\/strong>subit de la pression sur son chiffre d&rsquo;affaires en raison de taux de change d\u00e9favorables et des r\u00e9percussions du rappel mondial de produits d&rsquo;alimentation pour b\u00e9b\u00e9s. Le g\u00e9ant des PGC fait n\u00e9anmoins preuve de r\u00e9silience : il a enregistr\u00e9 une croissance sur les march\u00e9s \u00e9mergents, tandis que l&rsquo;Europe et les \u00c9tats-Unis ont affich\u00e9 des performances stables.<\/p>\n\n\n\n<h2 class=\"wp-block-heading\">Des performances stables<\/h2>\n\n\n\n<p>Le chiffre d&rsquo;affaires total d\u00e9clar\u00e9 au premier trimestre s&rsquo;est \u00e9lev\u00e9 \u00e0 21,3 milliards de francs suisses (22,2 milliards d&rsquo;euros), soit une baisse de 5,7 %. Les fluctuations mon\u00e9taires ont pes\u00e9 sur le chiffre d&rsquo;affaires \u00e0 hauteur de 9,3 %. Les march\u00e9s \u00e9mergents ont affich\u00e9 de meilleures performances que les autres, avec une croissance organique de 6,8 % hors Chine. En Europe, la croissance a \u00e9t\u00e9 mod\u00e9r\u00e9e (1,1 %) et l&rsquo;Am\u00e9rique est \u00e9galement rest\u00e9e stable.<\/p>\n\n\n\n<p>Par cat\u00e9gorie, le caf\u00e9, l&rsquo;alimentation et les snacks ont tir\u00e9 les performances. Tous les segments ont enregistr\u00e9 une croissance, \u00e0 l&rsquo;exception, logiquement, de l&rsquo;alimentation pour b\u00e9b\u00e9s. Le <a href=\"https:\/\/www.retaildetail.fr\/news\/food\/la-crise-autour-des-laits-infantiles-setend-des-rappels-chez-danone-et-lactalis\/\" type=\"link\" id=\"https:\/\/www.retaildetail.fr\/news\/food\/la-crise-autour-des-laits-infantiles-setend-des-rappels-chez-danone-et-lactalis\/\">rappel massif de produits a r\u00e9duit la croissance organique<\/a> du trimestre d&rsquo;environ 90 points de base, selon l&rsquo;entreprise.<\/p>\n\n\n\n<h2 class=\"wp-block-heading\">B\u00e9n\u00e9fice pour le deuxi\u00e8me trimestre<\/h2>\n\n\n\n<p>\u00ab Nos performances au premier trimestre montrent que notre strat\u00e9gie interne porte ses fruits \u00bb, a d\u00e9clar\u00e9 Philipp Navratil, PDG de Nestl\u00e9. Ses projets de supprimer pas moins de 16 000 emplois se concr\u00e9tisent entre-temps : en <a href=\"https:\/\/www.retaildetail.fr\/news\/food\/le-plan-de-restructuration-de-nestle-se-concretise-en-france-et-en-allemagne\/\" type=\"link\" id=\"https:\/\/www.retaildetail.fr\/news\/food\/le-plan-de-restructuration-de-nestle-se-concretise-en-france-et-en-allemagne\/\">France, l&rsquo;entreprise pr\u00e9voit de supprimer 180 emplois, en Allemagne, ce chiffre s&rsquo;\u00e9l\u00e8ve \u00e0 259<\/a>.<\/p>\n\n\n\n<p>Pour le reste de l&rsquo;ann\u00e9e, l&rsquo;entreprise vise une croissance organique d&rsquo;environ 3 \u00e0 4 %, compte tenu de l&rsquo;incertitude \u00e9conomique et g\u00e9opolitique mondiale croissante. La rentabilit\u00e9 devrait s&rsquo;am\u00e9liorer, avec une acc\u00e9l\u00e9ration de la croissance au second semestre. \u00ab Forts de la dynamique du premier trimestre, nous continuons \u00e0 mettre en \u0153uvre notre strat\u00e9gie pour renforcer Nestl\u00e9 \u00bb, a ajout\u00e9 Navratil.<\/p>\n","protected":false},"excerpt":{"rendered":"<p>Nestl\u00e9 subit une pression sur son chiffre d&rsquo;affaires en raison de taux de change d\u00e9favorables et des r\u00e9percussions du rappel mondial de produits alimentaires pour b\u00e9b\u00e9s. Le g\u00e9ant des produits de grande consommation fait toutefois preuve de r\u00e9silience : il a enregistr\u00e9 une croissance sur les march\u00e9s \u00e9mergents, tandis que ses performances en Europe et aux \u00c9tats-Unis sont rest\u00e9es stables.<\/p>\n","protected":false},"author":10,"featured_media":146830,"comment_status":"closed","ping_status":"closed","sticky":false,"template":"","format":"standard","meta":{"_acf_changed":false,"inline_featured_image":false,"_jetpack_memberships_contains_paid_content":false,"footnotes":""},"categories":[18,24],"tags":[],"people":[],"extra":[43],"company":[319],"topic":[266],"region":[],"class_list":{"0":"post-146829","1":"post","2":"type-post","3":"status-publish","4":"format-standard","5":"has-post-thumbnail","6":"hentry","7":"category-food","9":"extra-plus","10":"company-nestle","11":"topic-resultats-financiers"},"acf":[],"yoast_head":"<!-- This site is optimized with the Yoast SEO plugin v27.3 - https:\/\/yoast.com\/product\/yoast-seo-wordpress\/ -->\n<title>Nestl\u00e9 tient bon, malgr\u00e9 les taux de change et les rappels - RetailDetail BE<\/title>\n<meta name=\"description\" content=\"Nestl\u00e9 subit de la pression sur son chiffre d&#039;affaires en raison de taux de change d\u00e9favorables et des r\u00e9percussions du rappel mondial.\" \/>\n<meta name=\"robots\" content=\"index, follow, max-snippet:-1, max-image-preview:large, max-video-preview:-1\" \/>\n<link rel=\"canonical\" href=\"https:\/\/www.retaildetail.be\/fr\/news\/food\/nestle-tient-bon-malgre-les-taux-de-change-et-les-rappels\/\" \/>\n<meta property=\"og:locale\" content=\"fr_FR\" \/>\n<meta property=\"og:type\" content=\"article\" \/>\n<meta property=\"og:title\" content=\"Nestl\u00e9 tient bon, malgr\u00e9 les taux de change et les rappels - RetailDetail BE\" \/>\n<meta property=\"og:description\" content=\"Nestl\u00e9 subit de la pression sur son chiffre d&#039;affaires en raison de taux de change d\u00e9favorables et des r\u00e9percussions du rappel mondial.\" \/>\n<meta property=\"og:url\" content=\"https:\/\/www.retaildetail.be\/fr\/news\/food\/nestle-tient-bon-malgre-les-taux-de-change-et-les-rappels\/\" \/>\n<meta property=\"og:site_name\" content=\"RetailDetail BE\" \/>\n<meta property=\"article:published_time\" content=\"2026-04-28T07:49:36+00:00\" \/>\n<meta property=\"article:modified_time\" content=\"2026-04-28T07:49:38+00:00\" \/>\n<meta property=\"og:image\" content=\"https:\/\/www.retaildetail.be\/wp-content\/uploads\/2026\/04\/shutterstock_nestle-nan-1.jpg\" \/>\n\t<meta property=\"og:image:width\" content=\"1000\" \/>\n\t<meta property=\"og:image:height\" content=\"666\" \/>\n\t<meta property=\"og:image:type\" content=\"image\/jpeg\" \/>\n<meta name=\"author\" content=\"Jorg Snoeck\" \/>\n<meta name=\"twitter:card\" content=\"summary_large_image\" \/>\n<meta name=\"twitter:label1\" content=\"\u00c9crit par\" \/>\n\t<meta name=\"twitter:data1\" content=\"Jorg Snoeck\" \/>\n\t<meta name=\"twitter:label2\" content=\"Dur\u00e9e de lecture estim\u00e9e\" \/>\n\t<meta name=\"twitter:data2\" content=\"1 minute\" \/>\n<script type=\"application\/ld+json\" class=\"yoast-schema-graph\">{\"@context\":\"https:\\\/\\\/schema.org\",\"@graph\":[{\"@type\":\"NewsArticle\",\"@id\":\"https:\\\/\\\/www.retaildetail.be\\\/fr\\\/news\\\/food\\\/nestle-tient-bon-malgre-les-taux-de-change-et-les-rappels\\\/#article\",\"isPartOf\":{\"@id\":\"https:\\\/\\\/www.retaildetail.be\\\/fr\\\/news\\\/food\\\/nestle-tient-bon-malgre-les-taux-de-change-et-les-rappels\\\/\"},\"author\":{\"name\":\"Jorg Snoeck\",\"@id\":\"https:\\\/\\\/www.retaildetail.be\\\/nl\\\/#\\\/schema\\\/person\\\/71d9b89376db00e9b1aa8a2841e71a72\"},\"headline\":\"Nestl\u00e9 tient bon, malgr\u00e9 les taux de change et les rappels\",\"datePublished\":\"2026-04-28T07:49:36+00:00\",\"dateModified\":\"2026-04-28T07:49:38+00:00\",\"mainEntityOfPage\":{\"@id\":\"https:\\\/\\\/www.retaildetail.be\\\/fr\\\/news\\\/food\\\/nestle-tient-bon-malgre-les-taux-de-change-et-les-rappels\\\/\"},\"wordCount\":329,\"publisher\":{\"@id\":\"https:\\\/\\\/www.retaildetail.be\\\/nl\\\/#organization\"},\"image\":{\"@id\":\"https:\\\/\\\/www.retaildetail.be\\\/fr\\\/news\\\/food\\\/nestle-tient-bon-malgre-les-taux-de-change-et-les-rappels\\\/#primaryimage\"},\"thumbnailUrl\":\"https:\\\/\\\/www.retaildetail.be\\\/wp-content\\\/uploads\\\/2026\\\/04\\\/shutterstock_nestle-nan-1.jpg\",\"articleSection\":[\"Food\",\"Food\"],\"inLanguage\":\"fr-FR\",\"copyrightYear\":\"2026\",\"copyrightHolder\":{\"@id\":\"https:\\\/\\\/www.retaildetail.be\\\/#organization\"}},{\"@type\":\"WebPage\",\"@id\":\"https:\\\/\\\/www.retaildetail.be\\\/fr\\\/news\\\/food\\\/nestle-tient-bon-malgre-les-taux-de-change-et-les-rappels\\\/\",\"url\":\"https:\\\/\\\/www.retaildetail.be\\\/fr\\\/news\\\/food\\\/nestle-tient-bon-malgre-les-taux-de-change-et-les-rappels\\\/\",\"name\":\"Nestl\u00e9 tient bon, malgr\u00e9 les taux de change et les rappels - RetailDetail BE\",\"isPartOf\":{\"@id\":\"https:\\\/\\\/www.retaildetail.be\\\/nl\\\/#website\"},\"primaryImageOfPage\":{\"@id\":\"https:\\\/\\\/www.retaildetail.be\\\/fr\\\/news\\\/food\\\/nestle-tient-bon-malgre-les-taux-de-change-et-les-rappels\\\/#primaryimage\"},\"image\":{\"@id\":\"https:\\\/\\\/www.retaildetail.be\\\/fr\\\/news\\\/food\\\/nestle-tient-bon-malgre-les-taux-de-change-et-les-rappels\\\/#primaryimage\"},\"thumbnailUrl\":\"https:\\\/\\\/www.retaildetail.be\\\/wp-content\\\/uploads\\\/2026\\\/04\\\/shutterstock_nestle-nan-1.jpg\",\"datePublished\":\"2026-04-28T07:49:36+00:00\",\"dateModified\":\"2026-04-28T07:49:38+00:00\",\"description\":\"Nestl\u00e9 subit de la pression sur son chiffre d'affaires en raison de taux de change d\u00e9favorables et des r\u00e9percussions du rappel mondial.\",\"breadcrumb\":{\"@id\":\"https:\\\/\\\/www.retaildetail.be\\\/fr\\\/news\\\/food\\\/nestle-tient-bon-malgre-les-taux-de-change-et-les-rappels\\\/#breadcrumb\"},\"inLanguage\":\"fr-FR\",\"potentialAction\":[{\"@type\":\"ReadAction\",\"target\":[\"https:\\\/\\\/www.retaildetail.be\\\/fr\\\/news\\\/food\\\/nestle-tient-bon-malgre-les-taux-de-change-et-les-rappels\\\/\"]}]},{\"@type\":\"ImageObject\",\"inLanguage\":\"fr-FR\",\"@id\":\"https:\\\/\\\/www.retaildetail.be\\\/fr\\\/news\\\/food\\\/nestle-tient-bon-malgre-les-taux-de-change-et-les-rappels\\\/#primaryimage\",\"url\":\"https:\\\/\\\/www.retaildetail.be\\\/wp-content\\\/uploads\\\/2026\\\/04\\\/shutterstock_nestle-nan-1.jpg\",\"contentUrl\":\"https:\\\/\\\/www.retaildetail.be\\\/wp-content\\\/uploads\\\/2026\\\/04\\\/shutterstock_nestle-nan-1.jpg\",\"width\":1000,\"height\":666},{\"@type\":\"BreadcrumbList\",\"@id\":\"https:\\\/\\\/www.retaildetail.be\\\/fr\\\/news\\\/food\\\/nestle-tient-bon-malgre-les-taux-de-change-et-les-rappels\\\/#breadcrumb\",\"itemListElement\":[{\"@type\":\"ListItem\",\"position\":1,\"name\":\"Home\",\"item\":\"https:\\\/\\\/www.retaildetail.be\\\/fr\\\/\"},{\"@type\":\"ListItem\",\"position\":2,\"name\":\"Nestl\u00e9 tient bon, malgr\u00e9 les taux de change et les rappels\"}]},{\"@type\":\"WebSite\",\"@id\":\"https:\\\/\\\/www.retaildetail.be\\\/nl\\\/#website\",\"url\":\"https:\\\/\\\/www.retaildetail.be\\\/nl\\\/\",\"name\":\"RetailDetail BE\",\"description\":\"News\",\"publisher\":{\"@id\":\"https:\\\/\\\/www.retaildetail.be\\\/nl\\\/#organization\"},\"potentialAction\":[{\"@type\":\"SearchAction\",\"target\":{\"@type\":\"EntryPoint\",\"urlTemplate\":\"https:\\\/\\\/www.retaildetail.be\\\/nl\\\/?s={search_term_string}\"},\"query-input\":{\"@type\":\"PropertyValueSpecification\",\"valueRequired\":true,\"valueName\":\"search_term_string\"}}],\"inLanguage\":\"fr-FR\"},{\"@type\":\"Organization\",\"@id\":\"https:\\\/\\\/www.retaildetail.be\\\/nl\\\/#organization\",\"name\":\"RetailDetail BE\",\"url\":\"https:\\\/\\\/www.retaildetail.be\\\/nl\\\/\",\"logo\":{\"@type\":\"ImageObject\",\"inLanguage\":\"fr-FR\",\"@id\":\"https:\\\/\\\/www.retaildetail.be\\\/nl\\\/#\\\/schema\\\/logo\\\/image\\\/\",\"url\":\"https:\\\/\\\/www.retaildetail.be\\\/wp-content\\\/uploads\\\/2022\\\/04\\\/logo.svg\",\"contentUrl\":\"https:\\\/\\\/www.retaildetail.be\\\/wp-content\\\/uploads\\\/2022\\\/04\\\/logo.svg\",\"width\":131,\"height\":70,\"caption\":\"RetailDetail BE\"},\"image\":{\"@id\":\"https:\\\/\\\/www.retaildetail.be\\\/nl\\\/#\\\/schema\\\/logo\\\/image\\\/\"}},{\"@type\":\"Person\",\"@id\":\"https:\\\/\\\/www.retaildetail.be\\\/nl\\\/#\\\/schema\\\/person\\\/71d9b89376db00e9b1aa8a2841e71a72\",\"name\":\"Jorg Snoeck\",\"image\":{\"@type\":\"ImageObject\",\"inLanguage\":\"fr-FR\",\"@id\":\"https:\\\/\\\/secure.gravatar.com\\\/avatar\\\/fc1bd94c7d40f2446e6bf778bb34cf9ab000168f63533cec8e072f4ad96ce7f3?s=96&d=mm&r=g\",\"url\":\"https:\\\/\\\/secure.gravatar.com\\\/avatar\\\/fc1bd94c7d40f2446e6bf778bb34cf9ab000168f63533cec8e072f4ad96ce7f3?s=96&d=mm&r=g\",\"contentUrl\":\"https:\\\/\\\/secure.gravatar.com\\\/avatar\\\/fc1bd94c7d40f2446e6bf778bb34cf9ab000168f63533cec8e072f4ad96ce7f3?s=96&d=mm&r=g\",\"caption\":\"Jorg Snoeck\"},\"url\":\"https:\\\/\\\/www.retaildetail.be\\\/fr\\\/author\\\/jorgsnoeck\\\/\"}]}<\/script>\n<!-- \/ Yoast SEO plugin. -->","yoast_head_json":{"title":"Nestl\u00e9 tient bon, malgr\u00e9 les taux de change et les rappels - RetailDetail BE","description":"Nestl\u00e9 subit de la pression sur son chiffre d'affaires en raison de taux de change d\u00e9favorables et des r\u00e9percussions du rappel mondial.","robots":{"index":"index","follow":"follow","max-snippet":"max-snippet:-1","max-image-preview":"max-image-preview:large","max-video-preview":"max-video-preview:-1"},"canonical":"https:\/\/www.retaildetail.be\/fr\/news\/food\/nestle-tient-bon-malgre-les-taux-de-change-et-les-rappels\/","og_locale":"fr_FR","og_type":"article","og_title":"Nestl\u00e9 tient bon, malgr\u00e9 les taux de change et les rappels - RetailDetail BE","og_description":"Nestl\u00e9 subit de la pression sur son chiffre d'affaires en raison de taux de change d\u00e9favorables et des r\u00e9percussions du rappel mondial.","og_url":"https:\/\/www.retaildetail.be\/fr\/news\/food\/nestle-tient-bon-malgre-les-taux-de-change-et-les-rappels\/","og_site_name":"RetailDetail BE","article_published_time":"2026-04-28T07:49:36+00:00","article_modified_time":"2026-04-28T07:49:38+00:00","og_image":[{"width":1000,"height":666,"url":"https:\/\/www.retaildetail.be\/wp-content\/uploads\/2026\/04\/shutterstock_nestle-nan-1.jpg","type":"image\/jpeg"}],"author":"Jorg Snoeck","twitter_card":"summary_large_image","twitter_misc":{"\u00c9crit par":"Jorg Snoeck","Dur\u00e9e de lecture estim\u00e9e":"1 minute"},"schema":{"@context":"https:\/\/schema.org","@graph":[{"@type":"NewsArticle","@id":"https:\/\/www.retaildetail.be\/fr\/news\/food\/nestle-tient-bon-malgre-les-taux-de-change-et-les-rappels\/#article","isPartOf":{"@id":"https:\/\/www.retaildetail.be\/fr\/news\/food\/nestle-tient-bon-malgre-les-taux-de-change-et-les-rappels\/"},"author":{"name":"Jorg Snoeck","@id":"https:\/\/www.retaildetail.be\/nl\/#\/schema\/person\/71d9b89376db00e9b1aa8a2841e71a72"},"headline":"Nestl\u00e9 tient bon, malgr\u00e9 les taux de change et les rappels","datePublished":"2026-04-28T07:49:36+00:00","dateModified":"2026-04-28T07:49:38+00:00","mainEntityOfPage":{"@id":"https:\/\/www.retaildetail.be\/fr\/news\/food\/nestle-tient-bon-malgre-les-taux-de-change-et-les-rappels\/"},"wordCount":329,"publisher":{"@id":"https:\/\/www.retaildetail.be\/nl\/#organization"},"image":{"@id":"https:\/\/www.retaildetail.be\/fr\/news\/food\/nestle-tient-bon-malgre-les-taux-de-change-et-les-rappels\/#primaryimage"},"thumbnailUrl":"https:\/\/www.retaildetail.be\/wp-content\/uploads\/2026\/04\/shutterstock_nestle-nan-1.jpg","articleSection":["Food","Food"],"inLanguage":"fr-FR","copyrightYear":"2026","copyrightHolder":{"@id":"https:\/\/www.retaildetail.be\/#organization"}},{"@type":"WebPage","@id":"https:\/\/www.retaildetail.be\/fr\/news\/food\/nestle-tient-bon-malgre-les-taux-de-change-et-les-rappels\/","url":"https:\/\/www.retaildetail.be\/fr\/news\/food\/nestle-tient-bon-malgre-les-taux-de-change-et-les-rappels\/","name":"Nestl\u00e9 tient bon, malgr\u00e9 les taux de change et les rappels - RetailDetail BE","isPartOf":{"@id":"https:\/\/www.retaildetail.be\/nl\/#website"},"primaryImageOfPage":{"@id":"https:\/\/www.retaildetail.be\/fr\/news\/food\/nestle-tient-bon-malgre-les-taux-de-change-et-les-rappels\/#primaryimage"},"image":{"@id":"https:\/\/www.retaildetail.be\/fr\/news\/food\/nestle-tient-bon-malgre-les-taux-de-change-et-les-rappels\/#primaryimage"},"thumbnailUrl":"https:\/\/www.retaildetail.be\/wp-content\/uploads\/2026\/04\/shutterstock_nestle-nan-1.jpg","datePublished":"2026-04-28T07:49:36+00:00","dateModified":"2026-04-28T07:49:38+00:00","description":"Nestl\u00e9 subit de la pression sur son chiffre d'affaires en raison de taux de change d\u00e9favorables et des r\u00e9percussions du rappel mondial.","breadcrumb":{"@id":"https:\/\/www.retaildetail.be\/fr\/news\/food\/nestle-tient-bon-malgre-les-taux-de-change-et-les-rappels\/#breadcrumb"},"inLanguage":"fr-FR","potentialAction":[{"@type":"ReadAction","target":["https:\/\/www.retaildetail.be\/fr\/news\/food\/nestle-tient-bon-malgre-les-taux-de-change-et-les-rappels\/"]}]},{"@type":"ImageObject","inLanguage":"fr-FR","@id":"https:\/\/www.retaildetail.be\/fr\/news\/food\/nestle-tient-bon-malgre-les-taux-de-change-et-les-rappels\/#primaryimage","url":"https:\/\/www.retaildetail.be\/wp-content\/uploads\/2026\/04\/shutterstock_nestle-nan-1.jpg","contentUrl":"https:\/\/www.retaildetail.be\/wp-content\/uploads\/2026\/04\/shutterstock_nestle-nan-1.jpg","width":1000,"height":666},{"@type":"BreadcrumbList","@id":"https:\/\/www.retaildetail.be\/fr\/news\/food\/nestle-tient-bon-malgre-les-taux-de-change-et-les-rappels\/#breadcrumb","itemListElement":[{"@type":"ListItem","position":1,"name":"Home","item":"https:\/\/www.retaildetail.be\/fr\/"},{"@type":"ListItem","position":2,"name":"Nestl\u00e9 tient bon, malgr\u00e9 les taux de change et les rappels"}]},{"@type":"WebSite","@id":"https:\/\/www.retaildetail.be\/nl\/#website","url":"https:\/\/www.retaildetail.be\/nl\/","name":"RetailDetail BE","description":"News","publisher":{"@id":"https:\/\/www.retaildetail.be\/nl\/#organization"},"potentialAction":[{"@type":"SearchAction","target":{"@type":"EntryPoint","urlTemplate":"https:\/\/www.retaildetail.be\/nl\/?s={search_term_string}"},"query-input":{"@type":"PropertyValueSpecification","valueRequired":true,"valueName":"search_term_string"}}],"inLanguage":"fr-FR"},{"@type":"Organization","@id":"https:\/\/www.retaildetail.be\/nl\/#organization","name":"RetailDetail BE","url":"https:\/\/www.retaildetail.be\/nl\/","logo":{"@type":"ImageObject","inLanguage":"fr-FR","@id":"https:\/\/www.retaildetail.be\/nl\/#\/schema\/logo\/image\/","url":"https:\/\/www.retaildetail.be\/wp-content\/uploads\/2022\/04\/logo.svg","contentUrl":"https:\/\/www.retaildetail.be\/wp-content\/uploads\/2022\/04\/logo.svg","width":131,"height":70,"caption":"RetailDetail BE"},"image":{"@id":"https:\/\/www.retaildetail.be\/nl\/#\/schema\/logo\/image\/"}},{"@type":"Person","@id":"https:\/\/www.retaildetail.be\/nl\/#\/schema\/person\/71d9b89376db00e9b1aa8a2841e71a72","name":"Jorg Snoeck","image":{"@type":"ImageObject","inLanguage":"fr-FR","@id":"https:\/\/secure.gravatar.com\/avatar\/fc1bd94c7d40f2446e6bf778bb34cf9ab000168f63533cec8e072f4ad96ce7f3?s=96&d=mm&r=g","url":"https:\/\/secure.gravatar.com\/avatar\/fc1bd94c7d40f2446e6bf778bb34cf9ab000168f63533cec8e072f4ad96ce7f3?s=96&d=mm&r=g","contentUrl":"https:\/\/secure.gravatar.com\/avatar\/fc1bd94c7d40f2446e6bf778bb34cf9ab000168f63533cec8e072f4ad96ce7f3?s=96&d=mm&r=g","caption":"Jorg Snoeck"},"url":"https:\/\/www.retaildetail.be\/fr\/author\/jorgsnoeck\/"}]}},"jetpack_featured_media_url":"https:\/\/www.retaildetail.be\/wp-content\/uploads\/2026\/04\/shutterstock_nestle-nan-1.jpg","jetpack_sharing_enabled":true,"_links":{"self":[{"href":"https:\/\/www.retaildetail.be\/fr\/wp-json\/wp\/v2\/posts\/146829","targetHints":{"allow":["GET"]}}],"collection":[{"href":"https:\/\/www.retaildetail.be\/fr\/wp-json\/wp\/v2\/posts"}],"about":[{"href":"https:\/\/www.retaildetail.be\/fr\/wp-json\/wp\/v2\/types\/post"}],"author":[{"embeddable":true,"href":"https:\/\/www.retaildetail.be\/fr\/wp-json\/wp\/v2\/users\/10"}],"replies":[{"embeddable":true,"href":"https:\/\/www.retaildetail.be\/fr\/wp-json\/wp\/v2\/comments?post=146829"}],"version-history":[{"count":1,"href":"https:\/\/www.retaildetail.be\/fr\/wp-json\/wp\/v2\/posts\/146829\/revisions"}],"predecessor-version":[{"id":146832,"href":"https:\/\/www.retaildetail.be\/fr\/wp-json\/wp\/v2\/posts\/146829\/revisions\/146832"}],"wp:featuredmedia":[{"embeddable":true,"href":"https:\/\/www.retaildetail.be\/fr\/wp-json\/wp\/v2\/media\/146830"}],"wp:attachment":[{"href":"https:\/\/www.retaildetail.be\/fr\/wp-json\/wp\/v2\/media?parent=146829"}],"wp:term":[{"taxonomy":"category","embeddable":true,"href":"https:\/\/www.retaildetail.be\/fr\/wp-json\/wp\/v2\/categories?post=146829"},{"taxonomy":"post_tag","embeddable":true,"href":"https:\/\/www.retaildetail.be\/fr\/wp-json\/wp\/v2\/tags?post=146829"},{"taxonomy":"people","embeddable":true,"href":"https:\/\/www.retaildetail.be\/fr\/wp-json\/wp\/v2\/people?post=146829"},{"taxonomy":"extra","embeddable":true,"href":"https:\/\/www.retaildetail.be\/fr\/wp-json\/wp\/v2\/extra?post=146829"},{"taxonomy":"company","embeddable":true,"href":"https:\/\/www.retaildetail.be\/fr\/wp-json\/wp\/v2\/company?post=146829"},{"taxonomy":"topic","embeddable":true,"href":"https:\/\/www.retaildetail.be\/fr\/wp-json\/wp\/v2\/topic?post=146829"},{"taxonomy":"region","embeddable":true,"href":"https:\/\/www.retaildetail.be\/fr\/wp-json\/wp\/v2\/region?post=146829"}],"curies":[{"name":"wp","href":"https:\/\/api.w.org\/{rel}","templated":true}]}}