{"id":146835,"date":"2026-04-28T10:50:41","date_gmt":"2026-04-28T08:50:41","guid":{"rendered":"https:\/\/www.retaildetail.be\/?p=146835"},"modified":"2026-04-28T10:50:42","modified_gmt":"2026-04-28T08:50:42","slug":"claires-ferme-ses-magasins-au-royaume-uni-et-en-irlande","status":"publish","type":"post","link":"https:\/\/www.retaildetail.be\/fr\/news\/mode\/claires-ferme-ses-magasins-au-royaume-uni-et-en-irlande\/","title":{"rendered":"Claire\u2019s ferme ses magasins au Royaume-Uni et en Irlande"},"content":{"rendered":"\n<p>La cha\u00eene d&rsquo;accessoires et de bijoux <strong>Claire&rsquo;s <\/strong>jette<strong> <\/strong>d\u00e9sormais l&rsquo;\u00e9ponge au Royaume-Uni et en Irlande. Au total, 154 magasins ferment leurs portes et 1 300 emplois sont supprim\u00e9s. Auparavant, les filiales belge, espagnole et n\u00e9erlandaise avaient \u00e9galement fait faillite.<\/p>\n\n\n\n<h2 class=\"wp-block-heading\">Chiffre d&rsquo;affaires en chute libre<\/h2>\n\n\n\n<p>Claire&rsquo;s s&rsquo;est implant\u00e9e en Europe en 1996 gr\u00e2ce au rachat de la cha\u00eene britannique <strong>Bow Jangles<\/strong>. Ce qui avait commenc\u00e9 comme une expansion r\u00e9ussie s&rsquo;est transform\u00e9 en un lent d\u00e9clin. Apr\u00e8s une premi\u00e8re demande de mise en faillite aux \u00c9tats-Unis en 2018 et une deuxi\u00e8me en ao\u00fbt 2025, la situation \u00e9tait devenue intenable. <strong>Modella Capital<\/strong>, un groupe d&rsquo;investissement qui avait auparavant sauv\u00e9 une partie de la cha\u00eene, <a href=\"https:\/\/www.retaildetail.eu\/news\/fashion\/2575-jobs-are-at-risk-at-claires-and-tofs\/\">n&rsquo;a pas pu enrayer la baisse du chiffre d&rsquo;affaires<\/a>.<\/p>\n\n\n\n<p>La filiale n\u00e9erlandaise de Claire\u2019s a \u00e9t\u00e9 d\u00e9clar\u00e9e en faillite l\u2019ann\u00e9e derni\u00e8re, tout comme la filiale espagnole. <a href=\"https:\/\/www.retaildetail.eu\/news\/fashion\/claires-files-for-bankruptcy-in-belgium\/\">Le rideau est d\u00e9j\u00e0 tomb\u00e9<\/a> sur la filiale belge en ao\u00fbt 2025. C\u2019est maintenant au tour du Royaume-Uni et de l\u2019Irlande. Tous les magasins en propre ferment aujourd\u2019hui et les employ\u00e9s ont \u00e9t\u00e9 inform\u00e9s de leur licenciement. La cha\u00eene, autrefois tr\u00e8s appr\u00e9ci\u00e9e des adolescentes, n\u2019a pas pu tenir plus longtemps face \u00e0 la concurrence en ligne d\u2019Amazon, Temu et Shein.<\/p>\n\n\n\n<h2 class=\"wp-block-heading\">Y a-t-il encore un avenir ?<\/h2>\n\n\n\n<p>Mais tout n&rsquo;est pas encore perdu. Les 356 concessions dans les magasins britanniques, principalement dans les supermarch\u00e9s Asda, ainsi que le si\u00e8ge social de Claire\u2019s au Royaume-Uni restent (pour l&rsquo;instant) en activit\u00e9. Par ailleurs, l\u2019entrepreneur fran\u00e7ais Julien Jarjoura, qui d\u00e9tient les droits sur la marque Claire\u2019s dans plusieurs pays europ\u00e9ens, serait en pourparlers avec des bailleurs afin de conclure de nouveaux baux pour certains sites. Un red\u00e9marrage \u00e0 \u00e9chelle r\u00e9duite pourrait donc \u00eatre envisag\u00e9.<\/p>\n\n\n\n<p>En France, des d\u00e9taillants fran\u00e7ais et espagnols, dont la cha\u00eene concurrente <strong>June<\/strong>, avaient d\u00e9j\u00e0 rachet\u00e9 certaines parties de la cha\u00eene, permettant ainsi de pr\u00e9server plusieurs centaines d\u2019emplois et <a href=\"https:\/\/www.retaildetail.be\/fr\/news\/mode\/claire-partiellement-sauvee-en-france\/\" type=\"link\" id=\"https:\/\/www.retaildetail.be\/fr\/news\/mode\/claire-partiellement-sauvee-en-france\/\">des dizaines de magasins<\/a>.<\/p>\n","protected":false},"excerpt":{"rendered":"<p>La cha\u00eene d&rsquo;accessoires et de bijoux Claire&rsquo;s jette d\u00e9sormais l&rsquo;\u00e9ponge au Royaume-Uni et en Irlande. Au total, 154 magasins fermeront leurs portes et 1 300 emplois seront supprim\u00e9s. Auparavant, les filiales belge et n\u00e9erlandaise avaient d\u00e9j\u00e0 fait faillite.<\/p>\n","protected":false},"author":5,"featured_media":146836,"comment_status":"closed","ping_status":"closed","sticky":false,"template":"","format":"standard","meta":{"_acf_changed":false,"inline_featured_image":false,"_jetpack_memberships_contains_paid_content":false,"footnotes":""},"categories":[14,22],"tags":[],"people":[],"extra":[43],"company":[1726],"topic":[1085],"region":[1659,381],"class_list":{"0":"post-146835","1":"post","2":"type-post","3":"status-publish","4":"format-standard","5":"has-post-thumbnail","6":"hentry","7":"category-mode","9":"extra-plus","10":"company-claires","11":"topic-faillite","12":"region-irlande","13":"region-royaume-uni"},"acf":[],"yoast_head":"<!-- This site is optimized with the Yoast SEO plugin v27.3 - https:\/\/yoast.com\/product\/yoast-seo-wordpress\/ -->\n<title>Claire\u2019s ferme ses magasins au Royaume-Uni et en Irlande - RetailDetail BE<\/title>\n<meta name=\"description\" content=\"Claire&#039;s jette d\u00e9sormais l&#039;\u00e9ponge au Royaume-Uni et en Irlande. Au total, 154 magasins ferment leurs portes et 1 300 emplois sont supprim\u00e9s.\" \/>\n<meta name=\"robots\" content=\"index, follow, max-snippet:-1, max-image-preview:large, max-video-preview:-1\" \/>\n<link rel=\"canonical\" href=\"https:\/\/www.retaildetail.be\/fr\/news\/mode\/claires-ferme-ses-magasins-au-royaume-uni-et-en-irlande\/\" \/>\n<meta property=\"og:locale\" content=\"fr_FR\" \/>\n<meta property=\"og:type\" content=\"article\" \/>\n<meta property=\"og:title\" content=\"Claire\u2019s ferme ses magasins au Royaume-Uni et en Irlande - RetailDetail BE\" \/>\n<meta property=\"og:description\" content=\"Claire&#039;s jette d\u00e9sormais l&#039;\u00e9ponge au Royaume-Uni et en Irlande. Au total, 154 magasins ferment leurs portes et 1 300 emplois sont supprim\u00e9s.\" \/>\n<meta property=\"og:url\" content=\"https:\/\/www.retaildetail.be\/fr\/news\/mode\/claires-ferme-ses-magasins-au-royaume-uni-et-en-irlande\/\" \/>\n<meta property=\"og:site_name\" content=\"RetailDetail BE\" \/>\n<meta property=\"article:published_time\" content=\"2026-04-28T08:50:41+00:00\" \/>\n<meta property=\"article:modified_time\" content=\"2026-04-28T08:50:42+00:00\" \/>\n<meta property=\"og:image\" content=\"https:\/\/www.retaildetail.be\/wp-content\/uploads\/2026\/04\/shutterstock_claires-1-1-1.jpg\" \/>\n\t<meta property=\"og:image:width\" content=\"1000\" \/>\n\t<meta property=\"og:image:height\" content=\"667\" \/>\n\t<meta property=\"og:image:type\" content=\"image\/jpeg\" \/>\n<meta name=\"author\" content=\"Pauline Neerman\" \/>\n<meta name=\"twitter:card\" content=\"summary_large_image\" \/>\n<meta name=\"twitter:label1\" content=\"\u00c9crit par\" \/>\n\t<meta name=\"twitter:data1\" content=\"Pauline Neerman\" \/>\n\t<meta name=\"twitter:label2\" content=\"Dur\u00e9e de lecture estim\u00e9e\" \/>\n\t<meta name=\"twitter:data2\" content=\"2 minutes\" \/>\n<script type=\"application\/ld+json\" class=\"yoast-schema-graph\">{\"@context\":\"https:\\\/\\\/schema.org\",\"@graph\":[{\"@type\":\"NewsArticle\",\"@id\":\"https:\\\/\\\/www.retaildetail.be\\\/fr\\\/news\\\/mode\\\/claires-ferme-ses-magasins-au-royaume-uni-et-en-irlande\\\/#article\",\"isPartOf\":{\"@id\":\"https:\\\/\\\/www.retaildetail.be\\\/fr\\\/news\\\/mode\\\/claires-ferme-ses-magasins-au-royaume-uni-et-en-irlande\\\/\"},\"author\":{\"name\":\"Pauline Neerman\",\"@id\":\"https:\\\/\\\/www.retaildetail.be\\\/nl\\\/#\\\/schema\\\/person\\\/66b54803fa10759039079458ea89e307\"},\"headline\":\"Claire\u2019s ferme ses magasins au Royaume-Uni et en Irlande\",\"datePublished\":\"2026-04-28T08:50:41+00:00\",\"dateModified\":\"2026-04-28T08:50:42+00:00\",\"mainEntityOfPage\":{\"@id\":\"https:\\\/\\\/www.retaildetail.be\\\/fr\\\/news\\\/mode\\\/claires-ferme-ses-magasins-au-royaume-uni-et-en-irlande\\\/\"},\"wordCount\":371,\"publisher\":{\"@id\":\"https:\\\/\\\/www.retaildetail.be\\\/nl\\\/#organization\"},\"image\":{\"@id\":\"https:\\\/\\\/www.retaildetail.be\\\/fr\\\/news\\\/mode\\\/claires-ferme-ses-magasins-au-royaume-uni-et-en-irlande\\\/#primaryimage\"},\"thumbnailUrl\":\"https:\\\/\\\/www.retaildetail.be\\\/wp-content\\\/uploads\\\/2026\\\/04\\\/shutterstock_claires-1-1-1.jpg\",\"articleSection\":[\"Mode\",\"Mode\"],\"inLanguage\":\"fr-FR\",\"copyrightYear\":\"2026\",\"copyrightHolder\":{\"@id\":\"https:\\\/\\\/www.retaildetail.be\\\/#organization\"}},{\"@type\":\"WebPage\",\"@id\":\"https:\\\/\\\/www.retaildetail.be\\\/fr\\\/news\\\/mode\\\/claires-ferme-ses-magasins-au-royaume-uni-et-en-irlande\\\/\",\"url\":\"https:\\\/\\\/www.retaildetail.be\\\/fr\\\/news\\\/mode\\\/claires-ferme-ses-magasins-au-royaume-uni-et-en-irlande\\\/\",\"name\":\"Claire\u2019s ferme ses magasins au Royaume-Uni et en Irlande - RetailDetail BE\",\"isPartOf\":{\"@id\":\"https:\\\/\\\/www.retaildetail.be\\\/nl\\\/#website\"},\"primaryImageOfPage\":{\"@id\":\"https:\\\/\\\/www.retaildetail.be\\\/fr\\\/news\\\/mode\\\/claires-ferme-ses-magasins-au-royaume-uni-et-en-irlande\\\/#primaryimage\"},\"image\":{\"@id\":\"https:\\\/\\\/www.retaildetail.be\\\/fr\\\/news\\\/mode\\\/claires-ferme-ses-magasins-au-royaume-uni-et-en-irlande\\\/#primaryimage\"},\"thumbnailUrl\":\"https:\\\/\\\/www.retaildetail.be\\\/wp-content\\\/uploads\\\/2026\\\/04\\\/shutterstock_claires-1-1-1.jpg\",\"datePublished\":\"2026-04-28T08:50:41+00:00\",\"dateModified\":\"2026-04-28T08:50:42+00:00\",\"description\":\"Claire's jette d\u00e9sormais l'\u00e9ponge au Royaume-Uni et en Irlande. Au total, 154 magasins ferment leurs portes et 1 300 emplois sont supprim\u00e9s.\",\"breadcrumb\":{\"@id\":\"https:\\\/\\\/www.retaildetail.be\\\/fr\\\/news\\\/mode\\\/claires-ferme-ses-magasins-au-royaume-uni-et-en-irlande\\\/#breadcrumb\"},\"inLanguage\":\"fr-FR\",\"potentialAction\":[{\"@type\":\"ReadAction\",\"target\":[\"https:\\\/\\\/www.retaildetail.be\\\/fr\\\/news\\\/mode\\\/claires-ferme-ses-magasins-au-royaume-uni-et-en-irlande\\\/\"]}]},{\"@type\":\"ImageObject\",\"inLanguage\":\"fr-FR\",\"@id\":\"https:\\\/\\\/www.retaildetail.be\\\/fr\\\/news\\\/mode\\\/claires-ferme-ses-magasins-au-royaume-uni-et-en-irlande\\\/#primaryimage\",\"url\":\"https:\\\/\\\/www.retaildetail.be\\\/wp-content\\\/uploads\\\/2026\\\/04\\\/shutterstock_claires-1-1-1.jpg\",\"contentUrl\":\"https:\\\/\\\/www.retaildetail.be\\\/wp-content\\\/uploads\\\/2026\\\/04\\\/shutterstock_claires-1-1-1.jpg\",\"width\":1000,\"height\":667,\"caption\":\"\u00a9 defotoberg \\\/ Shutterstock.com\"},{\"@type\":\"BreadcrumbList\",\"@id\":\"https:\\\/\\\/www.retaildetail.be\\\/fr\\\/news\\\/mode\\\/claires-ferme-ses-magasins-au-royaume-uni-et-en-irlande\\\/#breadcrumb\",\"itemListElement\":[{\"@type\":\"ListItem\",\"position\":1,\"name\":\"Home\",\"item\":\"https:\\\/\\\/www.retaildetail.be\\\/fr\\\/\"},{\"@type\":\"ListItem\",\"position\":2,\"name\":\"Claire\u2019s ferme ses magasins au Royaume-Uni et en Irlande\"}]},{\"@type\":\"WebSite\",\"@id\":\"https:\\\/\\\/www.retaildetail.be\\\/nl\\\/#website\",\"url\":\"https:\\\/\\\/www.retaildetail.be\\\/nl\\\/\",\"name\":\"RetailDetail BE\",\"description\":\"News\",\"publisher\":{\"@id\":\"https:\\\/\\\/www.retaildetail.be\\\/nl\\\/#organization\"},\"potentialAction\":[{\"@type\":\"SearchAction\",\"target\":{\"@type\":\"EntryPoint\",\"urlTemplate\":\"https:\\\/\\\/www.retaildetail.be\\\/nl\\\/?s={search_term_string}\"},\"query-input\":{\"@type\":\"PropertyValueSpecification\",\"valueRequired\":true,\"valueName\":\"search_term_string\"}}],\"inLanguage\":\"fr-FR\"},{\"@type\":\"Organization\",\"@id\":\"https:\\\/\\\/www.retaildetail.be\\\/nl\\\/#organization\",\"name\":\"RetailDetail BE\",\"url\":\"https:\\\/\\\/www.retaildetail.be\\\/nl\\\/\",\"logo\":{\"@type\":\"ImageObject\",\"inLanguage\":\"fr-FR\",\"@id\":\"https:\\\/\\\/www.retaildetail.be\\\/nl\\\/#\\\/schema\\\/logo\\\/image\\\/\",\"url\":\"https:\\\/\\\/www.retaildetail.be\\\/wp-content\\\/uploads\\\/2022\\\/04\\\/logo.svg\",\"contentUrl\":\"https:\\\/\\\/www.retaildetail.be\\\/wp-content\\\/uploads\\\/2022\\\/04\\\/logo.svg\",\"width\":131,\"height\":70,\"caption\":\"RetailDetail BE\"},\"image\":{\"@id\":\"https:\\\/\\\/www.retaildetail.be\\\/nl\\\/#\\\/schema\\\/logo\\\/image\\\/\"}},{\"@type\":\"Person\",\"@id\":\"https:\\\/\\\/www.retaildetail.be\\\/nl\\\/#\\\/schema\\\/person\\\/66b54803fa10759039079458ea89e307\",\"name\":\"Pauline Neerman\",\"image\":{\"@type\":\"ImageObject\",\"inLanguage\":\"fr-FR\",\"@id\":\"https:\\\/\\\/secure.gravatar.com\\\/avatar\\\/58db22aee589a691f9603e5765ac06010427a923f9b2728b951eb7fe27214d70?s=96&d=mm&r=g\",\"url\":\"https:\\\/\\\/secure.gravatar.com\\\/avatar\\\/58db22aee589a691f9603e5765ac06010427a923f9b2728b951eb7fe27214d70?s=96&d=mm&r=g\",\"contentUrl\":\"https:\\\/\\\/secure.gravatar.com\\\/avatar\\\/58db22aee589a691f9603e5765ac06010427a923f9b2728b951eb7fe27214d70?s=96&d=mm&r=g\",\"caption\":\"Pauline Neerman\"},\"url\":\"https:\\\/\\\/www.retaildetail.be\\\/fr\\\/author\\\/paulineneerman\\\/\"}]}<\/script>\n<!-- \/ Yoast SEO plugin. -->","yoast_head_json":{"title":"Claire\u2019s ferme ses magasins au Royaume-Uni et en Irlande - RetailDetail BE","description":"Claire's jette d\u00e9sormais l'\u00e9ponge au Royaume-Uni et en Irlande. Au total, 154 magasins ferment leurs portes et 1 300 emplois sont supprim\u00e9s.","robots":{"index":"index","follow":"follow","max-snippet":"max-snippet:-1","max-image-preview":"max-image-preview:large","max-video-preview":"max-video-preview:-1"},"canonical":"https:\/\/www.retaildetail.be\/fr\/news\/mode\/claires-ferme-ses-magasins-au-royaume-uni-et-en-irlande\/","og_locale":"fr_FR","og_type":"article","og_title":"Claire\u2019s ferme ses magasins au Royaume-Uni et en Irlande - RetailDetail BE","og_description":"Claire's jette d\u00e9sormais l'\u00e9ponge au Royaume-Uni et en Irlande. Au total, 154 magasins ferment leurs portes et 1 300 emplois sont supprim\u00e9s.","og_url":"https:\/\/www.retaildetail.be\/fr\/news\/mode\/claires-ferme-ses-magasins-au-royaume-uni-et-en-irlande\/","og_site_name":"RetailDetail BE","article_published_time":"2026-04-28T08:50:41+00:00","article_modified_time":"2026-04-28T08:50:42+00:00","og_image":[{"width":1000,"height":667,"url":"https:\/\/www.retaildetail.be\/wp-content\/uploads\/2026\/04\/shutterstock_claires-1-1-1.jpg","type":"image\/jpeg"}],"author":"Pauline Neerman","twitter_card":"summary_large_image","twitter_misc":{"\u00c9crit par":"Pauline Neerman","Dur\u00e9e de lecture estim\u00e9e":"2 minutes"},"schema":{"@context":"https:\/\/schema.org","@graph":[{"@type":"NewsArticle","@id":"https:\/\/www.retaildetail.be\/fr\/news\/mode\/claires-ferme-ses-magasins-au-royaume-uni-et-en-irlande\/#article","isPartOf":{"@id":"https:\/\/www.retaildetail.be\/fr\/news\/mode\/claires-ferme-ses-magasins-au-royaume-uni-et-en-irlande\/"},"author":{"name":"Pauline Neerman","@id":"https:\/\/www.retaildetail.be\/nl\/#\/schema\/person\/66b54803fa10759039079458ea89e307"},"headline":"Claire\u2019s ferme ses magasins au Royaume-Uni et en Irlande","datePublished":"2026-04-28T08:50:41+00:00","dateModified":"2026-04-28T08:50:42+00:00","mainEntityOfPage":{"@id":"https:\/\/www.retaildetail.be\/fr\/news\/mode\/claires-ferme-ses-magasins-au-royaume-uni-et-en-irlande\/"},"wordCount":371,"publisher":{"@id":"https:\/\/www.retaildetail.be\/nl\/#organization"},"image":{"@id":"https:\/\/www.retaildetail.be\/fr\/news\/mode\/claires-ferme-ses-magasins-au-royaume-uni-et-en-irlande\/#primaryimage"},"thumbnailUrl":"https:\/\/www.retaildetail.be\/wp-content\/uploads\/2026\/04\/shutterstock_claires-1-1-1.jpg","articleSection":["Mode","Mode"],"inLanguage":"fr-FR","copyrightYear":"2026","copyrightHolder":{"@id":"https:\/\/www.retaildetail.be\/#organization"}},{"@type":"WebPage","@id":"https:\/\/www.retaildetail.be\/fr\/news\/mode\/claires-ferme-ses-magasins-au-royaume-uni-et-en-irlande\/","url":"https:\/\/www.retaildetail.be\/fr\/news\/mode\/claires-ferme-ses-magasins-au-royaume-uni-et-en-irlande\/","name":"Claire\u2019s ferme ses magasins au Royaume-Uni et en Irlande - RetailDetail BE","isPartOf":{"@id":"https:\/\/www.retaildetail.be\/nl\/#website"},"primaryImageOfPage":{"@id":"https:\/\/www.retaildetail.be\/fr\/news\/mode\/claires-ferme-ses-magasins-au-royaume-uni-et-en-irlande\/#primaryimage"},"image":{"@id":"https:\/\/www.retaildetail.be\/fr\/news\/mode\/claires-ferme-ses-magasins-au-royaume-uni-et-en-irlande\/#primaryimage"},"thumbnailUrl":"https:\/\/www.retaildetail.be\/wp-content\/uploads\/2026\/04\/shutterstock_claires-1-1-1.jpg","datePublished":"2026-04-28T08:50:41+00:00","dateModified":"2026-04-28T08:50:42+00:00","description":"Claire's jette d\u00e9sormais l'\u00e9ponge au Royaume-Uni et en Irlande. Au total, 154 magasins ferment leurs portes et 1 300 emplois sont supprim\u00e9s.","breadcrumb":{"@id":"https:\/\/www.retaildetail.be\/fr\/news\/mode\/claires-ferme-ses-magasins-au-royaume-uni-et-en-irlande\/#breadcrumb"},"inLanguage":"fr-FR","potentialAction":[{"@type":"ReadAction","target":["https:\/\/www.retaildetail.be\/fr\/news\/mode\/claires-ferme-ses-magasins-au-royaume-uni-et-en-irlande\/"]}]},{"@type":"ImageObject","inLanguage":"fr-FR","@id":"https:\/\/www.retaildetail.be\/fr\/news\/mode\/claires-ferme-ses-magasins-au-royaume-uni-et-en-irlande\/#primaryimage","url":"https:\/\/www.retaildetail.be\/wp-content\/uploads\/2026\/04\/shutterstock_claires-1-1-1.jpg","contentUrl":"https:\/\/www.retaildetail.be\/wp-content\/uploads\/2026\/04\/shutterstock_claires-1-1-1.jpg","width":1000,"height":667,"caption":"\u00a9 defotoberg \/ Shutterstock.com"},{"@type":"BreadcrumbList","@id":"https:\/\/www.retaildetail.be\/fr\/news\/mode\/claires-ferme-ses-magasins-au-royaume-uni-et-en-irlande\/#breadcrumb","itemListElement":[{"@type":"ListItem","position":1,"name":"Home","item":"https:\/\/www.retaildetail.be\/fr\/"},{"@type":"ListItem","position":2,"name":"Claire\u2019s ferme ses magasins au Royaume-Uni et en Irlande"}]},{"@type":"WebSite","@id":"https:\/\/www.retaildetail.be\/nl\/#website","url":"https:\/\/www.retaildetail.be\/nl\/","name":"RetailDetail BE","description":"News","publisher":{"@id":"https:\/\/www.retaildetail.be\/nl\/#organization"},"potentialAction":[{"@type":"SearchAction","target":{"@type":"EntryPoint","urlTemplate":"https:\/\/www.retaildetail.be\/nl\/?s={search_term_string}"},"query-input":{"@type":"PropertyValueSpecification","valueRequired":true,"valueName":"search_term_string"}}],"inLanguage":"fr-FR"},{"@type":"Organization","@id":"https:\/\/www.retaildetail.be\/nl\/#organization","name":"RetailDetail BE","url":"https:\/\/www.retaildetail.be\/nl\/","logo":{"@type":"ImageObject","inLanguage":"fr-FR","@id":"https:\/\/www.retaildetail.be\/nl\/#\/schema\/logo\/image\/","url":"https:\/\/www.retaildetail.be\/wp-content\/uploads\/2022\/04\/logo.svg","contentUrl":"https:\/\/www.retaildetail.be\/wp-content\/uploads\/2022\/04\/logo.svg","width":131,"height":70,"caption":"RetailDetail BE"},"image":{"@id":"https:\/\/www.retaildetail.be\/nl\/#\/schema\/logo\/image\/"}},{"@type":"Person","@id":"https:\/\/www.retaildetail.be\/nl\/#\/schema\/person\/66b54803fa10759039079458ea89e307","name":"Pauline Neerman","image":{"@type":"ImageObject","inLanguage":"fr-FR","@id":"https:\/\/secure.gravatar.com\/avatar\/58db22aee589a691f9603e5765ac06010427a923f9b2728b951eb7fe27214d70?s=96&d=mm&r=g","url":"https:\/\/secure.gravatar.com\/avatar\/58db22aee589a691f9603e5765ac06010427a923f9b2728b951eb7fe27214d70?s=96&d=mm&r=g","contentUrl":"https:\/\/secure.gravatar.com\/avatar\/58db22aee589a691f9603e5765ac06010427a923f9b2728b951eb7fe27214d70?s=96&d=mm&r=g","caption":"Pauline Neerman"},"url":"https:\/\/www.retaildetail.be\/fr\/author\/paulineneerman\/"}]}},"jetpack_featured_media_url":"https:\/\/www.retaildetail.be\/wp-content\/uploads\/2026\/04\/shutterstock_claires-1-1-1.jpg","jetpack_sharing_enabled":true,"_links":{"self":[{"href":"https:\/\/www.retaildetail.be\/fr\/wp-json\/wp\/v2\/posts\/146835","targetHints":{"allow":["GET"]}}],"collection":[{"href":"https:\/\/www.retaildetail.be\/fr\/wp-json\/wp\/v2\/posts"}],"about":[{"href":"https:\/\/www.retaildetail.be\/fr\/wp-json\/wp\/v2\/types\/post"}],"author":[{"embeddable":true,"href":"https:\/\/www.retaildetail.be\/fr\/wp-json\/wp\/v2\/users\/5"}],"replies":[{"embeddable":true,"href":"https:\/\/www.retaildetail.be\/fr\/wp-json\/wp\/v2\/comments?post=146835"}],"version-history":[{"count":1,"href":"https:\/\/www.retaildetail.be\/fr\/wp-json\/wp\/v2\/posts\/146835\/revisions"}],"predecessor-version":[{"id":146837,"href":"https:\/\/www.retaildetail.be\/fr\/wp-json\/wp\/v2\/posts\/146835\/revisions\/146837"}],"wp:featuredmedia":[{"embeddable":true,"href":"https:\/\/www.retaildetail.be\/fr\/wp-json\/wp\/v2\/media\/146836"}],"wp:attachment":[{"href":"https:\/\/www.retaildetail.be\/fr\/wp-json\/wp\/v2\/media?parent=146835"}],"wp:term":[{"taxonomy":"category","embeddable":true,"href":"https:\/\/www.retaildetail.be\/fr\/wp-json\/wp\/v2\/categories?post=146835"},{"taxonomy":"post_tag","embeddable":true,"href":"https:\/\/www.retaildetail.be\/fr\/wp-json\/wp\/v2\/tags?post=146835"},{"taxonomy":"people","embeddable":true,"href":"https:\/\/www.retaildetail.be\/fr\/wp-json\/wp\/v2\/people?post=146835"},{"taxonomy":"extra","embeddable":true,"href":"https:\/\/www.retaildetail.be\/fr\/wp-json\/wp\/v2\/extra?post=146835"},{"taxonomy":"company","embeddable":true,"href":"https:\/\/www.retaildetail.be\/fr\/wp-json\/wp\/v2\/company?post=146835"},{"taxonomy":"topic","embeddable":true,"href":"https:\/\/www.retaildetail.be\/fr\/wp-json\/wp\/v2\/topic?post=146835"},{"taxonomy":"region","embeddable":true,"href":"https:\/\/www.retaildetail.be\/fr\/wp-json\/wp\/v2\/region?post=146835"}],"curies":[{"name":"wp","href":"https:\/\/api.w.org\/{rel}","templated":true}]}}