{"id":146856,"date":"2026-04-28T14:20:41","date_gmt":"2026-04-28T12:20:41","guid":{"rendered":"https:\/\/www.retaildetail.be\/?p=146856"},"modified":"2026-04-28T14:39:10","modified_gmt":"2026-04-28T12:39:10","slug":"les-negociations-sur-les-prix-avec-les-supermarches-deviendront-inevitables-previent-lindustrie-agroalimentaire","status":"publish","type":"post","link":"https:\/\/www.retaildetail.be\/fr\/news\/food\/les-negociations-sur-les-prix-avec-les-supermarches-deviendront-inevitables-previent-lindustrie-agroalimentaire\/","title":{"rendered":"\u00ab Il sera in\u00e9vitable de ren\u00e9gocier avec les supermarch\u00e9s \u00bb, pr\u00e9vient l&rsquo;industrie agroalimentaire"},"content":{"rendered":"\n<p>Les entreprises alimentaires belges ressentent d\u00e9j\u00e0 les effets de la guerre en Iran. Pour l&rsquo;instant, elles ne r\u00e9percutent pas encore ces co\u00fbts, mais des ren\u00e9gociations avec les cha\u00eenes de supermarch\u00e9s seront bient\u00f4t in\u00e9vitables, pr\u00e9vient Fevia, la f\u00e9d\u00e9ration de l&rsquo;industrie alimentaire.<\/p>\n\n\n\n<h2 class=\"wp-block-heading\">Les achats transfrontaliers se d\u00e9placent<\/h2>\n\n\n\n<p>Bien que le chiffre d&rsquo;affaires de l&rsquo;industrie alimentaire belge ait augment\u00e9 de 2,5 % l&rsquo;ann\u00e9e derni\u00e8re pour atteindre 85,1 milliards d&rsquo;euros \u2013 gr\u00e2ce \u00e0 des volumes en hausse, les prix ayant baiss\u00e9 \u2013, certaines tendances inqui\u00e9tantes se dessinent, comme le montre le rapport \u00e9conomique annuel de Fevia.<\/p>\n\n\n\n<p>La demande int\u00e9rieure stagne, le quatri\u00e8me trimestre a \u00e9t\u00e9 faible. Les achats transfrontaliers, qui repr\u00e9senteront 708 millions d&rsquo;euros en 2025, restent structurellement \u00e9lev\u00e9s malgr\u00e9 une baisse de 5,5 %. On observe des changements dans les habitudes d&rsquo;achat : les consommateurs se rendent moins souvent aux Pays-Bas, o\u00f9 l&rsquo;inflation alimentaire est plus \u00e9lev\u00e9e, et la hausse des accises sur les boissons gazeuses en France n&rsquo;est pas sans effet. Mais les Belges font d\u00e9sormais plus souvent leurs achats en Allemagne et au Luxembourg. La f\u00e9d\u00e9ration s&rsquo;inqui\u00e8te du fait qu&rsquo;un acteur majeur comme <strong>E.Leclerc<\/strong> assure d\u00e9sormais la livraison \u00e0 domicile dans certaines r\u00e9gions de Wallonie \u00e0 des prix fran\u00e7ais.<\/p>\n\n\n\n<p>De plus, la part des produits n\u00e9erlandais dans les supermarch\u00e9s belges a plus que doubl\u00e9 depuis 2010, pour atteindre 16,1 % en 2023, selon les derniers chiffres disponibles. Entre-temps, ce pourcentage est probablement encore bien plus \u00e9lev\u00e9, sous l\u2019effet de la croissance des cha\u00eenes de supermarch\u00e9s n\u00e9erlandaises en Flandre. Au cours de la m\u00eame p\u00e9riode, la part des produits belges a baiss\u00e9 de 67,0 % \u00e0 62,3 %.<\/p>\n\n\n\n<h2 class=\"wp-block-heading\">Les hausses de co\u00fbts ne sont pas encore r\u00e9percut\u00e9es<\/h2>\n\n\n\n<p>Une enqu\u00eate men\u00e9e aupr\u00e8s des membres de Fevia au cours de la premi\u00e8re quinzaine d&rsquo;avril montre que toutes les entreprises subissent d\u00e9j\u00e0 aujourd&rsquo;hui l&rsquo;impact de la guerre en Iran. La hausse des co\u00fbts de transport, d\u2019\u00e9nergie et d\u2019emballage en sont les premi\u00e8res cons\u00e9quences, tout comme l\u2019augmentation des mati\u00e8res premi\u00e8res agricoles. 93 % des entreprises subissent une hausse des co\u00fbts de production, 69 % ne l\u2019ont pas encore r\u00e9percut\u00e9e, 31 % ne l\u2019ont fait que partiellement. Cela p\u00e8se sur la rentabilit\u00e9, les investissements et l\u2019emploi. \u00ab Nous avons connaissance des premi\u00e8res demandes de ren\u00e9gociation des prix d\u2019achat avec la grande distribution alimentaire \u00bb, d\u00e9clare la CEO Ann Wurman. \u00ab Cela deviendra bient\u00f4t in\u00e9vitable. \u00bb<\/p>\n\n\n\n<p>Fevia demande au gouvernement de ne pas augmenter la TVA sur les denr\u00e9es alimentaires, de r\u00e9duire la taxe sur les emballages et les accises, d\u2019introduire une norme fiscale pour les boissons et de r\u00e9duire la taxe sur les d\u00e9chets sauvages. Les co\u00fbts salariaux doivent \u00e9galement rester sous contr\u00f4le, tout comme les co\u00fbts \u00e9nerg\u00e9tiques et les charges administratives.<\/p>\n\n\n\n<p>\u00ab Cela ne concerne pas seulement notre secteur \u00bb, ajoute Mme Wurman. \u00ab Si l&rsquo;industrie alimentaire vacille, c&rsquo;est toute la cha\u00eene qui vacille, de l&rsquo;agriculture \u00e0 la logistique, en passant par la distribution et la restauration. \u00bb<\/p>\n","protected":false},"excerpt":{"rendered":"<p>Les entreprises alimentaires belges ressentent d&rsquo;ores et d\u00e9j\u00e0 les r\u00e9percussions de la guerre en Iran. Pour l&rsquo;instant, elles ne r\u00e9percutent pas encore ces co\u00fbts, mais des ren\u00e9gociations avec les cha\u00eenes de supermarch\u00e9s seront bient\u00f4t in\u00e9vitables, pr\u00e9vient Fevia, la f\u00e9d\u00e9ration de l&rsquo;industrie alimentaire.<\/p>\n","protected":false},"author":3,"featured_media":146857,"comment_status":"closed","ping_status":"closed","sticky":false,"template":"","format":"standard","meta":{"_acf_changed":false,"inline_featured_image":false,"_jetpack_memberships_contains_paid_content":false,"footnotes":""},"categories":[18,24],"tags":[],"people":[],"extra":[43],"company":[],"topic":[242,336],"region":[226],"class_list":{"0":"post-146856","1":"post","2":"type-post","3":"status-publish","4":"format-standard","5":"has-post-thumbnail","6":"hentry","7":"category-food","9":"extra-plus","10":"topic-chaine-dapprovisionnement","11":"topic-inflation","12":"region-belgique"},"acf":[],"yoast_head":"<!-- This site is optimized with the Yoast SEO plugin v27.3 - https:\/\/yoast.com\/product\/yoast-seo-wordpress\/ -->\n<title>\u00ab Il sera in\u00e9vitable de ren\u00e9gocier avec les supermarch\u00e9s \u00bb, pr\u00e9vient l&#039;industrie agroalimentaire - RetailDetail BE<\/title>\n<meta name=\"description\" content=\"Les entreprises alimentaires belges ressentent d\u00e9j\u00e0 les effets de la guerre en Iran. Pour l&#039;instant, elles ne r\u00e9percutent pas encore ces co\u00fbts, mais des ren\u00e9gociations avec les cha\u00eenes de supermarch\u00e9s seront bient\u00f4t in\u00e9vitables, pr\u00e9vient Fevia.\" \/>\n<meta name=\"robots\" content=\"index, follow, max-snippet:-1, max-image-preview:large, max-video-preview:-1\" \/>\n<link rel=\"canonical\" href=\"https:\/\/www.retaildetail.be\/fr\/news\/food\/les-negociations-sur-les-prix-avec-les-supermarches-deviendront-inevitables-previent-lindustrie-agroalimentaire\/\" \/>\n<meta property=\"og:locale\" content=\"fr_FR\" \/>\n<meta property=\"og:type\" content=\"article\" \/>\n<meta property=\"og:title\" content=\"\u00ab Il sera in\u00e9vitable de ren\u00e9gocier avec les supermarch\u00e9s \u00bb, pr\u00e9vient l&#039;industrie agroalimentaire - RetailDetail BE\" \/>\n<meta property=\"og:description\" content=\"Les entreprises alimentaires belges ressentent d\u00e9j\u00e0 les effets de la guerre en Iran. Pour l&#039;instant, elles ne r\u00e9percutent pas encore ces co\u00fbts, mais des ren\u00e9gociations avec les cha\u00eenes de supermarch\u00e9s seront bient\u00f4t in\u00e9vitables, pr\u00e9vient Fevia.\" \/>\n<meta property=\"og:url\" content=\"https:\/\/www.retaildetail.be\/fr\/news\/food\/les-negociations-sur-les-prix-avec-les-supermarches-deviendront-inevitables-previent-lindustrie-agroalimentaire\/\" \/>\n<meta property=\"og:site_name\" content=\"RetailDetail BE\" \/>\n<meta property=\"article:published_time\" content=\"2026-04-28T12:20:41+00:00\" \/>\n<meta property=\"article:modified_time\" content=\"2026-04-28T12:39:10+00:00\" \/>\n<meta property=\"og:image\" content=\"https:\/\/www.retaildetail.be\/wp-content\/uploads\/2026\/04\/shutterstock_2480467063.jpg\" \/>\n\t<meta property=\"og:image:width\" content=\"1000\" \/>\n\t<meta property=\"og:image:height\" content=\"667\" \/>\n\t<meta property=\"og:image:type\" content=\"image\/jpeg\" \/>\n<meta name=\"author\" content=\"Stefan Van Rompaey\" \/>\n<meta name=\"twitter:card\" content=\"summary_large_image\" \/>\n<meta name=\"twitter:label1\" content=\"\u00c9crit par\" \/>\n\t<meta name=\"twitter:data1\" content=\"Stefan Van Rompaey\" \/>\n\t<meta name=\"twitter:label2\" content=\"Dur\u00e9e de lecture estim\u00e9e\" \/>\n\t<meta name=\"twitter:data2\" content=\"3 minutes\" \/>\n<script type=\"application\/ld+json\" class=\"yoast-schema-graph\">{\"@context\":\"https:\\\/\\\/schema.org\",\"@graph\":[{\"@type\":\"NewsArticle\",\"@id\":\"https:\\\/\\\/www.retaildetail.be\\\/fr\\\/news\\\/food\\\/les-negociations-sur-les-prix-avec-les-supermarches-deviendront-inevitables-previent-lindustrie-agroalimentaire\\\/#article\",\"isPartOf\":{\"@id\":\"https:\\\/\\\/www.retaildetail.be\\\/fr\\\/news\\\/food\\\/les-negociations-sur-les-prix-avec-les-supermarches-deviendront-inevitables-previent-lindustrie-agroalimentaire\\\/\"},\"author\":{\"name\":\"Stefan Van Rompaey\",\"@id\":\"https:\\\/\\\/www.retaildetail.be\\\/nl\\\/#\\\/schema\\\/person\\\/51aec6069c4416aa2f68b2e4ff3455df\"},\"headline\":\"\u00ab Il sera in\u00e9vitable de ren\u00e9gocier avec les supermarch\u00e9s \u00bb, pr\u00e9vient l&rsquo;industrie agroalimentaire\",\"datePublished\":\"2026-04-28T12:20:41+00:00\",\"dateModified\":\"2026-04-28T12:39:10+00:00\",\"mainEntityOfPage\":{\"@id\":\"https:\\\/\\\/www.retaildetail.be\\\/fr\\\/news\\\/food\\\/les-negociations-sur-les-prix-avec-les-supermarches-deviendront-inevitables-previent-lindustrie-agroalimentaire\\\/\"},\"wordCount\":555,\"publisher\":{\"@id\":\"https:\\\/\\\/www.retaildetail.be\\\/nl\\\/#organization\"},\"image\":{\"@id\":\"https:\\\/\\\/www.retaildetail.be\\\/fr\\\/news\\\/food\\\/les-negociations-sur-les-prix-avec-les-supermarches-deviendront-inevitables-previent-lindustrie-agroalimentaire\\\/#primaryimage\"},\"thumbnailUrl\":\"https:\\\/\\\/www.retaildetail.be\\\/wp-content\\\/uploads\\\/2026\\\/04\\\/shutterstock_2480467063.jpg\",\"articleSection\":[\"Food\",\"Food\"],\"inLanguage\":\"fr-FR\",\"copyrightYear\":\"2026\",\"copyrightHolder\":{\"@id\":\"https:\\\/\\\/www.retaildetail.be\\\/#organization\"}},{\"@type\":\"WebPage\",\"@id\":\"https:\\\/\\\/www.retaildetail.be\\\/fr\\\/news\\\/food\\\/les-negociations-sur-les-prix-avec-les-supermarches-deviendront-inevitables-previent-lindustrie-agroalimentaire\\\/\",\"url\":\"https:\\\/\\\/www.retaildetail.be\\\/fr\\\/news\\\/food\\\/les-negociations-sur-les-prix-avec-les-supermarches-deviendront-inevitables-previent-lindustrie-agroalimentaire\\\/\",\"name\":\"\u00ab Il sera in\u00e9vitable de ren\u00e9gocier avec les supermarch\u00e9s \u00bb, pr\u00e9vient l'industrie agroalimentaire - RetailDetail BE\",\"isPartOf\":{\"@id\":\"https:\\\/\\\/www.retaildetail.be\\\/nl\\\/#website\"},\"primaryImageOfPage\":{\"@id\":\"https:\\\/\\\/www.retaildetail.be\\\/fr\\\/news\\\/food\\\/les-negociations-sur-les-prix-avec-les-supermarches-deviendront-inevitables-previent-lindustrie-agroalimentaire\\\/#primaryimage\"},\"image\":{\"@id\":\"https:\\\/\\\/www.retaildetail.be\\\/fr\\\/news\\\/food\\\/les-negociations-sur-les-prix-avec-les-supermarches-deviendront-inevitables-previent-lindustrie-agroalimentaire\\\/#primaryimage\"},\"thumbnailUrl\":\"https:\\\/\\\/www.retaildetail.be\\\/wp-content\\\/uploads\\\/2026\\\/04\\\/shutterstock_2480467063.jpg\",\"datePublished\":\"2026-04-28T12:20:41+00:00\",\"dateModified\":\"2026-04-28T12:39:10+00:00\",\"description\":\"Les entreprises alimentaires belges ressentent d\u00e9j\u00e0 les effets de la guerre en Iran. Pour l'instant, elles ne r\u00e9percutent pas encore ces co\u00fbts, mais des ren\u00e9gociations avec les cha\u00eenes de supermarch\u00e9s seront bient\u00f4t in\u00e9vitables, pr\u00e9vient Fevia.\",\"breadcrumb\":{\"@id\":\"https:\\\/\\\/www.retaildetail.be\\\/fr\\\/news\\\/food\\\/les-negociations-sur-les-prix-avec-les-supermarches-deviendront-inevitables-previent-lindustrie-agroalimentaire\\\/#breadcrumb\"},\"inLanguage\":\"fr-FR\",\"potentialAction\":[{\"@type\":\"ReadAction\",\"target\":[\"https:\\\/\\\/www.retaildetail.be\\\/fr\\\/news\\\/food\\\/les-negociations-sur-les-prix-avec-les-supermarches-deviendront-inevitables-previent-lindustrie-agroalimentaire\\\/\"]}]},{\"@type\":\"ImageObject\",\"inLanguage\":\"fr-FR\",\"@id\":\"https:\\\/\\\/www.retaildetail.be\\\/fr\\\/news\\\/food\\\/les-negociations-sur-les-prix-avec-les-supermarches-deviendront-inevitables-previent-lindustrie-agroalimentaire\\\/#primaryimage\",\"url\":\"https:\\\/\\\/www.retaildetail.be\\\/wp-content\\\/uploads\\\/2026\\\/04\\\/shutterstock_2480467063.jpg\",\"contentUrl\":\"https:\\\/\\\/www.retaildetail.be\\\/wp-content\\\/uploads\\\/2026\\\/04\\\/shutterstock_2480467063.jpg\",\"width\":1000,\"height\":667,\"caption\":\"Shutterstock.com\"},{\"@type\":\"BreadcrumbList\",\"@id\":\"https:\\\/\\\/www.retaildetail.be\\\/fr\\\/news\\\/food\\\/les-negociations-sur-les-prix-avec-les-supermarches-deviendront-inevitables-previent-lindustrie-agroalimentaire\\\/#breadcrumb\",\"itemListElement\":[{\"@type\":\"ListItem\",\"position\":1,\"name\":\"Home\",\"item\":\"https:\\\/\\\/www.retaildetail.be\\\/fr\\\/\"},{\"@type\":\"ListItem\",\"position\":2,\"name\":\"\u00ab Il sera in\u00e9vitable de ren\u00e9gocier avec les supermarch\u00e9s \u00bb, pr\u00e9vient l&#8217;industrie agroalimentaire\"}]},{\"@type\":\"WebSite\",\"@id\":\"https:\\\/\\\/www.retaildetail.be\\\/nl\\\/#website\",\"url\":\"https:\\\/\\\/www.retaildetail.be\\\/nl\\\/\",\"name\":\"RetailDetail BE\",\"description\":\"News\",\"publisher\":{\"@id\":\"https:\\\/\\\/www.retaildetail.be\\\/nl\\\/#organization\"},\"potentialAction\":[{\"@type\":\"SearchAction\",\"target\":{\"@type\":\"EntryPoint\",\"urlTemplate\":\"https:\\\/\\\/www.retaildetail.be\\\/nl\\\/?s={search_term_string}\"},\"query-input\":{\"@type\":\"PropertyValueSpecification\",\"valueRequired\":true,\"valueName\":\"search_term_string\"}}],\"inLanguage\":\"fr-FR\"},{\"@type\":\"Organization\",\"@id\":\"https:\\\/\\\/www.retaildetail.be\\\/nl\\\/#organization\",\"name\":\"RetailDetail BE\",\"url\":\"https:\\\/\\\/www.retaildetail.be\\\/nl\\\/\",\"logo\":{\"@type\":\"ImageObject\",\"inLanguage\":\"fr-FR\",\"@id\":\"https:\\\/\\\/www.retaildetail.be\\\/nl\\\/#\\\/schema\\\/logo\\\/image\\\/\",\"url\":\"https:\\\/\\\/www.retaildetail.be\\\/wp-content\\\/uploads\\\/2022\\\/04\\\/logo.svg\",\"contentUrl\":\"https:\\\/\\\/www.retaildetail.be\\\/wp-content\\\/uploads\\\/2022\\\/04\\\/logo.svg\",\"width\":131,\"height\":70,\"caption\":\"RetailDetail BE\"},\"image\":{\"@id\":\"https:\\\/\\\/www.retaildetail.be\\\/nl\\\/#\\\/schema\\\/logo\\\/image\\\/\"}},{\"@type\":\"Person\",\"@id\":\"https:\\\/\\\/www.retaildetail.be\\\/nl\\\/#\\\/schema\\\/person\\\/51aec6069c4416aa2f68b2e4ff3455df\",\"name\":\"Stefan Van Rompaey\",\"image\":{\"@type\":\"ImageObject\",\"inLanguage\":\"fr-FR\",\"@id\":\"https:\\\/\\\/secure.gravatar.com\\\/avatar\\\/fbbb4a80a0f109888b2a5ab8ae255617499ecde533749b3ab2fa6c23b5d65dac?s=96&d=mm&r=g\",\"url\":\"https:\\\/\\\/secure.gravatar.com\\\/avatar\\\/fbbb4a80a0f109888b2a5ab8ae255617499ecde533749b3ab2fa6c23b5d65dac?s=96&d=mm&r=g\",\"contentUrl\":\"https:\\\/\\\/secure.gravatar.com\\\/avatar\\\/fbbb4a80a0f109888b2a5ab8ae255617499ecde533749b3ab2fa6c23b5d65dac?s=96&d=mm&r=g\",\"caption\":\"Stefan Van Rompaey\"},\"url\":\"https:\\\/\\\/www.retaildetail.be\\\/fr\\\/author\\\/stefanvanrompaey\\\/\"}]}<\/script>\n<!-- \/ Yoast SEO plugin. -->","yoast_head_json":{"title":"\u00ab Il sera in\u00e9vitable de ren\u00e9gocier avec les supermarch\u00e9s \u00bb, pr\u00e9vient l'industrie agroalimentaire - RetailDetail BE","description":"Les entreprises alimentaires belges ressentent d\u00e9j\u00e0 les effets de la guerre en Iran. Pour l'instant, elles ne r\u00e9percutent pas encore ces co\u00fbts, mais des ren\u00e9gociations avec les cha\u00eenes de supermarch\u00e9s seront bient\u00f4t in\u00e9vitables, pr\u00e9vient Fevia.","robots":{"index":"index","follow":"follow","max-snippet":"max-snippet:-1","max-image-preview":"max-image-preview:large","max-video-preview":"max-video-preview:-1"},"canonical":"https:\/\/www.retaildetail.be\/fr\/news\/food\/les-negociations-sur-les-prix-avec-les-supermarches-deviendront-inevitables-previent-lindustrie-agroalimentaire\/","og_locale":"fr_FR","og_type":"article","og_title":"\u00ab Il sera in\u00e9vitable de ren\u00e9gocier avec les supermarch\u00e9s \u00bb, pr\u00e9vient l'industrie agroalimentaire - RetailDetail BE","og_description":"Les entreprises alimentaires belges ressentent d\u00e9j\u00e0 les effets de la guerre en Iran. Pour l'instant, elles ne r\u00e9percutent pas encore ces co\u00fbts, mais des ren\u00e9gociations avec les cha\u00eenes de supermarch\u00e9s seront bient\u00f4t in\u00e9vitables, pr\u00e9vient Fevia.","og_url":"https:\/\/www.retaildetail.be\/fr\/news\/food\/les-negociations-sur-les-prix-avec-les-supermarches-deviendront-inevitables-previent-lindustrie-agroalimentaire\/","og_site_name":"RetailDetail BE","article_published_time":"2026-04-28T12:20:41+00:00","article_modified_time":"2026-04-28T12:39:10+00:00","og_image":[{"width":1000,"height":667,"url":"https:\/\/www.retaildetail.be\/wp-content\/uploads\/2026\/04\/shutterstock_2480467063.jpg","type":"image\/jpeg"}],"author":"Stefan Van Rompaey","twitter_card":"summary_large_image","twitter_misc":{"\u00c9crit par":"Stefan Van Rompaey","Dur\u00e9e de lecture estim\u00e9e":"3 minutes"},"schema":{"@context":"https:\/\/schema.org","@graph":[{"@type":"NewsArticle","@id":"https:\/\/www.retaildetail.be\/fr\/news\/food\/les-negociations-sur-les-prix-avec-les-supermarches-deviendront-inevitables-previent-lindustrie-agroalimentaire\/#article","isPartOf":{"@id":"https:\/\/www.retaildetail.be\/fr\/news\/food\/les-negociations-sur-les-prix-avec-les-supermarches-deviendront-inevitables-previent-lindustrie-agroalimentaire\/"},"author":{"name":"Stefan Van Rompaey","@id":"https:\/\/www.retaildetail.be\/nl\/#\/schema\/person\/51aec6069c4416aa2f68b2e4ff3455df"},"headline":"\u00ab Il sera in\u00e9vitable de ren\u00e9gocier avec les supermarch\u00e9s \u00bb, pr\u00e9vient l&rsquo;industrie agroalimentaire","datePublished":"2026-04-28T12:20:41+00:00","dateModified":"2026-04-28T12:39:10+00:00","mainEntityOfPage":{"@id":"https:\/\/www.retaildetail.be\/fr\/news\/food\/les-negociations-sur-les-prix-avec-les-supermarches-deviendront-inevitables-previent-lindustrie-agroalimentaire\/"},"wordCount":555,"publisher":{"@id":"https:\/\/www.retaildetail.be\/nl\/#organization"},"image":{"@id":"https:\/\/www.retaildetail.be\/fr\/news\/food\/les-negociations-sur-les-prix-avec-les-supermarches-deviendront-inevitables-previent-lindustrie-agroalimentaire\/#primaryimage"},"thumbnailUrl":"https:\/\/www.retaildetail.be\/wp-content\/uploads\/2026\/04\/shutterstock_2480467063.jpg","articleSection":["Food","Food"],"inLanguage":"fr-FR","copyrightYear":"2026","copyrightHolder":{"@id":"https:\/\/www.retaildetail.be\/#organization"}},{"@type":"WebPage","@id":"https:\/\/www.retaildetail.be\/fr\/news\/food\/les-negociations-sur-les-prix-avec-les-supermarches-deviendront-inevitables-previent-lindustrie-agroalimentaire\/","url":"https:\/\/www.retaildetail.be\/fr\/news\/food\/les-negociations-sur-les-prix-avec-les-supermarches-deviendront-inevitables-previent-lindustrie-agroalimentaire\/","name":"\u00ab Il sera in\u00e9vitable de ren\u00e9gocier avec les supermarch\u00e9s \u00bb, pr\u00e9vient l'industrie agroalimentaire - RetailDetail BE","isPartOf":{"@id":"https:\/\/www.retaildetail.be\/nl\/#website"},"primaryImageOfPage":{"@id":"https:\/\/www.retaildetail.be\/fr\/news\/food\/les-negociations-sur-les-prix-avec-les-supermarches-deviendront-inevitables-previent-lindustrie-agroalimentaire\/#primaryimage"},"image":{"@id":"https:\/\/www.retaildetail.be\/fr\/news\/food\/les-negociations-sur-les-prix-avec-les-supermarches-deviendront-inevitables-previent-lindustrie-agroalimentaire\/#primaryimage"},"thumbnailUrl":"https:\/\/www.retaildetail.be\/wp-content\/uploads\/2026\/04\/shutterstock_2480467063.jpg","datePublished":"2026-04-28T12:20:41+00:00","dateModified":"2026-04-28T12:39:10+00:00","description":"Les entreprises alimentaires belges ressentent d\u00e9j\u00e0 les effets de la guerre en Iran. Pour l'instant, elles ne r\u00e9percutent pas encore ces co\u00fbts, mais des ren\u00e9gociations avec les cha\u00eenes de supermarch\u00e9s seront bient\u00f4t in\u00e9vitables, pr\u00e9vient Fevia.","breadcrumb":{"@id":"https:\/\/www.retaildetail.be\/fr\/news\/food\/les-negociations-sur-les-prix-avec-les-supermarches-deviendront-inevitables-previent-lindustrie-agroalimentaire\/#breadcrumb"},"inLanguage":"fr-FR","potentialAction":[{"@type":"ReadAction","target":["https:\/\/www.retaildetail.be\/fr\/news\/food\/les-negociations-sur-les-prix-avec-les-supermarches-deviendront-inevitables-previent-lindustrie-agroalimentaire\/"]}]},{"@type":"ImageObject","inLanguage":"fr-FR","@id":"https:\/\/www.retaildetail.be\/fr\/news\/food\/les-negociations-sur-les-prix-avec-les-supermarches-deviendront-inevitables-previent-lindustrie-agroalimentaire\/#primaryimage","url":"https:\/\/www.retaildetail.be\/wp-content\/uploads\/2026\/04\/shutterstock_2480467063.jpg","contentUrl":"https:\/\/www.retaildetail.be\/wp-content\/uploads\/2026\/04\/shutterstock_2480467063.jpg","width":1000,"height":667,"caption":"Shutterstock.com"},{"@type":"BreadcrumbList","@id":"https:\/\/www.retaildetail.be\/fr\/news\/food\/les-negociations-sur-les-prix-avec-les-supermarches-deviendront-inevitables-previent-lindustrie-agroalimentaire\/#breadcrumb","itemListElement":[{"@type":"ListItem","position":1,"name":"Home","item":"https:\/\/www.retaildetail.be\/fr\/"},{"@type":"ListItem","position":2,"name":"\u00ab Il sera in\u00e9vitable de ren\u00e9gocier avec les supermarch\u00e9s \u00bb, pr\u00e9vient l&#8217;industrie agroalimentaire"}]},{"@type":"WebSite","@id":"https:\/\/www.retaildetail.be\/nl\/#website","url":"https:\/\/www.retaildetail.be\/nl\/","name":"RetailDetail BE","description":"News","publisher":{"@id":"https:\/\/www.retaildetail.be\/nl\/#organization"},"potentialAction":[{"@type":"SearchAction","target":{"@type":"EntryPoint","urlTemplate":"https:\/\/www.retaildetail.be\/nl\/?s={search_term_string}"},"query-input":{"@type":"PropertyValueSpecification","valueRequired":true,"valueName":"search_term_string"}}],"inLanguage":"fr-FR"},{"@type":"Organization","@id":"https:\/\/www.retaildetail.be\/nl\/#organization","name":"RetailDetail BE","url":"https:\/\/www.retaildetail.be\/nl\/","logo":{"@type":"ImageObject","inLanguage":"fr-FR","@id":"https:\/\/www.retaildetail.be\/nl\/#\/schema\/logo\/image\/","url":"https:\/\/www.retaildetail.be\/wp-content\/uploads\/2022\/04\/logo.svg","contentUrl":"https:\/\/www.retaildetail.be\/wp-content\/uploads\/2022\/04\/logo.svg","width":131,"height":70,"caption":"RetailDetail BE"},"image":{"@id":"https:\/\/www.retaildetail.be\/nl\/#\/schema\/logo\/image\/"}},{"@type":"Person","@id":"https:\/\/www.retaildetail.be\/nl\/#\/schema\/person\/51aec6069c4416aa2f68b2e4ff3455df","name":"Stefan Van Rompaey","image":{"@type":"ImageObject","inLanguage":"fr-FR","@id":"https:\/\/secure.gravatar.com\/avatar\/fbbb4a80a0f109888b2a5ab8ae255617499ecde533749b3ab2fa6c23b5d65dac?s=96&d=mm&r=g","url":"https:\/\/secure.gravatar.com\/avatar\/fbbb4a80a0f109888b2a5ab8ae255617499ecde533749b3ab2fa6c23b5d65dac?s=96&d=mm&r=g","contentUrl":"https:\/\/secure.gravatar.com\/avatar\/fbbb4a80a0f109888b2a5ab8ae255617499ecde533749b3ab2fa6c23b5d65dac?s=96&d=mm&r=g","caption":"Stefan Van Rompaey"},"url":"https:\/\/www.retaildetail.be\/fr\/author\/stefanvanrompaey\/"}]}},"jetpack_featured_media_url":"https:\/\/www.retaildetail.be\/wp-content\/uploads\/2026\/04\/shutterstock_2480467063.jpg","jetpack_sharing_enabled":true,"_links":{"self":[{"href":"https:\/\/www.retaildetail.be\/fr\/wp-json\/wp\/v2\/posts\/146856","targetHints":{"allow":["GET"]}}],"collection":[{"href":"https:\/\/www.retaildetail.be\/fr\/wp-json\/wp\/v2\/posts"}],"about":[{"href":"https:\/\/www.retaildetail.be\/fr\/wp-json\/wp\/v2\/types\/post"}],"author":[{"embeddable":true,"href":"https:\/\/www.retaildetail.be\/fr\/wp-json\/wp\/v2\/users\/3"}],"replies":[{"embeddable":true,"href":"https:\/\/www.retaildetail.be\/fr\/wp-json\/wp\/v2\/comments?post=146856"}],"version-history":[{"count":1,"href":"https:\/\/www.retaildetail.be\/fr\/wp-json\/wp\/v2\/posts\/146856\/revisions"}],"predecessor-version":[{"id":146859,"href":"https:\/\/www.retaildetail.be\/fr\/wp-json\/wp\/v2\/posts\/146856\/revisions\/146859"}],"wp:featuredmedia":[{"embeddable":true,"href":"https:\/\/www.retaildetail.be\/fr\/wp-json\/wp\/v2\/media\/146857"}],"wp:attachment":[{"href":"https:\/\/www.retaildetail.be\/fr\/wp-json\/wp\/v2\/media?parent=146856"}],"wp:term":[{"taxonomy":"category","embeddable":true,"href":"https:\/\/www.retaildetail.be\/fr\/wp-json\/wp\/v2\/categories?post=146856"},{"taxonomy":"post_tag","embeddable":true,"href":"https:\/\/www.retaildetail.be\/fr\/wp-json\/wp\/v2\/tags?post=146856"},{"taxonomy":"people","embeddable":true,"href":"https:\/\/www.retaildetail.be\/fr\/wp-json\/wp\/v2\/people?post=146856"},{"taxonomy":"extra","embeddable":true,"href":"https:\/\/www.retaildetail.be\/fr\/wp-json\/wp\/v2\/extra?post=146856"},{"taxonomy":"company","embeddable":true,"href":"https:\/\/www.retaildetail.be\/fr\/wp-json\/wp\/v2\/company?post=146856"},{"taxonomy":"topic","embeddable":true,"href":"https:\/\/www.retaildetail.be\/fr\/wp-json\/wp\/v2\/topic?post=146856"},{"taxonomy":"region","embeddable":true,"href":"https:\/\/www.retaildetail.be\/fr\/wp-json\/wp\/v2\/region?post=146856"}],"curies":[{"name":"wp","href":"https:\/\/api.w.org\/{rel}","templated":true}]}}