{"id":146864,"date":"2026-04-28T14:54:00","date_gmt":"2026-04-28T12:54:00","guid":{"rendered":"https:\/\/www.retaildetail.be\/?p=146864"},"modified":"2026-04-28T15:11:57","modified_gmt":"2026-04-28T13:11:57","slug":"le-groupe-de-boulangerie-la-lorraine-prospere-en-annee-de-transition","status":"publish","type":"post","link":"https:\/\/www.retaildetail.be\/fr\/news\/food\/le-groupe-de-boulangerie-la-lorraine-prospere-en-annee-de-transition\/","title":{"rendered":"Le groupe de boulangerie La Lorraine prosp\u00e8re malgr\u00e9 une ann\u00e9e de transition"},"content":{"rendered":"\n<p>En 2025, <strong>La Lorraine Bakery<\/strong> <strong>Group <\/strong>s&rsquo;est d\u00e9velopp\u00e9 gr\u00e2ce \u00e0 de nouvelles acquisitions et le groupe boulanger belge a investi dans la production et le stockage. L&rsquo;ann\u00e9e 2026 s&rsquo;annonce \u00e9galement comme une ann\u00e9e d&rsquo;investissements.<\/p>\n\n\n\n<h2 class=\"wp-block-heading\">Moins que pr\u00e9vu<\/h2>\n\n\n\n<p>La Lorraine, \u00e9galement soci\u00e9t\u00e9 m\u00e8re de Panos, a r\u00e9alis\u00e9 un chiffre d&rsquo;affaires de 1,57 milliard d&rsquo;euros l&rsquo;ann\u00e9e derni\u00e8re. Cette croissance de 7,5 % est principalement due \u00e0 la division boulangerie et r\u00e9sulte \u00e0 la fois d&rsquo;une expansion organique et de l&rsquo;int\u00e9gration de r\u00e9centes coentreprises. C&rsquo;est ainsi qu&rsquo;elle a acquis Bakery de France aux \u00c9tats-Unis et augment\u00e9 ses participations dans La Bo\u00eete \u00e0 Pain (Royaume-Uni) et SPA Bakery (Italie).<\/p>\n\n\n\n<p>La marge REBITDA a l\u00e9g\u00e8rement augment\u00e9 pour atteindre 14,4 %, soit une am\u00e9lioration de 0,2 point de pourcentage. Le REBITDA lui-m\u00eame a grimp\u00e9 de 9,1 % pour atteindre 227 millions d&rsquo;euros, gr\u00e2ce \u00e0 une strat\u00e9gie ax\u00e9e sur l&rsquo;innovation et les produits \u00e0 plus forte valeur ajout\u00e9e, tels que les pains au levain, les sp\u00e9cialit\u00e9s de pain italiennes et les snacks sal\u00e9s. La croissance comparable est toutefois rest\u00e9e en de\u00e7\u00e0 des attentes en raison d&rsquo;une croissance des volumes plus faible et d&rsquo;une concurrence accrue sur les prix.<\/p>\n\n\n\n<h2 class=\"wp-block-heading\">Investissements records en 2026<\/h2>\n\n\n\n<p>218 millions d&rsquo;euros ont \u00e9t\u00e9 consacr\u00e9s \u00e0 des investissements visant \u00e0 \u00e9tendre les capacit\u00e9s de production et de stockage en Europe et en Am\u00e9rique du Nord. La construction d&rsquo;un nouveau hall de production aux \u00c9tats-Unis et l&rsquo;extension de hubs logistiques en R\u00e9publique tch\u00e8que et en Pologne figuraient notamment au programme. Pour 2026, des investissements records d&rsquo;environ 250 millions d&rsquo;euros sont pr\u00e9vus afin de soutenir davantage la croissance.<\/p>\n\n\n\n<p>L&rsquo;entreprise de Ninove a \u00e9galement sign\u00e9 la <em>Sustainable Wheat Initiative Europe<\/em>, qui vise \u00e0 r\u00e9duire de 30 % les \u00e9missions de CO\u2082 li\u00e9es au bl\u00e9 et \u00e0 la farine d&rsquo;ici 2030. Au niveau du groupe, les \u00e9missions de scope 1 et 2 \u00e9taient d\u00e9j\u00e0 inf\u00e9rieures de 31 % \u00e0 celles de 2022, gr\u00e2ce \u00e0 des mesures d&rsquo;\u00e9conomie d&rsquo;\u00e9nergie et \u00e0 des initiatives contre le gaspillage alimentaire.<\/p>\n\n\n\n<h2 class=\"wp-block-heading\">Les ambitions restent intactes<\/h2>\n\n\n\n<p>Cette ann\u00e9e, le groupe de boulangerie pr\u00e9voit de poursuivre sa croissance, tant en chiffre d&rsquo;affaires qu&rsquo;en volume, malgr\u00e9 une mise en garde concernant les tensions g\u00e9opolitiques, la volatilit\u00e9 de la confiance des consommateurs et la hausse des co\u00fbts. Le REBITDA devrait augmenter plus rapidement que le chiffre d&rsquo;affaires, gr\u00e2ce \u00e0 la ma\u00eetrise des co\u00fbts, \u00e0 la num\u00e9risation et aux \u00e9conomies d&rsquo;\u00e9chelle. La durabilit\u00e9 et la valeur nutritionnelle restent des priorit\u00e9s, avec notamment un accent mis sur les produits plus riches en fibres.<\/p>\n\n\n\n<p>Le PDG Guido Vanherpe souligne l&rsquo;importance de la discipline : \u00ab 2025 a \u00e9t\u00e9 une ann\u00e9e de transition. Nous avons affin\u00e9 notre strat\u00e9gie, g\u00e9r\u00e9 rigoureusement nos co\u00fbts et continuons \u00e0 miser sur l&rsquo;innovation et l&rsquo;efficacit\u00e9. Nos ambitions \u00e0 long terme restent inchang\u00e9es, port\u00e9es par une croissance durable et une expansion internationale. \u00bb<\/p>\n","protected":false},"excerpt":{"rendered":"<p>En 2025, La Lorraine Bakery Group s&rsquo;est d\u00e9velopp\u00e9 gr\u00e2ce \u00e0 de nouvelles acquisitions et le groupe boulanger belge a investi dans la production et le stockage. L&rsquo;ann\u00e9e 2026 s&rsquo;annonce \u00e9galement comme une ann\u00e9e d&rsquo;investissements.<\/p>\n","protected":false},"author":5,"featured_media":146865,"comment_status":"closed","ping_status":"closed","sticky":false,"template":"","format":"standard","meta":{"_acf_changed":false,"inline_featured_image":false,"_jetpack_memberships_contains_paid_content":false,"footnotes":""},"categories":[18,24],"tags":[],"people":[],"extra":[43],"company":[307],"topic":[266],"region":[226],"class_list":{"0":"post-146864","1":"post","2":"type-post","3":"status-publish","4":"format-standard","5":"has-post-thumbnail","6":"hentry","7":"category-food","9":"extra-plus","10":"company-la-lorraine-bakery-group","11":"topic-resultats-financiers","12":"region-belgique"},"acf":[],"yoast_head":"<!-- This site is optimized with the Yoast SEO plugin v27.3 - https:\/\/yoast.com\/product\/yoast-seo-wordpress\/ -->\n<title>Le groupe de boulangerie La Lorraine prosp\u00e8re malgr\u00e9 une ann\u00e9e de transition - RetailDetail BE<\/title>\n<meta name=\"description\" content=\"En 2025, La Lorraine Bakery Group s&#039;est d\u00e9velopp\u00e9 gr\u00e2ce \u00e0 de nouvelles acquisitions et a investi dans la production et le stockage. L&#039;ann\u00e9e 2026 s&#039;annonce \u00e9galement comme une ann\u00e9e d&#039;investissements.\" \/>\n<meta name=\"robots\" content=\"index, follow, max-snippet:-1, max-image-preview:large, max-video-preview:-1\" \/>\n<link rel=\"canonical\" href=\"https:\/\/www.retaildetail.be\/fr\/news\/food\/le-groupe-de-boulangerie-la-lorraine-prospere-en-annee-de-transition\/\" \/>\n<meta property=\"og:locale\" content=\"fr_FR\" \/>\n<meta property=\"og:type\" content=\"article\" \/>\n<meta property=\"og:title\" content=\"Le groupe de boulangerie La Lorraine prosp\u00e8re malgr\u00e9 une ann\u00e9e de transition - RetailDetail BE\" \/>\n<meta property=\"og:description\" content=\"En 2025, La Lorraine Bakery Group s&#039;est d\u00e9velopp\u00e9 gr\u00e2ce \u00e0 de nouvelles acquisitions et a investi dans la production et le stockage. L&#039;ann\u00e9e 2026 s&#039;annonce \u00e9galement comme une ann\u00e9e d&#039;investissements.\" \/>\n<meta property=\"og:url\" content=\"https:\/\/www.retaildetail.be\/fr\/news\/food\/le-groupe-de-boulangerie-la-lorraine-prospere-en-annee-de-transition\/\" \/>\n<meta property=\"og:site_name\" content=\"RetailDetail BE\" \/>\n<meta property=\"article:published_time\" content=\"2026-04-28T12:54:00+00:00\" \/>\n<meta property=\"article:modified_time\" content=\"2026-04-28T13:11:57+00:00\" \/>\n<meta property=\"og:image\" content=\"https:\/\/www.retaildetail.be\/wp-content\/uploads\/2026\/04\/shutterstock_panos-lalorraine-1.jpg\" \/>\n\t<meta property=\"og:image:width\" content=\"1000\" \/>\n\t<meta property=\"og:image:height\" content=\"667\" \/>\n\t<meta property=\"og:image:type\" content=\"image\/jpeg\" \/>\n<meta name=\"author\" content=\"Pauline Neerman\" \/>\n<meta name=\"twitter:card\" content=\"summary_large_image\" \/>\n<meta name=\"twitter:label1\" content=\"\u00c9crit par\" \/>\n\t<meta name=\"twitter:data1\" content=\"Pauline Neerman\" \/>\n\t<meta name=\"twitter:label2\" content=\"Dur\u00e9e de lecture estim\u00e9e\" \/>\n\t<meta name=\"twitter:data2\" content=\"2 minutes\" \/>\n<script type=\"application\/ld+json\" class=\"yoast-schema-graph\">{\"@context\":\"https:\\\/\\\/schema.org\",\"@graph\":[{\"@type\":\"NewsArticle\",\"@id\":\"https:\\\/\\\/www.retaildetail.be\\\/fr\\\/news\\\/food\\\/le-groupe-de-boulangerie-la-lorraine-prospere-en-annee-de-transition\\\/#article\",\"isPartOf\":{\"@id\":\"https:\\\/\\\/www.retaildetail.be\\\/fr\\\/news\\\/food\\\/le-groupe-de-boulangerie-la-lorraine-prospere-en-annee-de-transition\\\/\"},\"author\":{\"name\":\"Pauline Neerman\",\"@id\":\"https:\\\/\\\/www.retaildetail.be\\\/nl\\\/#\\\/schema\\\/person\\\/66b54803fa10759039079458ea89e307\"},\"headline\":\"Le groupe de boulangerie La Lorraine prosp\u00e8re malgr\u00e9 une ann\u00e9e de transition\",\"datePublished\":\"2026-04-28T12:54:00+00:00\",\"dateModified\":\"2026-04-28T13:11:57+00:00\",\"mainEntityOfPage\":{\"@id\":\"https:\\\/\\\/www.retaildetail.be\\\/fr\\\/news\\\/food\\\/le-groupe-de-boulangerie-la-lorraine-prospere-en-annee-de-transition\\\/\"},\"wordCount\":519,\"publisher\":{\"@id\":\"https:\\\/\\\/www.retaildetail.be\\\/nl\\\/#organization\"},\"image\":{\"@id\":\"https:\\\/\\\/www.retaildetail.be\\\/fr\\\/news\\\/food\\\/le-groupe-de-boulangerie-la-lorraine-prospere-en-annee-de-transition\\\/#primaryimage\"},\"thumbnailUrl\":\"https:\\\/\\\/www.retaildetail.be\\\/wp-content\\\/uploads\\\/2026\\\/04\\\/shutterstock_panos-lalorraine-1.jpg\",\"articleSection\":[\"Food\",\"Food\"],\"inLanguage\":\"fr-FR\",\"copyrightYear\":\"2026\",\"copyrightHolder\":{\"@id\":\"https:\\\/\\\/www.retaildetail.be\\\/#organization\"}},{\"@type\":\"WebPage\",\"@id\":\"https:\\\/\\\/www.retaildetail.be\\\/fr\\\/news\\\/food\\\/le-groupe-de-boulangerie-la-lorraine-prospere-en-annee-de-transition\\\/\",\"url\":\"https:\\\/\\\/www.retaildetail.be\\\/fr\\\/news\\\/food\\\/le-groupe-de-boulangerie-la-lorraine-prospere-en-annee-de-transition\\\/\",\"name\":\"Le groupe de boulangerie La Lorraine prosp\u00e8re malgr\u00e9 une ann\u00e9e de transition - RetailDetail BE\",\"isPartOf\":{\"@id\":\"https:\\\/\\\/www.retaildetail.be\\\/nl\\\/#website\"},\"primaryImageOfPage\":{\"@id\":\"https:\\\/\\\/www.retaildetail.be\\\/fr\\\/news\\\/food\\\/le-groupe-de-boulangerie-la-lorraine-prospere-en-annee-de-transition\\\/#primaryimage\"},\"image\":{\"@id\":\"https:\\\/\\\/www.retaildetail.be\\\/fr\\\/news\\\/food\\\/le-groupe-de-boulangerie-la-lorraine-prospere-en-annee-de-transition\\\/#primaryimage\"},\"thumbnailUrl\":\"https:\\\/\\\/www.retaildetail.be\\\/wp-content\\\/uploads\\\/2026\\\/04\\\/shutterstock_panos-lalorraine-1.jpg\",\"datePublished\":\"2026-04-28T12:54:00+00:00\",\"dateModified\":\"2026-04-28T13:11:57+00:00\",\"description\":\"En 2025, La Lorraine Bakery Group s'est d\u00e9velopp\u00e9 gr\u00e2ce \u00e0 de nouvelles acquisitions et a investi dans la production et le stockage. L'ann\u00e9e 2026 s'annonce \u00e9galement comme une ann\u00e9e d'investissements.\",\"breadcrumb\":{\"@id\":\"https:\\\/\\\/www.retaildetail.be\\\/fr\\\/news\\\/food\\\/le-groupe-de-boulangerie-la-lorraine-prospere-en-annee-de-transition\\\/#breadcrumb\"},\"inLanguage\":\"fr-FR\",\"potentialAction\":[{\"@type\":\"ReadAction\",\"target\":[\"https:\\\/\\\/www.retaildetail.be\\\/fr\\\/news\\\/food\\\/le-groupe-de-boulangerie-la-lorraine-prospere-en-annee-de-transition\\\/\"]}]},{\"@type\":\"ImageObject\",\"inLanguage\":\"fr-FR\",\"@id\":\"https:\\\/\\\/www.retaildetail.be\\\/fr\\\/news\\\/food\\\/le-groupe-de-boulangerie-la-lorraine-prospere-en-annee-de-transition\\\/#primaryimage\",\"url\":\"https:\\\/\\\/www.retaildetail.be\\\/wp-content\\\/uploads\\\/2026\\\/04\\\/shutterstock_panos-lalorraine-1.jpg\",\"contentUrl\":\"https:\\\/\\\/www.retaildetail.be\\\/wp-content\\\/uploads\\\/2026\\\/04\\\/shutterstock_panos-lalorraine-1.jpg\",\"width\":1000,\"height\":667},{\"@type\":\"BreadcrumbList\",\"@id\":\"https:\\\/\\\/www.retaildetail.be\\\/fr\\\/news\\\/food\\\/le-groupe-de-boulangerie-la-lorraine-prospere-en-annee-de-transition\\\/#breadcrumb\",\"itemListElement\":[{\"@type\":\"ListItem\",\"position\":1,\"name\":\"Home\",\"item\":\"https:\\\/\\\/www.retaildetail.be\\\/fr\\\/\"},{\"@type\":\"ListItem\",\"position\":2,\"name\":\"Le groupe de boulangerie La Lorraine prosp\u00e8re malgr\u00e9 une ann\u00e9e de transition\"}]},{\"@type\":\"WebSite\",\"@id\":\"https:\\\/\\\/www.retaildetail.be\\\/nl\\\/#website\",\"url\":\"https:\\\/\\\/www.retaildetail.be\\\/nl\\\/\",\"name\":\"RetailDetail BE\",\"description\":\"News\",\"publisher\":{\"@id\":\"https:\\\/\\\/www.retaildetail.be\\\/nl\\\/#organization\"},\"potentialAction\":[{\"@type\":\"SearchAction\",\"target\":{\"@type\":\"EntryPoint\",\"urlTemplate\":\"https:\\\/\\\/www.retaildetail.be\\\/nl\\\/?s={search_term_string}\"},\"query-input\":{\"@type\":\"PropertyValueSpecification\",\"valueRequired\":true,\"valueName\":\"search_term_string\"}}],\"inLanguage\":\"fr-FR\"},{\"@type\":\"Organization\",\"@id\":\"https:\\\/\\\/www.retaildetail.be\\\/nl\\\/#organization\",\"name\":\"RetailDetail BE\",\"url\":\"https:\\\/\\\/www.retaildetail.be\\\/nl\\\/\",\"logo\":{\"@type\":\"ImageObject\",\"inLanguage\":\"fr-FR\",\"@id\":\"https:\\\/\\\/www.retaildetail.be\\\/nl\\\/#\\\/schema\\\/logo\\\/image\\\/\",\"url\":\"https:\\\/\\\/www.retaildetail.be\\\/wp-content\\\/uploads\\\/2022\\\/04\\\/logo.svg\",\"contentUrl\":\"https:\\\/\\\/www.retaildetail.be\\\/wp-content\\\/uploads\\\/2022\\\/04\\\/logo.svg\",\"width\":131,\"height\":70,\"caption\":\"RetailDetail BE\"},\"image\":{\"@id\":\"https:\\\/\\\/www.retaildetail.be\\\/nl\\\/#\\\/schema\\\/logo\\\/image\\\/\"}},{\"@type\":\"Person\",\"@id\":\"https:\\\/\\\/www.retaildetail.be\\\/nl\\\/#\\\/schema\\\/person\\\/66b54803fa10759039079458ea89e307\",\"name\":\"Pauline Neerman\",\"image\":{\"@type\":\"ImageObject\",\"inLanguage\":\"fr-FR\",\"@id\":\"https:\\\/\\\/secure.gravatar.com\\\/avatar\\\/58db22aee589a691f9603e5765ac06010427a923f9b2728b951eb7fe27214d70?s=96&d=mm&r=g\",\"url\":\"https:\\\/\\\/secure.gravatar.com\\\/avatar\\\/58db22aee589a691f9603e5765ac06010427a923f9b2728b951eb7fe27214d70?s=96&d=mm&r=g\",\"contentUrl\":\"https:\\\/\\\/secure.gravatar.com\\\/avatar\\\/58db22aee589a691f9603e5765ac06010427a923f9b2728b951eb7fe27214d70?s=96&d=mm&r=g\",\"caption\":\"Pauline Neerman\"},\"url\":\"https:\\\/\\\/www.retaildetail.be\\\/fr\\\/author\\\/paulineneerman\\\/\"}]}<\/script>\n<!-- \/ Yoast SEO plugin. -->","yoast_head_json":{"title":"Le groupe de boulangerie La Lorraine prosp\u00e8re malgr\u00e9 une ann\u00e9e de transition - RetailDetail BE","description":"En 2025, La Lorraine Bakery Group s'est d\u00e9velopp\u00e9 gr\u00e2ce \u00e0 de nouvelles acquisitions et a investi dans la production et le stockage. L'ann\u00e9e 2026 s'annonce \u00e9galement comme une ann\u00e9e d'investissements.","robots":{"index":"index","follow":"follow","max-snippet":"max-snippet:-1","max-image-preview":"max-image-preview:large","max-video-preview":"max-video-preview:-1"},"canonical":"https:\/\/www.retaildetail.be\/fr\/news\/food\/le-groupe-de-boulangerie-la-lorraine-prospere-en-annee-de-transition\/","og_locale":"fr_FR","og_type":"article","og_title":"Le groupe de boulangerie La Lorraine prosp\u00e8re malgr\u00e9 une ann\u00e9e de transition - RetailDetail BE","og_description":"En 2025, La Lorraine Bakery Group s'est d\u00e9velopp\u00e9 gr\u00e2ce \u00e0 de nouvelles acquisitions et a investi dans la production et le stockage. L'ann\u00e9e 2026 s'annonce \u00e9galement comme une ann\u00e9e d'investissements.","og_url":"https:\/\/www.retaildetail.be\/fr\/news\/food\/le-groupe-de-boulangerie-la-lorraine-prospere-en-annee-de-transition\/","og_site_name":"RetailDetail BE","article_published_time":"2026-04-28T12:54:00+00:00","article_modified_time":"2026-04-28T13:11:57+00:00","og_image":[{"width":1000,"height":667,"url":"https:\/\/www.retaildetail.be\/wp-content\/uploads\/2026\/04\/shutterstock_panos-lalorraine-1.jpg","type":"image\/jpeg"}],"author":"Pauline Neerman","twitter_card":"summary_large_image","twitter_misc":{"\u00c9crit par":"Pauline Neerman","Dur\u00e9e de lecture estim\u00e9e":"2 minutes"},"schema":{"@context":"https:\/\/schema.org","@graph":[{"@type":"NewsArticle","@id":"https:\/\/www.retaildetail.be\/fr\/news\/food\/le-groupe-de-boulangerie-la-lorraine-prospere-en-annee-de-transition\/#article","isPartOf":{"@id":"https:\/\/www.retaildetail.be\/fr\/news\/food\/le-groupe-de-boulangerie-la-lorraine-prospere-en-annee-de-transition\/"},"author":{"name":"Pauline Neerman","@id":"https:\/\/www.retaildetail.be\/nl\/#\/schema\/person\/66b54803fa10759039079458ea89e307"},"headline":"Le groupe de boulangerie La Lorraine prosp\u00e8re malgr\u00e9 une ann\u00e9e de transition","datePublished":"2026-04-28T12:54:00+00:00","dateModified":"2026-04-28T13:11:57+00:00","mainEntityOfPage":{"@id":"https:\/\/www.retaildetail.be\/fr\/news\/food\/le-groupe-de-boulangerie-la-lorraine-prospere-en-annee-de-transition\/"},"wordCount":519,"publisher":{"@id":"https:\/\/www.retaildetail.be\/nl\/#organization"},"image":{"@id":"https:\/\/www.retaildetail.be\/fr\/news\/food\/le-groupe-de-boulangerie-la-lorraine-prospere-en-annee-de-transition\/#primaryimage"},"thumbnailUrl":"https:\/\/www.retaildetail.be\/wp-content\/uploads\/2026\/04\/shutterstock_panos-lalorraine-1.jpg","articleSection":["Food","Food"],"inLanguage":"fr-FR","copyrightYear":"2026","copyrightHolder":{"@id":"https:\/\/www.retaildetail.be\/#organization"}},{"@type":"WebPage","@id":"https:\/\/www.retaildetail.be\/fr\/news\/food\/le-groupe-de-boulangerie-la-lorraine-prospere-en-annee-de-transition\/","url":"https:\/\/www.retaildetail.be\/fr\/news\/food\/le-groupe-de-boulangerie-la-lorraine-prospere-en-annee-de-transition\/","name":"Le groupe de boulangerie La Lorraine prosp\u00e8re malgr\u00e9 une ann\u00e9e de transition - RetailDetail BE","isPartOf":{"@id":"https:\/\/www.retaildetail.be\/nl\/#website"},"primaryImageOfPage":{"@id":"https:\/\/www.retaildetail.be\/fr\/news\/food\/le-groupe-de-boulangerie-la-lorraine-prospere-en-annee-de-transition\/#primaryimage"},"image":{"@id":"https:\/\/www.retaildetail.be\/fr\/news\/food\/le-groupe-de-boulangerie-la-lorraine-prospere-en-annee-de-transition\/#primaryimage"},"thumbnailUrl":"https:\/\/www.retaildetail.be\/wp-content\/uploads\/2026\/04\/shutterstock_panos-lalorraine-1.jpg","datePublished":"2026-04-28T12:54:00+00:00","dateModified":"2026-04-28T13:11:57+00:00","description":"En 2025, La Lorraine Bakery Group s'est d\u00e9velopp\u00e9 gr\u00e2ce \u00e0 de nouvelles acquisitions et a investi dans la production et le stockage. L'ann\u00e9e 2026 s'annonce \u00e9galement comme une ann\u00e9e d'investissements.","breadcrumb":{"@id":"https:\/\/www.retaildetail.be\/fr\/news\/food\/le-groupe-de-boulangerie-la-lorraine-prospere-en-annee-de-transition\/#breadcrumb"},"inLanguage":"fr-FR","potentialAction":[{"@type":"ReadAction","target":["https:\/\/www.retaildetail.be\/fr\/news\/food\/le-groupe-de-boulangerie-la-lorraine-prospere-en-annee-de-transition\/"]}]},{"@type":"ImageObject","inLanguage":"fr-FR","@id":"https:\/\/www.retaildetail.be\/fr\/news\/food\/le-groupe-de-boulangerie-la-lorraine-prospere-en-annee-de-transition\/#primaryimage","url":"https:\/\/www.retaildetail.be\/wp-content\/uploads\/2026\/04\/shutterstock_panos-lalorraine-1.jpg","contentUrl":"https:\/\/www.retaildetail.be\/wp-content\/uploads\/2026\/04\/shutterstock_panos-lalorraine-1.jpg","width":1000,"height":667},{"@type":"BreadcrumbList","@id":"https:\/\/www.retaildetail.be\/fr\/news\/food\/le-groupe-de-boulangerie-la-lorraine-prospere-en-annee-de-transition\/#breadcrumb","itemListElement":[{"@type":"ListItem","position":1,"name":"Home","item":"https:\/\/www.retaildetail.be\/fr\/"},{"@type":"ListItem","position":2,"name":"Le groupe de boulangerie La Lorraine prosp\u00e8re malgr\u00e9 une ann\u00e9e de transition"}]},{"@type":"WebSite","@id":"https:\/\/www.retaildetail.be\/nl\/#website","url":"https:\/\/www.retaildetail.be\/nl\/","name":"RetailDetail BE","description":"News","publisher":{"@id":"https:\/\/www.retaildetail.be\/nl\/#organization"},"potentialAction":[{"@type":"SearchAction","target":{"@type":"EntryPoint","urlTemplate":"https:\/\/www.retaildetail.be\/nl\/?s={search_term_string}"},"query-input":{"@type":"PropertyValueSpecification","valueRequired":true,"valueName":"search_term_string"}}],"inLanguage":"fr-FR"},{"@type":"Organization","@id":"https:\/\/www.retaildetail.be\/nl\/#organization","name":"RetailDetail BE","url":"https:\/\/www.retaildetail.be\/nl\/","logo":{"@type":"ImageObject","inLanguage":"fr-FR","@id":"https:\/\/www.retaildetail.be\/nl\/#\/schema\/logo\/image\/","url":"https:\/\/www.retaildetail.be\/wp-content\/uploads\/2022\/04\/logo.svg","contentUrl":"https:\/\/www.retaildetail.be\/wp-content\/uploads\/2022\/04\/logo.svg","width":131,"height":70,"caption":"RetailDetail BE"},"image":{"@id":"https:\/\/www.retaildetail.be\/nl\/#\/schema\/logo\/image\/"}},{"@type":"Person","@id":"https:\/\/www.retaildetail.be\/nl\/#\/schema\/person\/66b54803fa10759039079458ea89e307","name":"Pauline Neerman","image":{"@type":"ImageObject","inLanguage":"fr-FR","@id":"https:\/\/secure.gravatar.com\/avatar\/58db22aee589a691f9603e5765ac06010427a923f9b2728b951eb7fe27214d70?s=96&d=mm&r=g","url":"https:\/\/secure.gravatar.com\/avatar\/58db22aee589a691f9603e5765ac06010427a923f9b2728b951eb7fe27214d70?s=96&d=mm&r=g","contentUrl":"https:\/\/secure.gravatar.com\/avatar\/58db22aee589a691f9603e5765ac06010427a923f9b2728b951eb7fe27214d70?s=96&d=mm&r=g","caption":"Pauline Neerman"},"url":"https:\/\/www.retaildetail.be\/fr\/author\/paulineneerman\/"}]}},"jetpack_featured_media_url":"https:\/\/www.retaildetail.be\/wp-content\/uploads\/2026\/04\/shutterstock_panos-lalorraine-1.jpg","jetpack_sharing_enabled":true,"_links":{"self":[{"href":"https:\/\/www.retaildetail.be\/fr\/wp-json\/wp\/v2\/posts\/146864","targetHints":{"allow":["GET"]}}],"collection":[{"href":"https:\/\/www.retaildetail.be\/fr\/wp-json\/wp\/v2\/posts"}],"about":[{"href":"https:\/\/www.retaildetail.be\/fr\/wp-json\/wp\/v2\/types\/post"}],"author":[{"embeddable":true,"href":"https:\/\/www.retaildetail.be\/fr\/wp-json\/wp\/v2\/users\/5"}],"replies":[{"embeddable":true,"href":"https:\/\/www.retaildetail.be\/fr\/wp-json\/wp\/v2\/comments?post=146864"}],"version-history":[{"count":2,"href":"https:\/\/www.retaildetail.be\/fr\/wp-json\/wp\/v2\/posts\/146864\/revisions"}],"predecessor-version":[{"id":146873,"href":"https:\/\/www.retaildetail.be\/fr\/wp-json\/wp\/v2\/posts\/146864\/revisions\/146873"}],"wp:featuredmedia":[{"embeddable":true,"href":"https:\/\/www.retaildetail.be\/fr\/wp-json\/wp\/v2\/media\/146865"}],"wp:attachment":[{"href":"https:\/\/www.retaildetail.be\/fr\/wp-json\/wp\/v2\/media?parent=146864"}],"wp:term":[{"taxonomy":"category","embeddable":true,"href":"https:\/\/www.retaildetail.be\/fr\/wp-json\/wp\/v2\/categories?post=146864"},{"taxonomy":"post_tag","embeddable":true,"href":"https:\/\/www.retaildetail.be\/fr\/wp-json\/wp\/v2\/tags?post=146864"},{"taxonomy":"people","embeddable":true,"href":"https:\/\/www.retaildetail.be\/fr\/wp-json\/wp\/v2\/people?post=146864"},{"taxonomy":"extra","embeddable":true,"href":"https:\/\/www.retaildetail.be\/fr\/wp-json\/wp\/v2\/extra?post=146864"},{"taxonomy":"company","embeddable":true,"href":"https:\/\/www.retaildetail.be\/fr\/wp-json\/wp\/v2\/company?post=146864"},{"taxonomy":"topic","embeddable":true,"href":"https:\/\/www.retaildetail.be\/fr\/wp-json\/wp\/v2\/topic?post=146864"},{"taxonomy":"region","embeddable":true,"href":"https:\/\/www.retaildetail.be\/fr\/wp-json\/wp\/v2\/region?post=146864"}],"curies":[{"name":"wp","href":"https:\/\/api.w.org\/{rel}","templated":true}]}}