{"id":146877,"date":"2026-04-28T15:29:05","date_gmt":"2026-04-28T13:29:05","guid":{"rendered":"https:\/\/www.retaildetail.be\/?p=146877"},"modified":"2026-04-28T15:29:07","modified_gmt":"2026-04-28T13:29:07","slug":"le-directeur-general-pour-la-republique-tcheque-quitte-ahold-delhaize","status":"publish","type":"post","link":"https:\/\/www.retaildetail.be\/fr\/news\/food\/le-directeur-general-pour-la-republique-tcheque-quitte-ahold-delhaize\/","title":{"rendered":"Le directeur pour la R\u00e9publique tch\u00e8que quitte Ahold Delhaize"},"content":{"rendered":"\n<p>Petr Pavlik, directeur de marque de la cha\u00eene de supermarch\u00e9s Albert en R\u00e9publique tch\u00e8que, quitte l&rsquo;entreprise pour poursuivre sa carri\u00e8re ailleurs, annonce <strong>Ahold Delhaize<\/strong>. Le distributeur a lanc\u00e9 la recherche d&rsquo;un successeur.<\/p>\n\n\n\n<h2 class=\"wp-block-heading\">Directeur par int\u00e9rim<\/h2>\n\n\n\n<p>Pavlik c\u00e9dera ses fonctions \u00e0 compter d&rsquo;aujourd&rsquo;hui, a indiqu\u00e9 Ahold Delhaize dans un communiqu\u00e9 de presse. Le dirigeant \u00e9tait revenu chez Ahold Delhaize en 2025 en tant que pr\u00e9sident de la marque Albert, apr\u00e8s avoir occup\u00e9 le poste de vice-pr\u00e9sident senior au sein de l&rsquo;entreprise entre 2016 et 2020. Entre-temps, il a notamment travaill\u00e9 pour le supermarch\u00e9 en ligne <strong>Rohlik <\/strong>et la soci\u00e9t\u00e9 de retail media Cruxo. Il a d\u00e9but\u00e9 sa carri\u00e8re dans le secteur des biens de grande consommation chez <strong>Procter &amp; Gamble<\/strong>.<\/p>\n\n\n\n<p>Ahold Delhaize a entam\u00e9 la recherche d\u2019un successeur. En attendant, Jesper Lauridsen, directeur des op\u00e9rations (COO) de la r\u00e9gion Europe centrale et du Sud-Est chez Ahold Delhaize, assurera l\u2019int\u00e9rim. Albert est le troisi\u00e8me acteur du secteur de la grande distribution en R\u00e9publique tch\u00e8que, derri\u00e8re <strong>Lidl<\/strong> et <strong>Kaufland<\/strong>. L\u2019entreprise r\u00e9alise un chiffre d\u2019affaires d\u2019environ 2,8 milliards d\u2019euros.<\/p>\n\n\n\n<p><\/p>\n","protected":false},"excerpt":{"rendered":"<p>Petr Pavlik, directeur de marque de la cha\u00eene de supermarch\u00e9s Albert en R\u00e9publique tch\u00e8que, quitte l&rsquo;entreprise pour poursuivre sa carri\u00e8re ailleurs, annonce Ahold Delhaize. Le distributeur a lanc\u00e9 la recherche d&rsquo;un successeur. <\/p>\n","protected":false},"author":3,"featured_media":146878,"comment_status":"closed","ping_status":"closed","sticky":false,"template":"","format":"standard","meta":{"_acf_changed":false,"inline_featured_image":false,"_jetpack_memberships_contains_paid_content":false,"footnotes":""},"categories":[18,24],"tags":[],"people":[],"extra":[],"company":[124],"topic":[609],"region":[1054],"class_list":{"0":"post-146877","1":"post","2":"type-post","3":"status-publish","4":"format-standard","5":"has-post-thumbnail","6":"hentry","7":"category-food","9":"company-ahold-delhaize","10":"topic-changement-de-direction","11":"region-oost-europa"},"acf":[],"yoast_head":"<!-- This site is optimized with the Yoast SEO plugin v27.3 - https:\/\/yoast.com\/product\/yoast-seo-wordpress\/ -->\n<title>Le directeur pour la R\u00e9publique tch\u00e8que quitte Ahold Delhaize - RetailDetail BE<\/title>\n<meta name=\"description\" content=\"Petr Pavlik, directeur de marque de la cha\u00eene de supermarch\u00e9s Albert en R\u00e9publique tch\u00e8que, quitte l&#039;entreprise pour poursuivre sa carri\u00e8re ailleurs, annonce Ahold Delhaize.\" \/>\n<meta name=\"robots\" content=\"index, follow, max-snippet:-1, max-image-preview:large, max-video-preview:-1\" \/>\n<link rel=\"canonical\" href=\"https:\/\/www.retaildetail.be\/fr\/news\/food\/le-directeur-general-pour-la-republique-tcheque-quitte-ahold-delhaize\/\" \/>\n<meta property=\"og:locale\" content=\"fr_FR\" \/>\n<meta property=\"og:type\" content=\"article\" \/>\n<meta property=\"og:title\" content=\"Le directeur pour la R\u00e9publique tch\u00e8que quitte Ahold Delhaize - RetailDetail BE\" \/>\n<meta property=\"og:description\" content=\"Petr Pavlik, directeur de marque de la cha\u00eene de supermarch\u00e9s Albert en R\u00e9publique tch\u00e8que, quitte l&#039;entreprise pour poursuivre sa carri\u00e8re ailleurs, annonce Ahold Delhaize.\" \/>\n<meta property=\"og:url\" content=\"https:\/\/www.retaildetail.be\/fr\/news\/food\/le-directeur-general-pour-la-republique-tcheque-quitte-ahold-delhaize\/\" \/>\n<meta property=\"og:site_name\" content=\"RetailDetail BE\" \/>\n<meta property=\"article:published_time\" content=\"2026-04-28T13:29:05+00:00\" \/>\n<meta property=\"article:modified_time\" content=\"2026-04-28T13:29:07+00:00\" \/>\n<meta property=\"og:image\" content=\"https:\/\/www.retaildetail.be\/wp-content\/uploads\/2026\/04\/shutterstock_2572463473-1.jpg\" \/>\n\t<meta property=\"og:image:width\" content=\"1000\" \/>\n\t<meta property=\"og:image:height\" content=\"750\" \/>\n\t<meta property=\"og:image:type\" content=\"image\/jpeg\" \/>\n<meta name=\"author\" content=\"Stefan Van Rompaey\" \/>\n<meta name=\"twitter:card\" content=\"summary_large_image\" \/>\n<meta name=\"twitter:label1\" content=\"\u00c9crit par\" \/>\n\t<meta name=\"twitter:data1\" content=\"Stefan Van Rompaey\" \/>\n\t<meta name=\"twitter:label2\" content=\"Dur\u00e9e de lecture estim\u00e9e\" \/>\n\t<meta name=\"twitter:data2\" content=\"1 minute\" \/>\n<script type=\"application\/ld+json\" class=\"yoast-schema-graph\">{\"@context\":\"https:\\\/\\\/schema.org\",\"@graph\":[{\"@type\":\"NewsArticle\",\"@id\":\"https:\\\/\\\/www.retaildetail.be\\\/fr\\\/news\\\/food\\\/le-directeur-general-pour-la-republique-tcheque-quitte-ahold-delhaize\\\/#article\",\"isPartOf\":{\"@id\":\"https:\\\/\\\/www.retaildetail.be\\\/fr\\\/news\\\/food\\\/le-directeur-general-pour-la-republique-tcheque-quitte-ahold-delhaize\\\/\"},\"author\":{\"name\":\"Stefan Van Rompaey\",\"@id\":\"https:\\\/\\\/www.retaildetail.be\\\/nl\\\/#\\\/schema\\\/person\\\/51aec6069c4416aa2f68b2e4ff3455df\"},\"headline\":\"Le directeur pour la R\u00e9publique tch\u00e8que quitte Ahold Delhaize\",\"datePublished\":\"2026-04-28T13:29:05+00:00\",\"dateModified\":\"2026-04-28T13:29:07+00:00\",\"mainEntityOfPage\":{\"@id\":\"https:\\\/\\\/www.retaildetail.be\\\/fr\\\/news\\\/food\\\/le-directeur-general-pour-la-republique-tcheque-quitte-ahold-delhaize\\\/\"},\"wordCount\":213,\"publisher\":{\"@id\":\"https:\\\/\\\/www.retaildetail.be\\\/nl\\\/#organization\"},\"image\":{\"@id\":\"https:\\\/\\\/www.retaildetail.be\\\/fr\\\/news\\\/food\\\/le-directeur-general-pour-la-republique-tcheque-quitte-ahold-delhaize\\\/#primaryimage\"},\"thumbnailUrl\":\"https:\\\/\\\/www.retaildetail.be\\\/wp-content\\\/uploads\\\/2026\\\/04\\\/shutterstock_2572463473-1.jpg\",\"articleSection\":[\"Food\",\"Food\"],\"inLanguage\":\"fr-FR\",\"copyrightYear\":\"2026\",\"copyrightHolder\":{\"@id\":\"https:\\\/\\\/www.retaildetail.be\\\/#organization\"}},{\"@type\":\"WebPage\",\"@id\":\"https:\\\/\\\/www.retaildetail.be\\\/fr\\\/news\\\/food\\\/le-directeur-general-pour-la-republique-tcheque-quitte-ahold-delhaize\\\/\",\"url\":\"https:\\\/\\\/www.retaildetail.be\\\/fr\\\/news\\\/food\\\/le-directeur-general-pour-la-republique-tcheque-quitte-ahold-delhaize\\\/\",\"name\":\"Le directeur pour la R\u00e9publique tch\u00e8que quitte Ahold Delhaize - RetailDetail BE\",\"isPartOf\":{\"@id\":\"https:\\\/\\\/www.retaildetail.be\\\/nl\\\/#website\"},\"primaryImageOfPage\":{\"@id\":\"https:\\\/\\\/www.retaildetail.be\\\/fr\\\/news\\\/food\\\/le-directeur-general-pour-la-republique-tcheque-quitte-ahold-delhaize\\\/#primaryimage\"},\"image\":{\"@id\":\"https:\\\/\\\/www.retaildetail.be\\\/fr\\\/news\\\/food\\\/le-directeur-general-pour-la-republique-tcheque-quitte-ahold-delhaize\\\/#primaryimage\"},\"thumbnailUrl\":\"https:\\\/\\\/www.retaildetail.be\\\/wp-content\\\/uploads\\\/2026\\\/04\\\/shutterstock_2572463473-1.jpg\",\"datePublished\":\"2026-04-28T13:29:05+00:00\",\"dateModified\":\"2026-04-28T13:29:07+00:00\",\"description\":\"Petr Pavlik, directeur de marque de la cha\u00eene de supermarch\u00e9s Albert en R\u00e9publique tch\u00e8que, quitte l'entreprise pour poursuivre sa carri\u00e8re ailleurs, annonce Ahold Delhaize.\",\"breadcrumb\":{\"@id\":\"https:\\\/\\\/www.retaildetail.be\\\/fr\\\/news\\\/food\\\/le-directeur-general-pour-la-republique-tcheque-quitte-ahold-delhaize\\\/#breadcrumb\"},\"inLanguage\":\"fr-FR\",\"potentialAction\":[{\"@type\":\"ReadAction\",\"target\":[\"https:\\\/\\\/www.retaildetail.be\\\/fr\\\/news\\\/food\\\/le-directeur-general-pour-la-republique-tcheque-quitte-ahold-delhaize\\\/\"]}]},{\"@type\":\"ImageObject\",\"inLanguage\":\"fr-FR\",\"@id\":\"https:\\\/\\\/www.retaildetail.be\\\/fr\\\/news\\\/food\\\/le-directeur-general-pour-la-republique-tcheque-quitte-ahold-delhaize\\\/#primaryimage\",\"url\":\"https:\\\/\\\/www.retaildetail.be\\\/wp-content\\\/uploads\\\/2026\\\/04\\\/shutterstock_2572463473-1.jpg\",\"contentUrl\":\"https:\\\/\\\/www.retaildetail.be\\\/wp-content\\\/uploads\\\/2026\\\/04\\\/shutterstock_2572463473-1.jpg\",\"width\":1000,\"height\":750,\"caption\":\"Shutterstock.com\"},{\"@type\":\"BreadcrumbList\",\"@id\":\"https:\\\/\\\/www.retaildetail.be\\\/fr\\\/news\\\/food\\\/le-directeur-general-pour-la-republique-tcheque-quitte-ahold-delhaize\\\/#breadcrumb\",\"itemListElement\":[{\"@type\":\"ListItem\",\"position\":1,\"name\":\"Home\",\"item\":\"https:\\\/\\\/www.retaildetail.be\\\/fr\\\/\"},{\"@type\":\"ListItem\",\"position\":2,\"name\":\"Le directeur pour la R\u00e9publique tch\u00e8que quitte Ahold Delhaize\"}]},{\"@type\":\"WebSite\",\"@id\":\"https:\\\/\\\/www.retaildetail.be\\\/nl\\\/#website\",\"url\":\"https:\\\/\\\/www.retaildetail.be\\\/nl\\\/\",\"name\":\"RetailDetail BE\",\"description\":\"News\",\"publisher\":{\"@id\":\"https:\\\/\\\/www.retaildetail.be\\\/nl\\\/#organization\"},\"potentialAction\":[{\"@type\":\"SearchAction\",\"target\":{\"@type\":\"EntryPoint\",\"urlTemplate\":\"https:\\\/\\\/www.retaildetail.be\\\/nl\\\/?s={search_term_string}\"},\"query-input\":{\"@type\":\"PropertyValueSpecification\",\"valueRequired\":true,\"valueName\":\"search_term_string\"}}],\"inLanguage\":\"fr-FR\"},{\"@type\":\"Organization\",\"@id\":\"https:\\\/\\\/www.retaildetail.be\\\/nl\\\/#organization\",\"name\":\"RetailDetail BE\",\"url\":\"https:\\\/\\\/www.retaildetail.be\\\/nl\\\/\",\"logo\":{\"@type\":\"ImageObject\",\"inLanguage\":\"fr-FR\",\"@id\":\"https:\\\/\\\/www.retaildetail.be\\\/nl\\\/#\\\/schema\\\/logo\\\/image\\\/\",\"url\":\"https:\\\/\\\/www.retaildetail.be\\\/wp-content\\\/uploads\\\/2022\\\/04\\\/logo.svg\",\"contentUrl\":\"https:\\\/\\\/www.retaildetail.be\\\/wp-content\\\/uploads\\\/2022\\\/04\\\/logo.svg\",\"width\":131,\"height\":70,\"caption\":\"RetailDetail BE\"},\"image\":{\"@id\":\"https:\\\/\\\/www.retaildetail.be\\\/nl\\\/#\\\/schema\\\/logo\\\/image\\\/\"}},{\"@type\":\"Person\",\"@id\":\"https:\\\/\\\/www.retaildetail.be\\\/nl\\\/#\\\/schema\\\/person\\\/51aec6069c4416aa2f68b2e4ff3455df\",\"name\":\"Stefan Van Rompaey\",\"image\":{\"@type\":\"ImageObject\",\"inLanguage\":\"fr-FR\",\"@id\":\"https:\\\/\\\/secure.gravatar.com\\\/avatar\\\/fbbb4a80a0f109888b2a5ab8ae255617499ecde533749b3ab2fa6c23b5d65dac?s=96&d=mm&r=g\",\"url\":\"https:\\\/\\\/secure.gravatar.com\\\/avatar\\\/fbbb4a80a0f109888b2a5ab8ae255617499ecde533749b3ab2fa6c23b5d65dac?s=96&d=mm&r=g\",\"contentUrl\":\"https:\\\/\\\/secure.gravatar.com\\\/avatar\\\/fbbb4a80a0f109888b2a5ab8ae255617499ecde533749b3ab2fa6c23b5d65dac?s=96&d=mm&r=g\",\"caption\":\"Stefan Van Rompaey\"},\"url\":\"https:\\\/\\\/www.retaildetail.be\\\/fr\\\/author\\\/stefanvanrompaey\\\/\"}]}<\/script>\n<!-- \/ Yoast SEO plugin. -->","yoast_head_json":{"title":"Le directeur pour la R\u00e9publique tch\u00e8que quitte Ahold Delhaize - RetailDetail BE","description":"Petr Pavlik, directeur de marque de la cha\u00eene de supermarch\u00e9s Albert en R\u00e9publique tch\u00e8que, quitte l'entreprise pour poursuivre sa carri\u00e8re ailleurs, annonce Ahold Delhaize.","robots":{"index":"index","follow":"follow","max-snippet":"max-snippet:-1","max-image-preview":"max-image-preview:large","max-video-preview":"max-video-preview:-1"},"canonical":"https:\/\/www.retaildetail.be\/fr\/news\/food\/le-directeur-general-pour-la-republique-tcheque-quitte-ahold-delhaize\/","og_locale":"fr_FR","og_type":"article","og_title":"Le directeur pour la R\u00e9publique tch\u00e8que quitte Ahold Delhaize - RetailDetail BE","og_description":"Petr Pavlik, directeur de marque de la cha\u00eene de supermarch\u00e9s Albert en R\u00e9publique tch\u00e8que, quitte l'entreprise pour poursuivre sa carri\u00e8re ailleurs, annonce Ahold Delhaize.","og_url":"https:\/\/www.retaildetail.be\/fr\/news\/food\/le-directeur-general-pour-la-republique-tcheque-quitte-ahold-delhaize\/","og_site_name":"RetailDetail BE","article_published_time":"2026-04-28T13:29:05+00:00","article_modified_time":"2026-04-28T13:29:07+00:00","og_image":[{"width":1000,"height":750,"url":"https:\/\/www.retaildetail.be\/wp-content\/uploads\/2026\/04\/shutterstock_2572463473-1.jpg","type":"image\/jpeg"}],"author":"Stefan Van Rompaey","twitter_card":"summary_large_image","twitter_misc":{"\u00c9crit par":"Stefan Van Rompaey","Dur\u00e9e de lecture estim\u00e9e":"1 minute"},"schema":{"@context":"https:\/\/schema.org","@graph":[{"@type":"NewsArticle","@id":"https:\/\/www.retaildetail.be\/fr\/news\/food\/le-directeur-general-pour-la-republique-tcheque-quitte-ahold-delhaize\/#article","isPartOf":{"@id":"https:\/\/www.retaildetail.be\/fr\/news\/food\/le-directeur-general-pour-la-republique-tcheque-quitte-ahold-delhaize\/"},"author":{"name":"Stefan Van Rompaey","@id":"https:\/\/www.retaildetail.be\/nl\/#\/schema\/person\/51aec6069c4416aa2f68b2e4ff3455df"},"headline":"Le directeur pour la R\u00e9publique tch\u00e8que quitte Ahold Delhaize","datePublished":"2026-04-28T13:29:05+00:00","dateModified":"2026-04-28T13:29:07+00:00","mainEntityOfPage":{"@id":"https:\/\/www.retaildetail.be\/fr\/news\/food\/le-directeur-general-pour-la-republique-tcheque-quitte-ahold-delhaize\/"},"wordCount":213,"publisher":{"@id":"https:\/\/www.retaildetail.be\/nl\/#organization"},"image":{"@id":"https:\/\/www.retaildetail.be\/fr\/news\/food\/le-directeur-general-pour-la-republique-tcheque-quitte-ahold-delhaize\/#primaryimage"},"thumbnailUrl":"https:\/\/www.retaildetail.be\/wp-content\/uploads\/2026\/04\/shutterstock_2572463473-1.jpg","articleSection":["Food","Food"],"inLanguage":"fr-FR","copyrightYear":"2026","copyrightHolder":{"@id":"https:\/\/www.retaildetail.be\/#organization"}},{"@type":"WebPage","@id":"https:\/\/www.retaildetail.be\/fr\/news\/food\/le-directeur-general-pour-la-republique-tcheque-quitte-ahold-delhaize\/","url":"https:\/\/www.retaildetail.be\/fr\/news\/food\/le-directeur-general-pour-la-republique-tcheque-quitte-ahold-delhaize\/","name":"Le directeur pour la R\u00e9publique tch\u00e8que quitte Ahold Delhaize - RetailDetail BE","isPartOf":{"@id":"https:\/\/www.retaildetail.be\/nl\/#website"},"primaryImageOfPage":{"@id":"https:\/\/www.retaildetail.be\/fr\/news\/food\/le-directeur-general-pour-la-republique-tcheque-quitte-ahold-delhaize\/#primaryimage"},"image":{"@id":"https:\/\/www.retaildetail.be\/fr\/news\/food\/le-directeur-general-pour-la-republique-tcheque-quitte-ahold-delhaize\/#primaryimage"},"thumbnailUrl":"https:\/\/www.retaildetail.be\/wp-content\/uploads\/2026\/04\/shutterstock_2572463473-1.jpg","datePublished":"2026-04-28T13:29:05+00:00","dateModified":"2026-04-28T13:29:07+00:00","description":"Petr Pavlik, directeur de marque de la cha\u00eene de supermarch\u00e9s Albert en R\u00e9publique tch\u00e8que, quitte l'entreprise pour poursuivre sa carri\u00e8re ailleurs, annonce Ahold Delhaize.","breadcrumb":{"@id":"https:\/\/www.retaildetail.be\/fr\/news\/food\/le-directeur-general-pour-la-republique-tcheque-quitte-ahold-delhaize\/#breadcrumb"},"inLanguage":"fr-FR","potentialAction":[{"@type":"ReadAction","target":["https:\/\/www.retaildetail.be\/fr\/news\/food\/le-directeur-general-pour-la-republique-tcheque-quitte-ahold-delhaize\/"]}]},{"@type":"ImageObject","inLanguage":"fr-FR","@id":"https:\/\/www.retaildetail.be\/fr\/news\/food\/le-directeur-general-pour-la-republique-tcheque-quitte-ahold-delhaize\/#primaryimage","url":"https:\/\/www.retaildetail.be\/wp-content\/uploads\/2026\/04\/shutterstock_2572463473-1.jpg","contentUrl":"https:\/\/www.retaildetail.be\/wp-content\/uploads\/2026\/04\/shutterstock_2572463473-1.jpg","width":1000,"height":750,"caption":"Shutterstock.com"},{"@type":"BreadcrumbList","@id":"https:\/\/www.retaildetail.be\/fr\/news\/food\/le-directeur-general-pour-la-republique-tcheque-quitte-ahold-delhaize\/#breadcrumb","itemListElement":[{"@type":"ListItem","position":1,"name":"Home","item":"https:\/\/www.retaildetail.be\/fr\/"},{"@type":"ListItem","position":2,"name":"Le directeur pour la R\u00e9publique tch\u00e8que quitte Ahold Delhaize"}]},{"@type":"WebSite","@id":"https:\/\/www.retaildetail.be\/nl\/#website","url":"https:\/\/www.retaildetail.be\/nl\/","name":"RetailDetail BE","description":"News","publisher":{"@id":"https:\/\/www.retaildetail.be\/nl\/#organization"},"potentialAction":[{"@type":"SearchAction","target":{"@type":"EntryPoint","urlTemplate":"https:\/\/www.retaildetail.be\/nl\/?s={search_term_string}"},"query-input":{"@type":"PropertyValueSpecification","valueRequired":true,"valueName":"search_term_string"}}],"inLanguage":"fr-FR"},{"@type":"Organization","@id":"https:\/\/www.retaildetail.be\/nl\/#organization","name":"RetailDetail BE","url":"https:\/\/www.retaildetail.be\/nl\/","logo":{"@type":"ImageObject","inLanguage":"fr-FR","@id":"https:\/\/www.retaildetail.be\/nl\/#\/schema\/logo\/image\/","url":"https:\/\/www.retaildetail.be\/wp-content\/uploads\/2022\/04\/logo.svg","contentUrl":"https:\/\/www.retaildetail.be\/wp-content\/uploads\/2022\/04\/logo.svg","width":131,"height":70,"caption":"RetailDetail BE"},"image":{"@id":"https:\/\/www.retaildetail.be\/nl\/#\/schema\/logo\/image\/"}},{"@type":"Person","@id":"https:\/\/www.retaildetail.be\/nl\/#\/schema\/person\/51aec6069c4416aa2f68b2e4ff3455df","name":"Stefan Van Rompaey","image":{"@type":"ImageObject","inLanguage":"fr-FR","@id":"https:\/\/secure.gravatar.com\/avatar\/fbbb4a80a0f109888b2a5ab8ae255617499ecde533749b3ab2fa6c23b5d65dac?s=96&d=mm&r=g","url":"https:\/\/secure.gravatar.com\/avatar\/fbbb4a80a0f109888b2a5ab8ae255617499ecde533749b3ab2fa6c23b5d65dac?s=96&d=mm&r=g","contentUrl":"https:\/\/secure.gravatar.com\/avatar\/fbbb4a80a0f109888b2a5ab8ae255617499ecde533749b3ab2fa6c23b5d65dac?s=96&d=mm&r=g","caption":"Stefan Van Rompaey"},"url":"https:\/\/www.retaildetail.be\/fr\/author\/stefanvanrompaey\/"}]}},"jetpack_featured_media_url":"https:\/\/www.retaildetail.be\/wp-content\/uploads\/2026\/04\/shutterstock_2572463473-1.jpg","jetpack_sharing_enabled":true,"_links":{"self":[{"href":"https:\/\/www.retaildetail.be\/fr\/wp-json\/wp\/v2\/posts\/146877","targetHints":{"allow":["GET"]}}],"collection":[{"href":"https:\/\/www.retaildetail.be\/fr\/wp-json\/wp\/v2\/posts"}],"about":[{"href":"https:\/\/www.retaildetail.be\/fr\/wp-json\/wp\/v2\/types\/post"}],"author":[{"embeddable":true,"href":"https:\/\/www.retaildetail.be\/fr\/wp-json\/wp\/v2\/users\/3"}],"replies":[{"embeddable":true,"href":"https:\/\/www.retaildetail.be\/fr\/wp-json\/wp\/v2\/comments?post=146877"}],"version-history":[{"count":1,"href":"https:\/\/www.retaildetail.be\/fr\/wp-json\/wp\/v2\/posts\/146877\/revisions"}],"predecessor-version":[{"id":146879,"href":"https:\/\/www.retaildetail.be\/fr\/wp-json\/wp\/v2\/posts\/146877\/revisions\/146879"}],"wp:featuredmedia":[{"embeddable":true,"href":"https:\/\/www.retaildetail.be\/fr\/wp-json\/wp\/v2\/media\/146878"}],"wp:attachment":[{"href":"https:\/\/www.retaildetail.be\/fr\/wp-json\/wp\/v2\/media?parent=146877"}],"wp:term":[{"taxonomy":"category","embeddable":true,"href":"https:\/\/www.retaildetail.be\/fr\/wp-json\/wp\/v2\/categories?post=146877"},{"taxonomy":"post_tag","embeddable":true,"href":"https:\/\/www.retaildetail.be\/fr\/wp-json\/wp\/v2\/tags?post=146877"},{"taxonomy":"people","embeddable":true,"href":"https:\/\/www.retaildetail.be\/fr\/wp-json\/wp\/v2\/people?post=146877"},{"taxonomy":"extra","embeddable":true,"href":"https:\/\/www.retaildetail.be\/fr\/wp-json\/wp\/v2\/extra?post=146877"},{"taxonomy":"company","embeddable":true,"href":"https:\/\/www.retaildetail.be\/fr\/wp-json\/wp\/v2\/company?post=146877"},{"taxonomy":"topic","embeddable":true,"href":"https:\/\/www.retaildetail.be\/fr\/wp-json\/wp\/v2\/topic?post=146877"},{"taxonomy":"region","embeddable":true,"href":"https:\/\/www.retaildetail.be\/fr\/wp-json\/wp\/v2\/region?post=146877"}],"curies":[{"name":"wp","href":"https:\/\/api.w.org\/{rel}","templated":true}]}}