{"id":146890,"date":"2026-04-28T16:33:19","date_gmt":"2026-04-28T14:33:19","guid":{"rendered":"https:\/\/www.retaildetail.be\/?p=146890"},"modified":"2026-04-28T16:33:21","modified_gmt":"2026-04-28T14:33:21","slug":"pinko-poursuit-sa-reprise-grace-a-une-forte-croissance-de-ses-benefices","status":"publish","type":"post","link":"https:\/\/www.retaildetail.be\/fr\/news\/mode\/pinko-poursuit-sa-reprise-grace-a-une-forte-croissance-de-ses-benefices\/","title":{"rendered":"Pinko poursuit sa reprise avec une forte croissance de ses b\u00e9n\u00e9fices"},"content":{"rendered":"\n<p>Le groupe de mode italien <strong>Pinko <\/strong>a davantage accru ses b\u00e9n\u00e9fices au premier trimestre. Or, la marque de luxe n&rsquo;est sortie du rouge que l&rsquo;ann\u00e9e derni\u00e8re, apr\u00e8s plusieurs ann\u00e9es difficiles.<\/p>\n\n\n\n<h2 class=\"wp-block-heading\">Plus s\u00e9lectif et plus rentable<\/h2>\n\n\n\n<p>Au premier trimestre 2026, Pinko a enregistr\u00e9 un EBITDA de 6,7 millions d&rsquo;euros, soit une hausse de 23,4 % par rapport aux 5,4 millions d&rsquo;euros de l&rsquo;ann\u00e9e pr\u00e9c\u00e9dente. Pour la marque de luxe italienne, il s&rsquo;agit d&rsquo;une confirmation importante de la strat\u00e9gie de relance, car <a href=\"https:\/\/www.retaildetail.be\/fr\/news\/mode\/pinko-a-un-tournant-retour-aux-benefices-cette-annee\/\" type=\"link\" id=\"https:\/\/www.retaildetail.be\/fr\/news\/mode\/pinko-a-un-tournant-retour-aux-benefices-cette-annee\/\">ce n&rsquo;est qu&rsquo;en 2025 que la marque a renou\u00e9 avec un r\u00e9sultat op\u00e9rationnel positif<\/a> de 18 millions d&rsquo;euros. En 2024, le r\u00e9sultat \u00e9tait encore de 30,8 millions d&rsquo;euros dans le rouge.<\/p>\n\n\n\n<p>Le groupe de mode a notamment r\u00e9duit son r\u00e9seau commercial. L&rsquo;entreprise a supprim\u00e9 les activit\u00e9s moins rentables et optimis\u00e9 la distribution. Ces choix strat\u00e9giques se sont traduits par un chiffre d&rsquo;affaires annuel de plus de 220 millions d&rsquo;euros en 2025. En op\u00e9rant de mani\u00e8re plus s\u00e9lective, la marque entend renforcer sa comp\u00e9titivit\u00e9 internationale sur un march\u00e9 du luxe en difficult\u00e9.<\/p>\n\n\n\n<p>Pinko table sur une poursuite de sa croissance dans les mois \u00e0 venir. En pr\u00e9vision de la campagne de soldes de mai, l&rsquo;entreprise finalise actuellement plusieurs projets strat\u00e9giques et conclut de nouveaux partenariats avec des acteurs internationaux. Ceux-ci doivent renforcer la pr\u00e9sence mondiale de la marque. L&rsquo;entreprise ne communique toutefois pas ses chiffres d&rsquo;affaires du premier trimestre.<\/p>\n","protected":false},"excerpt":{"rendered":"<p>Le groupe de mode italien Pinko a davantage accru ses b\u00e9n\u00e9fices au premier trimestre. Or, la marque de luxe n&rsquo;est sortie du rouge que l&rsquo;ann\u00e9e derni\u00e8re, apr\u00e8s plusieurs ann\u00e9es difficiles.<\/p>\n","protected":false},"author":5,"featured_media":146891,"comment_status":"closed","ping_status":"closed","sticky":false,"template":"","format":"standard","meta":{"_acf_changed":false,"inline_featured_image":false,"_jetpack_memberships_contains_paid_content":false,"footnotes":""},"categories":[14,22],"tags":[],"people":[],"extra":[43],"company":[1711],"topic":[266],"region":[861],"class_list":{"0":"post-146890","1":"post","2":"type-post","3":"status-publish","4":"format-standard","5":"has-post-thumbnail","6":"hentry","7":"category-mode","9":"extra-plus","10":"company-pinko","11":"topic-resultats-financiers","12":"region-italie-2"},"acf":[],"yoast_head":"<!-- This site is optimized with the Yoast SEO plugin v27.3 - https:\/\/yoast.com\/product\/yoast-seo-wordpress\/ -->\n<title>Pinko poursuit sa reprise avec une forte croissance de ses b\u00e9n\u00e9fices - RetailDetail BE<\/title>\n<meta name=\"description\" content=\"Le groupe de mode Pinko a davantage accru ses b\u00e9n\u00e9fices au premier trimestre. La marque de luxe n&#039;est sortie du rouge que l&#039;ann\u00e9e derni\u00e8re.\" \/>\n<meta name=\"robots\" content=\"index, follow, max-snippet:-1, max-image-preview:large, max-video-preview:-1\" \/>\n<link rel=\"canonical\" href=\"https:\/\/www.retaildetail.be\/fr\/news\/mode\/pinko-poursuit-sa-reprise-grace-a-une-forte-croissance-de-ses-benefices\/\" \/>\n<meta property=\"og:locale\" content=\"fr_FR\" \/>\n<meta property=\"og:type\" content=\"article\" \/>\n<meta property=\"og:title\" content=\"Pinko poursuit sa reprise avec une forte croissance de ses b\u00e9n\u00e9fices - RetailDetail BE\" \/>\n<meta property=\"og:description\" content=\"Le groupe de mode Pinko a davantage accru ses b\u00e9n\u00e9fices au premier trimestre. La marque de luxe n&#039;est sortie du rouge que l&#039;ann\u00e9e derni\u00e8re.\" \/>\n<meta property=\"og:url\" content=\"https:\/\/www.retaildetail.be\/fr\/news\/mode\/pinko-poursuit-sa-reprise-grace-a-une-forte-croissance-de-ses-benefices\/\" \/>\n<meta property=\"og:site_name\" content=\"RetailDetail BE\" \/>\n<meta property=\"article:published_time\" content=\"2026-04-28T14:33:19+00:00\" \/>\n<meta property=\"article:modified_time\" content=\"2026-04-28T14:33:21+00:00\" \/>\n<meta property=\"og:image\" content=\"https:\/\/www.retaildetail.be\/wp-content\/uploads\/2026\/04\/Pinko-foto-Fashion-Club-70-scaled-1.jpg\" \/>\n\t<meta property=\"og:image:width\" content=\"2560\" \/>\n\t<meta property=\"og:image:height\" content=\"1708\" \/>\n\t<meta property=\"og:image:type\" content=\"image\/jpeg\" \/>\n<meta name=\"author\" content=\"Pauline Neerman\" \/>\n<meta name=\"twitter:card\" content=\"summary_large_image\" \/>\n<meta name=\"twitter:label1\" content=\"\u00c9crit par\" \/>\n\t<meta name=\"twitter:data1\" content=\"Pauline Neerman\" \/>\n\t<meta name=\"twitter:label2\" content=\"Dur\u00e9e de lecture estim\u00e9e\" \/>\n\t<meta name=\"twitter:data2\" content=\"1 minute\" \/>\n<script type=\"application\/ld+json\" class=\"yoast-schema-graph\">{\"@context\":\"https:\\\/\\\/schema.org\",\"@graph\":[{\"@type\":\"NewsArticle\",\"@id\":\"https:\\\/\\\/www.retaildetail.be\\\/fr\\\/news\\\/mode\\\/pinko-poursuit-sa-reprise-grace-a-une-forte-croissance-de-ses-benefices\\\/#article\",\"isPartOf\":{\"@id\":\"https:\\\/\\\/www.retaildetail.be\\\/fr\\\/news\\\/mode\\\/pinko-poursuit-sa-reprise-grace-a-une-forte-croissance-de-ses-benefices\\\/\"},\"author\":{\"name\":\"Pauline Neerman\",\"@id\":\"https:\\\/\\\/www.retaildetail.be\\\/nl\\\/#\\\/schema\\\/person\\\/66b54803fa10759039079458ea89e307\"},\"headline\":\"Pinko poursuit sa reprise avec une forte croissance de ses b\u00e9n\u00e9fices\",\"datePublished\":\"2026-04-28T14:33:19+00:00\",\"dateModified\":\"2026-04-28T14:33:21+00:00\",\"mainEntityOfPage\":{\"@id\":\"https:\\\/\\\/www.retaildetail.be\\\/fr\\\/news\\\/mode\\\/pinko-poursuit-sa-reprise-grace-a-une-forte-croissance-de-ses-benefices\\\/\"},\"wordCount\":271,\"publisher\":{\"@id\":\"https:\\\/\\\/www.retaildetail.be\\\/nl\\\/#organization\"},\"image\":{\"@id\":\"https:\\\/\\\/www.retaildetail.be\\\/fr\\\/news\\\/mode\\\/pinko-poursuit-sa-reprise-grace-a-une-forte-croissance-de-ses-benefices\\\/#primaryimage\"},\"thumbnailUrl\":\"https:\\\/\\\/www.retaildetail.be\\\/wp-content\\\/uploads\\\/2026\\\/04\\\/Pinko-foto-Fashion-Club-70-scaled-1.jpg\",\"articleSection\":[\"Mode\",\"Mode\"],\"inLanguage\":\"fr-FR\",\"copyrightYear\":\"2026\",\"copyrightHolder\":{\"@id\":\"https:\\\/\\\/www.retaildetail.be\\\/#organization\"}},{\"@type\":\"WebPage\",\"@id\":\"https:\\\/\\\/www.retaildetail.be\\\/fr\\\/news\\\/mode\\\/pinko-poursuit-sa-reprise-grace-a-une-forte-croissance-de-ses-benefices\\\/\",\"url\":\"https:\\\/\\\/www.retaildetail.be\\\/fr\\\/news\\\/mode\\\/pinko-poursuit-sa-reprise-grace-a-une-forte-croissance-de-ses-benefices\\\/\",\"name\":\"Pinko poursuit sa reprise avec une forte croissance de ses b\u00e9n\u00e9fices - RetailDetail BE\",\"isPartOf\":{\"@id\":\"https:\\\/\\\/www.retaildetail.be\\\/nl\\\/#website\"},\"primaryImageOfPage\":{\"@id\":\"https:\\\/\\\/www.retaildetail.be\\\/fr\\\/news\\\/mode\\\/pinko-poursuit-sa-reprise-grace-a-une-forte-croissance-de-ses-benefices\\\/#primaryimage\"},\"image\":{\"@id\":\"https:\\\/\\\/www.retaildetail.be\\\/fr\\\/news\\\/mode\\\/pinko-poursuit-sa-reprise-grace-a-une-forte-croissance-de-ses-benefices\\\/#primaryimage\"},\"thumbnailUrl\":\"https:\\\/\\\/www.retaildetail.be\\\/wp-content\\\/uploads\\\/2026\\\/04\\\/Pinko-foto-Fashion-Club-70-scaled-1.jpg\",\"datePublished\":\"2026-04-28T14:33:19+00:00\",\"dateModified\":\"2026-04-28T14:33:21+00:00\",\"description\":\"Le groupe de mode Pinko a davantage accru ses b\u00e9n\u00e9fices au premier trimestre. La marque de luxe n'est sortie du rouge que l'ann\u00e9e derni\u00e8re.\",\"breadcrumb\":{\"@id\":\"https:\\\/\\\/www.retaildetail.be\\\/fr\\\/news\\\/mode\\\/pinko-poursuit-sa-reprise-grace-a-une-forte-croissance-de-ses-benefices\\\/#breadcrumb\"},\"inLanguage\":\"fr-FR\",\"potentialAction\":[{\"@type\":\"ReadAction\",\"target\":[\"https:\\\/\\\/www.retaildetail.be\\\/fr\\\/news\\\/mode\\\/pinko-poursuit-sa-reprise-grace-a-une-forte-croissance-de-ses-benefices\\\/\"]}]},{\"@type\":\"ImageObject\",\"inLanguage\":\"fr-FR\",\"@id\":\"https:\\\/\\\/www.retaildetail.be\\\/fr\\\/news\\\/mode\\\/pinko-poursuit-sa-reprise-grace-a-une-forte-croissance-de-ses-benefices\\\/#primaryimage\",\"url\":\"https:\\\/\\\/www.retaildetail.be\\\/wp-content\\\/uploads\\\/2026\\\/04\\\/Pinko-foto-Fashion-Club-70-scaled-1.jpg\",\"contentUrl\":\"https:\\\/\\\/www.retaildetail.be\\\/wp-content\\\/uploads\\\/2026\\\/04\\\/Pinko-foto-Fashion-Club-70-scaled-1.jpg\",\"width\":2560,\"height\":1708},{\"@type\":\"BreadcrumbList\",\"@id\":\"https:\\\/\\\/www.retaildetail.be\\\/fr\\\/news\\\/mode\\\/pinko-poursuit-sa-reprise-grace-a-une-forte-croissance-de-ses-benefices\\\/#breadcrumb\",\"itemListElement\":[{\"@type\":\"ListItem\",\"position\":1,\"name\":\"Home\",\"item\":\"https:\\\/\\\/www.retaildetail.be\\\/fr\\\/\"},{\"@type\":\"ListItem\",\"position\":2,\"name\":\"Pinko poursuit sa reprise avec une forte croissance de ses b\u00e9n\u00e9fices\"}]},{\"@type\":\"WebSite\",\"@id\":\"https:\\\/\\\/www.retaildetail.be\\\/nl\\\/#website\",\"url\":\"https:\\\/\\\/www.retaildetail.be\\\/nl\\\/\",\"name\":\"RetailDetail BE\",\"description\":\"News\",\"publisher\":{\"@id\":\"https:\\\/\\\/www.retaildetail.be\\\/nl\\\/#organization\"},\"potentialAction\":[{\"@type\":\"SearchAction\",\"target\":{\"@type\":\"EntryPoint\",\"urlTemplate\":\"https:\\\/\\\/www.retaildetail.be\\\/nl\\\/?s={search_term_string}\"},\"query-input\":{\"@type\":\"PropertyValueSpecification\",\"valueRequired\":true,\"valueName\":\"search_term_string\"}}],\"inLanguage\":\"fr-FR\"},{\"@type\":\"Organization\",\"@id\":\"https:\\\/\\\/www.retaildetail.be\\\/nl\\\/#organization\",\"name\":\"RetailDetail BE\",\"url\":\"https:\\\/\\\/www.retaildetail.be\\\/nl\\\/\",\"logo\":{\"@type\":\"ImageObject\",\"inLanguage\":\"fr-FR\",\"@id\":\"https:\\\/\\\/www.retaildetail.be\\\/nl\\\/#\\\/schema\\\/logo\\\/image\\\/\",\"url\":\"https:\\\/\\\/www.retaildetail.be\\\/wp-content\\\/uploads\\\/2022\\\/04\\\/logo.svg\",\"contentUrl\":\"https:\\\/\\\/www.retaildetail.be\\\/wp-content\\\/uploads\\\/2022\\\/04\\\/logo.svg\",\"width\":131,\"height\":70,\"caption\":\"RetailDetail BE\"},\"image\":{\"@id\":\"https:\\\/\\\/www.retaildetail.be\\\/nl\\\/#\\\/schema\\\/logo\\\/image\\\/\"}},{\"@type\":\"Person\",\"@id\":\"https:\\\/\\\/www.retaildetail.be\\\/nl\\\/#\\\/schema\\\/person\\\/66b54803fa10759039079458ea89e307\",\"name\":\"Pauline Neerman\",\"image\":{\"@type\":\"ImageObject\",\"inLanguage\":\"fr-FR\",\"@id\":\"https:\\\/\\\/secure.gravatar.com\\\/avatar\\\/58db22aee589a691f9603e5765ac06010427a923f9b2728b951eb7fe27214d70?s=96&d=mm&r=g\",\"url\":\"https:\\\/\\\/secure.gravatar.com\\\/avatar\\\/58db22aee589a691f9603e5765ac06010427a923f9b2728b951eb7fe27214d70?s=96&d=mm&r=g\",\"contentUrl\":\"https:\\\/\\\/secure.gravatar.com\\\/avatar\\\/58db22aee589a691f9603e5765ac06010427a923f9b2728b951eb7fe27214d70?s=96&d=mm&r=g\",\"caption\":\"Pauline Neerman\"},\"url\":\"https:\\\/\\\/www.retaildetail.be\\\/fr\\\/author\\\/paulineneerman\\\/\"}]}<\/script>\n<!-- \/ Yoast SEO plugin. -->","yoast_head_json":{"title":"Pinko poursuit sa reprise avec une forte croissance de ses b\u00e9n\u00e9fices - RetailDetail BE","description":"Le groupe de mode Pinko a davantage accru ses b\u00e9n\u00e9fices au premier trimestre. La marque de luxe n'est sortie du rouge que l'ann\u00e9e derni\u00e8re.","robots":{"index":"index","follow":"follow","max-snippet":"max-snippet:-1","max-image-preview":"max-image-preview:large","max-video-preview":"max-video-preview:-1"},"canonical":"https:\/\/www.retaildetail.be\/fr\/news\/mode\/pinko-poursuit-sa-reprise-grace-a-une-forte-croissance-de-ses-benefices\/","og_locale":"fr_FR","og_type":"article","og_title":"Pinko poursuit sa reprise avec une forte croissance de ses b\u00e9n\u00e9fices - RetailDetail BE","og_description":"Le groupe de mode Pinko a davantage accru ses b\u00e9n\u00e9fices au premier trimestre. La marque de luxe n'est sortie du rouge que l'ann\u00e9e derni\u00e8re.","og_url":"https:\/\/www.retaildetail.be\/fr\/news\/mode\/pinko-poursuit-sa-reprise-grace-a-une-forte-croissance-de-ses-benefices\/","og_site_name":"RetailDetail BE","article_published_time":"2026-04-28T14:33:19+00:00","article_modified_time":"2026-04-28T14:33:21+00:00","og_image":[{"width":2560,"height":1708,"url":"https:\/\/www.retaildetail.be\/wp-content\/uploads\/2026\/04\/Pinko-foto-Fashion-Club-70-scaled-1.jpg","type":"image\/jpeg"}],"author":"Pauline Neerman","twitter_card":"summary_large_image","twitter_misc":{"\u00c9crit par":"Pauline Neerman","Dur\u00e9e de lecture estim\u00e9e":"1 minute"},"schema":{"@context":"https:\/\/schema.org","@graph":[{"@type":"NewsArticle","@id":"https:\/\/www.retaildetail.be\/fr\/news\/mode\/pinko-poursuit-sa-reprise-grace-a-une-forte-croissance-de-ses-benefices\/#article","isPartOf":{"@id":"https:\/\/www.retaildetail.be\/fr\/news\/mode\/pinko-poursuit-sa-reprise-grace-a-une-forte-croissance-de-ses-benefices\/"},"author":{"name":"Pauline Neerman","@id":"https:\/\/www.retaildetail.be\/nl\/#\/schema\/person\/66b54803fa10759039079458ea89e307"},"headline":"Pinko poursuit sa reprise avec une forte croissance de ses b\u00e9n\u00e9fices","datePublished":"2026-04-28T14:33:19+00:00","dateModified":"2026-04-28T14:33:21+00:00","mainEntityOfPage":{"@id":"https:\/\/www.retaildetail.be\/fr\/news\/mode\/pinko-poursuit-sa-reprise-grace-a-une-forte-croissance-de-ses-benefices\/"},"wordCount":271,"publisher":{"@id":"https:\/\/www.retaildetail.be\/nl\/#organization"},"image":{"@id":"https:\/\/www.retaildetail.be\/fr\/news\/mode\/pinko-poursuit-sa-reprise-grace-a-une-forte-croissance-de-ses-benefices\/#primaryimage"},"thumbnailUrl":"https:\/\/www.retaildetail.be\/wp-content\/uploads\/2026\/04\/Pinko-foto-Fashion-Club-70-scaled-1.jpg","articleSection":["Mode","Mode"],"inLanguage":"fr-FR","copyrightYear":"2026","copyrightHolder":{"@id":"https:\/\/www.retaildetail.be\/#organization"}},{"@type":"WebPage","@id":"https:\/\/www.retaildetail.be\/fr\/news\/mode\/pinko-poursuit-sa-reprise-grace-a-une-forte-croissance-de-ses-benefices\/","url":"https:\/\/www.retaildetail.be\/fr\/news\/mode\/pinko-poursuit-sa-reprise-grace-a-une-forte-croissance-de-ses-benefices\/","name":"Pinko poursuit sa reprise avec une forte croissance de ses b\u00e9n\u00e9fices - RetailDetail BE","isPartOf":{"@id":"https:\/\/www.retaildetail.be\/nl\/#website"},"primaryImageOfPage":{"@id":"https:\/\/www.retaildetail.be\/fr\/news\/mode\/pinko-poursuit-sa-reprise-grace-a-une-forte-croissance-de-ses-benefices\/#primaryimage"},"image":{"@id":"https:\/\/www.retaildetail.be\/fr\/news\/mode\/pinko-poursuit-sa-reprise-grace-a-une-forte-croissance-de-ses-benefices\/#primaryimage"},"thumbnailUrl":"https:\/\/www.retaildetail.be\/wp-content\/uploads\/2026\/04\/Pinko-foto-Fashion-Club-70-scaled-1.jpg","datePublished":"2026-04-28T14:33:19+00:00","dateModified":"2026-04-28T14:33:21+00:00","description":"Le groupe de mode Pinko a davantage accru ses b\u00e9n\u00e9fices au premier trimestre. La marque de luxe n'est sortie du rouge que l'ann\u00e9e derni\u00e8re.","breadcrumb":{"@id":"https:\/\/www.retaildetail.be\/fr\/news\/mode\/pinko-poursuit-sa-reprise-grace-a-une-forte-croissance-de-ses-benefices\/#breadcrumb"},"inLanguage":"fr-FR","potentialAction":[{"@type":"ReadAction","target":["https:\/\/www.retaildetail.be\/fr\/news\/mode\/pinko-poursuit-sa-reprise-grace-a-une-forte-croissance-de-ses-benefices\/"]}]},{"@type":"ImageObject","inLanguage":"fr-FR","@id":"https:\/\/www.retaildetail.be\/fr\/news\/mode\/pinko-poursuit-sa-reprise-grace-a-une-forte-croissance-de-ses-benefices\/#primaryimage","url":"https:\/\/www.retaildetail.be\/wp-content\/uploads\/2026\/04\/Pinko-foto-Fashion-Club-70-scaled-1.jpg","contentUrl":"https:\/\/www.retaildetail.be\/wp-content\/uploads\/2026\/04\/Pinko-foto-Fashion-Club-70-scaled-1.jpg","width":2560,"height":1708},{"@type":"BreadcrumbList","@id":"https:\/\/www.retaildetail.be\/fr\/news\/mode\/pinko-poursuit-sa-reprise-grace-a-une-forte-croissance-de-ses-benefices\/#breadcrumb","itemListElement":[{"@type":"ListItem","position":1,"name":"Home","item":"https:\/\/www.retaildetail.be\/fr\/"},{"@type":"ListItem","position":2,"name":"Pinko poursuit sa reprise avec une forte croissance de ses b\u00e9n\u00e9fices"}]},{"@type":"WebSite","@id":"https:\/\/www.retaildetail.be\/nl\/#website","url":"https:\/\/www.retaildetail.be\/nl\/","name":"RetailDetail BE","description":"News","publisher":{"@id":"https:\/\/www.retaildetail.be\/nl\/#organization"},"potentialAction":[{"@type":"SearchAction","target":{"@type":"EntryPoint","urlTemplate":"https:\/\/www.retaildetail.be\/nl\/?s={search_term_string}"},"query-input":{"@type":"PropertyValueSpecification","valueRequired":true,"valueName":"search_term_string"}}],"inLanguage":"fr-FR"},{"@type":"Organization","@id":"https:\/\/www.retaildetail.be\/nl\/#organization","name":"RetailDetail BE","url":"https:\/\/www.retaildetail.be\/nl\/","logo":{"@type":"ImageObject","inLanguage":"fr-FR","@id":"https:\/\/www.retaildetail.be\/nl\/#\/schema\/logo\/image\/","url":"https:\/\/www.retaildetail.be\/wp-content\/uploads\/2022\/04\/logo.svg","contentUrl":"https:\/\/www.retaildetail.be\/wp-content\/uploads\/2022\/04\/logo.svg","width":131,"height":70,"caption":"RetailDetail BE"},"image":{"@id":"https:\/\/www.retaildetail.be\/nl\/#\/schema\/logo\/image\/"}},{"@type":"Person","@id":"https:\/\/www.retaildetail.be\/nl\/#\/schema\/person\/66b54803fa10759039079458ea89e307","name":"Pauline Neerman","image":{"@type":"ImageObject","inLanguage":"fr-FR","@id":"https:\/\/secure.gravatar.com\/avatar\/58db22aee589a691f9603e5765ac06010427a923f9b2728b951eb7fe27214d70?s=96&d=mm&r=g","url":"https:\/\/secure.gravatar.com\/avatar\/58db22aee589a691f9603e5765ac06010427a923f9b2728b951eb7fe27214d70?s=96&d=mm&r=g","contentUrl":"https:\/\/secure.gravatar.com\/avatar\/58db22aee589a691f9603e5765ac06010427a923f9b2728b951eb7fe27214d70?s=96&d=mm&r=g","caption":"Pauline Neerman"},"url":"https:\/\/www.retaildetail.be\/fr\/author\/paulineneerman\/"}]}},"jetpack_featured_media_url":"https:\/\/www.retaildetail.be\/wp-content\/uploads\/2026\/04\/Pinko-foto-Fashion-Club-70-scaled-1.jpg","jetpack_sharing_enabled":true,"_links":{"self":[{"href":"https:\/\/www.retaildetail.be\/fr\/wp-json\/wp\/v2\/posts\/146890","targetHints":{"allow":["GET"]}}],"collection":[{"href":"https:\/\/www.retaildetail.be\/fr\/wp-json\/wp\/v2\/posts"}],"about":[{"href":"https:\/\/www.retaildetail.be\/fr\/wp-json\/wp\/v2\/types\/post"}],"author":[{"embeddable":true,"href":"https:\/\/www.retaildetail.be\/fr\/wp-json\/wp\/v2\/users\/5"}],"replies":[{"embeddable":true,"href":"https:\/\/www.retaildetail.be\/fr\/wp-json\/wp\/v2\/comments?post=146890"}],"version-history":[{"count":1,"href":"https:\/\/www.retaildetail.be\/fr\/wp-json\/wp\/v2\/posts\/146890\/revisions"}],"predecessor-version":[{"id":146892,"href":"https:\/\/www.retaildetail.be\/fr\/wp-json\/wp\/v2\/posts\/146890\/revisions\/146892"}],"wp:featuredmedia":[{"embeddable":true,"href":"https:\/\/www.retaildetail.be\/fr\/wp-json\/wp\/v2\/media\/146891"}],"wp:attachment":[{"href":"https:\/\/www.retaildetail.be\/fr\/wp-json\/wp\/v2\/media?parent=146890"}],"wp:term":[{"taxonomy":"category","embeddable":true,"href":"https:\/\/www.retaildetail.be\/fr\/wp-json\/wp\/v2\/categories?post=146890"},{"taxonomy":"post_tag","embeddable":true,"href":"https:\/\/www.retaildetail.be\/fr\/wp-json\/wp\/v2\/tags?post=146890"},{"taxonomy":"people","embeddable":true,"href":"https:\/\/www.retaildetail.be\/fr\/wp-json\/wp\/v2\/people?post=146890"},{"taxonomy":"extra","embeddable":true,"href":"https:\/\/www.retaildetail.be\/fr\/wp-json\/wp\/v2\/extra?post=146890"},{"taxonomy":"company","embeddable":true,"href":"https:\/\/www.retaildetail.be\/fr\/wp-json\/wp\/v2\/company?post=146890"},{"taxonomy":"topic","embeddable":true,"href":"https:\/\/www.retaildetail.be\/fr\/wp-json\/wp\/v2\/topic?post=146890"},{"taxonomy":"region","embeddable":true,"href":"https:\/\/www.retaildetail.be\/fr\/wp-json\/wp\/v2\/region?post=146890"}],"curies":[{"name":"wp","href":"https:\/\/api.w.org\/{rel}","templated":true}]}}