{"id":146922,"date":"2026-04-29T11:24:09","date_gmt":"2026-04-29T09:24:09","guid":{"rendered":"https:\/\/www.retaildetail.be\/?p=146922"},"modified":"2026-04-29T11:24:12","modified_gmt":"2026-04-29T09:24:12","slug":"mondelez-profite-des-hausses-de-prix-et-de-la-vigueur-des-marches-emergents","status":"publish","type":"post","link":"https:\/\/www.retaildetail.be\/fr\/news\/food\/mondelez-profite-des-hausses-de-prix-et-de-la-vigueur-des-marches-emergents\/","title":{"rendered":"Mondelez profite des hausses de prix et de la vigueur des march\u00e9s \u00e9mergents"},"content":{"rendered":"\n<p>Au premier trimestre 2026, <strong>Mondelez <\/strong>a d\u00e9pass\u00e9 les pr\u00e9visions gr\u00e2ce \u00e0 des hausses de prix et \u00e0 une demande de snacks qui reste soutenue. Le fabricant de marques telles que Oreo et Milka d\u00e9montre sa capacit\u00e9 \u00e0 pr\u00e9server ses marges, m\u00eame dans un contexte instable.<\/p>\n\n\n\n<h2 class=\"wp-block-heading\">Les hausses de prix compensent la baisse des volumes<\/h2>\n\n\n\n<p>Le chiffre d&rsquo;affaires a atteint 10,08 milliards de dollars am\u00e9ricains (9,37 milliards d&rsquo;euros), contre 9,31 milliards de dollars \u00e0 la m\u00eame p\u00e9riode l&rsquo;ann\u00e9e derni\u00e8re. La croissance est principalement venue des march\u00e9s \u00e9mergents : en Asie, au Moyen-Orient et en Afrique, le chiffre d&rsquo;affaires a augment\u00e9 de 14 %, tandis que l&rsquo;Am\u00e9rique latine a affich\u00e9 une croissance de 12 %. L&rsquo;Europe a enregistr\u00e9 une hausse de 9 %, mais l&rsquo;Am\u00e9rique du Nord est rest\u00e9e \u00e0 la tra\u00eene avec une augmentation marginale de 0,5 %.<\/p>\n\n\n\n<p>La tendance en termes de volume est rest\u00e9e mitig\u00e9e. En Am\u00e9rique du Nord, le volume a baiss\u00e9 de 0,4 point de pourcentage, ce qui constituait toutefois une nette am\u00e9lioration par rapport \u00e0 la baisse de 3,1 points de pourcentage enregistr\u00e9e un an plus t\u00f4t. Dans le m\u00eame temps, Mondelez a de nouveau augment\u00e9 ses prix de 3,5 points de pourcentage. Au trimestre pr\u00e9c\u00e9dent, les prix avaient d\u00e9j\u00e0 grimp\u00e9 de 6,6 points de pourcentage. <\/p>\n\n\n\n<h2 class=\"wp-block-heading\">Marges \u00ab sous contr\u00f4le \u00bb<\/h2>\n\n\n\n<p>Cependant, les prix du cacao, qui avaient atteint des sommets exceptionnels en 2024, ont depuis chut\u00e9 d\u2019environ 70 %. Aujourd\u2019hui, ce sont surtout les tensions au Moyen-Orient qui menacent d\u2019entra\u00eener une hausse des co\u00fbts, m\u00eame si le directeur financier Luca Zaramella a lui-m\u00eame d\u00e9clar\u00e9 lors de la conf\u00e9rence t\u00e9l\u00e9phonique avec les investisseurs que Mondelez avait la situation \u00ab sous contr\u00f4le en ce qui concerne les co\u00fbts suppl\u00e9mentaires \u00bb. L&rsquo;entreprise est \u00ab bien couverte pour les co\u00fbts du p\u00e9trole et de l&#8217;emballage \u00bb jusqu&rsquo;en 2027.<\/p>\n\n\n\n<p>Le b\u00e9n\u00e9fice net s&rsquo;est donc \u00e9lev\u00e9 \u00e0 560 millions de dollars am\u00e9ricains (520 millions d&rsquo;euros), contre 402 millions de dollars (374 millions d&rsquo;euros) un an plus t\u00f4t. Le b\u00e9n\u00e9fice par action ajust\u00e9 s&rsquo;est \u00e9lev\u00e9 \u00e0 0,67 dollar (0,62 euro), d\u00e9passant les estimations des analystes qui tablaient sur 0,61 dollar (0,57 euro).<\/p>\n\n\n\n<h2 class=\"wp-block-heading\">Comportement d&rsquo;achat inchang\u00e9<\/h2>\n\n\n\n<p>Malgr\u00e9 les pressions inflationnistes et l&rsquo;incertitude g\u00e9opolitique, Mondelez ne constate (pour l&rsquo;instant) aucun changement dans le comportement d&rsquo;achat. La direction reconna\u00eet toutefois que l&rsquo;incertitude s&rsquo;accro\u00eet. L&rsquo;entreprise a maintenu ses pr\u00e9visions pour 2026 : une croissance organique du chiffre d&rsquo;affaires comprise entre 0 et 2 % et une croissance du b\u00e9n\u00e9fice par action comprise entre 0 et 5 %.<\/p>\n\n\n\n<p>Mondelez mise r\u00e9solument sur l&rsquo;innovation et le renforcement de ses marques. De nouvelles gammes de produits, telles que les variantes Oreo sans sucre et les extensions dans les secteurs du chocolat et des biscuits, doivent soutenir la croissance. Parall\u00e8lement, le groupe modernise sa cha\u00eene d&rsquo;approvisionnement en Am\u00e9rique du Nord, notamment gr\u00e2ce \u00e0 l&rsquo;automatisation et \u00e0 des centres de distribution pilot\u00e9s par l&rsquo;IA.<\/p>\n","protected":false},"excerpt":{"rendered":"<p>Au premier trimestre 2026, Mondelez a d\u00e9pass\u00e9 les pr\u00e9visions, gr\u00e2ce \u00e0 des hausses de prix et \u00e0 une demande de snacks qui reste soutenue. Le fabricant de marques telles que Oreo et Milka d\u00e9montre qu&rsquo;il est capable de pr\u00e9server ses marges, m\u00eame dans un contexte instable.<\/p>\n","protected":false},"author":5,"featured_media":146923,"comment_status":"closed","ping_status":"closed","sticky":false,"template":"","format":"standard","meta":{"_acf_changed":false,"inline_featured_image":false,"_jetpack_memberships_contains_paid_content":false,"footnotes":""},"categories":[18,24],"tags":[],"people":[],"extra":[],"company":[251],"topic":[266],"region":[226],"class_list":{"0":"post-146922","1":"post","2":"type-post","3":"status-publish","4":"format-standard","5":"has-post-thumbnail","6":"hentry","7":"category-food","9":"company-mondelez","10":"topic-resultats-financiers","11":"region-belgique"},"acf":[],"yoast_head":"<!-- This site is optimized with the Yoast SEO plugin v27.3 - https:\/\/yoast.com\/product\/yoast-seo-wordpress\/ -->\n<title>Mondelez profite des hausses de prix et de la vigueur des march\u00e9s \u00e9mergents - RetailDetail BE<\/title>\n<meta name=\"description\" content=\"Au premier trimestre 2026, Mondelez a d\u00e9pass\u00e9 les pr\u00e9visions gr\u00e2ce \u00e0 des hausses de prix et \u00e0 une demande de snacks qui reste soutenue.\" \/>\n<meta name=\"robots\" content=\"index, follow, max-snippet:-1, max-image-preview:large, max-video-preview:-1\" \/>\n<link rel=\"canonical\" href=\"https:\/\/www.retaildetail.be\/fr\/news\/food\/mondelez-profite-des-hausses-de-prix-et-de-la-vigueur-des-marches-emergents\/\" \/>\n<meta property=\"og:locale\" content=\"fr_FR\" \/>\n<meta property=\"og:type\" content=\"article\" \/>\n<meta property=\"og:title\" content=\"Mondelez profite des hausses de prix et de la vigueur des march\u00e9s \u00e9mergents - RetailDetail BE\" \/>\n<meta property=\"og:description\" content=\"Au premier trimestre 2026, Mondelez a d\u00e9pass\u00e9 les pr\u00e9visions gr\u00e2ce \u00e0 des hausses de prix et \u00e0 une demande de snacks qui reste soutenue.\" \/>\n<meta property=\"og:url\" content=\"https:\/\/www.retaildetail.be\/fr\/news\/food\/mondelez-profite-des-hausses-de-prix-et-de-la-vigueur-des-marches-emergents\/\" \/>\n<meta property=\"og:site_name\" content=\"RetailDetail BE\" \/>\n<meta property=\"article:published_time\" content=\"2026-04-29T09:24:09+00:00\" \/>\n<meta property=\"article:modified_time\" content=\"2026-04-29T09:24:12+00:00\" \/>\n<meta property=\"og:image\" content=\"https:\/\/www.retaildetail.be\/wp-content\/uploads\/2026\/04\/shutterstock_2588198933.jpg\" \/>\n\t<meta property=\"og:image:width\" content=\"1000\" \/>\n\t<meta property=\"og:image:height\" content=\"750\" \/>\n\t<meta property=\"og:image:type\" content=\"image\/jpeg\" \/>\n<meta name=\"author\" content=\"Pauline Neerman\" \/>\n<meta name=\"twitter:card\" content=\"summary_large_image\" \/>\n<meta name=\"twitter:label1\" content=\"\u00c9crit par\" \/>\n\t<meta name=\"twitter:data1\" content=\"Pauline Neerman\" \/>\n\t<meta name=\"twitter:label2\" content=\"Dur\u00e9e de lecture estim\u00e9e\" \/>\n\t<meta name=\"twitter:data2\" content=\"2 minutes\" \/>\n<script type=\"application\/ld+json\" class=\"yoast-schema-graph\">{\"@context\":\"https:\\\/\\\/schema.org\",\"@graph\":[{\"@type\":\"NewsArticle\",\"@id\":\"https:\\\/\\\/www.retaildetail.be\\\/fr\\\/news\\\/food\\\/mondelez-profite-des-hausses-de-prix-et-de-la-vigueur-des-marches-emergents\\\/#article\",\"isPartOf\":{\"@id\":\"https:\\\/\\\/www.retaildetail.be\\\/fr\\\/news\\\/food\\\/mondelez-profite-des-hausses-de-prix-et-de-la-vigueur-des-marches-emergents\\\/\"},\"author\":{\"name\":\"Pauline Neerman\",\"@id\":\"https:\\\/\\\/www.retaildetail.be\\\/nl\\\/#\\\/schema\\\/person\\\/66b54803fa10759039079458ea89e307\"},\"headline\":\"Mondelez profite des hausses de prix et de la vigueur des march\u00e9s \u00e9mergents\",\"datePublished\":\"2026-04-29T09:24:09+00:00\",\"dateModified\":\"2026-04-29T09:24:12+00:00\",\"mainEntityOfPage\":{\"@id\":\"https:\\\/\\\/www.retaildetail.be\\\/fr\\\/news\\\/food\\\/mondelez-profite-des-hausses-de-prix-et-de-la-vigueur-des-marches-emergents\\\/\"},\"wordCount\":522,\"publisher\":{\"@id\":\"https:\\\/\\\/www.retaildetail.be\\\/nl\\\/#organization\"},\"image\":{\"@id\":\"https:\\\/\\\/www.retaildetail.be\\\/fr\\\/news\\\/food\\\/mondelez-profite-des-hausses-de-prix-et-de-la-vigueur-des-marches-emergents\\\/#primaryimage\"},\"thumbnailUrl\":\"https:\\\/\\\/www.retaildetail.be\\\/wp-content\\\/uploads\\\/2026\\\/04\\\/shutterstock_2588198933.jpg\",\"articleSection\":[\"Food\",\"Food\"],\"inLanguage\":\"fr-FR\",\"copyrightYear\":\"2026\",\"copyrightHolder\":{\"@id\":\"https:\\\/\\\/www.retaildetail.be\\\/#organization\"}},{\"@type\":\"WebPage\",\"@id\":\"https:\\\/\\\/www.retaildetail.be\\\/fr\\\/news\\\/food\\\/mondelez-profite-des-hausses-de-prix-et-de-la-vigueur-des-marches-emergents\\\/\",\"url\":\"https:\\\/\\\/www.retaildetail.be\\\/fr\\\/news\\\/food\\\/mondelez-profite-des-hausses-de-prix-et-de-la-vigueur-des-marches-emergents\\\/\",\"name\":\"Mondelez profite des hausses de prix et de la vigueur des march\u00e9s \u00e9mergents - RetailDetail BE\",\"isPartOf\":{\"@id\":\"https:\\\/\\\/www.retaildetail.be\\\/nl\\\/#website\"},\"primaryImageOfPage\":{\"@id\":\"https:\\\/\\\/www.retaildetail.be\\\/fr\\\/news\\\/food\\\/mondelez-profite-des-hausses-de-prix-et-de-la-vigueur-des-marches-emergents\\\/#primaryimage\"},\"image\":{\"@id\":\"https:\\\/\\\/www.retaildetail.be\\\/fr\\\/news\\\/food\\\/mondelez-profite-des-hausses-de-prix-et-de-la-vigueur-des-marches-emergents\\\/#primaryimage\"},\"thumbnailUrl\":\"https:\\\/\\\/www.retaildetail.be\\\/wp-content\\\/uploads\\\/2026\\\/04\\\/shutterstock_2588198933.jpg\",\"datePublished\":\"2026-04-29T09:24:09+00:00\",\"dateModified\":\"2026-04-29T09:24:12+00:00\",\"description\":\"Au premier trimestre 2026, Mondelez a d\u00e9pass\u00e9 les pr\u00e9visions gr\u00e2ce \u00e0 des hausses de prix et \u00e0 une demande de snacks qui reste soutenue.\",\"breadcrumb\":{\"@id\":\"https:\\\/\\\/www.retaildetail.be\\\/fr\\\/news\\\/food\\\/mondelez-profite-des-hausses-de-prix-et-de-la-vigueur-des-marches-emergents\\\/#breadcrumb\"},\"inLanguage\":\"fr-FR\",\"potentialAction\":[{\"@type\":\"ReadAction\",\"target\":[\"https:\\\/\\\/www.retaildetail.be\\\/fr\\\/news\\\/food\\\/mondelez-profite-des-hausses-de-prix-et-de-la-vigueur-des-marches-emergents\\\/\"]}]},{\"@type\":\"ImageObject\",\"inLanguage\":\"fr-FR\",\"@id\":\"https:\\\/\\\/www.retaildetail.be\\\/fr\\\/news\\\/food\\\/mondelez-profite-des-hausses-de-prix-et-de-la-vigueur-des-marches-emergents\\\/#primaryimage\",\"url\":\"https:\\\/\\\/www.retaildetail.be\\\/wp-content\\\/uploads\\\/2026\\\/04\\\/shutterstock_2588198933.jpg\",\"contentUrl\":\"https:\\\/\\\/www.retaildetail.be\\\/wp-content\\\/uploads\\\/2026\\\/04\\\/shutterstock_2588198933.jpg\",\"width\":1000,\"height\":750,\"caption\":\"Shutterstock.com\"},{\"@type\":\"BreadcrumbList\",\"@id\":\"https:\\\/\\\/www.retaildetail.be\\\/fr\\\/news\\\/food\\\/mondelez-profite-des-hausses-de-prix-et-de-la-vigueur-des-marches-emergents\\\/#breadcrumb\",\"itemListElement\":[{\"@type\":\"ListItem\",\"position\":1,\"name\":\"Home\",\"item\":\"https:\\\/\\\/www.retaildetail.be\\\/fr\\\/\"},{\"@type\":\"ListItem\",\"position\":2,\"name\":\"Mondelez profite des hausses de prix et de la vigueur des march\u00e9s \u00e9mergents\"}]},{\"@type\":\"WebSite\",\"@id\":\"https:\\\/\\\/www.retaildetail.be\\\/nl\\\/#website\",\"url\":\"https:\\\/\\\/www.retaildetail.be\\\/nl\\\/\",\"name\":\"RetailDetail BE\",\"description\":\"News\",\"publisher\":{\"@id\":\"https:\\\/\\\/www.retaildetail.be\\\/nl\\\/#organization\"},\"potentialAction\":[{\"@type\":\"SearchAction\",\"target\":{\"@type\":\"EntryPoint\",\"urlTemplate\":\"https:\\\/\\\/www.retaildetail.be\\\/nl\\\/?s={search_term_string}\"},\"query-input\":{\"@type\":\"PropertyValueSpecification\",\"valueRequired\":true,\"valueName\":\"search_term_string\"}}],\"inLanguage\":\"fr-FR\"},{\"@type\":\"Organization\",\"@id\":\"https:\\\/\\\/www.retaildetail.be\\\/nl\\\/#organization\",\"name\":\"RetailDetail BE\",\"url\":\"https:\\\/\\\/www.retaildetail.be\\\/nl\\\/\",\"logo\":{\"@type\":\"ImageObject\",\"inLanguage\":\"fr-FR\",\"@id\":\"https:\\\/\\\/www.retaildetail.be\\\/nl\\\/#\\\/schema\\\/logo\\\/image\\\/\",\"url\":\"https:\\\/\\\/www.retaildetail.be\\\/wp-content\\\/uploads\\\/2022\\\/04\\\/logo.svg\",\"contentUrl\":\"https:\\\/\\\/www.retaildetail.be\\\/wp-content\\\/uploads\\\/2022\\\/04\\\/logo.svg\",\"width\":131,\"height\":70,\"caption\":\"RetailDetail BE\"},\"image\":{\"@id\":\"https:\\\/\\\/www.retaildetail.be\\\/nl\\\/#\\\/schema\\\/logo\\\/image\\\/\"}},{\"@type\":\"Person\",\"@id\":\"https:\\\/\\\/www.retaildetail.be\\\/nl\\\/#\\\/schema\\\/person\\\/66b54803fa10759039079458ea89e307\",\"name\":\"Pauline Neerman\",\"image\":{\"@type\":\"ImageObject\",\"inLanguage\":\"fr-FR\",\"@id\":\"https:\\\/\\\/secure.gravatar.com\\\/avatar\\\/58db22aee589a691f9603e5765ac06010427a923f9b2728b951eb7fe27214d70?s=96&d=mm&r=g\",\"url\":\"https:\\\/\\\/secure.gravatar.com\\\/avatar\\\/58db22aee589a691f9603e5765ac06010427a923f9b2728b951eb7fe27214d70?s=96&d=mm&r=g\",\"contentUrl\":\"https:\\\/\\\/secure.gravatar.com\\\/avatar\\\/58db22aee589a691f9603e5765ac06010427a923f9b2728b951eb7fe27214d70?s=96&d=mm&r=g\",\"caption\":\"Pauline Neerman\"},\"url\":\"https:\\\/\\\/www.retaildetail.be\\\/fr\\\/author\\\/paulineneerman\\\/\"}]}<\/script>\n<!-- \/ Yoast SEO plugin. -->","yoast_head_json":{"title":"Mondelez profite des hausses de prix et de la vigueur des march\u00e9s \u00e9mergents - RetailDetail BE","description":"Au premier trimestre 2026, Mondelez a d\u00e9pass\u00e9 les pr\u00e9visions gr\u00e2ce \u00e0 des hausses de prix et \u00e0 une demande de snacks qui reste soutenue.","robots":{"index":"index","follow":"follow","max-snippet":"max-snippet:-1","max-image-preview":"max-image-preview:large","max-video-preview":"max-video-preview:-1"},"canonical":"https:\/\/www.retaildetail.be\/fr\/news\/food\/mondelez-profite-des-hausses-de-prix-et-de-la-vigueur-des-marches-emergents\/","og_locale":"fr_FR","og_type":"article","og_title":"Mondelez profite des hausses de prix et de la vigueur des march\u00e9s \u00e9mergents - RetailDetail BE","og_description":"Au premier trimestre 2026, Mondelez a d\u00e9pass\u00e9 les pr\u00e9visions gr\u00e2ce \u00e0 des hausses de prix et \u00e0 une demande de snacks qui reste soutenue.","og_url":"https:\/\/www.retaildetail.be\/fr\/news\/food\/mondelez-profite-des-hausses-de-prix-et-de-la-vigueur-des-marches-emergents\/","og_site_name":"RetailDetail BE","article_published_time":"2026-04-29T09:24:09+00:00","article_modified_time":"2026-04-29T09:24:12+00:00","og_image":[{"width":1000,"height":750,"url":"https:\/\/www.retaildetail.be\/wp-content\/uploads\/2026\/04\/shutterstock_2588198933.jpg","type":"image\/jpeg"}],"author":"Pauline Neerman","twitter_card":"summary_large_image","twitter_misc":{"\u00c9crit par":"Pauline Neerman","Dur\u00e9e de lecture estim\u00e9e":"2 minutes"},"schema":{"@context":"https:\/\/schema.org","@graph":[{"@type":"NewsArticle","@id":"https:\/\/www.retaildetail.be\/fr\/news\/food\/mondelez-profite-des-hausses-de-prix-et-de-la-vigueur-des-marches-emergents\/#article","isPartOf":{"@id":"https:\/\/www.retaildetail.be\/fr\/news\/food\/mondelez-profite-des-hausses-de-prix-et-de-la-vigueur-des-marches-emergents\/"},"author":{"name":"Pauline Neerman","@id":"https:\/\/www.retaildetail.be\/nl\/#\/schema\/person\/66b54803fa10759039079458ea89e307"},"headline":"Mondelez profite des hausses de prix et de la vigueur des march\u00e9s \u00e9mergents","datePublished":"2026-04-29T09:24:09+00:00","dateModified":"2026-04-29T09:24:12+00:00","mainEntityOfPage":{"@id":"https:\/\/www.retaildetail.be\/fr\/news\/food\/mondelez-profite-des-hausses-de-prix-et-de-la-vigueur-des-marches-emergents\/"},"wordCount":522,"publisher":{"@id":"https:\/\/www.retaildetail.be\/nl\/#organization"},"image":{"@id":"https:\/\/www.retaildetail.be\/fr\/news\/food\/mondelez-profite-des-hausses-de-prix-et-de-la-vigueur-des-marches-emergents\/#primaryimage"},"thumbnailUrl":"https:\/\/www.retaildetail.be\/wp-content\/uploads\/2026\/04\/shutterstock_2588198933.jpg","articleSection":["Food","Food"],"inLanguage":"fr-FR","copyrightYear":"2026","copyrightHolder":{"@id":"https:\/\/www.retaildetail.be\/#organization"}},{"@type":"WebPage","@id":"https:\/\/www.retaildetail.be\/fr\/news\/food\/mondelez-profite-des-hausses-de-prix-et-de-la-vigueur-des-marches-emergents\/","url":"https:\/\/www.retaildetail.be\/fr\/news\/food\/mondelez-profite-des-hausses-de-prix-et-de-la-vigueur-des-marches-emergents\/","name":"Mondelez profite des hausses de prix et de la vigueur des march\u00e9s \u00e9mergents - RetailDetail BE","isPartOf":{"@id":"https:\/\/www.retaildetail.be\/nl\/#website"},"primaryImageOfPage":{"@id":"https:\/\/www.retaildetail.be\/fr\/news\/food\/mondelez-profite-des-hausses-de-prix-et-de-la-vigueur-des-marches-emergents\/#primaryimage"},"image":{"@id":"https:\/\/www.retaildetail.be\/fr\/news\/food\/mondelez-profite-des-hausses-de-prix-et-de-la-vigueur-des-marches-emergents\/#primaryimage"},"thumbnailUrl":"https:\/\/www.retaildetail.be\/wp-content\/uploads\/2026\/04\/shutterstock_2588198933.jpg","datePublished":"2026-04-29T09:24:09+00:00","dateModified":"2026-04-29T09:24:12+00:00","description":"Au premier trimestre 2026, Mondelez a d\u00e9pass\u00e9 les pr\u00e9visions gr\u00e2ce \u00e0 des hausses de prix et \u00e0 une demande de snacks qui reste soutenue.","breadcrumb":{"@id":"https:\/\/www.retaildetail.be\/fr\/news\/food\/mondelez-profite-des-hausses-de-prix-et-de-la-vigueur-des-marches-emergents\/#breadcrumb"},"inLanguage":"fr-FR","potentialAction":[{"@type":"ReadAction","target":["https:\/\/www.retaildetail.be\/fr\/news\/food\/mondelez-profite-des-hausses-de-prix-et-de-la-vigueur-des-marches-emergents\/"]}]},{"@type":"ImageObject","inLanguage":"fr-FR","@id":"https:\/\/www.retaildetail.be\/fr\/news\/food\/mondelez-profite-des-hausses-de-prix-et-de-la-vigueur-des-marches-emergents\/#primaryimage","url":"https:\/\/www.retaildetail.be\/wp-content\/uploads\/2026\/04\/shutterstock_2588198933.jpg","contentUrl":"https:\/\/www.retaildetail.be\/wp-content\/uploads\/2026\/04\/shutterstock_2588198933.jpg","width":1000,"height":750,"caption":"Shutterstock.com"},{"@type":"BreadcrumbList","@id":"https:\/\/www.retaildetail.be\/fr\/news\/food\/mondelez-profite-des-hausses-de-prix-et-de-la-vigueur-des-marches-emergents\/#breadcrumb","itemListElement":[{"@type":"ListItem","position":1,"name":"Home","item":"https:\/\/www.retaildetail.be\/fr\/"},{"@type":"ListItem","position":2,"name":"Mondelez profite des hausses de prix et de la vigueur des march\u00e9s \u00e9mergents"}]},{"@type":"WebSite","@id":"https:\/\/www.retaildetail.be\/nl\/#website","url":"https:\/\/www.retaildetail.be\/nl\/","name":"RetailDetail BE","description":"News","publisher":{"@id":"https:\/\/www.retaildetail.be\/nl\/#organization"},"potentialAction":[{"@type":"SearchAction","target":{"@type":"EntryPoint","urlTemplate":"https:\/\/www.retaildetail.be\/nl\/?s={search_term_string}"},"query-input":{"@type":"PropertyValueSpecification","valueRequired":true,"valueName":"search_term_string"}}],"inLanguage":"fr-FR"},{"@type":"Organization","@id":"https:\/\/www.retaildetail.be\/nl\/#organization","name":"RetailDetail BE","url":"https:\/\/www.retaildetail.be\/nl\/","logo":{"@type":"ImageObject","inLanguage":"fr-FR","@id":"https:\/\/www.retaildetail.be\/nl\/#\/schema\/logo\/image\/","url":"https:\/\/www.retaildetail.be\/wp-content\/uploads\/2022\/04\/logo.svg","contentUrl":"https:\/\/www.retaildetail.be\/wp-content\/uploads\/2022\/04\/logo.svg","width":131,"height":70,"caption":"RetailDetail BE"},"image":{"@id":"https:\/\/www.retaildetail.be\/nl\/#\/schema\/logo\/image\/"}},{"@type":"Person","@id":"https:\/\/www.retaildetail.be\/nl\/#\/schema\/person\/66b54803fa10759039079458ea89e307","name":"Pauline Neerman","image":{"@type":"ImageObject","inLanguage":"fr-FR","@id":"https:\/\/secure.gravatar.com\/avatar\/58db22aee589a691f9603e5765ac06010427a923f9b2728b951eb7fe27214d70?s=96&d=mm&r=g","url":"https:\/\/secure.gravatar.com\/avatar\/58db22aee589a691f9603e5765ac06010427a923f9b2728b951eb7fe27214d70?s=96&d=mm&r=g","contentUrl":"https:\/\/secure.gravatar.com\/avatar\/58db22aee589a691f9603e5765ac06010427a923f9b2728b951eb7fe27214d70?s=96&d=mm&r=g","caption":"Pauline Neerman"},"url":"https:\/\/www.retaildetail.be\/fr\/author\/paulineneerman\/"}]}},"jetpack_featured_media_url":"https:\/\/www.retaildetail.be\/wp-content\/uploads\/2026\/04\/shutterstock_2588198933.jpg","jetpack_sharing_enabled":true,"_links":{"self":[{"href":"https:\/\/www.retaildetail.be\/fr\/wp-json\/wp\/v2\/posts\/146922","targetHints":{"allow":["GET"]}}],"collection":[{"href":"https:\/\/www.retaildetail.be\/fr\/wp-json\/wp\/v2\/posts"}],"about":[{"href":"https:\/\/www.retaildetail.be\/fr\/wp-json\/wp\/v2\/types\/post"}],"author":[{"embeddable":true,"href":"https:\/\/www.retaildetail.be\/fr\/wp-json\/wp\/v2\/users\/5"}],"replies":[{"embeddable":true,"href":"https:\/\/www.retaildetail.be\/fr\/wp-json\/wp\/v2\/comments?post=146922"}],"version-history":[{"count":1,"href":"https:\/\/www.retaildetail.be\/fr\/wp-json\/wp\/v2\/posts\/146922\/revisions"}],"predecessor-version":[{"id":146924,"href":"https:\/\/www.retaildetail.be\/fr\/wp-json\/wp\/v2\/posts\/146922\/revisions\/146924"}],"wp:featuredmedia":[{"embeddable":true,"href":"https:\/\/www.retaildetail.be\/fr\/wp-json\/wp\/v2\/media\/146923"}],"wp:attachment":[{"href":"https:\/\/www.retaildetail.be\/fr\/wp-json\/wp\/v2\/media?parent=146922"}],"wp:term":[{"taxonomy":"category","embeddable":true,"href":"https:\/\/www.retaildetail.be\/fr\/wp-json\/wp\/v2\/categories?post=146922"},{"taxonomy":"post_tag","embeddable":true,"href":"https:\/\/www.retaildetail.be\/fr\/wp-json\/wp\/v2\/tags?post=146922"},{"taxonomy":"people","embeddable":true,"href":"https:\/\/www.retaildetail.be\/fr\/wp-json\/wp\/v2\/people?post=146922"},{"taxonomy":"extra","embeddable":true,"href":"https:\/\/www.retaildetail.be\/fr\/wp-json\/wp\/v2\/extra?post=146922"},{"taxonomy":"company","embeddable":true,"href":"https:\/\/www.retaildetail.be\/fr\/wp-json\/wp\/v2\/company?post=146922"},{"taxonomy":"topic","embeddable":true,"href":"https:\/\/www.retaildetail.be\/fr\/wp-json\/wp\/v2\/topic?post=146922"},{"taxonomy":"region","embeddable":true,"href":"https:\/\/www.retaildetail.be\/fr\/wp-json\/wp\/v2\/region?post=146922"}],"curies":[{"name":"wp","href":"https:\/\/api.w.org\/{rel}","templated":true}]}}