{"id":146933,"date":"2026-04-29T12:01:21","date_gmt":"2026-04-29T10:01:21","guid":{"rendered":"https:\/\/www.retaildetail.be\/?p=146933"},"modified":"2026-04-29T12:01:22","modified_gmt":"2026-04-29T10:01:22","slug":"pas-daccord-entre-pernod-ricard-et-jack-daniels","status":"publish","type":"post","link":"https:\/\/www.retaildetail.be\/fr\/news\/food\/pas-daccord-entre-pernod-ricard-et-jack-daniels\/","title":{"rendered":"Pas d&rsquo;accord entre Pernod Ricard et Jack Daniel&rsquo;s"},"content":{"rendered":"\n<p>Il n&rsquo;y aura pas de fusion entre le groupe fran\u00e7ais <strong>Pernod Ricard<\/strong> et l&rsquo;am\u00e9ricain <strong>Brown-Forman<\/strong>, propri\u00e9taire de la marque de whisky Jack Daniel&rsquo;s. Les deux entreprises ne sont pas parvenues \u00e0 s&rsquo;entendre sur les conditions.<\/p>\n\n\n\n<h2 class=\"wp-block-heading\">Fin des n\u00e9gociations<\/h2>\n\n\n\n<p>Le 26 mars 2026, Pernod Ricard et Brown-Forman avaient confirm\u00e9 qu\u2019ils \u00e9taient en pourparlers <a href=\"https:\/\/www.retaildetail.be\/fr\/news\/food\/pernod-ricard-souhaite-racheter-jack-daniels\/\">concernant une \u00e9ventuelle fusion<\/a>. Pernod Ricard annonce aujourd\u2019hui que ces discussions ont pris fin et n\u2019ont pas abouti \u00e0 un accord, les deux entreprises n\u2019\u00e9tant pas parvenues \u00e0 s\u2019entendre sur des conditions acceptables pour les deux parties.<\/p>\n\n\n\n<p>Un accord aurait pu donner naissance \u00e0 un leader mondial des spiritueux. Pernod Ricard est l\u2019un des principaux acteurs en Europe, avec des marques telles que la vodka Absolut, le rhum Havana Club et le whisky Jameson. Brown-Forman est surtout connu aux \u00c9tats-Unis pour son whisky Jack Daniel\u2019s, mais aussi pour la tequila El Jimador, entre autres.<\/p>\n","protected":false},"excerpt":{"rendered":"<p>Il n&rsquo;y aura pas de fusion entre le groupe fran\u00e7ais Pernod Ricard et l&rsquo;am\u00e9ricain Brown-Forman, propri\u00e9taire de la marque de whisky Jack Daniel&rsquo;s. Les deux entreprises ne sont pas parvenues \u00e0 s&rsquo;entendre sur les conditions.<\/p>\n","protected":false},"author":3,"featured_media":146934,"comment_status":"closed","ping_status":"closed","sticky":false,"template":"","format":"standard","meta":{"_acf_changed":false,"inline_featured_image":false,"_jetpack_memberships_contains_paid_content":false,"footnotes":""},"categories":[18,24],"tags":[],"people":[],"extra":[],"company":[809],"topic":[282],"region":[],"class_list":{"0":"post-146933","1":"post","2":"type-post","3":"status-publish","4":"format-standard","5":"has-post-thumbnail","6":"hentry","7":"category-food","9":"company-pernod-ricard","10":"topic-acquisition"},"acf":[],"yoast_head":"<!-- This site is optimized with the Yoast SEO plugin v27.3 - https:\/\/yoast.com\/product\/yoast-seo-wordpress\/ -->\n<title>Pas d&#039;accord entre Pernod Ricard et Jack Daniel&#039;s - RetailDetail BE<\/title>\n<meta name=\"description\" content=\"Il n&#039;y aura pas de fusion entre le groupe fran\u00e7ais Pernod Ricard et l&#039;am\u00e9ricain Brown-Forman, propri\u00e9taire de la marque de whisky Jack Daniel&#039;s.\" \/>\n<meta name=\"robots\" content=\"index, follow, max-snippet:-1, max-image-preview:large, max-video-preview:-1\" \/>\n<link rel=\"canonical\" href=\"https:\/\/www.retaildetail.be\/fr\/news\/food\/pas-daccord-entre-pernod-ricard-et-jack-daniels\/\" \/>\n<meta property=\"og:locale\" content=\"fr_FR\" \/>\n<meta property=\"og:type\" content=\"article\" \/>\n<meta property=\"og:title\" content=\"Pas d&#039;accord entre Pernod Ricard et Jack Daniel&#039;s - RetailDetail BE\" \/>\n<meta property=\"og:description\" content=\"Il n&#039;y aura pas de fusion entre le groupe fran\u00e7ais Pernod Ricard et l&#039;am\u00e9ricain Brown-Forman, propri\u00e9taire de la marque de whisky Jack Daniel&#039;s.\" \/>\n<meta property=\"og:url\" content=\"https:\/\/www.retaildetail.be\/fr\/news\/food\/pas-daccord-entre-pernod-ricard-et-jack-daniels\/\" \/>\n<meta property=\"og:site_name\" content=\"RetailDetail BE\" \/>\n<meta property=\"article:published_time\" content=\"2026-04-29T10:01:21+00:00\" \/>\n<meta property=\"article:modified_time\" content=\"2026-04-29T10:01:22+00:00\" \/>\n<meta property=\"og:image\" content=\"https:\/\/www.retaildetail.be\/wp-content\/uploads\/2026\/04\/pernod-ricard-absolut-vodka-shutterstock_1450193006-scaled-1-1.jpg\" \/>\n\t<meta property=\"og:image:width\" content=\"2560\" \/>\n\t<meta property=\"og:image:height\" content=\"1920\" \/>\n\t<meta property=\"og:image:type\" content=\"image\/jpeg\" \/>\n<meta name=\"author\" content=\"Stefan Van Rompaey\" \/>\n<meta name=\"twitter:card\" content=\"summary_large_image\" \/>\n<meta name=\"twitter:label1\" content=\"\u00c9crit par\" \/>\n\t<meta name=\"twitter:data1\" content=\"Stefan Van Rompaey\" \/>\n\t<meta name=\"twitter:label2\" content=\"Dur\u00e9e de lecture estim\u00e9e\" \/>\n\t<meta name=\"twitter:data2\" content=\"1 minute\" \/>\n<script type=\"application\/ld+json\" class=\"yoast-schema-graph\">{\"@context\":\"https:\\\/\\\/schema.org\",\"@graph\":[{\"@type\":\"NewsArticle\",\"@id\":\"https:\\\/\\\/www.retaildetail.be\\\/fr\\\/news\\\/food\\\/pas-daccord-entre-pernod-ricard-et-jack-daniels\\\/#article\",\"isPartOf\":{\"@id\":\"https:\\\/\\\/www.retaildetail.be\\\/fr\\\/news\\\/food\\\/pas-daccord-entre-pernod-ricard-et-jack-daniels\\\/\"},\"author\":{\"name\":\"Stefan Van Rompaey\",\"@id\":\"https:\\\/\\\/www.retaildetail.be\\\/nl\\\/#\\\/schema\\\/person\\\/51aec6069c4416aa2f68b2e4ff3455df\"},\"headline\":\"Pas d&rsquo;accord entre Pernod Ricard et Jack Daniel&rsquo;s\",\"datePublished\":\"2026-04-29T10:01:21+00:00\",\"dateModified\":\"2026-04-29T10:01:22+00:00\",\"mainEntityOfPage\":{\"@id\":\"https:\\\/\\\/www.retaildetail.be\\\/fr\\\/news\\\/food\\\/pas-daccord-entre-pernod-ricard-et-jack-daniels\\\/\"},\"wordCount\":165,\"publisher\":{\"@id\":\"https:\\\/\\\/www.retaildetail.be\\\/nl\\\/#organization\"},\"image\":{\"@id\":\"https:\\\/\\\/www.retaildetail.be\\\/fr\\\/news\\\/food\\\/pas-daccord-entre-pernod-ricard-et-jack-daniels\\\/#primaryimage\"},\"thumbnailUrl\":\"https:\\\/\\\/www.retaildetail.be\\\/wp-content\\\/uploads\\\/2026\\\/04\\\/pernod-ricard-absolut-vodka-shutterstock_1450193006-scaled-1-1.jpg\",\"articleSection\":[\"Food\",\"Food\"],\"inLanguage\":\"fr-FR\",\"copyrightYear\":\"2026\",\"copyrightHolder\":{\"@id\":\"https:\\\/\\\/www.retaildetail.be\\\/#organization\"}},{\"@type\":\"WebPage\",\"@id\":\"https:\\\/\\\/www.retaildetail.be\\\/fr\\\/news\\\/food\\\/pas-daccord-entre-pernod-ricard-et-jack-daniels\\\/\",\"url\":\"https:\\\/\\\/www.retaildetail.be\\\/fr\\\/news\\\/food\\\/pas-daccord-entre-pernod-ricard-et-jack-daniels\\\/\",\"name\":\"Pas d'accord entre Pernod Ricard et Jack Daniel's - RetailDetail BE\",\"isPartOf\":{\"@id\":\"https:\\\/\\\/www.retaildetail.be\\\/nl\\\/#website\"},\"primaryImageOfPage\":{\"@id\":\"https:\\\/\\\/www.retaildetail.be\\\/fr\\\/news\\\/food\\\/pas-daccord-entre-pernod-ricard-et-jack-daniels\\\/#primaryimage\"},\"image\":{\"@id\":\"https:\\\/\\\/www.retaildetail.be\\\/fr\\\/news\\\/food\\\/pas-daccord-entre-pernod-ricard-et-jack-daniels\\\/#primaryimage\"},\"thumbnailUrl\":\"https:\\\/\\\/www.retaildetail.be\\\/wp-content\\\/uploads\\\/2026\\\/04\\\/pernod-ricard-absolut-vodka-shutterstock_1450193006-scaled-1-1.jpg\",\"datePublished\":\"2026-04-29T10:01:21+00:00\",\"dateModified\":\"2026-04-29T10:01:22+00:00\",\"description\":\"Il n'y aura pas de fusion entre le groupe fran\u00e7ais Pernod Ricard et l'am\u00e9ricain Brown-Forman, propri\u00e9taire de la marque de whisky Jack Daniel's.\",\"breadcrumb\":{\"@id\":\"https:\\\/\\\/www.retaildetail.be\\\/fr\\\/news\\\/food\\\/pas-daccord-entre-pernod-ricard-et-jack-daniels\\\/#breadcrumb\"},\"inLanguage\":\"fr-FR\",\"potentialAction\":[{\"@type\":\"ReadAction\",\"target\":[\"https:\\\/\\\/www.retaildetail.be\\\/fr\\\/news\\\/food\\\/pas-daccord-entre-pernod-ricard-et-jack-daniels\\\/\"]}]},{\"@type\":\"ImageObject\",\"inLanguage\":\"fr-FR\",\"@id\":\"https:\\\/\\\/www.retaildetail.be\\\/fr\\\/news\\\/food\\\/pas-daccord-entre-pernod-ricard-et-jack-daniels\\\/#primaryimage\",\"url\":\"https:\\\/\\\/www.retaildetail.be\\\/wp-content\\\/uploads\\\/2026\\\/04\\\/pernod-ricard-absolut-vodka-shutterstock_1450193006-scaled-1-1.jpg\",\"contentUrl\":\"https:\\\/\\\/www.retaildetail.be\\\/wp-content\\\/uploads\\\/2026\\\/04\\\/pernod-ricard-absolut-vodka-shutterstock_1450193006-scaled-1-1.jpg\",\"width\":2560,\"height\":1920},{\"@type\":\"BreadcrumbList\",\"@id\":\"https:\\\/\\\/www.retaildetail.be\\\/fr\\\/news\\\/food\\\/pas-daccord-entre-pernod-ricard-et-jack-daniels\\\/#breadcrumb\",\"itemListElement\":[{\"@type\":\"ListItem\",\"position\":1,\"name\":\"Home\",\"item\":\"https:\\\/\\\/www.retaildetail.be\\\/fr\\\/\"},{\"@type\":\"ListItem\",\"position\":2,\"name\":\"Pas d&#8217;accord entre Pernod Ricard et Jack Daniel&#8217;s\"}]},{\"@type\":\"WebSite\",\"@id\":\"https:\\\/\\\/www.retaildetail.be\\\/nl\\\/#website\",\"url\":\"https:\\\/\\\/www.retaildetail.be\\\/nl\\\/\",\"name\":\"RetailDetail BE\",\"description\":\"News\",\"publisher\":{\"@id\":\"https:\\\/\\\/www.retaildetail.be\\\/nl\\\/#organization\"},\"potentialAction\":[{\"@type\":\"SearchAction\",\"target\":{\"@type\":\"EntryPoint\",\"urlTemplate\":\"https:\\\/\\\/www.retaildetail.be\\\/nl\\\/?s={search_term_string}\"},\"query-input\":{\"@type\":\"PropertyValueSpecification\",\"valueRequired\":true,\"valueName\":\"search_term_string\"}}],\"inLanguage\":\"fr-FR\"},{\"@type\":\"Organization\",\"@id\":\"https:\\\/\\\/www.retaildetail.be\\\/nl\\\/#organization\",\"name\":\"RetailDetail BE\",\"url\":\"https:\\\/\\\/www.retaildetail.be\\\/nl\\\/\",\"logo\":{\"@type\":\"ImageObject\",\"inLanguage\":\"fr-FR\",\"@id\":\"https:\\\/\\\/www.retaildetail.be\\\/nl\\\/#\\\/schema\\\/logo\\\/image\\\/\",\"url\":\"https:\\\/\\\/www.retaildetail.be\\\/wp-content\\\/uploads\\\/2022\\\/04\\\/logo.svg\",\"contentUrl\":\"https:\\\/\\\/www.retaildetail.be\\\/wp-content\\\/uploads\\\/2022\\\/04\\\/logo.svg\",\"width\":131,\"height\":70,\"caption\":\"RetailDetail BE\"},\"image\":{\"@id\":\"https:\\\/\\\/www.retaildetail.be\\\/nl\\\/#\\\/schema\\\/logo\\\/image\\\/\"}},{\"@type\":\"Person\",\"@id\":\"https:\\\/\\\/www.retaildetail.be\\\/nl\\\/#\\\/schema\\\/person\\\/51aec6069c4416aa2f68b2e4ff3455df\",\"name\":\"Stefan Van Rompaey\",\"image\":{\"@type\":\"ImageObject\",\"inLanguage\":\"fr-FR\",\"@id\":\"https:\\\/\\\/secure.gravatar.com\\\/avatar\\\/fbbb4a80a0f109888b2a5ab8ae255617499ecde533749b3ab2fa6c23b5d65dac?s=96&d=mm&r=g\",\"url\":\"https:\\\/\\\/secure.gravatar.com\\\/avatar\\\/fbbb4a80a0f109888b2a5ab8ae255617499ecde533749b3ab2fa6c23b5d65dac?s=96&d=mm&r=g\",\"contentUrl\":\"https:\\\/\\\/secure.gravatar.com\\\/avatar\\\/fbbb4a80a0f109888b2a5ab8ae255617499ecde533749b3ab2fa6c23b5d65dac?s=96&d=mm&r=g\",\"caption\":\"Stefan Van Rompaey\"},\"url\":\"https:\\\/\\\/www.retaildetail.be\\\/fr\\\/author\\\/stefanvanrompaey\\\/\"}]}<\/script>\n<!-- \/ Yoast SEO plugin. -->","yoast_head_json":{"title":"Pas d'accord entre Pernod Ricard et Jack Daniel's - RetailDetail BE","description":"Il n'y aura pas de fusion entre le groupe fran\u00e7ais Pernod Ricard et l'am\u00e9ricain Brown-Forman, propri\u00e9taire de la marque de whisky Jack Daniel's.","robots":{"index":"index","follow":"follow","max-snippet":"max-snippet:-1","max-image-preview":"max-image-preview:large","max-video-preview":"max-video-preview:-1"},"canonical":"https:\/\/www.retaildetail.be\/fr\/news\/food\/pas-daccord-entre-pernod-ricard-et-jack-daniels\/","og_locale":"fr_FR","og_type":"article","og_title":"Pas d'accord entre Pernod Ricard et Jack Daniel's - RetailDetail BE","og_description":"Il n'y aura pas de fusion entre le groupe fran\u00e7ais Pernod Ricard et l'am\u00e9ricain Brown-Forman, propri\u00e9taire de la marque de whisky Jack Daniel's.","og_url":"https:\/\/www.retaildetail.be\/fr\/news\/food\/pas-daccord-entre-pernod-ricard-et-jack-daniels\/","og_site_name":"RetailDetail BE","article_published_time":"2026-04-29T10:01:21+00:00","article_modified_time":"2026-04-29T10:01:22+00:00","og_image":[{"width":2560,"height":1920,"url":"https:\/\/www.retaildetail.be\/wp-content\/uploads\/2026\/04\/pernod-ricard-absolut-vodka-shutterstock_1450193006-scaled-1-1.jpg","type":"image\/jpeg"}],"author":"Stefan Van Rompaey","twitter_card":"summary_large_image","twitter_misc":{"\u00c9crit par":"Stefan Van Rompaey","Dur\u00e9e de lecture estim\u00e9e":"1 minute"},"schema":{"@context":"https:\/\/schema.org","@graph":[{"@type":"NewsArticle","@id":"https:\/\/www.retaildetail.be\/fr\/news\/food\/pas-daccord-entre-pernod-ricard-et-jack-daniels\/#article","isPartOf":{"@id":"https:\/\/www.retaildetail.be\/fr\/news\/food\/pas-daccord-entre-pernod-ricard-et-jack-daniels\/"},"author":{"name":"Stefan Van Rompaey","@id":"https:\/\/www.retaildetail.be\/nl\/#\/schema\/person\/51aec6069c4416aa2f68b2e4ff3455df"},"headline":"Pas d&rsquo;accord entre Pernod Ricard et Jack Daniel&rsquo;s","datePublished":"2026-04-29T10:01:21+00:00","dateModified":"2026-04-29T10:01:22+00:00","mainEntityOfPage":{"@id":"https:\/\/www.retaildetail.be\/fr\/news\/food\/pas-daccord-entre-pernod-ricard-et-jack-daniels\/"},"wordCount":165,"publisher":{"@id":"https:\/\/www.retaildetail.be\/nl\/#organization"},"image":{"@id":"https:\/\/www.retaildetail.be\/fr\/news\/food\/pas-daccord-entre-pernod-ricard-et-jack-daniels\/#primaryimage"},"thumbnailUrl":"https:\/\/www.retaildetail.be\/wp-content\/uploads\/2026\/04\/pernod-ricard-absolut-vodka-shutterstock_1450193006-scaled-1-1.jpg","articleSection":["Food","Food"],"inLanguage":"fr-FR","copyrightYear":"2026","copyrightHolder":{"@id":"https:\/\/www.retaildetail.be\/#organization"}},{"@type":"WebPage","@id":"https:\/\/www.retaildetail.be\/fr\/news\/food\/pas-daccord-entre-pernod-ricard-et-jack-daniels\/","url":"https:\/\/www.retaildetail.be\/fr\/news\/food\/pas-daccord-entre-pernod-ricard-et-jack-daniels\/","name":"Pas d'accord entre Pernod Ricard et Jack Daniel's - RetailDetail BE","isPartOf":{"@id":"https:\/\/www.retaildetail.be\/nl\/#website"},"primaryImageOfPage":{"@id":"https:\/\/www.retaildetail.be\/fr\/news\/food\/pas-daccord-entre-pernod-ricard-et-jack-daniels\/#primaryimage"},"image":{"@id":"https:\/\/www.retaildetail.be\/fr\/news\/food\/pas-daccord-entre-pernod-ricard-et-jack-daniels\/#primaryimage"},"thumbnailUrl":"https:\/\/www.retaildetail.be\/wp-content\/uploads\/2026\/04\/pernod-ricard-absolut-vodka-shutterstock_1450193006-scaled-1-1.jpg","datePublished":"2026-04-29T10:01:21+00:00","dateModified":"2026-04-29T10:01:22+00:00","description":"Il n'y aura pas de fusion entre le groupe fran\u00e7ais Pernod Ricard et l'am\u00e9ricain Brown-Forman, propri\u00e9taire de la marque de whisky Jack Daniel's.","breadcrumb":{"@id":"https:\/\/www.retaildetail.be\/fr\/news\/food\/pas-daccord-entre-pernod-ricard-et-jack-daniels\/#breadcrumb"},"inLanguage":"fr-FR","potentialAction":[{"@type":"ReadAction","target":["https:\/\/www.retaildetail.be\/fr\/news\/food\/pas-daccord-entre-pernod-ricard-et-jack-daniels\/"]}]},{"@type":"ImageObject","inLanguage":"fr-FR","@id":"https:\/\/www.retaildetail.be\/fr\/news\/food\/pas-daccord-entre-pernod-ricard-et-jack-daniels\/#primaryimage","url":"https:\/\/www.retaildetail.be\/wp-content\/uploads\/2026\/04\/pernod-ricard-absolut-vodka-shutterstock_1450193006-scaled-1-1.jpg","contentUrl":"https:\/\/www.retaildetail.be\/wp-content\/uploads\/2026\/04\/pernod-ricard-absolut-vodka-shutterstock_1450193006-scaled-1-1.jpg","width":2560,"height":1920},{"@type":"BreadcrumbList","@id":"https:\/\/www.retaildetail.be\/fr\/news\/food\/pas-daccord-entre-pernod-ricard-et-jack-daniels\/#breadcrumb","itemListElement":[{"@type":"ListItem","position":1,"name":"Home","item":"https:\/\/www.retaildetail.be\/fr\/"},{"@type":"ListItem","position":2,"name":"Pas d&#8217;accord entre Pernod Ricard et Jack Daniel&#8217;s"}]},{"@type":"WebSite","@id":"https:\/\/www.retaildetail.be\/nl\/#website","url":"https:\/\/www.retaildetail.be\/nl\/","name":"RetailDetail BE","description":"News","publisher":{"@id":"https:\/\/www.retaildetail.be\/nl\/#organization"},"potentialAction":[{"@type":"SearchAction","target":{"@type":"EntryPoint","urlTemplate":"https:\/\/www.retaildetail.be\/nl\/?s={search_term_string}"},"query-input":{"@type":"PropertyValueSpecification","valueRequired":true,"valueName":"search_term_string"}}],"inLanguage":"fr-FR"},{"@type":"Organization","@id":"https:\/\/www.retaildetail.be\/nl\/#organization","name":"RetailDetail BE","url":"https:\/\/www.retaildetail.be\/nl\/","logo":{"@type":"ImageObject","inLanguage":"fr-FR","@id":"https:\/\/www.retaildetail.be\/nl\/#\/schema\/logo\/image\/","url":"https:\/\/www.retaildetail.be\/wp-content\/uploads\/2022\/04\/logo.svg","contentUrl":"https:\/\/www.retaildetail.be\/wp-content\/uploads\/2022\/04\/logo.svg","width":131,"height":70,"caption":"RetailDetail BE"},"image":{"@id":"https:\/\/www.retaildetail.be\/nl\/#\/schema\/logo\/image\/"}},{"@type":"Person","@id":"https:\/\/www.retaildetail.be\/nl\/#\/schema\/person\/51aec6069c4416aa2f68b2e4ff3455df","name":"Stefan Van Rompaey","image":{"@type":"ImageObject","inLanguage":"fr-FR","@id":"https:\/\/secure.gravatar.com\/avatar\/fbbb4a80a0f109888b2a5ab8ae255617499ecde533749b3ab2fa6c23b5d65dac?s=96&d=mm&r=g","url":"https:\/\/secure.gravatar.com\/avatar\/fbbb4a80a0f109888b2a5ab8ae255617499ecde533749b3ab2fa6c23b5d65dac?s=96&d=mm&r=g","contentUrl":"https:\/\/secure.gravatar.com\/avatar\/fbbb4a80a0f109888b2a5ab8ae255617499ecde533749b3ab2fa6c23b5d65dac?s=96&d=mm&r=g","caption":"Stefan Van Rompaey"},"url":"https:\/\/www.retaildetail.be\/fr\/author\/stefanvanrompaey\/"}]}},"jetpack_featured_media_url":"https:\/\/www.retaildetail.be\/wp-content\/uploads\/2026\/04\/pernod-ricard-absolut-vodka-shutterstock_1450193006-scaled-1-1.jpg","jetpack_sharing_enabled":true,"_links":{"self":[{"href":"https:\/\/www.retaildetail.be\/fr\/wp-json\/wp\/v2\/posts\/146933","targetHints":{"allow":["GET"]}}],"collection":[{"href":"https:\/\/www.retaildetail.be\/fr\/wp-json\/wp\/v2\/posts"}],"about":[{"href":"https:\/\/www.retaildetail.be\/fr\/wp-json\/wp\/v2\/types\/post"}],"author":[{"embeddable":true,"href":"https:\/\/www.retaildetail.be\/fr\/wp-json\/wp\/v2\/users\/3"}],"replies":[{"embeddable":true,"href":"https:\/\/www.retaildetail.be\/fr\/wp-json\/wp\/v2\/comments?post=146933"}],"version-history":[{"count":1,"href":"https:\/\/www.retaildetail.be\/fr\/wp-json\/wp\/v2\/posts\/146933\/revisions"}],"predecessor-version":[{"id":146935,"href":"https:\/\/www.retaildetail.be\/fr\/wp-json\/wp\/v2\/posts\/146933\/revisions\/146935"}],"wp:featuredmedia":[{"embeddable":true,"href":"https:\/\/www.retaildetail.be\/fr\/wp-json\/wp\/v2\/media\/146934"}],"wp:attachment":[{"href":"https:\/\/www.retaildetail.be\/fr\/wp-json\/wp\/v2\/media?parent=146933"}],"wp:term":[{"taxonomy":"category","embeddable":true,"href":"https:\/\/www.retaildetail.be\/fr\/wp-json\/wp\/v2\/categories?post=146933"},{"taxonomy":"post_tag","embeddable":true,"href":"https:\/\/www.retaildetail.be\/fr\/wp-json\/wp\/v2\/tags?post=146933"},{"taxonomy":"people","embeddable":true,"href":"https:\/\/www.retaildetail.be\/fr\/wp-json\/wp\/v2\/people?post=146933"},{"taxonomy":"extra","embeddable":true,"href":"https:\/\/www.retaildetail.be\/fr\/wp-json\/wp\/v2\/extra?post=146933"},{"taxonomy":"company","embeddable":true,"href":"https:\/\/www.retaildetail.be\/fr\/wp-json\/wp\/v2\/company?post=146933"},{"taxonomy":"topic","embeddable":true,"href":"https:\/\/www.retaildetail.be\/fr\/wp-json\/wp\/v2\/topic?post=146933"},{"taxonomy":"region","embeddable":true,"href":"https:\/\/www.retaildetail.be\/fr\/wp-json\/wp\/v2\/region?post=146933"}],"curies":[{"name":"wp","href":"https:\/\/api.w.org\/{rel}","templated":true}]}}