{"id":146940,"date":"2026-04-29T12:21:04","date_gmt":"2026-04-29T10:21:04","guid":{"rendered":"https:\/\/www.retaildetail.be\/?p=146940"},"modified":"2026-04-29T12:21:05","modified_gmt":"2026-04-29T10:21:05","slug":"une-taxe-sur-le-sucre-en-vue-aux-pays-bas-et-en-allemagne-cela-fera-t-il-une-difference","status":"publish","type":"post","link":"https:\/\/www.retaildetail.be\/fr\/news\/food\/une-taxe-sur-le-sucre-en-vue-aux-pays-bas-et-en-allemagne-cela-fera-t-il-une-difference\/","title":{"rendered":"Une taxe sur le sucre en vue aux Pays-Bas et en Allemagne : cela fera-t-il une diff\u00e9rence ?"},"content":{"rendered":"\n<p>Le gouvernement f\u00e9d\u00e9ral allemand souhaite instaurer une taxe sur les boissons sucr\u00e9es, \u00e0 la fois pour soulager le syst\u00e8me de sant\u00e9 et pour moduler la consommation. Les Pays-Bas ont \u00e9galement les m\u00eames projets pour 2030. Mais quel en serait l&rsquo;effet concret ?<\/p>\n\n\n\n<h2 class=\"wp-block-heading\">La sant\u00e9 comme justification explicite<\/h2>\n\n\n\n<p>En Allemagne, le gouvernement souhaite instaurer une taxe sur les boissons sucr\u00e9es \u00e0 partir de 2028. Cette mesure devrait rapporter environ 450 millions d&rsquo;euros par an, une somme qui serait directement vers\u00e9e \u00e0 l&rsquo;assurance maladie obligatoire afin d&rsquo;all\u00e9ger la pression sur les cotisations. Le gouvernement n\u00e9erlandais travaille \u00e9galement sur des projets visant \u00e0 instaurer, \u00e0 partir de 2030, une taxe suppl\u00e9mentaire sur tous les produits pr\u00e9emball\u00e9s contenant plus de 6 % de sucre.<\/p>\n\n\n\n<p>Le discours politique met clairement l&rsquo;accent sur la sant\u00e9 publique. La politicienne du SPD Tanja Machalet souligne qu&rsquo;il ne s&rsquo;agit \u00ab pas seulement de recettes, <a href=\"https:\/\/www.lebensmittelzeitung.net\/politik\/nachrichten\/referentenentwurf-fuer-kabinettssitzung-bundesregierung-plant-jetzt-mit-zuckerabgabe-190732\">mais surtout de l&rsquo;aspect pr\u00e9ventif \u00bb<\/a>, selon le Lebensmittel Zeitung. Les Verts vont encore plus loin : \u00ab le v\u00e9ritable objectif est que l&rsquo;industrie reformule ses produits de telle sorte qu&rsquo;\u00e0 terme, plus personne ne paie la taxe. Ce serait l\u00e0 le succ\u00e8s. \u00bb<\/p>\n\n\n\n<p>L&rsquo;industrie alimentaire s&rsquo;y oppose toutefois vivement : dans une lettre commune, 37 organisations professionnelles ont rejet\u00e9 les projets allemands. Elles mettent en garde contre des charges suppl\u00e9mentaires pour les consommateurs, une perturbation du march\u00e9 et une politique paternaliste. Le secteur craint en outre que les hausses de prix ne touchent principalement les faibles revenus.<\/p>\n\n\n\n<h2 class=\"wp-block-heading\">Impact sur les consommateurs et le commerce<\/h2>\n\n\n\n<p>Une \u00e9tude de NielsenIQ men\u00e9e aupr\u00e8s de plus de 10 000 consommateurs n\u00e9erlandais donne une indication de l\u2019impact potentiel : des changements de comportement s\u2019ensuivraient effectivement. \u00ab Les r\u00e9sultats montrent que <a href=\"https:\/\/nielseniq.com\/global\/nl\/news-center\/2026\/suikertaks-zet-koopgedrag-op-scherp-consument-kiest-bewuster-en-let-meer-op-prijs\/\">le consommateur devient plus conscient, plus s\u00e9lectif et plus critique<\/a> \u00bb, \u00e9crit NielsenIQ. Le bureau conclut qu\u2019une taxe sur le sucre entra\u00eene une demande accrue de produits sans sucre et une plus grande sensibilit\u00e9 aux prix.<\/p>\n\n\n\n<p>Aujourd&rsquo;hui d\u00e9j\u00e0, 30 % des N\u00e9erlandais pr\u00eatent \u00ab assez \u00e0 beaucoup \u00bb d&rsquo;attention \u00e0 la teneur en sucre lors de leurs achats. Plus les consommateurs sont \u00e2g\u00e9s, plus ils y pr\u00eatent attention. Les jeunes g\u00e9n\u00e9rations, en revanche, r\u00e9agissent davantage aux variations de prix. En cas d\u2019augmentation des prix, une grande partie des consommateurs indique acheter plus souvent des produits en promotion (38 %), tandis qu\u2019une minorit\u00e9 se tourne vers des alternatives moins sucr\u00e9es (29 %).<\/p>\n\n\n\n<p>Selon le bureau, les fabricants et les d\u00e9taillants sont confront\u00e9s \u00e0 un choix complexe : il faut maintenir l&rsquo;\u00e9quilibre entre le prix, le go\u00fbt et la sant\u00e9. En effet, le fait que les consommateurs deviennent plus sensibles au prix en cas de taxe sur le sucre a des cons\u00e9quences directes sur la perception des prix par les d\u00e9taillants et augmente le risque d&rsquo;un transfert vers des d\u00e9taillants moins chers.<\/p>\n\n\n\n<h2 class=\"wp-block-heading\">Implications pour les fabricants<\/h2>\n\n\n\n<p>Pour les producteurs, la voie choisie par l&rsquo;Allemagne et les Pays-Bas marque une acc\u00e9l\u00e9ration d&rsquo;une tendance d\u00e9j\u00e0 amorc\u00e9e : la reformulation des produits. Sur plusieurs march\u00e9s europ\u00e9ens, une r\u00e9glementation similaire a d\u00e9j\u00e0 conduit \u00e0 une r\u00e9duction des teneurs en sucre et \u00e0 une croissance des variantes sans sucre. Il est frappant de constater que le go\u00fbt continue de jouer un r\u00f4le crucial : en cas d&rsquo;\u00e9ventuelles modifications de la recette, plus d&rsquo;un tiers des personnes interrog\u00e9es indiquent que le go\u00fbt est d\u00e9terminant dans leur d\u00e9cision d&rsquo;achat.<\/p>\n\n\n\n<p>C&rsquo;est surtout dans les cat\u00e9gories des boissons (rafra\u00eechissantes), du chewing-gum et des sauces froides que la part des variantes sans sucre a d\u00e9j\u00e0 fortement augment\u00e9. Une taxe sur le sucre rendra les consommateurs qui ach\u00e8tent r\u00e9guli\u00e8rement des produits sucr\u00e9s encore plus sensibles aux diff\u00e9rences de prix. \u00ab Le consommateur devient plus s\u00e9lectif et plus critique. Pour le secteur, cela signifie qu\u2019il faut r\u00e9soudre un casse-t\u00eate complexe, o\u00f9 chaque cat\u00e9gorie et chaque g\u00e9n\u00e9ration r\u00e9agit diff\u00e9remment \u00bb, explique NielsenIQ.<\/p>\n","protected":false},"excerpt":{"rendered":"<p>Le gouvernement f\u00e9d\u00e9ral allemand souhaite instaurer une taxe sur les boissons sucr\u00e9es, \u00e0 la fois pour soulager le syst\u00e8me de sant\u00e9 et pour moduler la consommation. Les Pays-Bas ont \u00e9galement les m\u00eames projets pour 2030. Mais quel en serait l&rsquo;effet concret ?<\/p>\n","protected":false},"author":5,"featured_media":146941,"comment_status":"closed","ping_status":"closed","sticky":false,"template":"","format":"standard","meta":{"_acf_changed":false,"inline_featured_image":false,"_jetpack_memberships_contains_paid_content":false,"footnotes":""},"categories":[18,24],"tags":[1773,1786],"people":[],"extra":[43],"company":[],"topic":[386,710],"region":[470,524],"class_list":{"0":"post-146940","1":"post","2":"type-post","3":"status-publish","4":"format-standard","5":"has-post-thumbnail","6":"hentry","7":"category-food","9":"tag-sante","10":"tag-taxes","11":"extra-plus","12":"topic-fmcg","13":"topic-legislation","14":"region-allemagne","15":"region-pays-bas"},"acf":[],"yoast_head":"<!-- This site is optimized with the Yoast SEO plugin v27.3 - https:\/\/yoast.com\/product\/yoast-seo-wordpress\/ -->\n<title>Une taxe sur le sucre en vue aux Pays-Bas et en Allemagne : cela fera-t-il une diff\u00e9rence ? - RetailDetail BE<\/title>\n<meta name=\"description\" content=\"Le gouvernement allemand souhaite instaurer une taxe sur les boissons sucr\u00e9es. Les Pays-Bas ont \u00e9galement les m\u00eames projets. Mais quel en serait l&#039;effet ?\" \/>\n<meta name=\"robots\" content=\"index, follow, max-snippet:-1, max-image-preview:large, max-video-preview:-1\" \/>\n<link rel=\"canonical\" href=\"https:\/\/www.retaildetail.be\/fr\/news\/food\/une-taxe-sur-le-sucre-en-vue-aux-pays-bas-et-en-allemagne-cela-fera-t-il-une-difference\/\" \/>\n<meta property=\"og:locale\" content=\"fr_FR\" \/>\n<meta property=\"og:type\" content=\"article\" \/>\n<meta property=\"og:title\" content=\"Une taxe sur le sucre en vue aux Pays-Bas et en Allemagne : cela fera-t-il une diff\u00e9rence ? - RetailDetail BE\" \/>\n<meta property=\"og:description\" content=\"Le gouvernement allemand souhaite instaurer une taxe sur les boissons sucr\u00e9es. Les Pays-Bas ont \u00e9galement les m\u00eames projets. Mais quel en serait l&#039;effet ?\" \/>\n<meta property=\"og:url\" content=\"https:\/\/www.retaildetail.be\/fr\/news\/food\/une-taxe-sur-le-sucre-en-vue-aux-pays-bas-et-en-allemagne-cela-fera-t-il-une-difference\/\" \/>\n<meta property=\"og:site_name\" content=\"RetailDetail BE\" \/>\n<meta property=\"article:published_time\" content=\"2026-04-29T10:21:04+00:00\" \/>\n<meta property=\"article:modified_time\" content=\"2026-04-29T10:21:05+00:00\" \/>\n<meta property=\"og:image\" content=\"https:\/\/www.retaildetail.be\/wp-content\/uploads\/2026\/04\/frisdrank-rayon-supermarkt.jpg\" \/>\n\t<meta property=\"og:image:width\" content=\"1000\" \/>\n\t<meta property=\"og:image:height\" content=\"655\" \/>\n\t<meta property=\"og:image:type\" content=\"image\/jpeg\" \/>\n<meta name=\"author\" content=\"Pauline Neerman\" \/>\n<meta name=\"twitter:card\" content=\"summary_large_image\" \/>\n<meta name=\"twitter:label1\" content=\"\u00c9crit par\" \/>\n\t<meta name=\"twitter:data1\" content=\"Pauline Neerman\" \/>\n\t<meta name=\"twitter:label2\" content=\"Dur\u00e9e de lecture estim\u00e9e\" \/>\n\t<meta name=\"twitter:data2\" content=\"3 minutes\" \/>\n<script type=\"application\/ld+json\" class=\"yoast-schema-graph\">{\"@context\":\"https:\\\/\\\/schema.org\",\"@graph\":[{\"@type\":\"NewsArticle\",\"@id\":\"https:\\\/\\\/www.retaildetail.be\\\/fr\\\/news\\\/food\\\/une-taxe-sur-le-sucre-en-vue-aux-pays-bas-et-en-allemagne-cela-fera-t-il-une-difference\\\/#article\",\"isPartOf\":{\"@id\":\"https:\\\/\\\/www.retaildetail.be\\\/fr\\\/news\\\/food\\\/une-taxe-sur-le-sucre-en-vue-aux-pays-bas-et-en-allemagne-cela-fera-t-il-une-difference\\\/\"},\"author\":{\"name\":\"Pauline Neerman\",\"@id\":\"https:\\\/\\\/www.retaildetail.be\\\/nl\\\/#\\\/schema\\\/person\\\/66b54803fa10759039079458ea89e307\"},\"headline\":\"Une taxe sur le sucre en vue aux Pays-Bas et en Allemagne : cela fera-t-il une diff\u00e9rence ?\",\"datePublished\":\"2026-04-29T10:21:04+00:00\",\"dateModified\":\"2026-04-29T10:21:05+00:00\",\"mainEntityOfPage\":{\"@id\":\"https:\\\/\\\/www.retaildetail.be\\\/fr\\\/news\\\/food\\\/une-taxe-sur-le-sucre-en-vue-aux-pays-bas-et-en-allemagne-cela-fera-t-il-une-difference\\\/\"},\"wordCount\":698,\"publisher\":{\"@id\":\"https:\\\/\\\/www.retaildetail.be\\\/nl\\\/#organization\"},\"image\":{\"@id\":\"https:\\\/\\\/www.retaildetail.be\\\/fr\\\/news\\\/food\\\/une-taxe-sur-le-sucre-en-vue-aux-pays-bas-et-en-allemagne-cela-fera-t-il-une-difference\\\/#primaryimage\"},\"thumbnailUrl\":\"https:\\\/\\\/www.retaildetail.be\\\/wp-content\\\/uploads\\\/2026\\\/04\\\/frisdrank-rayon-supermarkt.jpg\",\"keywords\":[\"sant\u00e9\",\"taxes\"],\"articleSection\":[\"Food\",\"Food\"],\"inLanguage\":\"fr-FR\",\"copyrightYear\":\"2026\",\"copyrightHolder\":{\"@id\":\"https:\\\/\\\/www.retaildetail.be\\\/#organization\"}},{\"@type\":\"WebPage\",\"@id\":\"https:\\\/\\\/www.retaildetail.be\\\/fr\\\/news\\\/food\\\/une-taxe-sur-le-sucre-en-vue-aux-pays-bas-et-en-allemagne-cela-fera-t-il-une-difference\\\/\",\"url\":\"https:\\\/\\\/www.retaildetail.be\\\/fr\\\/news\\\/food\\\/une-taxe-sur-le-sucre-en-vue-aux-pays-bas-et-en-allemagne-cela-fera-t-il-une-difference\\\/\",\"name\":\"Une taxe sur le sucre en vue aux Pays-Bas et en Allemagne : cela fera-t-il une diff\u00e9rence ? - RetailDetail BE\",\"isPartOf\":{\"@id\":\"https:\\\/\\\/www.retaildetail.be\\\/nl\\\/#website\"},\"primaryImageOfPage\":{\"@id\":\"https:\\\/\\\/www.retaildetail.be\\\/fr\\\/news\\\/food\\\/une-taxe-sur-le-sucre-en-vue-aux-pays-bas-et-en-allemagne-cela-fera-t-il-une-difference\\\/#primaryimage\"},\"image\":{\"@id\":\"https:\\\/\\\/www.retaildetail.be\\\/fr\\\/news\\\/food\\\/une-taxe-sur-le-sucre-en-vue-aux-pays-bas-et-en-allemagne-cela-fera-t-il-une-difference\\\/#primaryimage\"},\"thumbnailUrl\":\"https:\\\/\\\/www.retaildetail.be\\\/wp-content\\\/uploads\\\/2026\\\/04\\\/frisdrank-rayon-supermarkt.jpg\",\"datePublished\":\"2026-04-29T10:21:04+00:00\",\"dateModified\":\"2026-04-29T10:21:05+00:00\",\"description\":\"Le gouvernement allemand souhaite instaurer une taxe sur les boissons sucr\u00e9es. Les Pays-Bas ont \u00e9galement les m\u00eames projets. Mais quel en serait l'effet ?\",\"breadcrumb\":{\"@id\":\"https:\\\/\\\/www.retaildetail.be\\\/fr\\\/news\\\/food\\\/une-taxe-sur-le-sucre-en-vue-aux-pays-bas-et-en-allemagne-cela-fera-t-il-une-difference\\\/#breadcrumb\"},\"inLanguage\":\"fr-FR\",\"potentialAction\":[{\"@type\":\"ReadAction\",\"target\":[\"https:\\\/\\\/www.retaildetail.be\\\/fr\\\/news\\\/food\\\/une-taxe-sur-le-sucre-en-vue-aux-pays-bas-et-en-allemagne-cela-fera-t-il-une-difference\\\/\"]}]},{\"@type\":\"ImageObject\",\"inLanguage\":\"fr-FR\",\"@id\":\"https:\\\/\\\/www.retaildetail.be\\\/fr\\\/news\\\/food\\\/une-taxe-sur-le-sucre-en-vue-aux-pays-bas-et-en-allemagne-cela-fera-t-il-une-difference\\\/#primaryimage\",\"url\":\"https:\\\/\\\/www.retaildetail.be\\\/wp-content\\\/uploads\\\/2026\\\/04\\\/frisdrank-rayon-supermarkt.jpg\",\"contentUrl\":\"https:\\\/\\\/www.retaildetail.be\\\/wp-content\\\/uploads\\\/2026\\\/04\\\/frisdrank-rayon-supermarkt.jpg\",\"width\":1000,\"height\":655,\"caption\":\"Abdul Razak Latif \\\/ Shutterstock.com\"},{\"@type\":\"BreadcrumbList\",\"@id\":\"https:\\\/\\\/www.retaildetail.be\\\/fr\\\/news\\\/food\\\/une-taxe-sur-le-sucre-en-vue-aux-pays-bas-et-en-allemagne-cela-fera-t-il-une-difference\\\/#breadcrumb\",\"itemListElement\":[{\"@type\":\"ListItem\",\"position\":1,\"name\":\"Home\",\"item\":\"https:\\\/\\\/www.retaildetail.be\\\/fr\\\/\"},{\"@type\":\"ListItem\",\"position\":2,\"name\":\"Une taxe sur le sucre en vue aux Pays-Bas et en Allemagne : cela fera-t-il une diff\u00e9rence ?\"}]},{\"@type\":\"WebSite\",\"@id\":\"https:\\\/\\\/www.retaildetail.be\\\/nl\\\/#website\",\"url\":\"https:\\\/\\\/www.retaildetail.be\\\/nl\\\/\",\"name\":\"RetailDetail BE\",\"description\":\"News\",\"publisher\":{\"@id\":\"https:\\\/\\\/www.retaildetail.be\\\/nl\\\/#organization\"},\"potentialAction\":[{\"@type\":\"SearchAction\",\"target\":{\"@type\":\"EntryPoint\",\"urlTemplate\":\"https:\\\/\\\/www.retaildetail.be\\\/nl\\\/?s={search_term_string}\"},\"query-input\":{\"@type\":\"PropertyValueSpecification\",\"valueRequired\":true,\"valueName\":\"search_term_string\"}}],\"inLanguage\":\"fr-FR\"},{\"@type\":\"Organization\",\"@id\":\"https:\\\/\\\/www.retaildetail.be\\\/nl\\\/#organization\",\"name\":\"RetailDetail BE\",\"url\":\"https:\\\/\\\/www.retaildetail.be\\\/nl\\\/\",\"logo\":{\"@type\":\"ImageObject\",\"inLanguage\":\"fr-FR\",\"@id\":\"https:\\\/\\\/www.retaildetail.be\\\/nl\\\/#\\\/schema\\\/logo\\\/image\\\/\",\"url\":\"https:\\\/\\\/www.retaildetail.be\\\/wp-content\\\/uploads\\\/2022\\\/04\\\/logo.svg\",\"contentUrl\":\"https:\\\/\\\/www.retaildetail.be\\\/wp-content\\\/uploads\\\/2022\\\/04\\\/logo.svg\",\"width\":131,\"height\":70,\"caption\":\"RetailDetail BE\"},\"image\":{\"@id\":\"https:\\\/\\\/www.retaildetail.be\\\/nl\\\/#\\\/schema\\\/logo\\\/image\\\/\"}},{\"@type\":\"Person\",\"@id\":\"https:\\\/\\\/www.retaildetail.be\\\/nl\\\/#\\\/schema\\\/person\\\/66b54803fa10759039079458ea89e307\",\"name\":\"Pauline Neerman\",\"image\":{\"@type\":\"ImageObject\",\"inLanguage\":\"fr-FR\",\"@id\":\"https:\\\/\\\/secure.gravatar.com\\\/avatar\\\/58db22aee589a691f9603e5765ac06010427a923f9b2728b951eb7fe27214d70?s=96&d=mm&r=g\",\"url\":\"https:\\\/\\\/secure.gravatar.com\\\/avatar\\\/58db22aee589a691f9603e5765ac06010427a923f9b2728b951eb7fe27214d70?s=96&d=mm&r=g\",\"contentUrl\":\"https:\\\/\\\/secure.gravatar.com\\\/avatar\\\/58db22aee589a691f9603e5765ac06010427a923f9b2728b951eb7fe27214d70?s=96&d=mm&r=g\",\"caption\":\"Pauline Neerman\"},\"url\":\"https:\\\/\\\/www.retaildetail.be\\\/fr\\\/author\\\/paulineneerman\\\/\"}]}<\/script>\n<!-- \/ Yoast SEO plugin. -->","yoast_head_json":{"title":"Une taxe sur le sucre en vue aux Pays-Bas et en Allemagne : cela fera-t-il une diff\u00e9rence ? - RetailDetail BE","description":"Le gouvernement allemand souhaite instaurer une taxe sur les boissons sucr\u00e9es. Les Pays-Bas ont \u00e9galement les m\u00eames projets. Mais quel en serait l'effet ?","robots":{"index":"index","follow":"follow","max-snippet":"max-snippet:-1","max-image-preview":"max-image-preview:large","max-video-preview":"max-video-preview:-1"},"canonical":"https:\/\/www.retaildetail.be\/fr\/news\/food\/une-taxe-sur-le-sucre-en-vue-aux-pays-bas-et-en-allemagne-cela-fera-t-il-une-difference\/","og_locale":"fr_FR","og_type":"article","og_title":"Une taxe sur le sucre en vue aux Pays-Bas et en Allemagne : cela fera-t-il une diff\u00e9rence ? - RetailDetail BE","og_description":"Le gouvernement allemand souhaite instaurer une taxe sur les boissons sucr\u00e9es. Les Pays-Bas ont \u00e9galement les m\u00eames projets. Mais quel en serait l'effet ?","og_url":"https:\/\/www.retaildetail.be\/fr\/news\/food\/une-taxe-sur-le-sucre-en-vue-aux-pays-bas-et-en-allemagne-cela-fera-t-il-une-difference\/","og_site_name":"RetailDetail BE","article_published_time":"2026-04-29T10:21:04+00:00","article_modified_time":"2026-04-29T10:21:05+00:00","og_image":[{"width":1000,"height":655,"url":"https:\/\/www.retaildetail.be\/wp-content\/uploads\/2026\/04\/frisdrank-rayon-supermarkt.jpg","type":"image\/jpeg"}],"author":"Pauline Neerman","twitter_card":"summary_large_image","twitter_misc":{"\u00c9crit par":"Pauline Neerman","Dur\u00e9e de lecture estim\u00e9e":"3 minutes"},"schema":{"@context":"https:\/\/schema.org","@graph":[{"@type":"NewsArticle","@id":"https:\/\/www.retaildetail.be\/fr\/news\/food\/une-taxe-sur-le-sucre-en-vue-aux-pays-bas-et-en-allemagne-cela-fera-t-il-une-difference\/#article","isPartOf":{"@id":"https:\/\/www.retaildetail.be\/fr\/news\/food\/une-taxe-sur-le-sucre-en-vue-aux-pays-bas-et-en-allemagne-cela-fera-t-il-une-difference\/"},"author":{"name":"Pauline Neerman","@id":"https:\/\/www.retaildetail.be\/nl\/#\/schema\/person\/66b54803fa10759039079458ea89e307"},"headline":"Une taxe sur le sucre en vue aux Pays-Bas et en Allemagne : cela fera-t-il une diff\u00e9rence ?","datePublished":"2026-04-29T10:21:04+00:00","dateModified":"2026-04-29T10:21:05+00:00","mainEntityOfPage":{"@id":"https:\/\/www.retaildetail.be\/fr\/news\/food\/une-taxe-sur-le-sucre-en-vue-aux-pays-bas-et-en-allemagne-cela-fera-t-il-une-difference\/"},"wordCount":698,"publisher":{"@id":"https:\/\/www.retaildetail.be\/nl\/#organization"},"image":{"@id":"https:\/\/www.retaildetail.be\/fr\/news\/food\/une-taxe-sur-le-sucre-en-vue-aux-pays-bas-et-en-allemagne-cela-fera-t-il-une-difference\/#primaryimage"},"thumbnailUrl":"https:\/\/www.retaildetail.be\/wp-content\/uploads\/2026\/04\/frisdrank-rayon-supermarkt.jpg","keywords":["sant\u00e9","taxes"],"articleSection":["Food","Food"],"inLanguage":"fr-FR","copyrightYear":"2026","copyrightHolder":{"@id":"https:\/\/www.retaildetail.be\/#organization"}},{"@type":"WebPage","@id":"https:\/\/www.retaildetail.be\/fr\/news\/food\/une-taxe-sur-le-sucre-en-vue-aux-pays-bas-et-en-allemagne-cela-fera-t-il-une-difference\/","url":"https:\/\/www.retaildetail.be\/fr\/news\/food\/une-taxe-sur-le-sucre-en-vue-aux-pays-bas-et-en-allemagne-cela-fera-t-il-une-difference\/","name":"Une taxe sur le sucre en vue aux Pays-Bas et en Allemagne : cela fera-t-il une diff\u00e9rence ? - RetailDetail BE","isPartOf":{"@id":"https:\/\/www.retaildetail.be\/nl\/#website"},"primaryImageOfPage":{"@id":"https:\/\/www.retaildetail.be\/fr\/news\/food\/une-taxe-sur-le-sucre-en-vue-aux-pays-bas-et-en-allemagne-cela-fera-t-il-une-difference\/#primaryimage"},"image":{"@id":"https:\/\/www.retaildetail.be\/fr\/news\/food\/une-taxe-sur-le-sucre-en-vue-aux-pays-bas-et-en-allemagne-cela-fera-t-il-une-difference\/#primaryimage"},"thumbnailUrl":"https:\/\/www.retaildetail.be\/wp-content\/uploads\/2026\/04\/frisdrank-rayon-supermarkt.jpg","datePublished":"2026-04-29T10:21:04+00:00","dateModified":"2026-04-29T10:21:05+00:00","description":"Le gouvernement allemand souhaite instaurer une taxe sur les boissons sucr\u00e9es. Les Pays-Bas ont \u00e9galement les m\u00eames projets. Mais quel en serait l'effet ?","breadcrumb":{"@id":"https:\/\/www.retaildetail.be\/fr\/news\/food\/une-taxe-sur-le-sucre-en-vue-aux-pays-bas-et-en-allemagne-cela-fera-t-il-une-difference\/#breadcrumb"},"inLanguage":"fr-FR","potentialAction":[{"@type":"ReadAction","target":["https:\/\/www.retaildetail.be\/fr\/news\/food\/une-taxe-sur-le-sucre-en-vue-aux-pays-bas-et-en-allemagne-cela-fera-t-il-une-difference\/"]}]},{"@type":"ImageObject","inLanguage":"fr-FR","@id":"https:\/\/www.retaildetail.be\/fr\/news\/food\/une-taxe-sur-le-sucre-en-vue-aux-pays-bas-et-en-allemagne-cela-fera-t-il-une-difference\/#primaryimage","url":"https:\/\/www.retaildetail.be\/wp-content\/uploads\/2026\/04\/frisdrank-rayon-supermarkt.jpg","contentUrl":"https:\/\/www.retaildetail.be\/wp-content\/uploads\/2026\/04\/frisdrank-rayon-supermarkt.jpg","width":1000,"height":655,"caption":"Abdul Razak Latif \/ Shutterstock.com"},{"@type":"BreadcrumbList","@id":"https:\/\/www.retaildetail.be\/fr\/news\/food\/une-taxe-sur-le-sucre-en-vue-aux-pays-bas-et-en-allemagne-cela-fera-t-il-une-difference\/#breadcrumb","itemListElement":[{"@type":"ListItem","position":1,"name":"Home","item":"https:\/\/www.retaildetail.be\/fr\/"},{"@type":"ListItem","position":2,"name":"Une taxe sur le sucre en vue aux Pays-Bas et en Allemagne : cela fera-t-il une diff\u00e9rence ?"}]},{"@type":"WebSite","@id":"https:\/\/www.retaildetail.be\/nl\/#website","url":"https:\/\/www.retaildetail.be\/nl\/","name":"RetailDetail BE","description":"News","publisher":{"@id":"https:\/\/www.retaildetail.be\/nl\/#organization"},"potentialAction":[{"@type":"SearchAction","target":{"@type":"EntryPoint","urlTemplate":"https:\/\/www.retaildetail.be\/nl\/?s={search_term_string}"},"query-input":{"@type":"PropertyValueSpecification","valueRequired":true,"valueName":"search_term_string"}}],"inLanguage":"fr-FR"},{"@type":"Organization","@id":"https:\/\/www.retaildetail.be\/nl\/#organization","name":"RetailDetail BE","url":"https:\/\/www.retaildetail.be\/nl\/","logo":{"@type":"ImageObject","inLanguage":"fr-FR","@id":"https:\/\/www.retaildetail.be\/nl\/#\/schema\/logo\/image\/","url":"https:\/\/www.retaildetail.be\/wp-content\/uploads\/2022\/04\/logo.svg","contentUrl":"https:\/\/www.retaildetail.be\/wp-content\/uploads\/2022\/04\/logo.svg","width":131,"height":70,"caption":"RetailDetail BE"},"image":{"@id":"https:\/\/www.retaildetail.be\/nl\/#\/schema\/logo\/image\/"}},{"@type":"Person","@id":"https:\/\/www.retaildetail.be\/nl\/#\/schema\/person\/66b54803fa10759039079458ea89e307","name":"Pauline Neerman","image":{"@type":"ImageObject","inLanguage":"fr-FR","@id":"https:\/\/secure.gravatar.com\/avatar\/58db22aee589a691f9603e5765ac06010427a923f9b2728b951eb7fe27214d70?s=96&d=mm&r=g","url":"https:\/\/secure.gravatar.com\/avatar\/58db22aee589a691f9603e5765ac06010427a923f9b2728b951eb7fe27214d70?s=96&d=mm&r=g","contentUrl":"https:\/\/secure.gravatar.com\/avatar\/58db22aee589a691f9603e5765ac06010427a923f9b2728b951eb7fe27214d70?s=96&d=mm&r=g","caption":"Pauline Neerman"},"url":"https:\/\/www.retaildetail.be\/fr\/author\/paulineneerman\/"}]}},"jetpack_featured_media_url":"https:\/\/www.retaildetail.be\/wp-content\/uploads\/2026\/04\/frisdrank-rayon-supermarkt.jpg","jetpack_sharing_enabled":true,"_links":{"self":[{"href":"https:\/\/www.retaildetail.be\/fr\/wp-json\/wp\/v2\/posts\/146940","targetHints":{"allow":["GET"]}}],"collection":[{"href":"https:\/\/www.retaildetail.be\/fr\/wp-json\/wp\/v2\/posts"}],"about":[{"href":"https:\/\/www.retaildetail.be\/fr\/wp-json\/wp\/v2\/types\/post"}],"author":[{"embeddable":true,"href":"https:\/\/www.retaildetail.be\/fr\/wp-json\/wp\/v2\/users\/5"}],"replies":[{"embeddable":true,"href":"https:\/\/www.retaildetail.be\/fr\/wp-json\/wp\/v2\/comments?post=146940"}],"version-history":[{"count":1,"href":"https:\/\/www.retaildetail.be\/fr\/wp-json\/wp\/v2\/posts\/146940\/revisions"}],"predecessor-version":[{"id":146944,"href":"https:\/\/www.retaildetail.be\/fr\/wp-json\/wp\/v2\/posts\/146940\/revisions\/146944"}],"wp:featuredmedia":[{"embeddable":true,"href":"https:\/\/www.retaildetail.be\/fr\/wp-json\/wp\/v2\/media\/146941"}],"wp:attachment":[{"href":"https:\/\/www.retaildetail.be\/fr\/wp-json\/wp\/v2\/media?parent=146940"}],"wp:term":[{"taxonomy":"category","embeddable":true,"href":"https:\/\/www.retaildetail.be\/fr\/wp-json\/wp\/v2\/categories?post=146940"},{"taxonomy":"post_tag","embeddable":true,"href":"https:\/\/www.retaildetail.be\/fr\/wp-json\/wp\/v2\/tags?post=146940"},{"taxonomy":"people","embeddable":true,"href":"https:\/\/www.retaildetail.be\/fr\/wp-json\/wp\/v2\/people?post=146940"},{"taxonomy":"extra","embeddable":true,"href":"https:\/\/www.retaildetail.be\/fr\/wp-json\/wp\/v2\/extra?post=146940"},{"taxonomy":"company","embeddable":true,"href":"https:\/\/www.retaildetail.be\/fr\/wp-json\/wp\/v2\/company?post=146940"},{"taxonomy":"topic","embeddable":true,"href":"https:\/\/www.retaildetail.be\/fr\/wp-json\/wp\/v2\/topic?post=146940"},{"taxonomy":"region","embeddable":true,"href":"https:\/\/www.retaildetail.be\/fr\/wp-json\/wp\/v2\/region?post=146940"}],"curies":[{"name":"wp","href":"https:\/\/api.w.org\/{rel}","templated":true}]}}