{"id":146945,"date":"2026-04-29T12:22:54","date_gmt":"2026-04-29T10:22:54","guid":{"rendered":"https:\/\/www.retaildetail.be\/?p=146945"},"modified":"2026-04-29T12:22:56","modified_gmt":"2026-04-29T10:22:56","slug":"sostrene-grene-ouvre-une-boutique-en-ligne-en-italie-un-premier-magasin-suivra-bientot","status":"publish","type":"post","link":"https:\/\/www.retaildetail.be\/fr\/news\/maison-deco\/sostrene-grene-ouvre-une-boutique-en-ligne-en-italie-un-premier-magasin-suivra-bientot\/","title":{"rendered":"S\u00f8strene Grene ouvre sa boutique en ligne en Italie ; un premier magasin suivra bient\u00f4t"},"content":{"rendered":"\n<p>En pr\u00e9vision de l&rsquo;ouverture de son premier magasin physique en Italie, la cha\u00eene danoise de d\u00e9coration d&rsquo;int\u00e9rieur <strong>S\u00f8strene Grene<\/strong> a d\u00e9j\u00e0 lanc\u00e9 une boutique en ligne dans ce pays. En Pologne, le d\u00e9taillant adopte la m\u00eame approche.<\/p>\n\n\n\n<h2 class=\"wp-block-heading\">Renforcer la notori\u00e9t\u00e9 de la marque<\/h2>\n\n\n\n<p>\u00ab C&rsquo;est avec fiert\u00e9 que nous lan\u00e7ons aujourd&rsquo;hui notre boutique en ligne en Italie, rendant ainsi accessible dans tout le pays notre magnifique univers d&rsquo;accessoires de d\u00e9coration, d&rsquo;articles de cuisine, de loisirs cr\u00e9atifs et bien plus encore \u00bb, annonce S\u00f8strene Grene sur LinkedIn. \u00ab En d\u00e9marrant d\u2019abord en ligne, avant m\u00eame l\u2019ouverture de nos magasins physiques, nous pouvons d\u00e9j\u00e0 tisser des liens avec nos clients et nous faire conna\u00eetre avant d\u2019ouvrir nos portes. Et cela ne tardera plus. Nous ouvrirons bient\u00f4t notre premier magasin italien \u00e0 Bolzano. \u00bb<\/p>\n\n\n\n<p>L&rsquo;ouverture de la boutique en ligne italienne intervient seulement un mois apr\u00e8s le lancement d&rsquo;une boutique en ligne en Pologne. L\u00e0-bas aussi, la cha\u00eene danoise ouvrira bient\u00f4t ses premiers magasins physiques : l&rsquo;un des emplacements confirm\u00e9s est le centre commercial Arkadia \u00e0 Varsovie. Les attentes sont grandes : \u00ab Nous pensons que l&rsquo;Italie pr\u00e9sente un potentiel comparable \u00e0 celui de l&rsquo;Allemagne et du Royaume-Uni. La Pologne est un tout nouveau terrain pour nous, car nous ne nous sommes encore jamais aventur\u00e9s en Europe de l\u2019Est, <a href=\"https:\/\/www.retaildetail.be\/fr\/news\/maison-deco\/interview-notre-experience-unique-offre-aux-acheteurs-un-espace-de-respiration-mikkel-grene-sostrene-grene\/\">mais l\u00e0 aussi, nous voyons un grand potentiel<\/a> \u00bb, a d\u00e9clar\u00e9 le PDG Mikkel Grene l\u2019ann\u00e9e derni\u00e8re dans une interview accord\u00e9e \u00e0 RetailDetail. D\u2019ici 2027, la cha\u00eene de distribution danoise souhaite compter 500 magasins en Europe.<\/p>\n","protected":false},"excerpt":{"rendered":"<p>En pr\u00e9vision de l&rsquo;ouverture de son premier magasin physique en Italie, la cha\u00eene danoise de d\u00e9coration d&rsquo;int\u00e9rieur S\u00f8strene Grene a d\u00e9j\u00e0 lanc\u00e9 une boutique en ligne dans ce pays. En Pologne, le d\u00e9taillant adopte la m\u00eame approche. <\/p>\n","protected":false},"author":3,"featured_media":146946,"comment_status":"closed","ping_status":"closed","sticky":false,"template":"","format":"standard","meta":{"_acf_changed":false,"inline_featured_image":false,"_jetpack_memberships_contains_paid_content":false,"footnotes":""},"categories":[29,21],"tags":[],"people":[],"extra":[],"company":[1271],"topic":[276],"region":[525],"class_list":["post-146945","post","type-post","status-publish","format-standard","has-post-thumbnail","hentry","category-maison-deco","category-wonen","company-sostrene-grene","topic-expansion","region-italie"],"acf":[],"yoast_head":"<!-- This site is optimized with the Yoast SEO plugin v27.3 - https:\/\/yoast.com\/product\/yoast-seo-wordpress\/ -->\n<title>S\u00f8strene Grene ouvre sa boutique en ligne en Italie ; un premier magasin suivra bient\u00f4t - RetailDetail BE<\/title>\n<meta name=\"description\" content=\"En pr\u00e9vision de l&#039;ouverture de son premier magasin physique en Italie, la cha\u00eene danoise de d\u00e9coration d&#039;int\u00e9rieur S\u00f8strene Grene a d\u00e9j\u00e0 lanc\u00e9 une boutique en ligne dans ce pays.\" \/>\n<meta name=\"robots\" content=\"index, follow, max-snippet:-1, max-image-preview:large, max-video-preview:-1\" \/>\n<link rel=\"canonical\" href=\"https:\/\/www.retaildetail.be\/fr\/news\/maison-deco\/sostrene-grene-ouvre-une-boutique-en-ligne-en-italie-un-premier-magasin-suivra-bientot\/\" \/>\n<meta property=\"og:locale\" content=\"fr_FR\" \/>\n<meta property=\"og:type\" content=\"article\" \/>\n<meta property=\"og:title\" content=\"S\u00f8strene Grene ouvre sa boutique en ligne en Italie ; un premier magasin suivra bient\u00f4t - RetailDetail BE\" \/>\n<meta property=\"og:description\" content=\"En pr\u00e9vision de l&#039;ouverture de son premier magasin physique en Italie, la cha\u00eene danoise de d\u00e9coration d&#039;int\u00e9rieur S\u00f8strene Grene a d\u00e9j\u00e0 lanc\u00e9 une boutique en ligne dans ce pays.\" \/>\n<meta property=\"og:url\" content=\"https:\/\/www.retaildetail.be\/fr\/news\/maison-deco\/sostrene-grene-ouvre-une-boutique-en-ligne-en-italie-un-premier-magasin-suivra-bientot\/\" \/>\n<meta property=\"og:site_name\" content=\"RetailDetail BE\" \/>\n<meta property=\"article:published_time\" content=\"2026-04-29T10:22:54+00:00\" \/>\n<meta property=\"article:modified_time\" content=\"2026-04-29T10:22:56+00:00\" \/>\n<meta property=\"og:image\" content=\"https:\/\/www.retaildetail.be\/wp-content\/uploads\/2026\/04\/shutterstock_2557479033.jpg\" \/>\n\t<meta property=\"og:image:width\" content=\"1000\" \/>\n\t<meta property=\"og:image:height\" content=\"666\" \/>\n\t<meta property=\"og:image:type\" content=\"image\/jpeg\" \/>\n<meta name=\"author\" content=\"Stefan Van Rompaey\" \/>\n<meta name=\"twitter:card\" content=\"summary_large_image\" \/>\n<meta name=\"twitter:label1\" content=\"\u00c9crit par\" \/>\n\t<meta name=\"twitter:data1\" content=\"Stefan Van Rompaey\" \/>\n\t<meta name=\"twitter:label2\" content=\"Dur\u00e9e de lecture estim\u00e9e\" \/>\n\t<meta name=\"twitter:data2\" content=\"1 minute\" \/>\n<script type=\"application\/ld+json\" class=\"yoast-schema-graph\">{\"@context\":\"https:\\\/\\\/schema.org\",\"@graph\":[{\"@type\":\"NewsArticle\",\"@id\":\"https:\\\/\\\/www.retaildetail.be\\\/fr\\\/news\\\/maison-deco\\\/sostrene-grene-ouvre-une-boutique-en-ligne-en-italie-un-premier-magasin-suivra-bientot\\\/#article\",\"isPartOf\":{\"@id\":\"https:\\\/\\\/www.retaildetail.be\\\/fr\\\/news\\\/maison-deco\\\/sostrene-grene-ouvre-une-boutique-en-ligne-en-italie-un-premier-magasin-suivra-bientot\\\/\"},\"author\":{\"name\":\"Stefan Van Rompaey\",\"@id\":\"https:\\\/\\\/www.retaildetail.be\\\/nl\\\/#\\\/schema\\\/person\\\/51aec6069c4416aa2f68b2e4ff3455df\"},\"headline\":\"S\u00f8strene Grene ouvre sa boutique en ligne en Italie ; un premier magasin suivra bient\u00f4t\",\"datePublished\":\"2026-04-29T10:22:54+00:00\",\"dateModified\":\"2026-04-29T10:22:56+00:00\",\"mainEntityOfPage\":{\"@id\":\"https:\\\/\\\/www.retaildetail.be\\\/fr\\\/news\\\/maison-deco\\\/sostrene-grene-ouvre-une-boutique-en-ligne-en-italie-un-premier-magasin-suivra-bientot\\\/\"},\"wordCount\":301,\"publisher\":{\"@id\":\"https:\\\/\\\/www.retaildetail.be\\\/nl\\\/#organization\"},\"image\":{\"@id\":\"https:\\\/\\\/www.retaildetail.be\\\/fr\\\/news\\\/maison-deco\\\/sostrene-grene-ouvre-une-boutique-en-ligne-en-italie-un-premier-magasin-suivra-bientot\\\/#primaryimage\"},\"thumbnailUrl\":\"https:\\\/\\\/www.retaildetail.be\\\/wp-content\\\/uploads\\\/2026\\\/04\\\/shutterstock_2557479033.jpg\",\"articleSection\":[\"Maison &amp; D\u00e9co\",\"Wonen\"],\"inLanguage\":\"fr-FR\",\"copyrightYear\":\"2026\",\"copyrightHolder\":{\"@id\":\"https:\\\/\\\/www.retaildetail.be\\\/#organization\"}},{\"@type\":\"WebPage\",\"@id\":\"https:\\\/\\\/www.retaildetail.be\\\/fr\\\/news\\\/maison-deco\\\/sostrene-grene-ouvre-une-boutique-en-ligne-en-italie-un-premier-magasin-suivra-bientot\\\/\",\"url\":\"https:\\\/\\\/www.retaildetail.be\\\/fr\\\/news\\\/maison-deco\\\/sostrene-grene-ouvre-une-boutique-en-ligne-en-italie-un-premier-magasin-suivra-bientot\\\/\",\"name\":\"S\u00f8strene Grene ouvre sa boutique en ligne en Italie ; un premier magasin suivra bient\u00f4t - RetailDetail BE\",\"isPartOf\":{\"@id\":\"https:\\\/\\\/www.retaildetail.be\\\/nl\\\/#website\"},\"primaryImageOfPage\":{\"@id\":\"https:\\\/\\\/www.retaildetail.be\\\/fr\\\/news\\\/maison-deco\\\/sostrene-grene-ouvre-une-boutique-en-ligne-en-italie-un-premier-magasin-suivra-bientot\\\/#primaryimage\"},\"image\":{\"@id\":\"https:\\\/\\\/www.retaildetail.be\\\/fr\\\/news\\\/maison-deco\\\/sostrene-grene-ouvre-une-boutique-en-ligne-en-italie-un-premier-magasin-suivra-bientot\\\/#primaryimage\"},\"thumbnailUrl\":\"https:\\\/\\\/www.retaildetail.be\\\/wp-content\\\/uploads\\\/2026\\\/04\\\/shutterstock_2557479033.jpg\",\"datePublished\":\"2026-04-29T10:22:54+00:00\",\"dateModified\":\"2026-04-29T10:22:56+00:00\",\"description\":\"En pr\u00e9vision de l'ouverture de son premier magasin physique en Italie, la cha\u00eene danoise de d\u00e9coration d'int\u00e9rieur S\u00f8strene Grene a d\u00e9j\u00e0 lanc\u00e9 une boutique en ligne dans ce pays.\",\"breadcrumb\":{\"@id\":\"https:\\\/\\\/www.retaildetail.be\\\/fr\\\/news\\\/maison-deco\\\/sostrene-grene-ouvre-une-boutique-en-ligne-en-italie-un-premier-magasin-suivra-bientot\\\/#breadcrumb\"},\"inLanguage\":\"fr-FR\",\"potentialAction\":[{\"@type\":\"ReadAction\",\"target\":[\"https:\\\/\\\/www.retaildetail.be\\\/fr\\\/news\\\/maison-deco\\\/sostrene-grene-ouvre-une-boutique-en-ligne-en-italie-un-premier-magasin-suivra-bientot\\\/\"]}]},{\"@type\":\"ImageObject\",\"inLanguage\":\"fr-FR\",\"@id\":\"https:\\\/\\\/www.retaildetail.be\\\/fr\\\/news\\\/maison-deco\\\/sostrene-grene-ouvre-une-boutique-en-ligne-en-italie-un-premier-magasin-suivra-bientot\\\/#primaryimage\",\"url\":\"https:\\\/\\\/www.retaildetail.be\\\/wp-content\\\/uploads\\\/2026\\\/04\\\/shutterstock_2557479033.jpg\",\"contentUrl\":\"https:\\\/\\\/www.retaildetail.be\\\/wp-content\\\/uploads\\\/2026\\\/04\\\/shutterstock_2557479033.jpg\",\"width\":1000,\"height\":666,\"caption\":\"Shutterstock.com\"},{\"@type\":\"BreadcrumbList\",\"@id\":\"https:\\\/\\\/www.retaildetail.be\\\/fr\\\/news\\\/maison-deco\\\/sostrene-grene-ouvre-une-boutique-en-ligne-en-italie-un-premier-magasin-suivra-bientot\\\/#breadcrumb\",\"itemListElement\":[{\"@type\":\"ListItem\",\"position\":1,\"name\":\"Home\",\"item\":\"https:\\\/\\\/www.retaildetail.be\\\/fr\\\/\"},{\"@type\":\"ListItem\",\"position\":2,\"name\":\"S\u00f8strene Grene ouvre sa boutique en ligne en Italie ; un premier magasin suivra bient\u00f4t\"}]},{\"@type\":\"WebSite\",\"@id\":\"https:\\\/\\\/www.retaildetail.be\\\/nl\\\/#website\",\"url\":\"https:\\\/\\\/www.retaildetail.be\\\/nl\\\/\",\"name\":\"RetailDetail BE\",\"description\":\"News\",\"publisher\":{\"@id\":\"https:\\\/\\\/www.retaildetail.be\\\/nl\\\/#organization\"},\"potentialAction\":[{\"@type\":\"SearchAction\",\"target\":{\"@type\":\"EntryPoint\",\"urlTemplate\":\"https:\\\/\\\/www.retaildetail.be\\\/nl\\\/?s={search_term_string}\"},\"query-input\":{\"@type\":\"PropertyValueSpecification\",\"valueRequired\":true,\"valueName\":\"search_term_string\"}}],\"inLanguage\":\"fr-FR\"},{\"@type\":\"Organization\",\"@id\":\"https:\\\/\\\/www.retaildetail.be\\\/nl\\\/#organization\",\"name\":\"RetailDetail BE\",\"url\":\"https:\\\/\\\/www.retaildetail.be\\\/nl\\\/\",\"logo\":{\"@type\":\"ImageObject\",\"inLanguage\":\"fr-FR\",\"@id\":\"https:\\\/\\\/www.retaildetail.be\\\/nl\\\/#\\\/schema\\\/logo\\\/image\\\/\",\"url\":\"https:\\\/\\\/www.retaildetail.be\\\/wp-content\\\/uploads\\\/2022\\\/04\\\/logo.svg\",\"contentUrl\":\"https:\\\/\\\/www.retaildetail.be\\\/wp-content\\\/uploads\\\/2022\\\/04\\\/logo.svg\",\"width\":131,\"height\":70,\"caption\":\"RetailDetail BE\"},\"image\":{\"@id\":\"https:\\\/\\\/www.retaildetail.be\\\/nl\\\/#\\\/schema\\\/logo\\\/image\\\/\"}},{\"@type\":\"Person\",\"@id\":\"https:\\\/\\\/www.retaildetail.be\\\/nl\\\/#\\\/schema\\\/person\\\/51aec6069c4416aa2f68b2e4ff3455df\",\"name\":\"Stefan Van Rompaey\",\"image\":{\"@type\":\"ImageObject\",\"inLanguage\":\"fr-FR\",\"@id\":\"https:\\\/\\\/secure.gravatar.com\\\/avatar\\\/fbbb4a80a0f109888b2a5ab8ae255617499ecde533749b3ab2fa6c23b5d65dac?s=96&d=mm&r=g\",\"url\":\"https:\\\/\\\/secure.gravatar.com\\\/avatar\\\/fbbb4a80a0f109888b2a5ab8ae255617499ecde533749b3ab2fa6c23b5d65dac?s=96&d=mm&r=g\",\"contentUrl\":\"https:\\\/\\\/secure.gravatar.com\\\/avatar\\\/fbbb4a80a0f109888b2a5ab8ae255617499ecde533749b3ab2fa6c23b5d65dac?s=96&d=mm&r=g\",\"caption\":\"Stefan Van Rompaey\"},\"url\":\"https:\\\/\\\/www.retaildetail.be\\\/fr\\\/author\\\/stefanvanrompaey\\\/\"}]}<\/script>\n<!-- \/ Yoast SEO plugin. -->","yoast_head_json":{"title":"S\u00f8strene Grene ouvre sa boutique en ligne en Italie ; un premier magasin suivra bient\u00f4t - RetailDetail BE","description":"En pr\u00e9vision de l'ouverture de son premier magasin physique en Italie, la cha\u00eene danoise de d\u00e9coration d'int\u00e9rieur S\u00f8strene Grene a d\u00e9j\u00e0 lanc\u00e9 une boutique en ligne dans ce pays.","robots":{"index":"index","follow":"follow","max-snippet":"max-snippet:-1","max-image-preview":"max-image-preview:large","max-video-preview":"max-video-preview:-1"},"canonical":"https:\/\/www.retaildetail.be\/fr\/news\/maison-deco\/sostrene-grene-ouvre-une-boutique-en-ligne-en-italie-un-premier-magasin-suivra-bientot\/","og_locale":"fr_FR","og_type":"article","og_title":"S\u00f8strene Grene ouvre sa boutique en ligne en Italie ; un premier magasin suivra bient\u00f4t - RetailDetail BE","og_description":"En pr\u00e9vision de l'ouverture de son premier magasin physique en Italie, la cha\u00eene danoise de d\u00e9coration d'int\u00e9rieur S\u00f8strene Grene a d\u00e9j\u00e0 lanc\u00e9 une boutique en ligne dans ce pays.","og_url":"https:\/\/www.retaildetail.be\/fr\/news\/maison-deco\/sostrene-grene-ouvre-une-boutique-en-ligne-en-italie-un-premier-magasin-suivra-bientot\/","og_site_name":"RetailDetail BE","article_published_time":"2026-04-29T10:22:54+00:00","article_modified_time":"2026-04-29T10:22:56+00:00","og_image":[{"width":1000,"height":666,"url":"https:\/\/www.retaildetail.be\/wp-content\/uploads\/2026\/04\/shutterstock_2557479033.jpg","type":"image\/jpeg"}],"author":"Stefan Van Rompaey","twitter_card":"summary_large_image","twitter_misc":{"\u00c9crit par":"Stefan Van Rompaey","Dur\u00e9e de lecture estim\u00e9e":"1 minute"},"schema":{"@context":"https:\/\/schema.org","@graph":[{"@type":"NewsArticle","@id":"https:\/\/www.retaildetail.be\/fr\/news\/maison-deco\/sostrene-grene-ouvre-une-boutique-en-ligne-en-italie-un-premier-magasin-suivra-bientot\/#article","isPartOf":{"@id":"https:\/\/www.retaildetail.be\/fr\/news\/maison-deco\/sostrene-grene-ouvre-une-boutique-en-ligne-en-italie-un-premier-magasin-suivra-bientot\/"},"author":{"name":"Stefan Van Rompaey","@id":"https:\/\/www.retaildetail.be\/nl\/#\/schema\/person\/51aec6069c4416aa2f68b2e4ff3455df"},"headline":"S\u00f8strene Grene ouvre sa boutique en ligne en Italie ; un premier magasin suivra bient\u00f4t","datePublished":"2026-04-29T10:22:54+00:00","dateModified":"2026-04-29T10:22:56+00:00","mainEntityOfPage":{"@id":"https:\/\/www.retaildetail.be\/fr\/news\/maison-deco\/sostrene-grene-ouvre-une-boutique-en-ligne-en-italie-un-premier-magasin-suivra-bientot\/"},"wordCount":301,"publisher":{"@id":"https:\/\/www.retaildetail.be\/nl\/#organization"},"image":{"@id":"https:\/\/www.retaildetail.be\/fr\/news\/maison-deco\/sostrene-grene-ouvre-une-boutique-en-ligne-en-italie-un-premier-magasin-suivra-bientot\/#primaryimage"},"thumbnailUrl":"https:\/\/www.retaildetail.be\/wp-content\/uploads\/2026\/04\/shutterstock_2557479033.jpg","articleSection":["Maison &amp; D\u00e9co","Wonen"],"inLanguage":"fr-FR","copyrightYear":"2026","copyrightHolder":{"@id":"https:\/\/www.retaildetail.be\/#organization"}},{"@type":"WebPage","@id":"https:\/\/www.retaildetail.be\/fr\/news\/maison-deco\/sostrene-grene-ouvre-une-boutique-en-ligne-en-italie-un-premier-magasin-suivra-bientot\/","url":"https:\/\/www.retaildetail.be\/fr\/news\/maison-deco\/sostrene-grene-ouvre-une-boutique-en-ligne-en-italie-un-premier-magasin-suivra-bientot\/","name":"S\u00f8strene Grene ouvre sa boutique en ligne en Italie ; un premier magasin suivra bient\u00f4t - RetailDetail BE","isPartOf":{"@id":"https:\/\/www.retaildetail.be\/nl\/#website"},"primaryImageOfPage":{"@id":"https:\/\/www.retaildetail.be\/fr\/news\/maison-deco\/sostrene-grene-ouvre-une-boutique-en-ligne-en-italie-un-premier-magasin-suivra-bientot\/#primaryimage"},"image":{"@id":"https:\/\/www.retaildetail.be\/fr\/news\/maison-deco\/sostrene-grene-ouvre-une-boutique-en-ligne-en-italie-un-premier-magasin-suivra-bientot\/#primaryimage"},"thumbnailUrl":"https:\/\/www.retaildetail.be\/wp-content\/uploads\/2026\/04\/shutterstock_2557479033.jpg","datePublished":"2026-04-29T10:22:54+00:00","dateModified":"2026-04-29T10:22:56+00:00","description":"En pr\u00e9vision de l'ouverture de son premier magasin physique en Italie, la cha\u00eene danoise de d\u00e9coration d'int\u00e9rieur S\u00f8strene Grene a d\u00e9j\u00e0 lanc\u00e9 une boutique en ligne dans ce pays.","breadcrumb":{"@id":"https:\/\/www.retaildetail.be\/fr\/news\/maison-deco\/sostrene-grene-ouvre-une-boutique-en-ligne-en-italie-un-premier-magasin-suivra-bientot\/#breadcrumb"},"inLanguage":"fr-FR","potentialAction":[{"@type":"ReadAction","target":["https:\/\/www.retaildetail.be\/fr\/news\/maison-deco\/sostrene-grene-ouvre-une-boutique-en-ligne-en-italie-un-premier-magasin-suivra-bientot\/"]}]},{"@type":"ImageObject","inLanguage":"fr-FR","@id":"https:\/\/www.retaildetail.be\/fr\/news\/maison-deco\/sostrene-grene-ouvre-une-boutique-en-ligne-en-italie-un-premier-magasin-suivra-bientot\/#primaryimage","url":"https:\/\/www.retaildetail.be\/wp-content\/uploads\/2026\/04\/shutterstock_2557479033.jpg","contentUrl":"https:\/\/www.retaildetail.be\/wp-content\/uploads\/2026\/04\/shutterstock_2557479033.jpg","width":1000,"height":666,"caption":"Shutterstock.com"},{"@type":"BreadcrumbList","@id":"https:\/\/www.retaildetail.be\/fr\/news\/maison-deco\/sostrene-grene-ouvre-une-boutique-en-ligne-en-italie-un-premier-magasin-suivra-bientot\/#breadcrumb","itemListElement":[{"@type":"ListItem","position":1,"name":"Home","item":"https:\/\/www.retaildetail.be\/fr\/"},{"@type":"ListItem","position":2,"name":"S\u00f8strene Grene ouvre sa boutique en ligne en Italie ; un premier magasin suivra bient\u00f4t"}]},{"@type":"WebSite","@id":"https:\/\/www.retaildetail.be\/nl\/#website","url":"https:\/\/www.retaildetail.be\/nl\/","name":"RetailDetail BE","description":"News","publisher":{"@id":"https:\/\/www.retaildetail.be\/nl\/#organization"},"potentialAction":[{"@type":"SearchAction","target":{"@type":"EntryPoint","urlTemplate":"https:\/\/www.retaildetail.be\/nl\/?s={search_term_string}"},"query-input":{"@type":"PropertyValueSpecification","valueRequired":true,"valueName":"search_term_string"}}],"inLanguage":"fr-FR"},{"@type":"Organization","@id":"https:\/\/www.retaildetail.be\/nl\/#organization","name":"RetailDetail BE","url":"https:\/\/www.retaildetail.be\/nl\/","logo":{"@type":"ImageObject","inLanguage":"fr-FR","@id":"https:\/\/www.retaildetail.be\/nl\/#\/schema\/logo\/image\/","url":"https:\/\/www.retaildetail.be\/wp-content\/uploads\/2022\/04\/logo.svg","contentUrl":"https:\/\/www.retaildetail.be\/wp-content\/uploads\/2022\/04\/logo.svg","width":131,"height":70,"caption":"RetailDetail BE"},"image":{"@id":"https:\/\/www.retaildetail.be\/nl\/#\/schema\/logo\/image\/"}},{"@type":"Person","@id":"https:\/\/www.retaildetail.be\/nl\/#\/schema\/person\/51aec6069c4416aa2f68b2e4ff3455df","name":"Stefan Van Rompaey","image":{"@type":"ImageObject","inLanguage":"fr-FR","@id":"https:\/\/secure.gravatar.com\/avatar\/fbbb4a80a0f109888b2a5ab8ae255617499ecde533749b3ab2fa6c23b5d65dac?s=96&d=mm&r=g","url":"https:\/\/secure.gravatar.com\/avatar\/fbbb4a80a0f109888b2a5ab8ae255617499ecde533749b3ab2fa6c23b5d65dac?s=96&d=mm&r=g","contentUrl":"https:\/\/secure.gravatar.com\/avatar\/fbbb4a80a0f109888b2a5ab8ae255617499ecde533749b3ab2fa6c23b5d65dac?s=96&d=mm&r=g","caption":"Stefan Van Rompaey"},"url":"https:\/\/www.retaildetail.be\/fr\/author\/stefanvanrompaey\/"}]}},"jetpack_featured_media_url":"https:\/\/www.retaildetail.be\/wp-content\/uploads\/2026\/04\/shutterstock_2557479033.jpg","jetpack_sharing_enabled":true,"_links":{"self":[{"href":"https:\/\/www.retaildetail.be\/fr\/wp-json\/wp\/v2\/posts\/146945","targetHints":{"allow":["GET"]}}],"collection":[{"href":"https:\/\/www.retaildetail.be\/fr\/wp-json\/wp\/v2\/posts"}],"about":[{"href":"https:\/\/www.retaildetail.be\/fr\/wp-json\/wp\/v2\/types\/post"}],"author":[{"embeddable":true,"href":"https:\/\/www.retaildetail.be\/fr\/wp-json\/wp\/v2\/users\/3"}],"replies":[{"embeddable":true,"href":"https:\/\/www.retaildetail.be\/fr\/wp-json\/wp\/v2\/comments?post=146945"}],"version-history":[{"count":1,"href":"https:\/\/www.retaildetail.be\/fr\/wp-json\/wp\/v2\/posts\/146945\/revisions"}],"predecessor-version":[{"id":146947,"href":"https:\/\/www.retaildetail.be\/fr\/wp-json\/wp\/v2\/posts\/146945\/revisions\/146947"}],"wp:featuredmedia":[{"embeddable":true,"href":"https:\/\/www.retaildetail.be\/fr\/wp-json\/wp\/v2\/media\/146946"}],"wp:attachment":[{"href":"https:\/\/www.retaildetail.be\/fr\/wp-json\/wp\/v2\/media?parent=146945"}],"wp:term":[{"taxonomy":"category","embeddable":true,"href":"https:\/\/www.retaildetail.be\/fr\/wp-json\/wp\/v2\/categories?post=146945"},{"taxonomy":"post_tag","embeddable":true,"href":"https:\/\/www.retaildetail.be\/fr\/wp-json\/wp\/v2\/tags?post=146945"},{"taxonomy":"people","embeddable":true,"href":"https:\/\/www.retaildetail.be\/fr\/wp-json\/wp\/v2\/people?post=146945"},{"taxonomy":"extra","embeddable":true,"href":"https:\/\/www.retaildetail.be\/fr\/wp-json\/wp\/v2\/extra?post=146945"},{"taxonomy":"company","embeddable":true,"href":"https:\/\/www.retaildetail.be\/fr\/wp-json\/wp\/v2\/company?post=146945"},{"taxonomy":"topic","embeddable":true,"href":"https:\/\/www.retaildetail.be\/fr\/wp-json\/wp\/v2\/topic?post=146945"},{"taxonomy":"region","embeddable":true,"href":"https:\/\/www.retaildetail.be\/fr\/wp-json\/wp\/v2\/region?post=146945"}],"curies":[{"name":"wp","href":"https:\/\/api.w.org\/{rel}","templated":true}]}}