{"id":146964,"date":"2026-04-29T16:25:36","date_gmt":"2026-04-29T14:25:36","guid":{"rendered":"https:\/\/www.retaildetail.be\/?p=146964"},"modified":"2026-04-29T16:45:02","modified_gmt":"2026-04-29T14:45:02","slug":"la-perception-des-prix-contribue-a-la-croissance-du-chiffre-daffaires-daldi-nord","status":"publish","type":"post","link":"https:\/\/www.retaildetail.be\/fr\/news\/food\/la-perception-des-prix-contribue-a-la-croissance-du-chiffre-daffaires-daldi-nord\/","title":{"rendered":"La perception des prix contribue \u00e0 la croissance du chiffre d&rsquo;affaires d&rsquo;Aldi Nord"},"content":{"rendered":"\n<p>Gr\u00e2ce \u00e0 un meilleur positionnement tarifaire, le chiffre d&rsquo;affaires, le nombre de clients et les parts de march\u00e9 sont en hausse chez <strong>Aldi Nord<\/strong>, qui s&rsquo;est r\u00e9v\u00e9l\u00e9 \u00eatre le grand gagnant sur son march\u00e9 domestique allemand l&rsquo;ann\u00e9e derni\u00e8re et qui a enregistr\u00e9 la plus forte progression de parts de march\u00e9 aux Pays-Bas.<\/p>\n\n\n\n<h2 class=\"wp-block-heading\">Tous les march\u00e9s sont rentables<\/h2>\n\n\n\n<p>Aldi Nord annonce pour 2025 une hausse de son chiffre d&rsquo;affaires de 7,4 %, \u00e0 31,4 milliards d&rsquo;euros, sur les huit march\u00e9s europ\u00e9ens o\u00f9 le discounter est pr\u00e9sent : outre l&rsquo;Allemagne, il s&rsquo;agit de la Belgique, des Pays-Bas, de la France, du Luxembourg, de la Pologne, du Portugal et de l&rsquo;Espagne. Sur une base comparable, la hausse s&rsquo;\u00e9l\u00e8ve \u00e0 5,6 %. Chaque pays affiche un EBITDA op\u00e9rationnel positif, selon l&rsquo;entreprise. Au cours des premiers mois de 2026 \u00e9galement, le chiffre d&rsquo;affaires, le nombre de clients, la fr\u00e9quence des visites et les parts de march\u00e9 sont en hausse. Selon Aldi, cela r\u00e9sulte de l&rsquo;am\u00e9lioration de la perception des prix du discounter au cours des deux derni\u00e8res ann\u00e9es. Chaque jour, plus de 4,5 millions de clients en Europe font leurs courses chez Aldi Nord. <\/p>\n\n\n\n<p>L&rsquo;ann\u00e9e derni\u00e8re, Aldi Nord a investi environ 1,5 milliard d&rsquo;euros dans 200 projets de modernisation et 100 projets de construction. Au total, la cha\u00eene de magasins discount exploite d\u00e9sormais 5 526 magasins, dont 2 197 en Allemagne. Sur ce march\u00e9 domestique, le d\u00e9taillant s&rsquo;av\u00e8re \u00eatre le grand gagnant de l&rsquo;ann\u00e9e 2025, avec une croissance du chiffre d&rsquo;affaires de 5,9 %. L&rsquo;entreprise ne communique pas de chiffre d&rsquo;affaires distinct pour l&rsquo;Allemagne, mais le Lebensmittel Zeitung <a href=\"https:\/\/www.lebensmittelzeitung.net\/handel\/nachrichten\/jahresbilanz-2025-aldi-nord-laeuft-der-konkurrenz-davon-190759?utm_source=rss&amp;utm_medium=referral&amp;utm_campaign=news&amp;utm_term=\">l&rsquo;estime \u00e0 14,8 milliards d&rsquo;euros<\/a>. La part de march\u00e9 y a augment\u00e9 de 0,5 point de pourcentage. C&rsquo;est l\u00e9g\u00e8rement moins qu&rsquo;aux Pays-Bas, o\u00f9 Aldi a r\u00e9ussi \u00e0 accro\u00eetre sa part de march\u00e9 de 0,6 point de pourcentage.<\/p>\n","protected":false},"excerpt":{"rendered":"<p>Gr\u00e2ce \u00e0 un meilleur positionnement tarifaire, le chiffre d&rsquo;affaires, le nombre de clients et les parts de march\u00e9 sont en hausse chez Aldi Nord, qui s&rsquo;est r\u00e9v\u00e9l\u00e9 \u00eatre le grand gagnant sur son march\u00e9 domestique allemand l&rsquo;ann\u00e9e derni\u00e8re et a enregistr\u00e9 la plus forte progression de parts de march\u00e9 aux Pays-Bas. <\/p>\n","protected":false},"author":3,"featured_media":146965,"comment_status":"closed","ping_status":"closed","sticky":false,"template":"","format":"standard","meta":{"_acf_changed":false,"inline_featured_image":false,"_jetpack_memberships_contains_paid_content":false,"footnotes":""},"categories":[18,24],"tags":[],"people":[],"extra":[43],"company":[203],"topic":[266],"region":[243],"class_list":{"0":"post-146964","1":"post","2":"type-post","3":"status-publish","4":"format-standard","5":"has-post-thumbnail","6":"hentry","7":"category-food","9":"extra-plus","10":"company-aldi","11":"topic-resultats-financiers","12":"region-europe"},"acf":[],"yoast_head":"<!-- This site is optimized with the Yoast SEO plugin v27.3 - https:\/\/yoast.com\/product\/yoast-seo-wordpress\/ -->\n<title>La perception des prix contribue \u00e0 la croissance du chiffre d&#039;affaires d&#039;Aldi Nord - RetailDetail BE<\/title>\n<meta name=\"description\" content=\"Gr\u00e2ce \u00e0 un meilleur positionnement tarifaire, le chiffre d&#039;affaires, le nombre de clients et les parts de march\u00e9 sont en hausse chez Aldi Nord.\" \/>\n<meta name=\"robots\" content=\"index, follow, max-snippet:-1, max-image-preview:large, max-video-preview:-1\" \/>\n<link rel=\"canonical\" href=\"https:\/\/www.retaildetail.be\/fr\/news\/food\/la-perception-des-prix-contribue-a-la-croissance-du-chiffre-daffaires-daldi-nord\/\" \/>\n<meta property=\"og:locale\" content=\"fr_FR\" \/>\n<meta property=\"og:type\" content=\"article\" \/>\n<meta property=\"og:title\" content=\"La perception des prix contribue \u00e0 la croissance du chiffre d&#039;affaires d&#039;Aldi Nord - RetailDetail BE\" \/>\n<meta property=\"og:description\" content=\"Gr\u00e2ce \u00e0 un meilleur positionnement tarifaire, le chiffre d&#039;affaires, le nombre de clients et les parts de march\u00e9 sont en hausse chez Aldi Nord.\" \/>\n<meta property=\"og:url\" content=\"https:\/\/www.retaildetail.be\/fr\/news\/food\/la-perception-des-prix-contribue-a-la-croissance-du-chiffre-daffaires-daldi-nord\/\" \/>\n<meta property=\"og:site_name\" content=\"RetailDetail BE\" \/>\n<meta property=\"article:published_time\" content=\"2026-04-29T14:25:36+00:00\" \/>\n<meta property=\"article:modified_time\" content=\"2026-04-29T14:45:02+00:00\" \/>\n<meta property=\"og:image\" content=\"https:\/\/www.retaildetail.be\/wp-content\/uploads\/2026\/04\/Aldi-Nord-store-1.jpg\" \/>\n\t<meta property=\"og:image:width\" content=\"1208\" \/>\n\t<meta property=\"og:image:height\" content=\"843\" \/>\n\t<meta property=\"og:image:type\" content=\"image\/jpeg\" \/>\n<meta name=\"author\" content=\"Stefan Van Rompaey\" \/>\n<meta name=\"twitter:card\" content=\"summary_large_image\" \/>\n<meta name=\"twitter:label1\" content=\"\u00c9crit par\" \/>\n\t<meta name=\"twitter:data1\" content=\"Stefan Van Rompaey\" \/>\n\t<meta name=\"twitter:label2\" content=\"Dur\u00e9e de lecture estim\u00e9e\" \/>\n\t<meta name=\"twitter:data2\" content=\"2 minutes\" \/>\n<script type=\"application\/ld+json\" class=\"yoast-schema-graph\">{\"@context\":\"https:\\\/\\\/schema.org\",\"@graph\":[{\"@type\":\"NewsArticle\",\"@id\":\"https:\\\/\\\/www.retaildetail.be\\\/fr\\\/news\\\/food\\\/la-perception-des-prix-contribue-a-la-croissance-du-chiffre-daffaires-daldi-nord\\\/#article\",\"isPartOf\":{\"@id\":\"https:\\\/\\\/www.retaildetail.be\\\/fr\\\/news\\\/food\\\/la-perception-des-prix-contribue-a-la-croissance-du-chiffre-daffaires-daldi-nord\\\/\"},\"author\":{\"name\":\"Stefan Van Rompaey\",\"@id\":\"https:\\\/\\\/www.retaildetail.be\\\/nl\\\/#\\\/schema\\\/person\\\/51aec6069c4416aa2f68b2e4ff3455df\"},\"headline\":\"La perception des prix contribue \u00e0 la croissance du chiffre d&rsquo;affaires d&rsquo;Aldi Nord\",\"datePublished\":\"2026-04-29T14:25:36+00:00\",\"dateModified\":\"2026-04-29T14:45:02+00:00\",\"mainEntityOfPage\":{\"@id\":\"https:\\\/\\\/www.retaildetail.be\\\/fr\\\/news\\\/food\\\/la-perception-des-prix-contribue-a-la-croissance-du-chiffre-daffaires-daldi-nord\\\/\"},\"wordCount\":338,\"publisher\":{\"@id\":\"https:\\\/\\\/www.retaildetail.be\\\/nl\\\/#organization\"},\"image\":{\"@id\":\"https:\\\/\\\/www.retaildetail.be\\\/fr\\\/news\\\/food\\\/la-perception-des-prix-contribue-a-la-croissance-du-chiffre-daffaires-daldi-nord\\\/#primaryimage\"},\"thumbnailUrl\":\"https:\\\/\\\/www.retaildetail.be\\\/wp-content\\\/uploads\\\/2026\\\/04\\\/Aldi-Nord-store-1.jpg\",\"articleSection\":[\"Food\",\"Food\"],\"inLanguage\":\"fr-FR\",\"copyrightYear\":\"2026\",\"copyrightHolder\":{\"@id\":\"https:\\\/\\\/www.retaildetail.be\\\/#organization\"}},{\"@type\":\"WebPage\",\"@id\":\"https:\\\/\\\/www.retaildetail.be\\\/fr\\\/news\\\/food\\\/la-perception-des-prix-contribue-a-la-croissance-du-chiffre-daffaires-daldi-nord\\\/\",\"url\":\"https:\\\/\\\/www.retaildetail.be\\\/fr\\\/news\\\/food\\\/la-perception-des-prix-contribue-a-la-croissance-du-chiffre-daffaires-daldi-nord\\\/\",\"name\":\"La perception des prix contribue \u00e0 la croissance du chiffre d'affaires d'Aldi Nord - RetailDetail BE\",\"isPartOf\":{\"@id\":\"https:\\\/\\\/www.retaildetail.be\\\/nl\\\/#website\"},\"primaryImageOfPage\":{\"@id\":\"https:\\\/\\\/www.retaildetail.be\\\/fr\\\/news\\\/food\\\/la-perception-des-prix-contribue-a-la-croissance-du-chiffre-daffaires-daldi-nord\\\/#primaryimage\"},\"image\":{\"@id\":\"https:\\\/\\\/www.retaildetail.be\\\/fr\\\/news\\\/food\\\/la-perception-des-prix-contribue-a-la-croissance-du-chiffre-daffaires-daldi-nord\\\/#primaryimage\"},\"thumbnailUrl\":\"https:\\\/\\\/www.retaildetail.be\\\/wp-content\\\/uploads\\\/2026\\\/04\\\/Aldi-Nord-store-1.jpg\",\"datePublished\":\"2026-04-29T14:25:36+00:00\",\"dateModified\":\"2026-04-29T14:45:02+00:00\",\"description\":\"Gr\u00e2ce \u00e0 un meilleur positionnement tarifaire, le chiffre d'affaires, le nombre de clients et les parts de march\u00e9 sont en hausse chez Aldi Nord.\",\"breadcrumb\":{\"@id\":\"https:\\\/\\\/www.retaildetail.be\\\/fr\\\/news\\\/food\\\/la-perception-des-prix-contribue-a-la-croissance-du-chiffre-daffaires-daldi-nord\\\/#breadcrumb\"},\"inLanguage\":\"fr-FR\",\"potentialAction\":[{\"@type\":\"ReadAction\",\"target\":[\"https:\\\/\\\/www.retaildetail.be\\\/fr\\\/news\\\/food\\\/la-perception-des-prix-contribue-a-la-croissance-du-chiffre-daffaires-daldi-nord\\\/\"]}]},{\"@type\":\"ImageObject\",\"inLanguage\":\"fr-FR\",\"@id\":\"https:\\\/\\\/www.retaildetail.be\\\/fr\\\/news\\\/food\\\/la-perception-des-prix-contribue-a-la-croissance-du-chiffre-daffaires-daldi-nord\\\/#primaryimage\",\"url\":\"https:\\\/\\\/www.retaildetail.be\\\/wp-content\\\/uploads\\\/2026\\\/04\\\/Aldi-Nord-store-1.jpg\",\"contentUrl\":\"https:\\\/\\\/www.retaildetail.be\\\/wp-content\\\/uploads\\\/2026\\\/04\\\/Aldi-Nord-store-1.jpg\",\"width\":1208,\"height\":843,\"caption\":\"Aldi Nord\"},{\"@type\":\"BreadcrumbList\",\"@id\":\"https:\\\/\\\/www.retaildetail.be\\\/fr\\\/news\\\/food\\\/la-perception-des-prix-contribue-a-la-croissance-du-chiffre-daffaires-daldi-nord\\\/#breadcrumb\",\"itemListElement\":[{\"@type\":\"ListItem\",\"position\":1,\"name\":\"Home\",\"item\":\"https:\\\/\\\/www.retaildetail.be\\\/fr\\\/\"},{\"@type\":\"ListItem\",\"position\":2,\"name\":\"La perception des prix contribue \u00e0 la croissance du chiffre d&#8217;affaires d&#8217;Aldi Nord\"}]},{\"@type\":\"WebSite\",\"@id\":\"https:\\\/\\\/www.retaildetail.be\\\/nl\\\/#website\",\"url\":\"https:\\\/\\\/www.retaildetail.be\\\/nl\\\/\",\"name\":\"RetailDetail BE\",\"description\":\"News\",\"publisher\":{\"@id\":\"https:\\\/\\\/www.retaildetail.be\\\/nl\\\/#organization\"},\"potentialAction\":[{\"@type\":\"SearchAction\",\"target\":{\"@type\":\"EntryPoint\",\"urlTemplate\":\"https:\\\/\\\/www.retaildetail.be\\\/nl\\\/?s={search_term_string}\"},\"query-input\":{\"@type\":\"PropertyValueSpecification\",\"valueRequired\":true,\"valueName\":\"search_term_string\"}}],\"inLanguage\":\"fr-FR\"},{\"@type\":\"Organization\",\"@id\":\"https:\\\/\\\/www.retaildetail.be\\\/nl\\\/#organization\",\"name\":\"RetailDetail BE\",\"url\":\"https:\\\/\\\/www.retaildetail.be\\\/nl\\\/\",\"logo\":{\"@type\":\"ImageObject\",\"inLanguage\":\"fr-FR\",\"@id\":\"https:\\\/\\\/www.retaildetail.be\\\/nl\\\/#\\\/schema\\\/logo\\\/image\\\/\",\"url\":\"https:\\\/\\\/www.retaildetail.be\\\/wp-content\\\/uploads\\\/2022\\\/04\\\/logo.svg\",\"contentUrl\":\"https:\\\/\\\/www.retaildetail.be\\\/wp-content\\\/uploads\\\/2022\\\/04\\\/logo.svg\",\"width\":131,\"height\":70,\"caption\":\"RetailDetail BE\"},\"image\":{\"@id\":\"https:\\\/\\\/www.retaildetail.be\\\/nl\\\/#\\\/schema\\\/logo\\\/image\\\/\"}},{\"@type\":\"Person\",\"@id\":\"https:\\\/\\\/www.retaildetail.be\\\/nl\\\/#\\\/schema\\\/person\\\/51aec6069c4416aa2f68b2e4ff3455df\",\"name\":\"Stefan Van Rompaey\",\"image\":{\"@type\":\"ImageObject\",\"inLanguage\":\"fr-FR\",\"@id\":\"https:\\\/\\\/secure.gravatar.com\\\/avatar\\\/fbbb4a80a0f109888b2a5ab8ae255617499ecde533749b3ab2fa6c23b5d65dac?s=96&d=mm&r=g\",\"url\":\"https:\\\/\\\/secure.gravatar.com\\\/avatar\\\/fbbb4a80a0f109888b2a5ab8ae255617499ecde533749b3ab2fa6c23b5d65dac?s=96&d=mm&r=g\",\"contentUrl\":\"https:\\\/\\\/secure.gravatar.com\\\/avatar\\\/fbbb4a80a0f109888b2a5ab8ae255617499ecde533749b3ab2fa6c23b5d65dac?s=96&d=mm&r=g\",\"caption\":\"Stefan Van Rompaey\"},\"url\":\"https:\\\/\\\/www.retaildetail.be\\\/fr\\\/author\\\/stefanvanrompaey\\\/\"}]}<\/script>\n<!-- \/ Yoast SEO plugin. -->","yoast_head_json":{"title":"La perception des prix contribue \u00e0 la croissance du chiffre d'affaires d'Aldi Nord - RetailDetail BE","description":"Gr\u00e2ce \u00e0 un meilleur positionnement tarifaire, le chiffre d'affaires, le nombre de clients et les parts de march\u00e9 sont en hausse chez Aldi Nord.","robots":{"index":"index","follow":"follow","max-snippet":"max-snippet:-1","max-image-preview":"max-image-preview:large","max-video-preview":"max-video-preview:-1"},"canonical":"https:\/\/www.retaildetail.be\/fr\/news\/food\/la-perception-des-prix-contribue-a-la-croissance-du-chiffre-daffaires-daldi-nord\/","og_locale":"fr_FR","og_type":"article","og_title":"La perception des prix contribue \u00e0 la croissance du chiffre d'affaires d'Aldi Nord - RetailDetail BE","og_description":"Gr\u00e2ce \u00e0 un meilleur positionnement tarifaire, le chiffre d'affaires, le nombre de clients et les parts de march\u00e9 sont en hausse chez Aldi Nord.","og_url":"https:\/\/www.retaildetail.be\/fr\/news\/food\/la-perception-des-prix-contribue-a-la-croissance-du-chiffre-daffaires-daldi-nord\/","og_site_name":"RetailDetail BE","article_published_time":"2026-04-29T14:25:36+00:00","article_modified_time":"2026-04-29T14:45:02+00:00","og_image":[{"width":1208,"height":843,"url":"https:\/\/www.retaildetail.be\/wp-content\/uploads\/2026\/04\/Aldi-Nord-store-1.jpg","type":"image\/jpeg"}],"author":"Stefan Van Rompaey","twitter_card":"summary_large_image","twitter_misc":{"\u00c9crit par":"Stefan Van Rompaey","Dur\u00e9e de lecture estim\u00e9e":"2 minutes"},"schema":{"@context":"https:\/\/schema.org","@graph":[{"@type":"NewsArticle","@id":"https:\/\/www.retaildetail.be\/fr\/news\/food\/la-perception-des-prix-contribue-a-la-croissance-du-chiffre-daffaires-daldi-nord\/#article","isPartOf":{"@id":"https:\/\/www.retaildetail.be\/fr\/news\/food\/la-perception-des-prix-contribue-a-la-croissance-du-chiffre-daffaires-daldi-nord\/"},"author":{"name":"Stefan Van Rompaey","@id":"https:\/\/www.retaildetail.be\/nl\/#\/schema\/person\/51aec6069c4416aa2f68b2e4ff3455df"},"headline":"La perception des prix contribue \u00e0 la croissance du chiffre d&rsquo;affaires d&rsquo;Aldi Nord","datePublished":"2026-04-29T14:25:36+00:00","dateModified":"2026-04-29T14:45:02+00:00","mainEntityOfPage":{"@id":"https:\/\/www.retaildetail.be\/fr\/news\/food\/la-perception-des-prix-contribue-a-la-croissance-du-chiffre-daffaires-daldi-nord\/"},"wordCount":338,"publisher":{"@id":"https:\/\/www.retaildetail.be\/nl\/#organization"},"image":{"@id":"https:\/\/www.retaildetail.be\/fr\/news\/food\/la-perception-des-prix-contribue-a-la-croissance-du-chiffre-daffaires-daldi-nord\/#primaryimage"},"thumbnailUrl":"https:\/\/www.retaildetail.be\/wp-content\/uploads\/2026\/04\/Aldi-Nord-store-1.jpg","articleSection":["Food","Food"],"inLanguage":"fr-FR","copyrightYear":"2026","copyrightHolder":{"@id":"https:\/\/www.retaildetail.be\/#organization"}},{"@type":"WebPage","@id":"https:\/\/www.retaildetail.be\/fr\/news\/food\/la-perception-des-prix-contribue-a-la-croissance-du-chiffre-daffaires-daldi-nord\/","url":"https:\/\/www.retaildetail.be\/fr\/news\/food\/la-perception-des-prix-contribue-a-la-croissance-du-chiffre-daffaires-daldi-nord\/","name":"La perception des prix contribue \u00e0 la croissance du chiffre d'affaires d'Aldi Nord - RetailDetail BE","isPartOf":{"@id":"https:\/\/www.retaildetail.be\/nl\/#website"},"primaryImageOfPage":{"@id":"https:\/\/www.retaildetail.be\/fr\/news\/food\/la-perception-des-prix-contribue-a-la-croissance-du-chiffre-daffaires-daldi-nord\/#primaryimage"},"image":{"@id":"https:\/\/www.retaildetail.be\/fr\/news\/food\/la-perception-des-prix-contribue-a-la-croissance-du-chiffre-daffaires-daldi-nord\/#primaryimage"},"thumbnailUrl":"https:\/\/www.retaildetail.be\/wp-content\/uploads\/2026\/04\/Aldi-Nord-store-1.jpg","datePublished":"2026-04-29T14:25:36+00:00","dateModified":"2026-04-29T14:45:02+00:00","description":"Gr\u00e2ce \u00e0 un meilleur positionnement tarifaire, le chiffre d'affaires, le nombre de clients et les parts de march\u00e9 sont en hausse chez Aldi Nord.","breadcrumb":{"@id":"https:\/\/www.retaildetail.be\/fr\/news\/food\/la-perception-des-prix-contribue-a-la-croissance-du-chiffre-daffaires-daldi-nord\/#breadcrumb"},"inLanguage":"fr-FR","potentialAction":[{"@type":"ReadAction","target":["https:\/\/www.retaildetail.be\/fr\/news\/food\/la-perception-des-prix-contribue-a-la-croissance-du-chiffre-daffaires-daldi-nord\/"]}]},{"@type":"ImageObject","inLanguage":"fr-FR","@id":"https:\/\/www.retaildetail.be\/fr\/news\/food\/la-perception-des-prix-contribue-a-la-croissance-du-chiffre-daffaires-daldi-nord\/#primaryimage","url":"https:\/\/www.retaildetail.be\/wp-content\/uploads\/2026\/04\/Aldi-Nord-store-1.jpg","contentUrl":"https:\/\/www.retaildetail.be\/wp-content\/uploads\/2026\/04\/Aldi-Nord-store-1.jpg","width":1208,"height":843,"caption":"Aldi Nord"},{"@type":"BreadcrumbList","@id":"https:\/\/www.retaildetail.be\/fr\/news\/food\/la-perception-des-prix-contribue-a-la-croissance-du-chiffre-daffaires-daldi-nord\/#breadcrumb","itemListElement":[{"@type":"ListItem","position":1,"name":"Home","item":"https:\/\/www.retaildetail.be\/fr\/"},{"@type":"ListItem","position":2,"name":"La perception des prix contribue \u00e0 la croissance du chiffre d&#8217;affaires d&#8217;Aldi Nord"}]},{"@type":"WebSite","@id":"https:\/\/www.retaildetail.be\/nl\/#website","url":"https:\/\/www.retaildetail.be\/nl\/","name":"RetailDetail BE","description":"News","publisher":{"@id":"https:\/\/www.retaildetail.be\/nl\/#organization"},"potentialAction":[{"@type":"SearchAction","target":{"@type":"EntryPoint","urlTemplate":"https:\/\/www.retaildetail.be\/nl\/?s={search_term_string}"},"query-input":{"@type":"PropertyValueSpecification","valueRequired":true,"valueName":"search_term_string"}}],"inLanguage":"fr-FR"},{"@type":"Organization","@id":"https:\/\/www.retaildetail.be\/nl\/#organization","name":"RetailDetail BE","url":"https:\/\/www.retaildetail.be\/nl\/","logo":{"@type":"ImageObject","inLanguage":"fr-FR","@id":"https:\/\/www.retaildetail.be\/nl\/#\/schema\/logo\/image\/","url":"https:\/\/www.retaildetail.be\/wp-content\/uploads\/2022\/04\/logo.svg","contentUrl":"https:\/\/www.retaildetail.be\/wp-content\/uploads\/2022\/04\/logo.svg","width":131,"height":70,"caption":"RetailDetail BE"},"image":{"@id":"https:\/\/www.retaildetail.be\/nl\/#\/schema\/logo\/image\/"}},{"@type":"Person","@id":"https:\/\/www.retaildetail.be\/nl\/#\/schema\/person\/51aec6069c4416aa2f68b2e4ff3455df","name":"Stefan Van Rompaey","image":{"@type":"ImageObject","inLanguage":"fr-FR","@id":"https:\/\/secure.gravatar.com\/avatar\/fbbb4a80a0f109888b2a5ab8ae255617499ecde533749b3ab2fa6c23b5d65dac?s=96&d=mm&r=g","url":"https:\/\/secure.gravatar.com\/avatar\/fbbb4a80a0f109888b2a5ab8ae255617499ecde533749b3ab2fa6c23b5d65dac?s=96&d=mm&r=g","contentUrl":"https:\/\/secure.gravatar.com\/avatar\/fbbb4a80a0f109888b2a5ab8ae255617499ecde533749b3ab2fa6c23b5d65dac?s=96&d=mm&r=g","caption":"Stefan Van Rompaey"},"url":"https:\/\/www.retaildetail.be\/fr\/author\/stefanvanrompaey\/"}]}},"jetpack_featured_media_url":"https:\/\/www.retaildetail.be\/wp-content\/uploads\/2026\/04\/Aldi-Nord-store-1.jpg","jetpack_sharing_enabled":true,"_links":{"self":[{"href":"https:\/\/www.retaildetail.be\/fr\/wp-json\/wp\/v2\/posts\/146964","targetHints":{"allow":["GET"]}}],"collection":[{"href":"https:\/\/www.retaildetail.be\/fr\/wp-json\/wp\/v2\/posts"}],"about":[{"href":"https:\/\/www.retaildetail.be\/fr\/wp-json\/wp\/v2\/types\/post"}],"author":[{"embeddable":true,"href":"https:\/\/www.retaildetail.be\/fr\/wp-json\/wp\/v2\/users\/3"}],"replies":[{"embeddable":true,"href":"https:\/\/www.retaildetail.be\/fr\/wp-json\/wp\/v2\/comments?post=146964"}],"version-history":[{"count":2,"href":"https:\/\/www.retaildetail.be\/fr\/wp-json\/wp\/v2\/posts\/146964\/revisions"}],"predecessor-version":[{"id":146971,"href":"https:\/\/www.retaildetail.be\/fr\/wp-json\/wp\/v2\/posts\/146964\/revisions\/146971"}],"wp:featuredmedia":[{"embeddable":true,"href":"https:\/\/www.retaildetail.be\/fr\/wp-json\/wp\/v2\/media\/146965"}],"wp:attachment":[{"href":"https:\/\/www.retaildetail.be\/fr\/wp-json\/wp\/v2\/media?parent=146964"}],"wp:term":[{"taxonomy":"category","embeddable":true,"href":"https:\/\/www.retaildetail.be\/fr\/wp-json\/wp\/v2\/categories?post=146964"},{"taxonomy":"post_tag","embeddable":true,"href":"https:\/\/www.retaildetail.be\/fr\/wp-json\/wp\/v2\/tags?post=146964"},{"taxonomy":"people","embeddable":true,"href":"https:\/\/www.retaildetail.be\/fr\/wp-json\/wp\/v2\/people?post=146964"},{"taxonomy":"extra","embeddable":true,"href":"https:\/\/www.retaildetail.be\/fr\/wp-json\/wp\/v2\/extra?post=146964"},{"taxonomy":"company","embeddable":true,"href":"https:\/\/www.retaildetail.be\/fr\/wp-json\/wp\/v2\/company?post=146964"},{"taxonomy":"topic","embeddable":true,"href":"https:\/\/www.retaildetail.be\/fr\/wp-json\/wp\/v2\/topic?post=146964"},{"taxonomy":"region","embeddable":true,"href":"https:\/\/www.retaildetail.be\/fr\/wp-json\/wp\/v2\/region?post=146964"}],"curies":[{"name":"wp","href":"https:\/\/api.w.org\/{rel}","templated":true}]}}