{"id":146988,"date":"2026-04-30T09:24:21","date_gmt":"2026-04-30T07:24:21","guid":{"rendered":"https:\/\/www.retaildetail.be\/?p=146988"},"modified":"2026-04-30T09:24:22","modified_gmt":"2026-04-30T07:24:22","slug":"hm-elabore-un-plan-de-sauvetage-pour-son-entrepot-de-ghlin","status":"publish","type":"post","link":"https:\/\/www.retaildetail.be\/fr\/news\/mode\/hm-elabore-un-plan-de-sauvetage-pour-son-entrepot-de-ghlin\/","title":{"rendered":"H&amp;M \u00e9labore un plan de sauvetage pour son entrep\u00f4t de Ghlin"},"content":{"rendered":"\n<p>L&rsquo;avenir du centre de distribution de <strong>H&amp;M Logistics<\/strong> \u00e0 Ghlin, dans le Hainaut, reste incertain, mais la direction s&rsquo;engage \u00e0 pr\u00e9senter un plan de sauvetage le 12 mai. Des projets visant \u00e0 fermer le site et \u00e0 supprimer 440 emplois avaient pr\u00e9c\u00e9demment fait surface.<\/p>\n\n\n\n<h2 class=\"wp-block-heading\">Un sauvetage de derni\u00e8re minute ?<\/h2>\n\n\n\n<p>Les syndicats r\u00e9agissent avec prudence \u00e0 cette annonce. \u00ab Nous n\u2019avons toujours pas de r\u00e9ponses claires \u00e0 nos questions, mais l\u2019employeur s\u2019est engag\u00e9 mercredi \u00e0 pr\u00e9senter, le 12 mai, une proposition visant \u00e0 sauver le site de Ghlin \u00bb, a d\u00e9clar\u00e9 Philippe Dumortier, du syndicat socialiste FGTB, \u00e0 Belga. Cette proposition doit toutefois encore \u00eatre approuv\u00e9e par la direction du groupe H&amp;M.<\/p>\n\n\n\n<p>Le site de Ghlin fait partie d\u2019un r\u00e9seau logistique europ\u00e9en plus large de H&amp;M. Selon les syndicats, le groupe exploite trois centres de distribution pour l\u2019Europe du Sud : en Espagne, en Italie et en Belgique. La structure varie d\u2019un pays \u00e0 l\u2019autre. En Espagne, H&amp;M travaille avec un site lou\u00e9 et un sous-traitant, tandis que le groupe est propri\u00e9taire des sites en Italie et en Belgique. Cette diff\u00e9rence alimente les inqui\u00e9tudes du personnel de Ghlin quant \u00e0 leur position concurrentielle au sein du groupe.<\/p>\n\n\n\n<h2 class=\"wp-block-heading\">Retour au travail<\/h2>\n\n\n\n<p>Depuis l&rsquo;annonce, le 5 mars, d&rsquo;une fermeture \u00e9ventuelle, le dossier suit la proc\u00e9dure pr\u00e9vue par la loi Renault, qui r\u00e9git les licenciements collectifs. Cela signifie que des consultations entre la direction et les syndicats sont obligatoires, mais n&rsquo;offrent aucune garantie quant au maintien des emplois. Le 24 avril, les employ\u00e9s ont cess\u00e9 le travail pour marquer leur m\u00e9contentement face au manque de transparence concernant l&rsquo;avenir du site. Entre-temps, le personnel a repris le travail.<\/p>\n\n\n\n<p>H&amp;M travaille depuis un certain temps d\u00e9j\u00e0 \u00e0 la restructuration de sa cha\u00eene logistique, en mettant davantage l&rsquo;accent sur l&rsquo;efficacit\u00e9 et la ma\u00eetrise des co\u00fbts. Les centres de distribution jouent un r\u00f4le cl\u00e9 \u00e0 cet \u00e9gard, mais sont en m\u00eame temps sous pression en raison de l&rsquo;\u00e9volution des habitudes de consommation et de la num\u00e9risation croissante du commerce de d\u00e9tail.<\/p>\n","protected":false},"excerpt":{"rendered":"<p>L&rsquo;avenir du centre de distribution de H&amp;M Logistics \u00e0 Ghlin, dans le Hainaut, reste incertain, mais la direction s&rsquo;engage \u00e0 pr\u00e9senter un plan de sauvetage le 12 mai. Des projets visant \u00e0 fermer le site et \u00e0 supprimer 440 emplois avaient pr\u00e9c\u00e9demment fait surface.<\/p>\n","protected":false},"author":5,"featured_media":146989,"comment_status":"closed","ping_status":"closed","sticky":false,"template":"","format":"standard","meta":{"_acf_changed":false,"inline_featured_image":false,"_jetpack_memberships_contains_paid_content":false,"footnotes":""},"categories":[14,22],"tags":[],"people":[],"extra":[43],"company":[526],"topic":[409,332],"region":[1350],"class_list":{"0":"post-146988","1":"post","2":"type-post","3":"status-publish","4":"format-standard","5":"has-post-thumbnail","6":"hentry","7":"category-mode","9":"extra-plus","10":"company-hm","11":"topic-logistique","12":"topic-restructuration","13":"region-hainaut"},"acf":[],"yoast_head":"<!-- This site is optimized with the Yoast SEO plugin v27.3 - https:\/\/yoast.com\/product\/yoast-seo-wordpress\/ -->\n<title>H&amp;M \u00e9labore un plan de sauvetage pour son entrep\u00f4t de Ghlin - RetailDetail BE<\/title>\n<meta name=\"description\" content=\"L&#039;avenir du centre de distribution de H&amp;M Logistics \u00e0 Ghlin, dans le Hainaut, reste incertain, mais la direction s&#039;engage \u00e0 pr\u00e9senter un plan de sauvetage le 12 mai.\" \/>\n<meta name=\"robots\" content=\"index, follow, max-snippet:-1, max-image-preview:large, max-video-preview:-1\" \/>\n<link rel=\"canonical\" href=\"https:\/\/www.retaildetail.be\/fr\/news\/mode\/hm-elabore-un-plan-de-sauvetage-pour-son-entrepot-de-ghlin\/\" \/>\n<meta property=\"og:locale\" content=\"fr_FR\" \/>\n<meta property=\"og:type\" content=\"article\" \/>\n<meta property=\"og:title\" content=\"H&amp;M \u00e9labore un plan de sauvetage pour son entrep\u00f4t de Ghlin - RetailDetail BE\" \/>\n<meta property=\"og:description\" content=\"L&#039;avenir du centre de distribution de H&amp;M Logistics \u00e0 Ghlin, dans le Hainaut, reste incertain, mais la direction s&#039;engage \u00e0 pr\u00e9senter un plan de sauvetage le 12 mai.\" \/>\n<meta property=\"og:url\" content=\"https:\/\/www.retaildetail.be\/fr\/news\/mode\/hm-elabore-un-plan-de-sauvetage-pour-son-entrepot-de-ghlin\/\" \/>\n<meta property=\"og:site_name\" content=\"RetailDetail BE\" \/>\n<meta property=\"article:published_time\" content=\"2026-04-30T07:24:21+00:00\" \/>\n<meta property=\"article:modified_time\" content=\"2026-04-30T07:24:22+00:00\" \/>\n<meta property=\"og:image\" content=\"https:\/\/www.retaildetail.be\/wp-content\/uploads\/2026\/04\/shutterstock_2157092415-1-1.jpg\" \/>\n\t<meta property=\"og:image:width\" content=\"1000\" \/>\n\t<meta property=\"og:image:height\" content=\"667\" \/>\n\t<meta property=\"og:image:type\" content=\"image\/jpeg\" \/>\n<meta name=\"author\" content=\"Pauline Neerman\" \/>\n<meta name=\"twitter:card\" content=\"summary_large_image\" \/>\n<meta name=\"twitter:label1\" content=\"\u00c9crit par\" \/>\n\t<meta name=\"twitter:data1\" content=\"Pauline Neerman\" \/>\n\t<meta name=\"twitter:label2\" content=\"Dur\u00e9e de lecture estim\u00e9e\" \/>\n\t<meta name=\"twitter:data2\" content=\"2 minutes\" \/>\n<script type=\"application\/ld+json\" class=\"yoast-schema-graph\">{\"@context\":\"https:\\\/\\\/schema.org\",\"@graph\":[{\"@type\":\"NewsArticle\",\"@id\":\"https:\\\/\\\/www.retaildetail.be\\\/fr\\\/news\\\/mode\\\/hm-elabore-un-plan-de-sauvetage-pour-son-entrepot-de-ghlin\\\/#article\",\"isPartOf\":{\"@id\":\"https:\\\/\\\/www.retaildetail.be\\\/fr\\\/news\\\/mode\\\/hm-elabore-un-plan-de-sauvetage-pour-son-entrepot-de-ghlin\\\/\"},\"author\":{\"name\":\"Pauline Neerman\",\"@id\":\"https:\\\/\\\/www.retaildetail.be\\\/nl\\\/#\\\/schema\\\/person\\\/66b54803fa10759039079458ea89e307\"},\"headline\":\"H&amp;M \u00e9labore un plan de sauvetage pour son entrep\u00f4t de Ghlin\",\"datePublished\":\"2026-04-30T07:24:21+00:00\",\"dateModified\":\"2026-04-30T07:24:22+00:00\",\"mainEntityOfPage\":{\"@id\":\"https:\\\/\\\/www.retaildetail.be\\\/fr\\\/news\\\/mode\\\/hm-elabore-un-plan-de-sauvetage-pour-son-entrepot-de-ghlin\\\/\"},\"wordCount\":379,\"publisher\":{\"@id\":\"https:\\\/\\\/www.retaildetail.be\\\/nl\\\/#organization\"},\"image\":{\"@id\":\"https:\\\/\\\/www.retaildetail.be\\\/fr\\\/news\\\/mode\\\/hm-elabore-un-plan-de-sauvetage-pour-son-entrepot-de-ghlin\\\/#primaryimage\"},\"thumbnailUrl\":\"https:\\\/\\\/www.retaildetail.be\\\/wp-content\\\/uploads\\\/2026\\\/04\\\/shutterstock_2157092415-1-1.jpg\",\"articleSection\":[\"Mode\",\"Mode\"],\"inLanguage\":\"fr-FR\",\"copyrightYear\":\"2026\",\"copyrightHolder\":{\"@id\":\"https:\\\/\\\/www.retaildetail.be\\\/#organization\"}},{\"@type\":\"WebPage\",\"@id\":\"https:\\\/\\\/www.retaildetail.be\\\/fr\\\/news\\\/mode\\\/hm-elabore-un-plan-de-sauvetage-pour-son-entrepot-de-ghlin\\\/\",\"url\":\"https:\\\/\\\/www.retaildetail.be\\\/fr\\\/news\\\/mode\\\/hm-elabore-un-plan-de-sauvetage-pour-son-entrepot-de-ghlin\\\/\",\"name\":\"H&amp;M \u00e9labore un plan de sauvetage pour son entrep\u00f4t de Ghlin - RetailDetail BE\",\"isPartOf\":{\"@id\":\"https:\\\/\\\/www.retaildetail.be\\\/nl\\\/#website\"},\"primaryImageOfPage\":{\"@id\":\"https:\\\/\\\/www.retaildetail.be\\\/fr\\\/news\\\/mode\\\/hm-elabore-un-plan-de-sauvetage-pour-son-entrepot-de-ghlin\\\/#primaryimage\"},\"image\":{\"@id\":\"https:\\\/\\\/www.retaildetail.be\\\/fr\\\/news\\\/mode\\\/hm-elabore-un-plan-de-sauvetage-pour-son-entrepot-de-ghlin\\\/#primaryimage\"},\"thumbnailUrl\":\"https:\\\/\\\/www.retaildetail.be\\\/wp-content\\\/uploads\\\/2026\\\/04\\\/shutterstock_2157092415-1-1.jpg\",\"datePublished\":\"2026-04-30T07:24:21+00:00\",\"dateModified\":\"2026-04-30T07:24:22+00:00\",\"description\":\"L'avenir du centre de distribution de H&M Logistics \u00e0 Ghlin, dans le Hainaut, reste incertain, mais la direction s'engage \u00e0 pr\u00e9senter un plan de sauvetage le 12 mai.\",\"breadcrumb\":{\"@id\":\"https:\\\/\\\/www.retaildetail.be\\\/fr\\\/news\\\/mode\\\/hm-elabore-un-plan-de-sauvetage-pour-son-entrepot-de-ghlin\\\/#breadcrumb\"},\"inLanguage\":\"fr-FR\",\"potentialAction\":[{\"@type\":\"ReadAction\",\"target\":[\"https:\\\/\\\/www.retaildetail.be\\\/fr\\\/news\\\/mode\\\/hm-elabore-un-plan-de-sauvetage-pour-son-entrepot-de-ghlin\\\/\"]}]},{\"@type\":\"ImageObject\",\"inLanguage\":\"fr-FR\",\"@id\":\"https:\\\/\\\/www.retaildetail.be\\\/fr\\\/news\\\/mode\\\/hm-elabore-un-plan-de-sauvetage-pour-son-entrepot-de-ghlin\\\/#primaryimage\",\"url\":\"https:\\\/\\\/www.retaildetail.be\\\/wp-content\\\/uploads\\\/2026\\\/04\\\/shutterstock_2157092415-1-1.jpg\",\"contentUrl\":\"https:\\\/\\\/www.retaildetail.be\\\/wp-content\\\/uploads\\\/2026\\\/04\\\/shutterstock_2157092415-1-1.jpg\",\"width\":1000,\"height\":667,\"caption\":\"Shutterstock.com\"},{\"@type\":\"BreadcrumbList\",\"@id\":\"https:\\\/\\\/www.retaildetail.be\\\/fr\\\/news\\\/mode\\\/hm-elabore-un-plan-de-sauvetage-pour-son-entrepot-de-ghlin\\\/#breadcrumb\",\"itemListElement\":[{\"@type\":\"ListItem\",\"position\":1,\"name\":\"Home\",\"item\":\"https:\\\/\\\/www.retaildetail.be\\\/fr\\\/\"},{\"@type\":\"ListItem\",\"position\":2,\"name\":\"H&amp;M \u00e9labore un plan de sauvetage pour son entrep\u00f4t de Ghlin\"}]},{\"@type\":\"WebSite\",\"@id\":\"https:\\\/\\\/www.retaildetail.be\\\/nl\\\/#website\",\"url\":\"https:\\\/\\\/www.retaildetail.be\\\/nl\\\/\",\"name\":\"RetailDetail BE\",\"description\":\"News\",\"publisher\":{\"@id\":\"https:\\\/\\\/www.retaildetail.be\\\/nl\\\/#organization\"},\"potentialAction\":[{\"@type\":\"SearchAction\",\"target\":{\"@type\":\"EntryPoint\",\"urlTemplate\":\"https:\\\/\\\/www.retaildetail.be\\\/nl\\\/?s={search_term_string}\"},\"query-input\":{\"@type\":\"PropertyValueSpecification\",\"valueRequired\":true,\"valueName\":\"search_term_string\"}}],\"inLanguage\":\"fr-FR\"},{\"@type\":\"Organization\",\"@id\":\"https:\\\/\\\/www.retaildetail.be\\\/nl\\\/#organization\",\"name\":\"RetailDetail BE\",\"url\":\"https:\\\/\\\/www.retaildetail.be\\\/nl\\\/\",\"logo\":{\"@type\":\"ImageObject\",\"inLanguage\":\"fr-FR\",\"@id\":\"https:\\\/\\\/www.retaildetail.be\\\/nl\\\/#\\\/schema\\\/logo\\\/image\\\/\",\"url\":\"https:\\\/\\\/www.retaildetail.be\\\/wp-content\\\/uploads\\\/2022\\\/04\\\/logo.svg\",\"contentUrl\":\"https:\\\/\\\/www.retaildetail.be\\\/wp-content\\\/uploads\\\/2022\\\/04\\\/logo.svg\",\"width\":131,\"height\":70,\"caption\":\"RetailDetail BE\"},\"image\":{\"@id\":\"https:\\\/\\\/www.retaildetail.be\\\/nl\\\/#\\\/schema\\\/logo\\\/image\\\/\"}},{\"@type\":\"Person\",\"@id\":\"https:\\\/\\\/www.retaildetail.be\\\/nl\\\/#\\\/schema\\\/person\\\/66b54803fa10759039079458ea89e307\",\"name\":\"Pauline Neerman\",\"image\":{\"@type\":\"ImageObject\",\"inLanguage\":\"fr-FR\",\"@id\":\"https:\\\/\\\/secure.gravatar.com\\\/avatar\\\/58db22aee589a691f9603e5765ac06010427a923f9b2728b951eb7fe27214d70?s=96&d=mm&r=g\",\"url\":\"https:\\\/\\\/secure.gravatar.com\\\/avatar\\\/58db22aee589a691f9603e5765ac06010427a923f9b2728b951eb7fe27214d70?s=96&d=mm&r=g\",\"contentUrl\":\"https:\\\/\\\/secure.gravatar.com\\\/avatar\\\/58db22aee589a691f9603e5765ac06010427a923f9b2728b951eb7fe27214d70?s=96&d=mm&r=g\",\"caption\":\"Pauline Neerman\"},\"url\":\"https:\\\/\\\/www.retaildetail.be\\\/fr\\\/author\\\/paulineneerman\\\/\"}]}<\/script>\n<!-- \/ Yoast SEO plugin. -->","yoast_head_json":{"title":"H&amp;M \u00e9labore un plan de sauvetage pour son entrep\u00f4t de Ghlin - RetailDetail BE","description":"L'avenir du centre de distribution de H&M Logistics \u00e0 Ghlin, dans le Hainaut, reste incertain, mais la direction s'engage \u00e0 pr\u00e9senter un plan de sauvetage le 12 mai.","robots":{"index":"index","follow":"follow","max-snippet":"max-snippet:-1","max-image-preview":"max-image-preview:large","max-video-preview":"max-video-preview:-1"},"canonical":"https:\/\/www.retaildetail.be\/fr\/news\/mode\/hm-elabore-un-plan-de-sauvetage-pour-son-entrepot-de-ghlin\/","og_locale":"fr_FR","og_type":"article","og_title":"H&amp;M \u00e9labore un plan de sauvetage pour son entrep\u00f4t de Ghlin - RetailDetail BE","og_description":"L'avenir du centre de distribution de H&M Logistics \u00e0 Ghlin, dans le Hainaut, reste incertain, mais la direction s'engage \u00e0 pr\u00e9senter un plan de sauvetage le 12 mai.","og_url":"https:\/\/www.retaildetail.be\/fr\/news\/mode\/hm-elabore-un-plan-de-sauvetage-pour-son-entrepot-de-ghlin\/","og_site_name":"RetailDetail BE","article_published_time":"2026-04-30T07:24:21+00:00","article_modified_time":"2026-04-30T07:24:22+00:00","og_image":[{"width":1000,"height":667,"url":"https:\/\/www.retaildetail.be\/wp-content\/uploads\/2026\/04\/shutterstock_2157092415-1-1.jpg","type":"image\/jpeg"}],"author":"Pauline Neerman","twitter_card":"summary_large_image","twitter_misc":{"\u00c9crit par":"Pauline Neerman","Dur\u00e9e de lecture estim\u00e9e":"2 minutes"},"schema":{"@context":"https:\/\/schema.org","@graph":[{"@type":"NewsArticle","@id":"https:\/\/www.retaildetail.be\/fr\/news\/mode\/hm-elabore-un-plan-de-sauvetage-pour-son-entrepot-de-ghlin\/#article","isPartOf":{"@id":"https:\/\/www.retaildetail.be\/fr\/news\/mode\/hm-elabore-un-plan-de-sauvetage-pour-son-entrepot-de-ghlin\/"},"author":{"name":"Pauline Neerman","@id":"https:\/\/www.retaildetail.be\/nl\/#\/schema\/person\/66b54803fa10759039079458ea89e307"},"headline":"H&amp;M \u00e9labore un plan de sauvetage pour son entrep\u00f4t de Ghlin","datePublished":"2026-04-30T07:24:21+00:00","dateModified":"2026-04-30T07:24:22+00:00","mainEntityOfPage":{"@id":"https:\/\/www.retaildetail.be\/fr\/news\/mode\/hm-elabore-un-plan-de-sauvetage-pour-son-entrepot-de-ghlin\/"},"wordCount":379,"publisher":{"@id":"https:\/\/www.retaildetail.be\/nl\/#organization"},"image":{"@id":"https:\/\/www.retaildetail.be\/fr\/news\/mode\/hm-elabore-un-plan-de-sauvetage-pour-son-entrepot-de-ghlin\/#primaryimage"},"thumbnailUrl":"https:\/\/www.retaildetail.be\/wp-content\/uploads\/2026\/04\/shutterstock_2157092415-1-1.jpg","articleSection":["Mode","Mode"],"inLanguage":"fr-FR","copyrightYear":"2026","copyrightHolder":{"@id":"https:\/\/www.retaildetail.be\/#organization"}},{"@type":"WebPage","@id":"https:\/\/www.retaildetail.be\/fr\/news\/mode\/hm-elabore-un-plan-de-sauvetage-pour-son-entrepot-de-ghlin\/","url":"https:\/\/www.retaildetail.be\/fr\/news\/mode\/hm-elabore-un-plan-de-sauvetage-pour-son-entrepot-de-ghlin\/","name":"H&amp;M \u00e9labore un plan de sauvetage pour son entrep\u00f4t de Ghlin - RetailDetail BE","isPartOf":{"@id":"https:\/\/www.retaildetail.be\/nl\/#website"},"primaryImageOfPage":{"@id":"https:\/\/www.retaildetail.be\/fr\/news\/mode\/hm-elabore-un-plan-de-sauvetage-pour-son-entrepot-de-ghlin\/#primaryimage"},"image":{"@id":"https:\/\/www.retaildetail.be\/fr\/news\/mode\/hm-elabore-un-plan-de-sauvetage-pour-son-entrepot-de-ghlin\/#primaryimage"},"thumbnailUrl":"https:\/\/www.retaildetail.be\/wp-content\/uploads\/2026\/04\/shutterstock_2157092415-1-1.jpg","datePublished":"2026-04-30T07:24:21+00:00","dateModified":"2026-04-30T07:24:22+00:00","description":"L'avenir du centre de distribution de H&M Logistics \u00e0 Ghlin, dans le Hainaut, reste incertain, mais la direction s'engage \u00e0 pr\u00e9senter un plan de sauvetage le 12 mai.","breadcrumb":{"@id":"https:\/\/www.retaildetail.be\/fr\/news\/mode\/hm-elabore-un-plan-de-sauvetage-pour-son-entrepot-de-ghlin\/#breadcrumb"},"inLanguage":"fr-FR","potentialAction":[{"@type":"ReadAction","target":["https:\/\/www.retaildetail.be\/fr\/news\/mode\/hm-elabore-un-plan-de-sauvetage-pour-son-entrepot-de-ghlin\/"]}]},{"@type":"ImageObject","inLanguage":"fr-FR","@id":"https:\/\/www.retaildetail.be\/fr\/news\/mode\/hm-elabore-un-plan-de-sauvetage-pour-son-entrepot-de-ghlin\/#primaryimage","url":"https:\/\/www.retaildetail.be\/wp-content\/uploads\/2026\/04\/shutterstock_2157092415-1-1.jpg","contentUrl":"https:\/\/www.retaildetail.be\/wp-content\/uploads\/2026\/04\/shutterstock_2157092415-1-1.jpg","width":1000,"height":667,"caption":"Shutterstock.com"},{"@type":"BreadcrumbList","@id":"https:\/\/www.retaildetail.be\/fr\/news\/mode\/hm-elabore-un-plan-de-sauvetage-pour-son-entrepot-de-ghlin\/#breadcrumb","itemListElement":[{"@type":"ListItem","position":1,"name":"Home","item":"https:\/\/www.retaildetail.be\/fr\/"},{"@type":"ListItem","position":2,"name":"H&amp;M \u00e9labore un plan de sauvetage pour son entrep\u00f4t de Ghlin"}]},{"@type":"WebSite","@id":"https:\/\/www.retaildetail.be\/nl\/#website","url":"https:\/\/www.retaildetail.be\/nl\/","name":"RetailDetail BE","description":"News","publisher":{"@id":"https:\/\/www.retaildetail.be\/nl\/#organization"},"potentialAction":[{"@type":"SearchAction","target":{"@type":"EntryPoint","urlTemplate":"https:\/\/www.retaildetail.be\/nl\/?s={search_term_string}"},"query-input":{"@type":"PropertyValueSpecification","valueRequired":true,"valueName":"search_term_string"}}],"inLanguage":"fr-FR"},{"@type":"Organization","@id":"https:\/\/www.retaildetail.be\/nl\/#organization","name":"RetailDetail BE","url":"https:\/\/www.retaildetail.be\/nl\/","logo":{"@type":"ImageObject","inLanguage":"fr-FR","@id":"https:\/\/www.retaildetail.be\/nl\/#\/schema\/logo\/image\/","url":"https:\/\/www.retaildetail.be\/wp-content\/uploads\/2022\/04\/logo.svg","contentUrl":"https:\/\/www.retaildetail.be\/wp-content\/uploads\/2022\/04\/logo.svg","width":131,"height":70,"caption":"RetailDetail BE"},"image":{"@id":"https:\/\/www.retaildetail.be\/nl\/#\/schema\/logo\/image\/"}},{"@type":"Person","@id":"https:\/\/www.retaildetail.be\/nl\/#\/schema\/person\/66b54803fa10759039079458ea89e307","name":"Pauline Neerman","image":{"@type":"ImageObject","inLanguage":"fr-FR","@id":"https:\/\/secure.gravatar.com\/avatar\/58db22aee589a691f9603e5765ac06010427a923f9b2728b951eb7fe27214d70?s=96&d=mm&r=g","url":"https:\/\/secure.gravatar.com\/avatar\/58db22aee589a691f9603e5765ac06010427a923f9b2728b951eb7fe27214d70?s=96&d=mm&r=g","contentUrl":"https:\/\/secure.gravatar.com\/avatar\/58db22aee589a691f9603e5765ac06010427a923f9b2728b951eb7fe27214d70?s=96&d=mm&r=g","caption":"Pauline Neerman"},"url":"https:\/\/www.retaildetail.be\/fr\/author\/paulineneerman\/"}]}},"jetpack_featured_media_url":"https:\/\/www.retaildetail.be\/wp-content\/uploads\/2026\/04\/shutterstock_2157092415-1-1.jpg","jetpack_sharing_enabled":true,"_links":{"self":[{"href":"https:\/\/www.retaildetail.be\/fr\/wp-json\/wp\/v2\/posts\/146988","targetHints":{"allow":["GET"]}}],"collection":[{"href":"https:\/\/www.retaildetail.be\/fr\/wp-json\/wp\/v2\/posts"}],"about":[{"href":"https:\/\/www.retaildetail.be\/fr\/wp-json\/wp\/v2\/types\/post"}],"author":[{"embeddable":true,"href":"https:\/\/www.retaildetail.be\/fr\/wp-json\/wp\/v2\/users\/5"}],"replies":[{"embeddable":true,"href":"https:\/\/www.retaildetail.be\/fr\/wp-json\/wp\/v2\/comments?post=146988"}],"version-history":[{"count":1,"href":"https:\/\/www.retaildetail.be\/fr\/wp-json\/wp\/v2\/posts\/146988\/revisions"}],"predecessor-version":[{"id":146990,"href":"https:\/\/www.retaildetail.be\/fr\/wp-json\/wp\/v2\/posts\/146988\/revisions\/146990"}],"wp:featuredmedia":[{"embeddable":true,"href":"https:\/\/www.retaildetail.be\/fr\/wp-json\/wp\/v2\/media\/146989"}],"wp:attachment":[{"href":"https:\/\/www.retaildetail.be\/fr\/wp-json\/wp\/v2\/media?parent=146988"}],"wp:term":[{"taxonomy":"category","embeddable":true,"href":"https:\/\/www.retaildetail.be\/fr\/wp-json\/wp\/v2\/categories?post=146988"},{"taxonomy":"post_tag","embeddable":true,"href":"https:\/\/www.retaildetail.be\/fr\/wp-json\/wp\/v2\/tags?post=146988"},{"taxonomy":"people","embeddable":true,"href":"https:\/\/www.retaildetail.be\/fr\/wp-json\/wp\/v2\/people?post=146988"},{"taxonomy":"extra","embeddable":true,"href":"https:\/\/www.retaildetail.be\/fr\/wp-json\/wp\/v2\/extra?post=146988"},{"taxonomy":"company","embeddable":true,"href":"https:\/\/www.retaildetail.be\/fr\/wp-json\/wp\/v2\/company?post=146988"},{"taxonomy":"topic","embeddable":true,"href":"https:\/\/www.retaildetail.be\/fr\/wp-json\/wp\/v2\/topic?post=146988"},{"taxonomy":"region","embeddable":true,"href":"https:\/\/www.retaildetail.be\/fr\/wp-json\/wp\/v2\/region?post=146988"}],"curies":[{"name":"wp","href":"https:\/\/api.w.org\/{rel}","templated":true}]}}