{"id":147006,"date":"2026-04-30T10:16:15","date_gmt":"2026-04-30T08:16:15","guid":{"rendered":"https:\/\/www.retaildetail.be\/?p=147006"},"modified":"2026-04-30T10:16:16","modified_gmt":"2026-04-30T08:16:16","slug":"le-secteur-du-retail-passe-a-la-vitesse-superieure-5-tendances-qui-faconneront-nrf-2026-retails-big-show-europe","status":"publish","type":"post","link":"https:\/\/www.retaildetail.be\/fr\/news\/general\/le-secteur-du-retail-passe-a-la-vitesse-superieure-5-tendances-qui-faconneront-nrf-2026-retails-big-show-europe\/","title":{"rendered":"Le secteur du Retail passe \u00e0 la vitesse sup\u00e9rieure : 5 tendances qui fa\u00e7onneront NRF 2026: Retail\u2019s Big Show Europe"},"content":{"rendered":"\n<p><em>(Publireportage) <\/em>De l&rsquo;IA agentique aux m\u00e9dias de distribution, les priorit\u00e9s du secteur se sont clairement d\u00e9finies \u2014 et c&rsquo;est \u00e0 Paris que les leaders passeront \u00e0 l&rsquo;action.<\/p>\n\n\n\n<p>Apr\u00e8s que le salon NRF 2026 : Retail&rsquo;s Big Show a d\u00e9fini les grandes orientations de l&rsquo;ann\u00e9e \u00e0 New York, un message est ressorti haut et fort : le secteur du Retail est entr\u00e9 dans une \u00e8re de mise en \u0153uvre. Le th\u00e8me de cette ann\u00e9e, \u00ab The Next Now \u00bb, est plus qu&rsquo;un simple slogan : c&rsquo;est un appel \u00e0 l&rsquo;action. Les retailers ne d\u00e9battent plus de ce que l&rsquo;IA et les donn\u00e9es peuvent apporter. Ils d\u00e9ploient ces technologies \u00e0 grande \u00e9chelle, et les dirigeants en constatent d\u00e9j\u00e0 les avantages. Selon <a href=\"https:\/\/nrf.com\/research\/own-the-agentic-commerce-experience\">une \u00e9tude de 2026<\/a>, 48 % d&rsquo;entre eux font \u00e9tat d&rsquo;un engagement client renforc\u00e9 gr\u00e2ce \u00e0 l&rsquo;IA conversationnelle, et 37 % mentionnent une exp\u00e9rience omnicanale plus fluide. Le Retail\u2019s Big Show Europe \u00e0 Paris sera le prochain rendez-vous majeur pour la communaut\u00e9 mondiale du Retail<\/p>\n\n\n\n<h2 class=\"wp-block-heading\">1. L\u2019IA agentique et le service client<\/h2>\n\n\n\n<p>L&rsquo;intelligence artificielle n&rsquo;est plus un facteur de diff\u00e9renciation : c&rsquo;est d\u00e9sormais une infrastructure fondamentale. Le changement le plus marquant est l&rsquo;essor du commerce agentique : des syst\u00e8mes d&rsquo;IA qui ne se contentent pas d&rsquo;assister les acheteurs, mais agissent en leur nom, en prenant des d\u00e9cisions de mani\u00e8re autonome et en effectuant des transactions. Si la plupart des retailers en sont encore aux premi\u00e8res phases de d\u00e9ploiement, la voie est toute trac\u00e9e. Paris va approfondir le d\u00e9bat afin d&rsquo;aider les retailers \u00e0 mettre en \u0153uvre des agents IA \u00e0 grande \u00e9chelle.<\/p>\n\n\n\n<h2 class=\"wp-block-heading\">2. Pr\u00e9vision de la demande et personnalisation<\/h2>\n\n\n\n<p>L&rsquo;\u00e9poque des analyses de ventes r\u00e9trospectives est r\u00e9volue. Les retailers int\u00e8grent d\u00e9sormais le comportement des clients en temps r\u00e9el, les donn\u00e9es d&rsquo;inventaire et les facteurs de march\u00e9 externes dans des mod\u00e8les pr\u00e9dictifs qui pilotent des cha\u00eenes d&rsquo;approvisionnement autonomes. L&rsquo;IA ne se contente pas de pr\u00e9voir : elle agit. Les d\u00e9cisions en mati\u00e8re de r\u00e9approvisionnement et d&rsquo;allocation sont d\u00e9sormais confi\u00e9es \u00e0 des algorithmes, ce qui transforme en profondeur la cha\u00eene d&rsquo;approvisionnement telle que nous la connaissons.<\/p>\n\n\n\n<h2 class=\"wp-block-heading\">3. Cr\u00e9er des communaut\u00e9s et s\u2019appuyer sur les influenceurs<\/h2>\n\n\n\n<p>Alors que les co\u00fbts d\u2019acquisition de clients atteignent des sommets historiques, les retailers les plus avis\u00e9s misent davantage sur la fid\u00e9lisation. NRF Europe met en avant la mani\u00e8re dont les marques transforment les transactions en relations \u00e0 long terme \u2014 gr\u00e2ce \u00e0 des programmes de fid\u00e9lit\u00e9 personnalis\u00e9s, \u00e0 des r\u00e9cits port\u00e9s par des influenceurs et \u00e0 des exp\u00e9riences ax\u00e9es sur le service. C\u2019est la valeur vie client qui compte, et non le volume.<\/p>\n\n\n\n<h2 class=\"wp-block-heading\">4. Licences, propri\u00e9t\u00e9 intellectuelle et nouveaux mod\u00e8les \u00e9conomiques<\/h2>\n\n\n\n<p>Les grandes marques ne se limitent plus \u00e0 la vente de produits. La propri\u00e9t\u00e9 intellectuelle est devenue un moteur de croissance strat\u00e9gique \u2014 gr\u00e2ce \u00e0 des collaborations, des extensions num\u00e9riques, des formats exp\u00e9rientiels et des \u00e9cosyst\u00e8mes de plateformes. Les mod\u00e8les d\u2019abonnement et le commerce agentique g\u00e9n\u00e8rent des revenus r\u00e9currents, tandis que les agents IA commencent \u00e0 jouer un r\u00f4le de m\u00e9diateur dans la d\u00e9couverte m\u00eame des produits.<\/p>\n\n\n\n<h2 class=\"wp-block-heading\">5. Le Retail Media<\/h2>\n\n\n\n<p>Les retailers deviennent des entreprises m\u00e9diatiques. Le retail media \u2014 qui exploite les donn\u00e9es de premi\u00e8re main sur les acheteurs pour alimenter la publicit\u00e9 cibl\u00e9e \u2014 est l\u2019une des sources de revenus qui conna\u00eet la croissance la plus rapide du secteur. La recherche sur site, les annonces sponsoris\u00e9es, les supports num\u00e9riques en magasin et le ciblage hors site transforment les d\u00e9taillants en plateformes marketing couvrant l\u2019ensemble du funnel, et non plus en simples points de vente.<\/p>\n\n\n\n<h2 class=\"wp-block-heading\">La conversation se poursuit \u00e0 Paris<\/h2>\n\n\n\n<p>Ces cinq th\u00e8mes ont d\u00e9fini le Retail\u2019s Big Show \u00e0 New York. Aujourd\u2019hui, Paris devient la prochaine \u00e9tape pour les leaders du commerce de d\u00e9tail d\u2019Europe et d\u2019ailleurs. Le Retail\u2019s Big Show Europe r\u00e9unira les esprits les plus avant-gardistes du secteur pour passer de la r\u00e9flexion \u00e0 l\u2019action.<\/p>\n\n\n\n<p>Les billets seront bient\u00f4t disponibles. R\u00e9servez votre place au <a href=\"https:\/\/www.nrfbigshoweurope.com\/en\">NRF 2026 : Retail\u2019s Big Show Europe<\/a> et participez \u00e0 la conversation qui fa\u00e7onnera l\u2019avenir.<\/p>\n","protected":false},"excerpt":{"rendered":"<p>De l&rsquo;IA agentique aux m\u00e9dias de distribution, les priorit\u00e9s du secteur se sont clairement d\u00e9finies \u2014 et c&rsquo;est \u00e0 Paris que les leaders passeront \u00e0 l&rsquo;action.<\/p>\n","protected":false},"author":10,"featured_media":147005,"comment_status":"closed","ping_status":"closed","sticky":false,"template":"","format":"standard","meta":{"_acf_changed":false,"inline_featured_image":false,"_jetpack_memberships_contains_paid_content":false,"footnotes":""},"categories":[25],"tags":[1531,1992],"people":[],"extra":[],"company":[],"topic":[462],"region":[],"class_list":["post-147006","post","type-post","status-publish","format-standard","has-post-thumbnail","hentry","category-general","tag-intelligence-artificielle","tag-retail-media","topic-innovation"],"acf":[],"yoast_head":"<!-- This site is optimized with the Yoast SEO plugin v27.3 - https:\/\/yoast.com\/product\/yoast-seo-wordpress\/ -->\n<title>Le secteur du Retail passe \u00e0 la vitesse sup\u00e9rieure : 5 tendances qui fa\u00e7onneront NRF 2026: Retail\u2019s Big Show Europe - RetailDetail BE<\/title>\n<meta name=\"description\" content=\"De l&#039;IA agentique aux m\u00e9dias de distribution, les priorit\u00e9s du secteur se sont clairement d\u00e9finies \u2014 et c&#039;est \u00e0 Paris que les leaders passeront \u00e0 l&#039;action.\" \/>\n<meta name=\"robots\" content=\"index, follow, max-snippet:-1, max-image-preview:large, max-video-preview:-1\" \/>\n<link rel=\"canonical\" href=\"https:\/\/www.retaildetail.be\/fr\/news\/general\/le-secteur-du-retail-passe-a-la-vitesse-superieure-5-tendances-qui-faconneront-nrf-2026-retails-big-show-europe\/\" \/>\n<meta property=\"og:locale\" content=\"fr_FR\" \/>\n<meta property=\"og:type\" content=\"article\" \/>\n<meta property=\"og:title\" content=\"Le secteur du Retail passe \u00e0 la vitesse sup\u00e9rieure : 5 tendances qui fa\u00e7onneront NRF 2026: Retail\u2019s Big Show Europe - RetailDetail BE\" \/>\n<meta property=\"og:description\" content=\"De l&#039;IA agentique aux m\u00e9dias de distribution, les priorit\u00e9s du secteur se sont clairement d\u00e9finies \u2014 et c&#039;est \u00e0 Paris que les leaders passeront \u00e0 l&#039;action.\" \/>\n<meta property=\"og:url\" content=\"https:\/\/www.retaildetail.be\/fr\/news\/general\/le-secteur-du-retail-passe-a-la-vitesse-superieure-5-tendances-qui-faconneront-nrf-2026-retails-big-show-europe\/\" \/>\n<meta property=\"og:site_name\" content=\"RetailDetail BE\" \/>\n<meta property=\"article:published_time\" content=\"2026-04-30T08:16:15+00:00\" \/>\n<meta property=\"article:modified_time\" content=\"2026-04-30T08:16:16+00:00\" \/>\n<meta property=\"og:image\" content=\"https:\/\/www.retaildetail.be\/wp-content\/uploads\/2026\/04\/Website-Content-Block-NRF25-Retails-Big-Show_0690_\u00a9Anne-Emmanuelle-Thion.jpg\" \/>\n\t<meta property=\"og:image:width\" content=\"685\" \/>\n\t<meta property=\"og:image:height\" content=\"520\" \/>\n\t<meta property=\"og:image:type\" content=\"image\/jpeg\" \/>\n<meta name=\"author\" content=\"Jorg Snoeck\" \/>\n<meta name=\"twitter:card\" content=\"summary_large_image\" \/>\n<meta name=\"twitter:label1\" content=\"\u00c9crit par\" \/>\n\t<meta name=\"twitter:data1\" content=\"Jorg Snoeck\" \/>\n\t<meta name=\"twitter:label2\" content=\"Dur\u00e9e de lecture estim\u00e9e\" \/>\n\t<meta name=\"twitter:data2\" content=\"4 minutes\" \/>\n<script type=\"application\/ld+json\" class=\"yoast-schema-graph\">{\"@context\":\"https:\\\/\\\/schema.org\",\"@graph\":[{\"@type\":\"NewsArticle\",\"@id\":\"https:\\\/\\\/www.retaildetail.be\\\/fr\\\/news\\\/general\\\/le-secteur-du-retail-passe-a-la-vitesse-superieure-5-tendances-qui-faconneront-nrf-2026-retails-big-show-europe\\\/#article\",\"isPartOf\":{\"@id\":\"https:\\\/\\\/www.retaildetail.be\\\/fr\\\/news\\\/general\\\/le-secteur-du-retail-passe-a-la-vitesse-superieure-5-tendances-qui-faconneront-nrf-2026-retails-big-show-europe\\\/\"},\"author\":{\"name\":\"Jorg Snoeck\",\"@id\":\"https:\\\/\\\/www.retaildetail.be\\\/nl\\\/#\\\/schema\\\/person\\\/71d9b89376db00e9b1aa8a2841e71a72\"},\"headline\":\"Le secteur du Retail passe \u00e0 la vitesse sup\u00e9rieure : 5 tendances qui fa\u00e7onneront NRF 2026: Retail\u2019s Big Show Europe\",\"datePublished\":\"2026-04-30T08:16:15+00:00\",\"dateModified\":\"2026-04-30T08:16:16+00:00\",\"mainEntityOfPage\":{\"@id\":\"https:\\\/\\\/www.retaildetail.be\\\/fr\\\/news\\\/general\\\/le-secteur-du-retail-passe-a-la-vitesse-superieure-5-tendances-qui-faconneront-nrf-2026-retails-big-show-europe\\\/\"},\"wordCount\":756,\"publisher\":{\"@id\":\"https:\\\/\\\/www.retaildetail.be\\\/nl\\\/#organization\"},\"image\":{\"@id\":\"https:\\\/\\\/www.retaildetail.be\\\/fr\\\/news\\\/general\\\/le-secteur-du-retail-passe-a-la-vitesse-superieure-5-tendances-qui-faconneront-nrf-2026-retails-big-show-europe\\\/#primaryimage\"},\"thumbnailUrl\":\"https:\\\/\\\/www.retaildetail.be\\\/wp-content\\\/uploads\\\/2026\\\/04\\\/Website-Content-Block-NRF25-Retails-Big-Show_0690_\u00a9Anne-Emmanuelle-Thion.jpg\",\"keywords\":[\"intelligence artificielle\",\"retail media\"],\"articleSection\":[\"G\u00e9n\u00e9ral\"],\"inLanguage\":\"fr-FR\",\"copyrightYear\":\"2026\",\"copyrightHolder\":{\"@id\":\"https:\\\/\\\/www.retaildetail.be\\\/#organization\"}},{\"@type\":\"WebPage\",\"@id\":\"https:\\\/\\\/www.retaildetail.be\\\/fr\\\/news\\\/general\\\/le-secteur-du-retail-passe-a-la-vitesse-superieure-5-tendances-qui-faconneront-nrf-2026-retails-big-show-europe\\\/\",\"url\":\"https:\\\/\\\/www.retaildetail.be\\\/fr\\\/news\\\/general\\\/le-secteur-du-retail-passe-a-la-vitesse-superieure-5-tendances-qui-faconneront-nrf-2026-retails-big-show-europe\\\/\",\"name\":\"Le secteur du Retail passe \u00e0 la vitesse sup\u00e9rieure : 5 tendances qui fa\u00e7onneront NRF 2026: Retail\u2019s Big Show Europe - RetailDetail BE\",\"isPartOf\":{\"@id\":\"https:\\\/\\\/www.retaildetail.be\\\/nl\\\/#website\"},\"primaryImageOfPage\":{\"@id\":\"https:\\\/\\\/www.retaildetail.be\\\/fr\\\/news\\\/general\\\/le-secteur-du-retail-passe-a-la-vitesse-superieure-5-tendances-qui-faconneront-nrf-2026-retails-big-show-europe\\\/#primaryimage\"},\"image\":{\"@id\":\"https:\\\/\\\/www.retaildetail.be\\\/fr\\\/news\\\/general\\\/le-secteur-du-retail-passe-a-la-vitesse-superieure-5-tendances-qui-faconneront-nrf-2026-retails-big-show-europe\\\/#primaryimage\"},\"thumbnailUrl\":\"https:\\\/\\\/www.retaildetail.be\\\/wp-content\\\/uploads\\\/2026\\\/04\\\/Website-Content-Block-NRF25-Retails-Big-Show_0690_\u00a9Anne-Emmanuelle-Thion.jpg\",\"datePublished\":\"2026-04-30T08:16:15+00:00\",\"dateModified\":\"2026-04-30T08:16:16+00:00\",\"description\":\"De l'IA agentique aux m\u00e9dias de distribution, les priorit\u00e9s du secteur se sont clairement d\u00e9finies \u2014 et c'est \u00e0 Paris que les leaders passeront \u00e0 l'action.\",\"breadcrumb\":{\"@id\":\"https:\\\/\\\/www.retaildetail.be\\\/fr\\\/news\\\/general\\\/le-secteur-du-retail-passe-a-la-vitesse-superieure-5-tendances-qui-faconneront-nrf-2026-retails-big-show-europe\\\/#breadcrumb\"},\"inLanguage\":\"fr-FR\",\"potentialAction\":[{\"@type\":\"ReadAction\",\"target\":[\"https:\\\/\\\/www.retaildetail.be\\\/fr\\\/news\\\/general\\\/le-secteur-du-retail-passe-a-la-vitesse-superieure-5-tendances-qui-faconneront-nrf-2026-retails-big-show-europe\\\/\"]}]},{\"@type\":\"ImageObject\",\"inLanguage\":\"fr-FR\",\"@id\":\"https:\\\/\\\/www.retaildetail.be\\\/fr\\\/news\\\/general\\\/le-secteur-du-retail-passe-a-la-vitesse-superieure-5-tendances-qui-faconneront-nrf-2026-retails-big-show-europe\\\/#primaryimage\",\"url\":\"https:\\\/\\\/www.retaildetail.be\\\/wp-content\\\/uploads\\\/2026\\\/04\\\/Website-Content-Block-NRF25-Retails-Big-Show_0690_\u00a9Anne-Emmanuelle-Thion.jpg\",\"contentUrl\":\"https:\\\/\\\/www.retaildetail.be\\\/wp-content\\\/uploads\\\/2026\\\/04\\\/Website-Content-Block-NRF25-Retails-Big-Show_0690_\u00a9Anne-Emmanuelle-Thion.jpg\",\"width\":685,\"height\":520},{\"@type\":\"BreadcrumbList\",\"@id\":\"https:\\\/\\\/www.retaildetail.be\\\/fr\\\/news\\\/general\\\/le-secteur-du-retail-passe-a-la-vitesse-superieure-5-tendances-qui-faconneront-nrf-2026-retails-big-show-europe\\\/#breadcrumb\",\"itemListElement\":[{\"@type\":\"ListItem\",\"position\":1,\"name\":\"Home\",\"item\":\"https:\\\/\\\/www.retaildetail.be\\\/fr\\\/\"},{\"@type\":\"ListItem\",\"position\":2,\"name\":\"Le secteur du Retail passe \u00e0 la vitesse sup\u00e9rieure : 5 tendances qui fa\u00e7onneront NRF 2026: Retail\u2019s Big Show Europe\"}]},{\"@type\":\"WebSite\",\"@id\":\"https:\\\/\\\/www.retaildetail.be\\\/nl\\\/#website\",\"url\":\"https:\\\/\\\/www.retaildetail.be\\\/nl\\\/\",\"name\":\"RetailDetail BE\",\"description\":\"News\",\"publisher\":{\"@id\":\"https:\\\/\\\/www.retaildetail.be\\\/nl\\\/#organization\"},\"potentialAction\":[{\"@type\":\"SearchAction\",\"target\":{\"@type\":\"EntryPoint\",\"urlTemplate\":\"https:\\\/\\\/www.retaildetail.be\\\/nl\\\/?s={search_term_string}\"},\"query-input\":{\"@type\":\"PropertyValueSpecification\",\"valueRequired\":true,\"valueName\":\"search_term_string\"}}],\"inLanguage\":\"fr-FR\"},{\"@type\":\"Organization\",\"@id\":\"https:\\\/\\\/www.retaildetail.be\\\/nl\\\/#organization\",\"name\":\"RetailDetail BE\",\"url\":\"https:\\\/\\\/www.retaildetail.be\\\/nl\\\/\",\"logo\":{\"@type\":\"ImageObject\",\"inLanguage\":\"fr-FR\",\"@id\":\"https:\\\/\\\/www.retaildetail.be\\\/nl\\\/#\\\/schema\\\/logo\\\/image\\\/\",\"url\":\"https:\\\/\\\/www.retaildetail.be\\\/wp-content\\\/uploads\\\/2022\\\/04\\\/logo.svg\",\"contentUrl\":\"https:\\\/\\\/www.retaildetail.be\\\/wp-content\\\/uploads\\\/2022\\\/04\\\/logo.svg\",\"width\":131,\"height\":70,\"caption\":\"RetailDetail BE\"},\"image\":{\"@id\":\"https:\\\/\\\/www.retaildetail.be\\\/nl\\\/#\\\/schema\\\/logo\\\/image\\\/\"}},{\"@type\":\"Person\",\"@id\":\"https:\\\/\\\/www.retaildetail.be\\\/nl\\\/#\\\/schema\\\/person\\\/71d9b89376db00e9b1aa8a2841e71a72\",\"name\":\"Jorg Snoeck\",\"image\":{\"@type\":\"ImageObject\",\"inLanguage\":\"fr-FR\",\"@id\":\"https:\\\/\\\/secure.gravatar.com\\\/avatar\\\/fc1bd94c7d40f2446e6bf778bb34cf9ab000168f63533cec8e072f4ad96ce7f3?s=96&d=mm&r=g\",\"url\":\"https:\\\/\\\/secure.gravatar.com\\\/avatar\\\/fc1bd94c7d40f2446e6bf778bb34cf9ab000168f63533cec8e072f4ad96ce7f3?s=96&d=mm&r=g\",\"contentUrl\":\"https:\\\/\\\/secure.gravatar.com\\\/avatar\\\/fc1bd94c7d40f2446e6bf778bb34cf9ab000168f63533cec8e072f4ad96ce7f3?s=96&d=mm&r=g\",\"caption\":\"Jorg Snoeck\"},\"url\":\"https:\\\/\\\/www.retaildetail.be\\\/fr\\\/author\\\/jorgsnoeck\\\/\"}]}<\/script>\n<!-- \/ Yoast SEO plugin. -->","yoast_head_json":{"title":"Le secteur du Retail passe \u00e0 la vitesse sup\u00e9rieure : 5 tendances qui fa\u00e7onneront NRF 2026: Retail\u2019s Big Show Europe - RetailDetail BE","description":"De l'IA agentique aux m\u00e9dias de distribution, les priorit\u00e9s du secteur se sont clairement d\u00e9finies \u2014 et c'est \u00e0 Paris que les leaders passeront \u00e0 l'action.","robots":{"index":"index","follow":"follow","max-snippet":"max-snippet:-1","max-image-preview":"max-image-preview:large","max-video-preview":"max-video-preview:-1"},"canonical":"https:\/\/www.retaildetail.be\/fr\/news\/general\/le-secteur-du-retail-passe-a-la-vitesse-superieure-5-tendances-qui-faconneront-nrf-2026-retails-big-show-europe\/","og_locale":"fr_FR","og_type":"article","og_title":"Le secteur du Retail passe \u00e0 la vitesse sup\u00e9rieure : 5 tendances qui fa\u00e7onneront NRF 2026: Retail\u2019s Big Show Europe - RetailDetail BE","og_description":"De l'IA agentique aux m\u00e9dias de distribution, les priorit\u00e9s du secteur se sont clairement d\u00e9finies \u2014 et c'est \u00e0 Paris que les leaders passeront \u00e0 l'action.","og_url":"https:\/\/www.retaildetail.be\/fr\/news\/general\/le-secteur-du-retail-passe-a-la-vitesse-superieure-5-tendances-qui-faconneront-nrf-2026-retails-big-show-europe\/","og_site_name":"RetailDetail BE","article_published_time":"2026-04-30T08:16:15+00:00","article_modified_time":"2026-04-30T08:16:16+00:00","og_image":[{"width":685,"height":520,"url":"https:\/\/www.retaildetail.be\/wp-content\/uploads\/2026\/04\/Website-Content-Block-NRF25-Retails-Big-Show_0690_\u00a9Anne-Emmanuelle-Thion.jpg","type":"image\/jpeg"}],"author":"Jorg Snoeck","twitter_card":"summary_large_image","twitter_misc":{"\u00c9crit par":"Jorg Snoeck","Dur\u00e9e de lecture estim\u00e9e":"4 minutes"},"schema":{"@context":"https:\/\/schema.org","@graph":[{"@type":"NewsArticle","@id":"https:\/\/www.retaildetail.be\/fr\/news\/general\/le-secteur-du-retail-passe-a-la-vitesse-superieure-5-tendances-qui-faconneront-nrf-2026-retails-big-show-europe\/#article","isPartOf":{"@id":"https:\/\/www.retaildetail.be\/fr\/news\/general\/le-secteur-du-retail-passe-a-la-vitesse-superieure-5-tendances-qui-faconneront-nrf-2026-retails-big-show-europe\/"},"author":{"name":"Jorg Snoeck","@id":"https:\/\/www.retaildetail.be\/nl\/#\/schema\/person\/71d9b89376db00e9b1aa8a2841e71a72"},"headline":"Le secteur du Retail passe \u00e0 la vitesse sup\u00e9rieure : 5 tendances qui fa\u00e7onneront NRF 2026: Retail\u2019s Big Show Europe","datePublished":"2026-04-30T08:16:15+00:00","dateModified":"2026-04-30T08:16:16+00:00","mainEntityOfPage":{"@id":"https:\/\/www.retaildetail.be\/fr\/news\/general\/le-secteur-du-retail-passe-a-la-vitesse-superieure-5-tendances-qui-faconneront-nrf-2026-retails-big-show-europe\/"},"wordCount":756,"publisher":{"@id":"https:\/\/www.retaildetail.be\/nl\/#organization"},"image":{"@id":"https:\/\/www.retaildetail.be\/fr\/news\/general\/le-secteur-du-retail-passe-a-la-vitesse-superieure-5-tendances-qui-faconneront-nrf-2026-retails-big-show-europe\/#primaryimage"},"thumbnailUrl":"https:\/\/www.retaildetail.be\/wp-content\/uploads\/2026\/04\/Website-Content-Block-NRF25-Retails-Big-Show_0690_\u00a9Anne-Emmanuelle-Thion.jpg","keywords":["intelligence artificielle","retail media"],"articleSection":["G\u00e9n\u00e9ral"],"inLanguage":"fr-FR","copyrightYear":"2026","copyrightHolder":{"@id":"https:\/\/www.retaildetail.be\/#organization"}},{"@type":"WebPage","@id":"https:\/\/www.retaildetail.be\/fr\/news\/general\/le-secteur-du-retail-passe-a-la-vitesse-superieure-5-tendances-qui-faconneront-nrf-2026-retails-big-show-europe\/","url":"https:\/\/www.retaildetail.be\/fr\/news\/general\/le-secteur-du-retail-passe-a-la-vitesse-superieure-5-tendances-qui-faconneront-nrf-2026-retails-big-show-europe\/","name":"Le secteur du Retail passe \u00e0 la vitesse sup\u00e9rieure : 5 tendances qui fa\u00e7onneront NRF 2026: Retail\u2019s Big Show Europe - RetailDetail BE","isPartOf":{"@id":"https:\/\/www.retaildetail.be\/nl\/#website"},"primaryImageOfPage":{"@id":"https:\/\/www.retaildetail.be\/fr\/news\/general\/le-secteur-du-retail-passe-a-la-vitesse-superieure-5-tendances-qui-faconneront-nrf-2026-retails-big-show-europe\/#primaryimage"},"image":{"@id":"https:\/\/www.retaildetail.be\/fr\/news\/general\/le-secteur-du-retail-passe-a-la-vitesse-superieure-5-tendances-qui-faconneront-nrf-2026-retails-big-show-europe\/#primaryimage"},"thumbnailUrl":"https:\/\/www.retaildetail.be\/wp-content\/uploads\/2026\/04\/Website-Content-Block-NRF25-Retails-Big-Show_0690_\u00a9Anne-Emmanuelle-Thion.jpg","datePublished":"2026-04-30T08:16:15+00:00","dateModified":"2026-04-30T08:16:16+00:00","description":"De l'IA agentique aux m\u00e9dias de distribution, les priorit\u00e9s du secteur se sont clairement d\u00e9finies \u2014 et c'est \u00e0 Paris que les leaders passeront \u00e0 l'action.","breadcrumb":{"@id":"https:\/\/www.retaildetail.be\/fr\/news\/general\/le-secteur-du-retail-passe-a-la-vitesse-superieure-5-tendances-qui-faconneront-nrf-2026-retails-big-show-europe\/#breadcrumb"},"inLanguage":"fr-FR","potentialAction":[{"@type":"ReadAction","target":["https:\/\/www.retaildetail.be\/fr\/news\/general\/le-secteur-du-retail-passe-a-la-vitesse-superieure-5-tendances-qui-faconneront-nrf-2026-retails-big-show-europe\/"]}]},{"@type":"ImageObject","inLanguage":"fr-FR","@id":"https:\/\/www.retaildetail.be\/fr\/news\/general\/le-secteur-du-retail-passe-a-la-vitesse-superieure-5-tendances-qui-faconneront-nrf-2026-retails-big-show-europe\/#primaryimage","url":"https:\/\/www.retaildetail.be\/wp-content\/uploads\/2026\/04\/Website-Content-Block-NRF25-Retails-Big-Show_0690_\u00a9Anne-Emmanuelle-Thion.jpg","contentUrl":"https:\/\/www.retaildetail.be\/wp-content\/uploads\/2026\/04\/Website-Content-Block-NRF25-Retails-Big-Show_0690_\u00a9Anne-Emmanuelle-Thion.jpg","width":685,"height":520},{"@type":"BreadcrumbList","@id":"https:\/\/www.retaildetail.be\/fr\/news\/general\/le-secteur-du-retail-passe-a-la-vitesse-superieure-5-tendances-qui-faconneront-nrf-2026-retails-big-show-europe\/#breadcrumb","itemListElement":[{"@type":"ListItem","position":1,"name":"Home","item":"https:\/\/www.retaildetail.be\/fr\/"},{"@type":"ListItem","position":2,"name":"Le secteur du Retail passe \u00e0 la vitesse sup\u00e9rieure : 5 tendances qui fa\u00e7onneront NRF 2026: Retail\u2019s Big Show Europe"}]},{"@type":"WebSite","@id":"https:\/\/www.retaildetail.be\/nl\/#website","url":"https:\/\/www.retaildetail.be\/nl\/","name":"RetailDetail BE","description":"News","publisher":{"@id":"https:\/\/www.retaildetail.be\/nl\/#organization"},"potentialAction":[{"@type":"SearchAction","target":{"@type":"EntryPoint","urlTemplate":"https:\/\/www.retaildetail.be\/nl\/?s={search_term_string}"},"query-input":{"@type":"PropertyValueSpecification","valueRequired":true,"valueName":"search_term_string"}}],"inLanguage":"fr-FR"},{"@type":"Organization","@id":"https:\/\/www.retaildetail.be\/nl\/#organization","name":"RetailDetail BE","url":"https:\/\/www.retaildetail.be\/nl\/","logo":{"@type":"ImageObject","inLanguage":"fr-FR","@id":"https:\/\/www.retaildetail.be\/nl\/#\/schema\/logo\/image\/","url":"https:\/\/www.retaildetail.be\/wp-content\/uploads\/2022\/04\/logo.svg","contentUrl":"https:\/\/www.retaildetail.be\/wp-content\/uploads\/2022\/04\/logo.svg","width":131,"height":70,"caption":"RetailDetail BE"},"image":{"@id":"https:\/\/www.retaildetail.be\/nl\/#\/schema\/logo\/image\/"}},{"@type":"Person","@id":"https:\/\/www.retaildetail.be\/nl\/#\/schema\/person\/71d9b89376db00e9b1aa8a2841e71a72","name":"Jorg Snoeck","image":{"@type":"ImageObject","inLanguage":"fr-FR","@id":"https:\/\/secure.gravatar.com\/avatar\/fc1bd94c7d40f2446e6bf778bb34cf9ab000168f63533cec8e072f4ad96ce7f3?s=96&d=mm&r=g","url":"https:\/\/secure.gravatar.com\/avatar\/fc1bd94c7d40f2446e6bf778bb34cf9ab000168f63533cec8e072f4ad96ce7f3?s=96&d=mm&r=g","contentUrl":"https:\/\/secure.gravatar.com\/avatar\/fc1bd94c7d40f2446e6bf778bb34cf9ab000168f63533cec8e072f4ad96ce7f3?s=96&d=mm&r=g","caption":"Jorg Snoeck"},"url":"https:\/\/www.retaildetail.be\/fr\/author\/jorgsnoeck\/"}]}},"jetpack_featured_media_url":"https:\/\/www.retaildetail.be\/wp-content\/uploads\/2026\/04\/Website-Content-Block-NRF25-Retails-Big-Show_0690_\u00a9Anne-Emmanuelle-Thion.jpg","jetpack_sharing_enabled":true,"_links":{"self":[{"href":"https:\/\/www.retaildetail.be\/fr\/wp-json\/wp\/v2\/posts\/147006","targetHints":{"allow":["GET"]}}],"collection":[{"href":"https:\/\/www.retaildetail.be\/fr\/wp-json\/wp\/v2\/posts"}],"about":[{"href":"https:\/\/www.retaildetail.be\/fr\/wp-json\/wp\/v2\/types\/post"}],"author":[{"embeddable":true,"href":"https:\/\/www.retaildetail.be\/fr\/wp-json\/wp\/v2\/users\/10"}],"replies":[{"embeddable":true,"href":"https:\/\/www.retaildetail.be\/fr\/wp-json\/wp\/v2\/comments?post=147006"}],"version-history":[{"count":1,"href":"https:\/\/www.retaildetail.be\/fr\/wp-json\/wp\/v2\/posts\/147006\/revisions"}],"predecessor-version":[{"id":147009,"href":"https:\/\/www.retaildetail.be\/fr\/wp-json\/wp\/v2\/posts\/147006\/revisions\/147009"}],"wp:featuredmedia":[{"embeddable":true,"href":"https:\/\/www.retaildetail.be\/fr\/wp-json\/wp\/v2\/media\/147005"}],"wp:attachment":[{"href":"https:\/\/www.retaildetail.be\/fr\/wp-json\/wp\/v2\/media?parent=147006"}],"wp:term":[{"taxonomy":"category","embeddable":true,"href":"https:\/\/www.retaildetail.be\/fr\/wp-json\/wp\/v2\/categories?post=147006"},{"taxonomy":"post_tag","embeddable":true,"href":"https:\/\/www.retaildetail.be\/fr\/wp-json\/wp\/v2\/tags?post=147006"},{"taxonomy":"people","embeddable":true,"href":"https:\/\/www.retaildetail.be\/fr\/wp-json\/wp\/v2\/people?post=147006"},{"taxonomy":"extra","embeddable":true,"href":"https:\/\/www.retaildetail.be\/fr\/wp-json\/wp\/v2\/extra?post=147006"},{"taxonomy":"company","embeddable":true,"href":"https:\/\/www.retaildetail.be\/fr\/wp-json\/wp\/v2\/company?post=147006"},{"taxonomy":"topic","embeddable":true,"href":"https:\/\/www.retaildetail.be\/fr\/wp-json\/wp\/v2\/topic?post=147006"},{"taxonomy":"region","embeddable":true,"href":"https:\/\/www.retaildetail.be\/fr\/wp-json\/wp\/v2\/region?post=147006"}],"curies":[{"name":"wp","href":"https:\/\/api.w.org\/{rel}","templated":true}]}}