{"id":147007,"date":"2026-04-30T10:19:58","date_gmt":"2026-04-30T08:19:58","guid":{"rendered":"https:\/\/www.retaildetail.be\/?p=147007"},"modified":"2026-04-30T10:19:59","modified_gmt":"2026-04-30T08:19:59","slug":"unilever-demarre-lannee-en-force-malgre-un-ralentissement-en-europe","status":"publish","type":"post","link":"https:\/\/www.retaildetail.be\/fr\/news\/beaute-soins\/unilever-demarre-lannee-en-force-malgre-un-ralentissement-en-europe\/","title":{"rendered":"Unilever d\u00e9marre l&rsquo;ann\u00e9e en force, malgr\u00e9 un ralentissement en Europe"},"content":{"rendered":"\n<p><strong>Unilever<\/strong> a enregistr\u00e9 de solides r\u00e9sultats au premier trimestre, avec une croissance sous-jacente du chiffre d&rsquo;affaires de 3,8 %. La nouvelle orientation vers les produits non alimentaires porte ses fruits, puisque la croissance a \u00e9t\u00e9 principalement tir\u00e9e par les produits d&rsquo;entretien et les marques de beaut\u00e9.<\/p>\n\n\n\n<h2 class=\"wp-block-heading\">Un d\u00e9but d&rsquo;ann\u00e9e positif<\/h2>\n\n\n\n<p>Unilever a annonc\u00e9 un chiffre d&rsquo;affaires total de 12,6 milliards d&rsquo;euros. La croissance sous-jacente du chiffre d&rsquo;affaires, qui ne tient pas compte des acquisitions, des cessions et des fluctuations de change, s&rsquo;est \u00e9lev\u00e9e \u00e0 3,8 %, d\u00e9passant les pr\u00e9visions des analystes. Le PDG Fernando Fernandez a parl\u00e9 d&rsquo;un \u00ab bon d\u00e9but d&rsquo;ann\u00e9e \u00bb, marqu\u00e9 par une nouvelle augmentation des volumes vendus. La hausse des prix n&rsquo;a contribu\u00e9 qu&rsquo;\u00e0 hauteur de 0,9 % \u00e0 la croissance au cours du dernier trimestre.<\/p>\n\n\n\n<p>Malgr\u00e9 cela, le march\u00e9 europ\u00e9en reste un maillon faible, avec un chiffre d&rsquo;affaires en baisse de pr\u00e8s de 1 %. Les ventes ont surtout progress\u00e9 en Asie, sur d&rsquo;autres march\u00e9s \u00e9mergents et aux \u00c9tats-Unis. Pour l&rsquo;ensemble de l&rsquo;ann\u00e9e 2026, le g\u00e9ant des produits de grande consommation maintient ses pr\u00e9visions de croissance du chiffre d&rsquo;affaires entre 4 % et 6 %.<\/p>\n\n\n\n<h2 class=\"wp-block-heading\">Priorit\u00e9 \u00e0 l&rsquo;efficacit\u00e9<\/h2>\n\n\n\n<p>Fernandez a soulign\u00e9 qu&rsquo;Unilever continuait \u00e0 \u0153uvrer pour une entreprise \u00ab plus simple et plus performante \u00bb, dot\u00e9e d&rsquo;un potentiel de croissance structurellement plus \u00e9lev\u00e9. Le groupe a annonc\u00e9 le mois dernier la vente d&rsquo;une grande partie de sa division alimentaire, connue pour des marques telles que Knorr et Calv\u00e9, \u00e0 son homologue am\u00e9ricain McCormick. Selon Fernandez, la vente devrait \u00eatre finalis\u00e9e d&rsquo;ici mi-2027 pour un montant d&rsquo;environ 39 milliards d&rsquo;euros.<\/p>\n\n\n\n<p>Ces derni\u00e8res ann\u00e9es, Unilever s&rsquo;est d\u00e9j\u00e0 s\u00e9par\u00e9 de plusieurs marques de sa division alimentaire, notamment ses activit\u00e9s dans la margarine et le th\u00e9, ainsi que des marques telles que Conimex et De Vegetarische Slager. Cette r\u00e9organisation strat\u00e9gique doit aider l&rsquo;entreprise \u00e0 se concentrer sur les segments en forte croissance des soins personnels et de la beaut\u00e9.<\/p>\n\n\n\n<p>Par ailleurs, <strong>KKR<\/strong>, qui a rachet\u00e9 l&rsquo;ancienne division margarine d&rsquo;Unilever en 2018, envisage d\u00e9j\u00e0 de se s\u00e9parer de son ancienne filiale. <strong>Magnum<\/strong>, qui ne s&rsquo;est s\u00e9par\u00e9e d&rsquo;Unilever qu&rsquo;\u00e0 la fin de l&rsquo;ann\u00e9e derni\u00e8re, parle quant \u00e0 elle d&rsquo;un \u00ab d\u00e9marrage encourageant \u00bb au premier trimestre : bien que le chiffre d&rsquo;affaires total ait baiss\u00e9 en raison des effets de change, les ventes de glaces ont quant \u00e0 elles augment\u00e9.<\/p>\n","protected":false},"excerpt":{"rendered":"<p>Au premier trimestre, Unilever a enregistr\u00e9 de solides r\u00e9sultats, avec une croissance sous-jacente de son chiffre d&rsquo;affaires de 3,8 %. La nouvelle orientation vers les produits non alimentaires porte ses fruits, puisque la croissance a \u00e9t\u00e9 principalement tir\u00e9e par les produits d&rsquo;entretien et les marques de beaut\u00e9.<\/p>\n","protected":false},"author":5,"featured_media":147008,"comment_status":"closed","ping_status":"closed","sticky":false,"template":"","format":"standard","meta":{"_acf_changed":false,"inline_featured_image":false,"_jetpack_memberships_contains_paid_content":false,"footnotes":""},"categories":[27,18,24,19],"tags":[],"people":[],"extra":[43],"company":[260],"topic":[266],"region":[],"class_list":{"0":"post-147007","1":"post","2":"type-post","3":"status-publish","4":"format-standard","5":"has-post-thumbnail","6":"hentry","7":"category-beaute-soins","8":"category-food","10":"category-schoonheid-verzorging","11":"extra-plus","12":"company-unilever","13":"topic-resultats-financiers"},"acf":[],"yoast_head":"<!-- This site is optimized with the Yoast SEO plugin v27.3 - https:\/\/yoast.com\/product\/yoast-seo-wordpress\/ -->\n<title>Unilever d\u00e9marre l&#039;ann\u00e9e en force, malgr\u00e9 un ralentissement en Europe - RetailDetail BE<\/title>\n<meta name=\"description\" content=\"Unilever a enregistr\u00e9 de solides r\u00e9sultats au premier trimestre, avec une croissance sous-jacente du chiffre d&#039;affaires de 3,8 %.\" \/>\n<meta name=\"robots\" content=\"index, follow, max-snippet:-1, max-image-preview:large, max-video-preview:-1\" \/>\n<link rel=\"canonical\" href=\"https:\/\/www.retaildetail.be\/fr\/news\/beaute-soins\/unilever-demarre-lannee-en-force-malgre-un-ralentissement-en-europe\/\" \/>\n<meta property=\"og:locale\" content=\"fr_FR\" \/>\n<meta property=\"og:type\" content=\"article\" \/>\n<meta property=\"og:title\" content=\"Unilever d\u00e9marre l&#039;ann\u00e9e en force, malgr\u00e9 un ralentissement en Europe - RetailDetail BE\" \/>\n<meta property=\"og:description\" content=\"Unilever a enregistr\u00e9 de solides r\u00e9sultats au premier trimestre, avec une croissance sous-jacente du chiffre d&#039;affaires de 3,8 %.\" \/>\n<meta property=\"og:url\" content=\"https:\/\/www.retaildetail.be\/fr\/news\/beaute-soins\/unilever-demarre-lannee-en-force-malgre-un-ralentissement-en-europe\/\" \/>\n<meta property=\"og:site_name\" content=\"RetailDetail BE\" \/>\n<meta property=\"article:published_time\" content=\"2026-04-30T08:19:58+00:00\" \/>\n<meta property=\"article:modified_time\" content=\"2026-04-30T08:19:59+00:00\" \/>\n<meta property=\"og:image\" content=\"https:\/\/www.retaildetail.be\/wp-content\/uploads\/2026\/04\/shutterstock_2284223749.jpg\" \/>\n\t<meta property=\"og:image:width\" content=\"1000\" \/>\n\t<meta property=\"og:image:height\" content=\"667\" \/>\n\t<meta property=\"og:image:type\" content=\"image\/jpeg\" \/>\n<meta name=\"author\" content=\"Pauline Neerman\" \/>\n<meta name=\"twitter:card\" content=\"summary_large_image\" \/>\n<meta name=\"twitter:label1\" content=\"\u00c9crit par\" \/>\n\t<meta name=\"twitter:data1\" content=\"Pauline Neerman\" \/>\n\t<meta name=\"twitter:label2\" content=\"Dur\u00e9e de lecture estim\u00e9e\" \/>\n\t<meta name=\"twitter:data2\" content=\"2 minutes\" \/>\n<script type=\"application\/ld+json\" class=\"yoast-schema-graph\">{\"@context\":\"https:\\\/\\\/schema.org\",\"@graph\":[{\"@type\":\"NewsArticle\",\"@id\":\"https:\\\/\\\/www.retaildetail.be\\\/fr\\\/news\\\/beaute-soins\\\/unilever-demarre-lannee-en-force-malgre-un-ralentissement-en-europe\\\/#article\",\"isPartOf\":{\"@id\":\"https:\\\/\\\/www.retaildetail.be\\\/fr\\\/news\\\/beaute-soins\\\/unilever-demarre-lannee-en-force-malgre-un-ralentissement-en-europe\\\/\"},\"author\":{\"name\":\"Pauline Neerman\",\"@id\":\"https:\\\/\\\/www.retaildetail.be\\\/nl\\\/#\\\/schema\\\/person\\\/66b54803fa10759039079458ea89e307\"},\"headline\":\"Unilever d\u00e9marre l&rsquo;ann\u00e9e en force, malgr\u00e9 un ralentissement en Europe\",\"datePublished\":\"2026-04-30T08:19:58+00:00\",\"dateModified\":\"2026-04-30T08:19:59+00:00\",\"mainEntityOfPage\":{\"@id\":\"https:\\\/\\\/www.retaildetail.be\\\/fr\\\/news\\\/beaute-soins\\\/unilever-demarre-lannee-en-force-malgre-un-ralentissement-en-europe\\\/\"},\"wordCount\":434,\"publisher\":{\"@id\":\"https:\\\/\\\/www.retaildetail.be\\\/nl\\\/#organization\"},\"image\":{\"@id\":\"https:\\\/\\\/www.retaildetail.be\\\/fr\\\/news\\\/beaute-soins\\\/unilever-demarre-lannee-en-force-malgre-un-ralentissement-en-europe\\\/#primaryimage\"},\"thumbnailUrl\":\"https:\\\/\\\/www.retaildetail.be\\\/wp-content\\\/uploads\\\/2026\\\/04\\\/shutterstock_2284223749.jpg\",\"articleSection\":[\"Beaut\u00e9\\\/Soins\",\"Food\",\"Food\",\"Schoonheid\\\/verzorging\"],\"inLanguage\":\"fr-FR\",\"copyrightYear\":\"2026\",\"copyrightHolder\":{\"@id\":\"https:\\\/\\\/www.retaildetail.be\\\/#organization\"}},{\"@type\":\"WebPage\",\"@id\":\"https:\\\/\\\/www.retaildetail.be\\\/fr\\\/news\\\/beaute-soins\\\/unilever-demarre-lannee-en-force-malgre-un-ralentissement-en-europe\\\/\",\"url\":\"https:\\\/\\\/www.retaildetail.be\\\/fr\\\/news\\\/beaute-soins\\\/unilever-demarre-lannee-en-force-malgre-un-ralentissement-en-europe\\\/\",\"name\":\"Unilever d\u00e9marre l'ann\u00e9e en force, malgr\u00e9 un ralentissement en Europe - RetailDetail BE\",\"isPartOf\":{\"@id\":\"https:\\\/\\\/www.retaildetail.be\\\/nl\\\/#website\"},\"primaryImageOfPage\":{\"@id\":\"https:\\\/\\\/www.retaildetail.be\\\/fr\\\/news\\\/beaute-soins\\\/unilever-demarre-lannee-en-force-malgre-un-ralentissement-en-europe\\\/#primaryimage\"},\"image\":{\"@id\":\"https:\\\/\\\/www.retaildetail.be\\\/fr\\\/news\\\/beaute-soins\\\/unilever-demarre-lannee-en-force-malgre-un-ralentissement-en-europe\\\/#primaryimage\"},\"thumbnailUrl\":\"https:\\\/\\\/www.retaildetail.be\\\/wp-content\\\/uploads\\\/2026\\\/04\\\/shutterstock_2284223749.jpg\",\"datePublished\":\"2026-04-30T08:19:58+00:00\",\"dateModified\":\"2026-04-30T08:19:59+00:00\",\"description\":\"Unilever a enregistr\u00e9 de solides r\u00e9sultats au premier trimestre, avec une croissance sous-jacente du chiffre d'affaires de 3,8 %.\",\"breadcrumb\":{\"@id\":\"https:\\\/\\\/www.retaildetail.be\\\/fr\\\/news\\\/beaute-soins\\\/unilever-demarre-lannee-en-force-malgre-un-ralentissement-en-europe\\\/#breadcrumb\"},\"inLanguage\":\"fr-FR\",\"potentialAction\":[{\"@type\":\"ReadAction\",\"target\":[\"https:\\\/\\\/www.retaildetail.be\\\/fr\\\/news\\\/beaute-soins\\\/unilever-demarre-lannee-en-force-malgre-un-ralentissement-en-europe\\\/\"]}]},{\"@type\":\"ImageObject\",\"inLanguage\":\"fr-FR\",\"@id\":\"https:\\\/\\\/www.retaildetail.be\\\/fr\\\/news\\\/beaute-soins\\\/unilever-demarre-lannee-en-force-malgre-un-ralentissement-en-europe\\\/#primaryimage\",\"url\":\"https:\\\/\\\/www.retaildetail.be\\\/wp-content\\\/uploads\\\/2026\\\/04\\\/shutterstock_2284223749.jpg\",\"contentUrl\":\"https:\\\/\\\/www.retaildetail.be\\\/wp-content\\\/uploads\\\/2026\\\/04\\\/shutterstock_2284223749.jpg\",\"width\":1000,\"height\":667,\"caption\":\"\u00a9 Shutterstock.com\"},{\"@type\":\"BreadcrumbList\",\"@id\":\"https:\\\/\\\/www.retaildetail.be\\\/fr\\\/news\\\/beaute-soins\\\/unilever-demarre-lannee-en-force-malgre-un-ralentissement-en-europe\\\/#breadcrumb\",\"itemListElement\":[{\"@type\":\"ListItem\",\"position\":1,\"name\":\"Home\",\"item\":\"https:\\\/\\\/www.retaildetail.be\\\/fr\\\/\"},{\"@type\":\"ListItem\",\"position\":2,\"name\":\"Unilever d\u00e9marre l&#8217;ann\u00e9e en force, malgr\u00e9 un ralentissement en Europe\"}]},{\"@type\":\"WebSite\",\"@id\":\"https:\\\/\\\/www.retaildetail.be\\\/nl\\\/#website\",\"url\":\"https:\\\/\\\/www.retaildetail.be\\\/nl\\\/\",\"name\":\"RetailDetail BE\",\"description\":\"News\",\"publisher\":{\"@id\":\"https:\\\/\\\/www.retaildetail.be\\\/nl\\\/#organization\"},\"potentialAction\":[{\"@type\":\"SearchAction\",\"target\":{\"@type\":\"EntryPoint\",\"urlTemplate\":\"https:\\\/\\\/www.retaildetail.be\\\/nl\\\/?s={search_term_string}\"},\"query-input\":{\"@type\":\"PropertyValueSpecification\",\"valueRequired\":true,\"valueName\":\"search_term_string\"}}],\"inLanguage\":\"fr-FR\"},{\"@type\":\"Organization\",\"@id\":\"https:\\\/\\\/www.retaildetail.be\\\/nl\\\/#organization\",\"name\":\"RetailDetail BE\",\"url\":\"https:\\\/\\\/www.retaildetail.be\\\/nl\\\/\",\"logo\":{\"@type\":\"ImageObject\",\"inLanguage\":\"fr-FR\",\"@id\":\"https:\\\/\\\/www.retaildetail.be\\\/nl\\\/#\\\/schema\\\/logo\\\/image\\\/\",\"url\":\"https:\\\/\\\/www.retaildetail.be\\\/wp-content\\\/uploads\\\/2022\\\/04\\\/logo.svg\",\"contentUrl\":\"https:\\\/\\\/www.retaildetail.be\\\/wp-content\\\/uploads\\\/2022\\\/04\\\/logo.svg\",\"width\":131,\"height\":70,\"caption\":\"RetailDetail BE\"},\"image\":{\"@id\":\"https:\\\/\\\/www.retaildetail.be\\\/nl\\\/#\\\/schema\\\/logo\\\/image\\\/\"}},{\"@type\":\"Person\",\"@id\":\"https:\\\/\\\/www.retaildetail.be\\\/nl\\\/#\\\/schema\\\/person\\\/66b54803fa10759039079458ea89e307\",\"name\":\"Pauline Neerman\",\"image\":{\"@type\":\"ImageObject\",\"inLanguage\":\"fr-FR\",\"@id\":\"https:\\\/\\\/secure.gravatar.com\\\/avatar\\\/58db22aee589a691f9603e5765ac06010427a923f9b2728b951eb7fe27214d70?s=96&d=mm&r=g\",\"url\":\"https:\\\/\\\/secure.gravatar.com\\\/avatar\\\/58db22aee589a691f9603e5765ac06010427a923f9b2728b951eb7fe27214d70?s=96&d=mm&r=g\",\"contentUrl\":\"https:\\\/\\\/secure.gravatar.com\\\/avatar\\\/58db22aee589a691f9603e5765ac06010427a923f9b2728b951eb7fe27214d70?s=96&d=mm&r=g\",\"caption\":\"Pauline Neerman\"},\"url\":\"https:\\\/\\\/www.retaildetail.be\\\/fr\\\/author\\\/paulineneerman\\\/\"}]}<\/script>\n<!-- \/ Yoast SEO plugin. -->","yoast_head_json":{"title":"Unilever d\u00e9marre l'ann\u00e9e en force, malgr\u00e9 un ralentissement en Europe - RetailDetail BE","description":"Unilever a enregistr\u00e9 de solides r\u00e9sultats au premier trimestre, avec une croissance sous-jacente du chiffre d'affaires de 3,8 %.","robots":{"index":"index","follow":"follow","max-snippet":"max-snippet:-1","max-image-preview":"max-image-preview:large","max-video-preview":"max-video-preview:-1"},"canonical":"https:\/\/www.retaildetail.be\/fr\/news\/beaute-soins\/unilever-demarre-lannee-en-force-malgre-un-ralentissement-en-europe\/","og_locale":"fr_FR","og_type":"article","og_title":"Unilever d\u00e9marre l'ann\u00e9e en force, malgr\u00e9 un ralentissement en Europe - RetailDetail BE","og_description":"Unilever a enregistr\u00e9 de solides r\u00e9sultats au premier trimestre, avec une croissance sous-jacente du chiffre d'affaires de 3,8 %.","og_url":"https:\/\/www.retaildetail.be\/fr\/news\/beaute-soins\/unilever-demarre-lannee-en-force-malgre-un-ralentissement-en-europe\/","og_site_name":"RetailDetail BE","article_published_time":"2026-04-30T08:19:58+00:00","article_modified_time":"2026-04-30T08:19:59+00:00","og_image":[{"width":1000,"height":667,"url":"https:\/\/www.retaildetail.be\/wp-content\/uploads\/2026\/04\/shutterstock_2284223749.jpg","type":"image\/jpeg"}],"author":"Pauline Neerman","twitter_card":"summary_large_image","twitter_misc":{"\u00c9crit par":"Pauline Neerman","Dur\u00e9e de lecture estim\u00e9e":"2 minutes"},"schema":{"@context":"https:\/\/schema.org","@graph":[{"@type":"NewsArticle","@id":"https:\/\/www.retaildetail.be\/fr\/news\/beaute-soins\/unilever-demarre-lannee-en-force-malgre-un-ralentissement-en-europe\/#article","isPartOf":{"@id":"https:\/\/www.retaildetail.be\/fr\/news\/beaute-soins\/unilever-demarre-lannee-en-force-malgre-un-ralentissement-en-europe\/"},"author":{"name":"Pauline Neerman","@id":"https:\/\/www.retaildetail.be\/nl\/#\/schema\/person\/66b54803fa10759039079458ea89e307"},"headline":"Unilever d\u00e9marre l&rsquo;ann\u00e9e en force, malgr\u00e9 un ralentissement en Europe","datePublished":"2026-04-30T08:19:58+00:00","dateModified":"2026-04-30T08:19:59+00:00","mainEntityOfPage":{"@id":"https:\/\/www.retaildetail.be\/fr\/news\/beaute-soins\/unilever-demarre-lannee-en-force-malgre-un-ralentissement-en-europe\/"},"wordCount":434,"publisher":{"@id":"https:\/\/www.retaildetail.be\/nl\/#organization"},"image":{"@id":"https:\/\/www.retaildetail.be\/fr\/news\/beaute-soins\/unilever-demarre-lannee-en-force-malgre-un-ralentissement-en-europe\/#primaryimage"},"thumbnailUrl":"https:\/\/www.retaildetail.be\/wp-content\/uploads\/2026\/04\/shutterstock_2284223749.jpg","articleSection":["Beaut\u00e9\/Soins","Food","Food","Schoonheid\/verzorging"],"inLanguage":"fr-FR","copyrightYear":"2026","copyrightHolder":{"@id":"https:\/\/www.retaildetail.be\/#organization"}},{"@type":"WebPage","@id":"https:\/\/www.retaildetail.be\/fr\/news\/beaute-soins\/unilever-demarre-lannee-en-force-malgre-un-ralentissement-en-europe\/","url":"https:\/\/www.retaildetail.be\/fr\/news\/beaute-soins\/unilever-demarre-lannee-en-force-malgre-un-ralentissement-en-europe\/","name":"Unilever d\u00e9marre l'ann\u00e9e en force, malgr\u00e9 un ralentissement en Europe - RetailDetail BE","isPartOf":{"@id":"https:\/\/www.retaildetail.be\/nl\/#website"},"primaryImageOfPage":{"@id":"https:\/\/www.retaildetail.be\/fr\/news\/beaute-soins\/unilever-demarre-lannee-en-force-malgre-un-ralentissement-en-europe\/#primaryimage"},"image":{"@id":"https:\/\/www.retaildetail.be\/fr\/news\/beaute-soins\/unilever-demarre-lannee-en-force-malgre-un-ralentissement-en-europe\/#primaryimage"},"thumbnailUrl":"https:\/\/www.retaildetail.be\/wp-content\/uploads\/2026\/04\/shutterstock_2284223749.jpg","datePublished":"2026-04-30T08:19:58+00:00","dateModified":"2026-04-30T08:19:59+00:00","description":"Unilever a enregistr\u00e9 de solides r\u00e9sultats au premier trimestre, avec une croissance sous-jacente du chiffre d'affaires de 3,8 %.","breadcrumb":{"@id":"https:\/\/www.retaildetail.be\/fr\/news\/beaute-soins\/unilever-demarre-lannee-en-force-malgre-un-ralentissement-en-europe\/#breadcrumb"},"inLanguage":"fr-FR","potentialAction":[{"@type":"ReadAction","target":["https:\/\/www.retaildetail.be\/fr\/news\/beaute-soins\/unilever-demarre-lannee-en-force-malgre-un-ralentissement-en-europe\/"]}]},{"@type":"ImageObject","inLanguage":"fr-FR","@id":"https:\/\/www.retaildetail.be\/fr\/news\/beaute-soins\/unilever-demarre-lannee-en-force-malgre-un-ralentissement-en-europe\/#primaryimage","url":"https:\/\/www.retaildetail.be\/wp-content\/uploads\/2026\/04\/shutterstock_2284223749.jpg","contentUrl":"https:\/\/www.retaildetail.be\/wp-content\/uploads\/2026\/04\/shutterstock_2284223749.jpg","width":1000,"height":667,"caption":"\u00a9 Shutterstock.com"},{"@type":"BreadcrumbList","@id":"https:\/\/www.retaildetail.be\/fr\/news\/beaute-soins\/unilever-demarre-lannee-en-force-malgre-un-ralentissement-en-europe\/#breadcrumb","itemListElement":[{"@type":"ListItem","position":1,"name":"Home","item":"https:\/\/www.retaildetail.be\/fr\/"},{"@type":"ListItem","position":2,"name":"Unilever d\u00e9marre l&#8217;ann\u00e9e en force, malgr\u00e9 un ralentissement en Europe"}]},{"@type":"WebSite","@id":"https:\/\/www.retaildetail.be\/nl\/#website","url":"https:\/\/www.retaildetail.be\/nl\/","name":"RetailDetail BE","description":"News","publisher":{"@id":"https:\/\/www.retaildetail.be\/nl\/#organization"},"potentialAction":[{"@type":"SearchAction","target":{"@type":"EntryPoint","urlTemplate":"https:\/\/www.retaildetail.be\/nl\/?s={search_term_string}"},"query-input":{"@type":"PropertyValueSpecification","valueRequired":true,"valueName":"search_term_string"}}],"inLanguage":"fr-FR"},{"@type":"Organization","@id":"https:\/\/www.retaildetail.be\/nl\/#organization","name":"RetailDetail BE","url":"https:\/\/www.retaildetail.be\/nl\/","logo":{"@type":"ImageObject","inLanguage":"fr-FR","@id":"https:\/\/www.retaildetail.be\/nl\/#\/schema\/logo\/image\/","url":"https:\/\/www.retaildetail.be\/wp-content\/uploads\/2022\/04\/logo.svg","contentUrl":"https:\/\/www.retaildetail.be\/wp-content\/uploads\/2022\/04\/logo.svg","width":131,"height":70,"caption":"RetailDetail BE"},"image":{"@id":"https:\/\/www.retaildetail.be\/nl\/#\/schema\/logo\/image\/"}},{"@type":"Person","@id":"https:\/\/www.retaildetail.be\/nl\/#\/schema\/person\/66b54803fa10759039079458ea89e307","name":"Pauline Neerman","image":{"@type":"ImageObject","inLanguage":"fr-FR","@id":"https:\/\/secure.gravatar.com\/avatar\/58db22aee589a691f9603e5765ac06010427a923f9b2728b951eb7fe27214d70?s=96&d=mm&r=g","url":"https:\/\/secure.gravatar.com\/avatar\/58db22aee589a691f9603e5765ac06010427a923f9b2728b951eb7fe27214d70?s=96&d=mm&r=g","contentUrl":"https:\/\/secure.gravatar.com\/avatar\/58db22aee589a691f9603e5765ac06010427a923f9b2728b951eb7fe27214d70?s=96&d=mm&r=g","caption":"Pauline Neerman"},"url":"https:\/\/www.retaildetail.be\/fr\/author\/paulineneerman\/"}]}},"jetpack_featured_media_url":"https:\/\/www.retaildetail.be\/wp-content\/uploads\/2026\/04\/shutterstock_2284223749.jpg","jetpack_sharing_enabled":true,"_links":{"self":[{"href":"https:\/\/www.retaildetail.be\/fr\/wp-json\/wp\/v2\/posts\/147007","targetHints":{"allow":["GET"]}}],"collection":[{"href":"https:\/\/www.retaildetail.be\/fr\/wp-json\/wp\/v2\/posts"}],"about":[{"href":"https:\/\/www.retaildetail.be\/fr\/wp-json\/wp\/v2\/types\/post"}],"author":[{"embeddable":true,"href":"https:\/\/www.retaildetail.be\/fr\/wp-json\/wp\/v2\/users\/5"}],"replies":[{"embeddable":true,"href":"https:\/\/www.retaildetail.be\/fr\/wp-json\/wp\/v2\/comments?post=147007"}],"version-history":[{"count":1,"href":"https:\/\/www.retaildetail.be\/fr\/wp-json\/wp\/v2\/posts\/147007\/revisions"}],"predecessor-version":[{"id":147010,"href":"https:\/\/www.retaildetail.be\/fr\/wp-json\/wp\/v2\/posts\/147007\/revisions\/147010"}],"wp:featuredmedia":[{"embeddable":true,"href":"https:\/\/www.retaildetail.be\/fr\/wp-json\/wp\/v2\/media\/147008"}],"wp:attachment":[{"href":"https:\/\/www.retaildetail.be\/fr\/wp-json\/wp\/v2\/media?parent=147007"}],"wp:term":[{"taxonomy":"category","embeddable":true,"href":"https:\/\/www.retaildetail.be\/fr\/wp-json\/wp\/v2\/categories?post=147007"},{"taxonomy":"post_tag","embeddable":true,"href":"https:\/\/www.retaildetail.be\/fr\/wp-json\/wp\/v2\/tags?post=147007"},{"taxonomy":"people","embeddable":true,"href":"https:\/\/www.retaildetail.be\/fr\/wp-json\/wp\/v2\/people?post=147007"},{"taxonomy":"extra","embeddable":true,"href":"https:\/\/www.retaildetail.be\/fr\/wp-json\/wp\/v2\/extra?post=147007"},{"taxonomy":"company","embeddable":true,"href":"https:\/\/www.retaildetail.be\/fr\/wp-json\/wp\/v2\/company?post=147007"},{"taxonomy":"topic","embeddable":true,"href":"https:\/\/www.retaildetail.be\/fr\/wp-json\/wp\/v2\/topic?post=147007"},{"taxonomy":"region","embeddable":true,"href":"https:\/\/www.retaildetail.be\/fr\/wp-json\/wp\/v2\/region?post=147007"}],"curies":[{"name":"wp","href":"https:\/\/api.w.org\/{rel}","templated":true}]}}