{"id":147023,"date":"2026-04-30T10:57:11","date_gmt":"2026-04-30T08:57:11","guid":{"rendered":"https:\/\/www.retaildetail.be\/?p=147023"},"modified":"2026-04-30T10:57:12","modified_gmt":"2026-04-30T08:57:12","slug":"dreame-renforce-ses-ambitions-europeennes-avec-louverture-de-son-premier-magasin-au-benelux","status":"publish","type":"post","link":"https:\/\/www.retaildetail.be\/fr\/news\/electro\/dreame-renforce-ses-ambitions-europeennes-avec-louverture-de-son-premier-magasin-au-benelux\/","title":{"rendered":"Dreame renforce ses ambitions europ\u00e9ennes avec  son premier magasin au Benelux"},"content":{"rendered":"\n<p><strong>Dreame Technology<\/strong>, le fabricant chinois d&rsquo;appareils \u00e9lectrom\u00e9nagers intelligents en pleine expansion, poursuit son expansion europ\u00e9enne avec l&rsquo;ouverture, la semaine prochaine, de son premier magasin physique au Benelux. C&rsquo;est La Haye qui aura l&rsquo;honneur d&rsquo;accueillir ce premier magasin. <\/p>\n\n\n\n<h2 class=\"wp-block-heading\">Showroom interactif<\/h2>\n\n\n\n<p>\u00c0 partir du 9 mai, la marque accueillera les consommateurs dans son nouveau magasin Dreame situ\u00e9 au centre commercial Westfield Mall \u00e0 La Haye. Les consommateurs pourront non seulement y acheter des produits Dreame, mais aussi les essayer. Le magasin est con\u00e7u comme un v\u00e9ritable centre d&rsquo;exp\u00e9rience, \u00e0 la crois\u00e9e de la technologie et de la vie quotidienne. Les consommateurs peuvent compter sur des conseils personnalis\u00e9s, des d\u00e9monstrations en direct et des recommandations sur mesure adapt\u00e9es \u00e0 leurs besoins.<\/p>\n\n\n\n<p>\u00ab Notre premier magasin au Benelux est bien plus qu&rsquo;un simple point de vente \u00bb, d\u00e9clare Sean Chen, directeur g\u00e9n\u00e9ral de Dreame Western Europe. \u00ab Il s&rsquo;agit v\u00e9ritablement d&rsquo;un showroom interactif o\u00f9 les visiteurs peuvent tester l&rsquo;ensemble de la gamme, ce qui constitue une \u00e9tape importante dans notre strat\u00e9gie visant \u00e0 nous rapprocher du consommateur europ\u00e9en. Avec cette ouverture, nous souhaitons acc\u00e9l\u00e9rer encore notre croissance sur le march\u00e9. \u00bb<\/p>\n\n\n\n<p>Le moment choisi pour cette ouverture n\u2019est pas un hasard : Dreame conna\u00eet une croissance explosive en Europe et, outre son orientation vers le commerce \u00e9lectronique et la vente via des partenaires de distribution, \u00e9tend d\u00e9sormais \u00e9galement sa pr\u00e9sence physique sur les principaux march\u00e9s. <\/p>\n","protected":false},"excerpt":{"rendered":"<p>Dreame Technology, le fabricant chinois d&rsquo;appareils \u00e9lectrom\u00e9nagers intelligents en pleine expansion, poursuit son expansion europ\u00e9enne avec l&rsquo;ouverture, la semaine prochaine, de son premier magasin physique au Benelux. C&rsquo;est La Haye qui aura l&rsquo;honneur d&rsquo;accueillir ce premier magasin. <\/p>\n","protected":false},"author":3,"featured_media":147024,"comment_status":"closed","ping_status":"closed","sticky":false,"template":"","format":"standard","meta":{"_acf_changed":false,"inline_featured_image":false,"_jetpack_memberships_contains_paid_content":false,"footnotes":""},"categories":[23,17],"tags":[],"people":[],"extra":[],"company":[2027],"topic":[276],"region":[324],"class_list":["post-147023","post","type-post","status-publish","format-standard","has-post-thumbnail","hentry","category-electro","category-elektro","company-dreame-technology","topic-expansion","region-benelux"],"acf":[],"yoast_head":"<!-- This site is optimized with the Yoast SEO plugin v27.3 - https:\/\/yoast.com\/product\/yoast-seo-wordpress\/ -->\n<title>Dreame renforce ses ambitions europ\u00e9ennes avec son premier magasin au Benelux - RetailDetail BE<\/title>\n<meta name=\"description\" content=\"Dreame Technology, le fabricant chinois d&#039;appareils \u00e9lectrom\u00e9nagers intelligents en pleine expansion, poursuit son expansion europ\u00e9enne avec l&#039;ouverture, la semaine prochaine, de son premier magasin physique au Benelux.\" \/>\n<meta name=\"robots\" content=\"index, follow, max-snippet:-1, max-image-preview:large, max-video-preview:-1\" \/>\n<link rel=\"canonical\" href=\"https:\/\/www.retaildetail.be\/fr\/news\/electro\/dreame-renforce-ses-ambitions-europeennes-avec-louverture-de-son-premier-magasin-au-benelux\/\" \/>\n<meta property=\"og:locale\" content=\"fr_FR\" \/>\n<meta property=\"og:type\" content=\"article\" \/>\n<meta property=\"og:title\" content=\"Dreame renforce ses ambitions europ\u00e9ennes avec son premier magasin au Benelux - RetailDetail BE\" \/>\n<meta property=\"og:description\" content=\"Dreame Technology, le fabricant chinois d&#039;appareils \u00e9lectrom\u00e9nagers intelligents en pleine expansion, poursuit son expansion europ\u00e9enne avec l&#039;ouverture, la semaine prochaine, de son premier magasin physique au Benelux.\" \/>\n<meta property=\"og:url\" content=\"https:\/\/www.retaildetail.be\/fr\/news\/electro\/dreame-renforce-ses-ambitions-europeennes-avec-louverture-de-son-premier-magasin-au-benelux\/\" \/>\n<meta property=\"og:site_name\" content=\"RetailDetail BE\" \/>\n<meta property=\"article:published_time\" content=\"2026-04-30T08:57:11+00:00\" \/>\n<meta property=\"article:modified_time\" content=\"2026-04-30T08:57:12+00:00\" \/>\n<meta property=\"og:image\" content=\"https:\/\/www.retaildetail.be\/wp-content\/uploads\/2026\/04\/shutterstock_2669407081-1.jpg\" \/>\n\t<meta property=\"og:image:width\" content=\"1000\" \/>\n\t<meta property=\"og:image:height\" content=\"750\" \/>\n\t<meta property=\"og:image:type\" content=\"image\/jpeg\" \/>\n<meta name=\"author\" content=\"Stefan Van Rompaey\" \/>\n<meta name=\"twitter:card\" content=\"summary_large_image\" \/>\n<meta name=\"twitter:label1\" content=\"\u00c9crit par\" \/>\n\t<meta name=\"twitter:data1\" content=\"Stefan Van Rompaey\" \/>\n\t<meta name=\"twitter:label2\" content=\"Dur\u00e9e de lecture estim\u00e9e\" \/>\n\t<meta name=\"twitter:data2\" content=\"1 minute\" \/>\n<script type=\"application\/ld+json\" class=\"yoast-schema-graph\">{\"@context\":\"https:\\\/\\\/schema.org\",\"@graph\":[{\"@type\":\"NewsArticle\",\"@id\":\"https:\\\/\\\/www.retaildetail.be\\\/fr\\\/news\\\/electro\\\/dreame-renforce-ses-ambitions-europeennes-avec-louverture-de-son-premier-magasin-au-benelux\\\/#article\",\"isPartOf\":{\"@id\":\"https:\\\/\\\/www.retaildetail.be\\\/fr\\\/news\\\/electro\\\/dreame-renforce-ses-ambitions-europeennes-avec-louverture-de-son-premier-magasin-au-benelux\\\/\"},\"author\":{\"name\":\"Stefan Van Rompaey\",\"@id\":\"https:\\\/\\\/www.retaildetail.be\\\/nl\\\/#\\\/schema\\\/person\\\/51aec6069c4416aa2f68b2e4ff3455df\"},\"headline\":\"Dreame renforce ses ambitions europ\u00e9ennes avec son premier magasin au Benelux\",\"datePublished\":\"2026-04-30T08:57:11+00:00\",\"dateModified\":\"2026-04-30T08:57:12+00:00\",\"mainEntityOfPage\":{\"@id\":\"https:\\\/\\\/www.retaildetail.be\\\/fr\\\/news\\\/electro\\\/dreame-renforce-ses-ambitions-europeennes-avec-louverture-de-son-premier-magasin-au-benelux\\\/\"},\"wordCount\":264,\"publisher\":{\"@id\":\"https:\\\/\\\/www.retaildetail.be\\\/nl\\\/#organization\"},\"image\":{\"@id\":\"https:\\\/\\\/www.retaildetail.be\\\/fr\\\/news\\\/electro\\\/dreame-renforce-ses-ambitions-europeennes-avec-louverture-de-son-premier-magasin-au-benelux\\\/#primaryimage\"},\"thumbnailUrl\":\"https:\\\/\\\/www.retaildetail.be\\\/wp-content\\\/uploads\\\/2026\\\/04\\\/shutterstock_2669407081-1.jpg\",\"articleSection\":[\"Electro\",\"Elektro\"],\"inLanguage\":\"fr-FR\",\"copyrightYear\":\"2026\",\"copyrightHolder\":{\"@id\":\"https:\\\/\\\/www.retaildetail.be\\\/#organization\"}},{\"@type\":\"WebPage\",\"@id\":\"https:\\\/\\\/www.retaildetail.be\\\/fr\\\/news\\\/electro\\\/dreame-renforce-ses-ambitions-europeennes-avec-louverture-de-son-premier-magasin-au-benelux\\\/\",\"url\":\"https:\\\/\\\/www.retaildetail.be\\\/fr\\\/news\\\/electro\\\/dreame-renforce-ses-ambitions-europeennes-avec-louverture-de-son-premier-magasin-au-benelux\\\/\",\"name\":\"Dreame renforce ses ambitions europ\u00e9ennes avec son premier magasin au Benelux - RetailDetail BE\",\"isPartOf\":{\"@id\":\"https:\\\/\\\/www.retaildetail.be\\\/nl\\\/#website\"},\"primaryImageOfPage\":{\"@id\":\"https:\\\/\\\/www.retaildetail.be\\\/fr\\\/news\\\/electro\\\/dreame-renforce-ses-ambitions-europeennes-avec-louverture-de-son-premier-magasin-au-benelux\\\/#primaryimage\"},\"image\":{\"@id\":\"https:\\\/\\\/www.retaildetail.be\\\/fr\\\/news\\\/electro\\\/dreame-renforce-ses-ambitions-europeennes-avec-louverture-de-son-premier-magasin-au-benelux\\\/#primaryimage\"},\"thumbnailUrl\":\"https:\\\/\\\/www.retaildetail.be\\\/wp-content\\\/uploads\\\/2026\\\/04\\\/shutterstock_2669407081-1.jpg\",\"datePublished\":\"2026-04-30T08:57:11+00:00\",\"dateModified\":\"2026-04-30T08:57:12+00:00\",\"description\":\"Dreame Technology, le fabricant chinois d'appareils \u00e9lectrom\u00e9nagers intelligents en pleine expansion, poursuit son expansion europ\u00e9enne avec l'ouverture, la semaine prochaine, de son premier magasin physique au Benelux.\",\"breadcrumb\":{\"@id\":\"https:\\\/\\\/www.retaildetail.be\\\/fr\\\/news\\\/electro\\\/dreame-renforce-ses-ambitions-europeennes-avec-louverture-de-son-premier-magasin-au-benelux\\\/#breadcrumb\"},\"inLanguage\":\"fr-FR\",\"potentialAction\":[{\"@type\":\"ReadAction\",\"target\":[\"https:\\\/\\\/www.retaildetail.be\\\/fr\\\/news\\\/electro\\\/dreame-renforce-ses-ambitions-europeennes-avec-louverture-de-son-premier-magasin-au-benelux\\\/\"]}]},{\"@type\":\"ImageObject\",\"inLanguage\":\"fr-FR\",\"@id\":\"https:\\\/\\\/www.retaildetail.be\\\/fr\\\/news\\\/electro\\\/dreame-renforce-ses-ambitions-europeennes-avec-louverture-de-son-premier-magasin-au-benelux\\\/#primaryimage\",\"url\":\"https:\\\/\\\/www.retaildetail.be\\\/wp-content\\\/uploads\\\/2026\\\/04\\\/shutterstock_2669407081-1.jpg\",\"contentUrl\":\"https:\\\/\\\/www.retaildetail.be\\\/wp-content\\\/uploads\\\/2026\\\/04\\\/shutterstock_2669407081-1.jpg\",\"width\":1000,\"height\":750,\"caption\":\"Shutterstock.com\"},{\"@type\":\"BreadcrumbList\",\"@id\":\"https:\\\/\\\/www.retaildetail.be\\\/fr\\\/news\\\/electro\\\/dreame-renforce-ses-ambitions-europeennes-avec-louverture-de-son-premier-magasin-au-benelux\\\/#breadcrumb\",\"itemListElement\":[{\"@type\":\"ListItem\",\"position\":1,\"name\":\"Home\",\"item\":\"https:\\\/\\\/www.retaildetail.be\\\/fr\\\/\"},{\"@type\":\"ListItem\",\"position\":2,\"name\":\"Dreame renforce ses ambitions europ\u00e9ennes avec son premier magasin au Benelux\"}]},{\"@type\":\"WebSite\",\"@id\":\"https:\\\/\\\/www.retaildetail.be\\\/nl\\\/#website\",\"url\":\"https:\\\/\\\/www.retaildetail.be\\\/nl\\\/\",\"name\":\"RetailDetail BE\",\"description\":\"News\",\"publisher\":{\"@id\":\"https:\\\/\\\/www.retaildetail.be\\\/nl\\\/#organization\"},\"potentialAction\":[{\"@type\":\"SearchAction\",\"target\":{\"@type\":\"EntryPoint\",\"urlTemplate\":\"https:\\\/\\\/www.retaildetail.be\\\/nl\\\/?s={search_term_string}\"},\"query-input\":{\"@type\":\"PropertyValueSpecification\",\"valueRequired\":true,\"valueName\":\"search_term_string\"}}],\"inLanguage\":\"fr-FR\"},{\"@type\":\"Organization\",\"@id\":\"https:\\\/\\\/www.retaildetail.be\\\/nl\\\/#organization\",\"name\":\"RetailDetail BE\",\"url\":\"https:\\\/\\\/www.retaildetail.be\\\/nl\\\/\",\"logo\":{\"@type\":\"ImageObject\",\"inLanguage\":\"fr-FR\",\"@id\":\"https:\\\/\\\/www.retaildetail.be\\\/nl\\\/#\\\/schema\\\/logo\\\/image\\\/\",\"url\":\"https:\\\/\\\/www.retaildetail.be\\\/wp-content\\\/uploads\\\/2022\\\/04\\\/logo.svg\",\"contentUrl\":\"https:\\\/\\\/www.retaildetail.be\\\/wp-content\\\/uploads\\\/2022\\\/04\\\/logo.svg\",\"width\":131,\"height\":70,\"caption\":\"RetailDetail BE\"},\"image\":{\"@id\":\"https:\\\/\\\/www.retaildetail.be\\\/nl\\\/#\\\/schema\\\/logo\\\/image\\\/\"}},{\"@type\":\"Person\",\"@id\":\"https:\\\/\\\/www.retaildetail.be\\\/nl\\\/#\\\/schema\\\/person\\\/51aec6069c4416aa2f68b2e4ff3455df\",\"name\":\"Stefan Van Rompaey\",\"image\":{\"@type\":\"ImageObject\",\"inLanguage\":\"fr-FR\",\"@id\":\"https:\\\/\\\/secure.gravatar.com\\\/avatar\\\/fbbb4a80a0f109888b2a5ab8ae255617499ecde533749b3ab2fa6c23b5d65dac?s=96&d=mm&r=g\",\"url\":\"https:\\\/\\\/secure.gravatar.com\\\/avatar\\\/fbbb4a80a0f109888b2a5ab8ae255617499ecde533749b3ab2fa6c23b5d65dac?s=96&d=mm&r=g\",\"contentUrl\":\"https:\\\/\\\/secure.gravatar.com\\\/avatar\\\/fbbb4a80a0f109888b2a5ab8ae255617499ecde533749b3ab2fa6c23b5d65dac?s=96&d=mm&r=g\",\"caption\":\"Stefan Van Rompaey\"},\"url\":\"https:\\\/\\\/www.retaildetail.be\\\/fr\\\/author\\\/stefanvanrompaey\\\/\"}]}<\/script>\n<!-- \/ Yoast SEO plugin. -->","yoast_head_json":{"title":"Dreame renforce ses ambitions europ\u00e9ennes avec son premier magasin au Benelux - RetailDetail BE","description":"Dreame Technology, le fabricant chinois d'appareils \u00e9lectrom\u00e9nagers intelligents en pleine expansion, poursuit son expansion europ\u00e9enne avec l'ouverture, la semaine prochaine, de son premier magasin physique au Benelux.","robots":{"index":"index","follow":"follow","max-snippet":"max-snippet:-1","max-image-preview":"max-image-preview:large","max-video-preview":"max-video-preview:-1"},"canonical":"https:\/\/www.retaildetail.be\/fr\/news\/electro\/dreame-renforce-ses-ambitions-europeennes-avec-louverture-de-son-premier-magasin-au-benelux\/","og_locale":"fr_FR","og_type":"article","og_title":"Dreame renforce ses ambitions europ\u00e9ennes avec son premier magasin au Benelux - RetailDetail BE","og_description":"Dreame Technology, le fabricant chinois d'appareils \u00e9lectrom\u00e9nagers intelligents en pleine expansion, poursuit son expansion europ\u00e9enne avec l'ouverture, la semaine prochaine, de son premier magasin physique au Benelux.","og_url":"https:\/\/www.retaildetail.be\/fr\/news\/electro\/dreame-renforce-ses-ambitions-europeennes-avec-louverture-de-son-premier-magasin-au-benelux\/","og_site_name":"RetailDetail BE","article_published_time":"2026-04-30T08:57:11+00:00","article_modified_time":"2026-04-30T08:57:12+00:00","og_image":[{"width":1000,"height":750,"url":"https:\/\/www.retaildetail.be\/wp-content\/uploads\/2026\/04\/shutterstock_2669407081-1.jpg","type":"image\/jpeg"}],"author":"Stefan Van Rompaey","twitter_card":"summary_large_image","twitter_misc":{"\u00c9crit par":"Stefan Van Rompaey","Dur\u00e9e de lecture estim\u00e9e":"1 minute"},"schema":{"@context":"https:\/\/schema.org","@graph":[{"@type":"NewsArticle","@id":"https:\/\/www.retaildetail.be\/fr\/news\/electro\/dreame-renforce-ses-ambitions-europeennes-avec-louverture-de-son-premier-magasin-au-benelux\/#article","isPartOf":{"@id":"https:\/\/www.retaildetail.be\/fr\/news\/electro\/dreame-renforce-ses-ambitions-europeennes-avec-louverture-de-son-premier-magasin-au-benelux\/"},"author":{"name":"Stefan Van Rompaey","@id":"https:\/\/www.retaildetail.be\/nl\/#\/schema\/person\/51aec6069c4416aa2f68b2e4ff3455df"},"headline":"Dreame renforce ses ambitions europ\u00e9ennes avec son premier magasin au Benelux","datePublished":"2026-04-30T08:57:11+00:00","dateModified":"2026-04-30T08:57:12+00:00","mainEntityOfPage":{"@id":"https:\/\/www.retaildetail.be\/fr\/news\/electro\/dreame-renforce-ses-ambitions-europeennes-avec-louverture-de-son-premier-magasin-au-benelux\/"},"wordCount":264,"publisher":{"@id":"https:\/\/www.retaildetail.be\/nl\/#organization"},"image":{"@id":"https:\/\/www.retaildetail.be\/fr\/news\/electro\/dreame-renforce-ses-ambitions-europeennes-avec-louverture-de-son-premier-magasin-au-benelux\/#primaryimage"},"thumbnailUrl":"https:\/\/www.retaildetail.be\/wp-content\/uploads\/2026\/04\/shutterstock_2669407081-1.jpg","articleSection":["Electro","Elektro"],"inLanguage":"fr-FR","copyrightYear":"2026","copyrightHolder":{"@id":"https:\/\/www.retaildetail.be\/#organization"}},{"@type":"WebPage","@id":"https:\/\/www.retaildetail.be\/fr\/news\/electro\/dreame-renforce-ses-ambitions-europeennes-avec-louverture-de-son-premier-magasin-au-benelux\/","url":"https:\/\/www.retaildetail.be\/fr\/news\/electro\/dreame-renforce-ses-ambitions-europeennes-avec-louverture-de-son-premier-magasin-au-benelux\/","name":"Dreame renforce ses ambitions europ\u00e9ennes avec son premier magasin au Benelux - RetailDetail BE","isPartOf":{"@id":"https:\/\/www.retaildetail.be\/nl\/#website"},"primaryImageOfPage":{"@id":"https:\/\/www.retaildetail.be\/fr\/news\/electro\/dreame-renforce-ses-ambitions-europeennes-avec-louverture-de-son-premier-magasin-au-benelux\/#primaryimage"},"image":{"@id":"https:\/\/www.retaildetail.be\/fr\/news\/electro\/dreame-renforce-ses-ambitions-europeennes-avec-louverture-de-son-premier-magasin-au-benelux\/#primaryimage"},"thumbnailUrl":"https:\/\/www.retaildetail.be\/wp-content\/uploads\/2026\/04\/shutterstock_2669407081-1.jpg","datePublished":"2026-04-30T08:57:11+00:00","dateModified":"2026-04-30T08:57:12+00:00","description":"Dreame Technology, le fabricant chinois d'appareils \u00e9lectrom\u00e9nagers intelligents en pleine expansion, poursuit son expansion europ\u00e9enne avec l'ouverture, la semaine prochaine, de son premier magasin physique au Benelux.","breadcrumb":{"@id":"https:\/\/www.retaildetail.be\/fr\/news\/electro\/dreame-renforce-ses-ambitions-europeennes-avec-louverture-de-son-premier-magasin-au-benelux\/#breadcrumb"},"inLanguage":"fr-FR","potentialAction":[{"@type":"ReadAction","target":["https:\/\/www.retaildetail.be\/fr\/news\/electro\/dreame-renforce-ses-ambitions-europeennes-avec-louverture-de-son-premier-magasin-au-benelux\/"]}]},{"@type":"ImageObject","inLanguage":"fr-FR","@id":"https:\/\/www.retaildetail.be\/fr\/news\/electro\/dreame-renforce-ses-ambitions-europeennes-avec-louverture-de-son-premier-magasin-au-benelux\/#primaryimage","url":"https:\/\/www.retaildetail.be\/wp-content\/uploads\/2026\/04\/shutterstock_2669407081-1.jpg","contentUrl":"https:\/\/www.retaildetail.be\/wp-content\/uploads\/2026\/04\/shutterstock_2669407081-1.jpg","width":1000,"height":750,"caption":"Shutterstock.com"},{"@type":"BreadcrumbList","@id":"https:\/\/www.retaildetail.be\/fr\/news\/electro\/dreame-renforce-ses-ambitions-europeennes-avec-louverture-de-son-premier-magasin-au-benelux\/#breadcrumb","itemListElement":[{"@type":"ListItem","position":1,"name":"Home","item":"https:\/\/www.retaildetail.be\/fr\/"},{"@type":"ListItem","position":2,"name":"Dreame renforce ses ambitions europ\u00e9ennes avec son premier magasin au Benelux"}]},{"@type":"WebSite","@id":"https:\/\/www.retaildetail.be\/nl\/#website","url":"https:\/\/www.retaildetail.be\/nl\/","name":"RetailDetail BE","description":"News","publisher":{"@id":"https:\/\/www.retaildetail.be\/nl\/#organization"},"potentialAction":[{"@type":"SearchAction","target":{"@type":"EntryPoint","urlTemplate":"https:\/\/www.retaildetail.be\/nl\/?s={search_term_string}"},"query-input":{"@type":"PropertyValueSpecification","valueRequired":true,"valueName":"search_term_string"}}],"inLanguage":"fr-FR"},{"@type":"Organization","@id":"https:\/\/www.retaildetail.be\/nl\/#organization","name":"RetailDetail BE","url":"https:\/\/www.retaildetail.be\/nl\/","logo":{"@type":"ImageObject","inLanguage":"fr-FR","@id":"https:\/\/www.retaildetail.be\/nl\/#\/schema\/logo\/image\/","url":"https:\/\/www.retaildetail.be\/wp-content\/uploads\/2022\/04\/logo.svg","contentUrl":"https:\/\/www.retaildetail.be\/wp-content\/uploads\/2022\/04\/logo.svg","width":131,"height":70,"caption":"RetailDetail BE"},"image":{"@id":"https:\/\/www.retaildetail.be\/nl\/#\/schema\/logo\/image\/"}},{"@type":"Person","@id":"https:\/\/www.retaildetail.be\/nl\/#\/schema\/person\/51aec6069c4416aa2f68b2e4ff3455df","name":"Stefan Van Rompaey","image":{"@type":"ImageObject","inLanguage":"fr-FR","@id":"https:\/\/secure.gravatar.com\/avatar\/fbbb4a80a0f109888b2a5ab8ae255617499ecde533749b3ab2fa6c23b5d65dac?s=96&d=mm&r=g","url":"https:\/\/secure.gravatar.com\/avatar\/fbbb4a80a0f109888b2a5ab8ae255617499ecde533749b3ab2fa6c23b5d65dac?s=96&d=mm&r=g","contentUrl":"https:\/\/secure.gravatar.com\/avatar\/fbbb4a80a0f109888b2a5ab8ae255617499ecde533749b3ab2fa6c23b5d65dac?s=96&d=mm&r=g","caption":"Stefan Van Rompaey"},"url":"https:\/\/www.retaildetail.be\/fr\/author\/stefanvanrompaey\/"}]}},"jetpack_featured_media_url":"https:\/\/www.retaildetail.be\/wp-content\/uploads\/2026\/04\/shutterstock_2669407081-1.jpg","jetpack_sharing_enabled":true,"_links":{"self":[{"href":"https:\/\/www.retaildetail.be\/fr\/wp-json\/wp\/v2\/posts\/147023","targetHints":{"allow":["GET"]}}],"collection":[{"href":"https:\/\/www.retaildetail.be\/fr\/wp-json\/wp\/v2\/posts"}],"about":[{"href":"https:\/\/www.retaildetail.be\/fr\/wp-json\/wp\/v2\/types\/post"}],"author":[{"embeddable":true,"href":"https:\/\/www.retaildetail.be\/fr\/wp-json\/wp\/v2\/users\/3"}],"replies":[{"embeddable":true,"href":"https:\/\/www.retaildetail.be\/fr\/wp-json\/wp\/v2\/comments?post=147023"}],"version-history":[{"count":1,"href":"https:\/\/www.retaildetail.be\/fr\/wp-json\/wp\/v2\/posts\/147023\/revisions"}],"predecessor-version":[{"id":147025,"href":"https:\/\/www.retaildetail.be\/fr\/wp-json\/wp\/v2\/posts\/147023\/revisions\/147025"}],"wp:featuredmedia":[{"embeddable":true,"href":"https:\/\/www.retaildetail.be\/fr\/wp-json\/wp\/v2\/media\/147024"}],"wp:attachment":[{"href":"https:\/\/www.retaildetail.be\/fr\/wp-json\/wp\/v2\/media?parent=147023"}],"wp:term":[{"taxonomy":"category","embeddable":true,"href":"https:\/\/www.retaildetail.be\/fr\/wp-json\/wp\/v2\/categories?post=147023"},{"taxonomy":"post_tag","embeddable":true,"href":"https:\/\/www.retaildetail.be\/fr\/wp-json\/wp\/v2\/tags?post=147023"},{"taxonomy":"people","embeddable":true,"href":"https:\/\/www.retaildetail.be\/fr\/wp-json\/wp\/v2\/people?post=147023"},{"taxonomy":"extra","embeddable":true,"href":"https:\/\/www.retaildetail.be\/fr\/wp-json\/wp\/v2\/extra?post=147023"},{"taxonomy":"company","embeddable":true,"href":"https:\/\/www.retaildetail.be\/fr\/wp-json\/wp\/v2\/company?post=147023"},{"taxonomy":"topic","embeddable":true,"href":"https:\/\/www.retaildetail.be\/fr\/wp-json\/wp\/v2\/topic?post=147023"},{"taxonomy":"region","embeddable":true,"href":"https:\/\/www.retaildetail.be\/fr\/wp-json\/wp\/v2\/region?post=147023"}],"curies":[{"name":"wp","href":"https:\/\/api.w.org\/{rel}","templated":true}]}}