{"id":147041,"date":"2026-04-30T12:59:31","date_gmt":"2026-04-30T10:59:31","guid":{"rendered":"https:\/\/www.retaildetail.be\/?p=147041"},"modified":"2026-04-30T12:59:32","modified_gmt":"2026-04-30T10:59:32","slug":"plus-rapide-plus-intelligent-et-plus-durable-louvain-recupere-instantanement-les-surplus-alimentaires","status":"publish","type":"post","link":"https:\/\/www.retaildetail.be\/fr\/news\/food\/plus-rapide-plus-intelligent-et-plus-durable-louvain-recupere-instantanement-les-surplus-alimentaires\/","title":{"rendered":"\u00ab Plus rapide, plus intelligent et plus durable \u00bb : Louvain r\u00e9cup\u00e8re \u00ab instantan\u00e9ment \u00bb les surplus alimentaires"},"content":{"rendered":"\n<p>Existe-t-il une solution plus rapide, plus flexible et plus durable pour sauver les surplus alimentaires de la poubelle et les acheminer vers des organisations sociales ? \u00c0 Louvain, un projet pilote a test\u00e9 cette approche : des v\u00e9los cargo ont transport\u00e9 les surplus alimentaires des commer\u00e7ants et des \u00e9tablissements horeca vers des organisations sociales locales.<\/p>\n\n\n\n<h2 class=\"wp-block-heading\">Frais et de derni\u00e8re minute<\/h2>\n\n\n\n<p>Le projet europ\u00e9en GREEN-LOG, qui s&rsquo;est d\u00e9roul\u00e9 de novembre 2025 \u00e0 mars 2026, a utilis\u00e9 des v\u00e9los cargo pour collecter les surplus alimentaires chez les commer\u00e7ants locaux et les livrer \u00e0 des organisations sociales. L&rsquo;objectif : d\u00e9velopper un syst\u00e8me logistique flexible capable de r\u00e9pondre \u00e0 des demandes de transport impr\u00e9visibles et de derni\u00e8re minute, tout en luttant contre le gaspillage alimentaire.<\/p>\n\n\n\n<p>En effet, les surplus alimentaires sont souvent impr\u00e9visibles, doivent \u00eatre r\u00e9cup\u00e9r\u00e9s rapidement et ne sont g\u00e9n\u00e9ralement disponibles qu\u2019apr\u00e8s la fermeture des magasins. Pour les organisations aux moyens limit\u00e9s, cela repr\u00e9sente un d\u00e9fi op\u00e9rationnel. GREEN-LOG a tent\u00e9 d\u2019\u00e9liminer ces frictions via une plateforme num\u00e9rique qui mettait en relation l\u2019offre et la demande en temps r\u00e9el et regroupait les trajets de collecte.<\/p>\n\n\n\n<p>Au cours de la p\u00e9riode d&rsquo;essai, dix commer\u00e7ants se sont engag\u00e9s \u00e0 faire don de leurs surplus. Au total, les coursiers \u00e0 v\u00e9lo cargo ont effectu\u00e9 66 collectes, soit 354 bacs de nourriture et une \u00e9conomie de pr\u00e8s de 1,1 tonne de dioxyde de carbone. Cette r\u00e9duction des \u00e9missions r\u00e9sulte de la pr\u00e9vention du gaspillage alimentaire et du remplacement de 189 kilom\u00e8tres de trajets en diesel. Onze organisations ont re\u00e7u des surplus alimentaires, allant des fruits et l\u00e9gumes \u00e0 des produits plus co\u00fbteux tels que la viande et le poisson.<\/p>\n\n\n\n<h2 class=\"wp-block-heading\">L&rsquo;\u00e9chelle s&rsquo;av\u00e8re cruciale<\/h2>\n\n\n\n<p>Malgr\u00e9 les gains \u00e9cologiques et la valeur ajout\u00e9e sociale, le projet pilote a toutefois mis en \u00e9vidence certaines limites structurelles. Les initiatives existantes telles que Too Good To Go r\u00e9duisent le volume disponible de surplus. De plus, les volumes fluctuent fortement, ce qui complique le regroupement logistique efficace. Par ailleurs, la courte dur\u00e9e du projet a constitu\u00e9 un obstacle. <\/p>\n\n\n\n<p>L&rsquo;\u00e9chelle s&rsquo;est donc av\u00e9r\u00e9e essentielle. Les partenaires concern\u00e9s \u00e9tudient donc actuellement un projet de suivi. Un mod\u00e8le de coop\u00e9ration \u00e0 long terme, sur un horizon de trois ans, doit permettre une augmentation d&rsquo;\u00e9chelle, des volumes plus stables et une viabilit\u00e9 financi\u00e8re, y compris la r\u00e9mun\u00e9ration des livreurs.<\/p>\n","protected":false},"excerpt":{"rendered":"<p>Existe-t-il une solution plus rapide, plus flexible et plus durable pour sauver les surplus alimentaires de la d\u00e9charge et les acheminer vers des organisations sociales ? Un projet pilote a \u00e9t\u00e9 men\u00e9 \u00e0 Louvain pour le v\u00e9rifier.<\/p>\n","protected":false},"author":5,"featured_media":147042,"comment_status":"closed","ping_status":"closed","sticky":false,"template":"","format":"standard","meta":{"_acf_changed":false,"inline_featured_image":false,"_jetpack_memberships_contains_paid_content":false,"footnotes":""},"categories":[18,24],"tags":[816,817],"people":[],"extra":[],"company":[],"topic":[373,409],"region":[570],"class_list":{"0":"post-147041","1":"post","2":"type-post","3":"status-publish","4":"format-standard","5":"has-post-thumbnail","6":"hentry","7":"category-food","9":"tag-afval","10":"tag-voedselverspilling","11":"topic-durabilite","12":"topic-logistique","13":"region-brabant-flamand"},"acf":[],"yoast_head":"<!-- This site is optimized with the Yoast SEO plugin v27.3 - https:\/\/yoast.com\/product\/yoast-seo-wordpress\/ -->\n<title>\u00ab Plus rapide, plus intelligent et plus durable \u00bb : Louvain r\u00e9cup\u00e8re \u00ab instantan\u00e9ment \u00bb les surplus alimentaires - RetailDetail BE<\/title>\n<meta name=\"description\" content=\"\u00c0 Louvain, des v\u00e9los cargo ont transport\u00e9 les surplus alimentaires des commer\u00e7ants et des \u00e9tablissements horeca vers des organisations sociales locales.\" \/>\n<meta name=\"robots\" content=\"index, follow, max-snippet:-1, max-image-preview:large, max-video-preview:-1\" \/>\n<link rel=\"canonical\" href=\"https:\/\/www.retaildetail.be\/fr\/news\/food\/plus-rapide-plus-intelligent-et-plus-durable-louvain-recupere-instantanement-les-surplus-alimentaires\/\" \/>\n<meta property=\"og:locale\" content=\"fr_FR\" \/>\n<meta property=\"og:type\" content=\"article\" \/>\n<meta property=\"og:title\" content=\"\u00ab Plus rapide, plus intelligent et plus durable \u00bb : Louvain r\u00e9cup\u00e8re \u00ab instantan\u00e9ment \u00bb les surplus alimentaires - RetailDetail BE\" \/>\n<meta property=\"og:description\" content=\"\u00c0 Louvain, des v\u00e9los cargo ont transport\u00e9 les surplus alimentaires des commer\u00e7ants et des \u00e9tablissements horeca vers des organisations sociales locales.\" \/>\n<meta property=\"og:url\" content=\"https:\/\/www.retaildetail.be\/fr\/news\/food\/plus-rapide-plus-intelligent-et-plus-durable-louvain-recupere-instantanement-les-surplus-alimentaires\/\" \/>\n<meta property=\"og:site_name\" content=\"RetailDetail BE\" \/>\n<meta property=\"article:published_time\" content=\"2026-04-30T10:59:31+00:00\" \/>\n<meta property=\"article:modified_time\" content=\"2026-04-30T10:59:32+00:00\" \/>\n<meta property=\"og:image\" content=\"https:\/\/www.retaildetail.be\/wp-content\/uploads\/2026\/04\/urbike-haalt-op-bij-markt-\u00a9-Stad-Leuven-1.jpg\" \/>\n\t<meta property=\"og:image:width\" content=\"800\" \/>\n\t<meta property=\"og:image:height\" content=\"600\" \/>\n\t<meta property=\"og:image:type\" content=\"image\/jpeg\" \/>\n<meta name=\"author\" content=\"Pauline Neerman\" \/>\n<meta name=\"twitter:card\" content=\"summary_large_image\" \/>\n<meta name=\"twitter:label1\" content=\"\u00c9crit par\" \/>\n\t<meta name=\"twitter:data1\" content=\"Pauline Neerman\" \/>\n\t<meta name=\"twitter:label2\" content=\"Dur\u00e9e de lecture estim\u00e9e\" \/>\n\t<meta name=\"twitter:data2\" content=\"2 minutes\" \/>\n<script type=\"application\/ld+json\" class=\"yoast-schema-graph\">{\"@context\":\"https:\\\/\\\/schema.org\",\"@graph\":[{\"@type\":\"NewsArticle\",\"@id\":\"https:\\\/\\\/www.retaildetail.be\\\/fr\\\/news\\\/food\\\/plus-rapide-plus-intelligent-et-plus-durable-louvain-recupere-instantanement-les-surplus-alimentaires\\\/#article\",\"isPartOf\":{\"@id\":\"https:\\\/\\\/www.retaildetail.be\\\/fr\\\/news\\\/food\\\/plus-rapide-plus-intelligent-et-plus-durable-louvain-recupere-instantanement-les-surplus-alimentaires\\\/\"},\"author\":{\"name\":\"Pauline Neerman\",\"@id\":\"https:\\\/\\\/www.retaildetail.be\\\/nl\\\/#\\\/schema\\\/person\\\/66b54803fa10759039079458ea89e307\"},\"headline\":\"\u00ab Plus rapide, plus intelligent et plus durable \u00bb : Louvain r\u00e9cup\u00e8re \u00ab instantan\u00e9ment \u00bb les surplus alimentaires\",\"datePublished\":\"2026-04-30T10:59:31+00:00\",\"dateModified\":\"2026-04-30T10:59:32+00:00\",\"mainEntityOfPage\":{\"@id\":\"https:\\\/\\\/www.retaildetail.be\\\/fr\\\/news\\\/food\\\/plus-rapide-plus-intelligent-et-plus-durable-louvain-recupere-instantanement-les-surplus-alimentaires\\\/\"},\"wordCount\":439,\"publisher\":{\"@id\":\"https:\\\/\\\/www.retaildetail.be\\\/nl\\\/#organization\"},\"image\":{\"@id\":\"https:\\\/\\\/www.retaildetail.be\\\/fr\\\/news\\\/food\\\/plus-rapide-plus-intelligent-et-plus-durable-louvain-recupere-instantanement-les-surplus-alimentaires\\\/#primaryimage\"},\"thumbnailUrl\":\"https:\\\/\\\/www.retaildetail.be\\\/wp-content\\\/uploads\\\/2026\\\/04\\\/urbike-haalt-op-bij-markt-\u00a9-Stad-Leuven-1.jpg\",\"keywords\":[\"Afval\",\"Voedselverspilling\"],\"articleSection\":[\"Food\",\"Food\"],\"inLanguage\":\"fr-FR\",\"copyrightYear\":\"2026\",\"copyrightHolder\":{\"@id\":\"https:\\\/\\\/www.retaildetail.be\\\/#organization\"}},{\"@type\":\"WebPage\",\"@id\":\"https:\\\/\\\/www.retaildetail.be\\\/fr\\\/news\\\/food\\\/plus-rapide-plus-intelligent-et-plus-durable-louvain-recupere-instantanement-les-surplus-alimentaires\\\/\",\"url\":\"https:\\\/\\\/www.retaildetail.be\\\/fr\\\/news\\\/food\\\/plus-rapide-plus-intelligent-et-plus-durable-louvain-recupere-instantanement-les-surplus-alimentaires\\\/\",\"name\":\"\u00ab Plus rapide, plus intelligent et plus durable \u00bb : Louvain r\u00e9cup\u00e8re \u00ab instantan\u00e9ment \u00bb les surplus alimentaires - RetailDetail BE\",\"isPartOf\":{\"@id\":\"https:\\\/\\\/www.retaildetail.be\\\/nl\\\/#website\"},\"primaryImageOfPage\":{\"@id\":\"https:\\\/\\\/www.retaildetail.be\\\/fr\\\/news\\\/food\\\/plus-rapide-plus-intelligent-et-plus-durable-louvain-recupere-instantanement-les-surplus-alimentaires\\\/#primaryimage\"},\"image\":{\"@id\":\"https:\\\/\\\/www.retaildetail.be\\\/fr\\\/news\\\/food\\\/plus-rapide-plus-intelligent-et-plus-durable-louvain-recupere-instantanement-les-surplus-alimentaires\\\/#primaryimage\"},\"thumbnailUrl\":\"https:\\\/\\\/www.retaildetail.be\\\/wp-content\\\/uploads\\\/2026\\\/04\\\/urbike-haalt-op-bij-markt-\u00a9-Stad-Leuven-1.jpg\",\"datePublished\":\"2026-04-30T10:59:31+00:00\",\"dateModified\":\"2026-04-30T10:59:32+00:00\",\"description\":\"\u00c0 Louvain, des v\u00e9los cargo ont transport\u00e9 les surplus alimentaires des commer\u00e7ants et des \u00e9tablissements horeca vers des organisations sociales locales.\",\"breadcrumb\":{\"@id\":\"https:\\\/\\\/www.retaildetail.be\\\/fr\\\/news\\\/food\\\/plus-rapide-plus-intelligent-et-plus-durable-louvain-recupere-instantanement-les-surplus-alimentaires\\\/#breadcrumb\"},\"inLanguage\":\"fr-FR\",\"potentialAction\":[{\"@type\":\"ReadAction\",\"target\":[\"https:\\\/\\\/www.retaildetail.be\\\/fr\\\/news\\\/food\\\/plus-rapide-plus-intelligent-et-plus-durable-louvain-recupere-instantanement-les-surplus-alimentaires\\\/\"]}]},{\"@type\":\"ImageObject\",\"inLanguage\":\"fr-FR\",\"@id\":\"https:\\\/\\\/www.retaildetail.be\\\/fr\\\/news\\\/food\\\/plus-rapide-plus-intelligent-et-plus-durable-louvain-recupere-instantanement-les-surplus-alimentaires\\\/#primaryimage\",\"url\":\"https:\\\/\\\/www.retaildetail.be\\\/wp-content\\\/uploads\\\/2026\\\/04\\\/urbike-haalt-op-bij-markt-\u00a9-Stad-Leuven-1.jpg\",\"contentUrl\":\"https:\\\/\\\/www.retaildetail.be\\\/wp-content\\\/uploads\\\/2026\\\/04\\\/urbike-haalt-op-bij-markt-\u00a9-Stad-Leuven-1.jpg\",\"width\":800,\"height\":600,\"caption\":\"\u00a9 Stad Leuven\"},{\"@type\":\"BreadcrumbList\",\"@id\":\"https:\\\/\\\/www.retaildetail.be\\\/fr\\\/news\\\/food\\\/plus-rapide-plus-intelligent-et-plus-durable-louvain-recupere-instantanement-les-surplus-alimentaires\\\/#breadcrumb\",\"itemListElement\":[{\"@type\":\"ListItem\",\"position\":1,\"name\":\"Home\",\"item\":\"https:\\\/\\\/www.retaildetail.be\\\/fr\\\/\"},{\"@type\":\"ListItem\",\"position\":2,\"name\":\"\u00ab Plus rapide, plus intelligent et plus durable \u00bb : Louvain r\u00e9cup\u00e8re \u00ab instantan\u00e9ment \u00bb les surplus alimentaires\"}]},{\"@type\":\"WebSite\",\"@id\":\"https:\\\/\\\/www.retaildetail.be\\\/nl\\\/#website\",\"url\":\"https:\\\/\\\/www.retaildetail.be\\\/nl\\\/\",\"name\":\"RetailDetail BE\",\"description\":\"News\",\"publisher\":{\"@id\":\"https:\\\/\\\/www.retaildetail.be\\\/nl\\\/#organization\"},\"potentialAction\":[{\"@type\":\"SearchAction\",\"target\":{\"@type\":\"EntryPoint\",\"urlTemplate\":\"https:\\\/\\\/www.retaildetail.be\\\/nl\\\/?s={search_term_string}\"},\"query-input\":{\"@type\":\"PropertyValueSpecification\",\"valueRequired\":true,\"valueName\":\"search_term_string\"}}],\"inLanguage\":\"fr-FR\"},{\"@type\":\"Organization\",\"@id\":\"https:\\\/\\\/www.retaildetail.be\\\/nl\\\/#organization\",\"name\":\"RetailDetail BE\",\"url\":\"https:\\\/\\\/www.retaildetail.be\\\/nl\\\/\",\"logo\":{\"@type\":\"ImageObject\",\"inLanguage\":\"fr-FR\",\"@id\":\"https:\\\/\\\/www.retaildetail.be\\\/nl\\\/#\\\/schema\\\/logo\\\/image\\\/\",\"url\":\"https:\\\/\\\/www.retaildetail.be\\\/wp-content\\\/uploads\\\/2022\\\/04\\\/logo.svg\",\"contentUrl\":\"https:\\\/\\\/www.retaildetail.be\\\/wp-content\\\/uploads\\\/2022\\\/04\\\/logo.svg\",\"width\":131,\"height\":70,\"caption\":\"RetailDetail BE\"},\"image\":{\"@id\":\"https:\\\/\\\/www.retaildetail.be\\\/nl\\\/#\\\/schema\\\/logo\\\/image\\\/\"}},{\"@type\":\"Person\",\"@id\":\"https:\\\/\\\/www.retaildetail.be\\\/nl\\\/#\\\/schema\\\/person\\\/66b54803fa10759039079458ea89e307\",\"name\":\"Pauline Neerman\",\"image\":{\"@type\":\"ImageObject\",\"inLanguage\":\"fr-FR\",\"@id\":\"https:\\\/\\\/secure.gravatar.com\\\/avatar\\\/58db22aee589a691f9603e5765ac06010427a923f9b2728b951eb7fe27214d70?s=96&d=mm&r=g\",\"url\":\"https:\\\/\\\/secure.gravatar.com\\\/avatar\\\/58db22aee589a691f9603e5765ac06010427a923f9b2728b951eb7fe27214d70?s=96&d=mm&r=g\",\"contentUrl\":\"https:\\\/\\\/secure.gravatar.com\\\/avatar\\\/58db22aee589a691f9603e5765ac06010427a923f9b2728b951eb7fe27214d70?s=96&d=mm&r=g\",\"caption\":\"Pauline Neerman\"},\"url\":\"https:\\\/\\\/www.retaildetail.be\\\/fr\\\/author\\\/paulineneerman\\\/\"}]}<\/script>\n<!-- \/ Yoast SEO plugin. -->","yoast_head_json":{"title":"\u00ab Plus rapide, plus intelligent et plus durable \u00bb : Louvain r\u00e9cup\u00e8re \u00ab instantan\u00e9ment \u00bb les surplus alimentaires - RetailDetail BE","description":"\u00c0 Louvain, des v\u00e9los cargo ont transport\u00e9 les surplus alimentaires des commer\u00e7ants et des \u00e9tablissements horeca vers des organisations sociales locales.","robots":{"index":"index","follow":"follow","max-snippet":"max-snippet:-1","max-image-preview":"max-image-preview:large","max-video-preview":"max-video-preview:-1"},"canonical":"https:\/\/www.retaildetail.be\/fr\/news\/food\/plus-rapide-plus-intelligent-et-plus-durable-louvain-recupere-instantanement-les-surplus-alimentaires\/","og_locale":"fr_FR","og_type":"article","og_title":"\u00ab Plus rapide, plus intelligent et plus durable \u00bb : Louvain r\u00e9cup\u00e8re \u00ab instantan\u00e9ment \u00bb les surplus alimentaires - RetailDetail BE","og_description":"\u00c0 Louvain, des v\u00e9los cargo ont transport\u00e9 les surplus alimentaires des commer\u00e7ants et des \u00e9tablissements horeca vers des organisations sociales locales.","og_url":"https:\/\/www.retaildetail.be\/fr\/news\/food\/plus-rapide-plus-intelligent-et-plus-durable-louvain-recupere-instantanement-les-surplus-alimentaires\/","og_site_name":"RetailDetail BE","article_published_time":"2026-04-30T10:59:31+00:00","article_modified_time":"2026-04-30T10:59:32+00:00","og_image":[{"width":800,"height":600,"url":"https:\/\/www.retaildetail.be\/wp-content\/uploads\/2026\/04\/urbike-haalt-op-bij-markt-\u00a9-Stad-Leuven-1.jpg","type":"image\/jpeg"}],"author":"Pauline Neerman","twitter_card":"summary_large_image","twitter_misc":{"\u00c9crit par":"Pauline Neerman","Dur\u00e9e de lecture estim\u00e9e":"2 minutes"},"schema":{"@context":"https:\/\/schema.org","@graph":[{"@type":"NewsArticle","@id":"https:\/\/www.retaildetail.be\/fr\/news\/food\/plus-rapide-plus-intelligent-et-plus-durable-louvain-recupere-instantanement-les-surplus-alimentaires\/#article","isPartOf":{"@id":"https:\/\/www.retaildetail.be\/fr\/news\/food\/plus-rapide-plus-intelligent-et-plus-durable-louvain-recupere-instantanement-les-surplus-alimentaires\/"},"author":{"name":"Pauline Neerman","@id":"https:\/\/www.retaildetail.be\/nl\/#\/schema\/person\/66b54803fa10759039079458ea89e307"},"headline":"\u00ab Plus rapide, plus intelligent et plus durable \u00bb : Louvain r\u00e9cup\u00e8re \u00ab instantan\u00e9ment \u00bb les surplus alimentaires","datePublished":"2026-04-30T10:59:31+00:00","dateModified":"2026-04-30T10:59:32+00:00","mainEntityOfPage":{"@id":"https:\/\/www.retaildetail.be\/fr\/news\/food\/plus-rapide-plus-intelligent-et-plus-durable-louvain-recupere-instantanement-les-surplus-alimentaires\/"},"wordCount":439,"publisher":{"@id":"https:\/\/www.retaildetail.be\/nl\/#organization"},"image":{"@id":"https:\/\/www.retaildetail.be\/fr\/news\/food\/plus-rapide-plus-intelligent-et-plus-durable-louvain-recupere-instantanement-les-surplus-alimentaires\/#primaryimage"},"thumbnailUrl":"https:\/\/www.retaildetail.be\/wp-content\/uploads\/2026\/04\/urbike-haalt-op-bij-markt-\u00a9-Stad-Leuven-1.jpg","keywords":["Afval","Voedselverspilling"],"articleSection":["Food","Food"],"inLanguage":"fr-FR","copyrightYear":"2026","copyrightHolder":{"@id":"https:\/\/www.retaildetail.be\/#organization"}},{"@type":"WebPage","@id":"https:\/\/www.retaildetail.be\/fr\/news\/food\/plus-rapide-plus-intelligent-et-plus-durable-louvain-recupere-instantanement-les-surplus-alimentaires\/","url":"https:\/\/www.retaildetail.be\/fr\/news\/food\/plus-rapide-plus-intelligent-et-plus-durable-louvain-recupere-instantanement-les-surplus-alimentaires\/","name":"\u00ab Plus rapide, plus intelligent et plus durable \u00bb : Louvain r\u00e9cup\u00e8re \u00ab instantan\u00e9ment \u00bb les surplus alimentaires - RetailDetail BE","isPartOf":{"@id":"https:\/\/www.retaildetail.be\/nl\/#website"},"primaryImageOfPage":{"@id":"https:\/\/www.retaildetail.be\/fr\/news\/food\/plus-rapide-plus-intelligent-et-plus-durable-louvain-recupere-instantanement-les-surplus-alimentaires\/#primaryimage"},"image":{"@id":"https:\/\/www.retaildetail.be\/fr\/news\/food\/plus-rapide-plus-intelligent-et-plus-durable-louvain-recupere-instantanement-les-surplus-alimentaires\/#primaryimage"},"thumbnailUrl":"https:\/\/www.retaildetail.be\/wp-content\/uploads\/2026\/04\/urbike-haalt-op-bij-markt-\u00a9-Stad-Leuven-1.jpg","datePublished":"2026-04-30T10:59:31+00:00","dateModified":"2026-04-30T10:59:32+00:00","description":"\u00c0 Louvain, des v\u00e9los cargo ont transport\u00e9 les surplus alimentaires des commer\u00e7ants et des \u00e9tablissements horeca vers des organisations sociales locales.","breadcrumb":{"@id":"https:\/\/www.retaildetail.be\/fr\/news\/food\/plus-rapide-plus-intelligent-et-plus-durable-louvain-recupere-instantanement-les-surplus-alimentaires\/#breadcrumb"},"inLanguage":"fr-FR","potentialAction":[{"@type":"ReadAction","target":["https:\/\/www.retaildetail.be\/fr\/news\/food\/plus-rapide-plus-intelligent-et-plus-durable-louvain-recupere-instantanement-les-surplus-alimentaires\/"]}]},{"@type":"ImageObject","inLanguage":"fr-FR","@id":"https:\/\/www.retaildetail.be\/fr\/news\/food\/plus-rapide-plus-intelligent-et-plus-durable-louvain-recupere-instantanement-les-surplus-alimentaires\/#primaryimage","url":"https:\/\/www.retaildetail.be\/wp-content\/uploads\/2026\/04\/urbike-haalt-op-bij-markt-\u00a9-Stad-Leuven-1.jpg","contentUrl":"https:\/\/www.retaildetail.be\/wp-content\/uploads\/2026\/04\/urbike-haalt-op-bij-markt-\u00a9-Stad-Leuven-1.jpg","width":800,"height":600,"caption":"\u00a9 Stad Leuven"},{"@type":"BreadcrumbList","@id":"https:\/\/www.retaildetail.be\/fr\/news\/food\/plus-rapide-plus-intelligent-et-plus-durable-louvain-recupere-instantanement-les-surplus-alimentaires\/#breadcrumb","itemListElement":[{"@type":"ListItem","position":1,"name":"Home","item":"https:\/\/www.retaildetail.be\/fr\/"},{"@type":"ListItem","position":2,"name":"\u00ab Plus rapide, plus intelligent et plus durable \u00bb : Louvain r\u00e9cup\u00e8re \u00ab instantan\u00e9ment \u00bb les surplus alimentaires"}]},{"@type":"WebSite","@id":"https:\/\/www.retaildetail.be\/nl\/#website","url":"https:\/\/www.retaildetail.be\/nl\/","name":"RetailDetail BE","description":"News","publisher":{"@id":"https:\/\/www.retaildetail.be\/nl\/#organization"},"potentialAction":[{"@type":"SearchAction","target":{"@type":"EntryPoint","urlTemplate":"https:\/\/www.retaildetail.be\/nl\/?s={search_term_string}"},"query-input":{"@type":"PropertyValueSpecification","valueRequired":true,"valueName":"search_term_string"}}],"inLanguage":"fr-FR"},{"@type":"Organization","@id":"https:\/\/www.retaildetail.be\/nl\/#organization","name":"RetailDetail BE","url":"https:\/\/www.retaildetail.be\/nl\/","logo":{"@type":"ImageObject","inLanguage":"fr-FR","@id":"https:\/\/www.retaildetail.be\/nl\/#\/schema\/logo\/image\/","url":"https:\/\/www.retaildetail.be\/wp-content\/uploads\/2022\/04\/logo.svg","contentUrl":"https:\/\/www.retaildetail.be\/wp-content\/uploads\/2022\/04\/logo.svg","width":131,"height":70,"caption":"RetailDetail BE"},"image":{"@id":"https:\/\/www.retaildetail.be\/nl\/#\/schema\/logo\/image\/"}},{"@type":"Person","@id":"https:\/\/www.retaildetail.be\/nl\/#\/schema\/person\/66b54803fa10759039079458ea89e307","name":"Pauline Neerman","image":{"@type":"ImageObject","inLanguage":"fr-FR","@id":"https:\/\/secure.gravatar.com\/avatar\/58db22aee589a691f9603e5765ac06010427a923f9b2728b951eb7fe27214d70?s=96&d=mm&r=g","url":"https:\/\/secure.gravatar.com\/avatar\/58db22aee589a691f9603e5765ac06010427a923f9b2728b951eb7fe27214d70?s=96&d=mm&r=g","contentUrl":"https:\/\/secure.gravatar.com\/avatar\/58db22aee589a691f9603e5765ac06010427a923f9b2728b951eb7fe27214d70?s=96&d=mm&r=g","caption":"Pauline Neerman"},"url":"https:\/\/www.retaildetail.be\/fr\/author\/paulineneerman\/"}]}},"jetpack_featured_media_url":"https:\/\/www.retaildetail.be\/wp-content\/uploads\/2026\/04\/urbike-haalt-op-bij-markt-\u00a9-Stad-Leuven-1.jpg","jetpack_sharing_enabled":true,"_links":{"self":[{"href":"https:\/\/www.retaildetail.be\/fr\/wp-json\/wp\/v2\/posts\/147041","targetHints":{"allow":["GET"]}}],"collection":[{"href":"https:\/\/www.retaildetail.be\/fr\/wp-json\/wp\/v2\/posts"}],"about":[{"href":"https:\/\/www.retaildetail.be\/fr\/wp-json\/wp\/v2\/types\/post"}],"author":[{"embeddable":true,"href":"https:\/\/www.retaildetail.be\/fr\/wp-json\/wp\/v2\/users\/5"}],"replies":[{"embeddable":true,"href":"https:\/\/www.retaildetail.be\/fr\/wp-json\/wp\/v2\/comments?post=147041"}],"version-history":[{"count":1,"href":"https:\/\/www.retaildetail.be\/fr\/wp-json\/wp\/v2\/posts\/147041\/revisions"}],"predecessor-version":[{"id":147043,"href":"https:\/\/www.retaildetail.be\/fr\/wp-json\/wp\/v2\/posts\/147041\/revisions\/147043"}],"wp:featuredmedia":[{"embeddable":true,"href":"https:\/\/www.retaildetail.be\/fr\/wp-json\/wp\/v2\/media\/147042"}],"wp:attachment":[{"href":"https:\/\/www.retaildetail.be\/fr\/wp-json\/wp\/v2\/media?parent=147041"}],"wp:term":[{"taxonomy":"category","embeddable":true,"href":"https:\/\/www.retaildetail.be\/fr\/wp-json\/wp\/v2\/categories?post=147041"},{"taxonomy":"post_tag","embeddable":true,"href":"https:\/\/www.retaildetail.be\/fr\/wp-json\/wp\/v2\/tags?post=147041"},{"taxonomy":"people","embeddable":true,"href":"https:\/\/www.retaildetail.be\/fr\/wp-json\/wp\/v2\/people?post=147041"},{"taxonomy":"extra","embeddable":true,"href":"https:\/\/www.retaildetail.be\/fr\/wp-json\/wp\/v2\/extra?post=147041"},{"taxonomy":"company","embeddable":true,"href":"https:\/\/www.retaildetail.be\/fr\/wp-json\/wp\/v2\/company?post=147041"},{"taxonomy":"topic","embeddable":true,"href":"https:\/\/www.retaildetail.be\/fr\/wp-json\/wp\/v2\/topic?post=147041"},{"taxonomy":"region","embeddable":true,"href":"https:\/\/www.retaildetail.be\/fr\/wp-json\/wp\/v2\/region?post=147041"}],"curies":[{"name":"wp","href":"https:\/\/api.w.org\/{rel}","templated":true}]}}