{"id":147050,"date":"2026-04-30T14:30:57","date_gmt":"2026-04-30T12:30:57","guid":{"rendered":"https:\/\/www.retaildetail.be\/?p=147050"},"modified":"2026-04-30T14:30:58","modified_gmt":"2026-04-30T12:30:58","slug":"powr-revendique-une-premiere-europeenne-avec-son-detergent-liquide-conditionne-dans-une-bouteille-en-carton","status":"publish","type":"post","link":"https:\/\/www.retaildetail.be\/fr\/news\/beaute-soins\/powr-revendique-une-premiere-europeenne-avec-son-detergent-liquide-conditionne-dans-une-bouteille-en-carton\/","title":{"rendered":"Powr revendique une premi\u00e8re europ\u00e9enne avec son d\u00e9tergent liquide dans une bouteille en carton"},"content":{"rendered":"\n<p>Powr, la nouvelle marque de produits m\u00e9nagers de la start-up belge <strong>Planet B<\/strong>, lance une premi\u00e8re europ\u00e9enne dans les rayons des magasins : une lessive liquide conditionn\u00e9e dans une bouteille en carton 100 % recyclable.<\/p>\n\n\n\n<h2 class=\"wp-block-heading\">Une alternative au plastique<\/h2>\n\n\n\n<p>Powr, <a href=\"https:\/\/www.retaildetail.be\/fr\/news\/beaute-soins\/planet-b-lance-une-nouvelle-marque-de-produits-menagers-powr\/\">n\u00e9e plus t\u00f4t cette ann\u00e9e<\/a> de la r\u00e9cente fusion entre les marques Brauzz et Klaaar, souhaite inciter les g\u00e9ants \u00e9tablis du secteur des produits d&rsquo;entretien \u00e0 opter pour des choix plus sains et plus durables. La nouvelle marque avait d\u00e9j\u00e0 lanc\u00e9 des pastilles de lessive aux enzymes, une p\u00e2te \u00e0 r\u00e9curer \u00e0 base de min\u00e9raux, un booster de blanchiment \u00e0 l&rsquo;oxyg\u00e8ne et un nettoyant multi-usages riche en probiotiques. Elle ajoute d\u00e9sormais une lessive liquide pour r\u00e9pondre \u00e0 la demande du march\u00e9, mais sans la montagne de d\u00e9chets plastiques g\u00e9n\u00e9r\u00e9e par les marques traditionnelles.<\/p>\n\n\n\n<p>Une fois vide, la bouteille en carton d&rsquo;un litre, 100 % recyclable, peut simplement \u00eatre jet\u00e9e avec le papier. C&rsquo;est l&#8217;emballage le plus durable pour le grand public, affirme l&rsquo;entreprise. \u00ab Les pastilles de lessive restent le choix le moins impactant et resteront toujours notre option la plus \u00e9conomique. Mais la r\u00e9alit\u00e9 est qu\u2019aujourd\u2019hui, la plupart des Belges ach\u00e8tent de la lessive liquide. Et ce large groupe de consommateurs ne se tournera pas vers d\u2019autres formats pour l\u2019instant \u00bb, explique Tibbe Verschaffel, cofondateur de Planet B. \u00ab Jusqu\u2019\u00e0 pr\u00e9sent, leur seul choix \u00e9tait : bouteille en plastique apr\u00e8s bouteille en plastique. Avec Powr, nous leur proposons enfin une alternative qui correspond \u00e0 leurs habitudes, mais sans ingr\u00e9dients nocifs ni microplastiques. \u00bb<\/p>\n\n\n\n<p>La marque de produits d&rsquo;entretien m\u00e9nager rompt \u00e9galement avec les formules chimiques traditionnelles, souvent nocives, en misant pleinement sur la biotechnologie : la nouvelle lessive liquide est enrichie en probiotiques vivants. Ces bonnes bact\u00e9ries cr\u00e9ent un microbiome sain dans les textiles, ce qui permet aux v\u00eatements de rester propres plus longtemps et d\u2019\u00e9liminer les odeurs de mani\u00e8re naturelle. Les produits sont disponibles sur powr.care et dans les magasins Okay, Colruyt, Delhaize et Carrefour.<\/p>\n","protected":false},"excerpt":{"rendered":"<p>Powr, la nouvelle marque de produits m\u00e9nagers de la start-up belge Planet B, fait son entr\u00e9e dans les rayons des magasins avec une premi\u00e8re europ\u00e9enne : une lessive liquide conditionn\u00e9e dans une bouteille en carton 100 % recyclable.<\/p>\n","protected":false},"author":3,"featured_media":147051,"comment_status":"closed","ping_status":"closed","sticky":false,"template":"","format":"standard","meta":{"_acf_changed":false,"inline_featured_image":false,"_jetpack_memberships_contains_paid_content":false,"footnotes":""},"categories":[27,19],"tags":[],"people":[],"extra":[],"company":[1439],"topic":[373,462],"region":[226],"class_list":["post-147050","post","type-post","status-publish","format-standard","has-post-thumbnail","hentry","category-beaute-soins","category-schoonheid-verzorging","company-planet-b","topic-durabilite","topic-innovation","region-belgique"],"acf":[],"yoast_head":"<!-- This site is optimized with the Yoast SEO plugin v27.3 - https:\/\/yoast.com\/product\/yoast-seo-wordpress\/ -->\n<title>Powr revendique une premi\u00e8re europ\u00e9enne avec son d\u00e9tergent liquide dans une bouteille en carton - RetailDetail BE<\/title>\n<meta name=\"description\" content=\"Powr, la nouvelle marque de produits m\u00e9nagers de la start-up belge Planet B, lance une premi\u00e8re europ\u00e9enne dans les rayons des magasins : une lessive liquide conditionn\u00e9e dans une bouteille en carton 100 % recyclable.\" \/>\n<meta name=\"robots\" content=\"index, follow, max-snippet:-1, max-image-preview:large, max-video-preview:-1\" \/>\n<link rel=\"canonical\" href=\"https:\/\/www.retaildetail.be\/fr\/news\/beaute-soins\/powr-revendique-une-premiere-europeenne-avec-son-detergent-liquide-conditionne-dans-une-bouteille-en-carton\/\" \/>\n<meta property=\"og:locale\" content=\"fr_FR\" \/>\n<meta property=\"og:type\" content=\"article\" \/>\n<meta property=\"og:title\" content=\"Powr revendique une premi\u00e8re europ\u00e9enne avec son d\u00e9tergent liquide dans une bouteille en carton - RetailDetail BE\" \/>\n<meta property=\"og:description\" content=\"Powr, la nouvelle marque de produits m\u00e9nagers de la start-up belge Planet B, lance une premi\u00e8re europ\u00e9enne dans les rayons des magasins : une lessive liquide conditionn\u00e9e dans une bouteille en carton 100 % recyclable.\" \/>\n<meta property=\"og:url\" content=\"https:\/\/www.retaildetail.be\/fr\/news\/beaute-soins\/powr-revendique-une-premiere-europeenne-avec-son-detergent-liquide-conditionne-dans-une-bouteille-en-carton\/\" \/>\n<meta property=\"og:site_name\" content=\"RetailDetail BE\" \/>\n<meta property=\"article:published_time\" content=\"2026-04-30T12:30:57+00:00\" \/>\n<meta property=\"article:modified_time\" content=\"2026-04-30T12:30:58+00:00\" \/>\n<meta property=\"og:image\" content=\"https:\/\/www.retaildetail.be\/wp-content\/uploads\/2026\/04\/powr-wasmiddel-1.jpg\" \/>\n\t<meta property=\"og:image:width\" content=\"1090\" \/>\n\t<meta property=\"og:image:height\" content=\"737\" \/>\n\t<meta property=\"og:image:type\" content=\"image\/jpeg\" \/>\n<meta name=\"author\" content=\"Stefan Van Rompaey\" \/>\n<meta name=\"twitter:card\" content=\"summary_large_image\" \/>\n<meta name=\"twitter:label1\" content=\"\u00c9crit par\" \/>\n\t<meta name=\"twitter:data1\" content=\"Stefan Van Rompaey\" \/>\n\t<meta name=\"twitter:label2\" content=\"Dur\u00e9e de lecture estim\u00e9e\" \/>\n\t<meta name=\"twitter:data2\" content=\"2 minutes\" \/>\n<script type=\"application\/ld+json\" class=\"yoast-schema-graph\">{\"@context\":\"https:\\\/\\\/schema.org\",\"@graph\":[{\"@type\":\"NewsArticle\",\"@id\":\"https:\\\/\\\/www.retaildetail.be\\\/fr\\\/news\\\/beaute-soins\\\/powr-revendique-une-premiere-europeenne-avec-son-detergent-liquide-conditionne-dans-une-bouteille-en-carton\\\/#article\",\"isPartOf\":{\"@id\":\"https:\\\/\\\/www.retaildetail.be\\\/fr\\\/news\\\/beaute-soins\\\/powr-revendique-une-premiere-europeenne-avec-son-detergent-liquide-conditionne-dans-une-bouteille-en-carton\\\/\"},\"author\":{\"name\":\"Stefan Van Rompaey\",\"@id\":\"https:\\\/\\\/www.retaildetail.be\\\/nl\\\/#\\\/schema\\\/person\\\/51aec6069c4416aa2f68b2e4ff3455df\"},\"headline\":\"Powr revendique une premi\u00e8re europ\u00e9enne avec son d\u00e9tergent liquide dans une bouteille en carton\",\"datePublished\":\"2026-04-30T12:30:57+00:00\",\"dateModified\":\"2026-04-30T12:30:58+00:00\",\"mainEntityOfPage\":{\"@id\":\"https:\\\/\\\/www.retaildetail.be\\\/fr\\\/news\\\/beaute-soins\\\/powr-revendique-une-premiere-europeenne-avec-son-detergent-liquide-conditionne-dans-une-bouteille-en-carton\\\/\"},\"wordCount\":371,\"publisher\":{\"@id\":\"https:\\\/\\\/www.retaildetail.be\\\/nl\\\/#organization\"},\"image\":{\"@id\":\"https:\\\/\\\/www.retaildetail.be\\\/fr\\\/news\\\/beaute-soins\\\/powr-revendique-une-premiere-europeenne-avec-son-detergent-liquide-conditionne-dans-une-bouteille-en-carton\\\/#primaryimage\"},\"thumbnailUrl\":\"https:\\\/\\\/www.retaildetail.be\\\/wp-content\\\/uploads\\\/2026\\\/04\\\/powr-wasmiddel-1.jpg\",\"articleSection\":[\"Beaut\u00e9\\\/Soins\",\"Schoonheid\\\/verzorging\"],\"inLanguage\":\"fr-FR\",\"copyrightYear\":\"2026\",\"copyrightHolder\":{\"@id\":\"https:\\\/\\\/www.retaildetail.be\\\/#organization\"}},{\"@type\":\"WebPage\",\"@id\":\"https:\\\/\\\/www.retaildetail.be\\\/fr\\\/news\\\/beaute-soins\\\/powr-revendique-une-premiere-europeenne-avec-son-detergent-liquide-conditionne-dans-une-bouteille-en-carton\\\/\",\"url\":\"https:\\\/\\\/www.retaildetail.be\\\/fr\\\/news\\\/beaute-soins\\\/powr-revendique-une-premiere-europeenne-avec-son-detergent-liquide-conditionne-dans-une-bouteille-en-carton\\\/\",\"name\":\"Powr revendique une premi\u00e8re europ\u00e9enne avec son d\u00e9tergent liquide dans une bouteille en carton - RetailDetail BE\",\"isPartOf\":{\"@id\":\"https:\\\/\\\/www.retaildetail.be\\\/nl\\\/#website\"},\"primaryImageOfPage\":{\"@id\":\"https:\\\/\\\/www.retaildetail.be\\\/fr\\\/news\\\/beaute-soins\\\/powr-revendique-une-premiere-europeenne-avec-son-detergent-liquide-conditionne-dans-une-bouteille-en-carton\\\/#primaryimage\"},\"image\":{\"@id\":\"https:\\\/\\\/www.retaildetail.be\\\/fr\\\/news\\\/beaute-soins\\\/powr-revendique-une-premiere-europeenne-avec-son-detergent-liquide-conditionne-dans-une-bouteille-en-carton\\\/#primaryimage\"},\"thumbnailUrl\":\"https:\\\/\\\/www.retaildetail.be\\\/wp-content\\\/uploads\\\/2026\\\/04\\\/powr-wasmiddel-1.jpg\",\"datePublished\":\"2026-04-30T12:30:57+00:00\",\"dateModified\":\"2026-04-30T12:30:58+00:00\",\"description\":\"Powr, la nouvelle marque de produits m\u00e9nagers de la start-up belge Planet B, lance une premi\u00e8re europ\u00e9enne dans les rayons des magasins : une lessive liquide conditionn\u00e9e dans une bouteille en carton 100 % recyclable.\",\"breadcrumb\":{\"@id\":\"https:\\\/\\\/www.retaildetail.be\\\/fr\\\/news\\\/beaute-soins\\\/powr-revendique-une-premiere-europeenne-avec-son-detergent-liquide-conditionne-dans-une-bouteille-en-carton\\\/#breadcrumb\"},\"inLanguage\":\"fr-FR\",\"potentialAction\":[{\"@type\":\"ReadAction\",\"target\":[\"https:\\\/\\\/www.retaildetail.be\\\/fr\\\/news\\\/beaute-soins\\\/powr-revendique-une-premiere-europeenne-avec-son-detergent-liquide-conditionne-dans-une-bouteille-en-carton\\\/\"]}]},{\"@type\":\"ImageObject\",\"inLanguage\":\"fr-FR\",\"@id\":\"https:\\\/\\\/www.retaildetail.be\\\/fr\\\/news\\\/beaute-soins\\\/powr-revendique-une-premiere-europeenne-avec-son-detergent-liquide-conditionne-dans-une-bouteille-en-carton\\\/#primaryimage\",\"url\":\"https:\\\/\\\/www.retaildetail.be\\\/wp-content\\\/uploads\\\/2026\\\/04\\\/powr-wasmiddel-1.jpg\",\"contentUrl\":\"https:\\\/\\\/www.retaildetail.be\\\/wp-content\\\/uploads\\\/2026\\\/04\\\/powr-wasmiddel-1.jpg\",\"width\":1090,\"height\":737},{\"@type\":\"BreadcrumbList\",\"@id\":\"https:\\\/\\\/www.retaildetail.be\\\/fr\\\/news\\\/beaute-soins\\\/powr-revendique-une-premiere-europeenne-avec-son-detergent-liquide-conditionne-dans-une-bouteille-en-carton\\\/#breadcrumb\",\"itemListElement\":[{\"@type\":\"ListItem\",\"position\":1,\"name\":\"Home\",\"item\":\"https:\\\/\\\/www.retaildetail.be\\\/fr\\\/\"},{\"@type\":\"ListItem\",\"position\":2,\"name\":\"Powr revendique une premi\u00e8re europ\u00e9enne avec son d\u00e9tergent liquide dans une bouteille en carton\"}]},{\"@type\":\"WebSite\",\"@id\":\"https:\\\/\\\/www.retaildetail.be\\\/nl\\\/#website\",\"url\":\"https:\\\/\\\/www.retaildetail.be\\\/nl\\\/\",\"name\":\"RetailDetail BE\",\"description\":\"News\",\"publisher\":{\"@id\":\"https:\\\/\\\/www.retaildetail.be\\\/nl\\\/#organization\"},\"potentialAction\":[{\"@type\":\"SearchAction\",\"target\":{\"@type\":\"EntryPoint\",\"urlTemplate\":\"https:\\\/\\\/www.retaildetail.be\\\/nl\\\/?s={search_term_string}\"},\"query-input\":{\"@type\":\"PropertyValueSpecification\",\"valueRequired\":true,\"valueName\":\"search_term_string\"}}],\"inLanguage\":\"fr-FR\"},{\"@type\":\"Organization\",\"@id\":\"https:\\\/\\\/www.retaildetail.be\\\/nl\\\/#organization\",\"name\":\"RetailDetail BE\",\"url\":\"https:\\\/\\\/www.retaildetail.be\\\/nl\\\/\",\"logo\":{\"@type\":\"ImageObject\",\"inLanguage\":\"fr-FR\",\"@id\":\"https:\\\/\\\/www.retaildetail.be\\\/nl\\\/#\\\/schema\\\/logo\\\/image\\\/\",\"url\":\"https:\\\/\\\/www.retaildetail.be\\\/wp-content\\\/uploads\\\/2022\\\/04\\\/logo.svg\",\"contentUrl\":\"https:\\\/\\\/www.retaildetail.be\\\/wp-content\\\/uploads\\\/2022\\\/04\\\/logo.svg\",\"width\":131,\"height\":70,\"caption\":\"RetailDetail BE\"},\"image\":{\"@id\":\"https:\\\/\\\/www.retaildetail.be\\\/nl\\\/#\\\/schema\\\/logo\\\/image\\\/\"}},{\"@type\":\"Person\",\"@id\":\"https:\\\/\\\/www.retaildetail.be\\\/nl\\\/#\\\/schema\\\/person\\\/51aec6069c4416aa2f68b2e4ff3455df\",\"name\":\"Stefan Van Rompaey\",\"image\":{\"@type\":\"ImageObject\",\"inLanguage\":\"fr-FR\",\"@id\":\"https:\\\/\\\/secure.gravatar.com\\\/avatar\\\/fbbb4a80a0f109888b2a5ab8ae255617499ecde533749b3ab2fa6c23b5d65dac?s=96&d=mm&r=g\",\"url\":\"https:\\\/\\\/secure.gravatar.com\\\/avatar\\\/fbbb4a80a0f109888b2a5ab8ae255617499ecde533749b3ab2fa6c23b5d65dac?s=96&d=mm&r=g\",\"contentUrl\":\"https:\\\/\\\/secure.gravatar.com\\\/avatar\\\/fbbb4a80a0f109888b2a5ab8ae255617499ecde533749b3ab2fa6c23b5d65dac?s=96&d=mm&r=g\",\"caption\":\"Stefan Van Rompaey\"},\"url\":\"https:\\\/\\\/www.retaildetail.be\\\/fr\\\/author\\\/stefanvanrompaey\\\/\"}]}<\/script>\n<!-- \/ Yoast SEO plugin. -->","yoast_head_json":{"title":"Powr revendique une premi\u00e8re europ\u00e9enne avec son d\u00e9tergent liquide dans une bouteille en carton - RetailDetail BE","description":"Powr, la nouvelle marque de produits m\u00e9nagers de la start-up belge Planet B, lance une premi\u00e8re europ\u00e9enne dans les rayons des magasins : une lessive liquide conditionn\u00e9e dans une bouteille en carton 100 % recyclable.","robots":{"index":"index","follow":"follow","max-snippet":"max-snippet:-1","max-image-preview":"max-image-preview:large","max-video-preview":"max-video-preview:-1"},"canonical":"https:\/\/www.retaildetail.be\/fr\/news\/beaute-soins\/powr-revendique-une-premiere-europeenne-avec-son-detergent-liquide-conditionne-dans-une-bouteille-en-carton\/","og_locale":"fr_FR","og_type":"article","og_title":"Powr revendique une premi\u00e8re europ\u00e9enne avec son d\u00e9tergent liquide dans une bouteille en carton - RetailDetail BE","og_description":"Powr, la nouvelle marque de produits m\u00e9nagers de la start-up belge Planet B, lance une premi\u00e8re europ\u00e9enne dans les rayons des magasins : une lessive liquide conditionn\u00e9e dans une bouteille en carton 100 % recyclable.","og_url":"https:\/\/www.retaildetail.be\/fr\/news\/beaute-soins\/powr-revendique-une-premiere-europeenne-avec-son-detergent-liquide-conditionne-dans-une-bouteille-en-carton\/","og_site_name":"RetailDetail BE","article_published_time":"2026-04-30T12:30:57+00:00","article_modified_time":"2026-04-30T12:30:58+00:00","og_image":[{"width":1090,"height":737,"url":"https:\/\/www.retaildetail.be\/wp-content\/uploads\/2026\/04\/powr-wasmiddel-1.jpg","type":"image\/jpeg"}],"author":"Stefan Van Rompaey","twitter_card":"summary_large_image","twitter_misc":{"\u00c9crit par":"Stefan Van Rompaey","Dur\u00e9e de lecture estim\u00e9e":"2 minutes"},"schema":{"@context":"https:\/\/schema.org","@graph":[{"@type":"NewsArticle","@id":"https:\/\/www.retaildetail.be\/fr\/news\/beaute-soins\/powr-revendique-une-premiere-europeenne-avec-son-detergent-liquide-conditionne-dans-une-bouteille-en-carton\/#article","isPartOf":{"@id":"https:\/\/www.retaildetail.be\/fr\/news\/beaute-soins\/powr-revendique-une-premiere-europeenne-avec-son-detergent-liquide-conditionne-dans-une-bouteille-en-carton\/"},"author":{"name":"Stefan Van Rompaey","@id":"https:\/\/www.retaildetail.be\/nl\/#\/schema\/person\/51aec6069c4416aa2f68b2e4ff3455df"},"headline":"Powr revendique une premi\u00e8re europ\u00e9enne avec son d\u00e9tergent liquide dans une bouteille en carton","datePublished":"2026-04-30T12:30:57+00:00","dateModified":"2026-04-30T12:30:58+00:00","mainEntityOfPage":{"@id":"https:\/\/www.retaildetail.be\/fr\/news\/beaute-soins\/powr-revendique-une-premiere-europeenne-avec-son-detergent-liquide-conditionne-dans-une-bouteille-en-carton\/"},"wordCount":371,"publisher":{"@id":"https:\/\/www.retaildetail.be\/nl\/#organization"},"image":{"@id":"https:\/\/www.retaildetail.be\/fr\/news\/beaute-soins\/powr-revendique-une-premiere-europeenne-avec-son-detergent-liquide-conditionne-dans-une-bouteille-en-carton\/#primaryimage"},"thumbnailUrl":"https:\/\/www.retaildetail.be\/wp-content\/uploads\/2026\/04\/powr-wasmiddel-1.jpg","articleSection":["Beaut\u00e9\/Soins","Schoonheid\/verzorging"],"inLanguage":"fr-FR","copyrightYear":"2026","copyrightHolder":{"@id":"https:\/\/www.retaildetail.be\/#organization"}},{"@type":"WebPage","@id":"https:\/\/www.retaildetail.be\/fr\/news\/beaute-soins\/powr-revendique-une-premiere-europeenne-avec-son-detergent-liquide-conditionne-dans-une-bouteille-en-carton\/","url":"https:\/\/www.retaildetail.be\/fr\/news\/beaute-soins\/powr-revendique-une-premiere-europeenne-avec-son-detergent-liquide-conditionne-dans-une-bouteille-en-carton\/","name":"Powr revendique une premi\u00e8re europ\u00e9enne avec son d\u00e9tergent liquide dans une bouteille en carton - RetailDetail BE","isPartOf":{"@id":"https:\/\/www.retaildetail.be\/nl\/#website"},"primaryImageOfPage":{"@id":"https:\/\/www.retaildetail.be\/fr\/news\/beaute-soins\/powr-revendique-une-premiere-europeenne-avec-son-detergent-liquide-conditionne-dans-une-bouteille-en-carton\/#primaryimage"},"image":{"@id":"https:\/\/www.retaildetail.be\/fr\/news\/beaute-soins\/powr-revendique-une-premiere-europeenne-avec-son-detergent-liquide-conditionne-dans-une-bouteille-en-carton\/#primaryimage"},"thumbnailUrl":"https:\/\/www.retaildetail.be\/wp-content\/uploads\/2026\/04\/powr-wasmiddel-1.jpg","datePublished":"2026-04-30T12:30:57+00:00","dateModified":"2026-04-30T12:30:58+00:00","description":"Powr, la nouvelle marque de produits m\u00e9nagers de la start-up belge Planet B, lance une premi\u00e8re europ\u00e9enne dans les rayons des magasins : une lessive liquide conditionn\u00e9e dans une bouteille en carton 100 % recyclable.","breadcrumb":{"@id":"https:\/\/www.retaildetail.be\/fr\/news\/beaute-soins\/powr-revendique-une-premiere-europeenne-avec-son-detergent-liquide-conditionne-dans-une-bouteille-en-carton\/#breadcrumb"},"inLanguage":"fr-FR","potentialAction":[{"@type":"ReadAction","target":["https:\/\/www.retaildetail.be\/fr\/news\/beaute-soins\/powr-revendique-une-premiere-europeenne-avec-son-detergent-liquide-conditionne-dans-une-bouteille-en-carton\/"]}]},{"@type":"ImageObject","inLanguage":"fr-FR","@id":"https:\/\/www.retaildetail.be\/fr\/news\/beaute-soins\/powr-revendique-une-premiere-europeenne-avec-son-detergent-liquide-conditionne-dans-une-bouteille-en-carton\/#primaryimage","url":"https:\/\/www.retaildetail.be\/wp-content\/uploads\/2026\/04\/powr-wasmiddel-1.jpg","contentUrl":"https:\/\/www.retaildetail.be\/wp-content\/uploads\/2026\/04\/powr-wasmiddel-1.jpg","width":1090,"height":737},{"@type":"BreadcrumbList","@id":"https:\/\/www.retaildetail.be\/fr\/news\/beaute-soins\/powr-revendique-une-premiere-europeenne-avec-son-detergent-liquide-conditionne-dans-une-bouteille-en-carton\/#breadcrumb","itemListElement":[{"@type":"ListItem","position":1,"name":"Home","item":"https:\/\/www.retaildetail.be\/fr\/"},{"@type":"ListItem","position":2,"name":"Powr revendique une premi\u00e8re europ\u00e9enne avec son d\u00e9tergent liquide dans une bouteille en carton"}]},{"@type":"WebSite","@id":"https:\/\/www.retaildetail.be\/nl\/#website","url":"https:\/\/www.retaildetail.be\/nl\/","name":"RetailDetail BE","description":"News","publisher":{"@id":"https:\/\/www.retaildetail.be\/nl\/#organization"},"potentialAction":[{"@type":"SearchAction","target":{"@type":"EntryPoint","urlTemplate":"https:\/\/www.retaildetail.be\/nl\/?s={search_term_string}"},"query-input":{"@type":"PropertyValueSpecification","valueRequired":true,"valueName":"search_term_string"}}],"inLanguage":"fr-FR"},{"@type":"Organization","@id":"https:\/\/www.retaildetail.be\/nl\/#organization","name":"RetailDetail BE","url":"https:\/\/www.retaildetail.be\/nl\/","logo":{"@type":"ImageObject","inLanguage":"fr-FR","@id":"https:\/\/www.retaildetail.be\/nl\/#\/schema\/logo\/image\/","url":"https:\/\/www.retaildetail.be\/wp-content\/uploads\/2022\/04\/logo.svg","contentUrl":"https:\/\/www.retaildetail.be\/wp-content\/uploads\/2022\/04\/logo.svg","width":131,"height":70,"caption":"RetailDetail BE"},"image":{"@id":"https:\/\/www.retaildetail.be\/nl\/#\/schema\/logo\/image\/"}},{"@type":"Person","@id":"https:\/\/www.retaildetail.be\/nl\/#\/schema\/person\/51aec6069c4416aa2f68b2e4ff3455df","name":"Stefan Van Rompaey","image":{"@type":"ImageObject","inLanguage":"fr-FR","@id":"https:\/\/secure.gravatar.com\/avatar\/fbbb4a80a0f109888b2a5ab8ae255617499ecde533749b3ab2fa6c23b5d65dac?s=96&d=mm&r=g","url":"https:\/\/secure.gravatar.com\/avatar\/fbbb4a80a0f109888b2a5ab8ae255617499ecde533749b3ab2fa6c23b5d65dac?s=96&d=mm&r=g","contentUrl":"https:\/\/secure.gravatar.com\/avatar\/fbbb4a80a0f109888b2a5ab8ae255617499ecde533749b3ab2fa6c23b5d65dac?s=96&d=mm&r=g","caption":"Stefan Van Rompaey"},"url":"https:\/\/www.retaildetail.be\/fr\/author\/stefanvanrompaey\/"}]}},"jetpack_featured_media_url":"https:\/\/www.retaildetail.be\/wp-content\/uploads\/2026\/04\/powr-wasmiddel-1.jpg","jetpack_sharing_enabled":true,"_links":{"self":[{"href":"https:\/\/www.retaildetail.be\/fr\/wp-json\/wp\/v2\/posts\/147050","targetHints":{"allow":["GET"]}}],"collection":[{"href":"https:\/\/www.retaildetail.be\/fr\/wp-json\/wp\/v2\/posts"}],"about":[{"href":"https:\/\/www.retaildetail.be\/fr\/wp-json\/wp\/v2\/types\/post"}],"author":[{"embeddable":true,"href":"https:\/\/www.retaildetail.be\/fr\/wp-json\/wp\/v2\/users\/3"}],"replies":[{"embeddable":true,"href":"https:\/\/www.retaildetail.be\/fr\/wp-json\/wp\/v2\/comments?post=147050"}],"version-history":[{"count":1,"href":"https:\/\/www.retaildetail.be\/fr\/wp-json\/wp\/v2\/posts\/147050\/revisions"}],"predecessor-version":[{"id":147053,"href":"https:\/\/www.retaildetail.be\/fr\/wp-json\/wp\/v2\/posts\/147050\/revisions\/147053"}],"wp:featuredmedia":[{"embeddable":true,"href":"https:\/\/www.retaildetail.be\/fr\/wp-json\/wp\/v2\/media\/147051"}],"wp:attachment":[{"href":"https:\/\/www.retaildetail.be\/fr\/wp-json\/wp\/v2\/media?parent=147050"}],"wp:term":[{"taxonomy":"category","embeddable":true,"href":"https:\/\/www.retaildetail.be\/fr\/wp-json\/wp\/v2\/categories?post=147050"},{"taxonomy":"post_tag","embeddable":true,"href":"https:\/\/www.retaildetail.be\/fr\/wp-json\/wp\/v2\/tags?post=147050"},{"taxonomy":"people","embeddable":true,"href":"https:\/\/www.retaildetail.be\/fr\/wp-json\/wp\/v2\/people?post=147050"},{"taxonomy":"extra","embeddable":true,"href":"https:\/\/www.retaildetail.be\/fr\/wp-json\/wp\/v2\/extra?post=147050"},{"taxonomy":"company","embeddable":true,"href":"https:\/\/www.retaildetail.be\/fr\/wp-json\/wp\/v2\/company?post=147050"},{"taxonomy":"topic","embeddable":true,"href":"https:\/\/www.retaildetail.be\/fr\/wp-json\/wp\/v2\/topic?post=147050"},{"taxonomy":"region","embeddable":true,"href":"https:\/\/www.retaildetail.be\/fr\/wp-json\/wp\/v2\/region?post=147050"}],"curies":[{"name":"wp","href":"https:\/\/api.w.org\/{rel}","templated":true}]}}