{"id":147054,"date":"2026-04-30T14:56:24","date_gmt":"2026-04-30T12:56:24","guid":{"rendered":"https:\/\/www.retaildetail.be\/?p=147054"},"modified":"2026-04-30T14:56:25","modified_gmt":"2026-04-30T12:56:25","slug":"ebay-se-developpe-grace-a-la-mode-et-aux-jeunes-consommateurs","status":"publish","type":"post","link":"https:\/\/www.retaildetail.be\/fr\/news\/general\/ebay-se-developpe-grace-a-la-mode-et-aux-jeunes-consommateurs\/","title":{"rendered":"eBay se d\u00e9veloppe gr\u00e2ce \u00e0 la mode et aux jeunes consommateurs"},"content":{"rendered":"\n<p><strong>eBay <\/strong>(qui d\u00e9tient \u00e9galement <strong>2ememain<\/strong>) a d\u00e9marr\u00e9 l&rsquo;ann\u00e9e 2026 en force, avec une forte croissance des volumes. Le PDG Jamie Iannone parle d&rsquo;une nette acc\u00e9l\u00e9ration, gr\u00e2ce \u00e0 une concentration sur la mode et la vente d&rsquo;articles d&rsquo;occasion entre particuliers.<\/p>\n\n\n\n<h2 class=\"wp-block-heading\">Pouss\u00e9e vers les biens de consommation d&rsquo;occasion<\/h2>\n\n\n\n<p>Le volume brut des transactions (GMV) a augment\u00e9 de 18 % au premier trimestre pour atteindre 22,2 milliards de dollars am\u00e9ricains (20,6 milliards d&rsquo;euros), tandis que le chiffre d&rsquo;affaires a progress\u00e9 de 19 % pour s&rsquo;\u00e9tablir \u00e0 3,1 milliards de dollars am\u00e9ricains (2,9 milliards d&rsquo;euros). La plateforme a ainsi d\u00e9pass\u00e9 les attentes des analystes. Selon le PDG Iannone, ce sont surtout les cat\u00e9gories phares, le commerce de particulier \u00e0 particulier (C2C) et le \u00ab recommerce \u00bb (vente d&rsquo;occasion), qui alimentent cette dynamique.<\/p>\n\n\n\n<p>Le b\u00e9n\u00e9fice net est en revanche rest\u00e9 stable \u00e0 512 millions de dollars (476 millions d&rsquo;euros), m\u00eame si le b\u00e9n\u00e9fice ajust\u00e9 a progress\u00e9 plus fortement, atteignant 760 millions de dollars (707 millions d&rsquo;euros). Cela t\u00e9moigne d&rsquo;un solide effet de levier op\u00e9rationnel, souligne la directrice financi\u00e8re Peggy Alford.<\/p>\n\n\n\n<h2 class=\"wp-block-heading\">La mode et le \u00ab live commerce \u00bb comme piliers de la croissance<\/h2>\n\n\n\n<p>Cette croissance intervient alors qu&rsquo;eBay mise strat\u00e9giquement sur l&rsquo;expansion de la mode d&rsquo;occasion. L&rsquo;entreprise rach\u00e8te <strong>Depop <\/strong>\u00e0 <strong>Etsy<\/strong> pour environ 1,12 milliard d&rsquo;euros. La transaction devrait \u00eatre finalis\u00e9e d&rsquo;ici la fin du troisi\u00e8me trimestre 2026. Avec Depop, eBay s&rsquo;adjoint une plateforme fortement ancr\u00e9e aupr\u00e8s des jeunes consommateurs.<\/p>\n\n\n\n<p>L&rsquo;entreprise a \u00e9tendu la fonctionnalit\u00e9 de livestream eBay Live \u00e0 la France, \u00e0 l&rsquo;Italie et au Canada, et organise, en collaboration avec Vogue, des \u00e9v\u00e9nements vintage physiques et num\u00e9riques dans des villes telles que New York, Londres et Berlin. Gr\u00e2ce \u00e0 ces pop-ups et ench\u00e8res, la plateforme combine contenu, communaut\u00e9 et transactions, comme par exemple lors du r\u00e9cent \u00ab NYC Edit \u00bb, o\u00f9 les consommateurs peuvent acheter directement \u00e0 partir des garde-robes de cr\u00e9ateurs de tendances.<\/p>\n\n\n\n<p>eBay mise ainsi davantage sur les ventes pilot\u00e9es par les influenceurs, ce qui s&rsquo;inscrit dans la tendance du \u00ab social commerce \u00bb et de l&rsquo;int\u00e9gration avec des plateformes telles qu&rsquo;Instagram et Facebook. Gr\u00e2ce \u00e0 un programme d&rsquo;affiliation avec Meta, l&rsquo;offre d&rsquo;eBay appara\u00eet directement sur ces r\u00e9seaux sociaux.<\/p>\n","protected":false},"excerpt":{"rendered":"<p>eBay a d\u00e9marr\u00e9 l&rsquo;ann\u00e9e 2026 en force, avec une forte croissance des volumes. Le PDG Jamie Iannone parle d&rsquo;une nette acc\u00e9l\u00e9ration, gr\u00e2ce \u00e0 un (nouveau) recentrage sur la mode et la vente d&rsquo;occasion entre particuliers.<\/p>\n","protected":false},"author":5,"featured_media":147055,"comment_status":"closed","ping_status":"closed","sticky":false,"template":"","format":"standard","meta":{"_acf_changed":false,"inline_featured_image":false,"_jetpack_memberships_contains_paid_content":false,"footnotes":""},"categories":[15,25],"tags":[94],"people":[],"extra":[43],"company":[1840,1043],"topic":[266],"region":[446],"class_list":["post-147054","post","type-post","status-publish","format-standard","has-post-thumbnail","hentry","category-algemeen","category-general","tag-tweedehands","extra-plus","company-depop","company-ebay","topic-resultats-financiers","region-etats-unis-2"],"acf":[],"yoast_head":"<!-- This site is optimized with the Yoast SEO plugin v27.3 - https:\/\/yoast.com\/product\/yoast-seo-wordpress\/ -->\n<title>eBay se d\u00e9veloppe gr\u00e2ce \u00e0 la mode et aux jeunes consommateurs - RetailDetail BE<\/title>\n<meta name=\"description\" content=\"eBay (qui d\u00e9tient \u00e9galement 2ememain) a d\u00e9marr\u00e9 l&#039;ann\u00e9e 2026 en force, avec une forte croissance des volumes.\" \/>\n<meta name=\"robots\" content=\"index, follow, max-snippet:-1, max-image-preview:large, max-video-preview:-1\" \/>\n<link rel=\"canonical\" href=\"https:\/\/www.retaildetail.be\/fr\/news\/general\/ebay-se-developpe-grace-a-la-mode-et-aux-jeunes-consommateurs\/\" \/>\n<meta property=\"og:locale\" content=\"fr_FR\" \/>\n<meta property=\"og:type\" content=\"article\" \/>\n<meta property=\"og:title\" content=\"eBay se d\u00e9veloppe gr\u00e2ce \u00e0 la mode et aux jeunes consommateurs - RetailDetail BE\" \/>\n<meta property=\"og:description\" content=\"eBay (qui d\u00e9tient \u00e9galement 2ememain) a d\u00e9marr\u00e9 l&#039;ann\u00e9e 2026 en force, avec une forte croissance des volumes.\" \/>\n<meta property=\"og:url\" content=\"https:\/\/www.retaildetail.be\/fr\/news\/general\/ebay-se-developpe-grace-a-la-mode-et-aux-jeunes-consommateurs\/\" \/>\n<meta property=\"og:site_name\" content=\"RetailDetail BE\" \/>\n<meta property=\"article:published_time\" content=\"2026-04-30T12:56:24+00:00\" \/>\n<meta property=\"article:modified_time\" content=\"2026-04-30T12:56:25+00:00\" \/>\n<meta property=\"og:image\" content=\"https:\/\/www.retaildetail.be\/wp-content\/uploads\/2026\/04\/eBay-Berlin.jpg\" \/>\n\t<meta property=\"og:image:width\" content=\"1350\" \/>\n\t<meta property=\"og:image:height\" content=\"900\" \/>\n\t<meta property=\"og:image:type\" content=\"image\/jpeg\" \/>\n<meta name=\"author\" content=\"Pauline Neerman\" \/>\n<meta name=\"twitter:card\" content=\"summary_large_image\" \/>\n<meta name=\"twitter:label1\" content=\"\u00c9crit par\" \/>\n\t<meta name=\"twitter:data1\" content=\"Pauline Neerman\" \/>\n\t<meta name=\"twitter:label2\" content=\"Dur\u00e9e de lecture estim\u00e9e\" \/>\n\t<meta name=\"twitter:data2\" content=\"2 minutes\" \/>\n<script type=\"application\/ld+json\" class=\"yoast-schema-graph\">{\"@context\":\"https:\\\/\\\/schema.org\",\"@graph\":[{\"@type\":\"NewsArticle\",\"@id\":\"https:\\\/\\\/www.retaildetail.be\\\/fr\\\/news\\\/general\\\/ebay-se-developpe-grace-a-la-mode-et-aux-jeunes-consommateurs\\\/#article\",\"isPartOf\":{\"@id\":\"https:\\\/\\\/www.retaildetail.be\\\/fr\\\/news\\\/general\\\/ebay-se-developpe-grace-a-la-mode-et-aux-jeunes-consommateurs\\\/\"},\"author\":{\"name\":\"Pauline Neerman\",\"@id\":\"https:\\\/\\\/www.retaildetail.be\\\/nl\\\/#\\\/schema\\\/person\\\/66b54803fa10759039079458ea89e307\"},\"headline\":\"eBay se d\u00e9veloppe gr\u00e2ce \u00e0 la mode et aux jeunes consommateurs\",\"datePublished\":\"2026-04-30T12:56:24+00:00\",\"dateModified\":\"2026-04-30T12:56:25+00:00\",\"mainEntityOfPage\":{\"@id\":\"https:\\\/\\\/www.retaildetail.be\\\/fr\\\/news\\\/general\\\/ebay-se-developpe-grace-a-la-mode-et-aux-jeunes-consommateurs\\\/\"},\"wordCount\":402,\"publisher\":{\"@id\":\"https:\\\/\\\/www.retaildetail.be\\\/nl\\\/#organization\"},\"image\":{\"@id\":\"https:\\\/\\\/www.retaildetail.be\\\/fr\\\/news\\\/general\\\/ebay-se-developpe-grace-a-la-mode-et-aux-jeunes-consommateurs\\\/#primaryimage\"},\"thumbnailUrl\":\"https:\\\/\\\/www.retaildetail.be\\\/wp-content\\\/uploads\\\/2026\\\/04\\\/eBay-Berlin.jpg\",\"keywords\":[\"Tweedehands\"],\"articleSection\":[\"Algemeen\",\"G\u00e9n\u00e9ral\"],\"inLanguage\":\"fr-FR\",\"copyrightYear\":\"2026\",\"copyrightHolder\":{\"@id\":\"https:\\\/\\\/www.retaildetail.be\\\/#organization\"}},{\"@type\":\"WebPage\",\"@id\":\"https:\\\/\\\/www.retaildetail.be\\\/fr\\\/news\\\/general\\\/ebay-se-developpe-grace-a-la-mode-et-aux-jeunes-consommateurs\\\/\",\"url\":\"https:\\\/\\\/www.retaildetail.be\\\/fr\\\/news\\\/general\\\/ebay-se-developpe-grace-a-la-mode-et-aux-jeunes-consommateurs\\\/\",\"name\":\"eBay se d\u00e9veloppe gr\u00e2ce \u00e0 la mode et aux jeunes consommateurs - RetailDetail BE\",\"isPartOf\":{\"@id\":\"https:\\\/\\\/www.retaildetail.be\\\/nl\\\/#website\"},\"primaryImageOfPage\":{\"@id\":\"https:\\\/\\\/www.retaildetail.be\\\/fr\\\/news\\\/general\\\/ebay-se-developpe-grace-a-la-mode-et-aux-jeunes-consommateurs\\\/#primaryimage\"},\"image\":{\"@id\":\"https:\\\/\\\/www.retaildetail.be\\\/fr\\\/news\\\/general\\\/ebay-se-developpe-grace-a-la-mode-et-aux-jeunes-consommateurs\\\/#primaryimage\"},\"thumbnailUrl\":\"https:\\\/\\\/www.retaildetail.be\\\/wp-content\\\/uploads\\\/2026\\\/04\\\/eBay-Berlin.jpg\",\"datePublished\":\"2026-04-30T12:56:24+00:00\",\"dateModified\":\"2026-04-30T12:56:25+00:00\",\"description\":\"eBay (qui d\u00e9tient \u00e9galement 2ememain) a d\u00e9marr\u00e9 l'ann\u00e9e 2026 en force, avec une forte croissance des volumes.\",\"breadcrumb\":{\"@id\":\"https:\\\/\\\/www.retaildetail.be\\\/fr\\\/news\\\/general\\\/ebay-se-developpe-grace-a-la-mode-et-aux-jeunes-consommateurs\\\/#breadcrumb\"},\"inLanguage\":\"fr-FR\",\"potentialAction\":[{\"@type\":\"ReadAction\",\"target\":[\"https:\\\/\\\/www.retaildetail.be\\\/fr\\\/news\\\/general\\\/ebay-se-developpe-grace-a-la-mode-et-aux-jeunes-consommateurs\\\/\"]}]},{\"@type\":\"ImageObject\",\"inLanguage\":\"fr-FR\",\"@id\":\"https:\\\/\\\/www.retaildetail.be\\\/fr\\\/news\\\/general\\\/ebay-se-developpe-grace-a-la-mode-et-aux-jeunes-consommateurs\\\/#primaryimage\",\"url\":\"https:\\\/\\\/www.retaildetail.be\\\/wp-content\\\/uploads\\\/2026\\\/04\\\/eBay-Berlin.jpg\",\"contentUrl\":\"https:\\\/\\\/www.retaildetail.be\\\/wp-content\\\/uploads\\\/2026\\\/04\\\/eBay-Berlin.jpg\",\"width\":1350,\"height\":900},{\"@type\":\"BreadcrumbList\",\"@id\":\"https:\\\/\\\/www.retaildetail.be\\\/fr\\\/news\\\/general\\\/ebay-se-developpe-grace-a-la-mode-et-aux-jeunes-consommateurs\\\/#breadcrumb\",\"itemListElement\":[{\"@type\":\"ListItem\",\"position\":1,\"name\":\"Home\",\"item\":\"https:\\\/\\\/www.retaildetail.be\\\/fr\\\/\"},{\"@type\":\"ListItem\",\"position\":2,\"name\":\"eBay se d\u00e9veloppe gr\u00e2ce \u00e0 la mode et aux jeunes consommateurs\"}]},{\"@type\":\"WebSite\",\"@id\":\"https:\\\/\\\/www.retaildetail.be\\\/nl\\\/#website\",\"url\":\"https:\\\/\\\/www.retaildetail.be\\\/nl\\\/\",\"name\":\"RetailDetail BE\",\"description\":\"News\",\"publisher\":{\"@id\":\"https:\\\/\\\/www.retaildetail.be\\\/nl\\\/#organization\"},\"potentialAction\":[{\"@type\":\"SearchAction\",\"target\":{\"@type\":\"EntryPoint\",\"urlTemplate\":\"https:\\\/\\\/www.retaildetail.be\\\/nl\\\/?s={search_term_string}\"},\"query-input\":{\"@type\":\"PropertyValueSpecification\",\"valueRequired\":true,\"valueName\":\"search_term_string\"}}],\"inLanguage\":\"fr-FR\"},{\"@type\":\"Organization\",\"@id\":\"https:\\\/\\\/www.retaildetail.be\\\/nl\\\/#organization\",\"name\":\"RetailDetail BE\",\"url\":\"https:\\\/\\\/www.retaildetail.be\\\/nl\\\/\",\"logo\":{\"@type\":\"ImageObject\",\"inLanguage\":\"fr-FR\",\"@id\":\"https:\\\/\\\/www.retaildetail.be\\\/nl\\\/#\\\/schema\\\/logo\\\/image\\\/\",\"url\":\"https:\\\/\\\/www.retaildetail.be\\\/wp-content\\\/uploads\\\/2022\\\/04\\\/logo.svg\",\"contentUrl\":\"https:\\\/\\\/www.retaildetail.be\\\/wp-content\\\/uploads\\\/2022\\\/04\\\/logo.svg\",\"width\":131,\"height\":70,\"caption\":\"RetailDetail BE\"},\"image\":{\"@id\":\"https:\\\/\\\/www.retaildetail.be\\\/nl\\\/#\\\/schema\\\/logo\\\/image\\\/\"}},{\"@type\":\"Person\",\"@id\":\"https:\\\/\\\/www.retaildetail.be\\\/nl\\\/#\\\/schema\\\/person\\\/66b54803fa10759039079458ea89e307\",\"name\":\"Pauline Neerman\",\"image\":{\"@type\":\"ImageObject\",\"inLanguage\":\"fr-FR\",\"@id\":\"https:\\\/\\\/secure.gravatar.com\\\/avatar\\\/58db22aee589a691f9603e5765ac06010427a923f9b2728b951eb7fe27214d70?s=96&d=mm&r=g\",\"url\":\"https:\\\/\\\/secure.gravatar.com\\\/avatar\\\/58db22aee589a691f9603e5765ac06010427a923f9b2728b951eb7fe27214d70?s=96&d=mm&r=g\",\"contentUrl\":\"https:\\\/\\\/secure.gravatar.com\\\/avatar\\\/58db22aee589a691f9603e5765ac06010427a923f9b2728b951eb7fe27214d70?s=96&d=mm&r=g\",\"caption\":\"Pauline Neerman\"},\"url\":\"https:\\\/\\\/www.retaildetail.be\\\/fr\\\/author\\\/paulineneerman\\\/\"}]}<\/script>\n<!-- \/ Yoast SEO plugin. -->","yoast_head_json":{"title":"eBay se d\u00e9veloppe gr\u00e2ce \u00e0 la mode et aux jeunes consommateurs - RetailDetail BE","description":"eBay (qui d\u00e9tient \u00e9galement 2ememain) a d\u00e9marr\u00e9 l'ann\u00e9e 2026 en force, avec une forte croissance des volumes.","robots":{"index":"index","follow":"follow","max-snippet":"max-snippet:-1","max-image-preview":"max-image-preview:large","max-video-preview":"max-video-preview:-1"},"canonical":"https:\/\/www.retaildetail.be\/fr\/news\/general\/ebay-se-developpe-grace-a-la-mode-et-aux-jeunes-consommateurs\/","og_locale":"fr_FR","og_type":"article","og_title":"eBay se d\u00e9veloppe gr\u00e2ce \u00e0 la mode et aux jeunes consommateurs - RetailDetail BE","og_description":"eBay (qui d\u00e9tient \u00e9galement 2ememain) a d\u00e9marr\u00e9 l'ann\u00e9e 2026 en force, avec une forte croissance des volumes.","og_url":"https:\/\/www.retaildetail.be\/fr\/news\/general\/ebay-se-developpe-grace-a-la-mode-et-aux-jeunes-consommateurs\/","og_site_name":"RetailDetail BE","article_published_time":"2026-04-30T12:56:24+00:00","article_modified_time":"2026-04-30T12:56:25+00:00","og_image":[{"width":1350,"height":900,"url":"https:\/\/www.retaildetail.be\/wp-content\/uploads\/2026\/04\/eBay-Berlin.jpg","type":"image\/jpeg"}],"author":"Pauline Neerman","twitter_card":"summary_large_image","twitter_misc":{"\u00c9crit par":"Pauline Neerman","Dur\u00e9e de lecture estim\u00e9e":"2 minutes"},"schema":{"@context":"https:\/\/schema.org","@graph":[{"@type":"NewsArticle","@id":"https:\/\/www.retaildetail.be\/fr\/news\/general\/ebay-se-developpe-grace-a-la-mode-et-aux-jeunes-consommateurs\/#article","isPartOf":{"@id":"https:\/\/www.retaildetail.be\/fr\/news\/general\/ebay-se-developpe-grace-a-la-mode-et-aux-jeunes-consommateurs\/"},"author":{"name":"Pauline Neerman","@id":"https:\/\/www.retaildetail.be\/nl\/#\/schema\/person\/66b54803fa10759039079458ea89e307"},"headline":"eBay se d\u00e9veloppe gr\u00e2ce \u00e0 la mode et aux jeunes consommateurs","datePublished":"2026-04-30T12:56:24+00:00","dateModified":"2026-04-30T12:56:25+00:00","mainEntityOfPage":{"@id":"https:\/\/www.retaildetail.be\/fr\/news\/general\/ebay-se-developpe-grace-a-la-mode-et-aux-jeunes-consommateurs\/"},"wordCount":402,"publisher":{"@id":"https:\/\/www.retaildetail.be\/nl\/#organization"},"image":{"@id":"https:\/\/www.retaildetail.be\/fr\/news\/general\/ebay-se-developpe-grace-a-la-mode-et-aux-jeunes-consommateurs\/#primaryimage"},"thumbnailUrl":"https:\/\/www.retaildetail.be\/wp-content\/uploads\/2026\/04\/eBay-Berlin.jpg","keywords":["Tweedehands"],"articleSection":["Algemeen","G\u00e9n\u00e9ral"],"inLanguage":"fr-FR","copyrightYear":"2026","copyrightHolder":{"@id":"https:\/\/www.retaildetail.be\/#organization"}},{"@type":"WebPage","@id":"https:\/\/www.retaildetail.be\/fr\/news\/general\/ebay-se-developpe-grace-a-la-mode-et-aux-jeunes-consommateurs\/","url":"https:\/\/www.retaildetail.be\/fr\/news\/general\/ebay-se-developpe-grace-a-la-mode-et-aux-jeunes-consommateurs\/","name":"eBay se d\u00e9veloppe gr\u00e2ce \u00e0 la mode et aux jeunes consommateurs - RetailDetail BE","isPartOf":{"@id":"https:\/\/www.retaildetail.be\/nl\/#website"},"primaryImageOfPage":{"@id":"https:\/\/www.retaildetail.be\/fr\/news\/general\/ebay-se-developpe-grace-a-la-mode-et-aux-jeunes-consommateurs\/#primaryimage"},"image":{"@id":"https:\/\/www.retaildetail.be\/fr\/news\/general\/ebay-se-developpe-grace-a-la-mode-et-aux-jeunes-consommateurs\/#primaryimage"},"thumbnailUrl":"https:\/\/www.retaildetail.be\/wp-content\/uploads\/2026\/04\/eBay-Berlin.jpg","datePublished":"2026-04-30T12:56:24+00:00","dateModified":"2026-04-30T12:56:25+00:00","description":"eBay (qui d\u00e9tient \u00e9galement 2ememain) a d\u00e9marr\u00e9 l'ann\u00e9e 2026 en force, avec une forte croissance des volumes.","breadcrumb":{"@id":"https:\/\/www.retaildetail.be\/fr\/news\/general\/ebay-se-developpe-grace-a-la-mode-et-aux-jeunes-consommateurs\/#breadcrumb"},"inLanguage":"fr-FR","potentialAction":[{"@type":"ReadAction","target":["https:\/\/www.retaildetail.be\/fr\/news\/general\/ebay-se-developpe-grace-a-la-mode-et-aux-jeunes-consommateurs\/"]}]},{"@type":"ImageObject","inLanguage":"fr-FR","@id":"https:\/\/www.retaildetail.be\/fr\/news\/general\/ebay-se-developpe-grace-a-la-mode-et-aux-jeunes-consommateurs\/#primaryimage","url":"https:\/\/www.retaildetail.be\/wp-content\/uploads\/2026\/04\/eBay-Berlin.jpg","contentUrl":"https:\/\/www.retaildetail.be\/wp-content\/uploads\/2026\/04\/eBay-Berlin.jpg","width":1350,"height":900},{"@type":"BreadcrumbList","@id":"https:\/\/www.retaildetail.be\/fr\/news\/general\/ebay-se-developpe-grace-a-la-mode-et-aux-jeunes-consommateurs\/#breadcrumb","itemListElement":[{"@type":"ListItem","position":1,"name":"Home","item":"https:\/\/www.retaildetail.be\/fr\/"},{"@type":"ListItem","position":2,"name":"eBay se d\u00e9veloppe gr\u00e2ce \u00e0 la mode et aux jeunes consommateurs"}]},{"@type":"WebSite","@id":"https:\/\/www.retaildetail.be\/nl\/#website","url":"https:\/\/www.retaildetail.be\/nl\/","name":"RetailDetail BE","description":"News","publisher":{"@id":"https:\/\/www.retaildetail.be\/nl\/#organization"},"potentialAction":[{"@type":"SearchAction","target":{"@type":"EntryPoint","urlTemplate":"https:\/\/www.retaildetail.be\/nl\/?s={search_term_string}"},"query-input":{"@type":"PropertyValueSpecification","valueRequired":true,"valueName":"search_term_string"}}],"inLanguage":"fr-FR"},{"@type":"Organization","@id":"https:\/\/www.retaildetail.be\/nl\/#organization","name":"RetailDetail BE","url":"https:\/\/www.retaildetail.be\/nl\/","logo":{"@type":"ImageObject","inLanguage":"fr-FR","@id":"https:\/\/www.retaildetail.be\/nl\/#\/schema\/logo\/image\/","url":"https:\/\/www.retaildetail.be\/wp-content\/uploads\/2022\/04\/logo.svg","contentUrl":"https:\/\/www.retaildetail.be\/wp-content\/uploads\/2022\/04\/logo.svg","width":131,"height":70,"caption":"RetailDetail BE"},"image":{"@id":"https:\/\/www.retaildetail.be\/nl\/#\/schema\/logo\/image\/"}},{"@type":"Person","@id":"https:\/\/www.retaildetail.be\/nl\/#\/schema\/person\/66b54803fa10759039079458ea89e307","name":"Pauline Neerman","image":{"@type":"ImageObject","inLanguage":"fr-FR","@id":"https:\/\/secure.gravatar.com\/avatar\/58db22aee589a691f9603e5765ac06010427a923f9b2728b951eb7fe27214d70?s=96&d=mm&r=g","url":"https:\/\/secure.gravatar.com\/avatar\/58db22aee589a691f9603e5765ac06010427a923f9b2728b951eb7fe27214d70?s=96&d=mm&r=g","contentUrl":"https:\/\/secure.gravatar.com\/avatar\/58db22aee589a691f9603e5765ac06010427a923f9b2728b951eb7fe27214d70?s=96&d=mm&r=g","caption":"Pauline Neerman"},"url":"https:\/\/www.retaildetail.be\/fr\/author\/paulineneerman\/"}]}},"jetpack_featured_media_url":"https:\/\/www.retaildetail.be\/wp-content\/uploads\/2026\/04\/eBay-Berlin.jpg","jetpack_sharing_enabled":true,"_links":{"self":[{"href":"https:\/\/www.retaildetail.be\/fr\/wp-json\/wp\/v2\/posts\/147054","targetHints":{"allow":["GET"]}}],"collection":[{"href":"https:\/\/www.retaildetail.be\/fr\/wp-json\/wp\/v2\/posts"}],"about":[{"href":"https:\/\/www.retaildetail.be\/fr\/wp-json\/wp\/v2\/types\/post"}],"author":[{"embeddable":true,"href":"https:\/\/www.retaildetail.be\/fr\/wp-json\/wp\/v2\/users\/5"}],"replies":[{"embeddable":true,"href":"https:\/\/www.retaildetail.be\/fr\/wp-json\/wp\/v2\/comments?post=147054"}],"version-history":[{"count":1,"href":"https:\/\/www.retaildetail.be\/fr\/wp-json\/wp\/v2\/posts\/147054\/revisions"}],"predecessor-version":[{"id":147056,"href":"https:\/\/www.retaildetail.be\/fr\/wp-json\/wp\/v2\/posts\/147054\/revisions\/147056"}],"wp:featuredmedia":[{"embeddable":true,"href":"https:\/\/www.retaildetail.be\/fr\/wp-json\/wp\/v2\/media\/147055"}],"wp:attachment":[{"href":"https:\/\/www.retaildetail.be\/fr\/wp-json\/wp\/v2\/media?parent=147054"}],"wp:term":[{"taxonomy":"category","embeddable":true,"href":"https:\/\/www.retaildetail.be\/fr\/wp-json\/wp\/v2\/categories?post=147054"},{"taxonomy":"post_tag","embeddable":true,"href":"https:\/\/www.retaildetail.be\/fr\/wp-json\/wp\/v2\/tags?post=147054"},{"taxonomy":"people","embeddable":true,"href":"https:\/\/www.retaildetail.be\/fr\/wp-json\/wp\/v2\/people?post=147054"},{"taxonomy":"extra","embeddable":true,"href":"https:\/\/www.retaildetail.be\/fr\/wp-json\/wp\/v2\/extra?post=147054"},{"taxonomy":"company","embeddable":true,"href":"https:\/\/www.retaildetail.be\/fr\/wp-json\/wp\/v2\/company?post=147054"},{"taxonomy":"topic","embeddable":true,"href":"https:\/\/www.retaildetail.be\/fr\/wp-json\/wp\/v2\/topic?post=147054"},{"taxonomy":"region","embeddable":true,"href":"https:\/\/www.retaildetail.be\/fr\/wp-json\/wp\/v2\/region?post=147054"}],"curies":[{"name":"wp","href":"https:\/\/api.w.org\/{rel}","templated":true}]}}