{"id":147060,"date":"2026-04-30T15:00:40","date_gmt":"2026-04-30T13:00:40","guid":{"rendered":"https:\/\/www.retaildetail.be\/?p=147060"},"modified":"2026-04-30T15:00:41","modified_gmt":"2026-04-30T13:00:41","slug":"la-marque-propre-de-delhaize-fait-son-apparition-dans-les-rayons-de-louis-delhaize","status":"publish","type":"post","link":"https:\/\/www.retaildetail.be\/fr\/news\/food\/la-marque-propre-de-delhaize-fait-son-apparition-dans-les-rayons-de-louis-delhaize\/","title":{"rendered":"La marque maison Delhaize fait son apparition dans les rayons de Louis Delhaize"},"content":{"rendered":"\n<p>Depuis la finalisation du rachat par <strong>Delhaize<\/strong>, les premiers changements se font sentir dans l&rsquo;offre des magasins de proximit\u00e9 Louis Delhaize : plus de 500 r\u00e9f\u00e9rences Delhaize ont d\u00e9sormais fait leur apparition.<\/p>\n\n\n\n<h2 class=\"wp-block-heading\">\u00ab Un levier puissant \u00bb<\/h2>\n\n\n\n<p>Suite \u00e0 l&rsquo;acquisition par Delhaize, <a href=\"https:\/\/www.retaildetail.be\/fr\/news\/food\/lacquisition-de-delfood-porte-le-nombre-de-magasins-delhaize-a-1-109\/\">finalis\u00e9e en d\u00e9but d&rsquo;ann\u00e9e<\/a>, l&rsquo;assortiment \u00e9volue dans les plus de 300 magasins de proximit\u00e9 de Louis Delhaize. Le changement le plus marquant, mais certainement pas inattendu, est l&rsquo;arriv\u00e9e de la marque propre Delhaize dans les rayons. Plus de 500 r\u00e9f\u00e9rences ont d\u00e9j\u00e0 rejoint l\u2019assortiment, annonce la cha\u00eene sur ses r\u00e9seaux sociaux et son site web.<\/p>\n\n\n\n<p>\u00ab L\u2019arriv\u00e9e des produits Delhaize renforce notre promesse de qualit\u00e9 accessible, un levier puissant pour accro\u00eetre la fr\u00e9quentation et transformer durablement les habitudes d\u2019achat dans nos points de vente \u00bb, peut-on lire.<\/p>\n\n\n\n<p>Louis Delhaize faisait partie de l&rsquo;ancien groupe de distribution du m\u00eame nom, auquel appartenaient \u00e9galement <strong>Cora<\/strong> et <strong>Match<\/strong>. Au sein de Delhaize, la cha\u00eene de magasins de proximit\u00e9 continuera \u00e0 fonctionner comme une entit\u00e9 distincte, et la marque Louis Delhaize sera maintenue.<\/p>\n\n\n\n<p><\/p>\n","protected":false},"excerpt":{"rendered":"<p>Depuis la finalisation du rachat par Delhaize, les premiers changements se font sentir dans l&rsquo;offre des magasins de proximit\u00e9 Louis Delhaize : plus de 500 r\u00e9f\u00e9rences Delhaize ont d\u00e9sormais fait leur apparition.<\/p>\n","protected":false},"author":3,"featured_media":147061,"comment_status":"closed","ping_status":"closed","sticky":false,"template":"","format":"standard","meta":{"_acf_changed":false,"inline_featured_image":false,"_jetpack_memberships_contains_paid_content":false,"footnotes":""},"categories":[18,24],"tags":[],"people":[],"extra":[],"company":[196,707],"topic":[1303],"region":[226],"class_list":{"0":"post-147060","1":"post","2":"type-post","3":"status-publish","4":"format-standard","5":"has-post-thumbnail","6":"hentry","7":"category-food","9":"company-delhaize","10":"company-louis-delhaize","11":"topic-marques-de-distributeur","12":"region-belgique"},"acf":[],"yoast_head":"<!-- This site is optimized with the Yoast SEO plugin v27.3 - https:\/\/yoast.com\/product\/yoast-seo-wordpress\/ -->\n<title>La marque maison Delhaize fait son apparition dans les rayons de Louis Delhaize - RetailDetail BE<\/title>\n<meta name=\"description\" content=\"Depuis la finalisation du rachat par Delhaize, les premiers changements se font sentir dans l&#039;offre des magasins de proximit\u00e9 Louis Delhaize : plus de 500 r\u00e9f\u00e9rences Delhaize ont d\u00e9sormais fait leur apparition.\" \/>\n<meta name=\"robots\" content=\"index, follow, max-snippet:-1, max-image-preview:large, max-video-preview:-1\" \/>\n<link rel=\"canonical\" href=\"https:\/\/www.retaildetail.be\/fr\/news\/food\/la-marque-propre-de-delhaize-fait-son-apparition-dans-les-rayons-de-louis-delhaize\/\" \/>\n<meta property=\"og:locale\" content=\"fr_FR\" \/>\n<meta property=\"og:type\" content=\"article\" \/>\n<meta property=\"og:title\" content=\"La marque maison Delhaize fait son apparition dans les rayons de Louis Delhaize - RetailDetail BE\" \/>\n<meta property=\"og:description\" content=\"Depuis la finalisation du rachat par Delhaize, les premiers changements se font sentir dans l&#039;offre des magasins de proximit\u00e9 Louis Delhaize : plus de 500 r\u00e9f\u00e9rences Delhaize ont d\u00e9sormais fait leur apparition.\" \/>\n<meta property=\"og:url\" content=\"https:\/\/www.retaildetail.be\/fr\/news\/food\/la-marque-propre-de-delhaize-fait-son-apparition-dans-les-rayons-de-louis-delhaize\/\" \/>\n<meta property=\"og:site_name\" content=\"RetailDetail BE\" \/>\n<meta property=\"article:published_time\" content=\"2026-04-30T13:00:40+00:00\" \/>\n<meta property=\"article:modified_time\" content=\"2026-04-30T13:00:41+00:00\" \/>\n<meta property=\"og:image\" content=\"https:\/\/www.retaildetail.be\/wp-content\/uploads\/2026\/04\/louis-delhaize-PL-1-1.jpg\" \/>\n\t<meta property=\"og:image:width\" content=\"1206\" \/>\n\t<meta property=\"og:image:height\" content=\"846\" \/>\n\t<meta property=\"og:image:type\" content=\"image\/jpeg\" \/>\n<meta name=\"author\" content=\"Stefan Van Rompaey\" \/>\n<meta name=\"twitter:card\" content=\"summary_large_image\" \/>\n<meta name=\"twitter:label1\" content=\"\u00c9crit par\" \/>\n\t<meta name=\"twitter:data1\" content=\"Stefan Van Rompaey\" \/>\n\t<meta name=\"twitter:label2\" content=\"Dur\u00e9e de lecture estim\u00e9e\" \/>\n\t<meta name=\"twitter:data2\" content=\"1 minute\" \/>\n<script type=\"application\/ld+json\" class=\"yoast-schema-graph\">{\"@context\":\"https:\\\/\\\/schema.org\",\"@graph\":[{\"@type\":\"NewsArticle\",\"@id\":\"https:\\\/\\\/www.retaildetail.be\\\/fr\\\/news\\\/food\\\/la-marque-propre-de-delhaize-fait-son-apparition-dans-les-rayons-de-louis-delhaize\\\/#article\",\"isPartOf\":{\"@id\":\"https:\\\/\\\/www.retaildetail.be\\\/fr\\\/news\\\/food\\\/la-marque-propre-de-delhaize-fait-son-apparition-dans-les-rayons-de-louis-delhaize\\\/\"},\"author\":{\"name\":\"Stefan Van Rompaey\",\"@id\":\"https:\\\/\\\/www.retaildetail.be\\\/nl\\\/#\\\/schema\\\/person\\\/51aec6069c4416aa2f68b2e4ff3455df\"},\"headline\":\"La marque maison Delhaize fait son apparition dans les rayons de Louis Delhaize\",\"datePublished\":\"2026-04-30T13:00:40+00:00\",\"dateModified\":\"2026-04-30T13:00:41+00:00\",\"mainEntityOfPage\":{\"@id\":\"https:\\\/\\\/www.retaildetail.be\\\/fr\\\/news\\\/food\\\/la-marque-propre-de-delhaize-fait-son-apparition-dans-les-rayons-de-louis-delhaize\\\/\"},\"wordCount\":200,\"publisher\":{\"@id\":\"https:\\\/\\\/www.retaildetail.be\\\/nl\\\/#organization\"},\"image\":{\"@id\":\"https:\\\/\\\/www.retaildetail.be\\\/fr\\\/news\\\/food\\\/la-marque-propre-de-delhaize-fait-son-apparition-dans-les-rayons-de-louis-delhaize\\\/#primaryimage\"},\"thumbnailUrl\":\"https:\\\/\\\/www.retaildetail.be\\\/wp-content\\\/uploads\\\/2026\\\/04\\\/louis-delhaize-PL-1-1.jpg\",\"articleSection\":[\"Food\",\"Food\"],\"inLanguage\":\"fr-FR\",\"copyrightYear\":\"2026\",\"copyrightHolder\":{\"@id\":\"https:\\\/\\\/www.retaildetail.be\\\/#organization\"}},{\"@type\":\"WebPage\",\"@id\":\"https:\\\/\\\/www.retaildetail.be\\\/fr\\\/news\\\/food\\\/la-marque-propre-de-delhaize-fait-son-apparition-dans-les-rayons-de-louis-delhaize\\\/\",\"url\":\"https:\\\/\\\/www.retaildetail.be\\\/fr\\\/news\\\/food\\\/la-marque-propre-de-delhaize-fait-son-apparition-dans-les-rayons-de-louis-delhaize\\\/\",\"name\":\"La marque maison Delhaize fait son apparition dans les rayons de Louis Delhaize - RetailDetail BE\",\"isPartOf\":{\"@id\":\"https:\\\/\\\/www.retaildetail.be\\\/nl\\\/#website\"},\"primaryImageOfPage\":{\"@id\":\"https:\\\/\\\/www.retaildetail.be\\\/fr\\\/news\\\/food\\\/la-marque-propre-de-delhaize-fait-son-apparition-dans-les-rayons-de-louis-delhaize\\\/#primaryimage\"},\"image\":{\"@id\":\"https:\\\/\\\/www.retaildetail.be\\\/fr\\\/news\\\/food\\\/la-marque-propre-de-delhaize-fait-son-apparition-dans-les-rayons-de-louis-delhaize\\\/#primaryimage\"},\"thumbnailUrl\":\"https:\\\/\\\/www.retaildetail.be\\\/wp-content\\\/uploads\\\/2026\\\/04\\\/louis-delhaize-PL-1-1.jpg\",\"datePublished\":\"2026-04-30T13:00:40+00:00\",\"dateModified\":\"2026-04-30T13:00:41+00:00\",\"description\":\"Depuis la finalisation du rachat par Delhaize, les premiers changements se font sentir dans l'offre des magasins de proximit\u00e9 Louis Delhaize : plus de 500 r\u00e9f\u00e9rences Delhaize ont d\u00e9sormais fait leur apparition.\",\"breadcrumb\":{\"@id\":\"https:\\\/\\\/www.retaildetail.be\\\/fr\\\/news\\\/food\\\/la-marque-propre-de-delhaize-fait-son-apparition-dans-les-rayons-de-louis-delhaize\\\/#breadcrumb\"},\"inLanguage\":\"fr-FR\",\"potentialAction\":[{\"@type\":\"ReadAction\",\"target\":[\"https:\\\/\\\/www.retaildetail.be\\\/fr\\\/news\\\/food\\\/la-marque-propre-de-delhaize-fait-son-apparition-dans-les-rayons-de-louis-delhaize\\\/\"]}]},{\"@type\":\"ImageObject\",\"inLanguage\":\"fr-FR\",\"@id\":\"https:\\\/\\\/www.retaildetail.be\\\/fr\\\/news\\\/food\\\/la-marque-propre-de-delhaize-fait-son-apparition-dans-les-rayons-de-louis-delhaize\\\/#primaryimage\",\"url\":\"https:\\\/\\\/www.retaildetail.be\\\/wp-content\\\/uploads\\\/2026\\\/04\\\/louis-delhaize-PL-1-1.jpg\",\"contentUrl\":\"https:\\\/\\\/www.retaildetail.be\\\/wp-content\\\/uploads\\\/2026\\\/04\\\/louis-delhaize-PL-1-1.jpg\",\"width\":1206,\"height\":846,\"caption\":\"Louis Delhaize \\\/ Delfood\"},{\"@type\":\"BreadcrumbList\",\"@id\":\"https:\\\/\\\/www.retaildetail.be\\\/fr\\\/news\\\/food\\\/la-marque-propre-de-delhaize-fait-son-apparition-dans-les-rayons-de-louis-delhaize\\\/#breadcrumb\",\"itemListElement\":[{\"@type\":\"ListItem\",\"position\":1,\"name\":\"Home\",\"item\":\"https:\\\/\\\/www.retaildetail.be\\\/fr\\\/\"},{\"@type\":\"ListItem\",\"position\":2,\"name\":\"La marque maison Delhaize fait son apparition dans les rayons de Louis Delhaize\"}]},{\"@type\":\"WebSite\",\"@id\":\"https:\\\/\\\/www.retaildetail.be\\\/nl\\\/#website\",\"url\":\"https:\\\/\\\/www.retaildetail.be\\\/nl\\\/\",\"name\":\"RetailDetail BE\",\"description\":\"News\",\"publisher\":{\"@id\":\"https:\\\/\\\/www.retaildetail.be\\\/nl\\\/#organization\"},\"potentialAction\":[{\"@type\":\"SearchAction\",\"target\":{\"@type\":\"EntryPoint\",\"urlTemplate\":\"https:\\\/\\\/www.retaildetail.be\\\/nl\\\/?s={search_term_string}\"},\"query-input\":{\"@type\":\"PropertyValueSpecification\",\"valueRequired\":true,\"valueName\":\"search_term_string\"}}],\"inLanguage\":\"fr-FR\"},{\"@type\":\"Organization\",\"@id\":\"https:\\\/\\\/www.retaildetail.be\\\/nl\\\/#organization\",\"name\":\"RetailDetail BE\",\"url\":\"https:\\\/\\\/www.retaildetail.be\\\/nl\\\/\",\"logo\":{\"@type\":\"ImageObject\",\"inLanguage\":\"fr-FR\",\"@id\":\"https:\\\/\\\/www.retaildetail.be\\\/nl\\\/#\\\/schema\\\/logo\\\/image\\\/\",\"url\":\"https:\\\/\\\/www.retaildetail.be\\\/wp-content\\\/uploads\\\/2022\\\/04\\\/logo.svg\",\"contentUrl\":\"https:\\\/\\\/www.retaildetail.be\\\/wp-content\\\/uploads\\\/2022\\\/04\\\/logo.svg\",\"width\":131,\"height\":70,\"caption\":\"RetailDetail BE\"},\"image\":{\"@id\":\"https:\\\/\\\/www.retaildetail.be\\\/nl\\\/#\\\/schema\\\/logo\\\/image\\\/\"}},{\"@type\":\"Person\",\"@id\":\"https:\\\/\\\/www.retaildetail.be\\\/nl\\\/#\\\/schema\\\/person\\\/51aec6069c4416aa2f68b2e4ff3455df\",\"name\":\"Stefan Van Rompaey\",\"image\":{\"@type\":\"ImageObject\",\"inLanguage\":\"fr-FR\",\"@id\":\"https:\\\/\\\/secure.gravatar.com\\\/avatar\\\/fbbb4a80a0f109888b2a5ab8ae255617499ecde533749b3ab2fa6c23b5d65dac?s=96&d=mm&r=g\",\"url\":\"https:\\\/\\\/secure.gravatar.com\\\/avatar\\\/fbbb4a80a0f109888b2a5ab8ae255617499ecde533749b3ab2fa6c23b5d65dac?s=96&d=mm&r=g\",\"contentUrl\":\"https:\\\/\\\/secure.gravatar.com\\\/avatar\\\/fbbb4a80a0f109888b2a5ab8ae255617499ecde533749b3ab2fa6c23b5d65dac?s=96&d=mm&r=g\",\"caption\":\"Stefan Van Rompaey\"},\"url\":\"https:\\\/\\\/www.retaildetail.be\\\/fr\\\/author\\\/stefanvanrompaey\\\/\"}]}<\/script>\n<!-- \/ Yoast SEO plugin. -->","yoast_head_json":{"title":"La marque maison Delhaize fait son apparition dans les rayons de Louis Delhaize - RetailDetail BE","description":"Depuis la finalisation du rachat par Delhaize, les premiers changements se font sentir dans l'offre des magasins de proximit\u00e9 Louis Delhaize : plus de 500 r\u00e9f\u00e9rences Delhaize ont d\u00e9sormais fait leur apparition.","robots":{"index":"index","follow":"follow","max-snippet":"max-snippet:-1","max-image-preview":"max-image-preview:large","max-video-preview":"max-video-preview:-1"},"canonical":"https:\/\/www.retaildetail.be\/fr\/news\/food\/la-marque-propre-de-delhaize-fait-son-apparition-dans-les-rayons-de-louis-delhaize\/","og_locale":"fr_FR","og_type":"article","og_title":"La marque maison Delhaize fait son apparition dans les rayons de Louis Delhaize - RetailDetail BE","og_description":"Depuis la finalisation du rachat par Delhaize, les premiers changements se font sentir dans l'offre des magasins de proximit\u00e9 Louis Delhaize : plus de 500 r\u00e9f\u00e9rences Delhaize ont d\u00e9sormais fait leur apparition.","og_url":"https:\/\/www.retaildetail.be\/fr\/news\/food\/la-marque-propre-de-delhaize-fait-son-apparition-dans-les-rayons-de-louis-delhaize\/","og_site_name":"RetailDetail BE","article_published_time":"2026-04-30T13:00:40+00:00","article_modified_time":"2026-04-30T13:00:41+00:00","og_image":[{"width":1206,"height":846,"url":"https:\/\/www.retaildetail.be\/wp-content\/uploads\/2026\/04\/louis-delhaize-PL-1-1.jpg","type":"image\/jpeg"}],"author":"Stefan Van Rompaey","twitter_card":"summary_large_image","twitter_misc":{"\u00c9crit par":"Stefan Van Rompaey","Dur\u00e9e de lecture estim\u00e9e":"1 minute"},"schema":{"@context":"https:\/\/schema.org","@graph":[{"@type":"NewsArticle","@id":"https:\/\/www.retaildetail.be\/fr\/news\/food\/la-marque-propre-de-delhaize-fait-son-apparition-dans-les-rayons-de-louis-delhaize\/#article","isPartOf":{"@id":"https:\/\/www.retaildetail.be\/fr\/news\/food\/la-marque-propre-de-delhaize-fait-son-apparition-dans-les-rayons-de-louis-delhaize\/"},"author":{"name":"Stefan Van Rompaey","@id":"https:\/\/www.retaildetail.be\/nl\/#\/schema\/person\/51aec6069c4416aa2f68b2e4ff3455df"},"headline":"La marque maison Delhaize fait son apparition dans les rayons de Louis Delhaize","datePublished":"2026-04-30T13:00:40+00:00","dateModified":"2026-04-30T13:00:41+00:00","mainEntityOfPage":{"@id":"https:\/\/www.retaildetail.be\/fr\/news\/food\/la-marque-propre-de-delhaize-fait-son-apparition-dans-les-rayons-de-louis-delhaize\/"},"wordCount":200,"publisher":{"@id":"https:\/\/www.retaildetail.be\/nl\/#organization"},"image":{"@id":"https:\/\/www.retaildetail.be\/fr\/news\/food\/la-marque-propre-de-delhaize-fait-son-apparition-dans-les-rayons-de-louis-delhaize\/#primaryimage"},"thumbnailUrl":"https:\/\/www.retaildetail.be\/wp-content\/uploads\/2026\/04\/louis-delhaize-PL-1-1.jpg","articleSection":["Food","Food"],"inLanguage":"fr-FR","copyrightYear":"2026","copyrightHolder":{"@id":"https:\/\/www.retaildetail.be\/#organization"}},{"@type":"WebPage","@id":"https:\/\/www.retaildetail.be\/fr\/news\/food\/la-marque-propre-de-delhaize-fait-son-apparition-dans-les-rayons-de-louis-delhaize\/","url":"https:\/\/www.retaildetail.be\/fr\/news\/food\/la-marque-propre-de-delhaize-fait-son-apparition-dans-les-rayons-de-louis-delhaize\/","name":"La marque maison Delhaize fait son apparition dans les rayons de Louis Delhaize - RetailDetail BE","isPartOf":{"@id":"https:\/\/www.retaildetail.be\/nl\/#website"},"primaryImageOfPage":{"@id":"https:\/\/www.retaildetail.be\/fr\/news\/food\/la-marque-propre-de-delhaize-fait-son-apparition-dans-les-rayons-de-louis-delhaize\/#primaryimage"},"image":{"@id":"https:\/\/www.retaildetail.be\/fr\/news\/food\/la-marque-propre-de-delhaize-fait-son-apparition-dans-les-rayons-de-louis-delhaize\/#primaryimage"},"thumbnailUrl":"https:\/\/www.retaildetail.be\/wp-content\/uploads\/2026\/04\/louis-delhaize-PL-1-1.jpg","datePublished":"2026-04-30T13:00:40+00:00","dateModified":"2026-04-30T13:00:41+00:00","description":"Depuis la finalisation du rachat par Delhaize, les premiers changements se font sentir dans l'offre des magasins de proximit\u00e9 Louis Delhaize : plus de 500 r\u00e9f\u00e9rences Delhaize ont d\u00e9sormais fait leur apparition.","breadcrumb":{"@id":"https:\/\/www.retaildetail.be\/fr\/news\/food\/la-marque-propre-de-delhaize-fait-son-apparition-dans-les-rayons-de-louis-delhaize\/#breadcrumb"},"inLanguage":"fr-FR","potentialAction":[{"@type":"ReadAction","target":["https:\/\/www.retaildetail.be\/fr\/news\/food\/la-marque-propre-de-delhaize-fait-son-apparition-dans-les-rayons-de-louis-delhaize\/"]}]},{"@type":"ImageObject","inLanguage":"fr-FR","@id":"https:\/\/www.retaildetail.be\/fr\/news\/food\/la-marque-propre-de-delhaize-fait-son-apparition-dans-les-rayons-de-louis-delhaize\/#primaryimage","url":"https:\/\/www.retaildetail.be\/wp-content\/uploads\/2026\/04\/louis-delhaize-PL-1-1.jpg","contentUrl":"https:\/\/www.retaildetail.be\/wp-content\/uploads\/2026\/04\/louis-delhaize-PL-1-1.jpg","width":1206,"height":846,"caption":"Louis Delhaize \/ Delfood"},{"@type":"BreadcrumbList","@id":"https:\/\/www.retaildetail.be\/fr\/news\/food\/la-marque-propre-de-delhaize-fait-son-apparition-dans-les-rayons-de-louis-delhaize\/#breadcrumb","itemListElement":[{"@type":"ListItem","position":1,"name":"Home","item":"https:\/\/www.retaildetail.be\/fr\/"},{"@type":"ListItem","position":2,"name":"La marque maison Delhaize fait son apparition dans les rayons de Louis Delhaize"}]},{"@type":"WebSite","@id":"https:\/\/www.retaildetail.be\/nl\/#website","url":"https:\/\/www.retaildetail.be\/nl\/","name":"RetailDetail BE","description":"News","publisher":{"@id":"https:\/\/www.retaildetail.be\/nl\/#organization"},"potentialAction":[{"@type":"SearchAction","target":{"@type":"EntryPoint","urlTemplate":"https:\/\/www.retaildetail.be\/nl\/?s={search_term_string}"},"query-input":{"@type":"PropertyValueSpecification","valueRequired":true,"valueName":"search_term_string"}}],"inLanguage":"fr-FR"},{"@type":"Organization","@id":"https:\/\/www.retaildetail.be\/nl\/#organization","name":"RetailDetail BE","url":"https:\/\/www.retaildetail.be\/nl\/","logo":{"@type":"ImageObject","inLanguage":"fr-FR","@id":"https:\/\/www.retaildetail.be\/nl\/#\/schema\/logo\/image\/","url":"https:\/\/www.retaildetail.be\/wp-content\/uploads\/2022\/04\/logo.svg","contentUrl":"https:\/\/www.retaildetail.be\/wp-content\/uploads\/2022\/04\/logo.svg","width":131,"height":70,"caption":"RetailDetail BE"},"image":{"@id":"https:\/\/www.retaildetail.be\/nl\/#\/schema\/logo\/image\/"}},{"@type":"Person","@id":"https:\/\/www.retaildetail.be\/nl\/#\/schema\/person\/51aec6069c4416aa2f68b2e4ff3455df","name":"Stefan Van Rompaey","image":{"@type":"ImageObject","inLanguage":"fr-FR","@id":"https:\/\/secure.gravatar.com\/avatar\/fbbb4a80a0f109888b2a5ab8ae255617499ecde533749b3ab2fa6c23b5d65dac?s=96&d=mm&r=g","url":"https:\/\/secure.gravatar.com\/avatar\/fbbb4a80a0f109888b2a5ab8ae255617499ecde533749b3ab2fa6c23b5d65dac?s=96&d=mm&r=g","contentUrl":"https:\/\/secure.gravatar.com\/avatar\/fbbb4a80a0f109888b2a5ab8ae255617499ecde533749b3ab2fa6c23b5d65dac?s=96&d=mm&r=g","caption":"Stefan Van Rompaey"},"url":"https:\/\/www.retaildetail.be\/fr\/author\/stefanvanrompaey\/"}]}},"jetpack_featured_media_url":"https:\/\/www.retaildetail.be\/wp-content\/uploads\/2026\/04\/louis-delhaize-PL-1-1.jpg","jetpack_sharing_enabled":true,"_links":{"self":[{"href":"https:\/\/www.retaildetail.be\/fr\/wp-json\/wp\/v2\/posts\/147060","targetHints":{"allow":["GET"]}}],"collection":[{"href":"https:\/\/www.retaildetail.be\/fr\/wp-json\/wp\/v2\/posts"}],"about":[{"href":"https:\/\/www.retaildetail.be\/fr\/wp-json\/wp\/v2\/types\/post"}],"author":[{"embeddable":true,"href":"https:\/\/www.retaildetail.be\/fr\/wp-json\/wp\/v2\/users\/3"}],"replies":[{"embeddable":true,"href":"https:\/\/www.retaildetail.be\/fr\/wp-json\/wp\/v2\/comments?post=147060"}],"version-history":[{"count":1,"href":"https:\/\/www.retaildetail.be\/fr\/wp-json\/wp\/v2\/posts\/147060\/revisions"}],"predecessor-version":[{"id":147062,"href":"https:\/\/www.retaildetail.be\/fr\/wp-json\/wp\/v2\/posts\/147060\/revisions\/147062"}],"wp:featuredmedia":[{"embeddable":true,"href":"https:\/\/www.retaildetail.be\/fr\/wp-json\/wp\/v2\/media\/147061"}],"wp:attachment":[{"href":"https:\/\/www.retaildetail.be\/fr\/wp-json\/wp\/v2\/media?parent=147060"}],"wp:term":[{"taxonomy":"category","embeddable":true,"href":"https:\/\/www.retaildetail.be\/fr\/wp-json\/wp\/v2\/categories?post=147060"},{"taxonomy":"post_tag","embeddable":true,"href":"https:\/\/www.retaildetail.be\/fr\/wp-json\/wp\/v2\/tags?post=147060"},{"taxonomy":"people","embeddable":true,"href":"https:\/\/www.retaildetail.be\/fr\/wp-json\/wp\/v2\/people?post=147060"},{"taxonomy":"extra","embeddable":true,"href":"https:\/\/www.retaildetail.be\/fr\/wp-json\/wp\/v2\/extra?post=147060"},{"taxonomy":"company","embeddable":true,"href":"https:\/\/www.retaildetail.be\/fr\/wp-json\/wp\/v2\/company?post=147060"},{"taxonomy":"topic","embeddable":true,"href":"https:\/\/www.retaildetail.be\/fr\/wp-json\/wp\/v2\/topic?post=147060"},{"taxonomy":"region","embeddable":true,"href":"https:\/\/www.retaildetail.be\/fr\/wp-json\/wp\/v2\/region?post=147060"}],"curies":[{"name":"wp","href":"https:\/\/api.w.org\/{rel}","templated":true}]}}