{"id":147072,"date":"2026-04-30T13:01:00","date_gmt":"2026-04-30T11:01:00","guid":{"rendered":"https:\/\/www.retaildetail.be\/?p=147072"},"modified":"2026-04-30T16:01:59","modified_gmt":"2026-04-30T14:01:59","slug":"les-detaillants-belges-plaident-en-faveur-dune-interdiction-de-la-vente-de-tabac-aux-jeunes","status":"publish","type":"post","link":"https:\/\/www.retaildetail.be\/fr\/news\/food\/les-detaillants-belges-plaident-en-faveur-dune-interdiction-de-la-vente-de-tabac-aux-jeunes\/","title":{"rendered":"Les d\u00e9taillants belges plaident en faveur d&rsquo;une interdiction de la vente de tabac aux jeunes"},"content":{"rendered":"\n<p>\u00c0 l&rsquo;instar de l&rsquo;interdiction r\u00e9cemment mise en place au Royaume-Uni concernant la vente de tabac aux jeunes, la f\u00e9d\u00e9ration du commerce de d\u00e9tail Comeos et l&rsquo;organisation des ind\u00e9pendants Unizo plaident \u00e9galement en faveur d&rsquo;une interdiction g\u00e9n\u00e9rale en Belgique.<\/p>\n\n\n\n<h2 class=\"wp-block-heading\">Faire dispara\u00eetre le tabac<\/h2>\n\n\n\n<p>Toute personne n\u00e9e le 1er janvier 2009 ou apr\u00e8s ne devrait jamais pouvoir acheter de produits du tabac. Cette proposition surprenante \u00e9mane de la f\u00e9d\u00e9ration commerciale belge Comeos, apr\u00e8s que le Royaume-Uni a r\u00e9cemment introduit une interdiction similaire. Cette mesure vise \u00e0 faire dispara\u00eetre compl\u00e8tement le tabac et les cigarettes \u00e9lectroniques de la soci\u00e9t\u00e9 \u00e0 terme.<\/p>\n\n\n\n<p>Cette nouvelle proposition fait suite \u00e0 un arr\u00eat de la Cour constitutionnelle : la r\u00e9glementation actuelle qui interdit en Belgique la vente de produits du tabac dans les supermarch\u00e9s d&rsquo;une superficie d&rsquo;au moins 400 m\u00b2 est discriminatoire. Le gouvernement doit pr\u00e9senter une nouvelle l\u00e9gislation d&rsquo;ici la fin de l&rsquo;ann\u00e9e. Le ministre de la Sant\u00e9 publique et vice-Premier ministre Frank Vandenbroucke pr\u00e9conise d\u00e9sormais une interdiction totale pour tous les magasins d&rsquo;alimentation, quelle que soit leur superficie.<\/p>\n\n\n\n<p>Buurtsuper.be, l&rsquo;organisation Unizo des supermarch\u00e9s ind\u00e9pendants, soutient la proposition de Comeos, mais souhaite que le gouvernement laisse les magasins choisir eux-m\u00eames entre vendre du tabac ou des produits alimentaires. L&rsquo;organisation des ind\u00e9pendants avait auparavant engag\u00e9 une proc\u00e9dure devant la Cour constitutionnelle contre l&rsquo;interdiction initiale, en invoquant le principe d&rsquo;\u00e9galit\u00e9. Pour les magasins d&rsquo;alimentation de moins de 400 m\u00b2, l&rsquo;organisation plaide en faveur d&rsquo;une politique progressive avec un report jusqu&rsquo;en 2028.<\/p>\n","protected":false},"excerpt":{"rendered":"<p>\u00c0 l&rsquo;instar de l&rsquo;interdiction r\u00e9cemment mise en place au Royaume-Uni concernant la vente de tabac aux jeunes, la f\u00e9d\u00e9ration du commerce de d\u00e9tail Comeos et l&rsquo;organisation des ind\u00e9pendants Unizo plaident \u00e9galement en faveur d&rsquo;une interdiction g\u00e9n\u00e9rale en Belgique.<\/p>\n","protected":false},"author":3,"featured_media":147073,"comment_status":"closed","ping_status":"closed","sticky":false,"template":"","format":"standard","meta":{"_acf_changed":false,"inline_featured_image":false,"_jetpack_memberships_contains_paid_content":false,"footnotes":""},"categories":[18,24],"tags":[2006],"people":[],"extra":[],"company":[],"topic":[710],"region":[226],"class_list":{"0":"post-147072","1":"post","2":"type-post","3":"status-publish","4":"format-standard","5":"has-post-thumbnail","6":"hentry","7":"category-food","9":"tag-tabac","10":"topic-legislation","11":"region-belgique"},"acf":[],"yoast_head":"<!-- This site is optimized with the Yoast SEO plugin v27.3 - https:\/\/yoast.com\/product\/yoast-seo-wordpress\/ -->\n<title>Les d\u00e9taillants belges plaident en faveur d&#039;une interdiction de la vente de tabac aux jeunes - RetailDetail BE<\/title>\n<meta name=\"description\" content=\"\u00c0 l&#039;instar de l&#039;interdiction r\u00e9cemment mise en place au Royaume-Uni concernant la vente de tabac aux jeunes, la f\u00e9d\u00e9ration du commerce de d\u00e9tail Comeos et l&#039;organisation des ind\u00e9pendants Unizo plaident \u00e9galement en faveur d&#039;une interdiction g\u00e9n\u00e9rale en Belgique.\" \/>\n<meta name=\"robots\" content=\"index, follow, max-snippet:-1, max-image-preview:large, max-video-preview:-1\" \/>\n<link rel=\"canonical\" href=\"https:\/\/www.retaildetail.be\/fr\/news\/food\/les-detaillants-belges-plaident-en-faveur-dune-interdiction-de-la-vente-de-tabac-aux-jeunes\/\" \/>\n<meta property=\"og:locale\" content=\"fr_FR\" \/>\n<meta property=\"og:type\" content=\"article\" \/>\n<meta property=\"og:title\" content=\"Les d\u00e9taillants belges plaident en faveur d&#039;une interdiction de la vente de tabac aux jeunes - RetailDetail BE\" \/>\n<meta property=\"og:description\" content=\"\u00c0 l&#039;instar de l&#039;interdiction r\u00e9cemment mise en place au Royaume-Uni concernant la vente de tabac aux jeunes, la f\u00e9d\u00e9ration du commerce de d\u00e9tail Comeos et l&#039;organisation des ind\u00e9pendants Unizo plaident \u00e9galement en faveur d&#039;une interdiction g\u00e9n\u00e9rale en Belgique.\" \/>\n<meta property=\"og:url\" content=\"https:\/\/www.retaildetail.be\/fr\/news\/food\/les-detaillants-belges-plaident-en-faveur-dune-interdiction-de-la-vente-de-tabac-aux-jeunes\/\" \/>\n<meta property=\"og:site_name\" content=\"RetailDetail BE\" \/>\n<meta property=\"article:published_time\" content=\"2026-04-30T11:01:00+00:00\" \/>\n<meta property=\"article:modified_time\" content=\"2026-04-30T14:01:59+00:00\" \/>\n<meta property=\"og:image\" content=\"https:\/\/www.retaildetail.be\/wp-content\/uploads\/2026\/04\/shutterstock_sigaretten_tabak-1.jpg\" \/>\n\t<meta property=\"og:image:width\" content=\"1000\" \/>\n\t<meta property=\"og:image:height\" content=\"665\" \/>\n\t<meta property=\"og:image:type\" content=\"image\/jpeg\" \/>\n<meta name=\"author\" content=\"Stefan Van Rompaey\" \/>\n<meta name=\"twitter:card\" content=\"summary_large_image\" \/>\n<meta name=\"twitter:label1\" content=\"\u00c9crit par\" \/>\n\t<meta name=\"twitter:data1\" content=\"Stefan Van Rompaey\" \/>\n\t<meta name=\"twitter:label2\" content=\"Dur\u00e9e de lecture estim\u00e9e\" \/>\n\t<meta name=\"twitter:data2\" content=\"1 minute\" \/>\n<script type=\"application\/ld+json\" class=\"yoast-schema-graph\">{\"@context\":\"https:\\\/\\\/schema.org\",\"@graph\":[{\"@type\":\"NewsArticle\",\"@id\":\"https:\\\/\\\/www.retaildetail.be\\\/fr\\\/news\\\/food\\\/les-detaillants-belges-plaident-en-faveur-dune-interdiction-de-la-vente-de-tabac-aux-jeunes\\\/#article\",\"isPartOf\":{\"@id\":\"https:\\\/\\\/www.retaildetail.be\\\/fr\\\/news\\\/food\\\/les-detaillants-belges-plaident-en-faveur-dune-interdiction-de-la-vente-de-tabac-aux-jeunes\\\/\"},\"author\":{\"name\":\"Stefan Van Rompaey\",\"@id\":\"https:\\\/\\\/www.retaildetail.be\\\/nl\\\/#\\\/schema\\\/person\\\/51aec6069c4416aa2f68b2e4ff3455df\"},\"headline\":\"Les d\u00e9taillants belges plaident en faveur d&rsquo;une interdiction de la vente de tabac aux jeunes\",\"datePublished\":\"2026-04-30T11:01:00+00:00\",\"dateModified\":\"2026-04-30T14:01:59+00:00\",\"mainEntityOfPage\":{\"@id\":\"https:\\\/\\\/www.retaildetail.be\\\/fr\\\/news\\\/food\\\/les-detaillants-belges-plaident-en-faveur-dune-interdiction-de-la-vente-de-tabac-aux-jeunes\\\/\"},\"wordCount\":299,\"publisher\":{\"@id\":\"https:\\\/\\\/www.retaildetail.be\\\/nl\\\/#organization\"},\"image\":{\"@id\":\"https:\\\/\\\/www.retaildetail.be\\\/fr\\\/news\\\/food\\\/les-detaillants-belges-plaident-en-faveur-dune-interdiction-de-la-vente-de-tabac-aux-jeunes\\\/#primaryimage\"},\"thumbnailUrl\":\"https:\\\/\\\/www.retaildetail.be\\\/wp-content\\\/uploads\\\/2026\\\/04\\\/shutterstock_sigaretten_tabak-1.jpg\",\"keywords\":[\"tabac\"],\"articleSection\":[\"Food\",\"Food\"],\"inLanguage\":\"fr-FR\",\"copyrightYear\":\"2026\",\"copyrightHolder\":{\"@id\":\"https:\\\/\\\/www.retaildetail.be\\\/#organization\"}},{\"@type\":\"WebPage\",\"@id\":\"https:\\\/\\\/www.retaildetail.be\\\/fr\\\/news\\\/food\\\/les-detaillants-belges-plaident-en-faveur-dune-interdiction-de-la-vente-de-tabac-aux-jeunes\\\/\",\"url\":\"https:\\\/\\\/www.retaildetail.be\\\/fr\\\/news\\\/food\\\/les-detaillants-belges-plaident-en-faveur-dune-interdiction-de-la-vente-de-tabac-aux-jeunes\\\/\",\"name\":\"Les d\u00e9taillants belges plaident en faveur d'une interdiction de la vente de tabac aux jeunes - RetailDetail BE\",\"isPartOf\":{\"@id\":\"https:\\\/\\\/www.retaildetail.be\\\/nl\\\/#website\"},\"primaryImageOfPage\":{\"@id\":\"https:\\\/\\\/www.retaildetail.be\\\/fr\\\/news\\\/food\\\/les-detaillants-belges-plaident-en-faveur-dune-interdiction-de-la-vente-de-tabac-aux-jeunes\\\/#primaryimage\"},\"image\":{\"@id\":\"https:\\\/\\\/www.retaildetail.be\\\/fr\\\/news\\\/food\\\/les-detaillants-belges-plaident-en-faveur-dune-interdiction-de-la-vente-de-tabac-aux-jeunes\\\/#primaryimage\"},\"thumbnailUrl\":\"https:\\\/\\\/www.retaildetail.be\\\/wp-content\\\/uploads\\\/2026\\\/04\\\/shutterstock_sigaretten_tabak-1.jpg\",\"datePublished\":\"2026-04-30T11:01:00+00:00\",\"dateModified\":\"2026-04-30T14:01:59+00:00\",\"description\":\"\u00c0 l'instar de l'interdiction r\u00e9cemment mise en place au Royaume-Uni concernant la vente de tabac aux jeunes, la f\u00e9d\u00e9ration du commerce de d\u00e9tail Comeos et l'organisation des ind\u00e9pendants Unizo plaident \u00e9galement en faveur d'une interdiction g\u00e9n\u00e9rale en Belgique.\",\"breadcrumb\":{\"@id\":\"https:\\\/\\\/www.retaildetail.be\\\/fr\\\/news\\\/food\\\/les-detaillants-belges-plaident-en-faveur-dune-interdiction-de-la-vente-de-tabac-aux-jeunes\\\/#breadcrumb\"},\"inLanguage\":\"fr-FR\",\"potentialAction\":[{\"@type\":\"ReadAction\",\"target\":[\"https:\\\/\\\/www.retaildetail.be\\\/fr\\\/news\\\/food\\\/les-detaillants-belges-plaident-en-faveur-dune-interdiction-de-la-vente-de-tabac-aux-jeunes\\\/\"]}]},{\"@type\":\"ImageObject\",\"inLanguage\":\"fr-FR\",\"@id\":\"https:\\\/\\\/www.retaildetail.be\\\/fr\\\/news\\\/food\\\/les-detaillants-belges-plaident-en-faveur-dune-interdiction-de-la-vente-de-tabac-aux-jeunes\\\/#primaryimage\",\"url\":\"https:\\\/\\\/www.retaildetail.be\\\/wp-content\\\/uploads\\\/2026\\\/04\\\/shutterstock_sigaretten_tabak-1.jpg\",\"contentUrl\":\"https:\\\/\\\/www.retaildetail.be\\\/wp-content\\\/uploads\\\/2026\\\/04\\\/shutterstock_sigaretten_tabak-1.jpg\",\"width\":1000,\"height\":665,\"caption\":\"Shutterstock\"},{\"@type\":\"BreadcrumbList\",\"@id\":\"https:\\\/\\\/www.retaildetail.be\\\/fr\\\/news\\\/food\\\/les-detaillants-belges-plaident-en-faveur-dune-interdiction-de-la-vente-de-tabac-aux-jeunes\\\/#breadcrumb\",\"itemListElement\":[{\"@type\":\"ListItem\",\"position\":1,\"name\":\"Home\",\"item\":\"https:\\\/\\\/www.retaildetail.be\\\/fr\\\/\"},{\"@type\":\"ListItem\",\"position\":2,\"name\":\"Les d\u00e9taillants belges plaident en faveur d&#8217;une interdiction de la vente de tabac aux jeunes\"}]},{\"@type\":\"WebSite\",\"@id\":\"https:\\\/\\\/www.retaildetail.be\\\/nl\\\/#website\",\"url\":\"https:\\\/\\\/www.retaildetail.be\\\/nl\\\/\",\"name\":\"RetailDetail BE\",\"description\":\"News\",\"publisher\":{\"@id\":\"https:\\\/\\\/www.retaildetail.be\\\/nl\\\/#organization\"},\"potentialAction\":[{\"@type\":\"SearchAction\",\"target\":{\"@type\":\"EntryPoint\",\"urlTemplate\":\"https:\\\/\\\/www.retaildetail.be\\\/nl\\\/?s={search_term_string}\"},\"query-input\":{\"@type\":\"PropertyValueSpecification\",\"valueRequired\":true,\"valueName\":\"search_term_string\"}}],\"inLanguage\":\"fr-FR\"},{\"@type\":\"Organization\",\"@id\":\"https:\\\/\\\/www.retaildetail.be\\\/nl\\\/#organization\",\"name\":\"RetailDetail BE\",\"url\":\"https:\\\/\\\/www.retaildetail.be\\\/nl\\\/\",\"logo\":{\"@type\":\"ImageObject\",\"inLanguage\":\"fr-FR\",\"@id\":\"https:\\\/\\\/www.retaildetail.be\\\/nl\\\/#\\\/schema\\\/logo\\\/image\\\/\",\"url\":\"https:\\\/\\\/www.retaildetail.be\\\/wp-content\\\/uploads\\\/2022\\\/04\\\/logo.svg\",\"contentUrl\":\"https:\\\/\\\/www.retaildetail.be\\\/wp-content\\\/uploads\\\/2022\\\/04\\\/logo.svg\",\"width\":131,\"height\":70,\"caption\":\"RetailDetail BE\"},\"image\":{\"@id\":\"https:\\\/\\\/www.retaildetail.be\\\/nl\\\/#\\\/schema\\\/logo\\\/image\\\/\"}},{\"@type\":\"Person\",\"@id\":\"https:\\\/\\\/www.retaildetail.be\\\/nl\\\/#\\\/schema\\\/person\\\/51aec6069c4416aa2f68b2e4ff3455df\",\"name\":\"Stefan Van Rompaey\",\"image\":{\"@type\":\"ImageObject\",\"inLanguage\":\"fr-FR\",\"@id\":\"https:\\\/\\\/secure.gravatar.com\\\/avatar\\\/fbbb4a80a0f109888b2a5ab8ae255617499ecde533749b3ab2fa6c23b5d65dac?s=96&d=mm&r=g\",\"url\":\"https:\\\/\\\/secure.gravatar.com\\\/avatar\\\/fbbb4a80a0f109888b2a5ab8ae255617499ecde533749b3ab2fa6c23b5d65dac?s=96&d=mm&r=g\",\"contentUrl\":\"https:\\\/\\\/secure.gravatar.com\\\/avatar\\\/fbbb4a80a0f109888b2a5ab8ae255617499ecde533749b3ab2fa6c23b5d65dac?s=96&d=mm&r=g\",\"caption\":\"Stefan Van Rompaey\"},\"url\":\"https:\\\/\\\/www.retaildetail.be\\\/fr\\\/author\\\/stefanvanrompaey\\\/\"}]}<\/script>\n<!-- \/ Yoast SEO plugin. -->","yoast_head_json":{"title":"Les d\u00e9taillants belges plaident en faveur d'une interdiction de la vente de tabac aux jeunes - RetailDetail BE","description":"\u00c0 l'instar de l'interdiction r\u00e9cemment mise en place au Royaume-Uni concernant la vente de tabac aux jeunes, la f\u00e9d\u00e9ration du commerce de d\u00e9tail Comeos et l'organisation des ind\u00e9pendants Unizo plaident \u00e9galement en faveur d'une interdiction g\u00e9n\u00e9rale en Belgique.","robots":{"index":"index","follow":"follow","max-snippet":"max-snippet:-1","max-image-preview":"max-image-preview:large","max-video-preview":"max-video-preview:-1"},"canonical":"https:\/\/www.retaildetail.be\/fr\/news\/food\/les-detaillants-belges-plaident-en-faveur-dune-interdiction-de-la-vente-de-tabac-aux-jeunes\/","og_locale":"fr_FR","og_type":"article","og_title":"Les d\u00e9taillants belges plaident en faveur d'une interdiction de la vente de tabac aux jeunes - RetailDetail BE","og_description":"\u00c0 l'instar de l'interdiction r\u00e9cemment mise en place au Royaume-Uni concernant la vente de tabac aux jeunes, la f\u00e9d\u00e9ration du commerce de d\u00e9tail Comeos et l'organisation des ind\u00e9pendants Unizo plaident \u00e9galement en faveur d'une interdiction g\u00e9n\u00e9rale en Belgique.","og_url":"https:\/\/www.retaildetail.be\/fr\/news\/food\/les-detaillants-belges-plaident-en-faveur-dune-interdiction-de-la-vente-de-tabac-aux-jeunes\/","og_site_name":"RetailDetail BE","article_published_time":"2026-04-30T11:01:00+00:00","article_modified_time":"2026-04-30T14:01:59+00:00","og_image":[{"width":1000,"height":665,"url":"https:\/\/www.retaildetail.be\/wp-content\/uploads\/2026\/04\/shutterstock_sigaretten_tabak-1.jpg","type":"image\/jpeg"}],"author":"Stefan Van Rompaey","twitter_card":"summary_large_image","twitter_misc":{"\u00c9crit par":"Stefan Van Rompaey","Dur\u00e9e de lecture estim\u00e9e":"1 minute"},"schema":{"@context":"https:\/\/schema.org","@graph":[{"@type":"NewsArticle","@id":"https:\/\/www.retaildetail.be\/fr\/news\/food\/les-detaillants-belges-plaident-en-faveur-dune-interdiction-de-la-vente-de-tabac-aux-jeunes\/#article","isPartOf":{"@id":"https:\/\/www.retaildetail.be\/fr\/news\/food\/les-detaillants-belges-plaident-en-faveur-dune-interdiction-de-la-vente-de-tabac-aux-jeunes\/"},"author":{"name":"Stefan Van Rompaey","@id":"https:\/\/www.retaildetail.be\/nl\/#\/schema\/person\/51aec6069c4416aa2f68b2e4ff3455df"},"headline":"Les d\u00e9taillants belges plaident en faveur d&rsquo;une interdiction de la vente de tabac aux jeunes","datePublished":"2026-04-30T11:01:00+00:00","dateModified":"2026-04-30T14:01:59+00:00","mainEntityOfPage":{"@id":"https:\/\/www.retaildetail.be\/fr\/news\/food\/les-detaillants-belges-plaident-en-faveur-dune-interdiction-de-la-vente-de-tabac-aux-jeunes\/"},"wordCount":299,"publisher":{"@id":"https:\/\/www.retaildetail.be\/nl\/#organization"},"image":{"@id":"https:\/\/www.retaildetail.be\/fr\/news\/food\/les-detaillants-belges-plaident-en-faveur-dune-interdiction-de-la-vente-de-tabac-aux-jeunes\/#primaryimage"},"thumbnailUrl":"https:\/\/www.retaildetail.be\/wp-content\/uploads\/2026\/04\/shutterstock_sigaretten_tabak-1.jpg","keywords":["tabac"],"articleSection":["Food","Food"],"inLanguage":"fr-FR","copyrightYear":"2026","copyrightHolder":{"@id":"https:\/\/www.retaildetail.be\/#organization"}},{"@type":"WebPage","@id":"https:\/\/www.retaildetail.be\/fr\/news\/food\/les-detaillants-belges-plaident-en-faveur-dune-interdiction-de-la-vente-de-tabac-aux-jeunes\/","url":"https:\/\/www.retaildetail.be\/fr\/news\/food\/les-detaillants-belges-plaident-en-faveur-dune-interdiction-de-la-vente-de-tabac-aux-jeunes\/","name":"Les d\u00e9taillants belges plaident en faveur d'une interdiction de la vente de tabac aux jeunes - RetailDetail BE","isPartOf":{"@id":"https:\/\/www.retaildetail.be\/nl\/#website"},"primaryImageOfPage":{"@id":"https:\/\/www.retaildetail.be\/fr\/news\/food\/les-detaillants-belges-plaident-en-faveur-dune-interdiction-de-la-vente-de-tabac-aux-jeunes\/#primaryimage"},"image":{"@id":"https:\/\/www.retaildetail.be\/fr\/news\/food\/les-detaillants-belges-plaident-en-faveur-dune-interdiction-de-la-vente-de-tabac-aux-jeunes\/#primaryimage"},"thumbnailUrl":"https:\/\/www.retaildetail.be\/wp-content\/uploads\/2026\/04\/shutterstock_sigaretten_tabak-1.jpg","datePublished":"2026-04-30T11:01:00+00:00","dateModified":"2026-04-30T14:01:59+00:00","description":"\u00c0 l'instar de l'interdiction r\u00e9cemment mise en place au Royaume-Uni concernant la vente de tabac aux jeunes, la f\u00e9d\u00e9ration du commerce de d\u00e9tail Comeos et l'organisation des ind\u00e9pendants Unizo plaident \u00e9galement en faveur d'une interdiction g\u00e9n\u00e9rale en Belgique.","breadcrumb":{"@id":"https:\/\/www.retaildetail.be\/fr\/news\/food\/les-detaillants-belges-plaident-en-faveur-dune-interdiction-de-la-vente-de-tabac-aux-jeunes\/#breadcrumb"},"inLanguage":"fr-FR","potentialAction":[{"@type":"ReadAction","target":["https:\/\/www.retaildetail.be\/fr\/news\/food\/les-detaillants-belges-plaident-en-faveur-dune-interdiction-de-la-vente-de-tabac-aux-jeunes\/"]}]},{"@type":"ImageObject","inLanguage":"fr-FR","@id":"https:\/\/www.retaildetail.be\/fr\/news\/food\/les-detaillants-belges-plaident-en-faveur-dune-interdiction-de-la-vente-de-tabac-aux-jeunes\/#primaryimage","url":"https:\/\/www.retaildetail.be\/wp-content\/uploads\/2026\/04\/shutterstock_sigaretten_tabak-1.jpg","contentUrl":"https:\/\/www.retaildetail.be\/wp-content\/uploads\/2026\/04\/shutterstock_sigaretten_tabak-1.jpg","width":1000,"height":665,"caption":"Shutterstock"},{"@type":"BreadcrumbList","@id":"https:\/\/www.retaildetail.be\/fr\/news\/food\/les-detaillants-belges-plaident-en-faveur-dune-interdiction-de-la-vente-de-tabac-aux-jeunes\/#breadcrumb","itemListElement":[{"@type":"ListItem","position":1,"name":"Home","item":"https:\/\/www.retaildetail.be\/fr\/"},{"@type":"ListItem","position":2,"name":"Les d\u00e9taillants belges plaident en faveur d&#8217;une interdiction de la vente de tabac aux jeunes"}]},{"@type":"WebSite","@id":"https:\/\/www.retaildetail.be\/nl\/#website","url":"https:\/\/www.retaildetail.be\/nl\/","name":"RetailDetail BE","description":"News","publisher":{"@id":"https:\/\/www.retaildetail.be\/nl\/#organization"},"potentialAction":[{"@type":"SearchAction","target":{"@type":"EntryPoint","urlTemplate":"https:\/\/www.retaildetail.be\/nl\/?s={search_term_string}"},"query-input":{"@type":"PropertyValueSpecification","valueRequired":true,"valueName":"search_term_string"}}],"inLanguage":"fr-FR"},{"@type":"Organization","@id":"https:\/\/www.retaildetail.be\/nl\/#organization","name":"RetailDetail BE","url":"https:\/\/www.retaildetail.be\/nl\/","logo":{"@type":"ImageObject","inLanguage":"fr-FR","@id":"https:\/\/www.retaildetail.be\/nl\/#\/schema\/logo\/image\/","url":"https:\/\/www.retaildetail.be\/wp-content\/uploads\/2022\/04\/logo.svg","contentUrl":"https:\/\/www.retaildetail.be\/wp-content\/uploads\/2022\/04\/logo.svg","width":131,"height":70,"caption":"RetailDetail BE"},"image":{"@id":"https:\/\/www.retaildetail.be\/nl\/#\/schema\/logo\/image\/"}},{"@type":"Person","@id":"https:\/\/www.retaildetail.be\/nl\/#\/schema\/person\/51aec6069c4416aa2f68b2e4ff3455df","name":"Stefan Van Rompaey","image":{"@type":"ImageObject","inLanguage":"fr-FR","@id":"https:\/\/secure.gravatar.com\/avatar\/fbbb4a80a0f109888b2a5ab8ae255617499ecde533749b3ab2fa6c23b5d65dac?s=96&d=mm&r=g","url":"https:\/\/secure.gravatar.com\/avatar\/fbbb4a80a0f109888b2a5ab8ae255617499ecde533749b3ab2fa6c23b5d65dac?s=96&d=mm&r=g","contentUrl":"https:\/\/secure.gravatar.com\/avatar\/fbbb4a80a0f109888b2a5ab8ae255617499ecde533749b3ab2fa6c23b5d65dac?s=96&d=mm&r=g","caption":"Stefan Van Rompaey"},"url":"https:\/\/www.retaildetail.be\/fr\/author\/stefanvanrompaey\/"}]}},"jetpack_featured_media_url":"https:\/\/www.retaildetail.be\/wp-content\/uploads\/2026\/04\/shutterstock_sigaretten_tabak-1.jpg","jetpack_sharing_enabled":true,"_links":{"self":[{"href":"https:\/\/www.retaildetail.be\/fr\/wp-json\/wp\/v2\/posts\/147072","targetHints":{"allow":["GET"]}}],"collection":[{"href":"https:\/\/www.retaildetail.be\/fr\/wp-json\/wp\/v2\/posts"}],"about":[{"href":"https:\/\/www.retaildetail.be\/fr\/wp-json\/wp\/v2\/types\/post"}],"author":[{"embeddable":true,"href":"https:\/\/www.retaildetail.be\/fr\/wp-json\/wp\/v2\/users\/3"}],"replies":[{"embeddable":true,"href":"https:\/\/www.retaildetail.be\/fr\/wp-json\/wp\/v2\/comments?post=147072"}],"version-history":[{"count":1,"href":"https:\/\/www.retaildetail.be\/fr\/wp-json\/wp\/v2\/posts\/147072\/revisions"}],"predecessor-version":[{"id":147074,"href":"https:\/\/www.retaildetail.be\/fr\/wp-json\/wp\/v2\/posts\/147072\/revisions\/147074"}],"wp:featuredmedia":[{"embeddable":true,"href":"https:\/\/www.retaildetail.be\/fr\/wp-json\/wp\/v2\/media\/147073"}],"wp:attachment":[{"href":"https:\/\/www.retaildetail.be\/fr\/wp-json\/wp\/v2\/media?parent=147072"}],"wp:term":[{"taxonomy":"category","embeddable":true,"href":"https:\/\/www.retaildetail.be\/fr\/wp-json\/wp\/v2\/categories?post=147072"},{"taxonomy":"post_tag","embeddable":true,"href":"https:\/\/www.retaildetail.be\/fr\/wp-json\/wp\/v2\/tags?post=147072"},{"taxonomy":"people","embeddable":true,"href":"https:\/\/www.retaildetail.be\/fr\/wp-json\/wp\/v2\/people?post=147072"},{"taxonomy":"extra","embeddable":true,"href":"https:\/\/www.retaildetail.be\/fr\/wp-json\/wp\/v2\/extra?post=147072"},{"taxonomy":"company","embeddable":true,"href":"https:\/\/www.retaildetail.be\/fr\/wp-json\/wp\/v2\/company?post=147072"},{"taxonomy":"topic","embeddable":true,"href":"https:\/\/www.retaildetail.be\/fr\/wp-json\/wp\/v2\/topic?post=147072"},{"taxonomy":"region","embeddable":true,"href":"https:\/\/www.retaildetail.be\/fr\/wp-json\/wp\/v2\/region?post=147072"}],"curies":[{"name":"wp","href":"https:\/\/api.w.org\/{rel}","templated":true}]}}