{"id":1490,"date":"2012-03-27T10:34:34","date_gmt":"2012-03-27T10:34:34","guid":{"rendered":"https:\/\/www.retaildetail.be\/mode\/la-vente-aux-encheres-des-pieces-de-van-beirendonck-rapporte-59000-euros\/"},"modified":"2012-03-27T10:34:34","modified_gmt":"2012-03-27T10:34:34","slug":"la-vente-aux-encheres-des-pieces-de-van-beirendonck-rapporte-59000-euros","status":"publish","type":"post","link":"https:\/\/www.retaildetail.be\/fr\/news\/mode\/la-vente-aux-encheres-des-pieces-de-van-beirendonck-rapporte-59000-euros\/","title":{"rendered":"La vente aux ench\u00e8res des pi\u00e8ces de Van Beirendonck rapporte 59.000 euros"},"content":{"rendered":"<h2>Jeudi, jour d\u2019exposition<\/h2>\n<p>Jeudi dernier, la maison de vente Moyersoen organisait un jour d\u2019exposition, qui a attir\u00e9 beaucoup de monde, m\u00eame de l\u2019\u00e9tranger. \u00ab La premi\u00e8re heure, il y avait certainement une centaine de visiteurs \u00bb, affirme Bart Engels de la maison de vente. \u00ab Ensuite, c\u2019\u00e9tait plus calme. Il y avait de nombreuses personnes du monde de la mode, \u00e9galement des Italiens, des N\u00e9erlandais et des Allemands. \u00bb<\/p>\n<p>Tout a \u00e9t\u00e9 mis en vente : allant des pi\u00e8ces de collection et accessoires au mobilier du magasin (dont le fameux ours garde-robe en polyester de 8m de long), en passant par les mannequins et les attributs de d\u00e9fil\u00e9s, jusqu\u2019au mat\u00e9riel de bureau et l\u2019\u00e9clairage, voire m\u00eame des sacs en papier.<\/p>\n<h2>\n<br \/>Vendredi,\u00a0 derni\u00e8res offres<\/h2>\n<p>La vente aux ench\u00e8res s\u2019est d\u00e9roul\u00e9e uniquement via internet. \u00ab C\u2019est une proc\u00e9dure transparente dans le cadre d\u2019une\u00a0 faillite \u00bb, souligne\u00a0 Moyersoen. La vente a suscit\u00e9 un vif int\u00e9r\u00eat, principalement des Japonnais et des Russes. Rien d\u2019\u00e9tonnant, car Van Beirendonck\u00a0 y est tr\u00e8s populaire.<\/p>\n<p>Finalement la vente aura rapport\u00e9 59.000 euros, comme l\u2019a communiqu\u00e9 la maison de vente. Toutefois ce montant suffira-t-il \u00e0 rembourser tous les cr\u00e9anciers ? Parmi eux, le propri\u00e9taire du magasin qui, selon Van Beirendonck lui-m\u00eame, est \u00e0 la base de la faillite,\u00a0 suite \u00e0 un loyer plus que doubl\u00e9.<\/p>\n<p>\u00a0<\/p>\n<p>\u00a0<\/p>\n<p><em>Traduit par Marie-No\u00eblle Masure<\/em><\/p>\n","protected":false},"excerpt":{"rendered":"<p>Jeudi, jour d\u2019exposition Jeudi dernier, la maison de vente Moyersoen organisait un jour d\u2019exposition, qui a attir\u00e9 beaucoup de monde, m\u00eame de l\u2019\u00e9tranger. \u00ab La premi\u00e8re heure, il y avait certainement une centaine de visiteurs \u00bb, affirme Bart Engels de la maison de vente. \u00ab Ensuite, c\u2019\u00e9tait plus calme. Il y avait de nombreuses personnes [&hellip;]<\/p>\n","protected":false},"author":1,"featured_media":84,"comment_status":"closed","ping_status":"closed","sticky":false,"template":"","format":"standard","meta":{"_acf_changed":false,"inline_featured_image":false,"_jetpack_memberships_contains_paid_content":false,"footnotes":""},"categories":[22],"tags":[],"people":[],"extra":[],"company":[],"topic":[],"region":[],"class_list":["post-1490","post","type-post","status-publish","format-standard","has-post-thumbnail","hentry","category-mode"],"acf":[],"yoast_head":"<!-- This site is optimized with the Yoast SEO plugin v27.3 - https:\/\/yoast.com\/product\/yoast-seo-wordpress\/ -->\n<title>La vente aux ench\u00e8res des pi\u00e8ces de Van Beirendonck rapporte 59.000 euros - RetailDetail BE<\/title>\n<meta name=\"robots\" content=\"index, follow, max-snippet:-1, max-image-preview:large, max-video-preview:-1\" \/>\n<link rel=\"canonical\" href=\"https:\/\/www.retaildetail.be\/fr\/news\/mode\/la-vente-aux-encheres-des-pieces-de-van-beirendonck-rapporte-59000-euros\/\" \/>\n<meta property=\"og:locale\" content=\"fr_FR\" \/>\n<meta property=\"og:type\" content=\"article\" \/>\n<meta property=\"og:title\" content=\"La vente aux ench\u00e8res des pi\u00e8ces de Van Beirendonck rapporte 59.000 euros - RetailDetail BE\" \/>\n<meta property=\"og:description\" content=\"Jeudi, jour d\u2019exposition Jeudi dernier, la maison de vente Moyersoen organisait un jour d\u2019exposition, qui a attir\u00e9 beaucoup de monde, m\u00eame de l\u2019\u00e9tranger. \u00ab La premi\u00e8re heure, il y avait certainement une centaine de visiteurs \u00bb, affirme Bart Engels de la maison de vente. \u00ab Ensuite, c\u2019\u00e9tait plus calme. Il y avait de nombreuses personnes [&hellip;]\" \/>\n<meta property=\"og:url\" content=\"https:\/\/www.retaildetail.be\/fr\/news\/mode\/la-vente-aux-encheres-des-pieces-de-van-beirendonck-rapporte-59000-euros\/\" \/>\n<meta property=\"og:site_name\" content=\"RetailDetail BE\" \/>\n<meta property=\"article:published_time\" content=\"2012-03-27T10:34:34+00:00\" \/>\n<meta property=\"og:image\" content=\"https:\/\/i0.wp.com\/www.retaildetail.be\/wp-content\/uploads\/2022\/04\/logo.png?fit=281%2C147&quality=100&strip=all&ssl=1\" \/>\n\t<meta property=\"og:image:width\" content=\"281\" \/>\n\t<meta property=\"og:image:height\" content=\"147\" \/>\n\t<meta property=\"og:image:type\" content=\"image\/png\" \/>\n<meta name=\"author\" content=\"dev@grandiz.com\" \/>\n<meta name=\"twitter:card\" content=\"summary_large_image\" \/>\n<meta name=\"twitter:label1\" content=\"\u00c9crit par\" \/>\n\t<meta name=\"twitter:data1\" content=\"dev@grandiz.com\" \/>\n\t<meta name=\"twitter:label2\" content=\"Dur\u00e9e de lecture estim\u00e9e\" \/>\n\t<meta name=\"twitter:data2\" content=\"1 minute\" \/>\n<script type=\"application\/ld+json\" class=\"yoast-schema-graph\">{\"@context\":\"https:\\\/\\\/schema.org\",\"@graph\":[{\"@type\":\"NewsArticle\",\"@id\":\"https:\\\/\\\/www.retaildetail.be\\\/fr\\\/news\\\/mode\\\/la-vente-aux-encheres-des-pieces-de-van-beirendonck-rapporte-59000-euros\\\/#article\",\"isPartOf\":{\"@id\":\"https:\\\/\\\/www.retaildetail.be\\\/fr\\\/news\\\/mode\\\/la-vente-aux-encheres-des-pieces-de-van-beirendonck-rapporte-59000-euros\\\/\"},\"author\":{\"name\":\"dev@grandiz.com\",\"@id\":\"https:\\\/\\\/www.retaildetail.be\\\/nl\\\/#\\\/schema\\\/person\\\/ba2d383452a753a3a1ce8cdb349b5fc9\"},\"headline\":\"La vente aux ench\u00e8res des pi\u00e8ces de Van Beirendonck rapporte 59.000 euros\",\"datePublished\":\"2012-03-27T10:34:34+00:00\",\"mainEntityOfPage\":{\"@id\":\"https:\\\/\\\/www.retaildetail.be\\\/fr\\\/news\\\/mode\\\/la-vente-aux-encheres-des-pieces-de-van-beirendonck-rapporte-59000-euros\\\/\"},\"wordCount\":252,\"publisher\":{\"@id\":\"https:\\\/\\\/www.retaildetail.be\\\/nl\\\/#organization\"},\"image\":{\"@id\":\"https:\\\/\\\/www.retaildetail.be\\\/fr\\\/news\\\/mode\\\/la-vente-aux-encheres-des-pieces-de-van-beirendonck-rapporte-59000-euros\\\/#primaryimage\"},\"thumbnailUrl\":\"https:\\\/\\\/www.retaildetail.be\\\/wp-content\\\/uploads\\\/2022\\\/04\\\/logo.png\",\"articleSection\":[\"Mode\"],\"inLanguage\":\"fr-FR\",\"copyrightYear\":\"2012\",\"copyrightHolder\":{\"@id\":\"https:\\\/\\\/www.retaildetail.be\\\/#organization\"}},{\"@type\":\"WebPage\",\"@id\":\"https:\\\/\\\/www.retaildetail.be\\\/fr\\\/news\\\/mode\\\/la-vente-aux-encheres-des-pieces-de-van-beirendonck-rapporte-59000-euros\\\/\",\"url\":\"https:\\\/\\\/www.retaildetail.be\\\/fr\\\/news\\\/mode\\\/la-vente-aux-encheres-des-pieces-de-van-beirendonck-rapporte-59000-euros\\\/\",\"name\":\"La vente aux ench\u00e8res des pi\u00e8ces de Van Beirendonck rapporte 59.000 euros - RetailDetail BE\",\"isPartOf\":{\"@id\":\"https:\\\/\\\/www.retaildetail.be\\\/nl\\\/#website\"},\"primaryImageOfPage\":{\"@id\":\"https:\\\/\\\/www.retaildetail.be\\\/fr\\\/news\\\/mode\\\/la-vente-aux-encheres-des-pieces-de-van-beirendonck-rapporte-59000-euros\\\/#primaryimage\"},\"image\":{\"@id\":\"https:\\\/\\\/www.retaildetail.be\\\/fr\\\/news\\\/mode\\\/la-vente-aux-encheres-des-pieces-de-van-beirendonck-rapporte-59000-euros\\\/#primaryimage\"},\"thumbnailUrl\":\"https:\\\/\\\/www.retaildetail.be\\\/wp-content\\\/uploads\\\/2022\\\/04\\\/logo.png\",\"datePublished\":\"2012-03-27T10:34:34+00:00\",\"breadcrumb\":{\"@id\":\"https:\\\/\\\/www.retaildetail.be\\\/fr\\\/news\\\/mode\\\/la-vente-aux-encheres-des-pieces-de-van-beirendonck-rapporte-59000-euros\\\/#breadcrumb\"},\"inLanguage\":\"fr-FR\",\"potentialAction\":[{\"@type\":\"ReadAction\",\"target\":[\"https:\\\/\\\/www.retaildetail.be\\\/fr\\\/news\\\/mode\\\/la-vente-aux-encheres-des-pieces-de-van-beirendonck-rapporte-59000-euros\\\/\"]}]},{\"@type\":\"ImageObject\",\"inLanguage\":\"fr-FR\",\"@id\":\"https:\\\/\\\/www.retaildetail.be\\\/fr\\\/news\\\/mode\\\/la-vente-aux-encheres-des-pieces-de-van-beirendonck-rapporte-59000-euros\\\/#primaryimage\",\"url\":\"https:\\\/\\\/www.retaildetail.be\\\/wp-content\\\/uploads\\\/2022\\\/04\\\/logo.png\",\"contentUrl\":\"https:\\\/\\\/www.retaildetail.be\\\/wp-content\\\/uploads\\\/2022\\\/04\\\/logo.png\",\"width\":281,\"height\":147},{\"@type\":\"BreadcrumbList\",\"@id\":\"https:\\\/\\\/www.retaildetail.be\\\/fr\\\/news\\\/mode\\\/la-vente-aux-encheres-des-pieces-de-van-beirendonck-rapporte-59000-euros\\\/#breadcrumb\",\"itemListElement\":[{\"@type\":\"ListItem\",\"position\":1,\"name\":\"Home\",\"item\":\"https:\\\/\\\/www.retaildetail.be\\\/fr\\\/\"},{\"@type\":\"ListItem\",\"position\":2,\"name\":\"La vente aux ench\u00e8res des pi\u00e8ces de Van Beirendonck rapporte 59.000 euros\"}]},{\"@type\":\"WebSite\",\"@id\":\"https:\\\/\\\/www.retaildetail.be\\\/nl\\\/#website\",\"url\":\"https:\\\/\\\/www.retaildetail.be\\\/nl\\\/\",\"name\":\"RetailDetail BE\",\"description\":\"News\",\"publisher\":{\"@id\":\"https:\\\/\\\/www.retaildetail.be\\\/nl\\\/#organization\"},\"potentialAction\":[{\"@type\":\"SearchAction\",\"target\":{\"@type\":\"EntryPoint\",\"urlTemplate\":\"https:\\\/\\\/www.retaildetail.be\\\/nl\\\/?s={search_term_string}\"},\"query-input\":{\"@type\":\"PropertyValueSpecification\",\"valueRequired\":true,\"valueName\":\"search_term_string\"}}],\"inLanguage\":\"fr-FR\"},{\"@type\":\"Organization\",\"@id\":\"https:\\\/\\\/www.retaildetail.be\\\/nl\\\/#organization\",\"name\":\"RetailDetail BE\",\"url\":\"https:\\\/\\\/www.retaildetail.be\\\/nl\\\/\",\"logo\":{\"@type\":\"ImageObject\",\"inLanguage\":\"fr-FR\",\"@id\":\"https:\\\/\\\/www.retaildetail.be\\\/nl\\\/#\\\/schema\\\/logo\\\/image\\\/\",\"url\":\"https:\\\/\\\/www.retaildetail.be\\\/wp-content\\\/uploads\\\/2022\\\/04\\\/logo.svg\",\"contentUrl\":\"https:\\\/\\\/www.retaildetail.be\\\/wp-content\\\/uploads\\\/2022\\\/04\\\/logo.svg\",\"width\":131,\"height\":70,\"caption\":\"RetailDetail BE\"},\"image\":{\"@id\":\"https:\\\/\\\/www.retaildetail.be\\\/nl\\\/#\\\/schema\\\/logo\\\/image\\\/\"}},{\"@type\":\"Person\",\"@id\":\"https:\\\/\\\/www.retaildetail.be\\\/nl\\\/#\\\/schema\\\/person\\\/ba2d383452a753a3a1ce8cdb349b5fc9\",\"name\":\"dev@grandiz.com\",\"image\":{\"@type\":\"ImageObject\",\"inLanguage\":\"fr-FR\",\"@id\":\"https:\\\/\\\/secure.gravatar.com\\\/avatar\\\/5f53ce9fb6eed4a60e5aaaa712be8773880fa9459d9cac9bc4aa4fdbce3f447f?s=96&d=mm&r=g\",\"url\":\"https:\\\/\\\/secure.gravatar.com\\\/avatar\\\/5f53ce9fb6eed4a60e5aaaa712be8773880fa9459d9cac9bc4aa4fdbce3f447f?s=96&d=mm&r=g\",\"contentUrl\":\"https:\\\/\\\/secure.gravatar.com\\\/avatar\\\/5f53ce9fb6eed4a60e5aaaa712be8773880fa9459d9cac9bc4aa4fdbce3f447f?s=96&d=mm&r=g\",\"caption\":\"dev@grandiz.com\"},\"sameAs\":[\"http:\\\/\\\/preprod.retaildetail.be\"],\"url\":\"https:\\\/\\\/www.retaildetail.be\\\/fr\\\/author\\\/devgrandiz-com\\\/\"}]}<\/script>\n<!-- \/ Yoast SEO plugin. -->","yoast_head_json":{"title":"La vente aux ench\u00e8res des pi\u00e8ces de Van Beirendonck rapporte 59.000 euros - RetailDetail BE","robots":{"index":"index","follow":"follow","max-snippet":"max-snippet:-1","max-image-preview":"max-image-preview:large","max-video-preview":"max-video-preview:-1"},"canonical":"https:\/\/www.retaildetail.be\/fr\/news\/mode\/la-vente-aux-encheres-des-pieces-de-van-beirendonck-rapporte-59000-euros\/","og_locale":"fr_FR","og_type":"article","og_title":"La vente aux ench\u00e8res des pi\u00e8ces de Van Beirendonck rapporte 59.000 euros - RetailDetail BE","og_description":"Jeudi, jour d\u2019exposition Jeudi dernier, la maison de vente Moyersoen organisait un jour d\u2019exposition, qui a attir\u00e9 beaucoup de monde, m\u00eame de l\u2019\u00e9tranger. \u00ab La premi\u00e8re heure, il y avait certainement une centaine de visiteurs \u00bb, affirme Bart Engels de la maison de vente. \u00ab Ensuite, c\u2019\u00e9tait plus calme. Il y avait de nombreuses personnes [&hellip;]","og_url":"https:\/\/www.retaildetail.be\/fr\/news\/mode\/la-vente-aux-encheres-des-pieces-de-van-beirendonck-rapporte-59000-euros\/","og_site_name":"RetailDetail BE","article_published_time":"2012-03-27T10:34:34+00:00","og_image":[{"width":281,"height":147,"url":"https:\/\/i0.wp.com\/www.retaildetail.be\/wp-content\/uploads\/2022\/04\/logo.png?fit=281%2C147&quality=100&strip=all&ssl=1","type":"image\/png"}],"author":"dev@grandiz.com","twitter_card":"summary_large_image","twitter_misc":{"\u00c9crit par":"dev@grandiz.com","Dur\u00e9e de lecture estim\u00e9e":"1 minute"},"schema":{"@context":"https:\/\/schema.org","@graph":[{"@type":"NewsArticle","@id":"https:\/\/www.retaildetail.be\/fr\/news\/mode\/la-vente-aux-encheres-des-pieces-de-van-beirendonck-rapporte-59000-euros\/#article","isPartOf":{"@id":"https:\/\/www.retaildetail.be\/fr\/news\/mode\/la-vente-aux-encheres-des-pieces-de-van-beirendonck-rapporte-59000-euros\/"},"author":{"name":"dev@grandiz.com","@id":"https:\/\/www.retaildetail.be\/nl\/#\/schema\/person\/ba2d383452a753a3a1ce8cdb349b5fc9"},"headline":"La vente aux ench\u00e8res des pi\u00e8ces de Van Beirendonck rapporte 59.000 euros","datePublished":"2012-03-27T10:34:34+00:00","mainEntityOfPage":{"@id":"https:\/\/www.retaildetail.be\/fr\/news\/mode\/la-vente-aux-encheres-des-pieces-de-van-beirendonck-rapporte-59000-euros\/"},"wordCount":252,"publisher":{"@id":"https:\/\/www.retaildetail.be\/nl\/#organization"},"image":{"@id":"https:\/\/www.retaildetail.be\/fr\/news\/mode\/la-vente-aux-encheres-des-pieces-de-van-beirendonck-rapporte-59000-euros\/#primaryimage"},"thumbnailUrl":"https:\/\/www.retaildetail.be\/wp-content\/uploads\/2022\/04\/logo.png","articleSection":["Mode"],"inLanguage":"fr-FR","copyrightYear":"2012","copyrightHolder":{"@id":"https:\/\/www.retaildetail.be\/#organization"}},{"@type":"WebPage","@id":"https:\/\/www.retaildetail.be\/fr\/news\/mode\/la-vente-aux-encheres-des-pieces-de-van-beirendonck-rapporte-59000-euros\/","url":"https:\/\/www.retaildetail.be\/fr\/news\/mode\/la-vente-aux-encheres-des-pieces-de-van-beirendonck-rapporte-59000-euros\/","name":"La vente aux ench\u00e8res des pi\u00e8ces de Van Beirendonck rapporte 59.000 euros - RetailDetail BE","isPartOf":{"@id":"https:\/\/www.retaildetail.be\/nl\/#website"},"primaryImageOfPage":{"@id":"https:\/\/www.retaildetail.be\/fr\/news\/mode\/la-vente-aux-encheres-des-pieces-de-van-beirendonck-rapporte-59000-euros\/#primaryimage"},"image":{"@id":"https:\/\/www.retaildetail.be\/fr\/news\/mode\/la-vente-aux-encheres-des-pieces-de-van-beirendonck-rapporte-59000-euros\/#primaryimage"},"thumbnailUrl":"https:\/\/www.retaildetail.be\/wp-content\/uploads\/2022\/04\/logo.png","datePublished":"2012-03-27T10:34:34+00:00","breadcrumb":{"@id":"https:\/\/www.retaildetail.be\/fr\/news\/mode\/la-vente-aux-encheres-des-pieces-de-van-beirendonck-rapporte-59000-euros\/#breadcrumb"},"inLanguage":"fr-FR","potentialAction":[{"@type":"ReadAction","target":["https:\/\/www.retaildetail.be\/fr\/news\/mode\/la-vente-aux-encheres-des-pieces-de-van-beirendonck-rapporte-59000-euros\/"]}]},{"@type":"ImageObject","inLanguage":"fr-FR","@id":"https:\/\/www.retaildetail.be\/fr\/news\/mode\/la-vente-aux-encheres-des-pieces-de-van-beirendonck-rapporte-59000-euros\/#primaryimage","url":"https:\/\/www.retaildetail.be\/wp-content\/uploads\/2022\/04\/logo.png","contentUrl":"https:\/\/www.retaildetail.be\/wp-content\/uploads\/2022\/04\/logo.png","width":281,"height":147},{"@type":"BreadcrumbList","@id":"https:\/\/www.retaildetail.be\/fr\/news\/mode\/la-vente-aux-encheres-des-pieces-de-van-beirendonck-rapporte-59000-euros\/#breadcrumb","itemListElement":[{"@type":"ListItem","position":1,"name":"Home","item":"https:\/\/www.retaildetail.be\/fr\/"},{"@type":"ListItem","position":2,"name":"La vente aux ench\u00e8res des pi\u00e8ces de Van Beirendonck rapporte 59.000 euros"}]},{"@type":"WebSite","@id":"https:\/\/www.retaildetail.be\/nl\/#website","url":"https:\/\/www.retaildetail.be\/nl\/","name":"RetailDetail BE","description":"News","publisher":{"@id":"https:\/\/www.retaildetail.be\/nl\/#organization"},"potentialAction":[{"@type":"SearchAction","target":{"@type":"EntryPoint","urlTemplate":"https:\/\/www.retaildetail.be\/nl\/?s={search_term_string}"},"query-input":{"@type":"PropertyValueSpecification","valueRequired":true,"valueName":"search_term_string"}}],"inLanguage":"fr-FR"},{"@type":"Organization","@id":"https:\/\/www.retaildetail.be\/nl\/#organization","name":"RetailDetail BE","url":"https:\/\/www.retaildetail.be\/nl\/","logo":{"@type":"ImageObject","inLanguage":"fr-FR","@id":"https:\/\/www.retaildetail.be\/nl\/#\/schema\/logo\/image\/","url":"https:\/\/www.retaildetail.be\/wp-content\/uploads\/2022\/04\/logo.svg","contentUrl":"https:\/\/www.retaildetail.be\/wp-content\/uploads\/2022\/04\/logo.svg","width":131,"height":70,"caption":"RetailDetail BE"},"image":{"@id":"https:\/\/www.retaildetail.be\/nl\/#\/schema\/logo\/image\/"}},{"@type":"Person","@id":"https:\/\/www.retaildetail.be\/nl\/#\/schema\/person\/ba2d383452a753a3a1ce8cdb349b5fc9","name":"dev@grandiz.com","image":{"@type":"ImageObject","inLanguage":"fr-FR","@id":"https:\/\/secure.gravatar.com\/avatar\/5f53ce9fb6eed4a60e5aaaa712be8773880fa9459d9cac9bc4aa4fdbce3f447f?s=96&d=mm&r=g","url":"https:\/\/secure.gravatar.com\/avatar\/5f53ce9fb6eed4a60e5aaaa712be8773880fa9459d9cac9bc4aa4fdbce3f447f?s=96&d=mm&r=g","contentUrl":"https:\/\/secure.gravatar.com\/avatar\/5f53ce9fb6eed4a60e5aaaa712be8773880fa9459d9cac9bc4aa4fdbce3f447f?s=96&d=mm&r=g","caption":"dev@grandiz.com"},"sameAs":["http:\/\/preprod.retaildetail.be"],"url":"https:\/\/www.retaildetail.be\/fr\/author\/devgrandiz-com\/"}]}},"jetpack_featured_media_url":"https:\/\/www.retaildetail.be\/wp-content\/uploads\/2022\/04\/logo.png","jetpack_sharing_enabled":true,"_links":{"self":[{"href":"https:\/\/www.retaildetail.be\/fr\/wp-json\/wp\/v2\/posts\/1490","targetHints":{"allow":["GET"]}}],"collection":[{"href":"https:\/\/www.retaildetail.be\/fr\/wp-json\/wp\/v2\/posts"}],"about":[{"href":"https:\/\/www.retaildetail.be\/fr\/wp-json\/wp\/v2\/types\/post"}],"author":[{"embeddable":true,"href":"https:\/\/www.retaildetail.be\/fr\/wp-json\/wp\/v2\/users\/1"}],"replies":[{"embeddable":true,"href":"https:\/\/www.retaildetail.be\/fr\/wp-json\/wp\/v2\/comments?post=1490"}],"version-history":[{"count":0,"href":"https:\/\/www.retaildetail.be\/fr\/wp-json\/wp\/v2\/posts\/1490\/revisions"}],"wp:featuredmedia":[{"embeddable":true,"href":"https:\/\/www.retaildetail.be\/fr\/wp-json\/wp\/v2\/media\/84"}],"wp:attachment":[{"href":"https:\/\/www.retaildetail.be\/fr\/wp-json\/wp\/v2\/media?parent=1490"}],"wp:term":[{"taxonomy":"category","embeddable":true,"href":"https:\/\/www.retaildetail.be\/fr\/wp-json\/wp\/v2\/categories?post=1490"},{"taxonomy":"post_tag","embeddable":true,"href":"https:\/\/www.retaildetail.be\/fr\/wp-json\/wp\/v2\/tags?post=1490"},{"taxonomy":"people","embeddable":true,"href":"https:\/\/www.retaildetail.be\/fr\/wp-json\/wp\/v2\/people?post=1490"},{"taxonomy":"extra","embeddable":true,"href":"https:\/\/www.retaildetail.be\/fr\/wp-json\/wp\/v2\/extra?post=1490"},{"taxonomy":"company","embeddable":true,"href":"https:\/\/www.retaildetail.be\/fr\/wp-json\/wp\/v2\/company?post=1490"},{"taxonomy":"topic","embeddable":true,"href":"https:\/\/www.retaildetail.be\/fr\/wp-json\/wp\/v2\/topic?post=1490"},{"taxonomy":"region","embeddable":true,"href":"https:\/\/www.retaildetail.be\/fr\/wp-json\/wp\/v2\/region?post=1490"}],"curies":[{"name":"wp","href":"https:\/\/api.w.org\/{rel}","templated":true}]}}