{"id":1518,"date":"2012-04-02T11:38:12","date_gmt":"2012-04-02T11:38:12","guid":{"rendered":"https:\/\/www.retaildetail.be\/mode\/lagence-de-mode-arw-retail-ambitionne-louverture-de-8-a-10-magasins-par\/"},"modified":"2012-04-02T11:38:12","modified_gmt":"2012-04-02T11:38:12","slug":"lagence-de-mode-arw-retail-ambitionne-louverture-de-8-a-10-magasins-par","status":"publish","type":"post","link":"https:\/\/www.retaildetail.be\/fr\/news\/mode\/lagence-de-mode-arw-retail-ambitionne-louverture-de-8-a-10-magasins-par\/","title":{"rendered":"L\u2019agence de mode ARW Retail ambitionne l\u2019ouverture de 8 \u00e0 10 magasins par an"},"content":{"rendered":"<h2>Une \u00e9tape logique<\/h2>\n<p>ARW n\u2019est pas un inconnu dans les cercles de la mode. Depuis 1989 le groupe distribue via le Trade Mart \u00e0 Bruxelles (pr\u00e8s de l\u2019Atomium) une vingtaine de marques en exclusivit\u00e9 et compte plus de 2000 boutiques belges en tant que client.<\/p>\n<p>En 2006 l\u2019entreprise a lanc\u00e9 sa propre cha\u00eene de magasins mono-marques (Gerry Weber, Brax et Fred Perry), compl\u00e9t\u00e9e par des shop-in-shops, notamment aux Galeria Inno. \u00ab Autrefois Brax avait des pantalons, des pulls et des chemises, mais a commenc\u00e9 \u00e0 produire une collection enti\u00e8re \u00bb, explique le co-fondateur Rik Wouters au magazine Trends. \u00ab Gerry Weber et Fred Perry sont \u00e9galement devenus des marques tr\u00e8s populaires en Europe. L\u2019ouverture de magasins ne vendant qu\u2019une seule marque ou une famille de marques, \u00e9tait une \u00e9tape logique. \u00bb<\/p>\n<p>\u00a0\u00ab Ce sont des marques qui peuvent attirer un tr\u00e8s large public, avec des marques s\u0153urs plus branch\u00e9es, plus sportives ou proposant des tailles plus larges \u00bb, ajoute son coll\u00e8gue Mark Fransen. \u00ab Nous concurren\u00e7ons des magasins tels Zara, Massimo Dutti ou Esprit, mais pas les Dolce &amp; Gabanna, ni les Zeeman. \u00bb<\/p>\n<h2>\n<br \/>30 magasins en Flandre<\/h2>\n<p>Le r\u00e9seau compte actuellement 30 boutiques, toutes en Flandre. Toutefois le groupe cherche \u00e9galement \u00e0 s\u2019implanter \u00e0 Bruxelles, \u00ab mais nous devons trouver le bon emplacement \u00e0 un prix acceptable. Notre magasin id\u00e9al a une surface de 200 \u00e0 350 m\u00b2 et se situe dans un quartier avec beaucoup de passage. Pour nos 30 boutiques actuelles, nous avons visit\u00e9 plus de 300 endroits. A pr\u00e9sent nos recherches sont plus cibl\u00e9es. \u00bb, pr\u00e9cise Rik Wouters.<\/p>\n<p>Mais ARW Retail doit faire face \u00e0 un autre probl\u00e8me : \u00ab Le succ\u00e8s d\u2019un magasin d\u00e9pend de l\u2019endroit o\u00f9 il est implant\u00e9, des marques et du personnel. On peut ma\u00eetriser les deux premiers facteurs, mais il est tr\u00e8s difficile de trouver du bon personnel. Un bon ou un mauvais personnel peut faire une diff\u00e9rence de 10 \u00e0 15 % au niveau du\u00a0 chiffre de vente \u00bb , estime\u00a0 Mark Fransen<\/p>\n<p>Et ce n\u2019est pas l\u2019ambition qui manque : \u00ab Nous souhaitons continuer \u00e0 progresser au m\u00eame rythme en ouvrant\u00a0 8 \u00e0 10 magasins par an. Nous en avons le potentiel et les capacit\u00e9s financi\u00e8res. Mais cela doit rester rentable. \u00bb<\/p>\n<p>ARW Retail a \u00e9t\u00e9 \u00e9lu par le magazine Trends, comme l\u2019entreprise ayant connu la croissance la plus rapide de la R\u00e9gion Bruxelles-Capitale\u00a0 dans la cat\u00e9gorie des \u00ab petites entreprises \u00bb\u00a0 et ce durant ces cinq derni\u00e8res ann\u00e9es (2006-2010). Dans la cat\u00e9gorie des \u00ab gazelles moyennes \u00bb, Zara Home Belgique obtient une septi\u00e8me place et dans le hit-parade des grandes entreprises Nespresso Belgique figure en 19i\u00e8me position.<\/p>\n<p>\u00a0<\/p>\n<p>\u00a0<\/p>\n<p><em>Traduit par Marie-No\u00eblle Masure<\/em><\/p>\n","protected":false},"excerpt":{"rendered":"<p>Une \u00e9tape logique ARW n\u2019est pas un inconnu dans les cercles de la mode. Depuis 1989 le groupe distribue via le Trade Mart \u00e0 Bruxelles (pr\u00e8s de l\u2019Atomium) une vingtaine de marques en exclusivit\u00e9 et compte plus de 2000 boutiques belges en tant que client. En 2006 l\u2019entreprise a lanc\u00e9 sa propre cha\u00eene de magasins [&hellip;]<\/p>\n","protected":false},"author":1,"featured_media":84,"comment_status":"closed","ping_status":"closed","sticky":false,"template":"","format":"standard","meta":{"_acf_changed":false,"inline_featured_image":false,"_jetpack_memberships_contains_paid_content":false,"footnotes":""},"categories":[22],"tags":[],"people":[],"extra":[],"company":[],"topic":[],"region":[],"class_list":["post-1518","post","type-post","status-publish","format-standard","has-post-thumbnail","hentry","category-mode"],"acf":[],"yoast_head":"<!-- This site is optimized with the Yoast SEO plugin v27.3 - https:\/\/yoast.com\/product\/yoast-seo-wordpress\/ -->\n<title>L\u2019agence de mode ARW Retail ambitionne l\u2019ouverture de 8 \u00e0 10 magasins par an - RetailDetail BE<\/title>\n<meta name=\"robots\" content=\"index, follow, max-snippet:-1, max-image-preview:large, max-video-preview:-1\" \/>\n<link rel=\"canonical\" href=\"https:\/\/www.retaildetail.be\/fr\/news\/mode\/lagence-de-mode-arw-retail-ambitionne-louverture-de-8-a-10-magasins-par\/\" \/>\n<meta property=\"og:locale\" content=\"fr_FR\" \/>\n<meta property=\"og:type\" content=\"article\" \/>\n<meta property=\"og:title\" content=\"L\u2019agence de mode ARW Retail ambitionne l\u2019ouverture de 8 \u00e0 10 magasins par an - RetailDetail BE\" \/>\n<meta property=\"og:description\" content=\"Une \u00e9tape logique ARW n\u2019est pas un inconnu dans les cercles de la mode. Depuis 1989 le groupe distribue via le Trade Mart \u00e0 Bruxelles (pr\u00e8s de l\u2019Atomium) une vingtaine de marques en exclusivit\u00e9 et compte plus de 2000 boutiques belges en tant que client. En 2006 l\u2019entreprise a lanc\u00e9 sa propre cha\u00eene de magasins [&hellip;]\" \/>\n<meta property=\"og:url\" content=\"https:\/\/www.retaildetail.be\/fr\/news\/mode\/lagence-de-mode-arw-retail-ambitionne-louverture-de-8-a-10-magasins-par\/\" \/>\n<meta property=\"og:site_name\" content=\"RetailDetail BE\" \/>\n<meta property=\"article:published_time\" content=\"2012-04-02T11:38:12+00:00\" \/>\n<meta property=\"og:image\" content=\"https:\/\/i0.wp.com\/www.retaildetail.be\/wp-content\/uploads\/2022\/04\/logo.png?fit=281%2C147&quality=100&strip=all&ssl=1\" \/>\n\t<meta property=\"og:image:width\" content=\"281\" \/>\n\t<meta property=\"og:image:height\" content=\"147\" \/>\n\t<meta property=\"og:image:type\" content=\"image\/png\" \/>\n<meta name=\"author\" content=\"dev@grandiz.com\" \/>\n<meta name=\"twitter:card\" content=\"summary_large_image\" \/>\n<meta name=\"twitter:label1\" content=\"\u00c9crit par\" \/>\n\t<meta name=\"twitter:data1\" content=\"dev@grandiz.com\" \/>\n\t<meta name=\"twitter:label2\" content=\"Dur\u00e9e de lecture estim\u00e9e\" \/>\n\t<meta name=\"twitter:data2\" content=\"2 minutes\" \/>\n<script type=\"application\/ld+json\" class=\"yoast-schema-graph\">{\"@context\":\"https:\\\/\\\/schema.org\",\"@graph\":[{\"@type\":\"NewsArticle\",\"@id\":\"https:\\\/\\\/www.retaildetail.be\\\/fr\\\/news\\\/mode\\\/lagence-de-mode-arw-retail-ambitionne-louverture-de-8-a-10-magasins-par\\\/#article\",\"isPartOf\":{\"@id\":\"https:\\\/\\\/www.retaildetail.be\\\/fr\\\/news\\\/mode\\\/lagence-de-mode-arw-retail-ambitionne-louverture-de-8-a-10-magasins-par\\\/\"},\"author\":{\"name\":\"dev@grandiz.com\",\"@id\":\"https:\\\/\\\/www.retaildetail.be\\\/nl\\\/#\\\/schema\\\/person\\\/ba2d383452a753a3a1ce8cdb349b5fc9\"},\"headline\":\"L\u2019agence de mode ARW Retail ambitionne l\u2019ouverture de 8 \u00e0 10 magasins par an\",\"datePublished\":\"2012-04-02T11:38:12+00:00\",\"mainEntityOfPage\":{\"@id\":\"https:\\\/\\\/www.retaildetail.be\\\/fr\\\/news\\\/mode\\\/lagence-de-mode-arw-retail-ambitionne-louverture-de-8-a-10-magasins-par\\\/\"},\"wordCount\":455,\"publisher\":{\"@id\":\"https:\\\/\\\/www.retaildetail.be\\\/nl\\\/#organization\"},\"image\":{\"@id\":\"https:\\\/\\\/www.retaildetail.be\\\/fr\\\/news\\\/mode\\\/lagence-de-mode-arw-retail-ambitionne-louverture-de-8-a-10-magasins-par\\\/#primaryimage\"},\"thumbnailUrl\":\"https:\\\/\\\/www.retaildetail.be\\\/wp-content\\\/uploads\\\/2022\\\/04\\\/logo.png\",\"articleSection\":[\"Mode\"],\"inLanguage\":\"fr-FR\",\"copyrightYear\":\"2012\",\"copyrightHolder\":{\"@id\":\"https:\\\/\\\/www.retaildetail.be\\\/#organization\"}},{\"@type\":\"WebPage\",\"@id\":\"https:\\\/\\\/www.retaildetail.be\\\/fr\\\/news\\\/mode\\\/lagence-de-mode-arw-retail-ambitionne-louverture-de-8-a-10-magasins-par\\\/\",\"url\":\"https:\\\/\\\/www.retaildetail.be\\\/fr\\\/news\\\/mode\\\/lagence-de-mode-arw-retail-ambitionne-louverture-de-8-a-10-magasins-par\\\/\",\"name\":\"L\u2019agence de mode ARW Retail ambitionne l\u2019ouverture de 8 \u00e0 10 magasins par an - RetailDetail BE\",\"isPartOf\":{\"@id\":\"https:\\\/\\\/www.retaildetail.be\\\/nl\\\/#website\"},\"primaryImageOfPage\":{\"@id\":\"https:\\\/\\\/www.retaildetail.be\\\/fr\\\/news\\\/mode\\\/lagence-de-mode-arw-retail-ambitionne-louverture-de-8-a-10-magasins-par\\\/#primaryimage\"},\"image\":{\"@id\":\"https:\\\/\\\/www.retaildetail.be\\\/fr\\\/news\\\/mode\\\/lagence-de-mode-arw-retail-ambitionne-louverture-de-8-a-10-magasins-par\\\/#primaryimage\"},\"thumbnailUrl\":\"https:\\\/\\\/www.retaildetail.be\\\/wp-content\\\/uploads\\\/2022\\\/04\\\/logo.png\",\"datePublished\":\"2012-04-02T11:38:12+00:00\",\"breadcrumb\":{\"@id\":\"https:\\\/\\\/www.retaildetail.be\\\/fr\\\/news\\\/mode\\\/lagence-de-mode-arw-retail-ambitionne-louverture-de-8-a-10-magasins-par\\\/#breadcrumb\"},\"inLanguage\":\"fr-FR\",\"potentialAction\":[{\"@type\":\"ReadAction\",\"target\":[\"https:\\\/\\\/www.retaildetail.be\\\/fr\\\/news\\\/mode\\\/lagence-de-mode-arw-retail-ambitionne-louverture-de-8-a-10-magasins-par\\\/\"]}]},{\"@type\":\"ImageObject\",\"inLanguage\":\"fr-FR\",\"@id\":\"https:\\\/\\\/www.retaildetail.be\\\/fr\\\/news\\\/mode\\\/lagence-de-mode-arw-retail-ambitionne-louverture-de-8-a-10-magasins-par\\\/#primaryimage\",\"url\":\"https:\\\/\\\/www.retaildetail.be\\\/wp-content\\\/uploads\\\/2022\\\/04\\\/logo.png\",\"contentUrl\":\"https:\\\/\\\/www.retaildetail.be\\\/wp-content\\\/uploads\\\/2022\\\/04\\\/logo.png\",\"width\":281,\"height\":147},{\"@type\":\"BreadcrumbList\",\"@id\":\"https:\\\/\\\/www.retaildetail.be\\\/fr\\\/news\\\/mode\\\/lagence-de-mode-arw-retail-ambitionne-louverture-de-8-a-10-magasins-par\\\/#breadcrumb\",\"itemListElement\":[{\"@type\":\"ListItem\",\"position\":1,\"name\":\"Home\",\"item\":\"https:\\\/\\\/www.retaildetail.be\\\/fr\\\/\"},{\"@type\":\"ListItem\",\"position\":2,\"name\":\"L\u2019agence de mode ARW Retail ambitionne l\u2019ouverture de 8 \u00e0 10 magasins par an\"}]},{\"@type\":\"WebSite\",\"@id\":\"https:\\\/\\\/www.retaildetail.be\\\/nl\\\/#website\",\"url\":\"https:\\\/\\\/www.retaildetail.be\\\/nl\\\/\",\"name\":\"RetailDetail BE\",\"description\":\"News\",\"publisher\":{\"@id\":\"https:\\\/\\\/www.retaildetail.be\\\/nl\\\/#organization\"},\"potentialAction\":[{\"@type\":\"SearchAction\",\"target\":{\"@type\":\"EntryPoint\",\"urlTemplate\":\"https:\\\/\\\/www.retaildetail.be\\\/nl\\\/?s={search_term_string}\"},\"query-input\":{\"@type\":\"PropertyValueSpecification\",\"valueRequired\":true,\"valueName\":\"search_term_string\"}}],\"inLanguage\":\"fr-FR\"},{\"@type\":\"Organization\",\"@id\":\"https:\\\/\\\/www.retaildetail.be\\\/nl\\\/#organization\",\"name\":\"RetailDetail BE\",\"url\":\"https:\\\/\\\/www.retaildetail.be\\\/nl\\\/\",\"logo\":{\"@type\":\"ImageObject\",\"inLanguage\":\"fr-FR\",\"@id\":\"https:\\\/\\\/www.retaildetail.be\\\/nl\\\/#\\\/schema\\\/logo\\\/image\\\/\",\"url\":\"https:\\\/\\\/www.retaildetail.be\\\/wp-content\\\/uploads\\\/2022\\\/04\\\/logo.svg\",\"contentUrl\":\"https:\\\/\\\/www.retaildetail.be\\\/wp-content\\\/uploads\\\/2022\\\/04\\\/logo.svg\",\"width\":131,\"height\":70,\"caption\":\"RetailDetail BE\"},\"image\":{\"@id\":\"https:\\\/\\\/www.retaildetail.be\\\/nl\\\/#\\\/schema\\\/logo\\\/image\\\/\"}},{\"@type\":\"Person\",\"@id\":\"https:\\\/\\\/www.retaildetail.be\\\/nl\\\/#\\\/schema\\\/person\\\/ba2d383452a753a3a1ce8cdb349b5fc9\",\"name\":\"dev@grandiz.com\",\"image\":{\"@type\":\"ImageObject\",\"inLanguage\":\"fr-FR\",\"@id\":\"https:\\\/\\\/secure.gravatar.com\\\/avatar\\\/5f53ce9fb6eed4a60e5aaaa712be8773880fa9459d9cac9bc4aa4fdbce3f447f?s=96&d=mm&r=g\",\"url\":\"https:\\\/\\\/secure.gravatar.com\\\/avatar\\\/5f53ce9fb6eed4a60e5aaaa712be8773880fa9459d9cac9bc4aa4fdbce3f447f?s=96&d=mm&r=g\",\"contentUrl\":\"https:\\\/\\\/secure.gravatar.com\\\/avatar\\\/5f53ce9fb6eed4a60e5aaaa712be8773880fa9459d9cac9bc4aa4fdbce3f447f?s=96&d=mm&r=g\",\"caption\":\"dev@grandiz.com\"},\"sameAs\":[\"http:\\\/\\\/preprod.retaildetail.be\"],\"url\":\"https:\\\/\\\/www.retaildetail.be\\\/fr\\\/author\\\/devgrandiz-com\\\/\"}]}<\/script>\n<!-- \/ Yoast SEO plugin. -->","yoast_head_json":{"title":"L\u2019agence de mode ARW Retail ambitionne l\u2019ouverture de 8 \u00e0 10 magasins par an - RetailDetail BE","robots":{"index":"index","follow":"follow","max-snippet":"max-snippet:-1","max-image-preview":"max-image-preview:large","max-video-preview":"max-video-preview:-1"},"canonical":"https:\/\/www.retaildetail.be\/fr\/news\/mode\/lagence-de-mode-arw-retail-ambitionne-louverture-de-8-a-10-magasins-par\/","og_locale":"fr_FR","og_type":"article","og_title":"L\u2019agence de mode ARW Retail ambitionne l\u2019ouverture de 8 \u00e0 10 magasins par an - RetailDetail BE","og_description":"Une \u00e9tape logique ARW n\u2019est pas un inconnu dans les cercles de la mode. Depuis 1989 le groupe distribue via le Trade Mart \u00e0 Bruxelles (pr\u00e8s de l\u2019Atomium) une vingtaine de marques en exclusivit\u00e9 et compte plus de 2000 boutiques belges en tant que client. En 2006 l\u2019entreprise a lanc\u00e9 sa propre cha\u00eene de magasins [&hellip;]","og_url":"https:\/\/www.retaildetail.be\/fr\/news\/mode\/lagence-de-mode-arw-retail-ambitionne-louverture-de-8-a-10-magasins-par\/","og_site_name":"RetailDetail BE","article_published_time":"2012-04-02T11:38:12+00:00","og_image":[{"width":281,"height":147,"url":"https:\/\/i0.wp.com\/www.retaildetail.be\/wp-content\/uploads\/2022\/04\/logo.png?fit=281%2C147&quality=100&strip=all&ssl=1","type":"image\/png"}],"author":"dev@grandiz.com","twitter_card":"summary_large_image","twitter_misc":{"\u00c9crit par":"dev@grandiz.com","Dur\u00e9e de lecture estim\u00e9e":"2 minutes"},"schema":{"@context":"https:\/\/schema.org","@graph":[{"@type":"NewsArticle","@id":"https:\/\/www.retaildetail.be\/fr\/news\/mode\/lagence-de-mode-arw-retail-ambitionne-louverture-de-8-a-10-magasins-par\/#article","isPartOf":{"@id":"https:\/\/www.retaildetail.be\/fr\/news\/mode\/lagence-de-mode-arw-retail-ambitionne-louverture-de-8-a-10-magasins-par\/"},"author":{"name":"dev@grandiz.com","@id":"https:\/\/www.retaildetail.be\/nl\/#\/schema\/person\/ba2d383452a753a3a1ce8cdb349b5fc9"},"headline":"L\u2019agence de mode ARW Retail ambitionne l\u2019ouverture de 8 \u00e0 10 magasins par an","datePublished":"2012-04-02T11:38:12+00:00","mainEntityOfPage":{"@id":"https:\/\/www.retaildetail.be\/fr\/news\/mode\/lagence-de-mode-arw-retail-ambitionne-louverture-de-8-a-10-magasins-par\/"},"wordCount":455,"publisher":{"@id":"https:\/\/www.retaildetail.be\/nl\/#organization"},"image":{"@id":"https:\/\/www.retaildetail.be\/fr\/news\/mode\/lagence-de-mode-arw-retail-ambitionne-louverture-de-8-a-10-magasins-par\/#primaryimage"},"thumbnailUrl":"https:\/\/www.retaildetail.be\/wp-content\/uploads\/2022\/04\/logo.png","articleSection":["Mode"],"inLanguage":"fr-FR","copyrightYear":"2012","copyrightHolder":{"@id":"https:\/\/www.retaildetail.be\/#organization"}},{"@type":"WebPage","@id":"https:\/\/www.retaildetail.be\/fr\/news\/mode\/lagence-de-mode-arw-retail-ambitionne-louverture-de-8-a-10-magasins-par\/","url":"https:\/\/www.retaildetail.be\/fr\/news\/mode\/lagence-de-mode-arw-retail-ambitionne-louverture-de-8-a-10-magasins-par\/","name":"L\u2019agence de mode ARW Retail ambitionne l\u2019ouverture de 8 \u00e0 10 magasins par an - RetailDetail BE","isPartOf":{"@id":"https:\/\/www.retaildetail.be\/nl\/#website"},"primaryImageOfPage":{"@id":"https:\/\/www.retaildetail.be\/fr\/news\/mode\/lagence-de-mode-arw-retail-ambitionne-louverture-de-8-a-10-magasins-par\/#primaryimage"},"image":{"@id":"https:\/\/www.retaildetail.be\/fr\/news\/mode\/lagence-de-mode-arw-retail-ambitionne-louverture-de-8-a-10-magasins-par\/#primaryimage"},"thumbnailUrl":"https:\/\/www.retaildetail.be\/wp-content\/uploads\/2022\/04\/logo.png","datePublished":"2012-04-02T11:38:12+00:00","breadcrumb":{"@id":"https:\/\/www.retaildetail.be\/fr\/news\/mode\/lagence-de-mode-arw-retail-ambitionne-louverture-de-8-a-10-magasins-par\/#breadcrumb"},"inLanguage":"fr-FR","potentialAction":[{"@type":"ReadAction","target":["https:\/\/www.retaildetail.be\/fr\/news\/mode\/lagence-de-mode-arw-retail-ambitionne-louverture-de-8-a-10-magasins-par\/"]}]},{"@type":"ImageObject","inLanguage":"fr-FR","@id":"https:\/\/www.retaildetail.be\/fr\/news\/mode\/lagence-de-mode-arw-retail-ambitionne-louverture-de-8-a-10-magasins-par\/#primaryimage","url":"https:\/\/www.retaildetail.be\/wp-content\/uploads\/2022\/04\/logo.png","contentUrl":"https:\/\/www.retaildetail.be\/wp-content\/uploads\/2022\/04\/logo.png","width":281,"height":147},{"@type":"BreadcrumbList","@id":"https:\/\/www.retaildetail.be\/fr\/news\/mode\/lagence-de-mode-arw-retail-ambitionne-louverture-de-8-a-10-magasins-par\/#breadcrumb","itemListElement":[{"@type":"ListItem","position":1,"name":"Home","item":"https:\/\/www.retaildetail.be\/fr\/"},{"@type":"ListItem","position":2,"name":"L\u2019agence de mode ARW Retail ambitionne l\u2019ouverture de 8 \u00e0 10 magasins par an"}]},{"@type":"WebSite","@id":"https:\/\/www.retaildetail.be\/nl\/#website","url":"https:\/\/www.retaildetail.be\/nl\/","name":"RetailDetail BE","description":"News","publisher":{"@id":"https:\/\/www.retaildetail.be\/nl\/#organization"},"potentialAction":[{"@type":"SearchAction","target":{"@type":"EntryPoint","urlTemplate":"https:\/\/www.retaildetail.be\/nl\/?s={search_term_string}"},"query-input":{"@type":"PropertyValueSpecification","valueRequired":true,"valueName":"search_term_string"}}],"inLanguage":"fr-FR"},{"@type":"Organization","@id":"https:\/\/www.retaildetail.be\/nl\/#organization","name":"RetailDetail BE","url":"https:\/\/www.retaildetail.be\/nl\/","logo":{"@type":"ImageObject","inLanguage":"fr-FR","@id":"https:\/\/www.retaildetail.be\/nl\/#\/schema\/logo\/image\/","url":"https:\/\/www.retaildetail.be\/wp-content\/uploads\/2022\/04\/logo.svg","contentUrl":"https:\/\/www.retaildetail.be\/wp-content\/uploads\/2022\/04\/logo.svg","width":131,"height":70,"caption":"RetailDetail BE"},"image":{"@id":"https:\/\/www.retaildetail.be\/nl\/#\/schema\/logo\/image\/"}},{"@type":"Person","@id":"https:\/\/www.retaildetail.be\/nl\/#\/schema\/person\/ba2d383452a753a3a1ce8cdb349b5fc9","name":"dev@grandiz.com","image":{"@type":"ImageObject","inLanguage":"fr-FR","@id":"https:\/\/secure.gravatar.com\/avatar\/5f53ce9fb6eed4a60e5aaaa712be8773880fa9459d9cac9bc4aa4fdbce3f447f?s=96&d=mm&r=g","url":"https:\/\/secure.gravatar.com\/avatar\/5f53ce9fb6eed4a60e5aaaa712be8773880fa9459d9cac9bc4aa4fdbce3f447f?s=96&d=mm&r=g","contentUrl":"https:\/\/secure.gravatar.com\/avatar\/5f53ce9fb6eed4a60e5aaaa712be8773880fa9459d9cac9bc4aa4fdbce3f447f?s=96&d=mm&r=g","caption":"dev@grandiz.com"},"sameAs":["http:\/\/preprod.retaildetail.be"],"url":"https:\/\/www.retaildetail.be\/fr\/author\/devgrandiz-com\/"}]}},"jetpack_featured_media_url":"https:\/\/www.retaildetail.be\/wp-content\/uploads\/2022\/04\/logo.png","jetpack_sharing_enabled":true,"_links":{"self":[{"href":"https:\/\/www.retaildetail.be\/fr\/wp-json\/wp\/v2\/posts\/1518","targetHints":{"allow":["GET"]}}],"collection":[{"href":"https:\/\/www.retaildetail.be\/fr\/wp-json\/wp\/v2\/posts"}],"about":[{"href":"https:\/\/www.retaildetail.be\/fr\/wp-json\/wp\/v2\/types\/post"}],"author":[{"embeddable":true,"href":"https:\/\/www.retaildetail.be\/fr\/wp-json\/wp\/v2\/users\/1"}],"replies":[{"embeddable":true,"href":"https:\/\/www.retaildetail.be\/fr\/wp-json\/wp\/v2\/comments?post=1518"}],"version-history":[{"count":0,"href":"https:\/\/www.retaildetail.be\/fr\/wp-json\/wp\/v2\/posts\/1518\/revisions"}],"wp:featuredmedia":[{"embeddable":true,"href":"https:\/\/www.retaildetail.be\/fr\/wp-json\/wp\/v2\/media\/84"}],"wp:attachment":[{"href":"https:\/\/www.retaildetail.be\/fr\/wp-json\/wp\/v2\/media?parent=1518"}],"wp:term":[{"taxonomy":"category","embeddable":true,"href":"https:\/\/www.retaildetail.be\/fr\/wp-json\/wp\/v2\/categories?post=1518"},{"taxonomy":"post_tag","embeddable":true,"href":"https:\/\/www.retaildetail.be\/fr\/wp-json\/wp\/v2\/tags?post=1518"},{"taxonomy":"people","embeddable":true,"href":"https:\/\/www.retaildetail.be\/fr\/wp-json\/wp\/v2\/people?post=1518"},{"taxonomy":"extra","embeddable":true,"href":"https:\/\/www.retaildetail.be\/fr\/wp-json\/wp\/v2\/extra?post=1518"},{"taxonomy":"company","embeddable":true,"href":"https:\/\/www.retaildetail.be\/fr\/wp-json\/wp\/v2\/company?post=1518"},{"taxonomy":"topic","embeddable":true,"href":"https:\/\/www.retaildetail.be\/fr\/wp-json\/wp\/v2\/topic?post=1518"},{"taxonomy":"region","embeddable":true,"href":"https:\/\/www.retaildetail.be\/fr\/wp-json\/wp\/v2\/region?post=1518"}],"curies":[{"name":"wp","href":"https:\/\/api.w.org\/{rel}","templated":true}]}}