{"id":1524,"date":"2012-03-14T07:37:00","date_gmt":"2012-03-14T07:37:00","guid":{"rendered":"https:\/\/www.retaildetail.be\/mode\/esprit-inaugure-un-nouveau-concept-de-magasin-sur-le-meir-a-anvers\/"},"modified":"2012-03-14T07:37:00","modified_gmt":"2012-03-14T07:37:00","slug":"esprit-inaugure-un-nouveau-concept-de-magasin-sur-le-meir-a-anvers","status":"publish","type":"post","link":"https:\/\/www.retaildetail.be\/fr\/news\/mode\/esprit-inaugure-un-nouveau-concept-de-magasin-sur-le-meir-a-anvers\/","title":{"rendered":"Esprit inaugure un nouveau concept de magasin sur le Meir \u00e0 Anvers"},"content":{"rendered":"<h2>Une poign\u00e9e de magasins r\u00e9nov\u00e9s de par le monde<\/h2>\n<p>Tout comme les quelques magasins ayant d\u00e9j\u00e0 \u00e9t\u00e9 transform\u00e9s (Cologne, Hambourg, Vienne et\u00a0 Amsterdam ont devanc\u00e9 Anvers), l\u2019objectif \u00e0 Anvers est un \u2018retour aux racines\u2019 avec l\u2019utilisation de mat\u00e9riaux comme le bois, des meubles cr\u00e9ant le sentiment d\u2019\u00eatre \u2018chez soi\u2019, avec des clins d\u2019\u0153il aux origines californiennes (San Francisco) de la marque. Ainsi la cha\u00eene de pr\u00eat-\u00e0-porter effectue un virage \u00e0 180 degr\u00e9s compar\u00e9 au style minimaliste et d\u00e9pouill\u00e9 des \u2018anciens\u2019 magasins Esprit.<\/p>\n<p>\u00a0\u00ab Le magasin est con\u00e7u comme un loft citadin, moderne et f\u00e9minin, un havre de paix au milieu de l\u2019agitation urbaine. Le concept est constitu\u00e9 d\u2019un arbre gigantesque partant de la cave jusqu\u2019au rez-de-chauss\u00e9e \u00bb, explique la cha\u00eene de mode. Esprit entend ainsi r\u00e9pondre aux tendances du moment, notamment l\u2019attirance\u00a0 du consommateur vers tout ce qui est artisanal et naturel. Esprit accorde \u00e9galement une grande attention \u00e0 la d\u00e9tente et l\u2019exp\u00e9rience globale du client : le nouveau concept propose une gamme\u00a0 limit\u00e9e d\u2019articles de d\u00e9coration pour la maison , des livres de photographie, ainsi que des cd de la musique diffus\u00e9e dans le magasin.<\/p>\n<h2>\n<br \/>Programme de transformation<\/h2>\n<p>L\u2019ouverture du magasin Esprit sur le Meir n\u00b0 52 s\u2019int\u00e8gre dans le programme de transformation que la cha\u00eene a annonc\u00e9 en septembre dernier et qui a pour but \u00ab d\u2019am\u00e9liorer la notori\u00e9t\u00e9 et le rendement de la marque \u00e0 long terme \u00bb. D\u2019ici 2015 tous les magasins g\u00e9r\u00e9s par Esprit seront relook\u00e9s selon ce nouveau mod\u00e8le. Pour l\u2019op\u00e9ration totale Esprit a pr\u00e9vu un budget de 280 millions d\u2019euros.<\/p>\n<p>Ce changement de style radical devrait aider la marque en perte de vitesse \u00e0 remonter la pente :\u00a0 Esprit a vu son b\u00e9n\u00e9fice net chuter de 74% durant la p\u00e9riode de juillet \u00e0 d\u00e9cembre 2011.<\/p>\n<p>\u00a0<\/p>\n<p>\u00a0<\/p>\n<p><em>Traduit par Marie-No\u00eblle Masure<\/em><\/p>\n","protected":false},"excerpt":{"rendered":"<p>Une poign\u00e9e de magasins r\u00e9nov\u00e9s de par le monde Tout comme les quelques magasins ayant d\u00e9j\u00e0 \u00e9t\u00e9 transform\u00e9s (Cologne, Hambourg, Vienne et\u00a0 Amsterdam ont devanc\u00e9 Anvers), l\u2019objectif \u00e0 Anvers est un \u2018retour aux racines\u2019 avec l\u2019utilisation de mat\u00e9riaux comme le bois, des meubles cr\u00e9ant le sentiment d\u2019\u00eatre \u2018chez soi\u2019, avec des clins d\u2019\u0153il aux origines [&hellip;]<\/p>\n","protected":false},"author":1,"featured_media":84,"comment_status":"closed","ping_status":"closed","sticky":false,"template":"","format":"standard","meta":{"_acf_changed":false,"inline_featured_image":false,"_jetpack_memberships_contains_paid_content":false,"footnotes":""},"categories":[22],"tags":[],"people":[],"extra":[],"company":[],"topic":[],"region":[],"class_list":["post-1524","post","type-post","status-publish","format-standard","has-post-thumbnail","hentry","category-mode"],"acf":[],"yoast_head":"<!-- This site is optimized with the Yoast SEO plugin v27.3 - https:\/\/yoast.com\/product\/yoast-seo-wordpress\/ -->\n<title>Esprit inaugure un nouveau concept de magasin sur le Meir \u00e0 Anvers - RetailDetail BE<\/title>\n<meta name=\"robots\" content=\"index, follow, max-snippet:-1, max-image-preview:large, max-video-preview:-1\" \/>\n<link rel=\"canonical\" href=\"https:\/\/www.retaildetail.be\/fr\/news\/mode\/esprit-inaugure-un-nouveau-concept-de-magasin-sur-le-meir-a-anvers\/\" \/>\n<meta property=\"og:locale\" content=\"fr_FR\" \/>\n<meta property=\"og:type\" content=\"article\" \/>\n<meta property=\"og:title\" content=\"Esprit inaugure un nouveau concept de magasin sur le Meir \u00e0 Anvers - RetailDetail BE\" \/>\n<meta property=\"og:description\" content=\"Une poign\u00e9e de magasins r\u00e9nov\u00e9s de par le monde Tout comme les quelques magasins ayant d\u00e9j\u00e0 \u00e9t\u00e9 transform\u00e9s (Cologne, Hambourg, Vienne et\u00a0 Amsterdam ont devanc\u00e9 Anvers), l\u2019objectif \u00e0 Anvers est un \u2018retour aux racines\u2019 avec l\u2019utilisation de mat\u00e9riaux comme le bois, des meubles cr\u00e9ant le sentiment d\u2019\u00eatre \u2018chez soi\u2019, avec des clins d\u2019\u0153il aux origines [&hellip;]\" \/>\n<meta property=\"og:url\" content=\"https:\/\/www.retaildetail.be\/fr\/news\/mode\/esprit-inaugure-un-nouveau-concept-de-magasin-sur-le-meir-a-anvers\/\" \/>\n<meta property=\"og:site_name\" content=\"RetailDetail BE\" \/>\n<meta property=\"article:published_time\" content=\"2012-03-14T07:37:00+00:00\" \/>\n<meta property=\"og:image\" content=\"https:\/\/i0.wp.com\/www.retaildetail.be\/wp-content\/uploads\/2022\/04\/logo.png?fit=281%2C147&quality=100&strip=all&ssl=1\" \/>\n\t<meta property=\"og:image:width\" content=\"281\" \/>\n\t<meta property=\"og:image:height\" content=\"147\" \/>\n\t<meta property=\"og:image:type\" content=\"image\/png\" \/>\n<meta name=\"author\" content=\"dev@grandiz.com\" \/>\n<meta name=\"twitter:card\" content=\"summary_large_image\" \/>\n<meta name=\"twitter:label1\" content=\"\u00c9crit par\" \/>\n\t<meta name=\"twitter:data1\" content=\"dev@grandiz.com\" \/>\n\t<meta name=\"twitter:label2\" content=\"Dur\u00e9e de lecture estim\u00e9e\" \/>\n\t<meta name=\"twitter:data2\" content=\"2 minutes\" \/>\n<script type=\"application\/ld+json\" class=\"yoast-schema-graph\">{\"@context\":\"https:\\\/\\\/schema.org\",\"@graph\":[{\"@type\":\"NewsArticle\",\"@id\":\"https:\\\/\\\/www.retaildetail.be\\\/fr\\\/news\\\/mode\\\/esprit-inaugure-un-nouveau-concept-de-magasin-sur-le-meir-a-anvers\\\/#article\",\"isPartOf\":{\"@id\":\"https:\\\/\\\/www.retaildetail.be\\\/fr\\\/news\\\/mode\\\/esprit-inaugure-un-nouveau-concept-de-magasin-sur-le-meir-a-anvers\\\/\"},\"author\":{\"name\":\"dev@grandiz.com\",\"@id\":\"https:\\\/\\\/www.retaildetail.be\\\/nl\\\/#\\\/schema\\\/person\\\/ba2d383452a753a3a1ce8cdb349b5fc9\"},\"headline\":\"Esprit inaugure un nouveau concept de magasin sur le Meir \u00e0 Anvers\",\"datePublished\":\"2012-03-14T07:37:00+00:00\",\"mainEntityOfPage\":{\"@id\":\"https:\\\/\\\/www.retaildetail.be\\\/fr\\\/news\\\/mode\\\/esprit-inaugure-un-nouveau-concept-de-magasin-sur-le-meir-a-anvers\\\/\"},\"wordCount\":341,\"publisher\":{\"@id\":\"https:\\\/\\\/www.retaildetail.be\\\/nl\\\/#organization\"},\"image\":{\"@id\":\"https:\\\/\\\/www.retaildetail.be\\\/fr\\\/news\\\/mode\\\/esprit-inaugure-un-nouveau-concept-de-magasin-sur-le-meir-a-anvers\\\/#primaryimage\"},\"thumbnailUrl\":\"https:\\\/\\\/www.retaildetail.be\\\/wp-content\\\/uploads\\\/2022\\\/04\\\/logo.png\",\"articleSection\":[\"Mode\"],\"inLanguage\":\"fr-FR\",\"copyrightYear\":\"2012\",\"copyrightHolder\":{\"@id\":\"https:\\\/\\\/www.retaildetail.be\\\/#organization\"}},{\"@type\":\"WebPage\",\"@id\":\"https:\\\/\\\/www.retaildetail.be\\\/fr\\\/news\\\/mode\\\/esprit-inaugure-un-nouveau-concept-de-magasin-sur-le-meir-a-anvers\\\/\",\"url\":\"https:\\\/\\\/www.retaildetail.be\\\/fr\\\/news\\\/mode\\\/esprit-inaugure-un-nouveau-concept-de-magasin-sur-le-meir-a-anvers\\\/\",\"name\":\"Esprit inaugure un nouveau concept de magasin sur le Meir \u00e0 Anvers - RetailDetail BE\",\"isPartOf\":{\"@id\":\"https:\\\/\\\/www.retaildetail.be\\\/nl\\\/#website\"},\"primaryImageOfPage\":{\"@id\":\"https:\\\/\\\/www.retaildetail.be\\\/fr\\\/news\\\/mode\\\/esprit-inaugure-un-nouveau-concept-de-magasin-sur-le-meir-a-anvers\\\/#primaryimage\"},\"image\":{\"@id\":\"https:\\\/\\\/www.retaildetail.be\\\/fr\\\/news\\\/mode\\\/esprit-inaugure-un-nouveau-concept-de-magasin-sur-le-meir-a-anvers\\\/#primaryimage\"},\"thumbnailUrl\":\"https:\\\/\\\/www.retaildetail.be\\\/wp-content\\\/uploads\\\/2022\\\/04\\\/logo.png\",\"datePublished\":\"2012-03-14T07:37:00+00:00\",\"breadcrumb\":{\"@id\":\"https:\\\/\\\/www.retaildetail.be\\\/fr\\\/news\\\/mode\\\/esprit-inaugure-un-nouveau-concept-de-magasin-sur-le-meir-a-anvers\\\/#breadcrumb\"},\"inLanguage\":\"fr-FR\",\"potentialAction\":[{\"@type\":\"ReadAction\",\"target\":[\"https:\\\/\\\/www.retaildetail.be\\\/fr\\\/news\\\/mode\\\/esprit-inaugure-un-nouveau-concept-de-magasin-sur-le-meir-a-anvers\\\/\"]}]},{\"@type\":\"ImageObject\",\"inLanguage\":\"fr-FR\",\"@id\":\"https:\\\/\\\/www.retaildetail.be\\\/fr\\\/news\\\/mode\\\/esprit-inaugure-un-nouveau-concept-de-magasin-sur-le-meir-a-anvers\\\/#primaryimage\",\"url\":\"https:\\\/\\\/www.retaildetail.be\\\/wp-content\\\/uploads\\\/2022\\\/04\\\/logo.png\",\"contentUrl\":\"https:\\\/\\\/www.retaildetail.be\\\/wp-content\\\/uploads\\\/2022\\\/04\\\/logo.png\",\"width\":281,\"height\":147},{\"@type\":\"BreadcrumbList\",\"@id\":\"https:\\\/\\\/www.retaildetail.be\\\/fr\\\/news\\\/mode\\\/esprit-inaugure-un-nouveau-concept-de-magasin-sur-le-meir-a-anvers\\\/#breadcrumb\",\"itemListElement\":[{\"@type\":\"ListItem\",\"position\":1,\"name\":\"Home\",\"item\":\"https:\\\/\\\/www.retaildetail.be\\\/fr\\\/\"},{\"@type\":\"ListItem\",\"position\":2,\"name\":\"Esprit inaugure un nouveau concept de magasin sur le Meir \u00e0 Anvers\"}]},{\"@type\":\"WebSite\",\"@id\":\"https:\\\/\\\/www.retaildetail.be\\\/nl\\\/#website\",\"url\":\"https:\\\/\\\/www.retaildetail.be\\\/nl\\\/\",\"name\":\"RetailDetail BE\",\"description\":\"News\",\"publisher\":{\"@id\":\"https:\\\/\\\/www.retaildetail.be\\\/nl\\\/#organization\"},\"potentialAction\":[{\"@type\":\"SearchAction\",\"target\":{\"@type\":\"EntryPoint\",\"urlTemplate\":\"https:\\\/\\\/www.retaildetail.be\\\/nl\\\/?s={search_term_string}\"},\"query-input\":{\"@type\":\"PropertyValueSpecification\",\"valueRequired\":true,\"valueName\":\"search_term_string\"}}],\"inLanguage\":\"fr-FR\"},{\"@type\":\"Organization\",\"@id\":\"https:\\\/\\\/www.retaildetail.be\\\/nl\\\/#organization\",\"name\":\"RetailDetail BE\",\"url\":\"https:\\\/\\\/www.retaildetail.be\\\/nl\\\/\",\"logo\":{\"@type\":\"ImageObject\",\"inLanguage\":\"fr-FR\",\"@id\":\"https:\\\/\\\/www.retaildetail.be\\\/nl\\\/#\\\/schema\\\/logo\\\/image\\\/\",\"url\":\"https:\\\/\\\/www.retaildetail.be\\\/wp-content\\\/uploads\\\/2022\\\/04\\\/logo.svg\",\"contentUrl\":\"https:\\\/\\\/www.retaildetail.be\\\/wp-content\\\/uploads\\\/2022\\\/04\\\/logo.svg\",\"width\":131,\"height\":70,\"caption\":\"RetailDetail BE\"},\"image\":{\"@id\":\"https:\\\/\\\/www.retaildetail.be\\\/nl\\\/#\\\/schema\\\/logo\\\/image\\\/\"}},{\"@type\":\"Person\",\"@id\":\"https:\\\/\\\/www.retaildetail.be\\\/nl\\\/#\\\/schema\\\/person\\\/ba2d383452a753a3a1ce8cdb349b5fc9\",\"name\":\"dev@grandiz.com\",\"image\":{\"@type\":\"ImageObject\",\"inLanguage\":\"fr-FR\",\"@id\":\"https:\\\/\\\/secure.gravatar.com\\\/avatar\\\/5f53ce9fb6eed4a60e5aaaa712be8773880fa9459d9cac9bc4aa4fdbce3f447f?s=96&d=mm&r=g\",\"url\":\"https:\\\/\\\/secure.gravatar.com\\\/avatar\\\/5f53ce9fb6eed4a60e5aaaa712be8773880fa9459d9cac9bc4aa4fdbce3f447f?s=96&d=mm&r=g\",\"contentUrl\":\"https:\\\/\\\/secure.gravatar.com\\\/avatar\\\/5f53ce9fb6eed4a60e5aaaa712be8773880fa9459d9cac9bc4aa4fdbce3f447f?s=96&d=mm&r=g\",\"caption\":\"dev@grandiz.com\"},\"sameAs\":[\"http:\\\/\\\/preprod.retaildetail.be\"],\"url\":\"https:\\\/\\\/www.retaildetail.be\\\/fr\\\/author\\\/devgrandiz-com\\\/\"}]}<\/script>\n<!-- \/ Yoast SEO plugin. -->","yoast_head_json":{"title":"Esprit inaugure un nouveau concept de magasin sur le Meir \u00e0 Anvers - RetailDetail BE","robots":{"index":"index","follow":"follow","max-snippet":"max-snippet:-1","max-image-preview":"max-image-preview:large","max-video-preview":"max-video-preview:-1"},"canonical":"https:\/\/www.retaildetail.be\/fr\/news\/mode\/esprit-inaugure-un-nouveau-concept-de-magasin-sur-le-meir-a-anvers\/","og_locale":"fr_FR","og_type":"article","og_title":"Esprit inaugure un nouveau concept de magasin sur le Meir \u00e0 Anvers - RetailDetail BE","og_description":"Une poign\u00e9e de magasins r\u00e9nov\u00e9s de par le monde Tout comme les quelques magasins ayant d\u00e9j\u00e0 \u00e9t\u00e9 transform\u00e9s (Cologne, Hambourg, Vienne et\u00a0 Amsterdam ont devanc\u00e9 Anvers), l\u2019objectif \u00e0 Anvers est un \u2018retour aux racines\u2019 avec l\u2019utilisation de mat\u00e9riaux comme le bois, des meubles cr\u00e9ant le sentiment d\u2019\u00eatre \u2018chez soi\u2019, avec des clins d\u2019\u0153il aux origines [&hellip;]","og_url":"https:\/\/www.retaildetail.be\/fr\/news\/mode\/esprit-inaugure-un-nouveau-concept-de-magasin-sur-le-meir-a-anvers\/","og_site_name":"RetailDetail BE","article_published_time":"2012-03-14T07:37:00+00:00","og_image":[{"width":281,"height":147,"url":"https:\/\/i0.wp.com\/www.retaildetail.be\/wp-content\/uploads\/2022\/04\/logo.png?fit=281%2C147&quality=100&strip=all&ssl=1","type":"image\/png"}],"author":"dev@grandiz.com","twitter_card":"summary_large_image","twitter_misc":{"\u00c9crit par":"dev@grandiz.com","Dur\u00e9e de lecture estim\u00e9e":"2 minutes"},"schema":{"@context":"https:\/\/schema.org","@graph":[{"@type":"NewsArticle","@id":"https:\/\/www.retaildetail.be\/fr\/news\/mode\/esprit-inaugure-un-nouveau-concept-de-magasin-sur-le-meir-a-anvers\/#article","isPartOf":{"@id":"https:\/\/www.retaildetail.be\/fr\/news\/mode\/esprit-inaugure-un-nouveau-concept-de-magasin-sur-le-meir-a-anvers\/"},"author":{"name":"dev@grandiz.com","@id":"https:\/\/www.retaildetail.be\/nl\/#\/schema\/person\/ba2d383452a753a3a1ce8cdb349b5fc9"},"headline":"Esprit inaugure un nouveau concept de magasin sur le Meir \u00e0 Anvers","datePublished":"2012-03-14T07:37:00+00:00","mainEntityOfPage":{"@id":"https:\/\/www.retaildetail.be\/fr\/news\/mode\/esprit-inaugure-un-nouveau-concept-de-magasin-sur-le-meir-a-anvers\/"},"wordCount":341,"publisher":{"@id":"https:\/\/www.retaildetail.be\/nl\/#organization"},"image":{"@id":"https:\/\/www.retaildetail.be\/fr\/news\/mode\/esprit-inaugure-un-nouveau-concept-de-magasin-sur-le-meir-a-anvers\/#primaryimage"},"thumbnailUrl":"https:\/\/www.retaildetail.be\/wp-content\/uploads\/2022\/04\/logo.png","articleSection":["Mode"],"inLanguage":"fr-FR","copyrightYear":"2012","copyrightHolder":{"@id":"https:\/\/www.retaildetail.be\/#organization"}},{"@type":"WebPage","@id":"https:\/\/www.retaildetail.be\/fr\/news\/mode\/esprit-inaugure-un-nouveau-concept-de-magasin-sur-le-meir-a-anvers\/","url":"https:\/\/www.retaildetail.be\/fr\/news\/mode\/esprit-inaugure-un-nouveau-concept-de-magasin-sur-le-meir-a-anvers\/","name":"Esprit inaugure un nouveau concept de magasin sur le Meir \u00e0 Anvers - RetailDetail BE","isPartOf":{"@id":"https:\/\/www.retaildetail.be\/nl\/#website"},"primaryImageOfPage":{"@id":"https:\/\/www.retaildetail.be\/fr\/news\/mode\/esprit-inaugure-un-nouveau-concept-de-magasin-sur-le-meir-a-anvers\/#primaryimage"},"image":{"@id":"https:\/\/www.retaildetail.be\/fr\/news\/mode\/esprit-inaugure-un-nouveau-concept-de-magasin-sur-le-meir-a-anvers\/#primaryimage"},"thumbnailUrl":"https:\/\/www.retaildetail.be\/wp-content\/uploads\/2022\/04\/logo.png","datePublished":"2012-03-14T07:37:00+00:00","breadcrumb":{"@id":"https:\/\/www.retaildetail.be\/fr\/news\/mode\/esprit-inaugure-un-nouveau-concept-de-magasin-sur-le-meir-a-anvers\/#breadcrumb"},"inLanguage":"fr-FR","potentialAction":[{"@type":"ReadAction","target":["https:\/\/www.retaildetail.be\/fr\/news\/mode\/esprit-inaugure-un-nouveau-concept-de-magasin-sur-le-meir-a-anvers\/"]}]},{"@type":"ImageObject","inLanguage":"fr-FR","@id":"https:\/\/www.retaildetail.be\/fr\/news\/mode\/esprit-inaugure-un-nouveau-concept-de-magasin-sur-le-meir-a-anvers\/#primaryimage","url":"https:\/\/www.retaildetail.be\/wp-content\/uploads\/2022\/04\/logo.png","contentUrl":"https:\/\/www.retaildetail.be\/wp-content\/uploads\/2022\/04\/logo.png","width":281,"height":147},{"@type":"BreadcrumbList","@id":"https:\/\/www.retaildetail.be\/fr\/news\/mode\/esprit-inaugure-un-nouveau-concept-de-magasin-sur-le-meir-a-anvers\/#breadcrumb","itemListElement":[{"@type":"ListItem","position":1,"name":"Home","item":"https:\/\/www.retaildetail.be\/fr\/"},{"@type":"ListItem","position":2,"name":"Esprit inaugure un nouveau concept de magasin sur le Meir \u00e0 Anvers"}]},{"@type":"WebSite","@id":"https:\/\/www.retaildetail.be\/nl\/#website","url":"https:\/\/www.retaildetail.be\/nl\/","name":"RetailDetail BE","description":"News","publisher":{"@id":"https:\/\/www.retaildetail.be\/nl\/#organization"},"potentialAction":[{"@type":"SearchAction","target":{"@type":"EntryPoint","urlTemplate":"https:\/\/www.retaildetail.be\/nl\/?s={search_term_string}"},"query-input":{"@type":"PropertyValueSpecification","valueRequired":true,"valueName":"search_term_string"}}],"inLanguage":"fr-FR"},{"@type":"Organization","@id":"https:\/\/www.retaildetail.be\/nl\/#organization","name":"RetailDetail BE","url":"https:\/\/www.retaildetail.be\/nl\/","logo":{"@type":"ImageObject","inLanguage":"fr-FR","@id":"https:\/\/www.retaildetail.be\/nl\/#\/schema\/logo\/image\/","url":"https:\/\/www.retaildetail.be\/wp-content\/uploads\/2022\/04\/logo.svg","contentUrl":"https:\/\/www.retaildetail.be\/wp-content\/uploads\/2022\/04\/logo.svg","width":131,"height":70,"caption":"RetailDetail BE"},"image":{"@id":"https:\/\/www.retaildetail.be\/nl\/#\/schema\/logo\/image\/"}},{"@type":"Person","@id":"https:\/\/www.retaildetail.be\/nl\/#\/schema\/person\/ba2d383452a753a3a1ce8cdb349b5fc9","name":"dev@grandiz.com","image":{"@type":"ImageObject","inLanguage":"fr-FR","@id":"https:\/\/secure.gravatar.com\/avatar\/5f53ce9fb6eed4a60e5aaaa712be8773880fa9459d9cac9bc4aa4fdbce3f447f?s=96&d=mm&r=g","url":"https:\/\/secure.gravatar.com\/avatar\/5f53ce9fb6eed4a60e5aaaa712be8773880fa9459d9cac9bc4aa4fdbce3f447f?s=96&d=mm&r=g","contentUrl":"https:\/\/secure.gravatar.com\/avatar\/5f53ce9fb6eed4a60e5aaaa712be8773880fa9459d9cac9bc4aa4fdbce3f447f?s=96&d=mm&r=g","caption":"dev@grandiz.com"},"sameAs":["http:\/\/preprod.retaildetail.be"],"url":"https:\/\/www.retaildetail.be\/fr\/author\/devgrandiz-com\/"}]}},"jetpack_featured_media_url":"https:\/\/www.retaildetail.be\/wp-content\/uploads\/2022\/04\/logo.png","jetpack_sharing_enabled":true,"_links":{"self":[{"href":"https:\/\/www.retaildetail.be\/fr\/wp-json\/wp\/v2\/posts\/1524","targetHints":{"allow":["GET"]}}],"collection":[{"href":"https:\/\/www.retaildetail.be\/fr\/wp-json\/wp\/v2\/posts"}],"about":[{"href":"https:\/\/www.retaildetail.be\/fr\/wp-json\/wp\/v2\/types\/post"}],"author":[{"embeddable":true,"href":"https:\/\/www.retaildetail.be\/fr\/wp-json\/wp\/v2\/users\/1"}],"replies":[{"embeddable":true,"href":"https:\/\/www.retaildetail.be\/fr\/wp-json\/wp\/v2\/comments?post=1524"}],"version-history":[{"count":0,"href":"https:\/\/www.retaildetail.be\/fr\/wp-json\/wp\/v2\/posts\/1524\/revisions"}],"wp:featuredmedia":[{"embeddable":true,"href":"https:\/\/www.retaildetail.be\/fr\/wp-json\/wp\/v2\/media\/84"}],"wp:attachment":[{"href":"https:\/\/www.retaildetail.be\/fr\/wp-json\/wp\/v2\/media?parent=1524"}],"wp:term":[{"taxonomy":"category","embeddable":true,"href":"https:\/\/www.retaildetail.be\/fr\/wp-json\/wp\/v2\/categories?post=1524"},{"taxonomy":"post_tag","embeddable":true,"href":"https:\/\/www.retaildetail.be\/fr\/wp-json\/wp\/v2\/tags?post=1524"},{"taxonomy":"people","embeddable":true,"href":"https:\/\/www.retaildetail.be\/fr\/wp-json\/wp\/v2\/people?post=1524"},{"taxonomy":"extra","embeddable":true,"href":"https:\/\/www.retaildetail.be\/fr\/wp-json\/wp\/v2\/extra?post=1524"},{"taxonomy":"company","embeddable":true,"href":"https:\/\/www.retaildetail.be\/fr\/wp-json\/wp\/v2\/company?post=1524"},{"taxonomy":"topic","embeddable":true,"href":"https:\/\/www.retaildetail.be\/fr\/wp-json\/wp\/v2\/topic?post=1524"},{"taxonomy":"region","embeddable":true,"href":"https:\/\/www.retaildetail.be\/fr\/wp-json\/wp\/v2\/region?post=1524"}],"curies":[{"name":"wp","href":"https:\/\/api.w.org\/{rel}","templated":true}]}}