{"id":154398,"date":"2026-08-31T15:28:37","date_gmt":"2026-08-31T13:28:37","guid":{"rendered":"https:\/\/www.retaildetail.be\/?p=154398"},"modified":"2026-08-31T15:43:16","modified_gmt":"2026-08-31T13:43:16","slug":"claes-retail-group-la-societe-mere-de-jbc-se-tourne-vers-lavenir-apres-une-annee-difficile","status":"publish","type":"post","link":"https:\/\/www.retaildetail.be\/fr\/news\/mode\/claes-retail-group-la-societe-mere-de-jbc-se-tourne-vers-lavenir-apres-une-annee-difficile\/","title":{"rendered":"Claes Retail Group, la soci\u00e9t\u00e9 m\u00e8re de JBC, se tourne vers l&rsquo;avenir apr\u00e8s une ann\u00e9e difficile"},"content":{"rendered":"\n<p class=\"wp-block-paragraph\"><strong>Claes Retail Group<\/strong>, le groupe de mode \u00e0 l&rsquo;origine des <strong>enseignes JBC<\/strong>, <strong>CKS <\/strong>et <strong>Mayerline<\/strong>, vient de conna\u00eetre un exercice difficile. Le groupe a enregistr\u00e9 une perte nette de 9,6 millions d&rsquo;euros, mais ne baisse pas les bras : avec <strong>Filou &amp; Friends<\/strong>, CRG ajoute une quatri\u00e8me marque \u00e0 son portefeuille, tandis que les magasins et la logistique b\u00e9n\u00e9ficient \u00e9galement de moyens suppl\u00e9mentaires.<\/p>\n\n\n\n<h2 class=\"wp-block-heading\">Promotions et canicules<\/h2>\n\n\n\n<p class=\"wp-block-paragraph\">Claes Retail Group a cl\u00f4tur\u00e9 l\u2019exercice 2025-2026 avec un chiffre d\u2019affaires de 228 millions d\u2019euros. Le r\u00e9sultat brut d\u2019exploitation (EBITDA) s\u2019est \u00e9lev\u00e9 \u00e0 seulement 2,7 millions d\u2019euros, tandis qu\u2019au final, une perte nette de 9,6 millions d\u2019euros a \u00e9t\u00e9 enregistr\u00e9e. Selon CRG, la frilosit\u00e9 des consommateurs, la multiplication des promotions, la hausse des co\u00fbts et des temp\u00e9ratures exceptionnellement \u00e9lev\u00e9es ont pes\u00e9 sur les r\u00e9sultats. Les investissements du groupe ont \u00e9galement pes\u00e9 sur la rentabilit\u00e9.<\/p>\n\n\n\n<p class=\"wp-block-paragraph\">Il est toutefois clair qu\u2019il s\u2019agit d\u2019un revers exceptionnel : <a href=\"https:\/\/www.retaildetail.be\/fr\/news\/mode\/jbc-cks-et-mayerline-se-lancent-aux-pays-bas\/\" data-type=\"link\" data-id=\"https:\/\/www.retaildetail.be\/fr\/news\/mode\/jbc-cks-et-mayerline-se-lancent-aux-pays-bas\/\">en 2024, l\u2019entreprise familiale belge avait encore enregistr\u00e9 un chiffre d\u2019affaires stable<\/a> de 237 millions d\u2019euros et un r\u00e9sultat brut d\u2019exploitation de 11,4 millions d\u2019euros, le meilleur des huit derni\u00e8res ann\u00e9es. \u00ab Ce fut une ann\u00e9e tr\u00e8s difficile, mais c&rsquo;est la r\u00e9alit\u00e9, nous ne pouvons pas l&rsquo;ignorer \u00bb, reconna\u00eet le PDG Bart Claes. \u00ab Le march\u00e9 \u00e9volue \u00e0 une vitesse fulgurante et nous oblige \u00e0 nous adapter en permanence et \u00e0 faire des choix clairs. \u00bb<\/p>\n\n\n\n<h2 class=\"wp-block-heading\">Quatri\u00e8me marque<\/h2>\n\n\n\n<p class=\"wp-block-paragraph\">Pour autant, le groupe familial de mode ne compte pas lever le pied. Au contraire, au d\u00e9but de cette ann\u00e9e, CRG a pris <a href=\"https:\/\/www.retaildetail.be\/fr\/news\/mode\/jbc-et-filou-friends-unissent-leurs-forces\/\" data-type=\"link\" data-id=\"https:\/\/www.retaildetail.be\/fr\/news\/mode\/jbc-et-filou-friends-unissent-leurs-forces\/\">une participation de 50 % dans la marque de mode pour enfants <strong>Filou &amp; Friends<\/strong><\/a>. Depuis le mois d\u2019ao\u00fbt, JBC commercialise la collection dans quarante magasins et via sa boutique en ligne. Cet automne, la quinzi\u00e8me boutique Filou &amp; Friends en propre gestion ouvrira ses portes au Shopping Wijnegem.<\/p>\n\n\n\n<p class=\"wp-block-paragraph\">CRG consid\u00e8re cette participation comme un moyen de renforcer sa position sur le march\u00e9 belge de la mode enfantine. \u00ab Nous sommes pr\u00e9sents depuis des ann\u00e9es dans la mode enfantine. Avec Filou &amp; Friends, nous y ajoutons une marque belge compl\u00e9mentaire dot\u00e9e d\u2019une forte identit\u00e9 propre. Nous renfor\u00e7ons ainsi notre leadership sur le march\u00e9 \u00bb, explique Claes.<\/p>\n\n\n\n<p class=\"wp-block-paragraph\">Le groupe continue par ailleurs d\u2019investir dans son r\u00e9seau de magasins. Ainsi, CKS \u00e0 Ostende et JBC \u00e0 Rijkevorsel ont ouvert de nouveaux points de vente, tandis que des magasins situ\u00e9s notamment \u00e0 Edegem, Kalmthout et Nieuport ont adopt\u00e9 un nouveau concept d\u2019agencement. Mayerline a quant \u00e0 elle emm\u00e9nag\u00e9 dans de nouveaux locaux \u00e0 Bruges.<\/p>\n\n\n\n<h2 class=\"wp-block-heading\">\u00ab Plus simple et plus efficace \u00bb<\/h2>\n\n\n\n<p class=\"wp-block-paragraph\">Parall\u00e8lement, CRG intervient sur sa structure de co\u00fbts. \u00c0 partir du d\u00e9but de l\u2019ann\u00e9e prochaine, le groupe confiera ses <a href=\"https:\/\/www.retaildetail.be\/fr\/news\/mode\/claes-retail-group-transfere-ses-activites-logistiques-vers-un-entrepot-externe\/\" data-type=\"link\" data-id=\"https:\/\/www.retaildetail.be\/fr\/news\/mode\/claes-retail-group-transfere-ses-activites-logistiques-vers-un-entrepot-externe\/\">activit\u00e9s d\u2019entreposage \u00e0 un prestataire externe<\/a>. Le groupe de mode souhaite ainsi organiser son approvisionnement de mani\u00e8re plus efficace et r\u00e9agir plus rapidement aux variations de la demande.<\/p>\n\n\n\n<p class=\"wp-block-paragraph\">\u00ab Nous faisons aujourd\u2019hui des choix qui doivent nous rendre plus forts demain \u00bb, d\u00e9clare Claes. \u00ab Cela signifie investir l\u00e0 o\u00f9 nous voyons un potentiel de croissance, tout en rendant notre organisation plus simple et plus efficace. \u00bb<\/p>\n\n\n\n<h2 class=\"wp-block-heading\">Reprise prudente en 2026<\/h2>\n\n\n\n<p class=\"wp-block-paragraph\">La vente circulaire prendra \u00e9galement une place plus importante. Gr\u00e2ce aux diff\u00e9rentes initiatives de vente d\u2019occasion de CRG, plus de 370 000 v\u00eatements ont d\u00e9j\u00e0 trouv\u00e9 un nouveau propri\u00e9taire. Chez Filou &amp; Friends, le compteur affiche plus de 70 000 articles.<\/p>\n\n\n\n<p class=\"wp-block-paragraph\">Claes Retail Group s\u2019attend \u00e0 ce que l\u2019incertitude \u00e9conomique et la pression sur le pouvoir d\u2019achat persistent pour le moment. L\u2019entreprise de mode constate toutefois d\u00e9j\u00e0 une am\u00e9lioration cette ann\u00e9e. Le groupe souhaite donc continuer \u00e0 investir dans les magasins, le positionnement de la marque et les partenariats. \u00ab Notre ambition reste la m\u00eame : d\u00e9velopper un groupe de mode belge solide qui reste pertinent pour ses clients, m\u00eame \u00e0 long terme \u00bb, conclut Bart Claes.<\/p>\n","protected":false},"excerpt":{"rendered":"<p>Claes Retail Group, le groupe de mode \u00e0 l&rsquo;origine des enseignes JBC, CKS et Mayerline, vient de traverser un exercice difficile. Le groupe a enregistr\u00e9 une perte nette de 9,6 millions d&rsquo;euros, mais ne baisse pas les bras pour autant : avec Filou &amp; Friends, CRG ajoute une quatri\u00e8me marque \u00e0 son portefeuille, tandis que les magasins et la logistique b\u00e9n\u00e9ficient \u00e9galement de moyens suppl\u00e9mentaires.<\/p>\n","protected":false},"author":5,"featured_media":154399,"comment_status":"closed","ping_status":"closed","sticky":false,"template":"","format":"standard","meta":{"_acf_changed":false,"inline_featured_image":false,"_jetpack_newsletter_access":"","_jetpack_dont_email_post_to_subs":false,"_jetpack_newsletter_tier_id":0,"_jetpack_memberships_contains_paywalled_content":false,"_jetpack_memberships_contains_paid_content":false,"footnotes":""},"categories":[14,22],"tags":[],"people":[],"extra":[44],"company":[663,661,1974,311,662],"topic":[266],"region":[226],"class_list":["post-154398","post","type-post","status-publish","format-standard","has-post-thumbnail","hentry","category-mode","extra-hot","company-cks","company-claes-retail-group","company-filou-friends","company-jbc","company-mayerline","topic-resultats-financiers","region-belgique"],"acf":[],"yoast_head":"<!-- This site is optimized with the Yoast SEO plugin v28.1 - https:\/\/yoast.com\/product\/yoast-seo-wordpress\/ -->\n<title>Claes Retail Group, la soci\u00e9t\u00e9 m\u00e8re de JBC, se tourne vers l&#039;avenir apr\u00e8s une ann\u00e9e difficile - RetailDetail BE<\/title>\n<meta name=\"robots\" content=\"index, follow, max-snippet:-1, max-image-preview:large, max-video-preview:-1\" \/>\n<link rel=\"canonical\" href=\"https:\/\/www.retaildetail.be\/fr\/news\/mode\/claes-retail-group-la-societe-mere-de-jbc-se-tourne-vers-lavenir-apres-une-annee-difficile\/\" \/>\n<meta property=\"og:locale\" content=\"fr_FR\" \/>\n<meta property=\"og:type\" content=\"article\" \/>\n<meta property=\"og:title\" content=\"Claes Retail Group, la soci\u00e9t\u00e9 m\u00e8re de JBC, se tourne vers l&#039;avenir apr\u00e8s une ann\u00e9e difficile - RetailDetail BE\" \/>\n<meta property=\"og:description\" content=\"Claes Retail Group, le groupe de mode \u00e0 l&#039;origine des enseignes JBC, CKS et Mayerline, vient de traverser un exercice difficile. Le groupe a enregistr\u00e9 une perte nette de 9,6 millions d&#039;euros, mais ne baisse pas les bras pour autant : avec Filou &amp; Friends, CRG ajoute une quatri\u00e8me marque \u00e0 son portefeuille, tandis que les magasins et la logistique b\u00e9n\u00e9ficient \u00e9galement de moyens suppl\u00e9mentaires.\" \/>\n<meta property=\"og:url\" content=\"https:\/\/www.retaildetail.be\/fr\/news\/mode\/claes-retail-group-la-societe-mere-de-jbc-se-tourne-vers-lavenir-apres-une-annee-difficile\/\" \/>\n<meta property=\"og:site_name\" content=\"RetailDetail BE\" \/>\n<meta property=\"article:published_time\" content=\"2026-08-31T13:28:37+00:00\" \/>\n<meta property=\"article:modified_time\" content=\"2026-08-31T13:43:16+00:00\" \/>\n<meta property=\"og:image\" content=\"https:\/\/www.retaildetail.be\/wp-content\/uploads\/2026\/08\/JBC-Antwerpen-Meir-1-1.jpg\" \/>\n\t<meta property=\"og:image:width\" content=\"1416\" \/>\n\t<meta property=\"og:image:height\" content=\"880\" \/>\n\t<meta property=\"og:image:type\" content=\"image\/jpeg\" \/>\n<meta name=\"author\" content=\"Pauline Neerman\" \/>\n<meta name=\"twitter:card\" content=\"summary_large_image\" \/>\n<meta name=\"twitter:label1\" content=\"\u00c9crit par\" \/>\n\t<meta name=\"twitter:data1\" content=\"Pauline Neerman\" \/>\n\t<meta name=\"twitter:label2\" content=\"Dur\u00e9e de lecture estim\u00e9e\" \/>\n\t<meta name=\"twitter:data2\" content=\"3 minutes\" \/>\n<script type=\"application\/ld+json\" class=\"yoast-schema-graph\">{\"@context\":\"https:\\\/\\\/schema.org\",\"@graph\":[{\"@type\":\"NewsArticle\",\"@id\":\"https:\\\/\\\/www.retaildetail.be\\\/fr\\\/news\\\/mode\\\/claes-retail-group-la-societe-mere-de-jbc-se-tourne-vers-lavenir-apres-une-annee-difficile\\\/#article\",\"isPartOf\":{\"@id\":\"https:\\\/\\\/www.retaildetail.be\\\/fr\\\/news\\\/mode\\\/claes-retail-group-la-societe-mere-de-jbc-se-tourne-vers-lavenir-apres-une-annee-difficile\\\/\"},\"author\":{\"name\":\"Pauline Neerman\",\"@id\":\"https:\\\/\\\/www.retaildetail.be\\\/nl\\\/#\\\/schema\\\/person\\\/66b54803fa10759039079458ea89e307\"},\"headline\":\"Claes Retail Group, la soci\u00e9t\u00e9 m\u00e8re de JBC, se tourne vers l&rsquo;avenir apr\u00e8s une ann\u00e9e difficile\",\"datePublished\":\"2026-08-31T13:28:37+00:00\",\"dateModified\":\"2026-08-31T13:43:16+00:00\",\"mainEntityOfPage\":{\"@id\":\"https:\\\/\\\/www.retaildetail.be\\\/fr\\\/news\\\/mode\\\/claes-retail-group-la-societe-mere-de-jbc-se-tourne-vers-lavenir-apres-une-annee-difficile\\\/\"},\"wordCount\":684,\"publisher\":{\"@id\":\"https:\\\/\\\/www.retaildetail.be\\\/nl\\\/#organization\"},\"image\":{\"@id\":\"https:\\\/\\\/www.retaildetail.be\\\/fr\\\/news\\\/mode\\\/claes-retail-group-la-societe-mere-de-jbc-se-tourne-vers-lavenir-apres-une-annee-difficile\\\/#primaryimage\"},\"thumbnailUrl\":\"https:\\\/\\\/www.retaildetail.be\\\/wp-content\\\/uploads\\\/2026\\\/08\\\/JBC-Antwerpen-Meir-1-1.jpg\",\"articleSection\":[\"Mode\",\"Mode\"],\"inLanguage\":\"fr-FR\",\"copyrightYear\":\"2026\",\"copyrightHolder\":{\"@id\":\"https:\\\/\\\/www.retaildetail.be\\\/#organization\"}},{\"@type\":\"WebPage\",\"@id\":\"https:\\\/\\\/www.retaildetail.be\\\/fr\\\/news\\\/mode\\\/claes-retail-group-la-societe-mere-de-jbc-se-tourne-vers-lavenir-apres-une-annee-difficile\\\/\",\"url\":\"https:\\\/\\\/www.retaildetail.be\\\/fr\\\/news\\\/mode\\\/claes-retail-group-la-societe-mere-de-jbc-se-tourne-vers-lavenir-apres-une-annee-difficile\\\/\",\"name\":\"Claes Retail Group, la soci\u00e9t\u00e9 m\u00e8re de JBC, se tourne vers l'avenir apr\u00e8s une ann\u00e9e difficile - RetailDetail BE\",\"isPartOf\":{\"@id\":\"https:\\\/\\\/www.retaildetail.be\\\/nl\\\/#website\"},\"primaryImageOfPage\":{\"@id\":\"https:\\\/\\\/www.retaildetail.be\\\/fr\\\/news\\\/mode\\\/claes-retail-group-la-societe-mere-de-jbc-se-tourne-vers-lavenir-apres-une-annee-difficile\\\/#primaryimage\"},\"image\":{\"@id\":\"https:\\\/\\\/www.retaildetail.be\\\/fr\\\/news\\\/mode\\\/claes-retail-group-la-societe-mere-de-jbc-se-tourne-vers-lavenir-apres-une-annee-difficile\\\/#primaryimage\"},\"thumbnailUrl\":\"https:\\\/\\\/www.retaildetail.be\\\/wp-content\\\/uploads\\\/2026\\\/08\\\/JBC-Antwerpen-Meir-1-1.jpg\",\"datePublished\":\"2026-08-31T13:28:37+00:00\",\"dateModified\":\"2026-08-31T13:43:16+00:00\",\"breadcrumb\":{\"@id\":\"https:\\\/\\\/www.retaildetail.be\\\/fr\\\/news\\\/mode\\\/claes-retail-group-la-societe-mere-de-jbc-se-tourne-vers-lavenir-apres-une-annee-difficile\\\/#breadcrumb\"},\"inLanguage\":\"fr-FR\",\"potentialAction\":[{\"@type\":\"ReadAction\",\"target\":[\"https:\\\/\\\/www.retaildetail.be\\\/fr\\\/news\\\/mode\\\/claes-retail-group-la-societe-mere-de-jbc-se-tourne-vers-lavenir-apres-une-annee-difficile\\\/\"]}]},{\"@type\":\"ImageObject\",\"inLanguage\":\"fr-FR\",\"@id\":\"https:\\\/\\\/www.retaildetail.be\\\/fr\\\/news\\\/mode\\\/claes-retail-group-la-societe-mere-de-jbc-se-tourne-vers-lavenir-apres-une-annee-difficile\\\/#primaryimage\",\"url\":\"https:\\\/\\\/www.retaildetail.be\\\/wp-content\\\/uploads\\\/2026\\\/08\\\/JBC-Antwerpen-Meir-1-1.jpg\",\"contentUrl\":\"https:\\\/\\\/www.retaildetail.be\\\/wp-content\\\/uploads\\\/2026\\\/08\\\/JBC-Antwerpen-Meir-1-1.jpg\",\"width\":1416,\"height\":880},{\"@type\":\"BreadcrumbList\",\"@id\":\"https:\\\/\\\/www.retaildetail.be\\\/fr\\\/news\\\/mode\\\/claes-retail-group-la-societe-mere-de-jbc-se-tourne-vers-lavenir-apres-une-annee-difficile\\\/#breadcrumb\",\"itemListElement\":[{\"@type\":\"ListItem\",\"position\":1,\"name\":\"Home\",\"item\":\"https:\\\/\\\/www.retaildetail.be\\\/fr\\\/\"},{\"@type\":\"ListItem\",\"position\":2,\"name\":\"Claes Retail Group, la soci\u00e9t\u00e9 m\u00e8re de JBC, se tourne vers l&#8217;avenir apr\u00e8s une ann\u00e9e difficile\"}]},{\"@type\":\"WebSite\",\"@id\":\"https:\\\/\\\/www.retaildetail.be\\\/nl\\\/#website\",\"url\":\"https:\\\/\\\/www.retaildetail.be\\\/nl\\\/\",\"name\":\"RetailDetail BE\",\"description\":\"News\",\"publisher\":{\"@id\":\"https:\\\/\\\/www.retaildetail.be\\\/nl\\\/#organization\"},\"potentialAction\":[{\"@type\":\"SearchAction\",\"target\":{\"@type\":\"EntryPoint\",\"urlTemplate\":\"https:\\\/\\\/www.retaildetail.be\\\/nl\\\/?s={search_term_string}\"},\"query-input\":{\"@type\":\"PropertyValueSpecification\",\"valueRequired\":true,\"valueName\":\"search_term_string\"}}],\"inLanguage\":\"fr-FR\"},{\"@type\":\"Organization\",\"@id\":\"https:\\\/\\\/www.retaildetail.be\\\/nl\\\/#organization\",\"name\":\"RetailDetail BE\",\"url\":\"https:\\\/\\\/www.retaildetail.be\\\/nl\\\/\",\"logo\":{\"@type\":\"ImageObject\",\"inLanguage\":\"fr-FR\",\"@id\":\"https:\\\/\\\/www.retaildetail.be\\\/nl\\\/#\\\/schema\\\/logo\\\/image\\\/\",\"url\":\"https:\\\/\\\/www.retaildetail.be\\\/wp-content\\\/uploads\\\/2022\\\/04\\\/logo.svg\",\"contentUrl\":\"https:\\\/\\\/www.retaildetail.be\\\/wp-content\\\/uploads\\\/2022\\\/04\\\/logo.svg\",\"width\":131,\"height\":70,\"caption\":\"RetailDetail BE\"},\"image\":{\"@id\":\"https:\\\/\\\/www.retaildetail.be\\\/nl\\\/#\\\/schema\\\/logo\\\/image\\\/\"}},{\"@type\":\"Person\",\"@id\":\"https:\\\/\\\/www.retaildetail.be\\\/nl\\\/#\\\/schema\\\/person\\\/66b54803fa10759039079458ea89e307\",\"name\":\"Pauline Neerman\",\"image\":{\"@type\":\"ImageObject\",\"inLanguage\":\"fr-FR\",\"@id\":\"https:\\\/\\\/secure.gravatar.com\\\/avatar\\\/58db22aee589a691f9603e5765ac06010427a923f9b2728b951eb7fe27214d70?s=96&d=mm&r=g\",\"url\":\"https:\\\/\\\/secure.gravatar.com\\\/avatar\\\/58db22aee589a691f9603e5765ac06010427a923f9b2728b951eb7fe27214d70?s=96&d=mm&r=g\",\"contentUrl\":\"https:\\\/\\\/secure.gravatar.com\\\/avatar\\\/58db22aee589a691f9603e5765ac06010427a923f9b2728b951eb7fe27214d70?s=96&d=mm&r=g\",\"caption\":\"Pauline Neerman\"},\"url\":\"https:\\\/\\\/www.retaildetail.be\\\/fr\\\/author\\\/paulineneerman\\\/\"}]}<\/script>\n<!-- \/ Yoast SEO plugin. -->","yoast_head_json":{"title":"Claes Retail Group, la soci\u00e9t\u00e9 m\u00e8re de JBC, se tourne vers l'avenir apr\u00e8s une ann\u00e9e difficile - RetailDetail BE","robots":{"index":"index","follow":"follow","max-snippet":"max-snippet:-1","max-image-preview":"max-image-preview:large","max-video-preview":"max-video-preview:-1"},"canonical":"https:\/\/www.retaildetail.be\/fr\/news\/mode\/claes-retail-group-la-societe-mere-de-jbc-se-tourne-vers-lavenir-apres-une-annee-difficile\/","og_locale":"fr_FR","og_type":"article","og_title":"Claes Retail Group, la soci\u00e9t\u00e9 m\u00e8re de JBC, se tourne vers l'avenir apr\u00e8s une ann\u00e9e difficile - RetailDetail BE","og_description":"Claes Retail Group, le groupe de mode \u00e0 l'origine des enseignes JBC, CKS et Mayerline, vient de traverser un exercice difficile. Le groupe a enregistr\u00e9 une perte nette de 9,6 millions d'euros, mais ne baisse pas les bras pour autant : avec Filou &amp; Friends, CRG ajoute une quatri\u00e8me marque \u00e0 son portefeuille, tandis que les magasins et la logistique b\u00e9n\u00e9ficient \u00e9galement de moyens suppl\u00e9mentaires.","og_url":"https:\/\/www.retaildetail.be\/fr\/news\/mode\/claes-retail-group-la-societe-mere-de-jbc-se-tourne-vers-lavenir-apres-une-annee-difficile\/","og_site_name":"RetailDetail BE","article_published_time":"2026-08-31T13:28:37+00:00","article_modified_time":"2026-08-31T13:43:16+00:00","og_image":[{"width":1416,"height":880,"url":"https:\/\/www.retaildetail.be\/wp-content\/uploads\/2026\/08\/JBC-Antwerpen-Meir-1-1.jpg","type":"image\/jpeg"}],"author":"Pauline Neerman","twitter_card":"summary_large_image","twitter_misc":{"\u00c9crit par":"Pauline Neerman","Dur\u00e9e de lecture estim\u00e9e":"3 minutes"},"schema":{"@context":"https:\/\/schema.org","@graph":[{"@type":"NewsArticle","@id":"https:\/\/www.retaildetail.be\/fr\/news\/mode\/claes-retail-group-la-societe-mere-de-jbc-se-tourne-vers-lavenir-apres-une-annee-difficile\/#article","isPartOf":{"@id":"https:\/\/www.retaildetail.be\/fr\/news\/mode\/claes-retail-group-la-societe-mere-de-jbc-se-tourne-vers-lavenir-apres-une-annee-difficile\/"},"author":{"name":"Pauline Neerman","@id":"https:\/\/www.retaildetail.be\/nl\/#\/schema\/person\/66b54803fa10759039079458ea89e307"},"headline":"Claes Retail Group, la soci\u00e9t\u00e9 m\u00e8re de JBC, se tourne vers l&rsquo;avenir apr\u00e8s une ann\u00e9e difficile","datePublished":"2026-08-31T13:28:37+00:00","dateModified":"2026-08-31T13:43:16+00:00","mainEntityOfPage":{"@id":"https:\/\/www.retaildetail.be\/fr\/news\/mode\/claes-retail-group-la-societe-mere-de-jbc-se-tourne-vers-lavenir-apres-une-annee-difficile\/"},"wordCount":684,"publisher":{"@id":"https:\/\/www.retaildetail.be\/nl\/#organization"},"image":{"@id":"https:\/\/www.retaildetail.be\/fr\/news\/mode\/claes-retail-group-la-societe-mere-de-jbc-se-tourne-vers-lavenir-apres-une-annee-difficile\/#primaryimage"},"thumbnailUrl":"https:\/\/www.retaildetail.be\/wp-content\/uploads\/2026\/08\/JBC-Antwerpen-Meir-1-1.jpg","articleSection":["Mode","Mode"],"inLanguage":"fr-FR","copyrightYear":"2026","copyrightHolder":{"@id":"https:\/\/www.retaildetail.be\/#organization"}},{"@type":"WebPage","@id":"https:\/\/www.retaildetail.be\/fr\/news\/mode\/claes-retail-group-la-societe-mere-de-jbc-se-tourne-vers-lavenir-apres-une-annee-difficile\/","url":"https:\/\/www.retaildetail.be\/fr\/news\/mode\/claes-retail-group-la-societe-mere-de-jbc-se-tourne-vers-lavenir-apres-une-annee-difficile\/","name":"Claes Retail Group, la soci\u00e9t\u00e9 m\u00e8re de JBC, se tourne vers l'avenir apr\u00e8s une ann\u00e9e difficile - RetailDetail BE","isPartOf":{"@id":"https:\/\/www.retaildetail.be\/nl\/#website"},"primaryImageOfPage":{"@id":"https:\/\/www.retaildetail.be\/fr\/news\/mode\/claes-retail-group-la-societe-mere-de-jbc-se-tourne-vers-lavenir-apres-une-annee-difficile\/#primaryimage"},"image":{"@id":"https:\/\/www.retaildetail.be\/fr\/news\/mode\/claes-retail-group-la-societe-mere-de-jbc-se-tourne-vers-lavenir-apres-une-annee-difficile\/#primaryimage"},"thumbnailUrl":"https:\/\/www.retaildetail.be\/wp-content\/uploads\/2026\/08\/JBC-Antwerpen-Meir-1-1.jpg","datePublished":"2026-08-31T13:28:37+00:00","dateModified":"2026-08-31T13:43:16+00:00","breadcrumb":{"@id":"https:\/\/www.retaildetail.be\/fr\/news\/mode\/claes-retail-group-la-societe-mere-de-jbc-se-tourne-vers-lavenir-apres-une-annee-difficile\/#breadcrumb"},"inLanguage":"fr-FR","potentialAction":[{"@type":"ReadAction","target":["https:\/\/www.retaildetail.be\/fr\/news\/mode\/claes-retail-group-la-societe-mere-de-jbc-se-tourne-vers-lavenir-apres-une-annee-difficile\/"]}]},{"@type":"ImageObject","inLanguage":"fr-FR","@id":"https:\/\/www.retaildetail.be\/fr\/news\/mode\/claes-retail-group-la-societe-mere-de-jbc-se-tourne-vers-lavenir-apres-une-annee-difficile\/#primaryimage","url":"https:\/\/www.retaildetail.be\/wp-content\/uploads\/2026\/08\/JBC-Antwerpen-Meir-1-1.jpg","contentUrl":"https:\/\/www.retaildetail.be\/wp-content\/uploads\/2026\/08\/JBC-Antwerpen-Meir-1-1.jpg","width":1416,"height":880},{"@type":"BreadcrumbList","@id":"https:\/\/www.retaildetail.be\/fr\/news\/mode\/claes-retail-group-la-societe-mere-de-jbc-se-tourne-vers-lavenir-apres-une-annee-difficile\/#breadcrumb","itemListElement":[{"@type":"ListItem","position":1,"name":"Home","item":"https:\/\/www.retaildetail.be\/fr\/"},{"@type":"ListItem","position":2,"name":"Claes Retail Group, la soci\u00e9t\u00e9 m\u00e8re de JBC, se tourne vers l&#8217;avenir apr\u00e8s une ann\u00e9e difficile"}]},{"@type":"WebSite","@id":"https:\/\/www.retaildetail.be\/nl\/#website","url":"https:\/\/www.retaildetail.be\/nl\/","name":"RetailDetail BE","description":"News","publisher":{"@id":"https:\/\/www.retaildetail.be\/nl\/#organization"},"potentialAction":[{"@type":"SearchAction","target":{"@type":"EntryPoint","urlTemplate":"https:\/\/www.retaildetail.be\/nl\/?s={search_term_string}"},"query-input":{"@type":"PropertyValueSpecification","valueRequired":true,"valueName":"search_term_string"}}],"inLanguage":"fr-FR"},{"@type":"Organization","@id":"https:\/\/www.retaildetail.be\/nl\/#organization","name":"RetailDetail BE","url":"https:\/\/www.retaildetail.be\/nl\/","logo":{"@type":"ImageObject","inLanguage":"fr-FR","@id":"https:\/\/www.retaildetail.be\/nl\/#\/schema\/logo\/image\/","url":"https:\/\/www.retaildetail.be\/wp-content\/uploads\/2022\/04\/logo.svg","contentUrl":"https:\/\/www.retaildetail.be\/wp-content\/uploads\/2022\/04\/logo.svg","width":131,"height":70,"caption":"RetailDetail BE"},"image":{"@id":"https:\/\/www.retaildetail.be\/nl\/#\/schema\/logo\/image\/"}},{"@type":"Person","@id":"https:\/\/www.retaildetail.be\/nl\/#\/schema\/person\/66b54803fa10759039079458ea89e307","name":"Pauline Neerman","image":{"@type":"ImageObject","inLanguage":"fr-FR","@id":"https:\/\/secure.gravatar.com\/avatar\/58db22aee589a691f9603e5765ac06010427a923f9b2728b951eb7fe27214d70?s=96&d=mm&r=g","url":"https:\/\/secure.gravatar.com\/avatar\/58db22aee589a691f9603e5765ac06010427a923f9b2728b951eb7fe27214d70?s=96&d=mm&r=g","contentUrl":"https:\/\/secure.gravatar.com\/avatar\/58db22aee589a691f9603e5765ac06010427a923f9b2728b951eb7fe27214d70?s=96&d=mm&r=g","caption":"Pauline Neerman"},"url":"https:\/\/www.retaildetail.be\/fr\/author\/paulineneerman\/"}]}},"jetpack_featured_media_url":"https:\/\/www.retaildetail.be\/wp-content\/uploads\/2026\/08\/JBC-Antwerpen-Meir-1-1.jpg","jetpack_sharing_enabled":true,"_links":{"self":[{"href":"https:\/\/www.retaildetail.be\/fr\/wp-json\/wp\/v2\/posts\/154398","targetHints":{"allow":["GET"]}}],"collection":[{"href":"https:\/\/www.retaildetail.be\/fr\/wp-json\/wp\/v2\/posts"}],"about":[{"href":"https:\/\/www.retaildetail.be\/fr\/wp-json\/wp\/v2\/types\/post"}],"author":[{"embeddable":true,"href":"https:\/\/www.retaildetail.be\/fr\/wp-json\/wp\/v2\/users\/5"}],"replies":[{"embeddable":true,"href":"https:\/\/www.retaildetail.be\/fr\/wp-json\/wp\/v2\/comments?post=154398"}],"version-history":[{"count":1,"href":"https:\/\/www.retaildetail.be\/fr\/wp-json\/wp\/v2\/posts\/154398\/revisions"}],"predecessor-version":[{"id":154400,"href":"https:\/\/www.retaildetail.be\/fr\/wp-json\/wp\/v2\/posts\/154398\/revisions\/154400"}],"wp:featuredmedia":[{"embeddable":true,"href":"https:\/\/www.retaildetail.be\/fr\/wp-json\/wp\/v2\/media\/154399"}],"wp:attachment":[{"href":"https:\/\/www.retaildetail.be\/fr\/wp-json\/wp\/v2\/media?parent=154398"}],"wp:term":[{"taxonomy":"category","embeddable":true,"href":"https:\/\/www.retaildetail.be\/fr\/wp-json\/wp\/v2\/categories?post=154398"},{"taxonomy":"post_tag","embeddable":true,"href":"https:\/\/www.retaildetail.be\/fr\/wp-json\/wp\/v2\/tags?post=154398"},{"taxonomy":"people","embeddable":true,"href":"https:\/\/www.retaildetail.be\/fr\/wp-json\/wp\/v2\/people?post=154398"},{"taxonomy":"extra","embeddable":true,"href":"https:\/\/www.retaildetail.be\/fr\/wp-json\/wp\/v2\/extra?post=154398"},{"taxonomy":"company","embeddable":true,"href":"https:\/\/www.retaildetail.be\/fr\/wp-json\/wp\/v2\/company?post=154398"},{"taxonomy":"topic","embeddable":true,"href":"https:\/\/www.retaildetail.be\/fr\/wp-json\/wp\/v2\/topic?post=154398"},{"taxonomy":"region","embeddable":true,"href":"https:\/\/www.retaildetail.be\/fr\/wp-json\/wp\/v2\/region?post=154398"}],"curies":[{"name":"wp","href":"https:\/\/api.w.org\/{rel}","templated":true}]}}