{"id":154408,"date":"2026-08-31T16:30:01","date_gmt":"2026-08-31T14:30:01","guid":{"rendered":"https:\/\/www.retaildetail.be\/?p=154408"},"modified":"2026-08-31T16:30:02","modified_gmt":"2026-08-31T14:30:02","slug":"waste-warriors-sen-prend-aux-normes-de-poids-des-supermarches-un-dixieme-de-la-recolte-flamande-reste-invendue","status":"publish","type":"post","link":"https:\/\/www.retaildetail.be\/fr\/news\/food\/waste-warriors-sen-prend-aux-normes-de-poids-des-supermarches-un-dixieme-de-la-recolte-flamande-reste-invendue\/","title":{"rendered":"Waste Warriors s&rsquo;en prend aux normes de poids des supermarch\u00e9s : \u00ab Un dixi\u00e8me de la r\u00e9colte reste invendue \u00bb"},"content":{"rendered":"\n<p class=\"wp-block-paragraph\">Selon <strong>Waste Warriors<\/strong>, des exigences strictes en mati\u00e8re de poids et d&rsquo;aspect rendent chaque ann\u00e9e pr\u00e8s de 120 millions de kilos de fruits et l\u00e9gumes flamands invendables. L&rsquo;organisation appelle les cha\u00eenes de supermarch\u00e9s \u00e0 assouplir leurs normes et lance une p\u00e9tition qui doit recueillir au moins 10 000 signatures.<\/p>\n\n\n\n<h2 class=\"wp-block-heading\">P\u00e9tition adress\u00e9e aux supermarch\u00e9s<\/h2>\n\n\n\n<p class=\"wp-block-paragraph\">Les supermarch\u00e9s doivent offrir aux consommateurs davantage de choix en mati\u00e8re de taille et d\u2019aspect des fruits et l\u00e9gumes. C\u2019est ce qu\u2019estime Waste Warriors, qui a adress\u00e9 lundi une lettre ouverte aux grandes cha\u00eenes de supermarch\u00e9s belges. L\u2019organisation souhaite mettre fin aux normes de poids fixes qui, selon cette association de lutte contre le gaspillage, emp\u00eachent une quantit\u00e9 consid\u00e9rable de produits parfaitement comestibles d\u2019\u00eatre mis en rayon.<\/p>\n\n\n\n<p class=\"wp-block-paragraph\">Ainsi, selon les normes en vigueur, une citrouille doit peser au moins 400 grammes, tandis qu\u2019une patate douce ne doit pas d\u00e9passer 800 grammes. Waste Warriors a \u00e9galement constat\u00e9 que, chez sept des dix grandes cha\u00eenes de supermarch\u00e9s belges \u00e9tudi\u00e9es, le brocoli p\u00e8se g\u00e9n\u00e9ralement exactement 500 grammes. Les exemplaires plus gros sont donc coup\u00e9s, ce qui entra\u00eene la perte de parties comestibles.<\/p>\n\n\n\n<p class=\"wp-block-paragraph\">\u00ab Lorsque nous discutons avec les supermarch\u00e9s et les march\u00e9s aux ench\u00e8res, on nous r\u00e9p\u00e8te sans cesse le m\u00eame argument : \u201cle consommateur ne veut pas acheter de produits hors normes\u201d \u00bb, explique le fondateur Thomas Schiltz. Waste Warriors associe donc cet appel \u00e0 une p\u00e9tition : \u00ab Nous voulons montrer noir sur blanc aux supermarch\u00e9s qu\u2019au moins 10 000 personnes seraient pr\u00eates \u00e0 acheter une petite citrouille ou une patate douce g\u00e9ante. \u00bb<\/p>\n\n\n\n<h2 class=\"wp-block-heading\">40 % de pertes pour les patates douces<\/h2>\n\n\n\n<p class=\"wp-block-paragraph\">Waste Warriors se r\u00e9f\u00e8re \u00e0 une \u00e9tude de l\u2019universit\u00e9 de Gand r\u00e9alis\u00e9e \u00e0 la demande du d\u00e9partement flamand de l\u2019Agriculture et de la P\u00eache. Il en ressort que les agriculteurs flamands signalent en moyenne 10,2 % de pertes \u00e0 la vente dues aux exigences de qualit\u00e9 esth\u00e9tique. Selon l\u2019organisation, cela repr\u00e9sente au total pr\u00e8s de 120 millions de kilos de fruits et l\u00e9gumes pour les principales cultures \u00e9tudi\u00e9es. Les patates douces d\u00e9tiennent la palme certaines saisons : jusqu\u2019\u00e0 40 % d\u2019entre elles n\u2019atteignent pas les rayons des magasins.<\/p>\n\n\n\n<p class=\"wp-block-paragraph\">Les conditions m\u00e9t\u00e9orologiques extr\u00eames aggravent le probl\u00e8me, affirme Schiltz. \u00ab La vague de chaleur de cet \u00e9t\u00e9 a r\u00e9duit la taille des l\u00e9gumes. Et la gr\u00eale de ce printemps a endommag\u00e9 la peau de nombreuses vari\u00e9t\u00e9s de fruits. Une seule petite tache peut suffire \u00e0 rejeter des fruits parfaitement comestibles. \u00bb Selon lui, les producteurs signalent d\u00e9sormais \u00ab des millions de kilos de fruits et l\u00e9gumes parfaits \u00bb pour lesquels ils ont du mal \u00e0 trouver des d\u00e9bouch\u00e9s.<\/p>\n\n\n\n<p class=\"wp-block-paragraph\">L\u2019organisation s\u0153ur n\u00e9erlandaise <strong>No Waste Army<\/strong> m\u00e8ne actuellement une campagne sur le m\u00eame th\u00e8me, mais avec \u00ab le supermarch\u00e9 le plus tordu des Pays-Bas \u00bb. \u00c0 l\u2019occasion de la Semaine sans gaspillage, un supermarch\u00e9 \u00e9ph\u00e9m\u00e8re ouvrira ses portes \u00e0 la gare d\u2019Utrecht Centraal, proposant des fruits et l\u00e9gumes que les supermarch\u00e9s traditionnels rejettent en raison de leur apparence. Cette initiative vise ainsi \u00e0 sauver 100 000 kilos de nourriture de la poubelle.<\/p>\n","protected":false},"excerpt":{"rendered":"<p>Selon Waste Warriors, des exigences strictes en mati\u00e8re de poids et d&rsquo;aspect rendent chaque ann\u00e9e pr\u00e8s de 120 millions de kilos de fruits et l\u00e9gumes flamands invendables. L&rsquo;organisation appelle les cha\u00eenes de supermarch\u00e9s \u00e0 assouplir leurs normes et lance une p\u00e9tition qui doit recueillir au moins 10 000 signatures.<\/p>\n","protected":false},"author":5,"featured_media":154410,"comment_status":"closed","ping_status":"closed","sticky":false,"template":"","format":"standard","meta":{"_acf_changed":false,"inline_featured_image":false,"_jetpack_newsletter_access":"","_jetpack_dont_email_post_to_subs":false,"_jetpack_newsletter_tier_id":0,"_jetpack_memberships_contains_paywalled_content":false,"_jetpack_memberships_contains_paid_content":false,"footnotes":""},"categories":[18,24],"tags":[1529],"people":[],"extra":[],"company":[1927],"topic":[373],"region":[226],"class_list":["post-154408","post","type-post","status-publish","format-standard","has-post-thumbnail","hentry","category-food","tag-gaspillage","company-waste-warriors","topic-durabilite","region-belgique"],"acf":[],"yoast_head":"<!-- This site is optimized with the Yoast SEO plugin v28.1 - https:\/\/yoast.com\/product\/yoast-seo-wordpress\/ -->\n<title>Waste Warriors s&#039;en prend aux normes de poids des supermarch\u00e9s : \u00ab Un dixi\u00e8me de la r\u00e9colte reste invendue \u00bb - RetailDetail BE<\/title>\n<meta name=\"robots\" content=\"index, follow, max-snippet:-1, max-image-preview:large, max-video-preview:-1\" \/>\n<link rel=\"canonical\" href=\"https:\/\/www.retaildetail.be\/fr\/news\/food\/waste-warriors-sen-prend-aux-normes-de-poids-des-supermarches-un-dixieme-de-la-recolte-flamande-reste-invendue\/\" \/>\n<meta property=\"og:locale\" content=\"fr_FR\" \/>\n<meta property=\"og:type\" content=\"article\" \/>\n<meta property=\"og:title\" content=\"Waste Warriors s&#039;en prend aux normes de poids des supermarch\u00e9s : \u00ab Un dixi\u00e8me de la r\u00e9colte reste invendue \u00bb - RetailDetail BE\" \/>\n<meta property=\"og:description\" content=\"Selon Waste Warriors, des exigences strictes en mati\u00e8re de poids et d&#039;aspect rendent chaque ann\u00e9e pr\u00e8s de 120 millions de kilos de fruits et l\u00e9gumes flamands invendables. L&#039;organisation appelle les cha\u00eenes de supermarch\u00e9s \u00e0 assouplir leurs normes et lance une p\u00e9tition qui doit recueillir au moins 10 000 signatures.\" \/>\n<meta property=\"og:url\" content=\"https:\/\/www.retaildetail.be\/fr\/news\/food\/waste-warriors-sen-prend-aux-normes-de-poids-des-supermarches-un-dixieme-de-la-recolte-flamande-reste-invendue\/\" \/>\n<meta property=\"og:site_name\" content=\"RetailDetail BE\" \/>\n<meta property=\"article:published_time\" content=\"2026-08-31T14:30:01+00:00\" \/>\n<meta property=\"article:modified_time\" content=\"2026-08-31T14:30:02+00:00\" \/>\n<meta property=\"og:image\" content=\"https:\/\/www.retaildetail.be\/wp-content\/uploads\/2026\/08\/waste-warriors-schiltz.jpg\" \/>\n\t<meta property=\"og:image:width\" content=\"2048\" \/>\n\t<meta property=\"og:image:height\" content=\"1536\" \/>\n\t<meta property=\"og:image:type\" content=\"image\/jpeg\" \/>\n<meta name=\"author\" content=\"Pauline Neerman\" \/>\n<meta name=\"twitter:card\" content=\"summary_large_image\" \/>\n<meta name=\"twitter:label1\" content=\"\u00c9crit par\" \/>\n\t<meta name=\"twitter:data1\" content=\"Pauline Neerman\" \/>\n\t<meta name=\"twitter:label2\" content=\"Dur\u00e9e de lecture estim\u00e9e\" \/>\n\t<meta name=\"twitter:data2\" content=\"3 minutes\" \/>\n<script type=\"application\/ld+json\" class=\"yoast-schema-graph\">{\"@context\":\"https:\\\/\\\/schema.org\",\"@graph\":[{\"@type\":\"NewsArticle\",\"@id\":\"https:\\\/\\\/www.retaildetail.be\\\/fr\\\/news\\\/food\\\/waste-warriors-sen-prend-aux-normes-de-poids-des-supermarches-un-dixieme-de-la-recolte-flamande-reste-invendue\\\/#article\",\"isPartOf\":{\"@id\":\"https:\\\/\\\/www.retaildetail.be\\\/fr\\\/news\\\/food\\\/waste-warriors-sen-prend-aux-normes-de-poids-des-supermarches-un-dixieme-de-la-recolte-flamande-reste-invendue\\\/\"},\"author\":{\"name\":\"Pauline Neerman\",\"@id\":\"https:\\\/\\\/www.retaildetail.be\\\/nl\\\/#\\\/schema\\\/person\\\/66b54803fa10759039079458ea89e307\"},\"headline\":\"Waste Warriors s&rsquo;en prend aux normes de poids des supermarch\u00e9s : \u00ab Un dixi\u00e8me de la r\u00e9colte reste invendue \u00bb\",\"datePublished\":\"2026-08-31T14:30:01+00:00\",\"dateModified\":\"2026-08-31T14:30:02+00:00\",\"mainEntityOfPage\":{\"@id\":\"https:\\\/\\\/www.retaildetail.be\\\/fr\\\/news\\\/food\\\/waste-warriors-sen-prend-aux-normes-de-poids-des-supermarches-un-dixieme-de-la-recolte-flamande-reste-invendue\\\/\"},\"wordCount\":569,\"publisher\":{\"@id\":\"https:\\\/\\\/www.retaildetail.be\\\/nl\\\/#organization\"},\"image\":{\"@id\":\"https:\\\/\\\/www.retaildetail.be\\\/fr\\\/news\\\/food\\\/waste-warriors-sen-prend-aux-normes-de-poids-des-supermarches-un-dixieme-de-la-recolte-flamande-reste-invendue\\\/#primaryimage\"},\"thumbnailUrl\":\"https:\\\/\\\/www.retaildetail.be\\\/wp-content\\\/uploads\\\/2026\\\/08\\\/waste-warriors-schiltz.jpg\",\"keywords\":[\"gaspillage\"],\"articleSection\":[\"Food\",\"Food\"],\"inLanguage\":\"fr-FR\",\"copyrightYear\":\"2026\",\"copyrightHolder\":{\"@id\":\"https:\\\/\\\/www.retaildetail.be\\\/#organization\"}},{\"@type\":\"WebPage\",\"@id\":\"https:\\\/\\\/www.retaildetail.be\\\/fr\\\/news\\\/food\\\/waste-warriors-sen-prend-aux-normes-de-poids-des-supermarches-un-dixieme-de-la-recolte-flamande-reste-invendue\\\/\",\"url\":\"https:\\\/\\\/www.retaildetail.be\\\/fr\\\/news\\\/food\\\/waste-warriors-sen-prend-aux-normes-de-poids-des-supermarches-un-dixieme-de-la-recolte-flamande-reste-invendue\\\/\",\"name\":\"Waste Warriors s'en prend aux normes de poids des supermarch\u00e9s : \u00ab Un dixi\u00e8me de la r\u00e9colte reste invendue \u00bb - RetailDetail BE\",\"isPartOf\":{\"@id\":\"https:\\\/\\\/www.retaildetail.be\\\/nl\\\/#website\"},\"primaryImageOfPage\":{\"@id\":\"https:\\\/\\\/www.retaildetail.be\\\/fr\\\/news\\\/food\\\/waste-warriors-sen-prend-aux-normes-de-poids-des-supermarches-un-dixieme-de-la-recolte-flamande-reste-invendue\\\/#primaryimage\"},\"image\":{\"@id\":\"https:\\\/\\\/www.retaildetail.be\\\/fr\\\/news\\\/food\\\/waste-warriors-sen-prend-aux-normes-de-poids-des-supermarches-un-dixieme-de-la-recolte-flamande-reste-invendue\\\/#primaryimage\"},\"thumbnailUrl\":\"https:\\\/\\\/www.retaildetail.be\\\/wp-content\\\/uploads\\\/2026\\\/08\\\/waste-warriors-schiltz.jpg\",\"datePublished\":\"2026-08-31T14:30:01+00:00\",\"dateModified\":\"2026-08-31T14:30:02+00:00\",\"breadcrumb\":{\"@id\":\"https:\\\/\\\/www.retaildetail.be\\\/fr\\\/news\\\/food\\\/waste-warriors-sen-prend-aux-normes-de-poids-des-supermarches-un-dixieme-de-la-recolte-flamande-reste-invendue\\\/#breadcrumb\"},\"inLanguage\":\"fr-FR\",\"potentialAction\":[{\"@type\":\"ReadAction\",\"target\":[\"https:\\\/\\\/www.retaildetail.be\\\/fr\\\/news\\\/food\\\/waste-warriors-sen-prend-aux-normes-de-poids-des-supermarches-un-dixieme-de-la-recolte-flamande-reste-invendue\\\/\"]}]},{\"@type\":\"ImageObject\",\"inLanguage\":\"fr-FR\",\"@id\":\"https:\\\/\\\/www.retaildetail.be\\\/fr\\\/news\\\/food\\\/waste-warriors-sen-prend-aux-normes-de-poids-des-supermarches-un-dixieme-de-la-recolte-flamande-reste-invendue\\\/#primaryimage\",\"url\":\"https:\\\/\\\/www.retaildetail.be\\\/wp-content\\\/uploads\\\/2026\\\/08\\\/waste-warriors-schiltz.jpg\",\"contentUrl\":\"https:\\\/\\\/www.retaildetail.be\\\/wp-content\\\/uploads\\\/2026\\\/08\\\/waste-warriors-schiltz.jpg\",\"width\":2048,\"height\":1536},{\"@type\":\"BreadcrumbList\",\"@id\":\"https:\\\/\\\/www.retaildetail.be\\\/fr\\\/news\\\/food\\\/waste-warriors-sen-prend-aux-normes-de-poids-des-supermarches-un-dixieme-de-la-recolte-flamande-reste-invendue\\\/#breadcrumb\",\"itemListElement\":[{\"@type\":\"ListItem\",\"position\":1,\"name\":\"Home\",\"item\":\"https:\\\/\\\/www.retaildetail.be\\\/fr\\\/\"},{\"@type\":\"ListItem\",\"position\":2,\"name\":\"Waste Warriors s&#8217;en prend aux normes de poids des supermarch\u00e9s : \u00ab Un dixi\u00e8me de la r\u00e9colte reste invendue \u00bb\"}]},{\"@type\":\"WebSite\",\"@id\":\"https:\\\/\\\/www.retaildetail.be\\\/nl\\\/#website\",\"url\":\"https:\\\/\\\/www.retaildetail.be\\\/nl\\\/\",\"name\":\"RetailDetail BE\",\"description\":\"News\",\"publisher\":{\"@id\":\"https:\\\/\\\/www.retaildetail.be\\\/nl\\\/#organization\"},\"potentialAction\":[{\"@type\":\"SearchAction\",\"target\":{\"@type\":\"EntryPoint\",\"urlTemplate\":\"https:\\\/\\\/www.retaildetail.be\\\/nl\\\/?s={search_term_string}\"},\"query-input\":{\"@type\":\"PropertyValueSpecification\",\"valueRequired\":true,\"valueName\":\"search_term_string\"}}],\"inLanguage\":\"fr-FR\"},{\"@type\":\"Organization\",\"@id\":\"https:\\\/\\\/www.retaildetail.be\\\/nl\\\/#organization\",\"name\":\"RetailDetail BE\",\"url\":\"https:\\\/\\\/www.retaildetail.be\\\/nl\\\/\",\"logo\":{\"@type\":\"ImageObject\",\"inLanguage\":\"fr-FR\",\"@id\":\"https:\\\/\\\/www.retaildetail.be\\\/nl\\\/#\\\/schema\\\/logo\\\/image\\\/\",\"url\":\"https:\\\/\\\/www.retaildetail.be\\\/wp-content\\\/uploads\\\/2022\\\/04\\\/logo.svg\",\"contentUrl\":\"https:\\\/\\\/www.retaildetail.be\\\/wp-content\\\/uploads\\\/2022\\\/04\\\/logo.svg\",\"width\":131,\"height\":70,\"caption\":\"RetailDetail BE\"},\"image\":{\"@id\":\"https:\\\/\\\/www.retaildetail.be\\\/nl\\\/#\\\/schema\\\/logo\\\/image\\\/\"}},{\"@type\":\"Person\",\"@id\":\"https:\\\/\\\/www.retaildetail.be\\\/nl\\\/#\\\/schema\\\/person\\\/66b54803fa10759039079458ea89e307\",\"name\":\"Pauline Neerman\",\"image\":{\"@type\":\"ImageObject\",\"inLanguage\":\"fr-FR\",\"@id\":\"https:\\\/\\\/secure.gravatar.com\\\/avatar\\\/58db22aee589a691f9603e5765ac06010427a923f9b2728b951eb7fe27214d70?s=96&d=mm&r=g\",\"url\":\"https:\\\/\\\/secure.gravatar.com\\\/avatar\\\/58db22aee589a691f9603e5765ac06010427a923f9b2728b951eb7fe27214d70?s=96&d=mm&r=g\",\"contentUrl\":\"https:\\\/\\\/secure.gravatar.com\\\/avatar\\\/58db22aee589a691f9603e5765ac06010427a923f9b2728b951eb7fe27214d70?s=96&d=mm&r=g\",\"caption\":\"Pauline Neerman\"},\"url\":\"https:\\\/\\\/www.retaildetail.be\\\/fr\\\/author\\\/paulineneerman\\\/\"}]}<\/script>\n<!-- \/ Yoast SEO plugin. -->","yoast_head_json":{"title":"Waste Warriors s'en prend aux normes de poids des supermarch\u00e9s : \u00ab Un dixi\u00e8me de la r\u00e9colte reste invendue \u00bb - RetailDetail BE","robots":{"index":"index","follow":"follow","max-snippet":"max-snippet:-1","max-image-preview":"max-image-preview:large","max-video-preview":"max-video-preview:-1"},"canonical":"https:\/\/www.retaildetail.be\/fr\/news\/food\/waste-warriors-sen-prend-aux-normes-de-poids-des-supermarches-un-dixieme-de-la-recolte-flamande-reste-invendue\/","og_locale":"fr_FR","og_type":"article","og_title":"Waste Warriors s'en prend aux normes de poids des supermarch\u00e9s : \u00ab Un dixi\u00e8me de la r\u00e9colte reste invendue \u00bb - RetailDetail BE","og_description":"Selon Waste Warriors, des exigences strictes en mati\u00e8re de poids et d'aspect rendent chaque ann\u00e9e pr\u00e8s de 120 millions de kilos de fruits et l\u00e9gumes flamands invendables. L'organisation appelle les cha\u00eenes de supermarch\u00e9s \u00e0 assouplir leurs normes et lance une p\u00e9tition qui doit recueillir au moins 10 000 signatures.","og_url":"https:\/\/www.retaildetail.be\/fr\/news\/food\/waste-warriors-sen-prend-aux-normes-de-poids-des-supermarches-un-dixieme-de-la-recolte-flamande-reste-invendue\/","og_site_name":"RetailDetail BE","article_published_time":"2026-08-31T14:30:01+00:00","article_modified_time":"2026-08-31T14:30:02+00:00","og_image":[{"width":2048,"height":1536,"url":"https:\/\/www.retaildetail.be\/wp-content\/uploads\/2026\/08\/waste-warriors-schiltz.jpg","type":"image\/jpeg"}],"author":"Pauline Neerman","twitter_card":"summary_large_image","twitter_misc":{"\u00c9crit par":"Pauline Neerman","Dur\u00e9e de lecture estim\u00e9e":"3 minutes"},"schema":{"@context":"https:\/\/schema.org","@graph":[{"@type":"NewsArticle","@id":"https:\/\/www.retaildetail.be\/fr\/news\/food\/waste-warriors-sen-prend-aux-normes-de-poids-des-supermarches-un-dixieme-de-la-recolte-flamande-reste-invendue\/#article","isPartOf":{"@id":"https:\/\/www.retaildetail.be\/fr\/news\/food\/waste-warriors-sen-prend-aux-normes-de-poids-des-supermarches-un-dixieme-de-la-recolte-flamande-reste-invendue\/"},"author":{"name":"Pauline Neerman","@id":"https:\/\/www.retaildetail.be\/nl\/#\/schema\/person\/66b54803fa10759039079458ea89e307"},"headline":"Waste Warriors s&rsquo;en prend aux normes de poids des supermarch\u00e9s : \u00ab Un dixi\u00e8me de la r\u00e9colte reste invendue \u00bb","datePublished":"2026-08-31T14:30:01+00:00","dateModified":"2026-08-31T14:30:02+00:00","mainEntityOfPage":{"@id":"https:\/\/www.retaildetail.be\/fr\/news\/food\/waste-warriors-sen-prend-aux-normes-de-poids-des-supermarches-un-dixieme-de-la-recolte-flamande-reste-invendue\/"},"wordCount":569,"publisher":{"@id":"https:\/\/www.retaildetail.be\/nl\/#organization"},"image":{"@id":"https:\/\/www.retaildetail.be\/fr\/news\/food\/waste-warriors-sen-prend-aux-normes-de-poids-des-supermarches-un-dixieme-de-la-recolte-flamande-reste-invendue\/#primaryimage"},"thumbnailUrl":"https:\/\/www.retaildetail.be\/wp-content\/uploads\/2026\/08\/waste-warriors-schiltz.jpg","keywords":["gaspillage"],"articleSection":["Food","Food"],"inLanguage":"fr-FR","copyrightYear":"2026","copyrightHolder":{"@id":"https:\/\/www.retaildetail.be\/#organization"}},{"@type":"WebPage","@id":"https:\/\/www.retaildetail.be\/fr\/news\/food\/waste-warriors-sen-prend-aux-normes-de-poids-des-supermarches-un-dixieme-de-la-recolte-flamande-reste-invendue\/","url":"https:\/\/www.retaildetail.be\/fr\/news\/food\/waste-warriors-sen-prend-aux-normes-de-poids-des-supermarches-un-dixieme-de-la-recolte-flamande-reste-invendue\/","name":"Waste Warriors s'en prend aux normes de poids des supermarch\u00e9s : \u00ab Un dixi\u00e8me de la r\u00e9colte reste invendue \u00bb - RetailDetail BE","isPartOf":{"@id":"https:\/\/www.retaildetail.be\/nl\/#website"},"primaryImageOfPage":{"@id":"https:\/\/www.retaildetail.be\/fr\/news\/food\/waste-warriors-sen-prend-aux-normes-de-poids-des-supermarches-un-dixieme-de-la-recolte-flamande-reste-invendue\/#primaryimage"},"image":{"@id":"https:\/\/www.retaildetail.be\/fr\/news\/food\/waste-warriors-sen-prend-aux-normes-de-poids-des-supermarches-un-dixieme-de-la-recolte-flamande-reste-invendue\/#primaryimage"},"thumbnailUrl":"https:\/\/www.retaildetail.be\/wp-content\/uploads\/2026\/08\/waste-warriors-schiltz.jpg","datePublished":"2026-08-31T14:30:01+00:00","dateModified":"2026-08-31T14:30:02+00:00","breadcrumb":{"@id":"https:\/\/www.retaildetail.be\/fr\/news\/food\/waste-warriors-sen-prend-aux-normes-de-poids-des-supermarches-un-dixieme-de-la-recolte-flamande-reste-invendue\/#breadcrumb"},"inLanguage":"fr-FR","potentialAction":[{"@type":"ReadAction","target":["https:\/\/www.retaildetail.be\/fr\/news\/food\/waste-warriors-sen-prend-aux-normes-de-poids-des-supermarches-un-dixieme-de-la-recolte-flamande-reste-invendue\/"]}]},{"@type":"ImageObject","inLanguage":"fr-FR","@id":"https:\/\/www.retaildetail.be\/fr\/news\/food\/waste-warriors-sen-prend-aux-normes-de-poids-des-supermarches-un-dixieme-de-la-recolte-flamande-reste-invendue\/#primaryimage","url":"https:\/\/www.retaildetail.be\/wp-content\/uploads\/2026\/08\/waste-warriors-schiltz.jpg","contentUrl":"https:\/\/www.retaildetail.be\/wp-content\/uploads\/2026\/08\/waste-warriors-schiltz.jpg","width":2048,"height":1536},{"@type":"BreadcrumbList","@id":"https:\/\/www.retaildetail.be\/fr\/news\/food\/waste-warriors-sen-prend-aux-normes-de-poids-des-supermarches-un-dixieme-de-la-recolte-flamande-reste-invendue\/#breadcrumb","itemListElement":[{"@type":"ListItem","position":1,"name":"Home","item":"https:\/\/www.retaildetail.be\/fr\/"},{"@type":"ListItem","position":2,"name":"Waste Warriors s&#8217;en prend aux normes de poids des supermarch\u00e9s : \u00ab Un dixi\u00e8me de la r\u00e9colte reste invendue \u00bb"}]},{"@type":"WebSite","@id":"https:\/\/www.retaildetail.be\/nl\/#website","url":"https:\/\/www.retaildetail.be\/nl\/","name":"RetailDetail BE","description":"News","publisher":{"@id":"https:\/\/www.retaildetail.be\/nl\/#organization"},"potentialAction":[{"@type":"SearchAction","target":{"@type":"EntryPoint","urlTemplate":"https:\/\/www.retaildetail.be\/nl\/?s={search_term_string}"},"query-input":{"@type":"PropertyValueSpecification","valueRequired":true,"valueName":"search_term_string"}}],"inLanguage":"fr-FR"},{"@type":"Organization","@id":"https:\/\/www.retaildetail.be\/nl\/#organization","name":"RetailDetail BE","url":"https:\/\/www.retaildetail.be\/nl\/","logo":{"@type":"ImageObject","inLanguage":"fr-FR","@id":"https:\/\/www.retaildetail.be\/nl\/#\/schema\/logo\/image\/","url":"https:\/\/www.retaildetail.be\/wp-content\/uploads\/2022\/04\/logo.svg","contentUrl":"https:\/\/www.retaildetail.be\/wp-content\/uploads\/2022\/04\/logo.svg","width":131,"height":70,"caption":"RetailDetail BE"},"image":{"@id":"https:\/\/www.retaildetail.be\/nl\/#\/schema\/logo\/image\/"}},{"@type":"Person","@id":"https:\/\/www.retaildetail.be\/nl\/#\/schema\/person\/66b54803fa10759039079458ea89e307","name":"Pauline Neerman","image":{"@type":"ImageObject","inLanguage":"fr-FR","@id":"https:\/\/secure.gravatar.com\/avatar\/58db22aee589a691f9603e5765ac06010427a923f9b2728b951eb7fe27214d70?s=96&d=mm&r=g","url":"https:\/\/secure.gravatar.com\/avatar\/58db22aee589a691f9603e5765ac06010427a923f9b2728b951eb7fe27214d70?s=96&d=mm&r=g","contentUrl":"https:\/\/secure.gravatar.com\/avatar\/58db22aee589a691f9603e5765ac06010427a923f9b2728b951eb7fe27214d70?s=96&d=mm&r=g","caption":"Pauline Neerman"},"url":"https:\/\/www.retaildetail.be\/fr\/author\/paulineneerman\/"}]}},"jetpack_featured_media_url":"https:\/\/www.retaildetail.be\/wp-content\/uploads\/2026\/08\/waste-warriors-schiltz.jpg","jetpack_sharing_enabled":true,"_links":{"self":[{"href":"https:\/\/www.retaildetail.be\/fr\/wp-json\/wp\/v2\/posts\/154408","targetHints":{"allow":["GET"]}}],"collection":[{"href":"https:\/\/www.retaildetail.be\/fr\/wp-json\/wp\/v2\/posts"}],"about":[{"href":"https:\/\/www.retaildetail.be\/fr\/wp-json\/wp\/v2\/types\/post"}],"author":[{"embeddable":true,"href":"https:\/\/www.retaildetail.be\/fr\/wp-json\/wp\/v2\/users\/5"}],"replies":[{"embeddable":true,"href":"https:\/\/www.retaildetail.be\/fr\/wp-json\/wp\/v2\/comments?post=154408"}],"version-history":[{"count":1,"href":"https:\/\/www.retaildetail.be\/fr\/wp-json\/wp\/v2\/posts\/154408\/revisions"}],"predecessor-version":[{"id":154411,"href":"https:\/\/www.retaildetail.be\/fr\/wp-json\/wp\/v2\/posts\/154408\/revisions\/154411"}],"wp:featuredmedia":[{"embeddable":true,"href":"https:\/\/www.retaildetail.be\/fr\/wp-json\/wp\/v2\/media\/154410"}],"wp:attachment":[{"href":"https:\/\/www.retaildetail.be\/fr\/wp-json\/wp\/v2\/media?parent=154408"}],"wp:term":[{"taxonomy":"category","embeddable":true,"href":"https:\/\/www.retaildetail.be\/fr\/wp-json\/wp\/v2\/categories?post=154408"},{"taxonomy":"post_tag","embeddable":true,"href":"https:\/\/www.retaildetail.be\/fr\/wp-json\/wp\/v2\/tags?post=154408"},{"taxonomy":"people","embeddable":true,"href":"https:\/\/www.retaildetail.be\/fr\/wp-json\/wp\/v2\/people?post=154408"},{"taxonomy":"extra","embeddable":true,"href":"https:\/\/www.retaildetail.be\/fr\/wp-json\/wp\/v2\/extra?post=154408"},{"taxonomy":"company","embeddable":true,"href":"https:\/\/www.retaildetail.be\/fr\/wp-json\/wp\/v2\/company?post=154408"},{"taxonomy":"topic","embeddable":true,"href":"https:\/\/www.retaildetail.be\/fr\/wp-json\/wp\/v2\/topic?post=154408"},{"taxonomy":"region","embeddable":true,"href":"https:\/\/www.retaildetail.be\/fr\/wp-json\/wp\/v2\/region?post=154408"}],"curies":[{"name":"wp","href":"https:\/\/api.w.org\/{rel}","templated":true}]}}